{"id":120384,"date":"2016-11-01T08:51:18","date_gmt":"2016-11-01T10:51:18","guid":{"rendered":"http:\/\/www.notibras.com\/site\/?p=120384"},"modified":"2016-11-01T08:51:18","modified_gmt":"2016-11-01T10:51:18","slug":"nada-de-novo-nos-ceus-alem-dos-avioes-de-carreira","status":"publish","type":"post","link":"https:\/\/www.notibras.com\/site\/nada-de-novo-nos-ceus-alem-dos-avioes-de-carreira\/","title":{"rendered":"Nada de novo nos c\u00e9us, al\u00e9m dos avi\u00f5es de carreira"},"content":{"rendered":"<p><strong>Leonardo Mota Neto<\/strong><\/p>\n<p>O pai do prefeito eleito de Porto Alegre, Nelson Marchezan, deputado federal na era do regime militar, foi protagonista de uma das opera\u00e7\u00f5es pol\u00edticas mais complexas de que se tem not\u00edcia nos bastidores de Brasilia.<\/p>\n<p>Tamb\u00e9m ingressou no folclore por causa da engenharia que o envolveu. Sobretudo, a engenharia a\u00e9rea.<\/p>\n<p>Eleito deputado federal em 1974 e repetindo em 1978, o ga\u00facho Nelson Marchezan tornou-se membro da copa e cozinha do presidente Jo\u00e3o Figueiredo, que chegou a cogitar no nome dele para seu sucessor na Presid\u00eancia da Rep\u00fablica, o primeiro civil.<\/p>\n<p>Tudo por causa do seu temperamento afogueado de gauchismo. Um excelente tribuno e ardoroso defensor do regime militar em seus discursos.<\/p>\n<p>Figueiredo destinou-lhe uma miss\u00e3o: seu governo vivia o risco de perder o comando da C\u00e2mara dos Deputados para um pol\u00edtico &#8211; o potiguar Djalma Marinho -considerado tolerante demais com as esquerdas.<\/p>\n<p>Marchezan, que havia migrado da Arena para o PDS, presidido por Jos\u00e9 Sarney, foi o nome escolhido para enfrent\u00e1-lo. Isso foi no come\u00e7o de 81. Os mais experientes calculadores de vota\u00e7\u00f5es no plen\u00e1rio da C\u00e2mara acusavam um panorama indefinido. Pau a pau.<\/p>\n<p>A vota\u00e7\u00e3o estava marcada para uma segunda-feira. O governo precisava a esvaziar a presen\u00e7a maci\u00e7a da bancada do Nordeste simp\u00e1tica a Djalma. O que fizeram Sarney e seus articuladores do PDS e do Pal\u00e1cio do Planalto?<\/p>\n<p>Fizeram um acordo por debaixo dos panos com as companhias a\u00e9reas: que os avi\u00f5es que vinham do Nordeste para Brasilia sofressem atrasos por algum motivo alegado, t\u00e9cnico, \u201coverbook\u201d ou clim\u00e1tico.<\/p>\n<p>E assim foi feito. Nunca se viu tantos atrasos em voos num s\u00f3 dia. Os pol\u00edticos se agitavam, presos a bordo dos avi\u00f5es nas pistas dos aeroportos.<\/p>\n<p>Marchezan foi eleito, gra\u00e7as aos avi\u00f5es de carreira de que j\u00e1 falava o Bar\u00e3o de Itarar\u00e9:<\/p>\n<p>\u2013 Nada de novo nos c\u00e9us, al\u00e9m dos avi\u00f5es de carreira\u2026<\/p>\n","protected":false},"excerpt":{"rendered":"<p>Leonardo Mota Neto O pai do prefeito eleito de Porto Alegre, Nelson Marchezan, deputado federal na era do regime militar, foi protagonista de uma das opera\u00e7\u00f5es pol\u00edticas mais complexas de que se tem not\u00edcia nos bastidores de Brasilia. Tamb\u00e9m ingressou no folclore por causa da engenharia que o envolveu. Sobretudo, a engenharia a\u00e9rea. Eleito deputado [&hellip;]<\/p>\n","protected":false},"author":2,"featured_media":120385,"comment_status":"open","ping_status":"closed","sticky":false,"template":"","format":"standard","meta":{"_acf_changed":false,"footnotes":""},"categories":[25],"tags":[],"class_list":["post-120384","post","type-post","status-publish","format-standard","has-post-thumbnail","hentry","category-opina-ai"],"acf":[],"yoast_head":"<!-- This site is optimized with the Yoast SEO plugin v27.5 - https:\/\/yoast.com\/product\/yoast-seo-wordpress\/ -->\n<title>Nada de novo nos c\u00e9us, al\u00e9m dos avi\u00f5es de carreira - Notibras<\/title>\n<meta name=\"robots\" content=\"index, follow, max-snippet:-1, max-image-preview:large, max-video-preview:-1\" \/>\n<link rel=\"canonical\" href=\"https:\/\/www.notibras.com\/site\/nada-de-novo-nos-ceus-alem-dos-avioes-de-carreira\/\" \/>\n<meta property=\"og:locale\" content=\"pt_BR\" \/>\n<meta property=\"og:type\" content=\"article\" \/>\n<meta property=\"og:title\" content=\"Nada de novo nos c\u00e9us, al\u00e9m dos avi\u00f5es de carreira - Notibras\" \/>\n<meta property=\"og:description\" content=\"Leonardo Mota Neto O pai do prefeito eleito de Porto Alegre, Nelson Marchezan, deputado federal na era do regime militar, foi protagonista de uma das opera\u00e7\u00f5es pol\u00edticas mais complexas de que se tem not\u00edcia nos bastidores de Brasilia. Tamb\u00e9m ingressou no folclore por causa da engenharia que o envolveu. Sobretudo, a engenharia a\u00e9rea. Eleito deputado [&hellip;]\" \/>\n<meta property=\"og:url\" content=\"https:\/\/www.notibras.com\/site\/nada-de-novo-nos-ceus-alem-dos-avioes-de-carreira\/\" \/>\n<meta property=\"og:site_name\" content=\"Notibras\" \/>\n<meta property=\"article:publisher\" content=\"https:\/\/www.facebook.com\/notibras\/\" \/>\n<meta property=\"article:published_time\" content=\"2016-11-01T10:51:18+00:00\" \/>\n<meta property=\"og:image\" content=\"https:\/\/www.notibras.com\/site\/wp-content\/uploads\/2016\/11\/21112868.jpg\" \/>\n\t<meta property=\"og:image:width\" content=\"640\" \/>\n\t<meta property=\"og:image:height\" content=\"426\" \/>\n\t<meta property=\"og:image:type\" content=\"image\/jpeg\" \/>\n<meta name=\"author\" content=\"Reda\u00e7\u00e3o\" \/>\n<meta name=\"twitter:card\" content=\"summary_large_image\" \/>\n<meta name=\"twitter:creator\" content=\"@Notibras\" \/>\n<meta name=\"twitter:site\" content=\"@Notibras\" \/>\n<meta name=\"twitter:label1\" content=\"Escrito por\" \/>\n\t<meta name=\"twitter:data1\" content=\"Reda\u00e7\u00e3o\" \/>\n\t<meta name=\"twitter:label2\" content=\"Est. tempo de leitura\" \/>\n\t<meta name=\"twitter:data2\" content=\"2 minutos\" \/>\n<script type=\"application\/ld+json\" class=\"yoast-schema-graph\">{\"@context\":\"https:\\\/\\\/schema.org\",\"@graph\":[{\"@type\":\"Article\",\"@id\":\"https:\\\/\\\/www.notibras.com\\\/site\\\/nada-de-novo-nos-ceus-alem-dos-avioes-de-carreira\\\/#article\",\"isPartOf\":{\"@id\":\"https:\\\/\\\/www.notibras.com\\\/site\\\/nada-de-novo-nos-ceus-alem-dos-avioes-de-carreira\\\/\"},\"author\":{\"name\":\"Reda\u00e7\u00e3o\",\"@id\":\"https:\\\/\\\/www.notibras.com\\\/site\\\/#\\\/schema\\\/person\\\/36ab0979449956132d3e5b517ea76ac8\"},\"headline\":\"Nada de novo nos c\u00e9us, al\u00e9m dos avi\u00f5es de carreira\",\"datePublished\":\"2016-11-01T10:51:18+00:00\",\"mainEntityOfPage\":{\"@id\":\"https:\\\/\\\/www.notibras.com\\\/site\\\/nada-de-novo-nos-ceus-alem-dos-avioes-de-carreira\\\/\"},\"wordCount\":350,\"commentCount\":0,\"publisher\":{\"@id\":\"https:\\\/\\\/www.notibras.com\\\/site\\\/#organization\"},\"image\":{\"@id\":\"https:\\\/\\\/www.notibras.com\\\/site\\\/nada-de-novo-nos-ceus-alem-dos-avioes-de-carreira\\\/#primaryimage\"},\"thumbnailUrl\":\"https:\\\/\\\/www.notibras.com\\\/site\\\/wp-content\\\/uploads\\\/2016\\\/11\\\/21112868.jpg\",\"articleSection\":[\"Opina a\u00ed\"],\"inLanguage\":\"pt-BR\",\"potentialAction\":[{\"@type\":\"CommentAction\",\"name\":\"Comment\",\"target\":[\"https:\\\/\\\/www.notibras.com\\\/site\\\/nada-de-novo-nos-ceus-alem-dos-avioes-de-carreira\\\/#respond\"]}]},{\"@type\":\"WebPage\",\"@id\":\"https:\\\/\\\/www.notibras.com\\\/site\\\/nada-de-novo-nos-ceus-alem-dos-avioes-de-carreira\\\/\",\"url\":\"https:\\\/\\\/www.notibras.com\\\/site\\\/nada-de-novo-nos-ceus-alem-dos-avioes-de-carreira\\\/\",\"name\":\"Nada de novo nos c\u00e9us, al\u00e9m dos avi\u00f5es de carreira - Notibras\",\"isPartOf\":{\"@id\":\"https:\\\/\\\/www.notibras.com\\\/site\\\/#website\"},\"primaryImageOfPage\":{\"@id\":\"https:\\\/\\\/www.notibras.com\\\/site\\\/nada-de-novo-nos-ceus-alem-dos-avioes-de-carreira\\\/#primaryimage\"},\"image\":{\"@id\":\"https:\\\/\\\/www.notibras.com\\\/site\\\/nada-de-novo-nos-ceus-alem-dos-avioes-de-carreira\\\/#primaryimage\"},\"thumbnailUrl\":\"https:\\\/\\\/www.notibras.com\\\/site\\\/wp-content\\\/uploads\\\/2016\\\/11\\\/21112868.jpg\",\"datePublished\":\"2016-11-01T10:51:18+00:00\",\"breadcrumb\":{\"@id\":\"https:\\\/\\\/www.notibras.com\\\/site\\\/nada-de-novo-nos-ceus-alem-dos-avioes-de-carreira\\\/#breadcrumb\"},\"inLanguage\":\"pt-BR\",\"potentialAction\":[{\"@type\":\"ReadAction\",\"target\":[\"https:\\\/\\\/www.notibras.com\\\/site\\\/nada-de-novo-nos-ceus-alem-dos-avioes-de-carreira\\\/\"]}]},{\"@type\":\"ImageObject\",\"inLanguage\":\"pt-BR\",\"@id\":\"https:\\\/\\\/www.notibras.com\\\/site\\\/nada-de-novo-nos-ceus-alem-dos-avioes-de-carreira\\\/#primaryimage\",\"url\":\"https:\\\/\\\/www.notibras.com\\\/site\\\/wp-content\\\/uploads\\\/2016\\\/11\\\/21112868.jpg\",\"contentUrl\":\"https:\\\/\\\/www.notibras.com\\\/site\\\/wp-content\\\/uploads\\\/2016\\\/11\\\/21112868.jpg\",\"width\":640,\"height\":426},{\"@type\":\"BreadcrumbList\",\"@id\":\"https:\\\/\\\/www.notibras.com\\\/site\\\/nada-de-novo-nos-ceus-alem-dos-avioes-de-carreira\\\/#breadcrumb\",\"itemListElement\":[{\"@type\":\"ListItem\",\"position\":1,\"name\":\"In\u00edcio\",\"item\":\"https:\\\/\\\/www.notibras.com\\\/site\\\/\"},{\"@type\":\"ListItem\",\"position\":2,\"name\":\"Nada de novo nos c\u00e9us, al\u00e9m dos avi\u00f5es de carreira\"}]},{\"@type\":\"WebSite\",\"@id\":\"https:\\\/\\\/www.notibras.com\\\/site\\\/#website\",\"url\":\"https:\\\/\\\/www.notibras.com\\\/site\\\/\",\"name\":\"Notibras\",\"description\":\"Not\u00edcias de Bras\u00edlia, do Brasil e do Mundo\",\"publisher\":{\"@id\":\"https:\\\/\\\/www.notibras.com\\\/site\\\/#organization\"},\"potentialAction\":[{\"@type\":\"SearchAction\",\"target\":{\"@type\":\"EntryPoint\",\"urlTemplate\":\"https:\\\/\\\/www.notibras.com\\\/site\\\/?s={search_term_string}\"},\"query-input\":{\"@type\":\"PropertyValueSpecification\",\"valueRequired\":true,\"valueName\":\"search_term_string\"}}],\"inLanguage\":\"pt-BR\"},{\"@type\":\"Organization\",\"@id\":\"https:\\\/\\\/www.notibras.com\\\/site\\\/#organization\",\"name\":\"Grupo Notibras de Comunica\u00e7\u00e3o\",\"url\":\"https:\\\/\\\/www.notibras.com\\\/site\\\/\",\"logo\":{\"@type\":\"ImageObject\",\"inLanguage\":\"pt-BR\",\"@id\":\"https:\\\/\\\/www.notibras.com\\\/site\\\/#\\\/schema\\\/logo\\\/image\\\/\",\"url\":\"https:\\\/\\\/www.notibras.com\\\/site\\\/wp-content\\\/uploads\\\/2023\\\/01\\\/notibras23.png\",\"contentUrl\":\"https:\\\/\\\/www.notibras.com\\\/site\\\/wp-content\\\/uploads\\\/2023\\\/01\\\/notibras23.png\",\"width\":350,\"height\":87,\"caption\":\"Grupo Notibras de Comunica\u00e7\u00e3o\"},\"image\":{\"@id\":\"https:\\\/\\\/www.notibras.com\\\/site\\\/#\\\/schema\\\/logo\\\/image\\\/\"},\"sameAs\":[\"https:\\\/\\\/www.facebook.com\\\/notibras\\\/\",\"https:\\\/\\\/x.com\\\/Notibras\",\"https:\\\/\\\/www.instagram.com\\\/notibras\\\/\"]},{\"@type\":\"Person\",\"@id\":\"https:\\\/\\\/www.notibras.com\\\/site\\\/#\\\/schema\\\/person\\\/36ab0979449956132d3e5b517ea76ac8\",\"name\":\"Reda\u00e7\u00e3o\",\"image\":{\"@type\":\"ImageObject\",\"inLanguage\":\"pt-BR\",\"@id\":\"https:\\\/\\\/secure.gravatar.com\\\/avatar\\\/e0a867bdedb85fd243eadf09663511f96fc81e0720a4a42581f334ad4303aa6b?s=96&d=mm&r=g\",\"url\":\"https:\\\/\\\/secure.gravatar.com\\\/avatar\\\/e0a867bdedb85fd243eadf09663511f96fc81e0720a4a42581f334ad4303aa6b?s=96&d=mm&r=g\",\"contentUrl\":\"https:\\\/\\\/secure.gravatar.com\\\/avatar\\\/e0a867bdedb85fd243eadf09663511f96fc81e0720a4a42581f334ad4303aa6b?s=96&d=mm&r=g\",\"caption\":\"Reda\u00e7\u00e3o\"}}]}<\/script>\n<!-- \/ Yoast SEO plugin. -->","yoast_head_json":{"title":"Nada de novo nos c\u00e9us, al\u00e9m dos avi\u00f5es de carreira - Notibras","robots":{"index":"index","follow":"follow","max-snippet":"max-snippet:-1","max-image-preview":"max-image-preview:large","max-video-preview":"max-video-preview:-1"},"canonical":"https:\/\/www.notibras.com\/site\/nada-de-novo-nos-ceus-alem-dos-avioes-de-carreira\/","og_locale":"pt_BR","og_type":"article","og_title":"Nada de novo nos c\u00e9us, al\u00e9m dos avi\u00f5es de carreira - Notibras","og_description":"Leonardo Mota Neto O pai do prefeito eleito de Porto Alegre, Nelson Marchezan, deputado federal na era do regime militar, foi protagonista de uma das opera\u00e7\u00f5es pol\u00edticas mais complexas de que se tem not\u00edcia nos bastidores de Brasilia. Tamb\u00e9m ingressou no folclore por causa da engenharia que o envolveu. Sobretudo, a engenharia a\u00e9rea. Eleito deputado [&hellip;]","og_url":"https:\/\/www.notibras.com\/site\/nada-de-novo-nos-ceus-alem-dos-avioes-de-carreira\/","og_site_name":"Notibras","article_publisher":"https:\/\/www.facebook.com\/notibras\/","article_published_time":"2016-11-01T10:51:18+00:00","og_image":[{"width":640,"height":426,"url":"https:\/\/www.notibras.com\/site\/wp-content\/uploads\/2016\/11\/21112868.jpg","type":"image\/jpeg"}],"author":"Reda\u00e7\u00e3o","twitter_card":"summary_large_image","twitter_creator":"@Notibras","twitter_site":"@Notibras","twitter_misc":{"Escrito por":"Reda\u00e7\u00e3o","Est. tempo de leitura":"2 minutos"},"schema":{"@context":"https:\/\/schema.org","@graph":[{"@type":"Article","@id":"https:\/\/www.notibras.com\/site\/nada-de-novo-nos-ceus-alem-dos-avioes-de-carreira\/#article","isPartOf":{"@id":"https:\/\/www.notibras.com\/site\/nada-de-novo-nos-ceus-alem-dos-avioes-de-carreira\/"},"author":{"name":"Reda\u00e7\u00e3o","@id":"https:\/\/www.notibras.com\/site\/#\/schema\/person\/36ab0979449956132d3e5b517ea76ac8"},"headline":"Nada de novo nos c\u00e9us, al\u00e9m dos avi\u00f5es de carreira","datePublished":"2016-11-01T10:51:18+00:00","mainEntityOfPage":{"@id":"https:\/\/www.notibras.com\/site\/nada-de-novo-nos-ceus-alem-dos-avioes-de-carreira\/"},"wordCount":350,"commentCount":0,"publisher":{"@id":"https:\/\/www.notibras.com\/site\/#organization"},"image":{"@id":"https:\/\/www.notibras.com\/site\/nada-de-novo-nos-ceus-alem-dos-avioes-de-carreira\/#primaryimage"},"thumbnailUrl":"https:\/\/www.notibras.com\/site\/wp-content\/uploads\/2016\/11\/21112868.jpg","articleSection":["Opina a\u00ed"],"inLanguage":"pt-BR","potentialAction":[{"@type":"CommentAction","name":"Comment","target":["https:\/\/www.notibras.com\/site\/nada-de-novo-nos-ceus-alem-dos-avioes-de-carreira\/#respond"]}]},{"@type":"WebPage","@id":"https:\/\/www.notibras.com\/site\/nada-de-novo-nos-ceus-alem-dos-avioes-de-carreira\/","url":"https:\/\/www.notibras.com\/site\/nada-de-novo-nos-ceus-alem-dos-avioes-de-carreira\/","name":"Nada de novo nos c\u00e9us, al\u00e9m dos avi\u00f5es de carreira - Notibras","isPartOf":{"@id":"https:\/\/www.notibras.com\/site\/#website"},"primaryImageOfPage":{"@id":"https:\/\/www.notibras.com\/site\/nada-de-novo-nos-ceus-alem-dos-avioes-de-carreira\/#primaryimage"},"image":{"@id":"https:\/\/www.notibras.com\/site\/nada-de-novo-nos-ceus-alem-dos-avioes-de-carreira\/#primaryimage"},"thumbnailUrl":"https:\/\/www.notibras.com\/site\/wp-content\/uploads\/2016\/11\/21112868.jpg","datePublished":"2016-11-01T10:51:18+00:00","breadcrumb":{"@id":"https:\/\/www.notibras.com\/site\/nada-de-novo-nos-ceus-alem-dos-avioes-de-carreira\/#breadcrumb"},"inLanguage":"pt-BR","potentialAction":[{"@type":"ReadAction","target":["https:\/\/www.notibras.com\/site\/nada-de-novo-nos-ceus-alem-dos-avioes-de-carreira\/"]}]},{"@type":"ImageObject","inLanguage":"pt-BR","@id":"https:\/\/www.notibras.com\/site\/nada-de-novo-nos-ceus-alem-dos-avioes-de-carreira\/#primaryimage","url":"https:\/\/www.notibras.com\/site\/wp-content\/uploads\/2016\/11\/21112868.jpg","contentUrl":"https:\/\/www.notibras.com\/site\/wp-content\/uploads\/2016\/11\/21112868.jpg","width":640,"height":426},{"@type":"BreadcrumbList","@id":"https:\/\/www.notibras.com\/site\/nada-de-novo-nos-ceus-alem-dos-avioes-de-carreira\/#breadcrumb","itemListElement":[{"@type":"ListItem","position":1,"name":"In\u00edcio","item":"https:\/\/www.notibras.com\/site\/"},{"@type":"ListItem","position":2,"name":"Nada de novo nos c\u00e9us, al\u00e9m dos avi\u00f5es de carreira"}]},{"@type":"WebSite","@id":"https:\/\/www.notibras.com\/site\/#website","url":"https:\/\/www.notibras.com\/site\/","name":"Notibras","description":"Not\u00edcias de Bras\u00edlia, do Brasil e do Mundo","publisher":{"@id":"https:\/\/www.notibras.com\/site\/#organization"},"potentialAction":[{"@type":"SearchAction","target":{"@type":"EntryPoint","urlTemplate":"https:\/\/www.notibras.com\/site\/?s={search_term_string}"},"query-input":{"@type":"PropertyValueSpecification","valueRequired":true,"valueName":"search_term_string"}}],"inLanguage":"pt-BR"},{"@type":"Organization","@id":"https:\/\/www.notibras.com\/site\/#organization","name":"Grupo Notibras de Comunica\u00e7\u00e3o","url":"https:\/\/www.notibras.com\/site\/","logo":{"@type":"ImageObject","inLanguage":"pt-BR","@id":"https:\/\/www.notibras.com\/site\/#\/schema\/logo\/image\/","url":"https:\/\/www.notibras.com\/site\/wp-content\/uploads\/2023\/01\/notibras23.png","contentUrl":"https:\/\/www.notibras.com\/site\/wp-content\/uploads\/2023\/01\/notibras23.png","width":350,"height":87,"caption":"Grupo Notibras de Comunica\u00e7\u00e3o"},"image":{"@id":"https:\/\/www.notibras.com\/site\/#\/schema\/logo\/image\/"},"sameAs":["https:\/\/www.facebook.com\/notibras\/","https:\/\/x.com\/Notibras","https:\/\/www.instagram.com\/notibras\/"]},{"@type":"Person","@id":"https:\/\/www.notibras.com\/site\/#\/schema\/person\/36ab0979449956132d3e5b517ea76ac8","name":"Reda\u00e7\u00e3o","image":{"@type":"ImageObject","inLanguage":"pt-BR","@id":"https:\/\/secure.gravatar.com\/avatar\/e0a867bdedb85fd243eadf09663511f96fc81e0720a4a42581f334ad4303aa6b?s=96&d=mm&r=g","url":"https:\/\/secure.gravatar.com\/avatar\/e0a867bdedb85fd243eadf09663511f96fc81e0720a4a42581f334ad4303aa6b?s=96&d=mm&r=g","contentUrl":"https:\/\/secure.gravatar.com\/avatar\/e0a867bdedb85fd243eadf09663511f96fc81e0720a4a42581f334ad4303aa6b?s=96&d=mm&r=g","caption":"Reda\u00e7\u00e3o"}}]}},"amp_enabled":true,"_links":{"self":[{"href":"https:\/\/www.notibras.com\/site\/wp-json\/wp\/v2\/posts\/120384","targetHints":{"allow":["GET"]}}],"collection":[{"href":"https:\/\/www.notibras.com\/site\/wp-json\/wp\/v2\/posts"}],"about":[{"href":"https:\/\/www.notibras.com\/site\/wp-json\/wp\/v2\/types\/post"}],"author":[{"embeddable":true,"href":"https:\/\/www.notibras.com\/site\/wp-json\/wp\/v2\/users\/2"}],"replies":[{"embeddable":true,"href":"https:\/\/www.notibras.com\/site\/wp-json\/wp\/v2\/comments?post=120384"}],"version-history":[{"count":1,"href":"https:\/\/www.notibras.com\/site\/wp-json\/wp\/v2\/posts\/120384\/revisions"}],"predecessor-version":[{"id":120386,"href":"https:\/\/www.notibras.com\/site\/wp-json\/wp\/v2\/posts\/120384\/revisions\/120386"}],"wp:featuredmedia":[{"embeddable":true,"href":"https:\/\/www.notibras.com\/site\/wp-json\/wp\/v2\/media\/120385"}],"wp:attachment":[{"href":"https:\/\/www.notibras.com\/site\/wp-json\/wp\/v2\/media?parent=120384"}],"wp:term":[{"taxonomy":"category","embeddable":true,"href":"https:\/\/www.notibras.com\/site\/wp-json\/wp\/v2\/categories?post=120384"},{"taxonomy":"post_tag","embeddable":true,"href":"https:\/\/www.notibras.com\/site\/wp-json\/wp\/v2\/tags?post=120384"}],"curies":[{"name":"wp","href":"https:\/\/api.w.org\/{rel}","templated":true}]}}