{"id":120555,"date":"2016-11-03T06:36:00","date_gmt":"2016-11-03T08:36:00","guid":{"rendered":"http:\/\/www.notibras.com\/site\/?p=120555"},"modified":"2016-11-03T06:36:00","modified_gmt":"2016-11-03T08:36:00","slug":"policia-civil-passa-por-desmonte-em-todo-o-pais","status":"publish","type":"post","link":"https:\/\/www.notibras.com\/site\/policia-civil-passa-por-desmonte-em-todo-o-pais\/","title":{"rendered":"Pol\u00edcia Civil passa por desmonte em todo o Pa\u00eds"},"content":{"rendered":"<p><strong>Rafael Alcadipani<\/strong><\/p>\n<p>N\u00e3o \u00e9 novidade que diferentes \u00f3rg\u00e3os da imprensa v\u00eam apontando a severa crise que a Pol\u00edcia Civil paulista est\u00e1 passando, tendo a mais recente not\u00edcia sido divulgada no final de outubro.<\/p>\n<p>Fundamentalmente, ao longo da \u00faltima d\u00e9cada, o governo do Estado n\u00e3o tem reposto os policiais das diferentes carreiras na mesma velocidade com que eles se aposentam. Com isso, a for\u00e7a policial est\u00e1 diminuindo a passos largos, e a popula\u00e7\u00e3o sofre os efeitos da falta de pessoal quando precisa das delegacias de pol\u00edcia.<\/p>\n<p>Al\u00e9m disso, o enfraquecimento da pol\u00edcia investigativa faz com que os autores dos crimes n\u00e3o sejam nem identificados nem presos, assim seguindo na criminalidade. N\u00e3o \u00e9 incomum que equipes de investiga\u00e7\u00e3o da capital paulista \u2013que s\u00e3o compostas por 1 delegado, 1 escriv\u00e3o e 2 investigadores\u2013 tenham sob sua responsabilidade mais de 500 inqu\u00e9ritos policiais, sendo humanamente imposs\u00edvel dar seguimento a tantos inqu\u00e9ritos com t\u00e3o pouca gente.<\/p>\n<p>Somam-se os problemas internos da corpora\u00e7\u00e3o com as condi\u00e7\u00f5es de trabalho dos policiais \u2013que sofrem com baixos sal\u00e1rios e fazem &#8220;bicos&#8221; para sustentar suas fam\u00edlias\u2013 e com o grande n\u00famero de carreiras dentro da for\u00e7a. Tais dificuldades da Pol\u00edcia Civil n\u00e3o ficam confinadas ao Estado de S\u00e3o Paulo, mas se repetem em outras regi\u00f5es do Brasil.<\/p>\n<p>Um exemplo disso est\u00e1 no estudo &#8220;O her\u00f3i envergonhado: tens\u00f5es e contradi\u00e7\u00f5es no cotidiano do trabalho policial&#8221;. Conduzido por mim e pela professora Cinthia Rodrigues, da UFU (Universidade Federal de Uberl\u00e2ndia), junto de 305 policiais civis de todo o pa\u00eds e que responderam a um question\u00e1rio online, o estudo mostra que as dificuldades da pol\u00edcia investigativa est\u00e3o presentes em diferentes unidades da federa\u00e7\u00e3o.<\/p>\n<p>A falta de pessoal \u00e9 um problema constante, o excesso de burocracia com que os policiais precisam lidar no trabalho \u00e9 bastante prejudicial para o exerc\u00edcio de suas atividades e a infraestrutura tamb\u00e9m deixa bastante a desejar. Pr\u00e9dios ultrapassados e com pouca manuten\u00e7\u00e3o, delegacias sem o n\u00famero necess\u00e1rio de computadores, viaturas velhas, falta de muni\u00e7\u00e3o, armamento inadequado e forma\u00e7\u00e3o defasada s\u00e3o alguns dos aspectos que fazem com que policiais civis reclamem de suas condi\u00e7\u00f5es de trabalho.<\/p>\n<p>Dentro desse contexto de precariedade, o estudo indicou que os policiais sentem-se envergonhados, especialmente por que consideram que trabalhar na Pol\u00edcia \u00e9 viver com medo, em perigo e se colocando em riscos. Ficou evidenciado tamb\u00e9m que eles n\u00e3o se sentem valorizados pelos gestores p\u00fablicos, pela sociedade, pela legisla\u00e7\u00e3o e pela imprensa.<\/p>\n<p>Uma das consequ\u00eancias desse quadro \u00e9 a exist\u00eancia de um n\u00famero expressivo de policiais que se sentem desmotivados, e as chefias t\u00eam grandes dificuldades em gerar motiva\u00e7\u00e3o entre eles. Em larga medida, muitos policiais est\u00e3o vivendo com a sensa\u00e7\u00e3o de que a sua organiza\u00e7\u00e3o est\u00e1 \u00e0 beira da fal\u00eancia, sendo que a per\u00edcia criminal enfrenta problemas semelhantes.<\/p>\n<p>Se por um lado s\u00e3o compreens\u00edveis as dificuldades financeiras dos Estados em um momento de severa crise econ\u00f4mica, por outro poderiam ser geradas medidas alternativas para que os policiais recebessem benef\u00edcios indiretos, como isen\u00e7\u00e3o de impostos para comprar bens e contrata\u00e7\u00e3o de planos de sa\u00fade.<\/p>\n<p>Al\u00e9m disso, os governos precisam fazer adequadas previs\u00f5es or\u00e7ament\u00e1rias que garantam a reposi\u00e7\u00e3o da m\u00e3o de obra da pol\u00edcia para cobrir as aposentadorias dentro da institui\u00e7\u00e3o. Embora, dada a grave situa\u00e7\u00e3o da seguran\u00e7a p\u00fablica no Brasil, o ideal seria que houvesse um aumento do efetivo.<\/p>\n<p>Tamb\u00e9m \u00e9 urgente que haja uma forma\u00e7\u00e3o s\u00f3lida de gest\u00e3o dentro das pol\u00edcias civis ou at\u00e9 mesmo criar a carreira de gestores p\u00fablicos dentro da for\u00e7a. Muitas das corpora\u00e7\u00f5es do Brasil passam por um desmonte silencioso, e, sob a pena de continuarmos perdendo para o crime, a sociedade precisa cobrar de seus governantes para que tal processo se reverta.<\/p>\n","protected":false},"excerpt":{"rendered":"<p>Rafael Alcadipani N\u00e3o \u00e9 novidade que diferentes \u00f3rg\u00e3os da imprensa v\u00eam apontando a severa crise que a Pol\u00edcia Civil paulista est\u00e1 passando, tendo a mais recente not\u00edcia sido divulgada no final de outubro. Fundamentalmente, ao longo da \u00faltima d\u00e9cada, o governo do Estado n\u00e3o tem reposto os policiais das diferentes carreiras na mesma velocidade com [&hellip;]<\/p>\n","protected":false},"author":2,"featured_media":120556,"comment_status":"open","ping_status":"closed","sticky":false,"template":"","format":"standard","meta":{"_acf_changed":false,"footnotes":""},"categories":[25],"tags":[],"class_list":["post-120555","post","type-post","status-publish","format-standard","has-post-thumbnail","hentry","category-opina-ai"],"acf":[],"yoast_head":"<!-- This site is optimized with the Yoast SEO plugin v27.5 - https:\/\/yoast.com\/product\/yoast-seo-wordpress\/ -->\n<title>Pol\u00edcia Civil passa por desmonte em todo o Pa\u00eds - Notibras<\/title>\n<meta name=\"robots\" content=\"index, follow, max-snippet:-1, max-image-preview:large, max-video-preview:-1\" \/>\n<link rel=\"canonical\" href=\"https:\/\/www.notibras.com\/site\/policia-civil-passa-por-desmonte-em-todo-o-pais\/\" \/>\n<meta property=\"og:locale\" content=\"pt_BR\" \/>\n<meta property=\"og:type\" content=\"article\" \/>\n<meta property=\"og:title\" content=\"Pol\u00edcia Civil passa por desmonte em todo o Pa\u00eds - Notibras\" \/>\n<meta property=\"og:description\" content=\"Rafael Alcadipani N\u00e3o \u00e9 novidade que diferentes \u00f3rg\u00e3os da imprensa v\u00eam apontando a severa crise que a Pol\u00edcia Civil paulista est\u00e1 passando, tendo a mais recente not\u00edcia sido divulgada no final de outubro. Fundamentalmente, ao longo da \u00faltima d\u00e9cada, o governo do Estado n\u00e3o tem reposto os policiais das diferentes carreiras na mesma velocidade com [&hellip;]\" \/>\n<meta property=\"og:url\" content=\"https:\/\/www.notibras.com\/site\/policia-civil-passa-por-desmonte-em-todo-o-pais\/\" \/>\n<meta property=\"og:site_name\" content=\"Notibras\" \/>\n<meta property=\"article:publisher\" content=\"https:\/\/www.facebook.com\/notibras\/\" \/>\n<meta property=\"article:published_time\" content=\"2016-11-03T08:36:00+00:00\" \/>\n<meta property=\"og:image\" content=\"https:\/\/www.notibras.com\/site\/wp-content\/uploads\/2016\/11\/pcp.jpg\" \/>\n\t<meta property=\"og:image:width\" content=\"615\" \/>\n\t<meta property=\"og:image:height\" content=\"300\" \/>\n\t<meta property=\"og:image:type\" content=\"image\/jpeg\" \/>\n<meta name=\"author\" content=\"Reda\u00e7\u00e3o\" \/>\n<meta name=\"twitter:card\" content=\"summary_large_image\" \/>\n<meta name=\"twitter:creator\" content=\"@Notibras\" \/>\n<meta name=\"twitter:site\" content=\"@Notibras\" \/>\n<meta name=\"twitter:label1\" content=\"Escrito por\" \/>\n\t<meta name=\"twitter:data1\" content=\"Reda\u00e7\u00e3o\" \/>\n\t<meta name=\"twitter:label2\" content=\"Est. tempo de leitura\" \/>\n\t<meta name=\"twitter:data2\" content=\"3 minutos\" \/>\n<script type=\"application\/ld+json\" class=\"yoast-schema-graph\">{\"@context\":\"https:\\\/\\\/schema.org\",\"@graph\":[{\"@type\":\"Article\",\"@id\":\"https:\\\/\\\/www.notibras.com\\\/site\\\/policia-civil-passa-por-desmonte-em-todo-o-pais\\\/#article\",\"isPartOf\":{\"@id\":\"https:\\\/\\\/www.notibras.com\\\/site\\\/policia-civil-passa-por-desmonte-em-todo-o-pais\\\/\"},\"author\":{\"name\":\"Reda\u00e7\u00e3o\",\"@id\":\"https:\\\/\\\/www.notibras.com\\\/site\\\/#\\\/schema\\\/person\\\/36ab0979449956132d3e5b517ea76ac8\"},\"headline\":\"Pol\u00edcia Civil passa por desmonte em todo o Pa\u00eds\",\"datePublished\":\"2016-11-03T08:36:00+00:00\",\"mainEntityOfPage\":{\"@id\":\"https:\\\/\\\/www.notibras.com\\\/site\\\/policia-civil-passa-por-desmonte-em-todo-o-pais\\\/\"},\"wordCount\":692,\"commentCount\":0,\"publisher\":{\"@id\":\"https:\\\/\\\/www.notibras.com\\\/site\\\/#organization\"},\"image\":{\"@id\":\"https:\\\/\\\/www.notibras.com\\\/site\\\/policia-civil-passa-por-desmonte-em-todo-o-pais\\\/#primaryimage\"},\"thumbnailUrl\":\"https:\\\/\\\/www.notibras.com\\\/site\\\/wp-content\\\/uploads\\\/2016\\\/11\\\/pcp.jpg\",\"articleSection\":[\"Opina a\u00ed\"],\"inLanguage\":\"pt-BR\",\"potentialAction\":[{\"@type\":\"CommentAction\",\"name\":\"Comment\",\"target\":[\"https:\\\/\\\/www.notibras.com\\\/site\\\/policia-civil-passa-por-desmonte-em-todo-o-pais\\\/#respond\"]}]},{\"@type\":\"WebPage\",\"@id\":\"https:\\\/\\\/www.notibras.com\\\/site\\\/policia-civil-passa-por-desmonte-em-todo-o-pais\\\/\",\"url\":\"https:\\\/\\\/www.notibras.com\\\/site\\\/policia-civil-passa-por-desmonte-em-todo-o-pais\\\/\",\"name\":\"Pol\u00edcia Civil passa por desmonte em todo o Pa\u00eds - Notibras\",\"isPartOf\":{\"@id\":\"https:\\\/\\\/www.notibras.com\\\/site\\\/#website\"},\"primaryImageOfPage\":{\"@id\":\"https:\\\/\\\/www.notibras.com\\\/site\\\/policia-civil-passa-por-desmonte-em-todo-o-pais\\\/#primaryimage\"},\"image\":{\"@id\":\"https:\\\/\\\/www.notibras.com\\\/site\\\/policia-civil-passa-por-desmonte-em-todo-o-pais\\\/#primaryimage\"},\"thumbnailUrl\":\"https:\\\/\\\/www.notibras.com\\\/site\\\/wp-content\\\/uploads\\\/2016\\\/11\\\/pcp.jpg\",\"datePublished\":\"2016-11-03T08:36:00+00:00\",\"breadcrumb\":{\"@id\":\"https:\\\/\\\/www.notibras.com\\\/site\\\/policia-civil-passa-por-desmonte-em-todo-o-pais\\\/#breadcrumb\"},\"inLanguage\":\"pt-BR\",\"potentialAction\":[{\"@type\":\"ReadAction\",\"target\":[\"https:\\\/\\\/www.notibras.com\\\/site\\\/policia-civil-passa-por-desmonte-em-todo-o-pais\\\/\"]}]},{\"@type\":\"ImageObject\",\"inLanguage\":\"pt-BR\",\"@id\":\"https:\\\/\\\/www.notibras.com\\\/site\\\/policia-civil-passa-por-desmonte-em-todo-o-pais\\\/#primaryimage\",\"url\":\"https:\\\/\\\/www.notibras.com\\\/site\\\/wp-content\\\/uploads\\\/2016\\\/11\\\/pcp.jpg\",\"contentUrl\":\"https:\\\/\\\/www.notibras.com\\\/site\\\/wp-content\\\/uploads\\\/2016\\\/11\\\/pcp.jpg\",\"width\":615,\"height\":300},{\"@type\":\"BreadcrumbList\",\"@id\":\"https:\\\/\\\/www.notibras.com\\\/site\\\/policia-civil-passa-por-desmonte-em-todo-o-pais\\\/#breadcrumb\",\"itemListElement\":[{\"@type\":\"ListItem\",\"position\":1,\"name\":\"In\u00edcio\",\"item\":\"https:\\\/\\\/www.notibras.com\\\/site\\\/\"},{\"@type\":\"ListItem\",\"position\":2,\"name\":\"Pol\u00edcia Civil passa por desmonte em todo o Pa\u00eds\"}]},{\"@type\":\"WebSite\",\"@id\":\"https:\\\/\\\/www.notibras.com\\\/site\\\/#website\",\"url\":\"https:\\\/\\\/www.notibras.com\\\/site\\\/\",\"name\":\"Notibras\",\"description\":\"Not\u00edcias de Bras\u00edlia, do Brasil e do Mundo\",\"publisher\":{\"@id\":\"https:\\\/\\\/www.notibras.com\\\/site\\\/#organization\"},\"potentialAction\":[{\"@type\":\"SearchAction\",\"target\":{\"@type\":\"EntryPoint\",\"urlTemplate\":\"https:\\\/\\\/www.notibras.com\\\/site\\\/?s={search_term_string}\"},\"query-input\":{\"@type\":\"PropertyValueSpecification\",\"valueRequired\":true,\"valueName\":\"search_term_string\"}}],\"inLanguage\":\"pt-BR\"},{\"@type\":\"Organization\",\"@id\":\"https:\\\/\\\/www.notibras.com\\\/site\\\/#organization\",\"name\":\"Grupo Notibras de Comunica\u00e7\u00e3o\",\"url\":\"https:\\\/\\\/www.notibras.com\\\/site\\\/\",\"logo\":{\"@type\":\"ImageObject\",\"inLanguage\":\"pt-BR\",\"@id\":\"https:\\\/\\\/www.notibras.com\\\/site\\\/#\\\/schema\\\/logo\\\/image\\\/\",\"url\":\"https:\\\/\\\/www.notibras.com\\\/site\\\/wp-content\\\/uploads\\\/2023\\\/01\\\/notibras23.png\",\"contentUrl\":\"https:\\\/\\\/www.notibras.com\\\/site\\\/wp-content\\\/uploads\\\/2023\\\/01\\\/notibras23.png\",\"width\":350,\"height\":87,\"caption\":\"Grupo Notibras de Comunica\u00e7\u00e3o\"},\"image\":{\"@id\":\"https:\\\/\\\/www.notibras.com\\\/site\\\/#\\\/schema\\\/logo\\\/image\\\/\"},\"sameAs\":[\"https:\\\/\\\/www.facebook.com\\\/notibras\\\/\",\"https:\\\/\\\/x.com\\\/Notibras\",\"https:\\\/\\\/www.instagram.com\\\/notibras\\\/\"]},{\"@type\":\"Person\",\"@id\":\"https:\\\/\\\/www.notibras.com\\\/site\\\/#\\\/schema\\\/person\\\/36ab0979449956132d3e5b517ea76ac8\",\"name\":\"Reda\u00e7\u00e3o\",\"image\":{\"@type\":\"ImageObject\",\"inLanguage\":\"pt-BR\",\"@id\":\"https:\\\/\\\/secure.gravatar.com\\\/avatar\\\/e0a867bdedb85fd243eadf09663511f96fc81e0720a4a42581f334ad4303aa6b?s=96&d=mm&r=g\",\"url\":\"https:\\\/\\\/secure.gravatar.com\\\/avatar\\\/e0a867bdedb85fd243eadf09663511f96fc81e0720a4a42581f334ad4303aa6b?s=96&d=mm&r=g\",\"contentUrl\":\"https:\\\/\\\/secure.gravatar.com\\\/avatar\\\/e0a867bdedb85fd243eadf09663511f96fc81e0720a4a42581f334ad4303aa6b?s=96&d=mm&r=g\",\"caption\":\"Reda\u00e7\u00e3o\"}}]}<\/script>\n<!-- \/ Yoast SEO plugin. -->","yoast_head_json":{"title":"Pol\u00edcia Civil passa por desmonte em todo o Pa\u00eds - Notibras","robots":{"index":"index","follow":"follow","max-snippet":"max-snippet:-1","max-image-preview":"max-image-preview:large","max-video-preview":"max-video-preview:-1"},"canonical":"https:\/\/www.notibras.com\/site\/policia-civil-passa-por-desmonte-em-todo-o-pais\/","og_locale":"pt_BR","og_type":"article","og_title":"Pol\u00edcia Civil passa por desmonte em todo o Pa\u00eds - Notibras","og_description":"Rafael Alcadipani N\u00e3o \u00e9 novidade que diferentes \u00f3rg\u00e3os da imprensa v\u00eam apontando a severa crise que a Pol\u00edcia Civil paulista est\u00e1 passando, tendo a mais recente not\u00edcia sido divulgada no final de outubro. Fundamentalmente, ao longo da \u00faltima d\u00e9cada, o governo do Estado n\u00e3o tem reposto os policiais das diferentes carreiras na mesma velocidade com [&hellip;]","og_url":"https:\/\/www.notibras.com\/site\/policia-civil-passa-por-desmonte-em-todo-o-pais\/","og_site_name":"Notibras","article_publisher":"https:\/\/www.facebook.com\/notibras\/","article_published_time":"2016-11-03T08:36:00+00:00","og_image":[{"width":615,"height":300,"url":"https:\/\/www.notibras.com\/site\/wp-content\/uploads\/2016\/11\/pcp.jpg","type":"image\/jpeg"}],"author":"Reda\u00e7\u00e3o","twitter_card":"summary_large_image","twitter_creator":"@Notibras","twitter_site":"@Notibras","twitter_misc":{"Escrito por":"Reda\u00e7\u00e3o","Est. tempo de leitura":"3 minutos"},"schema":{"@context":"https:\/\/schema.org","@graph":[{"@type":"Article","@id":"https:\/\/www.notibras.com\/site\/policia-civil-passa-por-desmonte-em-todo-o-pais\/#article","isPartOf":{"@id":"https:\/\/www.notibras.com\/site\/policia-civil-passa-por-desmonte-em-todo-o-pais\/"},"author":{"name":"Reda\u00e7\u00e3o","@id":"https:\/\/www.notibras.com\/site\/#\/schema\/person\/36ab0979449956132d3e5b517ea76ac8"},"headline":"Pol\u00edcia Civil passa por desmonte em todo o Pa\u00eds","datePublished":"2016-11-03T08:36:00+00:00","mainEntityOfPage":{"@id":"https:\/\/www.notibras.com\/site\/policia-civil-passa-por-desmonte-em-todo-o-pais\/"},"wordCount":692,"commentCount":0,"publisher":{"@id":"https:\/\/www.notibras.com\/site\/#organization"},"image":{"@id":"https:\/\/www.notibras.com\/site\/policia-civil-passa-por-desmonte-em-todo-o-pais\/#primaryimage"},"thumbnailUrl":"https:\/\/www.notibras.com\/site\/wp-content\/uploads\/2016\/11\/pcp.jpg","articleSection":["Opina a\u00ed"],"inLanguage":"pt-BR","potentialAction":[{"@type":"CommentAction","name":"Comment","target":["https:\/\/www.notibras.com\/site\/policia-civil-passa-por-desmonte-em-todo-o-pais\/#respond"]}]},{"@type":"WebPage","@id":"https:\/\/www.notibras.com\/site\/policia-civil-passa-por-desmonte-em-todo-o-pais\/","url":"https:\/\/www.notibras.com\/site\/policia-civil-passa-por-desmonte-em-todo-o-pais\/","name":"Pol\u00edcia Civil passa por desmonte em todo o Pa\u00eds - Notibras","isPartOf":{"@id":"https:\/\/www.notibras.com\/site\/#website"},"primaryImageOfPage":{"@id":"https:\/\/www.notibras.com\/site\/policia-civil-passa-por-desmonte-em-todo-o-pais\/#primaryimage"},"image":{"@id":"https:\/\/www.notibras.com\/site\/policia-civil-passa-por-desmonte-em-todo-o-pais\/#primaryimage"},"thumbnailUrl":"https:\/\/www.notibras.com\/site\/wp-content\/uploads\/2016\/11\/pcp.jpg","datePublished":"2016-11-03T08:36:00+00:00","breadcrumb":{"@id":"https:\/\/www.notibras.com\/site\/policia-civil-passa-por-desmonte-em-todo-o-pais\/#breadcrumb"},"inLanguage":"pt-BR","potentialAction":[{"@type":"ReadAction","target":["https:\/\/www.notibras.com\/site\/policia-civil-passa-por-desmonte-em-todo-o-pais\/"]}]},{"@type":"ImageObject","inLanguage":"pt-BR","@id":"https:\/\/www.notibras.com\/site\/policia-civil-passa-por-desmonte-em-todo-o-pais\/#primaryimage","url":"https:\/\/www.notibras.com\/site\/wp-content\/uploads\/2016\/11\/pcp.jpg","contentUrl":"https:\/\/www.notibras.com\/site\/wp-content\/uploads\/2016\/11\/pcp.jpg","width":615,"height":300},{"@type":"BreadcrumbList","@id":"https:\/\/www.notibras.com\/site\/policia-civil-passa-por-desmonte-em-todo-o-pais\/#breadcrumb","itemListElement":[{"@type":"ListItem","position":1,"name":"In\u00edcio","item":"https:\/\/www.notibras.com\/site\/"},{"@type":"ListItem","position":2,"name":"Pol\u00edcia Civil passa por desmonte em todo o Pa\u00eds"}]},{"@type":"WebSite","@id":"https:\/\/www.notibras.com\/site\/#website","url":"https:\/\/www.notibras.com\/site\/","name":"Notibras","description":"Not\u00edcias de Bras\u00edlia, do Brasil e do Mundo","publisher":{"@id":"https:\/\/www.notibras.com\/site\/#organization"},"potentialAction":[{"@type":"SearchAction","target":{"@type":"EntryPoint","urlTemplate":"https:\/\/www.notibras.com\/site\/?s={search_term_string}"},"query-input":{"@type":"PropertyValueSpecification","valueRequired":true,"valueName":"search_term_string"}}],"inLanguage":"pt-BR"},{"@type":"Organization","@id":"https:\/\/www.notibras.com\/site\/#organization","name":"Grupo Notibras de Comunica\u00e7\u00e3o","url":"https:\/\/www.notibras.com\/site\/","logo":{"@type":"ImageObject","inLanguage":"pt-BR","@id":"https:\/\/www.notibras.com\/site\/#\/schema\/logo\/image\/","url":"https:\/\/www.notibras.com\/site\/wp-content\/uploads\/2023\/01\/notibras23.png","contentUrl":"https:\/\/www.notibras.com\/site\/wp-content\/uploads\/2023\/01\/notibras23.png","width":350,"height":87,"caption":"Grupo Notibras de Comunica\u00e7\u00e3o"},"image":{"@id":"https:\/\/www.notibras.com\/site\/#\/schema\/logo\/image\/"},"sameAs":["https:\/\/www.facebook.com\/notibras\/","https:\/\/x.com\/Notibras","https:\/\/www.instagram.com\/notibras\/"]},{"@type":"Person","@id":"https:\/\/www.notibras.com\/site\/#\/schema\/person\/36ab0979449956132d3e5b517ea76ac8","name":"Reda\u00e7\u00e3o","image":{"@type":"ImageObject","inLanguage":"pt-BR","@id":"https:\/\/secure.gravatar.com\/avatar\/e0a867bdedb85fd243eadf09663511f96fc81e0720a4a42581f334ad4303aa6b?s=96&d=mm&r=g","url":"https:\/\/secure.gravatar.com\/avatar\/e0a867bdedb85fd243eadf09663511f96fc81e0720a4a42581f334ad4303aa6b?s=96&d=mm&r=g","contentUrl":"https:\/\/secure.gravatar.com\/avatar\/e0a867bdedb85fd243eadf09663511f96fc81e0720a4a42581f334ad4303aa6b?s=96&d=mm&r=g","caption":"Reda\u00e7\u00e3o"}}]}},"amp_enabled":true,"_links":{"self":[{"href":"https:\/\/www.notibras.com\/site\/wp-json\/wp\/v2\/posts\/120555","targetHints":{"allow":["GET"]}}],"collection":[{"href":"https:\/\/www.notibras.com\/site\/wp-json\/wp\/v2\/posts"}],"about":[{"href":"https:\/\/www.notibras.com\/site\/wp-json\/wp\/v2\/types\/post"}],"author":[{"embeddable":true,"href":"https:\/\/www.notibras.com\/site\/wp-json\/wp\/v2\/users\/2"}],"replies":[{"embeddable":true,"href":"https:\/\/www.notibras.com\/site\/wp-json\/wp\/v2\/comments?post=120555"}],"version-history":[{"count":1,"href":"https:\/\/www.notibras.com\/site\/wp-json\/wp\/v2\/posts\/120555\/revisions"}],"predecessor-version":[{"id":120557,"href":"https:\/\/www.notibras.com\/site\/wp-json\/wp\/v2\/posts\/120555\/revisions\/120557"}],"wp:featuredmedia":[{"embeddable":true,"href":"https:\/\/www.notibras.com\/site\/wp-json\/wp\/v2\/media\/120556"}],"wp:attachment":[{"href":"https:\/\/www.notibras.com\/site\/wp-json\/wp\/v2\/media?parent=120555"}],"wp:term":[{"taxonomy":"category","embeddable":true,"href":"https:\/\/www.notibras.com\/site\/wp-json\/wp\/v2\/categories?post=120555"},{"taxonomy":"post_tag","embeddable":true,"href":"https:\/\/www.notibras.com\/site\/wp-json\/wp\/v2\/tags?post=120555"}],"curies":[{"name":"wp","href":"https:\/\/api.w.org\/{rel}","templated":true}]}}