{"id":120772,"date":"2016-11-07T13:05:46","date_gmt":"2016-11-07T15:05:46","guid":{"rendered":"http:\/\/www.notibras.com\/site\/?p=120772"},"modified":"2016-11-07T13:06:39","modified_gmt":"2016-11-07T15:06:39","slug":"ocupacao-de-escolas-e-feita-sob-inspiracao-de-lenin","status":"publish","type":"post","link":"https:\/\/www.notibras.com\/site\/ocupacao-de-escolas-e-feita-sob-inspiracao-de-lenin\/","title":{"rendered":"Ocupa\u00e7\u00e3o de escolas \u00e9 feita sob inspira\u00e7\u00e3o de L\u00eanin"},"content":{"rendered":"<p><strong>Ronaldo Caiado<\/strong><\/p>\n<p>Atribui-se a L\u00eanin, dentro da estrat\u00e9gia de agita\u00e7\u00e3o e propaganda comunista, a seguinte incita\u00e7\u00e3o \u00e0 milit\u00e2ncia: \u201cAcuse-os do que voc\u00ea faz; xingue-os do que voc\u00ea \u00e9\u201d.<\/p>\n<p>O procedimento est\u00e1 sendo fielmente seguido pela esquerda brasileira, no processo de invas\u00e3o de escolas e universidades, a pretexto de derrubar a PEC 241, a PEC da Responsabilidade, que estabelece um teto para o gasto p\u00fablico, arruinado pela gest\u00e3o petista.<\/p>\n<p>Aprovada com folga em dois turnos na C\u00e2mara, a PEC est\u00e1 agora sendo examinada pelo Senado, que a votar\u00e1 ainda este ano. \u00c9 vital para que o pa\u00eds d\u00ea in\u00edcio ao reerguimento de sua economia<\/p>\n<p>Enquanto estimula o \u201cFora, Temer\u201d e conspira contra a paz p\u00fablica, desestabilizando o ambiente educacional, a milit\u00e2ncia esquerdista proclama que, ao contr\u00e1rio, a educa\u00e7\u00e3o est\u00e1 sendo amea\u00e7ada \u00e9 pelo governo federal, que insiste em chamar de golpista.<\/p>\n<p>A PEC, como j\u00e1 demonstrei em artigos anteriores neste espa\u00e7o, n\u00e3o imp\u00f5e corte algum, e at\u00e9 permite, por meio de manejo or\u00e7ament\u00e1rio, acr\u00e9scimos tanto em educa\u00e7\u00e3o como em sa\u00fade.<\/p>\n<p>Dentro da verba existente, a ser reajustada nos limites da infla\u00e7\u00e3o, nada impede que as prioridades sejam mantidas. Basta que haja crit\u00e9rios de gest\u00e3o, algo que inexistiu ao longo da era petista.<\/p>\n<p>Antes de deixar a presid\u00eancia, Dilma Roussef cortou R$ 10,2 bilh\u00f5es da educa\u00e7\u00e3o, sem que houvesse qualquer protesto da esquerda. E h\u00e1 duas semanas os partidos de esquerda atrapalharam duas propostas que injetaram R$ 1,1 bilh\u00e3o para a educa\u00e7\u00e3o, mostrando em que medida de fato se preocupam com ela.<\/p>\n<p>Sem o menor pudor, o petismo agora faz de adolescentes do ensino secund\u00e1rio, massa de manobra de seus interesses, expondo-os \u00e0 viol\u00eancia, \u00e0 lavagem cerebral e \u00e0 interrup\u00e7\u00e3o do calend\u00e1rio escolar.<\/p>\n<p>Chega a ser constrangedor ver garotos, monitorados por marmanjos arruaceiros, a respeito da causa a que est\u00e3o sendo criminosamente arrastados, em preju\u00edzo pr\u00f3prio \u2013 e do pa\u00eds. A bagun\u00e7a compromete o Enem e cerca de 200 mil dos estudantes, j\u00e1 que muitas das escolas em que estava previsto se realizar est\u00e3o ocupadas. O preju\u00edzo financeiro, por baixo, \u00e9 de R$ 12 milh\u00f5es, mas o maior, o educacional, n\u00e3o \u00e9 contabiliz\u00e1vel.<\/p>\n<p>Depois de reduzir as universidades a c\u00e9lulas ideol\u00f3gicas, rebaixando o n\u00edvel do ensino superior e colocando o Brasil na retaguarda dos \u00edndices internacionais de avalia\u00e7\u00e3o de desempenho, a esquerda investe agora contra o ensino secund\u00e1rio. Mas atribui ao governo federal a pecha de conspirador contra a educa\u00e7\u00e3o. \u00c9 o mandamento de L\u00eanin em a\u00e7\u00e3o.<\/p>\n<p>Pouco importa que a tese de que o impeachment foi um golpe tenha sido amplamente derrotada e desmoralizada nas elei\u00e7\u00f5es municipais, em que o PT e seus sat\u00e9lites (Psol, Rede, PCdoB) receberam o maior rev\u00e9s popular da hist\u00f3ria. Insistem em falar em nome do povo, mesmo este tendo lhes virado as costas.<\/p>\n<p>As elei\u00e7\u00f5es confirmaram a legitimidade do ato parlamentar, elegendo maci\u00e7amente as for\u00e7as que, nos termos da Constitui\u00e7\u00e3o, tiraram Dilma Roussef e colocaram Michel Temer na presid\u00eancia da Rep\u00fablica. Se fosse democr\u00e1tica, como se proclama, a esquerda absorveria a senten\u00e7a soberana das urnas e faria sua autocr\u00edtica. Mas ela faz da democracia rito de passagem, como se v\u00ea na Venezuela, em que o aparelhamento das institui\u00e7\u00f5es imp\u00f4s uma ditadura sangrenta.<\/p>\n<p>\u00c9 disso que escapamos; e \u00e9 a isso que o povo brasileiro disse um sonoro \u201cn\u00e3o\u201d nas urnas. Mas, indiferente ao povo \u2013 e sob a inspira\u00e7\u00e3o de L\u00eanin -, a esquerda fundamentalista, uma seita predat\u00f3ria e corrupta, investe mais uma vez no caos revolucion\u00e1rio, aliciando agora nada menos que estudantes adolescentes.<\/p>\n","protected":false},"excerpt":{"rendered":"<p>Ronaldo Caiado Atribui-se a L\u00eanin, dentro da estrat\u00e9gia de agita\u00e7\u00e3o e propaganda comunista, a seguinte incita\u00e7\u00e3o \u00e0 milit\u00e2ncia: \u201cAcuse-os do que voc\u00ea faz; xingue-os do que voc\u00ea \u00e9\u201d. O procedimento est\u00e1 sendo fielmente seguido pela esquerda brasileira, no processo de invas\u00e3o de escolas e universidades, a pretexto de derrubar a PEC 241, a PEC da [&hellip;]<\/p>\n","protected":false},"author":2,"featured_media":120773,"comment_status":"open","ping_status":"closed","sticky":false,"template":"","format":"standard","meta":{"_acf_changed":false,"footnotes":""},"categories":[25],"tags":[],"class_list":["post-120772","post","type-post","status-publish","format-standard","has-post-thumbnail","hentry","category-opina-ai"],"acf":[],"yoast_head":"<!-- This site is optimized with the Yoast SEO plugin v27.5 - https:\/\/yoast.com\/product\/yoast-seo-wordpress\/ -->\n<title>Ocupa\u00e7\u00e3o de escolas \u00e9 feita sob inspira\u00e7\u00e3o de L\u00eanin - Notibras<\/title>\n<meta name=\"robots\" content=\"index, follow, max-snippet:-1, max-image-preview:large, max-video-preview:-1\" \/>\n<link rel=\"canonical\" href=\"https:\/\/www.notibras.com\/site\/ocupacao-de-escolas-e-feita-sob-inspiracao-de-lenin\/\" \/>\n<meta property=\"og:locale\" content=\"pt_BR\" \/>\n<meta property=\"og:type\" content=\"article\" \/>\n<meta property=\"og:title\" content=\"Ocupa\u00e7\u00e3o de escolas \u00e9 feita sob inspira\u00e7\u00e3o de L\u00eanin - Notibras\" \/>\n<meta property=\"og:description\" content=\"Ronaldo Caiado Atribui-se a L\u00eanin, dentro da estrat\u00e9gia de agita\u00e7\u00e3o e propaganda comunista, a seguinte incita\u00e7\u00e3o \u00e0 milit\u00e2ncia: \u201cAcuse-os do que voc\u00ea faz; xingue-os do que voc\u00ea \u00e9\u201d. O procedimento est\u00e1 sendo fielmente seguido pela esquerda brasileira, no processo de invas\u00e3o de escolas e universidades, a pretexto de derrubar a PEC 241, a PEC da [&hellip;]\" \/>\n<meta property=\"og:url\" content=\"https:\/\/www.notibras.com\/site\/ocupacao-de-escolas-e-feita-sob-inspiracao-de-lenin\/\" \/>\n<meta property=\"og:site_name\" content=\"Notibras\" \/>\n<meta property=\"article:publisher\" content=\"https:\/\/www.facebook.com\/notibras\/\" \/>\n<meta property=\"article:published_time\" content=\"2016-11-07T15:05:46+00:00\" \/>\n<meta property=\"article:modified_time\" content=\"2016-11-07T15:06:39+00:00\" \/>\n<meta property=\"og:image\" content=\"https:\/\/www.notibras.com\/site\/wp-content\/uploads\/2016\/11\/Ocupa\u00e7\u00e3o.jpg\" \/>\n\t<meta property=\"og:image:width\" content=\"960\" \/>\n\t<meta property=\"og:image:height\" content=\"539\" \/>\n\t<meta property=\"og:image:type\" content=\"image\/jpeg\" \/>\n<meta name=\"author\" content=\"Reda\u00e7\u00e3o\" \/>\n<meta name=\"twitter:card\" content=\"summary_large_image\" \/>\n<meta name=\"twitter:creator\" content=\"@Notibras\" \/>\n<meta name=\"twitter:site\" content=\"@Notibras\" \/>\n<meta name=\"twitter:label1\" content=\"Escrito por\" \/>\n\t<meta name=\"twitter:data1\" content=\"Reda\u00e7\u00e3o\" \/>\n\t<meta name=\"twitter:label2\" content=\"Est. tempo de leitura\" \/>\n\t<meta name=\"twitter:data2\" content=\"3 minutos\" \/>\n<script type=\"application\/ld+json\" class=\"yoast-schema-graph\">{\"@context\":\"https:\\\/\\\/schema.org\",\"@graph\":[{\"@type\":\"Article\",\"@id\":\"https:\\\/\\\/www.notibras.com\\\/site\\\/ocupacao-de-escolas-e-feita-sob-inspiracao-de-lenin\\\/#article\",\"isPartOf\":{\"@id\":\"https:\\\/\\\/www.notibras.com\\\/site\\\/ocupacao-de-escolas-e-feita-sob-inspiracao-de-lenin\\\/\"},\"author\":{\"name\":\"Reda\u00e7\u00e3o\",\"@id\":\"https:\\\/\\\/www.notibras.com\\\/site\\\/#\\\/schema\\\/person\\\/36ab0979449956132d3e5b517ea76ac8\"},\"headline\":\"Ocupa\u00e7\u00e3o de escolas \u00e9 feita sob inspira\u00e7\u00e3o de L\u00eanin\",\"datePublished\":\"2016-11-07T15:05:46+00:00\",\"dateModified\":\"2016-11-07T15:06:39+00:00\",\"mainEntityOfPage\":{\"@id\":\"https:\\\/\\\/www.notibras.com\\\/site\\\/ocupacao-de-escolas-e-feita-sob-inspiracao-de-lenin\\\/\"},\"wordCount\":644,\"commentCount\":0,\"publisher\":{\"@id\":\"https:\\\/\\\/www.notibras.com\\\/site\\\/#organization\"},\"image\":{\"@id\":\"https:\\\/\\\/www.notibras.com\\\/site\\\/ocupacao-de-escolas-e-feita-sob-inspiracao-de-lenin\\\/#primaryimage\"},\"thumbnailUrl\":\"https:\\\/\\\/www.notibras.com\\\/site\\\/wp-content\\\/uploads\\\/2016\\\/11\\\/Ocupa\u00e7\u00e3o.jpg\",\"articleSection\":[\"Opina a\u00ed\"],\"inLanguage\":\"pt-BR\",\"potentialAction\":[{\"@type\":\"CommentAction\",\"name\":\"Comment\",\"target\":[\"https:\\\/\\\/www.notibras.com\\\/site\\\/ocupacao-de-escolas-e-feita-sob-inspiracao-de-lenin\\\/#respond\"]}]},{\"@type\":\"WebPage\",\"@id\":\"https:\\\/\\\/www.notibras.com\\\/site\\\/ocupacao-de-escolas-e-feita-sob-inspiracao-de-lenin\\\/\",\"url\":\"https:\\\/\\\/www.notibras.com\\\/site\\\/ocupacao-de-escolas-e-feita-sob-inspiracao-de-lenin\\\/\",\"name\":\"Ocupa\u00e7\u00e3o de escolas \u00e9 feita sob inspira\u00e7\u00e3o de L\u00eanin - Notibras\",\"isPartOf\":{\"@id\":\"https:\\\/\\\/www.notibras.com\\\/site\\\/#website\"},\"primaryImageOfPage\":{\"@id\":\"https:\\\/\\\/www.notibras.com\\\/site\\\/ocupacao-de-escolas-e-feita-sob-inspiracao-de-lenin\\\/#primaryimage\"},\"image\":{\"@id\":\"https:\\\/\\\/www.notibras.com\\\/site\\\/ocupacao-de-escolas-e-feita-sob-inspiracao-de-lenin\\\/#primaryimage\"},\"thumbnailUrl\":\"https:\\\/\\\/www.notibras.com\\\/site\\\/wp-content\\\/uploads\\\/2016\\\/11\\\/Ocupa\u00e7\u00e3o.jpg\",\"datePublished\":\"2016-11-07T15:05:46+00:00\",\"dateModified\":\"2016-11-07T15:06:39+00:00\",\"breadcrumb\":{\"@id\":\"https:\\\/\\\/www.notibras.com\\\/site\\\/ocupacao-de-escolas-e-feita-sob-inspiracao-de-lenin\\\/#breadcrumb\"},\"inLanguage\":\"pt-BR\",\"potentialAction\":[{\"@type\":\"ReadAction\",\"target\":[\"https:\\\/\\\/www.notibras.com\\\/site\\\/ocupacao-de-escolas-e-feita-sob-inspiracao-de-lenin\\\/\"]}]},{\"@type\":\"ImageObject\",\"inLanguage\":\"pt-BR\",\"@id\":\"https:\\\/\\\/www.notibras.com\\\/site\\\/ocupacao-de-escolas-e-feita-sob-inspiracao-de-lenin\\\/#primaryimage\",\"url\":\"https:\\\/\\\/www.notibras.com\\\/site\\\/wp-content\\\/uploads\\\/2016\\\/11\\\/Ocupa\u00e7\u00e3o.jpg\",\"contentUrl\":\"https:\\\/\\\/www.notibras.com\\\/site\\\/wp-content\\\/uploads\\\/2016\\\/11\\\/Ocupa\u00e7\u00e3o.jpg\",\"width\":960,\"height\":539},{\"@type\":\"BreadcrumbList\",\"@id\":\"https:\\\/\\\/www.notibras.com\\\/site\\\/ocupacao-de-escolas-e-feita-sob-inspiracao-de-lenin\\\/#breadcrumb\",\"itemListElement\":[{\"@type\":\"ListItem\",\"position\":1,\"name\":\"In\u00edcio\",\"item\":\"https:\\\/\\\/www.notibras.com\\\/site\\\/\"},{\"@type\":\"ListItem\",\"position\":2,\"name\":\"Ocupa\u00e7\u00e3o de escolas \u00e9 feita sob inspira\u00e7\u00e3o de L\u00eanin\"}]},{\"@type\":\"WebSite\",\"@id\":\"https:\\\/\\\/www.notibras.com\\\/site\\\/#website\",\"url\":\"https:\\\/\\\/www.notibras.com\\\/site\\\/\",\"name\":\"Notibras\",\"description\":\"Not\u00edcias de Bras\u00edlia, do Brasil e do Mundo\",\"publisher\":{\"@id\":\"https:\\\/\\\/www.notibras.com\\\/site\\\/#organization\"},\"potentialAction\":[{\"@type\":\"SearchAction\",\"target\":{\"@type\":\"EntryPoint\",\"urlTemplate\":\"https:\\\/\\\/www.notibras.com\\\/site\\\/?s={search_term_string}\"},\"query-input\":{\"@type\":\"PropertyValueSpecification\",\"valueRequired\":true,\"valueName\":\"search_term_string\"}}],\"inLanguage\":\"pt-BR\"},{\"@type\":\"Organization\",\"@id\":\"https:\\\/\\\/www.notibras.com\\\/site\\\/#organization\",\"name\":\"Grupo Notibras de Comunica\u00e7\u00e3o\",\"url\":\"https:\\\/\\\/www.notibras.com\\\/site\\\/\",\"logo\":{\"@type\":\"ImageObject\",\"inLanguage\":\"pt-BR\",\"@id\":\"https:\\\/\\\/www.notibras.com\\\/site\\\/#\\\/schema\\\/logo\\\/image\\\/\",\"url\":\"https:\\\/\\\/www.notibras.com\\\/site\\\/wp-content\\\/uploads\\\/2023\\\/01\\\/notibras23.png\",\"contentUrl\":\"https:\\\/\\\/www.notibras.com\\\/site\\\/wp-content\\\/uploads\\\/2023\\\/01\\\/notibras23.png\",\"width\":350,\"height\":87,\"caption\":\"Grupo Notibras de Comunica\u00e7\u00e3o\"},\"image\":{\"@id\":\"https:\\\/\\\/www.notibras.com\\\/site\\\/#\\\/schema\\\/logo\\\/image\\\/\"},\"sameAs\":[\"https:\\\/\\\/www.facebook.com\\\/notibras\\\/\",\"https:\\\/\\\/x.com\\\/Notibras\",\"https:\\\/\\\/www.instagram.com\\\/notibras\\\/\"]},{\"@type\":\"Person\",\"@id\":\"https:\\\/\\\/www.notibras.com\\\/site\\\/#\\\/schema\\\/person\\\/36ab0979449956132d3e5b517ea76ac8\",\"name\":\"Reda\u00e7\u00e3o\",\"image\":{\"@type\":\"ImageObject\",\"inLanguage\":\"pt-BR\",\"@id\":\"https:\\\/\\\/secure.gravatar.com\\\/avatar\\\/e0a867bdedb85fd243eadf09663511f96fc81e0720a4a42581f334ad4303aa6b?s=96&d=mm&r=g\",\"url\":\"https:\\\/\\\/secure.gravatar.com\\\/avatar\\\/e0a867bdedb85fd243eadf09663511f96fc81e0720a4a42581f334ad4303aa6b?s=96&d=mm&r=g\",\"contentUrl\":\"https:\\\/\\\/secure.gravatar.com\\\/avatar\\\/e0a867bdedb85fd243eadf09663511f96fc81e0720a4a42581f334ad4303aa6b?s=96&d=mm&r=g\",\"caption\":\"Reda\u00e7\u00e3o\"}}]}<\/script>\n<!-- \/ Yoast SEO plugin. -->","yoast_head_json":{"title":"Ocupa\u00e7\u00e3o de escolas \u00e9 feita sob inspira\u00e7\u00e3o de L\u00eanin - Notibras","robots":{"index":"index","follow":"follow","max-snippet":"max-snippet:-1","max-image-preview":"max-image-preview:large","max-video-preview":"max-video-preview:-1"},"canonical":"https:\/\/www.notibras.com\/site\/ocupacao-de-escolas-e-feita-sob-inspiracao-de-lenin\/","og_locale":"pt_BR","og_type":"article","og_title":"Ocupa\u00e7\u00e3o de escolas \u00e9 feita sob inspira\u00e7\u00e3o de L\u00eanin - Notibras","og_description":"Ronaldo Caiado Atribui-se a L\u00eanin, dentro da estrat\u00e9gia de agita\u00e7\u00e3o e propaganda comunista, a seguinte incita\u00e7\u00e3o \u00e0 milit\u00e2ncia: \u201cAcuse-os do que voc\u00ea faz; xingue-os do que voc\u00ea \u00e9\u201d. O procedimento est\u00e1 sendo fielmente seguido pela esquerda brasileira, no processo de invas\u00e3o de escolas e universidades, a pretexto de derrubar a PEC 241, a PEC da [&hellip;]","og_url":"https:\/\/www.notibras.com\/site\/ocupacao-de-escolas-e-feita-sob-inspiracao-de-lenin\/","og_site_name":"Notibras","article_publisher":"https:\/\/www.facebook.com\/notibras\/","article_published_time":"2016-11-07T15:05:46+00:00","article_modified_time":"2016-11-07T15:06:39+00:00","og_image":[{"width":960,"height":539,"url":"https:\/\/www.notibras.com\/site\/wp-content\/uploads\/2016\/11\/Ocupa\u00e7\u00e3o.jpg","type":"image\/jpeg"}],"author":"Reda\u00e7\u00e3o","twitter_card":"summary_large_image","twitter_creator":"@Notibras","twitter_site":"@Notibras","twitter_misc":{"Escrito por":"Reda\u00e7\u00e3o","Est. tempo de leitura":"3 minutos"},"schema":{"@context":"https:\/\/schema.org","@graph":[{"@type":"Article","@id":"https:\/\/www.notibras.com\/site\/ocupacao-de-escolas-e-feita-sob-inspiracao-de-lenin\/#article","isPartOf":{"@id":"https:\/\/www.notibras.com\/site\/ocupacao-de-escolas-e-feita-sob-inspiracao-de-lenin\/"},"author":{"name":"Reda\u00e7\u00e3o","@id":"https:\/\/www.notibras.com\/site\/#\/schema\/person\/36ab0979449956132d3e5b517ea76ac8"},"headline":"Ocupa\u00e7\u00e3o de escolas \u00e9 feita sob inspira\u00e7\u00e3o de L\u00eanin","datePublished":"2016-11-07T15:05:46+00:00","dateModified":"2016-11-07T15:06:39+00:00","mainEntityOfPage":{"@id":"https:\/\/www.notibras.com\/site\/ocupacao-de-escolas-e-feita-sob-inspiracao-de-lenin\/"},"wordCount":644,"commentCount":0,"publisher":{"@id":"https:\/\/www.notibras.com\/site\/#organization"},"image":{"@id":"https:\/\/www.notibras.com\/site\/ocupacao-de-escolas-e-feita-sob-inspiracao-de-lenin\/#primaryimage"},"thumbnailUrl":"https:\/\/www.notibras.com\/site\/wp-content\/uploads\/2016\/11\/Ocupa\u00e7\u00e3o.jpg","articleSection":["Opina a\u00ed"],"inLanguage":"pt-BR","potentialAction":[{"@type":"CommentAction","name":"Comment","target":["https:\/\/www.notibras.com\/site\/ocupacao-de-escolas-e-feita-sob-inspiracao-de-lenin\/#respond"]}]},{"@type":"WebPage","@id":"https:\/\/www.notibras.com\/site\/ocupacao-de-escolas-e-feita-sob-inspiracao-de-lenin\/","url":"https:\/\/www.notibras.com\/site\/ocupacao-de-escolas-e-feita-sob-inspiracao-de-lenin\/","name":"Ocupa\u00e7\u00e3o de escolas \u00e9 feita sob inspira\u00e7\u00e3o de L\u00eanin - Notibras","isPartOf":{"@id":"https:\/\/www.notibras.com\/site\/#website"},"primaryImageOfPage":{"@id":"https:\/\/www.notibras.com\/site\/ocupacao-de-escolas-e-feita-sob-inspiracao-de-lenin\/#primaryimage"},"image":{"@id":"https:\/\/www.notibras.com\/site\/ocupacao-de-escolas-e-feita-sob-inspiracao-de-lenin\/#primaryimage"},"thumbnailUrl":"https:\/\/www.notibras.com\/site\/wp-content\/uploads\/2016\/11\/Ocupa\u00e7\u00e3o.jpg","datePublished":"2016-11-07T15:05:46+00:00","dateModified":"2016-11-07T15:06:39+00:00","breadcrumb":{"@id":"https:\/\/www.notibras.com\/site\/ocupacao-de-escolas-e-feita-sob-inspiracao-de-lenin\/#breadcrumb"},"inLanguage":"pt-BR","potentialAction":[{"@type":"ReadAction","target":["https:\/\/www.notibras.com\/site\/ocupacao-de-escolas-e-feita-sob-inspiracao-de-lenin\/"]}]},{"@type":"ImageObject","inLanguage":"pt-BR","@id":"https:\/\/www.notibras.com\/site\/ocupacao-de-escolas-e-feita-sob-inspiracao-de-lenin\/#primaryimage","url":"https:\/\/www.notibras.com\/site\/wp-content\/uploads\/2016\/11\/Ocupa\u00e7\u00e3o.jpg","contentUrl":"https:\/\/www.notibras.com\/site\/wp-content\/uploads\/2016\/11\/Ocupa\u00e7\u00e3o.jpg","width":960,"height":539},{"@type":"BreadcrumbList","@id":"https:\/\/www.notibras.com\/site\/ocupacao-de-escolas-e-feita-sob-inspiracao-de-lenin\/#breadcrumb","itemListElement":[{"@type":"ListItem","position":1,"name":"In\u00edcio","item":"https:\/\/www.notibras.com\/site\/"},{"@type":"ListItem","position":2,"name":"Ocupa\u00e7\u00e3o de escolas \u00e9 feita sob inspira\u00e7\u00e3o de L\u00eanin"}]},{"@type":"WebSite","@id":"https:\/\/www.notibras.com\/site\/#website","url":"https:\/\/www.notibras.com\/site\/","name":"Notibras","description":"Not\u00edcias de Bras\u00edlia, do Brasil e do Mundo","publisher":{"@id":"https:\/\/www.notibras.com\/site\/#organization"},"potentialAction":[{"@type":"SearchAction","target":{"@type":"EntryPoint","urlTemplate":"https:\/\/www.notibras.com\/site\/?s={search_term_string}"},"query-input":{"@type":"PropertyValueSpecification","valueRequired":true,"valueName":"search_term_string"}}],"inLanguage":"pt-BR"},{"@type":"Organization","@id":"https:\/\/www.notibras.com\/site\/#organization","name":"Grupo Notibras de Comunica\u00e7\u00e3o","url":"https:\/\/www.notibras.com\/site\/","logo":{"@type":"ImageObject","inLanguage":"pt-BR","@id":"https:\/\/www.notibras.com\/site\/#\/schema\/logo\/image\/","url":"https:\/\/www.notibras.com\/site\/wp-content\/uploads\/2023\/01\/notibras23.png","contentUrl":"https:\/\/www.notibras.com\/site\/wp-content\/uploads\/2023\/01\/notibras23.png","width":350,"height":87,"caption":"Grupo Notibras de Comunica\u00e7\u00e3o"},"image":{"@id":"https:\/\/www.notibras.com\/site\/#\/schema\/logo\/image\/"},"sameAs":["https:\/\/www.facebook.com\/notibras\/","https:\/\/x.com\/Notibras","https:\/\/www.instagram.com\/notibras\/"]},{"@type":"Person","@id":"https:\/\/www.notibras.com\/site\/#\/schema\/person\/36ab0979449956132d3e5b517ea76ac8","name":"Reda\u00e7\u00e3o","image":{"@type":"ImageObject","inLanguage":"pt-BR","@id":"https:\/\/secure.gravatar.com\/avatar\/e0a867bdedb85fd243eadf09663511f96fc81e0720a4a42581f334ad4303aa6b?s=96&d=mm&r=g","url":"https:\/\/secure.gravatar.com\/avatar\/e0a867bdedb85fd243eadf09663511f96fc81e0720a4a42581f334ad4303aa6b?s=96&d=mm&r=g","contentUrl":"https:\/\/secure.gravatar.com\/avatar\/e0a867bdedb85fd243eadf09663511f96fc81e0720a4a42581f334ad4303aa6b?s=96&d=mm&r=g","caption":"Reda\u00e7\u00e3o"}}]}},"amp_enabled":true,"_links":{"self":[{"href":"https:\/\/www.notibras.com\/site\/wp-json\/wp\/v2\/posts\/120772","targetHints":{"allow":["GET"]}}],"collection":[{"href":"https:\/\/www.notibras.com\/site\/wp-json\/wp\/v2\/posts"}],"about":[{"href":"https:\/\/www.notibras.com\/site\/wp-json\/wp\/v2\/types\/post"}],"author":[{"embeddable":true,"href":"https:\/\/www.notibras.com\/site\/wp-json\/wp\/v2\/users\/2"}],"replies":[{"embeddable":true,"href":"https:\/\/www.notibras.com\/site\/wp-json\/wp\/v2\/comments?post=120772"}],"version-history":[{"count":2,"href":"https:\/\/www.notibras.com\/site\/wp-json\/wp\/v2\/posts\/120772\/revisions"}],"predecessor-version":[{"id":120775,"href":"https:\/\/www.notibras.com\/site\/wp-json\/wp\/v2\/posts\/120772\/revisions\/120775"}],"wp:featuredmedia":[{"embeddable":true,"href":"https:\/\/www.notibras.com\/site\/wp-json\/wp\/v2\/media\/120773"}],"wp:attachment":[{"href":"https:\/\/www.notibras.com\/site\/wp-json\/wp\/v2\/media?parent=120772"}],"wp:term":[{"taxonomy":"category","embeddable":true,"href":"https:\/\/www.notibras.com\/site\/wp-json\/wp\/v2\/categories?post=120772"},{"taxonomy":"post_tag","embeddable":true,"href":"https:\/\/www.notibras.com\/site\/wp-json\/wp\/v2\/tags?post=120772"}],"curies":[{"name":"wp","href":"https:\/\/api.w.org\/{rel}","templated":true}]}}