{"id":121033,"date":"2016-11-10T06:03:20","date_gmt":"2016-11-10T08:03:20","guid":{"rendered":"http:\/\/www.notibras.com\/site\/?p=121033"},"modified":"2016-11-10T07:42:13","modified_gmt":"2016-11-10T09:42:13","slug":"crescimento-de-curto-prazo-nao-determina-competitividade","status":"publish","type":"post","link":"https:\/\/www.notibras.com\/site\/crescimento-de-curto-prazo-nao-determina-competitividade\/","title":{"rendered":"Crescer a curto prazo n\u00e3o determina competitividade"},"content":{"rendered":"<p><strong>Arturo Bris<\/strong><\/p>\n<p>Imagine que voc\u00ea pudesse abrir um neg\u00f3cio em qualquer parte do mundo. Qual seria a sua escolha? Antes de decidir, considere esses fatos: Os Brics (Brasil, R\u00fassia, \u00cdndia, China e \u00c1frica do Sul) n\u00e3o atingiram seus potenciais \u2013apenas o mercado de a\u00e7\u00f5es de Xangai, por exemplo, perdeu 30% de seu valor desde junho de 2015. A maioria das 36 economias mais avan\u00e7adas do mundo cresceu menos no ano passado do que em 2007, sendo as \u00fanicas exce\u00e7\u00f5es Estados Unidos, M\u00e9xico e Emirados \u00c1rabes Unidos.<\/p>\n<p>Atualmente, cerca de 25% dos t\u00edtulos p\u00fablicos em circula\u00e7\u00e3o no mundo t\u00eam taxas negativas. E, ao mesmo tempo, bancos centrais de toda parte est\u00e3o manipulando mercados de c\u00e2mbio, o que \u00e9 insustent\u00e1vel no longo prazo.<\/p>\n<p>Ent\u00e3o, onde um empreendedor s\u00e1bio deve abrir um neg\u00f3cio? A resposta est\u00e1 em economias competitivas.<\/p>\n<p>A competitividade de um pa\u00eds n\u00e3o \u00e9 determinada pelo crescimento de curto prazo, pela sua pr\u00f3pria avalia\u00e7\u00e3o de prosperidade ou mesmo pela competi\u00e7\u00e3o. Ao contr\u00e1rio, se trata da habilidade em gerar valor de longo prazo sustent\u00e1vel. Do ponto de vista de um empreendedor, um pa\u00eds que melhora sua competitividade ver\u00e1 uma subsequente melhora no PIB e crescimento no mercado de a\u00e7\u00f5es. Isso indica que a competitividade \u00e9 um fator econ\u00f4mico importante, de um jeito que o simples crescimento n\u00e3o \u00e9. O crescimento passado da economia n\u00e3o leva automaticamente a retornos no mercado de a\u00e7\u00f5es.<\/p>\n<p>A competitividade de um pa\u00eds est\u00e1 relacionada ao gerenciamento de recursos e compet\u00eancias \u2013os vetores de valor\u2013 para criar um ambiente no qual as empresas possam manter a cria\u00e7\u00e3o sustent\u00e1vel de valor. Fazer isso exige que um pa\u00eds aumente sua competitividade, melhorando seus sistemas de educa\u00e7\u00e3o e sa\u00fade, e reduzindo seu setor p\u00fablico. A reforma educacional massiva no Chile, com o objetivo de garantir que todos tenham acesso a educa\u00e7\u00e3o, significa que o pa\u00eds tem poucos recursos para desenvolver sua infraestrutura, mas educa\u00e7\u00e3o \u00e9 uma ferramenta importante para reduzir a desigualdade de renda, sendo assim um fator de competitividade.<\/p>\n<p>O modelo de competitividade do Centro de Competitividade Mundial come\u00e7a com o governo. Bons governos garantem boa regula\u00e7\u00e3o, transpar\u00eancia (sem corrup\u00e7\u00e3o), e um foco nas pessoas. Embora empregos sejam criados pelo setor privado, governos precisam desenvolver um ambiente favor\u00e1vel para que as companhias possam gerar empregos. Cingapura e os Emirados \u00c1rabes Unidos s\u00e3o bons exemplos de modelos de governo que incentivaram esses ambientes.<\/p>\n<p>Pa\u00edses que falham nessa empreitada t\u00eam menos chances de atrair investimentos. Muitos pa\u00edses em desenvolvimento, incluindo a maioria dos Brics, t\u00eam infraestrutura prec\u00e1ria (entre outras coisas), o que impede muitas organiza\u00e7\u00f5es de operar seus neg\u00f3cios. Boa regula\u00e7\u00e3o e infraestrutura s\u00e3o elementos essenciais para a cria\u00e7\u00e3o de neg\u00f3cios.<\/p>\n<p>A competitividade de um pa\u00eds tamb\u00e9m exige o desenvolvimento do setor privado para impulsionar os neg\u00f3cios e a cria\u00e7\u00e3o de empregos. Neste contexto, uma boa regula\u00e7\u00e3o, como a vista na Su\u00ed\u00e7a, \u00e9 essencial para promover o empreendedorismo e permitir que empresas atraiam capitais.<\/p>\n<p>Outra caracter\u00edstica importante para a competitividade de um pa\u00eds \u00e9 a lideran\u00e7a. Um exemplo promissor pode ser visto na Mong\u00f3lia, que recentemente descobriu a maior reserva de cobre do mundo, um achado incr\u00edvel para um pa\u00eds t\u00e3o pobre. Quando a not\u00edcia foi revelada, o presidente do pa\u00eds, Tsakhiagiin Elbegdorj, disse ser extremamente importante garantir que as receitas geradas ajudassem a popula\u00e7\u00e3o a melhorar suas vidas. Ele \u00e9 um l\u00edder com uma vis\u00e3o.<\/p>\n<p>Uma estrat\u00e9gia clara tamb\u00e9m \u00e9 um aspecto importante para a competitividade de um pa\u00eds. Pense sobre as estrat\u00e9gias que pa\u00edses v\u00eam adotando para sair da crise na Europa. A Espanha est\u00e1 encontrando sua sa\u00edda da crise, mas qual exatamente \u00e9 a sua estrat\u00e9gia?<\/p>\n<p>Frequentemente \u00e9 dif\u00edcil explicar a pol\u00edtica econ\u00f4mica de um pa\u00eds, mas um exemplo de na\u00e7\u00e3o com uma estrat\u00e9gia clara \u00e9 o M\u00e9xico. Seu presidente, Enrique Pe\u00f1a Nieto disse: &#8220;O M\u00e9xico precisa urgentemente de uma s\u00e9rie de reformas estruturais que ir\u00e3o gerar mais bem-estar p\u00fablico&#8221;.<\/p>\n<p>A estrat\u00e9gia n\u00e3o deve apenas dar solu\u00e7\u00f5es a problemas de curto prazo, mas tamb\u00e9m focar naqueles de longo prazo, j\u00e1 que um dos principais vetores de competitividade \u00e9 a orienta\u00e7\u00e3o de longo prazo. Por\u00e9m, a dificuldade aqui est\u00e1 no fato de que a maioria dos sistemas pol\u00edticos impede a vis\u00e3o de longo prazo porque os l\u00edderes tendem a focar em ganhos r\u00e1pidos em um esfor\u00e7o para ganhar a pr\u00f3xima elei\u00e7\u00e3o.<\/p>\n<p>Cada pa\u00eds deve desenvolver uma estrutura e estrat\u00e9gia que seja relevante para o seu pr\u00f3prio contexto. Aprender com boas pr\u00e1ticas \u00e9 uma coisa, mas copiar o modelo de competitividade de outro pa\u00eds n\u00e3o \u00e9 uma boa ideia, pois dois pa\u00edses n\u00e3o t\u00eam o mesmo contexto.<\/p>\n<p>Como disse St\u00e9phane Garelli, ex-diretora do Centro de Competitividade Mundial do IMD: &#8220;N\u00e3o importa para qual pa\u00eds voc\u00ea v\u00e1, a salada ser\u00e1 diferente. N\u00e3o significa que ela ser\u00e1 melhor, simplesmente ser\u00e1 diferente&#8221;.<\/p>\n<p>Finalmente, pa\u00edses que devem focar em reformas institucionais em vez de crescimento econ\u00f4mico, j\u00e1 que institui\u00e7\u00f5es \u2013isto \u00e9, uma organiza\u00e7\u00e3o de pessoas que compartilham um objetivo claro\u2013 s\u00e3o vetores importantes de competitividade.<\/p>\n<p>Ent\u00e3o, de volta a nossa pergunta original: onde voc\u00ea deve iniciar um novo neg\u00f3cio? Nossa pesquisa sugere que voc\u00ea deve escolher um pa\u00eds determinado a ser competitivo. Busque por um com lideran\u00e7a, vis\u00e3o de longo prazo, uma estrat\u00e9gia clara, focada e \u00fanica, e desenvolvimento que apoie tanto empresas privadas quanto institui\u00e7\u00f5es.<\/p>\n","protected":false},"excerpt":{"rendered":"<p>Arturo Bris Imagine que voc\u00ea pudesse abrir um neg\u00f3cio em qualquer parte do mundo. Qual seria a sua escolha? Antes de decidir, considere esses fatos: Os Brics (Brasil, R\u00fassia, \u00cdndia, China e \u00c1frica do Sul) n\u00e3o atingiram seus potenciais \u2013apenas o mercado de a\u00e7\u00f5es de Xangai, por exemplo, perdeu 30% de seu valor desde junho [&hellip;]<\/p>\n","protected":false},"author":2,"featured_media":121098,"comment_status":"open","ping_status":"closed","sticky":false,"template":"","format":"standard","meta":{"_acf_changed":false,"footnotes":""},"categories":[25],"tags":[],"class_list":["post-121033","post","type-post","status-publish","format-standard","has-post-thumbnail","hentry","category-opina-ai"],"acf":[],"yoast_head":"<!-- This site is optimized with the Yoast SEO plugin v27.5 - https:\/\/yoast.com\/product\/yoast-seo-wordpress\/ -->\n<title>Crescer a curto prazo n\u00e3o determina competitividade - Notibras<\/title>\n<meta name=\"robots\" content=\"index, follow, max-snippet:-1, max-image-preview:large, max-video-preview:-1\" \/>\n<link rel=\"canonical\" href=\"https:\/\/www.notibras.com\/site\/crescimento-de-curto-prazo-nao-determina-competitividade\/\" \/>\n<meta property=\"og:locale\" content=\"pt_BR\" \/>\n<meta property=\"og:type\" content=\"article\" \/>\n<meta property=\"og:title\" content=\"Crescer a curto prazo n\u00e3o determina competitividade - Notibras\" \/>\n<meta property=\"og:description\" content=\"Arturo Bris Imagine que voc\u00ea pudesse abrir um neg\u00f3cio em qualquer parte do mundo. Qual seria a sua escolha? Antes de decidir, considere esses fatos: Os Brics (Brasil, R\u00fassia, \u00cdndia, China e \u00c1frica do Sul) n\u00e3o atingiram seus potenciais \u2013apenas o mercado de a\u00e7\u00f5es de Xangai, por exemplo, perdeu 30% de seu valor desde junho [&hellip;]\" \/>\n<meta property=\"og:url\" content=\"https:\/\/www.notibras.com\/site\/crescimento-de-curto-prazo-nao-determina-competitividade\/\" \/>\n<meta property=\"og:site_name\" content=\"Notibras\" \/>\n<meta property=\"article:publisher\" content=\"https:\/\/www.facebook.com\/notibras\/\" \/>\n<meta property=\"article:published_time\" content=\"2016-11-10T08:03:20+00:00\" \/>\n<meta property=\"article:modified_time\" content=\"2016-11-10T09:42:13+00:00\" \/>\n<meta property=\"og:image\" content=\"https:\/\/www.notibras.com\/site\/wp-content\/uploads\/2016\/11\/real-dinheiro.jpg\" \/>\n\t<meta property=\"og:image:width\" content=\"900\" \/>\n\t<meta property=\"og:image:height\" content=\"600\" \/>\n\t<meta property=\"og:image:type\" content=\"image\/jpeg\" \/>\n<meta name=\"author\" content=\"Reda\u00e7\u00e3o\" \/>\n<meta name=\"twitter:card\" content=\"summary_large_image\" \/>\n<meta name=\"twitter:creator\" content=\"@Notibras\" \/>\n<meta name=\"twitter:site\" content=\"@Notibras\" \/>\n<meta name=\"twitter:label1\" content=\"Escrito por\" \/>\n\t<meta name=\"twitter:data1\" content=\"Reda\u00e7\u00e3o\" \/>\n\t<meta name=\"twitter:label2\" content=\"Est. tempo de leitura\" \/>\n\t<meta name=\"twitter:data2\" content=\"5 minutos\" \/>\n<script type=\"application\/ld+json\" class=\"yoast-schema-graph\">{\"@context\":\"https:\\\/\\\/schema.org\",\"@graph\":[{\"@type\":\"Article\",\"@id\":\"https:\\\/\\\/www.notibras.com\\\/site\\\/crescimento-de-curto-prazo-nao-determina-competitividade\\\/#article\",\"isPartOf\":{\"@id\":\"https:\\\/\\\/www.notibras.com\\\/site\\\/crescimento-de-curto-prazo-nao-determina-competitividade\\\/\"},\"author\":{\"name\":\"Reda\u00e7\u00e3o\",\"@id\":\"https:\\\/\\\/www.notibras.com\\\/site\\\/#\\\/schema\\\/person\\\/36ab0979449956132d3e5b517ea76ac8\"},\"headline\":\"Crescer a curto prazo n\u00e3o determina competitividade\",\"datePublished\":\"2016-11-10T08:03:20+00:00\",\"dateModified\":\"2016-11-10T09:42:13+00:00\",\"mainEntityOfPage\":{\"@id\":\"https:\\\/\\\/www.notibras.com\\\/site\\\/crescimento-de-curto-prazo-nao-determina-competitividade\\\/\"},\"wordCount\":992,\"commentCount\":0,\"publisher\":{\"@id\":\"https:\\\/\\\/www.notibras.com\\\/site\\\/#organization\"},\"image\":{\"@id\":\"https:\\\/\\\/www.notibras.com\\\/site\\\/crescimento-de-curto-prazo-nao-determina-competitividade\\\/#primaryimage\"},\"thumbnailUrl\":\"https:\\\/\\\/www.notibras.com\\\/site\\\/wp-content\\\/uploads\\\/2016\\\/11\\\/real-dinheiro.jpg\",\"articleSection\":[\"Opina a\u00ed\"],\"inLanguage\":\"pt-BR\",\"potentialAction\":[{\"@type\":\"CommentAction\",\"name\":\"Comment\",\"target\":[\"https:\\\/\\\/www.notibras.com\\\/site\\\/crescimento-de-curto-prazo-nao-determina-competitividade\\\/#respond\"]}]},{\"@type\":\"WebPage\",\"@id\":\"https:\\\/\\\/www.notibras.com\\\/site\\\/crescimento-de-curto-prazo-nao-determina-competitividade\\\/\",\"url\":\"https:\\\/\\\/www.notibras.com\\\/site\\\/crescimento-de-curto-prazo-nao-determina-competitividade\\\/\",\"name\":\"Crescer a curto prazo n\u00e3o determina competitividade - Notibras\",\"isPartOf\":{\"@id\":\"https:\\\/\\\/www.notibras.com\\\/site\\\/#website\"},\"primaryImageOfPage\":{\"@id\":\"https:\\\/\\\/www.notibras.com\\\/site\\\/crescimento-de-curto-prazo-nao-determina-competitividade\\\/#primaryimage\"},\"image\":{\"@id\":\"https:\\\/\\\/www.notibras.com\\\/site\\\/crescimento-de-curto-prazo-nao-determina-competitividade\\\/#primaryimage\"},\"thumbnailUrl\":\"https:\\\/\\\/www.notibras.com\\\/site\\\/wp-content\\\/uploads\\\/2016\\\/11\\\/real-dinheiro.jpg\",\"datePublished\":\"2016-11-10T08:03:20+00:00\",\"dateModified\":\"2016-11-10T09:42:13+00:00\",\"breadcrumb\":{\"@id\":\"https:\\\/\\\/www.notibras.com\\\/site\\\/crescimento-de-curto-prazo-nao-determina-competitividade\\\/#breadcrumb\"},\"inLanguage\":\"pt-BR\",\"potentialAction\":[{\"@type\":\"ReadAction\",\"target\":[\"https:\\\/\\\/www.notibras.com\\\/site\\\/crescimento-de-curto-prazo-nao-determina-competitividade\\\/\"]}]},{\"@type\":\"ImageObject\",\"inLanguage\":\"pt-BR\",\"@id\":\"https:\\\/\\\/www.notibras.com\\\/site\\\/crescimento-de-curto-prazo-nao-determina-competitividade\\\/#primaryimage\",\"url\":\"https:\\\/\\\/www.notibras.com\\\/site\\\/wp-content\\\/uploads\\\/2016\\\/11\\\/real-dinheiro.jpg\",\"contentUrl\":\"https:\\\/\\\/www.notibras.com\\\/site\\\/wp-content\\\/uploads\\\/2016\\\/11\\\/real-dinheiro.jpg\",\"width\":900,\"height\":600,\"caption\":\"Foto\\\/Arquivo Notibras\"},{\"@type\":\"BreadcrumbList\",\"@id\":\"https:\\\/\\\/www.notibras.com\\\/site\\\/crescimento-de-curto-prazo-nao-determina-competitividade\\\/#breadcrumb\",\"itemListElement\":[{\"@type\":\"ListItem\",\"position\":1,\"name\":\"In\u00edcio\",\"item\":\"https:\\\/\\\/www.notibras.com\\\/site\\\/\"},{\"@type\":\"ListItem\",\"position\":2,\"name\":\"Crescer a curto prazo n\u00e3o determina competitividade\"}]},{\"@type\":\"WebSite\",\"@id\":\"https:\\\/\\\/www.notibras.com\\\/site\\\/#website\",\"url\":\"https:\\\/\\\/www.notibras.com\\\/site\\\/\",\"name\":\"Notibras\",\"description\":\"Not\u00edcias de Bras\u00edlia, do Brasil e do Mundo\",\"publisher\":{\"@id\":\"https:\\\/\\\/www.notibras.com\\\/site\\\/#organization\"},\"potentialAction\":[{\"@type\":\"SearchAction\",\"target\":{\"@type\":\"EntryPoint\",\"urlTemplate\":\"https:\\\/\\\/www.notibras.com\\\/site\\\/?s={search_term_string}\"},\"query-input\":{\"@type\":\"PropertyValueSpecification\",\"valueRequired\":true,\"valueName\":\"search_term_string\"}}],\"inLanguage\":\"pt-BR\"},{\"@type\":\"Organization\",\"@id\":\"https:\\\/\\\/www.notibras.com\\\/site\\\/#organization\",\"name\":\"Grupo Notibras de Comunica\u00e7\u00e3o\",\"url\":\"https:\\\/\\\/www.notibras.com\\\/site\\\/\",\"logo\":{\"@type\":\"ImageObject\",\"inLanguage\":\"pt-BR\",\"@id\":\"https:\\\/\\\/www.notibras.com\\\/site\\\/#\\\/schema\\\/logo\\\/image\\\/\",\"url\":\"https:\\\/\\\/www.notibras.com\\\/site\\\/wp-content\\\/uploads\\\/2023\\\/01\\\/notibras23.png\",\"contentUrl\":\"https:\\\/\\\/www.notibras.com\\\/site\\\/wp-content\\\/uploads\\\/2023\\\/01\\\/notibras23.png\",\"width\":350,\"height\":87,\"caption\":\"Grupo Notibras de Comunica\u00e7\u00e3o\"},\"image\":{\"@id\":\"https:\\\/\\\/www.notibras.com\\\/site\\\/#\\\/schema\\\/logo\\\/image\\\/\"},\"sameAs\":[\"https:\\\/\\\/www.facebook.com\\\/notibras\\\/\",\"https:\\\/\\\/x.com\\\/Notibras\",\"https:\\\/\\\/www.instagram.com\\\/notibras\\\/\"]},{\"@type\":\"Person\",\"@id\":\"https:\\\/\\\/www.notibras.com\\\/site\\\/#\\\/schema\\\/person\\\/36ab0979449956132d3e5b517ea76ac8\",\"name\":\"Reda\u00e7\u00e3o\",\"image\":{\"@type\":\"ImageObject\",\"inLanguage\":\"pt-BR\",\"@id\":\"https:\\\/\\\/secure.gravatar.com\\\/avatar\\\/e0a867bdedb85fd243eadf09663511f96fc81e0720a4a42581f334ad4303aa6b?s=96&d=mm&r=g\",\"url\":\"https:\\\/\\\/secure.gravatar.com\\\/avatar\\\/e0a867bdedb85fd243eadf09663511f96fc81e0720a4a42581f334ad4303aa6b?s=96&d=mm&r=g\",\"contentUrl\":\"https:\\\/\\\/secure.gravatar.com\\\/avatar\\\/e0a867bdedb85fd243eadf09663511f96fc81e0720a4a42581f334ad4303aa6b?s=96&d=mm&r=g\",\"caption\":\"Reda\u00e7\u00e3o\"}}]}<\/script>\n<!-- \/ Yoast SEO plugin. -->","yoast_head_json":{"title":"Crescer a curto prazo n\u00e3o determina competitividade - Notibras","robots":{"index":"index","follow":"follow","max-snippet":"max-snippet:-1","max-image-preview":"max-image-preview:large","max-video-preview":"max-video-preview:-1"},"canonical":"https:\/\/www.notibras.com\/site\/crescimento-de-curto-prazo-nao-determina-competitividade\/","og_locale":"pt_BR","og_type":"article","og_title":"Crescer a curto prazo n\u00e3o determina competitividade - Notibras","og_description":"Arturo Bris Imagine que voc\u00ea pudesse abrir um neg\u00f3cio em qualquer parte do mundo. Qual seria a sua escolha? Antes de decidir, considere esses fatos: Os Brics (Brasil, R\u00fassia, \u00cdndia, China e \u00c1frica do Sul) n\u00e3o atingiram seus potenciais \u2013apenas o mercado de a\u00e7\u00f5es de Xangai, por exemplo, perdeu 30% de seu valor desde junho [&hellip;]","og_url":"https:\/\/www.notibras.com\/site\/crescimento-de-curto-prazo-nao-determina-competitividade\/","og_site_name":"Notibras","article_publisher":"https:\/\/www.facebook.com\/notibras\/","article_published_time":"2016-11-10T08:03:20+00:00","article_modified_time":"2016-11-10T09:42:13+00:00","og_image":[{"width":900,"height":600,"url":"https:\/\/www.notibras.com\/site\/wp-content\/uploads\/2016\/11\/real-dinheiro.jpg","type":"image\/jpeg"}],"author":"Reda\u00e7\u00e3o","twitter_card":"summary_large_image","twitter_creator":"@Notibras","twitter_site":"@Notibras","twitter_misc":{"Escrito por":"Reda\u00e7\u00e3o","Est. tempo de leitura":"5 minutos"},"schema":{"@context":"https:\/\/schema.org","@graph":[{"@type":"Article","@id":"https:\/\/www.notibras.com\/site\/crescimento-de-curto-prazo-nao-determina-competitividade\/#article","isPartOf":{"@id":"https:\/\/www.notibras.com\/site\/crescimento-de-curto-prazo-nao-determina-competitividade\/"},"author":{"name":"Reda\u00e7\u00e3o","@id":"https:\/\/www.notibras.com\/site\/#\/schema\/person\/36ab0979449956132d3e5b517ea76ac8"},"headline":"Crescer a curto prazo n\u00e3o determina competitividade","datePublished":"2016-11-10T08:03:20+00:00","dateModified":"2016-11-10T09:42:13+00:00","mainEntityOfPage":{"@id":"https:\/\/www.notibras.com\/site\/crescimento-de-curto-prazo-nao-determina-competitividade\/"},"wordCount":992,"commentCount":0,"publisher":{"@id":"https:\/\/www.notibras.com\/site\/#organization"},"image":{"@id":"https:\/\/www.notibras.com\/site\/crescimento-de-curto-prazo-nao-determina-competitividade\/#primaryimage"},"thumbnailUrl":"https:\/\/www.notibras.com\/site\/wp-content\/uploads\/2016\/11\/real-dinheiro.jpg","articleSection":["Opina a\u00ed"],"inLanguage":"pt-BR","potentialAction":[{"@type":"CommentAction","name":"Comment","target":["https:\/\/www.notibras.com\/site\/crescimento-de-curto-prazo-nao-determina-competitividade\/#respond"]}]},{"@type":"WebPage","@id":"https:\/\/www.notibras.com\/site\/crescimento-de-curto-prazo-nao-determina-competitividade\/","url":"https:\/\/www.notibras.com\/site\/crescimento-de-curto-prazo-nao-determina-competitividade\/","name":"Crescer a curto prazo n\u00e3o determina competitividade - Notibras","isPartOf":{"@id":"https:\/\/www.notibras.com\/site\/#website"},"primaryImageOfPage":{"@id":"https:\/\/www.notibras.com\/site\/crescimento-de-curto-prazo-nao-determina-competitividade\/#primaryimage"},"image":{"@id":"https:\/\/www.notibras.com\/site\/crescimento-de-curto-prazo-nao-determina-competitividade\/#primaryimage"},"thumbnailUrl":"https:\/\/www.notibras.com\/site\/wp-content\/uploads\/2016\/11\/real-dinheiro.jpg","datePublished":"2016-11-10T08:03:20+00:00","dateModified":"2016-11-10T09:42:13+00:00","breadcrumb":{"@id":"https:\/\/www.notibras.com\/site\/crescimento-de-curto-prazo-nao-determina-competitividade\/#breadcrumb"},"inLanguage":"pt-BR","potentialAction":[{"@type":"ReadAction","target":["https:\/\/www.notibras.com\/site\/crescimento-de-curto-prazo-nao-determina-competitividade\/"]}]},{"@type":"ImageObject","inLanguage":"pt-BR","@id":"https:\/\/www.notibras.com\/site\/crescimento-de-curto-prazo-nao-determina-competitividade\/#primaryimage","url":"https:\/\/www.notibras.com\/site\/wp-content\/uploads\/2016\/11\/real-dinheiro.jpg","contentUrl":"https:\/\/www.notibras.com\/site\/wp-content\/uploads\/2016\/11\/real-dinheiro.jpg","width":900,"height":600,"caption":"Foto\/Arquivo Notibras"},{"@type":"BreadcrumbList","@id":"https:\/\/www.notibras.com\/site\/crescimento-de-curto-prazo-nao-determina-competitividade\/#breadcrumb","itemListElement":[{"@type":"ListItem","position":1,"name":"In\u00edcio","item":"https:\/\/www.notibras.com\/site\/"},{"@type":"ListItem","position":2,"name":"Crescer a curto prazo n\u00e3o determina competitividade"}]},{"@type":"WebSite","@id":"https:\/\/www.notibras.com\/site\/#website","url":"https:\/\/www.notibras.com\/site\/","name":"Notibras","description":"Not\u00edcias de Bras\u00edlia, do Brasil e do Mundo","publisher":{"@id":"https:\/\/www.notibras.com\/site\/#organization"},"potentialAction":[{"@type":"SearchAction","target":{"@type":"EntryPoint","urlTemplate":"https:\/\/www.notibras.com\/site\/?s={search_term_string}"},"query-input":{"@type":"PropertyValueSpecification","valueRequired":true,"valueName":"search_term_string"}}],"inLanguage":"pt-BR"},{"@type":"Organization","@id":"https:\/\/www.notibras.com\/site\/#organization","name":"Grupo Notibras de Comunica\u00e7\u00e3o","url":"https:\/\/www.notibras.com\/site\/","logo":{"@type":"ImageObject","inLanguage":"pt-BR","@id":"https:\/\/www.notibras.com\/site\/#\/schema\/logo\/image\/","url":"https:\/\/www.notibras.com\/site\/wp-content\/uploads\/2023\/01\/notibras23.png","contentUrl":"https:\/\/www.notibras.com\/site\/wp-content\/uploads\/2023\/01\/notibras23.png","width":350,"height":87,"caption":"Grupo Notibras de Comunica\u00e7\u00e3o"},"image":{"@id":"https:\/\/www.notibras.com\/site\/#\/schema\/logo\/image\/"},"sameAs":["https:\/\/www.facebook.com\/notibras\/","https:\/\/x.com\/Notibras","https:\/\/www.instagram.com\/notibras\/"]},{"@type":"Person","@id":"https:\/\/www.notibras.com\/site\/#\/schema\/person\/36ab0979449956132d3e5b517ea76ac8","name":"Reda\u00e7\u00e3o","image":{"@type":"ImageObject","inLanguage":"pt-BR","@id":"https:\/\/secure.gravatar.com\/avatar\/e0a867bdedb85fd243eadf09663511f96fc81e0720a4a42581f334ad4303aa6b?s=96&d=mm&r=g","url":"https:\/\/secure.gravatar.com\/avatar\/e0a867bdedb85fd243eadf09663511f96fc81e0720a4a42581f334ad4303aa6b?s=96&d=mm&r=g","contentUrl":"https:\/\/secure.gravatar.com\/avatar\/e0a867bdedb85fd243eadf09663511f96fc81e0720a4a42581f334ad4303aa6b?s=96&d=mm&r=g","caption":"Reda\u00e7\u00e3o"}}]}},"amp_enabled":true,"_links":{"self":[{"href":"https:\/\/www.notibras.com\/site\/wp-json\/wp\/v2\/posts\/121033","targetHints":{"allow":["GET"]}}],"collection":[{"href":"https:\/\/www.notibras.com\/site\/wp-json\/wp\/v2\/posts"}],"about":[{"href":"https:\/\/www.notibras.com\/site\/wp-json\/wp\/v2\/types\/post"}],"author":[{"embeddable":true,"href":"https:\/\/www.notibras.com\/site\/wp-json\/wp\/v2\/users\/2"}],"replies":[{"embeddable":true,"href":"https:\/\/www.notibras.com\/site\/wp-json\/wp\/v2\/comments?post=121033"}],"version-history":[{"count":3,"href":"https:\/\/www.notibras.com\/site\/wp-json\/wp\/v2\/posts\/121033\/revisions"}],"predecessor-version":[{"id":121059,"href":"https:\/\/www.notibras.com\/site\/wp-json\/wp\/v2\/posts\/121033\/revisions\/121059"}],"wp:featuredmedia":[{"embeddable":true,"href":"https:\/\/www.notibras.com\/site\/wp-json\/wp\/v2\/media\/121098"}],"wp:attachment":[{"href":"https:\/\/www.notibras.com\/site\/wp-json\/wp\/v2\/media?parent=121033"}],"wp:term":[{"taxonomy":"category","embeddable":true,"href":"https:\/\/www.notibras.com\/site\/wp-json\/wp\/v2\/categories?post=121033"},{"taxonomy":"post_tag","embeddable":true,"href":"https:\/\/www.notibras.com\/site\/wp-json\/wp\/v2\/tags?post=121033"}],"curies":[{"name":"wp","href":"https:\/\/api.w.org\/{rel}","templated":true}]}}