{"id":121135,"date":"2016-11-11T04:52:20","date_gmt":"2016-11-11T06:52:20","guid":{"rendered":"http:\/\/www.notibras.com\/site\/?p=121135"},"modified":"2016-11-11T04:52:20","modified_gmt":"2016-11-11T06:52:20","slug":"alquimia-marxista-criminaliza-movimentos-sociais","status":"publish","type":"post","link":"https:\/\/www.notibras.com\/site\/alquimia-marxista-criminaliza-movimentos-sociais\/","title":{"rendered":"Alquimia marxista criminaliza movimentos sociais"},"content":{"rendered":"<p><strong>Percival Puggina<\/strong><\/p>\n<p>O leitor destas linhas deve saber que foi instalada em nossos h\u00e1bitos e costumes uma distin\u00e7\u00e3o entre o crime contra o patrim\u00f4nio praticado por um e o mesmo crime praticado por muitos. O &#8220;coletivo&#8221; da segunda situa\u00e7\u00e3o permite atribuir-lhe a caracter\u00edstica de movimento social, ideologicamente credor de benevol\u00eancia e rever\u00eancia. As raz\u00f5es pelas quais as coisas se passam assim no Brasil permanecem envoltas pelos mist\u00e9rios inerentes \u00e0 alquimia marxista.<\/p>\n<p>Tremem as luzes do intelecto, borbulham as retortas cerebrais, fumegam os neur\u00f4nios e pronto: afirmar que qualquer dos ditos movimentos sociais violou dispositivo do C\u00f3digo Penal torna-se pura e simples criminaliza\u00e7\u00e3o do movimento e isso n\u00e3o \u00e9 coisa que se fa\u00e7a.<\/p>\n<p>O MST j\u00e1 conta 32 anos empenhado em crescente pluralidade de causas, entre as quais a que menos importa \u00e9 a reforma agr\u00e1ria. At\u00e9 o PT, com o tempo, descobriu que desapropriar terra para assentar o pessoal indicado pelo MST \u00e9 jogar dinheiro fora.<\/p>\n<p>Sob o ponto de vista pol\u00edtico, resulta mais eficiente e mais barato dar dinheiro para o movimento e bolsa fam\u00edlia para seus militantes. Tanto isso \u00e9 verdade que ap\u00f3s 13 anos e quatro governos federais petistas, Michel Temer esquentava sua cadeira h\u00e1 apenas uma semana quando o MST lhe apareceu com extensa pauta de reivindica\u00e7\u00f5es. Sem nenhum constrangimento.<\/p>\n<p>Denunciar a &#8220;criminaliza\u00e7\u00e3o&#8221; dos movimentos sociais \u00e9 ato de extrema ast\u00facia, cujo objetivo consiste em criminalizar a den\u00fancia do ato criminoso. Hoje, s\u00e3o condutas e express\u00f5es insepar\u00e1veis. Basta que algu\u00e9m denuncie ou reaja a um crime contra a propriedade privada ou p\u00fablica praticado por muitos para que, imediatamente, passe a ser acusado de estar criminalizando movimento social. Esta acusa\u00e7\u00e3o pretende conseguir (e pela insist\u00eancia e repeti\u00e7\u00e3o consegue) que o denunciante seja percebido como r\u00e9u ele mesmo.<\/p>\n<p>Invertem-se as culpas e responsabilidades. Gra\u00e7as a isso, o MST e os ex\u00e9rcitos rurais do senhor St\u00e9dile sempre agem impunemente. Gra\u00e7as a isso, as mil\u00edcias urbanas do MTST e do senhor Boulos obt\u00eam a mesma prote\u00e7\u00e3o. Gra\u00e7as a isso, os truculentos m\u00e1scaras-negras do senhor Freixo, conhecidos pela alcunha de Black Blocs, podem queimar lixeiras e espatifar vidra\u00e7as sem serem tolhidos. Gra\u00e7as a isso, tamb\u00e9m, os adolescentes intelectualmente abusados por professores militantes podem invadir escolas e pr\u00e9dios p\u00fablicos sem serem perturbados pelas institui\u00e7\u00f5es da Rep\u00fablica. E por a\u00ed vai a semeadura cultural da impunidade.<\/p>\n<p>Se o leitor destas linhas observar a rea\u00e7\u00e3o desses mesmos grupos, bem como a dos partidos e lideran\u00e7as pol\u00edticos que os sustentam, perceber\u00e1 que a mesma estrat\u00e9gia est\u00e1 sendo aplicada em rela\u00e7\u00e3o \u00e0 for\u00e7a-tarefa da Lava Jato e, especialmente, ao juiz S\u00e9rgio Moro. Atacam os delegados, os procuradores e o juiz por estarem &#8220;criminalizando&#8221; condutas criminosas. O petrol\u00e3o n\u00e3o foi um movimento social. Foi mais um movimento societ\u00e1rio. Mas a Lava Jato est\u00e1 criminalizando a corrup\u00e7\u00e3o e isso deixa muita gente indignada.<\/p>\n","protected":false},"excerpt":{"rendered":"<p>Percival Puggina O leitor destas linhas deve saber que foi instalada em nossos h\u00e1bitos e costumes uma distin\u00e7\u00e3o entre o crime contra o patrim\u00f4nio praticado por um e o mesmo crime praticado por muitos. O &#8220;coletivo&#8221; da segunda situa\u00e7\u00e3o permite atribuir-lhe a caracter\u00edstica de movimento social, ideologicamente credor de benevol\u00eancia e rever\u00eancia. As raz\u00f5es pelas [&hellip;]<\/p>\n","protected":false},"author":2,"featured_media":121136,"comment_status":"open","ping_status":"closed","sticky":false,"template":"","format":"standard","meta":{"_acf_changed":false,"footnotes":""},"categories":[25],"tags":[],"class_list":["post-121135","post","type-post","status-publish","format-standard","has-post-thumbnail","hentry","category-opina-ai"],"acf":[],"yoast_head":"<!-- This site is optimized with the Yoast SEO plugin v27.5 - https:\/\/yoast.com\/product\/yoast-seo-wordpress\/ -->\n<title>Alquimia marxista criminaliza movimentos sociais - Notibras<\/title>\n<meta name=\"robots\" content=\"index, follow, max-snippet:-1, max-image-preview:large, max-video-preview:-1\" \/>\n<link rel=\"canonical\" href=\"https:\/\/www.notibras.com\/site\/alquimia-marxista-criminaliza-movimentos-sociais\/\" \/>\n<meta property=\"og:locale\" content=\"pt_BR\" \/>\n<meta property=\"og:type\" content=\"article\" \/>\n<meta property=\"og:title\" content=\"Alquimia marxista criminaliza movimentos sociais - Notibras\" \/>\n<meta property=\"og:description\" content=\"Percival Puggina O leitor destas linhas deve saber que foi instalada em nossos h\u00e1bitos e costumes uma distin\u00e7\u00e3o entre o crime contra o patrim\u00f4nio praticado por um e o mesmo crime praticado por muitos. O &#8220;coletivo&#8221; da segunda situa\u00e7\u00e3o permite atribuir-lhe a caracter\u00edstica de movimento social, ideologicamente credor de benevol\u00eancia e rever\u00eancia. As raz\u00f5es pelas [&hellip;]\" \/>\n<meta property=\"og:url\" content=\"https:\/\/www.notibras.com\/site\/alquimia-marxista-criminaliza-movimentos-sociais\/\" \/>\n<meta property=\"og:site_name\" content=\"Notibras\" \/>\n<meta property=\"article:publisher\" content=\"https:\/\/www.facebook.com\/notibras\/\" \/>\n<meta property=\"article:published_time\" content=\"2016-11-11T06:52:20+00:00\" \/>\n<meta property=\"og:image\" content=\"https:\/\/www.notibras.com\/site\/wp-content\/uploads\/2016\/11\/21197776119_60be13b4b1_b.jpg\" \/>\n\t<meta property=\"og:image:width\" content=\"1024\" \/>\n\t<meta property=\"og:image:height\" content=\"683\" \/>\n\t<meta property=\"og:image:type\" content=\"image\/jpeg\" \/>\n<meta name=\"author\" content=\"Reda\u00e7\u00e3o\" \/>\n<meta name=\"twitter:card\" content=\"summary_large_image\" \/>\n<meta name=\"twitter:creator\" content=\"@Notibras\" \/>\n<meta name=\"twitter:site\" content=\"@Notibras\" \/>\n<meta name=\"twitter:label1\" content=\"Escrito por\" \/>\n\t<meta name=\"twitter:data1\" content=\"Reda\u00e7\u00e3o\" \/>\n\t<meta name=\"twitter:label2\" content=\"Est. tempo de leitura\" \/>\n\t<meta name=\"twitter:data2\" content=\"3 minutos\" \/>\n<script type=\"application\/ld+json\" class=\"yoast-schema-graph\">{\"@context\":\"https:\\\/\\\/schema.org\",\"@graph\":[{\"@type\":\"Article\",\"@id\":\"https:\\\/\\\/www.notibras.com\\\/site\\\/alquimia-marxista-criminaliza-movimentos-sociais\\\/#article\",\"isPartOf\":{\"@id\":\"https:\\\/\\\/www.notibras.com\\\/site\\\/alquimia-marxista-criminaliza-movimentos-sociais\\\/\"},\"author\":{\"name\":\"Reda\u00e7\u00e3o\",\"@id\":\"https:\\\/\\\/www.notibras.com\\\/site\\\/#\\\/schema\\\/person\\\/36ab0979449956132d3e5b517ea76ac8\"},\"headline\":\"Alquimia marxista criminaliza movimentos sociais\",\"datePublished\":\"2016-11-11T06:52:20+00:00\",\"mainEntityOfPage\":{\"@id\":\"https:\\\/\\\/www.notibras.com\\\/site\\\/alquimia-marxista-criminaliza-movimentos-sociais\\\/\"},\"wordCount\":519,\"commentCount\":0,\"publisher\":{\"@id\":\"https:\\\/\\\/www.notibras.com\\\/site\\\/#organization\"},\"image\":{\"@id\":\"https:\\\/\\\/www.notibras.com\\\/site\\\/alquimia-marxista-criminaliza-movimentos-sociais\\\/#primaryimage\"},\"thumbnailUrl\":\"https:\\\/\\\/www.notibras.com\\\/site\\\/wp-content\\\/uploads\\\/2016\\\/11\\\/21197776119_60be13b4b1_b.jpg\",\"articleSection\":[\"Opina a\u00ed\"],\"inLanguage\":\"pt-BR\",\"potentialAction\":[{\"@type\":\"CommentAction\",\"name\":\"Comment\",\"target\":[\"https:\\\/\\\/www.notibras.com\\\/site\\\/alquimia-marxista-criminaliza-movimentos-sociais\\\/#respond\"]}]},{\"@type\":\"WebPage\",\"@id\":\"https:\\\/\\\/www.notibras.com\\\/site\\\/alquimia-marxista-criminaliza-movimentos-sociais\\\/\",\"url\":\"https:\\\/\\\/www.notibras.com\\\/site\\\/alquimia-marxista-criminaliza-movimentos-sociais\\\/\",\"name\":\"Alquimia marxista criminaliza movimentos sociais - Notibras\",\"isPartOf\":{\"@id\":\"https:\\\/\\\/www.notibras.com\\\/site\\\/#website\"},\"primaryImageOfPage\":{\"@id\":\"https:\\\/\\\/www.notibras.com\\\/site\\\/alquimia-marxista-criminaliza-movimentos-sociais\\\/#primaryimage\"},\"image\":{\"@id\":\"https:\\\/\\\/www.notibras.com\\\/site\\\/alquimia-marxista-criminaliza-movimentos-sociais\\\/#primaryimage\"},\"thumbnailUrl\":\"https:\\\/\\\/www.notibras.com\\\/site\\\/wp-content\\\/uploads\\\/2016\\\/11\\\/21197776119_60be13b4b1_b.jpg\",\"datePublished\":\"2016-11-11T06:52:20+00:00\",\"breadcrumb\":{\"@id\":\"https:\\\/\\\/www.notibras.com\\\/site\\\/alquimia-marxista-criminaliza-movimentos-sociais\\\/#breadcrumb\"},\"inLanguage\":\"pt-BR\",\"potentialAction\":[{\"@type\":\"ReadAction\",\"target\":[\"https:\\\/\\\/www.notibras.com\\\/site\\\/alquimia-marxista-criminaliza-movimentos-sociais\\\/\"]}]},{\"@type\":\"ImageObject\",\"inLanguage\":\"pt-BR\",\"@id\":\"https:\\\/\\\/www.notibras.com\\\/site\\\/alquimia-marxista-criminaliza-movimentos-sociais\\\/#primaryimage\",\"url\":\"https:\\\/\\\/www.notibras.com\\\/site\\\/wp-content\\\/uploads\\\/2016\\\/11\\\/21197776119_60be13b4b1_b.jpg\",\"contentUrl\":\"https:\\\/\\\/www.notibras.com\\\/site\\\/wp-content\\\/uploads\\\/2016\\\/11\\\/21197776119_60be13b4b1_b.jpg\",\"width\":1024,\"height\":683},{\"@type\":\"BreadcrumbList\",\"@id\":\"https:\\\/\\\/www.notibras.com\\\/site\\\/alquimia-marxista-criminaliza-movimentos-sociais\\\/#breadcrumb\",\"itemListElement\":[{\"@type\":\"ListItem\",\"position\":1,\"name\":\"In\u00edcio\",\"item\":\"https:\\\/\\\/www.notibras.com\\\/site\\\/\"},{\"@type\":\"ListItem\",\"position\":2,\"name\":\"Alquimia marxista criminaliza movimentos sociais\"}]},{\"@type\":\"WebSite\",\"@id\":\"https:\\\/\\\/www.notibras.com\\\/site\\\/#website\",\"url\":\"https:\\\/\\\/www.notibras.com\\\/site\\\/\",\"name\":\"Notibras\",\"description\":\"Not\u00edcias de Bras\u00edlia, do Brasil e do Mundo\",\"publisher\":{\"@id\":\"https:\\\/\\\/www.notibras.com\\\/site\\\/#organization\"},\"potentialAction\":[{\"@type\":\"SearchAction\",\"target\":{\"@type\":\"EntryPoint\",\"urlTemplate\":\"https:\\\/\\\/www.notibras.com\\\/site\\\/?s={search_term_string}\"},\"query-input\":{\"@type\":\"PropertyValueSpecification\",\"valueRequired\":true,\"valueName\":\"search_term_string\"}}],\"inLanguage\":\"pt-BR\"},{\"@type\":\"Organization\",\"@id\":\"https:\\\/\\\/www.notibras.com\\\/site\\\/#organization\",\"name\":\"Grupo Notibras de Comunica\u00e7\u00e3o\",\"url\":\"https:\\\/\\\/www.notibras.com\\\/site\\\/\",\"logo\":{\"@type\":\"ImageObject\",\"inLanguage\":\"pt-BR\",\"@id\":\"https:\\\/\\\/www.notibras.com\\\/site\\\/#\\\/schema\\\/logo\\\/image\\\/\",\"url\":\"https:\\\/\\\/www.notibras.com\\\/site\\\/wp-content\\\/uploads\\\/2023\\\/01\\\/notibras23.png\",\"contentUrl\":\"https:\\\/\\\/www.notibras.com\\\/site\\\/wp-content\\\/uploads\\\/2023\\\/01\\\/notibras23.png\",\"width\":350,\"height\":87,\"caption\":\"Grupo Notibras de Comunica\u00e7\u00e3o\"},\"image\":{\"@id\":\"https:\\\/\\\/www.notibras.com\\\/site\\\/#\\\/schema\\\/logo\\\/image\\\/\"},\"sameAs\":[\"https:\\\/\\\/www.facebook.com\\\/notibras\\\/\",\"https:\\\/\\\/x.com\\\/Notibras\",\"https:\\\/\\\/www.instagram.com\\\/notibras\\\/\"]},{\"@type\":\"Person\",\"@id\":\"https:\\\/\\\/www.notibras.com\\\/site\\\/#\\\/schema\\\/person\\\/36ab0979449956132d3e5b517ea76ac8\",\"name\":\"Reda\u00e7\u00e3o\",\"image\":{\"@type\":\"ImageObject\",\"inLanguage\":\"pt-BR\",\"@id\":\"https:\\\/\\\/secure.gravatar.com\\\/avatar\\\/e0a867bdedb85fd243eadf09663511f96fc81e0720a4a42581f334ad4303aa6b?s=96&d=mm&r=g\",\"url\":\"https:\\\/\\\/secure.gravatar.com\\\/avatar\\\/e0a867bdedb85fd243eadf09663511f96fc81e0720a4a42581f334ad4303aa6b?s=96&d=mm&r=g\",\"contentUrl\":\"https:\\\/\\\/secure.gravatar.com\\\/avatar\\\/e0a867bdedb85fd243eadf09663511f96fc81e0720a4a42581f334ad4303aa6b?s=96&d=mm&r=g\",\"caption\":\"Reda\u00e7\u00e3o\"}}]}<\/script>\n<!-- \/ Yoast SEO plugin. -->","yoast_head_json":{"title":"Alquimia marxista criminaliza movimentos sociais - Notibras","robots":{"index":"index","follow":"follow","max-snippet":"max-snippet:-1","max-image-preview":"max-image-preview:large","max-video-preview":"max-video-preview:-1"},"canonical":"https:\/\/www.notibras.com\/site\/alquimia-marxista-criminaliza-movimentos-sociais\/","og_locale":"pt_BR","og_type":"article","og_title":"Alquimia marxista criminaliza movimentos sociais - Notibras","og_description":"Percival Puggina O leitor destas linhas deve saber que foi instalada em nossos h\u00e1bitos e costumes uma distin\u00e7\u00e3o entre o crime contra o patrim\u00f4nio praticado por um e o mesmo crime praticado por muitos. O &#8220;coletivo&#8221; da segunda situa\u00e7\u00e3o permite atribuir-lhe a caracter\u00edstica de movimento social, ideologicamente credor de benevol\u00eancia e rever\u00eancia. As raz\u00f5es pelas [&hellip;]","og_url":"https:\/\/www.notibras.com\/site\/alquimia-marxista-criminaliza-movimentos-sociais\/","og_site_name":"Notibras","article_publisher":"https:\/\/www.facebook.com\/notibras\/","article_published_time":"2016-11-11T06:52:20+00:00","og_image":[{"width":1024,"height":683,"url":"https:\/\/www.notibras.com\/site\/wp-content\/uploads\/2016\/11\/21197776119_60be13b4b1_b.jpg","type":"image\/jpeg"}],"author":"Reda\u00e7\u00e3o","twitter_card":"summary_large_image","twitter_creator":"@Notibras","twitter_site":"@Notibras","twitter_misc":{"Escrito por":"Reda\u00e7\u00e3o","Est. tempo de leitura":"3 minutos"},"schema":{"@context":"https:\/\/schema.org","@graph":[{"@type":"Article","@id":"https:\/\/www.notibras.com\/site\/alquimia-marxista-criminaliza-movimentos-sociais\/#article","isPartOf":{"@id":"https:\/\/www.notibras.com\/site\/alquimia-marxista-criminaliza-movimentos-sociais\/"},"author":{"name":"Reda\u00e7\u00e3o","@id":"https:\/\/www.notibras.com\/site\/#\/schema\/person\/36ab0979449956132d3e5b517ea76ac8"},"headline":"Alquimia marxista criminaliza movimentos sociais","datePublished":"2016-11-11T06:52:20+00:00","mainEntityOfPage":{"@id":"https:\/\/www.notibras.com\/site\/alquimia-marxista-criminaliza-movimentos-sociais\/"},"wordCount":519,"commentCount":0,"publisher":{"@id":"https:\/\/www.notibras.com\/site\/#organization"},"image":{"@id":"https:\/\/www.notibras.com\/site\/alquimia-marxista-criminaliza-movimentos-sociais\/#primaryimage"},"thumbnailUrl":"https:\/\/www.notibras.com\/site\/wp-content\/uploads\/2016\/11\/21197776119_60be13b4b1_b.jpg","articleSection":["Opina a\u00ed"],"inLanguage":"pt-BR","potentialAction":[{"@type":"CommentAction","name":"Comment","target":["https:\/\/www.notibras.com\/site\/alquimia-marxista-criminaliza-movimentos-sociais\/#respond"]}]},{"@type":"WebPage","@id":"https:\/\/www.notibras.com\/site\/alquimia-marxista-criminaliza-movimentos-sociais\/","url":"https:\/\/www.notibras.com\/site\/alquimia-marxista-criminaliza-movimentos-sociais\/","name":"Alquimia marxista criminaliza movimentos sociais - Notibras","isPartOf":{"@id":"https:\/\/www.notibras.com\/site\/#website"},"primaryImageOfPage":{"@id":"https:\/\/www.notibras.com\/site\/alquimia-marxista-criminaliza-movimentos-sociais\/#primaryimage"},"image":{"@id":"https:\/\/www.notibras.com\/site\/alquimia-marxista-criminaliza-movimentos-sociais\/#primaryimage"},"thumbnailUrl":"https:\/\/www.notibras.com\/site\/wp-content\/uploads\/2016\/11\/21197776119_60be13b4b1_b.jpg","datePublished":"2016-11-11T06:52:20+00:00","breadcrumb":{"@id":"https:\/\/www.notibras.com\/site\/alquimia-marxista-criminaliza-movimentos-sociais\/#breadcrumb"},"inLanguage":"pt-BR","potentialAction":[{"@type":"ReadAction","target":["https:\/\/www.notibras.com\/site\/alquimia-marxista-criminaliza-movimentos-sociais\/"]}]},{"@type":"ImageObject","inLanguage":"pt-BR","@id":"https:\/\/www.notibras.com\/site\/alquimia-marxista-criminaliza-movimentos-sociais\/#primaryimage","url":"https:\/\/www.notibras.com\/site\/wp-content\/uploads\/2016\/11\/21197776119_60be13b4b1_b.jpg","contentUrl":"https:\/\/www.notibras.com\/site\/wp-content\/uploads\/2016\/11\/21197776119_60be13b4b1_b.jpg","width":1024,"height":683},{"@type":"BreadcrumbList","@id":"https:\/\/www.notibras.com\/site\/alquimia-marxista-criminaliza-movimentos-sociais\/#breadcrumb","itemListElement":[{"@type":"ListItem","position":1,"name":"In\u00edcio","item":"https:\/\/www.notibras.com\/site\/"},{"@type":"ListItem","position":2,"name":"Alquimia marxista criminaliza movimentos sociais"}]},{"@type":"WebSite","@id":"https:\/\/www.notibras.com\/site\/#website","url":"https:\/\/www.notibras.com\/site\/","name":"Notibras","description":"Not\u00edcias de Bras\u00edlia, do Brasil e do Mundo","publisher":{"@id":"https:\/\/www.notibras.com\/site\/#organization"},"potentialAction":[{"@type":"SearchAction","target":{"@type":"EntryPoint","urlTemplate":"https:\/\/www.notibras.com\/site\/?s={search_term_string}"},"query-input":{"@type":"PropertyValueSpecification","valueRequired":true,"valueName":"search_term_string"}}],"inLanguage":"pt-BR"},{"@type":"Organization","@id":"https:\/\/www.notibras.com\/site\/#organization","name":"Grupo Notibras de Comunica\u00e7\u00e3o","url":"https:\/\/www.notibras.com\/site\/","logo":{"@type":"ImageObject","inLanguage":"pt-BR","@id":"https:\/\/www.notibras.com\/site\/#\/schema\/logo\/image\/","url":"https:\/\/www.notibras.com\/site\/wp-content\/uploads\/2023\/01\/notibras23.png","contentUrl":"https:\/\/www.notibras.com\/site\/wp-content\/uploads\/2023\/01\/notibras23.png","width":350,"height":87,"caption":"Grupo Notibras de Comunica\u00e7\u00e3o"},"image":{"@id":"https:\/\/www.notibras.com\/site\/#\/schema\/logo\/image\/"},"sameAs":["https:\/\/www.facebook.com\/notibras\/","https:\/\/x.com\/Notibras","https:\/\/www.instagram.com\/notibras\/"]},{"@type":"Person","@id":"https:\/\/www.notibras.com\/site\/#\/schema\/person\/36ab0979449956132d3e5b517ea76ac8","name":"Reda\u00e7\u00e3o","image":{"@type":"ImageObject","inLanguage":"pt-BR","@id":"https:\/\/secure.gravatar.com\/avatar\/e0a867bdedb85fd243eadf09663511f96fc81e0720a4a42581f334ad4303aa6b?s=96&d=mm&r=g","url":"https:\/\/secure.gravatar.com\/avatar\/e0a867bdedb85fd243eadf09663511f96fc81e0720a4a42581f334ad4303aa6b?s=96&d=mm&r=g","contentUrl":"https:\/\/secure.gravatar.com\/avatar\/e0a867bdedb85fd243eadf09663511f96fc81e0720a4a42581f334ad4303aa6b?s=96&d=mm&r=g","caption":"Reda\u00e7\u00e3o"}}]}},"amp_enabled":true,"_links":{"self":[{"href":"https:\/\/www.notibras.com\/site\/wp-json\/wp\/v2\/posts\/121135","targetHints":{"allow":["GET"]}}],"collection":[{"href":"https:\/\/www.notibras.com\/site\/wp-json\/wp\/v2\/posts"}],"about":[{"href":"https:\/\/www.notibras.com\/site\/wp-json\/wp\/v2\/types\/post"}],"author":[{"embeddable":true,"href":"https:\/\/www.notibras.com\/site\/wp-json\/wp\/v2\/users\/2"}],"replies":[{"embeddable":true,"href":"https:\/\/www.notibras.com\/site\/wp-json\/wp\/v2\/comments?post=121135"}],"version-history":[{"count":1,"href":"https:\/\/www.notibras.com\/site\/wp-json\/wp\/v2\/posts\/121135\/revisions"}],"predecessor-version":[{"id":121137,"href":"https:\/\/www.notibras.com\/site\/wp-json\/wp\/v2\/posts\/121135\/revisions\/121137"}],"wp:featuredmedia":[{"embeddable":true,"href":"https:\/\/www.notibras.com\/site\/wp-json\/wp\/v2\/media\/121136"}],"wp:attachment":[{"href":"https:\/\/www.notibras.com\/site\/wp-json\/wp\/v2\/media?parent=121135"}],"wp:term":[{"taxonomy":"category","embeddable":true,"href":"https:\/\/www.notibras.com\/site\/wp-json\/wp\/v2\/categories?post=121135"},{"taxonomy":"post_tag","embeddable":true,"href":"https:\/\/www.notibras.com\/site\/wp-json\/wp\/v2\/tags?post=121135"}],"curies":[{"name":"wp","href":"https:\/\/api.w.org\/{rel}","templated":true}]}}