{"id":12129,"date":"2014-06-03T14:02:33","date_gmt":"2014-06-03T17:02:33","guid":{"rendered":"http:\/\/www.notibras.com\/site\/?p=12129"},"modified":"2014-06-03T22:34:06","modified_gmt":"2014-06-04T01:34:06","slug":"quem-mexer-com-o-rio-vai-enfrentar-a-carranca-do-proprio-velho-chico","status":"publish","type":"post","link":"https:\/\/www.notibras.com\/site\/quem-mexer-com-o-rio-vai-enfrentar-a-carranca-do-proprio-velho-chico\/","title":{"rendered":"Quem mexer com o rio, enfrentar\u00e1 carranca do Chico"},"content":{"rendered":"<p>No Dia Nacional em Defesa do Velho Chico, o Comit\u00ea da Bacia Hidrogr\u00e1fica do Rio S\u00e3o Francisco est\u00e1 promovendo uma campanha para mobilizar a popula\u00e7\u00e3o de v\u00e1rias cidades \u00e0s margens do rio. O objetivo da campanha \u201cEu viro carranca pra defender o Velho Chico\u201d \u00e9 alertar o Poder P\u00fablico sobre a import\u00e2ncia de revitalizar o rio e focar em um planejamento a m\u00e9dio e longo prazo para o S\u00e3o Francisco.<\/p>\n<p>Para o presidente da entidade, Anivaldo Miranda, \u201ca campanha \u00e9 urgente em uma \u00e9poca de mudan\u00e7as clim\u00e1ticas, quando temos que aprofundar, intensificar e organizar melhor a gest\u00e3o de recursos h\u00eddricos\u201d.<\/p>\n<blockquote><p>Segundo ele, uma das grandes batalhas enfrentadas pelo Rio S\u00e3o Francisco \u00e9 demonstrar para o Estado que sua revitaliza\u00e7\u00e3o deve ser vista como parte de um projeto estrat\u00e9gico para o presente e o futuro. \u201cA popula\u00e7\u00e3o n\u00e3o deixa de crescer, as atividades econ\u00f4micas se multiplicam, o clima torna essa regi\u00e3o mais problem\u00e1tica. Ou n\u00f3s mudamos nossa cultura, ou n\u00f3s vamos evidentemente observar a intensifica\u00e7\u00e3o dos conflitos.\u201d<\/p><\/blockquote>\n<p>Miranda aponta os v\u00e1rios projetos de uso de recursos h\u00eddricos da Bacia do S\u00e3o Francisco, como o corredor multimodal, o projeto da transposi\u00e7\u00e3o, a expans\u00e3o dos per\u00edmetros irrigados e os canais estaduais. \u201cS\u00e3o projetos que o Poder P\u00fablico municipal, estadual e federal realiza sem se perguntar at\u00e9 onde vai a capacidade da bacia para atender a todos. Para que os projetos se realizem, precisa ter vaz\u00e3o garantida.\u201d<\/p>\n<blockquote><p>O presidente do comit\u00ea alerta tamb\u00e9m para a situa\u00e7\u00e3o cr\u00edtica que vive o rio pela estiagem prolongada \u2013 a pior em 50 anos, agravada pela redu\u00e7\u00e3o da vaz\u00e3o nos reservat\u00f3rios. Para Miranda, a situa\u00e7\u00e3o \u00e9 desafiadora. \u201cDesde 2001, est\u00e1 sendo praticada a redu\u00e7\u00e3o de vaz\u00e3o para atender \u00e0s hidrel\u00e9tricas. Eles usam esse recurso que tem um custo ambiental, social e econ\u00f4mico para os demais usu\u00e1rios da \u00e1gua e as hidrel\u00e9tricas n\u00e3o se manifestam sobre a devida compensa\u00e7\u00e3o financeira que devem fazer.\u201d<\/p><\/blockquote>\n<p>Ele cita tamb\u00e9m as outorgas dadas pelos estados em rios afluentes da bacia. \u201cMuitos estados ainda n\u00e3o fizeram um trabalho consistente de elaborar seus planos diretores de bacia, mas est\u00e3o dando outorgas. Fazer isso sem saber a condi\u00e7\u00e3o do aqu\u00edfero \u00e9 como dar um cheque em branco, e o sistema de outorgas \u00e9 uma farra de cheques em branco, ent\u00e3o \u00e9 preciso fazer essa revis\u00e3o.\u201d<\/p>\n<p>O presidente do comit\u00ea prop\u00f5e a articula\u00e7\u00e3o do chamado Pacto das \u00c1guas, por meio do qual se estabeleceria a gest\u00e3o articulada dos recursos da bacia hidrogr\u00e1fica.<\/p>\n<p><strong>Ag\u00eancia Bras<\/strong>il<\/p>\n","protected":false},"excerpt":{"rendered":"<p>No Dia Nacional em Defesa do Velho Chico, o Comit\u00ea da Bacia Hidrogr\u00e1fica do Rio S\u00e3o Francisco est\u00e1 promovendo uma campanha para mobilizar a popula\u00e7\u00e3o de v\u00e1rias cidades \u00e0s margens do rio. O objetivo da campanha \u201cEu viro carranca pra defender o Velho Chico\u201d \u00e9 alertar o Poder P\u00fablico sobre a import\u00e2ncia de revitalizar o [&hellip;]<\/p>\n","protected":false},"author":2,"featured_media":12130,"comment_status":"open","ping_status":"closed","sticky":false,"template":"","format":"standard","meta":{"_acf_changed":false,"footnotes":""},"categories":[16],"tags":[],"class_list":["post-12129","post","type-post","status-publish","format-standard","has-post-thumbnail","hentry","category-brasil"],"acf":[],"yoast_head":"<!-- This site is optimized with the Yoast SEO plugin v27.2 - https:\/\/yoast.com\/product\/yoast-seo-wordpress\/ -->\n<title>Quem mexer com o rio, enfrentar\u00e1 carranca do Chico - Notibras<\/title>\n<meta name=\"robots\" content=\"index, follow, max-snippet:-1, max-image-preview:large, max-video-preview:-1\" \/>\n<link rel=\"canonical\" href=\"https:\/\/www.notibras.com\/site\/quem-mexer-com-o-rio-vai-enfrentar-a-carranca-do-proprio-velho-chico\/\" \/>\n<meta property=\"og:locale\" content=\"pt_BR\" \/>\n<meta property=\"og:type\" content=\"article\" \/>\n<meta property=\"og:title\" content=\"Quem mexer com o rio, enfrentar\u00e1 carranca do Chico - Notibras\" \/>\n<meta property=\"og:description\" content=\"No Dia Nacional em Defesa do Velho Chico, o Comit\u00ea da Bacia Hidrogr\u00e1fica do Rio S\u00e3o Francisco est\u00e1 promovendo uma campanha para mobilizar a popula\u00e7\u00e3o de v\u00e1rias cidades \u00e0s margens do rio. O objetivo da campanha \u201cEu viro carranca pra defender o Velho Chico\u201d \u00e9 alertar o Poder P\u00fablico sobre a import\u00e2ncia de revitalizar o [&hellip;]\" \/>\n<meta property=\"og:url\" content=\"https:\/\/www.notibras.com\/site\/quem-mexer-com-o-rio-vai-enfrentar-a-carranca-do-proprio-velho-chico\/\" \/>\n<meta property=\"og:site_name\" content=\"Notibras\" \/>\n<meta property=\"article:publisher\" content=\"https:\/\/www.facebook.com\/notibras\/\" \/>\n<meta property=\"article:published_time\" content=\"2014-06-03T17:02:33+00:00\" \/>\n<meta property=\"article:modified_time\" content=\"2014-06-04T01:34:06+00:00\" \/>\n<meta property=\"og:image\" content=\"https:\/\/www.notibras.com\/site\/wp-content\/uploads\/2014\/06\/2702923.jpg\" \/>\n\t<meta property=\"og:image:width\" content=\"500\" \/>\n\t<meta property=\"og:image:height\" content=\"375\" \/>\n\t<meta property=\"og:image:type\" content=\"image\/jpeg\" \/>\n<meta name=\"author\" content=\"Reda\u00e7\u00e3o\" \/>\n<meta name=\"twitter:card\" content=\"summary_large_image\" \/>\n<meta name=\"twitter:creator\" content=\"@Notibras\" \/>\n<meta name=\"twitter:site\" content=\"@Notibras\" \/>\n<meta name=\"twitter:label1\" content=\"Escrito por\" \/>\n\t<meta name=\"twitter:data1\" content=\"Reda\u00e7\u00e3o\" \/>\n\t<meta name=\"twitter:label2\" content=\"Est. tempo de leitura\" \/>\n\t<meta name=\"twitter:data2\" content=\"2 minutos\" \/>\n<script type=\"application\/ld+json\" class=\"yoast-schema-graph\">{\"@context\":\"https:\/\/schema.org\",\"@graph\":[{\"@type\":\"Article\",\"@id\":\"https:\/\/www.notibras.com\/site\/quem-mexer-com-o-rio-vai-enfrentar-a-carranca-do-proprio-velho-chico\/#article\",\"isPartOf\":{\"@id\":\"https:\/\/www.notibras.com\/site\/quem-mexer-com-o-rio-vai-enfrentar-a-carranca-do-proprio-velho-chico\/\"},\"author\":{\"name\":\"Reda\u00e7\u00e3o\",\"@id\":\"https:\/\/www.notibras.com\/site\/#\/schema\/person\/36ab0979449956132d3e5b517ea76ac8\"},\"headline\":\"Quem mexer com o rio, enfrentar\u00e1 carranca do Chico\",\"datePublished\":\"2014-06-03T17:02:33+00:00\",\"dateModified\":\"2014-06-04T01:34:06+00:00\",\"mainEntityOfPage\":{\"@id\":\"https:\/\/www.notibras.com\/site\/quem-mexer-com-o-rio-vai-enfrentar-a-carranca-do-proprio-velho-chico\/\"},\"wordCount\":465,\"commentCount\":0,\"publisher\":{\"@id\":\"https:\/\/www.notibras.com\/site\/#organization\"},\"image\":{\"@id\":\"https:\/\/www.notibras.com\/site\/quem-mexer-com-o-rio-vai-enfrentar-a-carranca-do-proprio-velho-chico\/#primaryimage\"},\"thumbnailUrl\":\"https:\/\/www.notibras.com\/site\/wp-content\/uploads\/2014\/06\/2702923.jpg\",\"articleSection\":[\"Brasil\"],\"inLanguage\":\"pt-BR\",\"potentialAction\":[{\"@type\":\"CommentAction\",\"name\":\"Comment\",\"target\":[\"https:\/\/www.notibras.com\/site\/quem-mexer-com-o-rio-vai-enfrentar-a-carranca-do-proprio-velho-chico\/#respond\"]}]},{\"@type\":\"WebPage\",\"@id\":\"https:\/\/www.notibras.com\/site\/quem-mexer-com-o-rio-vai-enfrentar-a-carranca-do-proprio-velho-chico\/\",\"url\":\"https:\/\/www.notibras.com\/site\/quem-mexer-com-o-rio-vai-enfrentar-a-carranca-do-proprio-velho-chico\/\",\"name\":\"Quem mexer com o rio, enfrentar\u00e1 carranca do Chico - Notibras\",\"isPartOf\":{\"@id\":\"https:\/\/www.notibras.com\/site\/#website\"},\"primaryImageOfPage\":{\"@id\":\"https:\/\/www.notibras.com\/site\/quem-mexer-com-o-rio-vai-enfrentar-a-carranca-do-proprio-velho-chico\/#primaryimage\"},\"image\":{\"@id\":\"https:\/\/www.notibras.com\/site\/quem-mexer-com-o-rio-vai-enfrentar-a-carranca-do-proprio-velho-chico\/#primaryimage\"},\"thumbnailUrl\":\"https:\/\/www.notibras.com\/site\/wp-content\/uploads\/2014\/06\/2702923.jpg\",\"datePublished\":\"2014-06-03T17:02:33+00:00\",\"dateModified\":\"2014-06-04T01:34:06+00:00\",\"breadcrumb\":{\"@id\":\"https:\/\/www.notibras.com\/site\/quem-mexer-com-o-rio-vai-enfrentar-a-carranca-do-proprio-velho-chico\/#breadcrumb\"},\"inLanguage\":\"pt-BR\",\"potentialAction\":[{\"@type\":\"ReadAction\",\"target\":[\"https:\/\/www.notibras.com\/site\/quem-mexer-com-o-rio-vai-enfrentar-a-carranca-do-proprio-velho-chico\/\"]}]},{\"@type\":\"ImageObject\",\"inLanguage\":\"pt-BR\",\"@id\":\"https:\/\/www.notibras.com\/site\/quem-mexer-com-o-rio-vai-enfrentar-a-carranca-do-proprio-velho-chico\/#primaryimage\",\"url\":\"https:\/\/www.notibras.com\/site\/wp-content\/uploads\/2014\/06\/2702923.jpg\",\"contentUrl\":\"https:\/\/www.notibras.com\/site\/wp-content\/uploads\/2014\/06\/2702923.jpg\",\"width\":500,\"height\":375},{\"@type\":\"BreadcrumbList\",\"@id\":\"https:\/\/www.notibras.com\/site\/quem-mexer-com-o-rio-vai-enfrentar-a-carranca-do-proprio-velho-chico\/#breadcrumb\",\"itemListElement\":[{\"@type\":\"ListItem\",\"position\":1,\"name\":\"In\u00edcio\",\"item\":\"https:\/\/www.notibras.com\/site\/\"},{\"@type\":\"ListItem\",\"position\":2,\"name\":\"Quem mexer com o rio, enfrentar\u00e1 carranca do Chico\"}]},{\"@type\":\"WebSite\",\"@id\":\"https:\/\/www.notibras.com\/site\/#website\",\"url\":\"https:\/\/www.notibras.com\/site\/\",\"name\":\"Notibras\",\"description\":\"Not\u00edcias de Bras\u00edlia, do Brasil e do Mundo\",\"publisher\":{\"@id\":\"https:\/\/www.notibras.com\/site\/#organization\"},\"potentialAction\":[{\"@type\":\"SearchAction\",\"target\":{\"@type\":\"EntryPoint\",\"urlTemplate\":\"https:\/\/www.notibras.com\/site\/?s={search_term_string}\"},\"query-input\":{\"@type\":\"PropertyValueSpecification\",\"valueRequired\":true,\"valueName\":\"search_term_string\"}}],\"inLanguage\":\"pt-BR\"},{\"@type\":\"Organization\",\"@id\":\"https:\/\/www.notibras.com\/site\/#organization\",\"name\":\"Grupo Notibras de Comunica\u00e7\u00e3o\",\"url\":\"https:\/\/www.notibras.com\/site\/\",\"logo\":{\"@type\":\"ImageObject\",\"inLanguage\":\"pt-BR\",\"@id\":\"https:\/\/www.notibras.com\/site\/#\/schema\/logo\/image\/\",\"url\":\"https:\/\/www.notibras.com\/site\/wp-content\/uploads\/2023\/01\/notibras23.png\",\"contentUrl\":\"https:\/\/www.notibras.com\/site\/wp-content\/uploads\/2023\/01\/notibras23.png\",\"width\":350,\"height\":87,\"caption\":\"Grupo Notibras de Comunica\u00e7\u00e3o\"},\"image\":{\"@id\":\"https:\/\/www.notibras.com\/site\/#\/schema\/logo\/image\/\"},\"sameAs\":[\"https:\/\/www.facebook.com\/notibras\/\",\"https:\/\/x.com\/Notibras\",\"https:\/\/www.instagram.com\/notibras\/\"]},{\"@type\":\"Person\",\"@id\":\"https:\/\/www.notibras.com\/site\/#\/schema\/person\/36ab0979449956132d3e5b517ea76ac8\",\"name\":\"Reda\u00e7\u00e3o\",\"image\":{\"@type\":\"ImageObject\",\"inLanguage\":\"pt-BR\",\"@id\":\"https:\/\/secure.gravatar.com\/avatar\/e0a867bdedb85fd243eadf09663511f96fc81e0720a4a42581f334ad4303aa6b?s=96&d=mm&r=g\",\"url\":\"https:\/\/secure.gravatar.com\/avatar\/e0a867bdedb85fd243eadf09663511f96fc81e0720a4a42581f334ad4303aa6b?s=96&d=mm&r=g\",\"contentUrl\":\"https:\/\/secure.gravatar.com\/avatar\/e0a867bdedb85fd243eadf09663511f96fc81e0720a4a42581f334ad4303aa6b?s=96&d=mm&r=g\",\"caption\":\"Reda\u00e7\u00e3o\"}}]}<\/script>\n<!-- \/ Yoast SEO plugin. -->","yoast_head_json":{"title":"Quem mexer com o rio, enfrentar\u00e1 carranca do Chico - Notibras","robots":{"index":"index","follow":"follow","max-snippet":"max-snippet:-1","max-image-preview":"max-image-preview:large","max-video-preview":"max-video-preview:-1"},"canonical":"https:\/\/www.notibras.com\/site\/quem-mexer-com-o-rio-vai-enfrentar-a-carranca-do-proprio-velho-chico\/","og_locale":"pt_BR","og_type":"article","og_title":"Quem mexer com o rio, enfrentar\u00e1 carranca do Chico - Notibras","og_description":"No Dia Nacional em Defesa do Velho Chico, o Comit\u00ea da Bacia Hidrogr\u00e1fica do Rio S\u00e3o Francisco est\u00e1 promovendo uma campanha para mobilizar a popula\u00e7\u00e3o de v\u00e1rias cidades \u00e0s margens do rio. O objetivo da campanha \u201cEu viro carranca pra defender o Velho Chico\u201d \u00e9 alertar o Poder P\u00fablico sobre a import\u00e2ncia de revitalizar o [&hellip;]","og_url":"https:\/\/www.notibras.com\/site\/quem-mexer-com-o-rio-vai-enfrentar-a-carranca-do-proprio-velho-chico\/","og_site_name":"Notibras","article_publisher":"https:\/\/www.facebook.com\/notibras\/","article_published_time":"2014-06-03T17:02:33+00:00","article_modified_time":"2014-06-04T01:34:06+00:00","og_image":[{"width":500,"height":375,"url":"https:\/\/www.notibras.com\/site\/wp-content\/uploads\/2014\/06\/2702923.jpg","type":"image\/jpeg"}],"author":"Reda\u00e7\u00e3o","twitter_card":"summary_large_image","twitter_creator":"@Notibras","twitter_site":"@Notibras","twitter_misc":{"Escrito por":"Reda\u00e7\u00e3o","Est. tempo de leitura":"2 minutos"},"schema":{"@context":"https:\/\/schema.org","@graph":[{"@type":"Article","@id":"https:\/\/www.notibras.com\/site\/quem-mexer-com-o-rio-vai-enfrentar-a-carranca-do-proprio-velho-chico\/#article","isPartOf":{"@id":"https:\/\/www.notibras.com\/site\/quem-mexer-com-o-rio-vai-enfrentar-a-carranca-do-proprio-velho-chico\/"},"author":{"name":"Reda\u00e7\u00e3o","@id":"https:\/\/www.notibras.com\/site\/#\/schema\/person\/36ab0979449956132d3e5b517ea76ac8"},"headline":"Quem mexer com o rio, enfrentar\u00e1 carranca do Chico","datePublished":"2014-06-03T17:02:33+00:00","dateModified":"2014-06-04T01:34:06+00:00","mainEntityOfPage":{"@id":"https:\/\/www.notibras.com\/site\/quem-mexer-com-o-rio-vai-enfrentar-a-carranca-do-proprio-velho-chico\/"},"wordCount":465,"commentCount":0,"publisher":{"@id":"https:\/\/www.notibras.com\/site\/#organization"},"image":{"@id":"https:\/\/www.notibras.com\/site\/quem-mexer-com-o-rio-vai-enfrentar-a-carranca-do-proprio-velho-chico\/#primaryimage"},"thumbnailUrl":"https:\/\/www.notibras.com\/site\/wp-content\/uploads\/2014\/06\/2702923.jpg","articleSection":["Brasil"],"inLanguage":"pt-BR","potentialAction":[{"@type":"CommentAction","name":"Comment","target":["https:\/\/www.notibras.com\/site\/quem-mexer-com-o-rio-vai-enfrentar-a-carranca-do-proprio-velho-chico\/#respond"]}]},{"@type":"WebPage","@id":"https:\/\/www.notibras.com\/site\/quem-mexer-com-o-rio-vai-enfrentar-a-carranca-do-proprio-velho-chico\/","url":"https:\/\/www.notibras.com\/site\/quem-mexer-com-o-rio-vai-enfrentar-a-carranca-do-proprio-velho-chico\/","name":"Quem mexer com o rio, enfrentar\u00e1 carranca do Chico - Notibras","isPartOf":{"@id":"https:\/\/www.notibras.com\/site\/#website"},"primaryImageOfPage":{"@id":"https:\/\/www.notibras.com\/site\/quem-mexer-com-o-rio-vai-enfrentar-a-carranca-do-proprio-velho-chico\/#primaryimage"},"image":{"@id":"https:\/\/www.notibras.com\/site\/quem-mexer-com-o-rio-vai-enfrentar-a-carranca-do-proprio-velho-chico\/#primaryimage"},"thumbnailUrl":"https:\/\/www.notibras.com\/site\/wp-content\/uploads\/2014\/06\/2702923.jpg","datePublished":"2014-06-03T17:02:33+00:00","dateModified":"2014-06-04T01:34:06+00:00","breadcrumb":{"@id":"https:\/\/www.notibras.com\/site\/quem-mexer-com-o-rio-vai-enfrentar-a-carranca-do-proprio-velho-chico\/#breadcrumb"},"inLanguage":"pt-BR","potentialAction":[{"@type":"ReadAction","target":["https:\/\/www.notibras.com\/site\/quem-mexer-com-o-rio-vai-enfrentar-a-carranca-do-proprio-velho-chico\/"]}]},{"@type":"ImageObject","inLanguage":"pt-BR","@id":"https:\/\/www.notibras.com\/site\/quem-mexer-com-o-rio-vai-enfrentar-a-carranca-do-proprio-velho-chico\/#primaryimage","url":"https:\/\/www.notibras.com\/site\/wp-content\/uploads\/2014\/06\/2702923.jpg","contentUrl":"https:\/\/www.notibras.com\/site\/wp-content\/uploads\/2014\/06\/2702923.jpg","width":500,"height":375},{"@type":"BreadcrumbList","@id":"https:\/\/www.notibras.com\/site\/quem-mexer-com-o-rio-vai-enfrentar-a-carranca-do-proprio-velho-chico\/#breadcrumb","itemListElement":[{"@type":"ListItem","position":1,"name":"In\u00edcio","item":"https:\/\/www.notibras.com\/site\/"},{"@type":"ListItem","position":2,"name":"Quem mexer com o rio, enfrentar\u00e1 carranca do Chico"}]},{"@type":"WebSite","@id":"https:\/\/www.notibras.com\/site\/#website","url":"https:\/\/www.notibras.com\/site\/","name":"Notibras","description":"Not\u00edcias de Bras\u00edlia, do Brasil e do Mundo","publisher":{"@id":"https:\/\/www.notibras.com\/site\/#organization"},"potentialAction":[{"@type":"SearchAction","target":{"@type":"EntryPoint","urlTemplate":"https:\/\/www.notibras.com\/site\/?s={search_term_string}"},"query-input":{"@type":"PropertyValueSpecification","valueRequired":true,"valueName":"search_term_string"}}],"inLanguage":"pt-BR"},{"@type":"Organization","@id":"https:\/\/www.notibras.com\/site\/#organization","name":"Grupo Notibras de Comunica\u00e7\u00e3o","url":"https:\/\/www.notibras.com\/site\/","logo":{"@type":"ImageObject","inLanguage":"pt-BR","@id":"https:\/\/www.notibras.com\/site\/#\/schema\/logo\/image\/","url":"https:\/\/www.notibras.com\/site\/wp-content\/uploads\/2023\/01\/notibras23.png","contentUrl":"https:\/\/www.notibras.com\/site\/wp-content\/uploads\/2023\/01\/notibras23.png","width":350,"height":87,"caption":"Grupo Notibras de Comunica\u00e7\u00e3o"},"image":{"@id":"https:\/\/www.notibras.com\/site\/#\/schema\/logo\/image\/"},"sameAs":["https:\/\/www.facebook.com\/notibras\/","https:\/\/x.com\/Notibras","https:\/\/www.instagram.com\/notibras\/"]},{"@type":"Person","@id":"https:\/\/www.notibras.com\/site\/#\/schema\/person\/36ab0979449956132d3e5b517ea76ac8","name":"Reda\u00e7\u00e3o","image":{"@type":"ImageObject","inLanguage":"pt-BR","@id":"https:\/\/secure.gravatar.com\/avatar\/e0a867bdedb85fd243eadf09663511f96fc81e0720a4a42581f334ad4303aa6b?s=96&d=mm&r=g","url":"https:\/\/secure.gravatar.com\/avatar\/e0a867bdedb85fd243eadf09663511f96fc81e0720a4a42581f334ad4303aa6b?s=96&d=mm&r=g","contentUrl":"https:\/\/secure.gravatar.com\/avatar\/e0a867bdedb85fd243eadf09663511f96fc81e0720a4a42581f334ad4303aa6b?s=96&d=mm&r=g","caption":"Reda\u00e7\u00e3o"}}]}},"amp_enabled":true,"_links":{"self":[{"href":"https:\/\/www.notibras.com\/site\/wp-json\/wp\/v2\/posts\/12129","targetHints":{"allow":["GET"]}}],"collection":[{"href":"https:\/\/www.notibras.com\/site\/wp-json\/wp\/v2\/posts"}],"about":[{"href":"https:\/\/www.notibras.com\/site\/wp-json\/wp\/v2\/types\/post"}],"author":[{"embeddable":true,"href":"https:\/\/www.notibras.com\/site\/wp-json\/wp\/v2\/users\/2"}],"replies":[{"embeddable":true,"href":"https:\/\/www.notibras.com\/site\/wp-json\/wp\/v2\/comments?post=12129"}],"version-history":[{"count":0,"href":"https:\/\/www.notibras.com\/site\/wp-json\/wp\/v2\/posts\/12129\/revisions"}],"wp:featuredmedia":[{"embeddable":true,"href":"https:\/\/www.notibras.com\/site\/wp-json\/wp\/v2\/media\/12130"}],"wp:attachment":[{"href":"https:\/\/www.notibras.com\/site\/wp-json\/wp\/v2\/media?parent=12129"}],"wp:term":[{"taxonomy":"category","embeddable":true,"href":"https:\/\/www.notibras.com\/site\/wp-json\/wp\/v2\/categories?post=12129"},{"taxonomy":"post_tag","embeddable":true,"href":"https:\/\/www.notibras.com\/site\/wp-json\/wp\/v2\/tags?post=12129"}],"curies":[{"name":"wp","href":"https:\/\/api.w.org\/{rel}","templated":true}]}}