{"id":121357,"date":"2016-11-14T13:37:25","date_gmt":"2016-11-14T15:37:25","guid":{"rendered":"http:\/\/www.notibras.com\/site\/?p=121357"},"modified":"2016-11-14T13:37:25","modified_gmt":"2016-11-14T15:37:25","slug":"mais-uma-vantagem-nao-aumenta-os-impostos","status":"publish","type":"post","link":"https:\/\/www.notibras.com\/site\/mais-uma-vantagem-nao-aumenta-os-impostos\/","title":{"rendered":"Mais uma vantagem&#8230; n\u00e3o aumenta os impostos"},"content":{"rendered":"<p><strong>Alencar Burti<\/strong><\/p>\n<p>Sob os holofotes, a Proposta de Emenda Constitucional 241, mais conhecida como PEC dos gastos ou PEC do teto, est\u00e1 em vota\u00e7\u00e3o. Tais apelidos decorrem de sua caracter\u00edstica de estabelecer para os gastos p\u00fablicos federais uma varia\u00e7\u00e3o m\u00e1xima, durante os pr\u00f3ximos 20 anos, acordada com a infla\u00e7\u00e3o do ano anterior. Por\u00e9m, qual \u00e9 o verdadeiro sentido dessa medida?<\/p>\n<p>Nos \u00faltimos anos, frente \u00e0 menor capacidade de arrecada\u00e7\u00e3o tribut\u00e1ria limitada por um crescimento econ\u00f4mico cada vez menor, at\u00e9 que se transformou em queda de atividade, a expans\u00e3o cont\u00ednua desses disp\u00eandios \u2013em sua maioria obrigat\u00f3rios\u2013 gerou um aumento do endividamento p\u00fablico para n\u00edveis insustent\u00e1veis a m\u00e9dio prazo.<\/p>\n<p>Somente o estabelecimento de um teto para a expans\u00e3o das despesas n\u00e3o resolveria o grave desequil\u00edbrio das contas p\u00fablicas. Para n\u00e3o ser mero paliativo, ele precisa vir acompanhado de outras medidas de ajuste que tenham um car\u00e1ter mais estrutural, tais como a reforma das nossas generosas regras da Previd\u00eancia. Analistas ainda advogam para se complementar essa PEC com medidas que limitem a amplia\u00e7\u00e3o da d\u00edvida p\u00fablica, a exemplo dos Estados Unidos.<\/p>\n<p>De qualquer forma, a PEC 241 \u00e9 o primeiro passo na \u00e1rdua caminhada rumo ao reequil\u00edbrio fiscal, estabelecendo pela primeira vez na hist\u00f3ria do pa\u00eds um limite para o crescimento das despesas p\u00fablicas. Essa limita\u00e7\u00e3o poder\u00e1, inclusive, ressaltar a \u00f3bvia exist\u00eancia de escassez dos recursos p\u00fablicos, assim incentivando o seu uso eficiente e a partir de um or\u00e7amento que deixar\u00e1 de ser uma pe\u00e7a de fic\u00e7\u00e3o.<\/p>\n<p>Outro ponto importante, que diferencia essa iniciativa de outras tentativas de ajuste fiscal, \u00e9 que ela n\u00e3o recorre \u00e0 habitual pr\u00e1tica de eleva\u00e7\u00e3o da carga tribut\u00e1ria, o que no momento atual de crise seria totalmente contraproducente.<\/p>\n<p>Al\u00e9m disso, a perspectiva de in\u00edcio da normaliza\u00e7\u00e3o da pol\u00edtica fiscal dever\u00e1 produzir efeitos positivos nas confian\u00e7as do consumidor e do empres\u00e1rio, o que, conjuntamente com a redu\u00e7\u00e3o da taxa de juros, auxiliar\u00e1 na efetiva recupera\u00e7\u00e3o da atividade econ\u00f4mica a partir do ano que vem.<\/p>\n","protected":false},"excerpt":{"rendered":"<p>Alencar Burti Sob os holofotes, a Proposta de Emenda Constitucional 241, mais conhecida como PEC dos gastos ou PEC do teto, est\u00e1 em vota\u00e7\u00e3o. Tais apelidos decorrem de sua caracter\u00edstica de estabelecer para os gastos p\u00fablicos federais uma varia\u00e7\u00e3o m\u00e1xima, durante os pr\u00f3ximos 20 anos, acordada com a infla\u00e7\u00e3o do ano anterior. Por\u00e9m, qual \u00e9 [&hellip;]<\/p>\n","protected":false},"author":2,"featured_media":121358,"comment_status":"open","ping_status":"closed","sticky":false,"template":"","format":"standard","meta":{"_acf_changed":false,"footnotes":""},"categories":[25],"tags":[],"class_list":["post-121357","post","type-post","status-publish","format-standard","has-post-thumbnail","hentry","category-opina-ai"],"acf":[],"yoast_head":"<!-- This site is optimized with the Yoast SEO plugin v27.5 - https:\/\/yoast.com\/product\/yoast-seo-wordpress\/ -->\n<title>Mais uma vantagem... n\u00e3o aumenta os impostos - Notibras<\/title>\n<meta name=\"robots\" content=\"index, follow, max-snippet:-1, max-image-preview:large, max-video-preview:-1\" \/>\n<link rel=\"canonical\" href=\"https:\/\/www.notibras.com\/site\/mais-uma-vantagem-nao-aumenta-os-impostos\/\" \/>\n<meta property=\"og:locale\" content=\"pt_BR\" \/>\n<meta property=\"og:type\" content=\"article\" \/>\n<meta property=\"og:title\" content=\"Mais uma vantagem... n\u00e3o aumenta os impostos - Notibras\" \/>\n<meta property=\"og:description\" content=\"Alencar Burti Sob os holofotes, a Proposta de Emenda Constitucional 241, mais conhecida como PEC dos gastos ou PEC do teto, est\u00e1 em vota\u00e7\u00e3o. Tais apelidos decorrem de sua caracter\u00edstica de estabelecer para os gastos p\u00fablicos federais uma varia\u00e7\u00e3o m\u00e1xima, durante os pr\u00f3ximos 20 anos, acordada com a infla\u00e7\u00e3o do ano anterior. Por\u00e9m, qual \u00e9 [&hellip;]\" \/>\n<meta property=\"og:url\" content=\"https:\/\/www.notibras.com\/site\/mais-uma-vantagem-nao-aumenta-os-impostos\/\" \/>\n<meta property=\"og:site_name\" content=\"Notibras\" \/>\n<meta property=\"article:publisher\" content=\"https:\/\/www.facebook.com\/notibras\/\" \/>\n<meta property=\"article:published_time\" content=\"2016-11-14T15:37:25+00:00\" \/>\n<meta property=\"og:image\" content=\"https:\/\/www.notibras.com\/site\/wp-content\/uploads\/2016\/11\/tudo-o-que-sabemos-sobre-a-pec-241-body-image-1476212452.jpg\" \/>\n\t<meta property=\"og:image:width\" content=\"800\" \/>\n\t<meta property=\"og:image:height\" content=\"533\" \/>\n\t<meta property=\"og:image:type\" content=\"image\/jpeg\" \/>\n<meta name=\"author\" content=\"Reda\u00e7\u00e3o\" \/>\n<meta name=\"twitter:card\" content=\"summary_large_image\" \/>\n<meta name=\"twitter:creator\" content=\"@Notibras\" \/>\n<meta name=\"twitter:site\" content=\"@Notibras\" \/>\n<meta name=\"twitter:label1\" content=\"Escrito por\" \/>\n\t<meta name=\"twitter:data1\" content=\"Reda\u00e7\u00e3o\" \/>\n\t<meta name=\"twitter:label2\" content=\"Est. tempo de leitura\" \/>\n\t<meta name=\"twitter:data2\" content=\"2 minutos\" \/>\n<script type=\"application\/ld+json\" class=\"yoast-schema-graph\">{\"@context\":\"https:\\\/\\\/schema.org\",\"@graph\":[{\"@type\":\"Article\",\"@id\":\"https:\\\/\\\/www.notibras.com\\\/site\\\/mais-uma-vantagem-nao-aumenta-os-impostos\\\/#article\",\"isPartOf\":{\"@id\":\"https:\\\/\\\/www.notibras.com\\\/site\\\/mais-uma-vantagem-nao-aumenta-os-impostos\\\/\"},\"author\":{\"name\":\"Reda\u00e7\u00e3o\",\"@id\":\"https:\\\/\\\/www.notibras.com\\\/site\\\/#\\\/schema\\\/person\\\/36ab0979449956132d3e5b517ea76ac8\"},\"headline\":\"Mais uma vantagem&#8230; n\u00e3o aumenta os impostos\",\"datePublished\":\"2016-11-14T15:37:25+00:00\",\"mainEntityOfPage\":{\"@id\":\"https:\\\/\\\/www.notibras.com\\\/site\\\/mais-uma-vantagem-nao-aumenta-os-impostos\\\/\"},\"wordCount\":377,\"commentCount\":0,\"publisher\":{\"@id\":\"https:\\\/\\\/www.notibras.com\\\/site\\\/#organization\"},\"image\":{\"@id\":\"https:\\\/\\\/www.notibras.com\\\/site\\\/mais-uma-vantagem-nao-aumenta-os-impostos\\\/#primaryimage\"},\"thumbnailUrl\":\"https:\\\/\\\/www.notibras.com\\\/site\\\/wp-content\\\/uploads\\\/2016\\\/11\\\/tudo-o-que-sabemos-sobre-a-pec-241-body-image-1476212452.jpg\",\"articleSection\":[\"Opina a\u00ed\"],\"inLanguage\":\"pt-BR\",\"potentialAction\":[{\"@type\":\"CommentAction\",\"name\":\"Comment\",\"target\":[\"https:\\\/\\\/www.notibras.com\\\/site\\\/mais-uma-vantagem-nao-aumenta-os-impostos\\\/#respond\"]}]},{\"@type\":\"WebPage\",\"@id\":\"https:\\\/\\\/www.notibras.com\\\/site\\\/mais-uma-vantagem-nao-aumenta-os-impostos\\\/\",\"url\":\"https:\\\/\\\/www.notibras.com\\\/site\\\/mais-uma-vantagem-nao-aumenta-os-impostos\\\/\",\"name\":\"Mais uma vantagem... n\u00e3o aumenta os impostos - Notibras\",\"isPartOf\":{\"@id\":\"https:\\\/\\\/www.notibras.com\\\/site\\\/#website\"},\"primaryImageOfPage\":{\"@id\":\"https:\\\/\\\/www.notibras.com\\\/site\\\/mais-uma-vantagem-nao-aumenta-os-impostos\\\/#primaryimage\"},\"image\":{\"@id\":\"https:\\\/\\\/www.notibras.com\\\/site\\\/mais-uma-vantagem-nao-aumenta-os-impostos\\\/#primaryimage\"},\"thumbnailUrl\":\"https:\\\/\\\/www.notibras.com\\\/site\\\/wp-content\\\/uploads\\\/2016\\\/11\\\/tudo-o-que-sabemos-sobre-a-pec-241-body-image-1476212452.jpg\",\"datePublished\":\"2016-11-14T15:37:25+00:00\",\"breadcrumb\":{\"@id\":\"https:\\\/\\\/www.notibras.com\\\/site\\\/mais-uma-vantagem-nao-aumenta-os-impostos\\\/#breadcrumb\"},\"inLanguage\":\"pt-BR\",\"potentialAction\":[{\"@type\":\"ReadAction\",\"target\":[\"https:\\\/\\\/www.notibras.com\\\/site\\\/mais-uma-vantagem-nao-aumenta-os-impostos\\\/\"]}]},{\"@type\":\"ImageObject\",\"inLanguage\":\"pt-BR\",\"@id\":\"https:\\\/\\\/www.notibras.com\\\/site\\\/mais-uma-vantagem-nao-aumenta-os-impostos\\\/#primaryimage\",\"url\":\"https:\\\/\\\/www.notibras.com\\\/site\\\/wp-content\\\/uploads\\\/2016\\\/11\\\/tudo-o-que-sabemos-sobre-a-pec-241-body-image-1476212452.jpg\",\"contentUrl\":\"https:\\\/\\\/www.notibras.com\\\/site\\\/wp-content\\\/uploads\\\/2016\\\/11\\\/tudo-o-que-sabemos-sobre-a-pec-241-body-image-1476212452.jpg\",\"width\":800,\"height\":533},{\"@type\":\"BreadcrumbList\",\"@id\":\"https:\\\/\\\/www.notibras.com\\\/site\\\/mais-uma-vantagem-nao-aumenta-os-impostos\\\/#breadcrumb\",\"itemListElement\":[{\"@type\":\"ListItem\",\"position\":1,\"name\":\"In\u00edcio\",\"item\":\"https:\\\/\\\/www.notibras.com\\\/site\\\/\"},{\"@type\":\"ListItem\",\"position\":2,\"name\":\"Mais uma vantagem&#8230; n\u00e3o aumenta os impostos\"}]},{\"@type\":\"WebSite\",\"@id\":\"https:\\\/\\\/www.notibras.com\\\/site\\\/#website\",\"url\":\"https:\\\/\\\/www.notibras.com\\\/site\\\/\",\"name\":\"Notibras\",\"description\":\"Not\u00edcias de Bras\u00edlia, do Brasil e do Mundo\",\"publisher\":{\"@id\":\"https:\\\/\\\/www.notibras.com\\\/site\\\/#organization\"},\"potentialAction\":[{\"@type\":\"SearchAction\",\"target\":{\"@type\":\"EntryPoint\",\"urlTemplate\":\"https:\\\/\\\/www.notibras.com\\\/site\\\/?s={search_term_string}\"},\"query-input\":{\"@type\":\"PropertyValueSpecification\",\"valueRequired\":true,\"valueName\":\"search_term_string\"}}],\"inLanguage\":\"pt-BR\"},{\"@type\":\"Organization\",\"@id\":\"https:\\\/\\\/www.notibras.com\\\/site\\\/#organization\",\"name\":\"Grupo Notibras de Comunica\u00e7\u00e3o\",\"url\":\"https:\\\/\\\/www.notibras.com\\\/site\\\/\",\"logo\":{\"@type\":\"ImageObject\",\"inLanguage\":\"pt-BR\",\"@id\":\"https:\\\/\\\/www.notibras.com\\\/site\\\/#\\\/schema\\\/logo\\\/image\\\/\",\"url\":\"https:\\\/\\\/www.notibras.com\\\/site\\\/wp-content\\\/uploads\\\/2023\\\/01\\\/notibras23.png\",\"contentUrl\":\"https:\\\/\\\/www.notibras.com\\\/site\\\/wp-content\\\/uploads\\\/2023\\\/01\\\/notibras23.png\",\"width\":350,\"height\":87,\"caption\":\"Grupo Notibras de Comunica\u00e7\u00e3o\"},\"image\":{\"@id\":\"https:\\\/\\\/www.notibras.com\\\/site\\\/#\\\/schema\\\/logo\\\/image\\\/\"},\"sameAs\":[\"https:\\\/\\\/www.facebook.com\\\/notibras\\\/\",\"https:\\\/\\\/x.com\\\/Notibras\",\"https:\\\/\\\/www.instagram.com\\\/notibras\\\/\"]},{\"@type\":\"Person\",\"@id\":\"https:\\\/\\\/www.notibras.com\\\/site\\\/#\\\/schema\\\/person\\\/36ab0979449956132d3e5b517ea76ac8\",\"name\":\"Reda\u00e7\u00e3o\",\"image\":{\"@type\":\"ImageObject\",\"inLanguage\":\"pt-BR\",\"@id\":\"https:\\\/\\\/secure.gravatar.com\\\/avatar\\\/e0a867bdedb85fd243eadf09663511f96fc81e0720a4a42581f334ad4303aa6b?s=96&d=mm&r=g\",\"url\":\"https:\\\/\\\/secure.gravatar.com\\\/avatar\\\/e0a867bdedb85fd243eadf09663511f96fc81e0720a4a42581f334ad4303aa6b?s=96&d=mm&r=g\",\"contentUrl\":\"https:\\\/\\\/secure.gravatar.com\\\/avatar\\\/e0a867bdedb85fd243eadf09663511f96fc81e0720a4a42581f334ad4303aa6b?s=96&d=mm&r=g\",\"caption\":\"Reda\u00e7\u00e3o\"}}]}<\/script>\n<!-- \/ Yoast SEO plugin. -->","yoast_head_json":{"title":"Mais uma vantagem... n\u00e3o aumenta os impostos - Notibras","robots":{"index":"index","follow":"follow","max-snippet":"max-snippet:-1","max-image-preview":"max-image-preview:large","max-video-preview":"max-video-preview:-1"},"canonical":"https:\/\/www.notibras.com\/site\/mais-uma-vantagem-nao-aumenta-os-impostos\/","og_locale":"pt_BR","og_type":"article","og_title":"Mais uma vantagem... n\u00e3o aumenta os impostos - Notibras","og_description":"Alencar Burti Sob os holofotes, a Proposta de Emenda Constitucional 241, mais conhecida como PEC dos gastos ou PEC do teto, est\u00e1 em vota\u00e7\u00e3o. Tais apelidos decorrem de sua caracter\u00edstica de estabelecer para os gastos p\u00fablicos federais uma varia\u00e7\u00e3o m\u00e1xima, durante os pr\u00f3ximos 20 anos, acordada com a infla\u00e7\u00e3o do ano anterior. Por\u00e9m, qual \u00e9 [&hellip;]","og_url":"https:\/\/www.notibras.com\/site\/mais-uma-vantagem-nao-aumenta-os-impostos\/","og_site_name":"Notibras","article_publisher":"https:\/\/www.facebook.com\/notibras\/","article_published_time":"2016-11-14T15:37:25+00:00","og_image":[{"width":800,"height":533,"url":"https:\/\/www.notibras.com\/site\/wp-content\/uploads\/2016\/11\/tudo-o-que-sabemos-sobre-a-pec-241-body-image-1476212452.jpg","type":"image\/jpeg"}],"author":"Reda\u00e7\u00e3o","twitter_card":"summary_large_image","twitter_creator":"@Notibras","twitter_site":"@Notibras","twitter_misc":{"Escrito por":"Reda\u00e7\u00e3o","Est. tempo de leitura":"2 minutos"},"schema":{"@context":"https:\/\/schema.org","@graph":[{"@type":"Article","@id":"https:\/\/www.notibras.com\/site\/mais-uma-vantagem-nao-aumenta-os-impostos\/#article","isPartOf":{"@id":"https:\/\/www.notibras.com\/site\/mais-uma-vantagem-nao-aumenta-os-impostos\/"},"author":{"name":"Reda\u00e7\u00e3o","@id":"https:\/\/www.notibras.com\/site\/#\/schema\/person\/36ab0979449956132d3e5b517ea76ac8"},"headline":"Mais uma vantagem&#8230; n\u00e3o aumenta os impostos","datePublished":"2016-11-14T15:37:25+00:00","mainEntityOfPage":{"@id":"https:\/\/www.notibras.com\/site\/mais-uma-vantagem-nao-aumenta-os-impostos\/"},"wordCount":377,"commentCount":0,"publisher":{"@id":"https:\/\/www.notibras.com\/site\/#organization"},"image":{"@id":"https:\/\/www.notibras.com\/site\/mais-uma-vantagem-nao-aumenta-os-impostos\/#primaryimage"},"thumbnailUrl":"https:\/\/www.notibras.com\/site\/wp-content\/uploads\/2016\/11\/tudo-o-que-sabemos-sobre-a-pec-241-body-image-1476212452.jpg","articleSection":["Opina a\u00ed"],"inLanguage":"pt-BR","potentialAction":[{"@type":"CommentAction","name":"Comment","target":["https:\/\/www.notibras.com\/site\/mais-uma-vantagem-nao-aumenta-os-impostos\/#respond"]}]},{"@type":"WebPage","@id":"https:\/\/www.notibras.com\/site\/mais-uma-vantagem-nao-aumenta-os-impostos\/","url":"https:\/\/www.notibras.com\/site\/mais-uma-vantagem-nao-aumenta-os-impostos\/","name":"Mais uma vantagem... n\u00e3o aumenta os impostos - Notibras","isPartOf":{"@id":"https:\/\/www.notibras.com\/site\/#website"},"primaryImageOfPage":{"@id":"https:\/\/www.notibras.com\/site\/mais-uma-vantagem-nao-aumenta-os-impostos\/#primaryimage"},"image":{"@id":"https:\/\/www.notibras.com\/site\/mais-uma-vantagem-nao-aumenta-os-impostos\/#primaryimage"},"thumbnailUrl":"https:\/\/www.notibras.com\/site\/wp-content\/uploads\/2016\/11\/tudo-o-que-sabemos-sobre-a-pec-241-body-image-1476212452.jpg","datePublished":"2016-11-14T15:37:25+00:00","breadcrumb":{"@id":"https:\/\/www.notibras.com\/site\/mais-uma-vantagem-nao-aumenta-os-impostos\/#breadcrumb"},"inLanguage":"pt-BR","potentialAction":[{"@type":"ReadAction","target":["https:\/\/www.notibras.com\/site\/mais-uma-vantagem-nao-aumenta-os-impostos\/"]}]},{"@type":"ImageObject","inLanguage":"pt-BR","@id":"https:\/\/www.notibras.com\/site\/mais-uma-vantagem-nao-aumenta-os-impostos\/#primaryimage","url":"https:\/\/www.notibras.com\/site\/wp-content\/uploads\/2016\/11\/tudo-o-que-sabemos-sobre-a-pec-241-body-image-1476212452.jpg","contentUrl":"https:\/\/www.notibras.com\/site\/wp-content\/uploads\/2016\/11\/tudo-o-que-sabemos-sobre-a-pec-241-body-image-1476212452.jpg","width":800,"height":533},{"@type":"BreadcrumbList","@id":"https:\/\/www.notibras.com\/site\/mais-uma-vantagem-nao-aumenta-os-impostos\/#breadcrumb","itemListElement":[{"@type":"ListItem","position":1,"name":"In\u00edcio","item":"https:\/\/www.notibras.com\/site\/"},{"@type":"ListItem","position":2,"name":"Mais uma vantagem&#8230; n\u00e3o aumenta os impostos"}]},{"@type":"WebSite","@id":"https:\/\/www.notibras.com\/site\/#website","url":"https:\/\/www.notibras.com\/site\/","name":"Notibras","description":"Not\u00edcias de Bras\u00edlia, do Brasil e do Mundo","publisher":{"@id":"https:\/\/www.notibras.com\/site\/#organization"},"potentialAction":[{"@type":"SearchAction","target":{"@type":"EntryPoint","urlTemplate":"https:\/\/www.notibras.com\/site\/?s={search_term_string}"},"query-input":{"@type":"PropertyValueSpecification","valueRequired":true,"valueName":"search_term_string"}}],"inLanguage":"pt-BR"},{"@type":"Organization","@id":"https:\/\/www.notibras.com\/site\/#organization","name":"Grupo Notibras de Comunica\u00e7\u00e3o","url":"https:\/\/www.notibras.com\/site\/","logo":{"@type":"ImageObject","inLanguage":"pt-BR","@id":"https:\/\/www.notibras.com\/site\/#\/schema\/logo\/image\/","url":"https:\/\/www.notibras.com\/site\/wp-content\/uploads\/2023\/01\/notibras23.png","contentUrl":"https:\/\/www.notibras.com\/site\/wp-content\/uploads\/2023\/01\/notibras23.png","width":350,"height":87,"caption":"Grupo Notibras de Comunica\u00e7\u00e3o"},"image":{"@id":"https:\/\/www.notibras.com\/site\/#\/schema\/logo\/image\/"},"sameAs":["https:\/\/www.facebook.com\/notibras\/","https:\/\/x.com\/Notibras","https:\/\/www.instagram.com\/notibras\/"]},{"@type":"Person","@id":"https:\/\/www.notibras.com\/site\/#\/schema\/person\/36ab0979449956132d3e5b517ea76ac8","name":"Reda\u00e7\u00e3o","image":{"@type":"ImageObject","inLanguage":"pt-BR","@id":"https:\/\/secure.gravatar.com\/avatar\/e0a867bdedb85fd243eadf09663511f96fc81e0720a4a42581f334ad4303aa6b?s=96&d=mm&r=g","url":"https:\/\/secure.gravatar.com\/avatar\/e0a867bdedb85fd243eadf09663511f96fc81e0720a4a42581f334ad4303aa6b?s=96&d=mm&r=g","contentUrl":"https:\/\/secure.gravatar.com\/avatar\/e0a867bdedb85fd243eadf09663511f96fc81e0720a4a42581f334ad4303aa6b?s=96&d=mm&r=g","caption":"Reda\u00e7\u00e3o"}}]}},"amp_enabled":true,"_links":{"self":[{"href":"https:\/\/www.notibras.com\/site\/wp-json\/wp\/v2\/posts\/121357","targetHints":{"allow":["GET"]}}],"collection":[{"href":"https:\/\/www.notibras.com\/site\/wp-json\/wp\/v2\/posts"}],"about":[{"href":"https:\/\/www.notibras.com\/site\/wp-json\/wp\/v2\/types\/post"}],"author":[{"embeddable":true,"href":"https:\/\/www.notibras.com\/site\/wp-json\/wp\/v2\/users\/2"}],"replies":[{"embeddable":true,"href":"https:\/\/www.notibras.com\/site\/wp-json\/wp\/v2\/comments?post=121357"}],"version-history":[{"count":1,"href":"https:\/\/www.notibras.com\/site\/wp-json\/wp\/v2\/posts\/121357\/revisions"}],"predecessor-version":[{"id":121359,"href":"https:\/\/www.notibras.com\/site\/wp-json\/wp\/v2\/posts\/121357\/revisions\/121359"}],"wp:featuredmedia":[{"embeddable":true,"href":"https:\/\/www.notibras.com\/site\/wp-json\/wp\/v2\/media\/121358"}],"wp:attachment":[{"href":"https:\/\/www.notibras.com\/site\/wp-json\/wp\/v2\/media?parent=121357"}],"wp:term":[{"taxonomy":"category","embeddable":true,"href":"https:\/\/www.notibras.com\/site\/wp-json\/wp\/v2\/categories?post=121357"},{"taxonomy":"post_tag","embeddable":true,"href":"https:\/\/www.notibras.com\/site\/wp-json\/wp\/v2\/tags?post=121357"}],"curies":[{"name":"wp","href":"https:\/\/api.w.org\/{rel}","templated":true}]}}