{"id":121635,"date":"2016-11-18T07:47:19","date_gmt":"2016-11-18T09:47:19","guid":{"rendered":"http:\/\/www.notibras.com\/site\/?p=121635"},"modified":"2016-11-18T07:47:41","modified_gmt":"2016-11-18T09:47:41","slug":"bandido-bom-e-banddo-julgado-corretamente","status":"publish","type":"post","link":"https:\/\/www.notibras.com\/site\/bandido-bom-e-banddo-julgado-corretamente\/","title":{"rendered":"Bandido bom \u00e9 bandido julgado corretamente"},"content":{"rendered":"<p><strong>Carolina Ricardo<\/strong><\/p>\n<p>Dados do Anu\u00e1rio Brasileiro de Seguran\u00e7a P\u00fablica indicam que a cada nove minutos um brasileiro \u00e9 morto violentamente, o que significou mais de 58 mil homic\u00eddios em 2015. Ao mesmo tempo, uma pesquisa do Datafolha apontou que 57% da popula\u00e7\u00e3o acredita que &#8220;bandido bom \u00e9 bandido morto&#8221;.<\/p>\n<p>Essas informa\u00e7\u00f5es demonstram que, por um lado, o patamar de mortes violentas segue alt\u00edssimo no pa\u00eds e, por outro, que h\u00e1 pouca confian\u00e7a na capacidade das institui\u00e7\u00f5es resolverem os problemas de viol\u00eancia, gerando o predom\u00ednio da l\u00f3gica &#8220;olho por olho, dente por dente&#8221;. A impunidade \u00e9 danosa para toda a sociedade e um risco para a consolida\u00e7\u00e3o do Estado democr\u00e1tico de Direito, pois potencializa a descren\u00e7a, a desconfian\u00e7a e a deslegitima\u00e7\u00e3o das institui\u00e7\u00f5es de seguran\u00e7a p\u00fablica e de Justi\u00e7a criminal.<\/p>\n<p>Realizada em parceria com o Instituto Fidedigna, al\u00e9m de apoiada e publicada recentemente pela Secretaria Nacional de Seguran\u00e7a P\u00fablica, uma recente pesquisa do Instituto Sou da Paz, cujo objetivo foi o de mostrar como o fen\u00f4meno dos homic\u00eddios \u00e9 compreendido, analisou o perfil e as estrat\u00e9gias de investiga\u00e7\u00e3o e de esclarecimento desses crimes em tr\u00eas munic\u00edpios brasileiros: Serra (ES), Lauro de Freitas (BA) e Alvorada (RS). Na an\u00e1lise, foi poss\u00edvel identificar caminhos para melhorar a investiga\u00e7\u00e3o, assim contribuindo para o seu esclarecimento e para a consequente diminui\u00e7\u00e3o da impunidade.<\/p>\n<p>O car\u00e1ter das ocorr\u00eancias de homic\u00eddios nas tr\u00eas cidades \u00e9 parecido, especialmente em rela\u00e7\u00e3o ao perfil dos autores e das v\u00edtimas \u2013cuja predomin\u00e2ncia \u00e9 de homens jovens. Tamb\u00e9m h\u00e1 um maior n\u00famero de ocorr\u00eancias cometidas com armas de fogo e de casos em que h\u00e1 pouca informa\u00e7\u00e3o sobre a motiva\u00e7\u00e3o do delito nos documentos que relatam as suas primeiras informa\u00e7\u00f5es.<\/p>\n<p>As diferen\u00e7as come\u00e7am a aparecer quando s\u00e3o considerados os dados amostrais sobre os inqu\u00e9ritos conduzidos em cada cidade. Uma informa\u00e7\u00e3o que logo chama a aten\u00e7\u00e3o diz respeito \u00e0s motiva\u00e7\u00f5es apuradas ao final da investiga\u00e7\u00e3o, j\u00e1 que em Serra e em Alvorada \u00e9 mais frequente a rela\u00e7\u00e3o do tr\u00e1fico de drogas com o crime, enquanto em Lauro de Freitas os motivos s\u00e3o banais, mais relacionados a discuss\u00f5es entre conhecidos e a casos de vingan\u00e7a.<\/p>\n<p>Embora o percentual de homic\u00eddios esclarecidos seja semelhante nas tr\u00eas cidades, considerado o percentual de inqu\u00e9ritos relatados com autoria \u201331% em Serra, 32% em Lauro de Freitas e 44% em Alvorada\u2013, h\u00e1 importantes diferen\u00e7as quanto ao formato de investiga\u00e7\u00e3o.<\/p>\n<p>O atendimento inicial \u00e0 ocorr\u00eancia, por exemplo, \u00e9 bastante importante, j\u00e1 que quanto mais claro e formalizado for, mais informa\u00e7\u00f5es ficam dispon\u00edveis para instaurar o inqu\u00e9rito, possibilitando que o delegado d\u00ea instru\u00e7\u00f5es focadas \u00e0 sua equipe de investiga\u00e7\u00e3o, para que esta desenvolva os procedimentos de apura\u00e7\u00e3o dos casos.<\/p>\n<p>O tipo de delegacia que cuida do caso tamb\u00e9m \u00e9 fundamental. Se for uma delegacia territorial\/distrital ou uma especializada, h\u00e1 impacto em dois pontos importantes: o primeiro \u00e9 n\u00edvel de conhecimento das equipes sobre as din\u00e2micas dos homic\u00eddios e tamb\u00e9m sobre as especificidades dos atendimentos a esse tipo de caso; j\u00e1 o segundo \u00e9 a quantidade de recursos para a realiza\u00e7\u00e3o dos trabalhos de investiga\u00e7\u00e3o.<\/p>\n<p>A partir da an\u00e1lise dessas cidades, a pesquisa termina por apresentar um conjunto de recomenda\u00e7\u00f5es para aprimorar o esclarecimento dos homic\u00eddios: padroniza\u00e7\u00e3o do registro inicial da ocorr\u00eancia e dos protocolos para o primeiro atendimento, garantindo mais informa\u00e7\u00f5es para dar continuidade \u00e0s investiga\u00e7\u00f5es; padroniza\u00e7\u00e3o dos procedimentos de investiga\u00e7\u00e3o, criando rotinas que facilitem os trabalhos dos delegados, investigadores e demais profissionais; fortalecimento e padroniza\u00e7\u00e3o da atua\u00e7\u00e3o das per\u00edcias, garantindo que estas tenham acesso a mais recursos e que haja preserva\u00e7\u00e3o adequada do local do crime.<\/p>\n<p>Outras recomenda\u00e7\u00f5es s\u00e3o: investimento em gest\u00e3o da informa\u00e7\u00e3o, garantindo a coleta, o processamento e a an\u00e1lise de dados sobre as ocorr\u00eancias criminais; sistematiza\u00e7\u00e3o das informa\u00e7\u00f5es produzidas a partir das investiga\u00e7\u00f5es, garantindo que os gestores tenham acesso a dados mais estruturados, possibilitando um processo de tomada de decis\u00e3o orientado por esses diagn\u00f3sticos; investimento na prote\u00e7\u00e3o \u00e0s testemunhas; aumento da capacidade investigativa em locais com alta concentra\u00e7\u00e3o de homic\u00eddios, por meio ou da especializa\u00e7\u00e3o das delegacias ou do aporte de recursos humanos.<\/p>\n<p>A ado\u00e7\u00e3o dessas recomenda\u00e7\u00f5es poder\u00e1 contribuir para o aumento dos esclarecimentos dos homic\u00eddios no Brasil. Quem sabe assim a popula\u00e7\u00e3o retome sua cren\u00e7a nas institui\u00e7\u00f5es de seguran\u00e7a p\u00fablica e na Justi\u00e7a criminal, passando a defender a m\u00e1xima de que bandido bom \u00e9 aquele processado e julgado corretamente pela justi\u00e7a?<\/p>\n","protected":false},"excerpt":{"rendered":"<p>Carolina Ricardo Dados do Anu\u00e1rio Brasileiro de Seguran\u00e7a P\u00fablica indicam que a cada nove minutos um brasileiro \u00e9 morto violentamente, o que significou mais de 58 mil homic\u00eddios em 2015. Ao mesmo tempo, uma pesquisa do Datafolha apontou que 57% da popula\u00e7\u00e3o acredita que &#8220;bandido bom \u00e9 bandido morto&#8221;. Essas informa\u00e7\u00f5es demonstram que, por um [&hellip;]<\/p>\n","protected":false},"author":2,"featured_media":121636,"comment_status":"open","ping_status":"closed","sticky":false,"template":"","format":"standard","meta":{"_acf_changed":false,"footnotes":""},"categories":[25],"tags":[],"class_list":["post-121635","post","type-post","status-publish","format-standard","has-post-thumbnail","hentry","category-opina-ai"],"acf":[],"yoast_head":"<!-- This site is optimized with the Yoast SEO plugin v27.5 - https:\/\/yoast.com\/product\/yoast-seo-wordpress\/ -->\n<title>Bandido bom \u00e9 bandido julgado corretamente - Notibras<\/title>\n<meta name=\"robots\" content=\"index, follow, max-snippet:-1, max-image-preview:large, max-video-preview:-1\" \/>\n<link rel=\"canonical\" href=\"https:\/\/www.notibras.com\/site\/bandido-bom-e-banddo-julgado-corretamente\/\" \/>\n<meta property=\"og:locale\" content=\"pt_BR\" \/>\n<meta property=\"og:type\" content=\"article\" \/>\n<meta property=\"og:title\" content=\"Bandido bom \u00e9 bandido julgado corretamente - Notibras\" \/>\n<meta property=\"og:description\" content=\"Carolina Ricardo Dados do Anu\u00e1rio Brasileiro de Seguran\u00e7a P\u00fablica indicam que a cada nove minutos um brasileiro \u00e9 morto violentamente, o que significou mais de 58 mil homic\u00eddios em 2015. Ao mesmo tempo, uma pesquisa do Datafolha apontou que 57% da popula\u00e7\u00e3o acredita que &#8220;bandido bom \u00e9 bandido morto&#8221;. Essas informa\u00e7\u00f5es demonstram que, por um [&hellip;]\" \/>\n<meta property=\"og:url\" content=\"https:\/\/www.notibras.com\/site\/bandido-bom-e-banddo-julgado-corretamente\/\" \/>\n<meta property=\"og:site_name\" content=\"Notibras\" \/>\n<meta property=\"article:publisher\" content=\"https:\/\/www.facebook.com\/notibras\/\" \/>\n<meta property=\"article:published_time\" content=\"2016-11-18T09:47:19+00:00\" \/>\n<meta property=\"article:modified_time\" content=\"2016-11-18T09:47:41+00:00\" \/>\n<meta property=\"og:image\" content=\"https:\/\/www.notibras.com\/site\/wp-content\/uploads\/2016\/11\/Pol\u00edcia-Militar-de-Santa-Catarina-e1479471422758.jpg\" \/>\n\t<meta property=\"og:image:width\" content=\"685\" \/>\n\t<meta property=\"og:image:height\" content=\"484\" \/>\n\t<meta property=\"og:image:type\" content=\"image\/jpeg\" \/>\n<meta name=\"author\" content=\"Reda\u00e7\u00e3o\" \/>\n<meta name=\"twitter:card\" content=\"summary_large_image\" \/>\n<meta name=\"twitter:creator\" content=\"@Notibras\" \/>\n<meta name=\"twitter:site\" content=\"@Notibras\" \/>\n<meta name=\"twitter:label1\" content=\"Escrito por\" \/>\n\t<meta name=\"twitter:data1\" content=\"Reda\u00e7\u00e3o\" \/>\n\t<meta name=\"twitter:label2\" content=\"Est. tempo de leitura\" \/>\n\t<meta name=\"twitter:data2\" content=\"4 minutos\" \/>\n<script type=\"application\/ld+json\" class=\"yoast-schema-graph\">{\"@context\":\"https:\\\/\\\/schema.org\",\"@graph\":[{\"@type\":\"Article\",\"@id\":\"https:\\\/\\\/www.notibras.com\\\/site\\\/bandido-bom-e-banddo-julgado-corretamente\\\/#article\",\"isPartOf\":{\"@id\":\"https:\\\/\\\/www.notibras.com\\\/site\\\/bandido-bom-e-banddo-julgado-corretamente\\\/\"},\"author\":{\"name\":\"Reda\u00e7\u00e3o\",\"@id\":\"https:\\\/\\\/www.notibras.com\\\/site\\\/#\\\/schema\\\/person\\\/36ab0979449956132d3e5b517ea76ac8\"},\"headline\":\"Bandido bom \u00e9 bandido julgado corretamente\",\"datePublished\":\"2016-11-18T09:47:19+00:00\",\"dateModified\":\"2016-11-18T09:47:41+00:00\",\"mainEntityOfPage\":{\"@id\":\"https:\\\/\\\/www.notibras.com\\\/site\\\/bandido-bom-e-banddo-julgado-corretamente\\\/\"},\"wordCount\":820,\"commentCount\":0,\"publisher\":{\"@id\":\"https:\\\/\\\/www.notibras.com\\\/site\\\/#organization\"},\"image\":{\"@id\":\"https:\\\/\\\/www.notibras.com\\\/site\\\/bandido-bom-e-banddo-julgado-corretamente\\\/#primaryimage\"},\"thumbnailUrl\":\"https:\\\/\\\/www.notibras.com\\\/site\\\/wp-content\\\/uploads\\\/2016\\\/11\\\/Pol\u00edcia-Militar-de-Santa-Catarina-e1479471422758.jpg\",\"articleSection\":[\"Opina a\u00ed\"],\"inLanguage\":\"pt-BR\",\"potentialAction\":[{\"@type\":\"CommentAction\",\"name\":\"Comment\",\"target\":[\"https:\\\/\\\/www.notibras.com\\\/site\\\/bandido-bom-e-banddo-julgado-corretamente\\\/#respond\"]}]},{\"@type\":\"WebPage\",\"@id\":\"https:\\\/\\\/www.notibras.com\\\/site\\\/bandido-bom-e-banddo-julgado-corretamente\\\/\",\"url\":\"https:\\\/\\\/www.notibras.com\\\/site\\\/bandido-bom-e-banddo-julgado-corretamente\\\/\",\"name\":\"Bandido bom \u00e9 bandido julgado corretamente - Notibras\",\"isPartOf\":{\"@id\":\"https:\\\/\\\/www.notibras.com\\\/site\\\/#website\"},\"primaryImageOfPage\":{\"@id\":\"https:\\\/\\\/www.notibras.com\\\/site\\\/bandido-bom-e-banddo-julgado-corretamente\\\/#primaryimage\"},\"image\":{\"@id\":\"https:\\\/\\\/www.notibras.com\\\/site\\\/bandido-bom-e-banddo-julgado-corretamente\\\/#primaryimage\"},\"thumbnailUrl\":\"https:\\\/\\\/www.notibras.com\\\/site\\\/wp-content\\\/uploads\\\/2016\\\/11\\\/Pol\u00edcia-Militar-de-Santa-Catarina-e1479471422758.jpg\",\"datePublished\":\"2016-11-18T09:47:19+00:00\",\"dateModified\":\"2016-11-18T09:47:41+00:00\",\"breadcrumb\":{\"@id\":\"https:\\\/\\\/www.notibras.com\\\/site\\\/bandido-bom-e-banddo-julgado-corretamente\\\/#breadcrumb\"},\"inLanguage\":\"pt-BR\",\"potentialAction\":[{\"@type\":\"ReadAction\",\"target\":[\"https:\\\/\\\/www.notibras.com\\\/site\\\/bandido-bom-e-banddo-julgado-corretamente\\\/\"]}]},{\"@type\":\"ImageObject\",\"inLanguage\":\"pt-BR\",\"@id\":\"https:\\\/\\\/www.notibras.com\\\/site\\\/bandido-bom-e-banddo-julgado-corretamente\\\/#primaryimage\",\"url\":\"https:\\\/\\\/www.notibras.com\\\/site\\\/wp-content\\\/uploads\\\/2016\\\/11\\\/Pol\u00edcia-Militar-de-Santa-Catarina-e1479471422758.jpg\",\"contentUrl\":\"https:\\\/\\\/www.notibras.com\\\/site\\\/wp-content\\\/uploads\\\/2016\\\/11\\\/Pol\u00edcia-Militar-de-Santa-Catarina-e1479471422758.jpg\",\"width\":685,\"height\":484},{\"@type\":\"BreadcrumbList\",\"@id\":\"https:\\\/\\\/www.notibras.com\\\/site\\\/bandido-bom-e-banddo-julgado-corretamente\\\/#breadcrumb\",\"itemListElement\":[{\"@type\":\"ListItem\",\"position\":1,\"name\":\"In\u00edcio\",\"item\":\"https:\\\/\\\/www.notibras.com\\\/site\\\/\"},{\"@type\":\"ListItem\",\"position\":2,\"name\":\"Bandido bom \u00e9 bandido julgado corretamente\"}]},{\"@type\":\"WebSite\",\"@id\":\"https:\\\/\\\/www.notibras.com\\\/site\\\/#website\",\"url\":\"https:\\\/\\\/www.notibras.com\\\/site\\\/\",\"name\":\"Notibras\",\"description\":\"Not\u00edcias de Bras\u00edlia, do Brasil e do Mundo\",\"publisher\":{\"@id\":\"https:\\\/\\\/www.notibras.com\\\/site\\\/#organization\"},\"potentialAction\":[{\"@type\":\"SearchAction\",\"target\":{\"@type\":\"EntryPoint\",\"urlTemplate\":\"https:\\\/\\\/www.notibras.com\\\/site\\\/?s={search_term_string}\"},\"query-input\":{\"@type\":\"PropertyValueSpecification\",\"valueRequired\":true,\"valueName\":\"search_term_string\"}}],\"inLanguage\":\"pt-BR\"},{\"@type\":\"Organization\",\"@id\":\"https:\\\/\\\/www.notibras.com\\\/site\\\/#organization\",\"name\":\"Grupo Notibras de Comunica\u00e7\u00e3o\",\"url\":\"https:\\\/\\\/www.notibras.com\\\/site\\\/\",\"logo\":{\"@type\":\"ImageObject\",\"inLanguage\":\"pt-BR\",\"@id\":\"https:\\\/\\\/www.notibras.com\\\/site\\\/#\\\/schema\\\/logo\\\/image\\\/\",\"url\":\"https:\\\/\\\/www.notibras.com\\\/site\\\/wp-content\\\/uploads\\\/2023\\\/01\\\/notibras23.png\",\"contentUrl\":\"https:\\\/\\\/www.notibras.com\\\/site\\\/wp-content\\\/uploads\\\/2023\\\/01\\\/notibras23.png\",\"width\":350,\"height\":87,\"caption\":\"Grupo Notibras de Comunica\u00e7\u00e3o\"},\"image\":{\"@id\":\"https:\\\/\\\/www.notibras.com\\\/site\\\/#\\\/schema\\\/logo\\\/image\\\/\"},\"sameAs\":[\"https:\\\/\\\/www.facebook.com\\\/notibras\\\/\",\"https:\\\/\\\/x.com\\\/Notibras\",\"https:\\\/\\\/www.instagram.com\\\/notibras\\\/\"]},{\"@type\":\"Person\",\"@id\":\"https:\\\/\\\/www.notibras.com\\\/site\\\/#\\\/schema\\\/person\\\/36ab0979449956132d3e5b517ea76ac8\",\"name\":\"Reda\u00e7\u00e3o\",\"image\":{\"@type\":\"ImageObject\",\"inLanguage\":\"pt-BR\",\"@id\":\"https:\\\/\\\/secure.gravatar.com\\\/avatar\\\/e0a867bdedb85fd243eadf09663511f96fc81e0720a4a42581f334ad4303aa6b?s=96&d=mm&r=g\",\"url\":\"https:\\\/\\\/secure.gravatar.com\\\/avatar\\\/e0a867bdedb85fd243eadf09663511f96fc81e0720a4a42581f334ad4303aa6b?s=96&d=mm&r=g\",\"contentUrl\":\"https:\\\/\\\/secure.gravatar.com\\\/avatar\\\/e0a867bdedb85fd243eadf09663511f96fc81e0720a4a42581f334ad4303aa6b?s=96&d=mm&r=g\",\"caption\":\"Reda\u00e7\u00e3o\"}}]}<\/script>\n<!-- \/ Yoast SEO plugin. -->","yoast_head_json":{"title":"Bandido bom \u00e9 bandido julgado corretamente - Notibras","robots":{"index":"index","follow":"follow","max-snippet":"max-snippet:-1","max-image-preview":"max-image-preview:large","max-video-preview":"max-video-preview:-1"},"canonical":"https:\/\/www.notibras.com\/site\/bandido-bom-e-banddo-julgado-corretamente\/","og_locale":"pt_BR","og_type":"article","og_title":"Bandido bom \u00e9 bandido julgado corretamente - Notibras","og_description":"Carolina Ricardo Dados do Anu\u00e1rio Brasileiro de Seguran\u00e7a P\u00fablica indicam que a cada nove minutos um brasileiro \u00e9 morto violentamente, o que significou mais de 58 mil homic\u00eddios em 2015. Ao mesmo tempo, uma pesquisa do Datafolha apontou que 57% da popula\u00e7\u00e3o acredita que &#8220;bandido bom \u00e9 bandido morto&#8221;. Essas informa\u00e7\u00f5es demonstram que, por um [&hellip;]","og_url":"https:\/\/www.notibras.com\/site\/bandido-bom-e-banddo-julgado-corretamente\/","og_site_name":"Notibras","article_publisher":"https:\/\/www.facebook.com\/notibras\/","article_published_time":"2016-11-18T09:47:19+00:00","article_modified_time":"2016-11-18T09:47:41+00:00","og_image":[{"width":685,"height":484,"url":"https:\/\/www.notibras.com\/site\/wp-content\/uploads\/2016\/11\/Pol\u00edcia-Militar-de-Santa-Catarina-e1479471422758.jpg","type":"image\/jpeg"}],"author":"Reda\u00e7\u00e3o","twitter_card":"summary_large_image","twitter_creator":"@Notibras","twitter_site":"@Notibras","twitter_misc":{"Escrito por":"Reda\u00e7\u00e3o","Est. tempo de leitura":"4 minutos"},"schema":{"@context":"https:\/\/schema.org","@graph":[{"@type":"Article","@id":"https:\/\/www.notibras.com\/site\/bandido-bom-e-banddo-julgado-corretamente\/#article","isPartOf":{"@id":"https:\/\/www.notibras.com\/site\/bandido-bom-e-banddo-julgado-corretamente\/"},"author":{"name":"Reda\u00e7\u00e3o","@id":"https:\/\/www.notibras.com\/site\/#\/schema\/person\/36ab0979449956132d3e5b517ea76ac8"},"headline":"Bandido bom \u00e9 bandido julgado corretamente","datePublished":"2016-11-18T09:47:19+00:00","dateModified":"2016-11-18T09:47:41+00:00","mainEntityOfPage":{"@id":"https:\/\/www.notibras.com\/site\/bandido-bom-e-banddo-julgado-corretamente\/"},"wordCount":820,"commentCount":0,"publisher":{"@id":"https:\/\/www.notibras.com\/site\/#organization"},"image":{"@id":"https:\/\/www.notibras.com\/site\/bandido-bom-e-banddo-julgado-corretamente\/#primaryimage"},"thumbnailUrl":"https:\/\/www.notibras.com\/site\/wp-content\/uploads\/2016\/11\/Pol\u00edcia-Militar-de-Santa-Catarina-e1479471422758.jpg","articleSection":["Opina a\u00ed"],"inLanguage":"pt-BR","potentialAction":[{"@type":"CommentAction","name":"Comment","target":["https:\/\/www.notibras.com\/site\/bandido-bom-e-banddo-julgado-corretamente\/#respond"]}]},{"@type":"WebPage","@id":"https:\/\/www.notibras.com\/site\/bandido-bom-e-banddo-julgado-corretamente\/","url":"https:\/\/www.notibras.com\/site\/bandido-bom-e-banddo-julgado-corretamente\/","name":"Bandido bom \u00e9 bandido julgado corretamente - Notibras","isPartOf":{"@id":"https:\/\/www.notibras.com\/site\/#website"},"primaryImageOfPage":{"@id":"https:\/\/www.notibras.com\/site\/bandido-bom-e-banddo-julgado-corretamente\/#primaryimage"},"image":{"@id":"https:\/\/www.notibras.com\/site\/bandido-bom-e-banddo-julgado-corretamente\/#primaryimage"},"thumbnailUrl":"https:\/\/www.notibras.com\/site\/wp-content\/uploads\/2016\/11\/Pol\u00edcia-Militar-de-Santa-Catarina-e1479471422758.jpg","datePublished":"2016-11-18T09:47:19+00:00","dateModified":"2016-11-18T09:47:41+00:00","breadcrumb":{"@id":"https:\/\/www.notibras.com\/site\/bandido-bom-e-banddo-julgado-corretamente\/#breadcrumb"},"inLanguage":"pt-BR","potentialAction":[{"@type":"ReadAction","target":["https:\/\/www.notibras.com\/site\/bandido-bom-e-banddo-julgado-corretamente\/"]}]},{"@type":"ImageObject","inLanguage":"pt-BR","@id":"https:\/\/www.notibras.com\/site\/bandido-bom-e-banddo-julgado-corretamente\/#primaryimage","url":"https:\/\/www.notibras.com\/site\/wp-content\/uploads\/2016\/11\/Pol\u00edcia-Militar-de-Santa-Catarina-e1479471422758.jpg","contentUrl":"https:\/\/www.notibras.com\/site\/wp-content\/uploads\/2016\/11\/Pol\u00edcia-Militar-de-Santa-Catarina-e1479471422758.jpg","width":685,"height":484},{"@type":"BreadcrumbList","@id":"https:\/\/www.notibras.com\/site\/bandido-bom-e-banddo-julgado-corretamente\/#breadcrumb","itemListElement":[{"@type":"ListItem","position":1,"name":"In\u00edcio","item":"https:\/\/www.notibras.com\/site\/"},{"@type":"ListItem","position":2,"name":"Bandido bom \u00e9 bandido julgado corretamente"}]},{"@type":"WebSite","@id":"https:\/\/www.notibras.com\/site\/#website","url":"https:\/\/www.notibras.com\/site\/","name":"Notibras","description":"Not\u00edcias de Bras\u00edlia, do Brasil e do Mundo","publisher":{"@id":"https:\/\/www.notibras.com\/site\/#organization"},"potentialAction":[{"@type":"SearchAction","target":{"@type":"EntryPoint","urlTemplate":"https:\/\/www.notibras.com\/site\/?s={search_term_string}"},"query-input":{"@type":"PropertyValueSpecification","valueRequired":true,"valueName":"search_term_string"}}],"inLanguage":"pt-BR"},{"@type":"Organization","@id":"https:\/\/www.notibras.com\/site\/#organization","name":"Grupo Notibras de Comunica\u00e7\u00e3o","url":"https:\/\/www.notibras.com\/site\/","logo":{"@type":"ImageObject","inLanguage":"pt-BR","@id":"https:\/\/www.notibras.com\/site\/#\/schema\/logo\/image\/","url":"https:\/\/www.notibras.com\/site\/wp-content\/uploads\/2023\/01\/notibras23.png","contentUrl":"https:\/\/www.notibras.com\/site\/wp-content\/uploads\/2023\/01\/notibras23.png","width":350,"height":87,"caption":"Grupo Notibras de Comunica\u00e7\u00e3o"},"image":{"@id":"https:\/\/www.notibras.com\/site\/#\/schema\/logo\/image\/"},"sameAs":["https:\/\/www.facebook.com\/notibras\/","https:\/\/x.com\/Notibras","https:\/\/www.instagram.com\/notibras\/"]},{"@type":"Person","@id":"https:\/\/www.notibras.com\/site\/#\/schema\/person\/36ab0979449956132d3e5b517ea76ac8","name":"Reda\u00e7\u00e3o","image":{"@type":"ImageObject","inLanguage":"pt-BR","@id":"https:\/\/secure.gravatar.com\/avatar\/e0a867bdedb85fd243eadf09663511f96fc81e0720a4a42581f334ad4303aa6b?s=96&d=mm&r=g","url":"https:\/\/secure.gravatar.com\/avatar\/e0a867bdedb85fd243eadf09663511f96fc81e0720a4a42581f334ad4303aa6b?s=96&d=mm&r=g","contentUrl":"https:\/\/secure.gravatar.com\/avatar\/e0a867bdedb85fd243eadf09663511f96fc81e0720a4a42581f334ad4303aa6b?s=96&d=mm&r=g","caption":"Reda\u00e7\u00e3o"}}]}},"amp_enabled":true,"_links":{"self":[{"href":"https:\/\/www.notibras.com\/site\/wp-json\/wp\/v2\/posts\/121635","targetHints":{"allow":["GET"]}}],"collection":[{"href":"https:\/\/www.notibras.com\/site\/wp-json\/wp\/v2\/posts"}],"about":[{"href":"https:\/\/www.notibras.com\/site\/wp-json\/wp\/v2\/types\/post"}],"author":[{"embeddable":true,"href":"https:\/\/www.notibras.com\/site\/wp-json\/wp\/v2\/users\/2"}],"replies":[{"embeddable":true,"href":"https:\/\/www.notibras.com\/site\/wp-json\/wp\/v2\/comments?post=121635"}],"version-history":[{"count":2,"href":"https:\/\/www.notibras.com\/site\/wp-json\/wp\/v2\/posts\/121635\/revisions"}],"predecessor-version":[{"id":121638,"href":"https:\/\/www.notibras.com\/site\/wp-json\/wp\/v2\/posts\/121635\/revisions\/121638"}],"wp:featuredmedia":[{"embeddable":true,"href":"https:\/\/www.notibras.com\/site\/wp-json\/wp\/v2\/media\/121636"}],"wp:attachment":[{"href":"https:\/\/www.notibras.com\/site\/wp-json\/wp\/v2\/media?parent=121635"}],"wp:term":[{"taxonomy":"category","embeddable":true,"href":"https:\/\/www.notibras.com\/site\/wp-json\/wp\/v2\/categories?post=121635"},{"taxonomy":"post_tag","embeddable":true,"href":"https:\/\/www.notibras.com\/site\/wp-json\/wp\/v2\/tags?post=121635"}],"curies":[{"name":"wp","href":"https:\/\/api.w.org\/{rel}","templated":true}]}}