{"id":12173,"date":"2014-06-03T20:22:00","date_gmt":"2014-06-03T23:22:00","guid":{"rendered":"http:\/\/www.notibras.com\/site\/?p=12173"},"modified":"2014-06-03T21:35:31","modified_gmt":"2014-06-04T00:35:31","slug":"federais-investigam-orgia-sadomasoquista-em-campus-de-universidade","status":"publish","type":"post","link":"https:\/\/www.notibras.com\/site\/federais-investigam-orgia-sadomasoquista-em-campus-de-universidade\/","title":{"rendered":"PF investiga orgia sadomasoquista em Universidade do Rio"},"content":{"rendered":"<p>A Pol\u00edcia Federal (PF) instaurou inqu\u00e9rito para investigar uma orgia sadomasoquista que teria ocorrido no campus de Rio das Ostras da Universidade Federal Fluminense. Ser\u00e3o ouvidos representantes da universidade e respons\u00e1veis pela festa. Tamb\u00e9m ser\u00e3o realizadas dilig\u00eancias para identificar os participantes da suposta orgia.<\/p>\n<p class=\"text\">A reitoria da UFF diz que formou uma comiss\u00e3o para apurar den\u00fancia. A investiga\u00e7\u00e3o acontece depois que imagens divulgadas por funcion\u00e1rios em redes sociais mostraram jovens se cortando com estiletes e costurando os \u00f3rg\u00e3os genitais de uma participante na festa.<\/p>\n<blockquote>\n<p class=\"text\">A universidade disse que as jovens n\u00e3o s\u00e3o estudantes da unidade e que elas fazem parte de um grupo teatral contratado por um professor do curso de produ\u00e7\u00e3o cultural.<\/p>\n<\/blockquote>\n<p class=\"text\">A encena\u00e7\u00e3o, diz a reitoria, foi feita durante festa de confraterniza\u00e7\u00e3o do semin\u00e1rio Corpo e Resist\u00eancia &#8211; 2\u00ba Semin\u00e1rio de Investiga\u00e7\u00e3o &amp; Cria\u00e7\u00e3o do Grupo de Pesquisas CNPq Cultura e Cidade Contempor\u00e2nea. Nas redes sociais, o evento foi chamado de &#8220;Xereca Sat\u00e2nik &#8211; A Festa&#8221;. O chefe do Departamento de Artes e Estudos Culturais da UFF, Daniel Caetano, disse que o grupo teatral foi convidado pelo professor e que &#8220;nenhum crime foi cometido&#8221; e que considera a censura inaceit\u00e1vel.<\/p>\n<p class=\"text\">A Universidade divulgou uma nota nesta ter\u00e7a-feira em seu site e no perfil no Facebook na qual afirma n\u00e3o compactuar com qualquer atividade que &#8220;extrapole os limites do razo\u00e1vel, atentando aos valores da liberdade e igualdade, ou ofendendo a dignidade da pessoa humana&#8221;.<\/p>\n<p class=\"text\">A institui\u00e7\u00e3o ainda pede que qualquer pessoa que tenha testemunhado poss\u00edveis &#8220;ilegalidades cometidas junto ao espa\u00e7o p\u00fablico da universidade&#8221; que entrem em contato com a reitoria.<\/p>\n","protected":false},"excerpt":{"rendered":"<p>A Pol\u00edcia Federal (PF) instaurou inqu\u00e9rito para investigar uma orgia sadomasoquista que teria ocorrido no campus de Rio das Ostras da Universidade Federal Fluminense. Ser\u00e3o ouvidos representantes da universidade e respons\u00e1veis pela festa. Tamb\u00e9m ser\u00e3o realizadas dilig\u00eancias para identificar os participantes da suposta orgia. A reitoria da UFF diz que formou uma comiss\u00e3o para apurar [&hellip;]<\/p>\n","protected":false},"author":2,"featured_media":12174,"comment_status":"open","ping_status":"closed","sticky":false,"template":"","format":"standard","meta":{"_acf_changed":false,"footnotes":""},"categories":[16],"tags":[],"class_list":["post-12173","post","type-post","status-publish","format-standard","has-post-thumbnail","hentry","category-brasil"],"acf":[],"yoast_head":"<!-- This site is optimized with the Yoast SEO plugin v27.2 - https:\/\/yoast.com\/product\/yoast-seo-wordpress\/ -->\n<title>PF investiga orgia sadomasoquista em Universidade do Rio - Notibras<\/title>\n<meta name=\"robots\" content=\"index, follow, max-snippet:-1, max-image-preview:large, max-video-preview:-1\" \/>\n<link rel=\"canonical\" href=\"https:\/\/www.notibras.com\/site\/federais-investigam-orgia-sadomasoquista-em-campus-de-universidade\/\" \/>\n<meta property=\"og:locale\" content=\"pt_BR\" \/>\n<meta property=\"og:type\" content=\"article\" \/>\n<meta property=\"og:title\" content=\"PF investiga orgia sadomasoquista em Universidade do Rio - Notibras\" \/>\n<meta property=\"og:description\" content=\"A Pol\u00edcia Federal (PF) instaurou inqu\u00e9rito para investigar uma orgia sadomasoquista que teria ocorrido no campus de Rio das Ostras da Universidade Federal Fluminense. Ser\u00e3o ouvidos representantes da universidade e respons\u00e1veis pela festa. Tamb\u00e9m ser\u00e3o realizadas dilig\u00eancias para identificar os participantes da suposta orgia. A reitoria da UFF diz que formou uma comiss\u00e3o para apurar [&hellip;]\" \/>\n<meta property=\"og:url\" content=\"https:\/\/www.notibras.com\/site\/federais-investigam-orgia-sadomasoquista-em-campus-de-universidade\/\" \/>\n<meta property=\"og:site_name\" content=\"Notibras\" \/>\n<meta property=\"article:publisher\" content=\"https:\/\/www.facebook.com\/notibras\/\" \/>\n<meta property=\"article:published_time\" content=\"2014-06-03T23:22:00+00:00\" \/>\n<meta property=\"article:modified_time\" content=\"2014-06-04T00:35:31+00:00\" \/>\n<meta property=\"og:image\" content=\"https:\/\/www.notibras.com\/site\/wp-content\/uploads\/2014\/06\/sado.jpg\" \/>\n\t<meta property=\"og:image:width\" content=\"960\" \/>\n\t<meta property=\"og:image:height\" content=\"721\" \/>\n\t<meta property=\"og:image:type\" content=\"image\/jpeg\" \/>\n<meta name=\"author\" content=\"Reda\u00e7\u00e3o\" \/>\n<meta name=\"twitter:card\" content=\"summary_large_image\" \/>\n<meta name=\"twitter:creator\" content=\"@Notibras\" \/>\n<meta name=\"twitter:site\" content=\"@Notibras\" \/>\n<meta name=\"twitter:label1\" content=\"Escrito por\" \/>\n\t<meta name=\"twitter:data1\" content=\"Reda\u00e7\u00e3o\" \/>\n\t<meta name=\"twitter:label2\" content=\"Est. tempo de leitura\" \/>\n\t<meta name=\"twitter:data2\" content=\"1 minuto\" \/>\n<script type=\"application\/ld+json\" class=\"yoast-schema-graph\">{\"@context\":\"https:\/\/schema.org\",\"@graph\":[{\"@type\":\"Article\",\"@id\":\"https:\/\/www.notibras.com\/site\/federais-investigam-orgia-sadomasoquista-em-campus-de-universidade\/#article\",\"isPartOf\":{\"@id\":\"https:\/\/www.notibras.com\/site\/federais-investigam-orgia-sadomasoquista-em-campus-de-universidade\/\"},\"author\":{\"name\":\"Reda\u00e7\u00e3o\",\"@id\":\"https:\/\/www.notibras.com\/site\/#\/schema\/person\/36ab0979449956132d3e5b517ea76ac8\"},\"headline\":\"PF investiga orgia sadomasoquista em Universidade do Rio\",\"datePublished\":\"2014-06-03T23:22:00+00:00\",\"dateModified\":\"2014-06-04T00:35:31+00:00\",\"mainEntityOfPage\":{\"@id\":\"https:\/\/www.notibras.com\/site\/federais-investigam-orgia-sadomasoquista-em-campus-de-universidade\/\"},\"wordCount\":300,\"commentCount\":0,\"publisher\":{\"@id\":\"https:\/\/www.notibras.com\/site\/#organization\"},\"image\":{\"@id\":\"https:\/\/www.notibras.com\/site\/federais-investigam-orgia-sadomasoquista-em-campus-de-universidade\/#primaryimage\"},\"thumbnailUrl\":\"https:\/\/www.notibras.com\/site\/wp-content\/uploads\/2014\/06\/sado.jpg\",\"articleSection\":[\"Brasil\"],\"inLanguage\":\"pt-BR\",\"potentialAction\":[{\"@type\":\"CommentAction\",\"name\":\"Comment\",\"target\":[\"https:\/\/www.notibras.com\/site\/federais-investigam-orgia-sadomasoquista-em-campus-de-universidade\/#respond\"]}]},{\"@type\":\"WebPage\",\"@id\":\"https:\/\/www.notibras.com\/site\/federais-investigam-orgia-sadomasoquista-em-campus-de-universidade\/\",\"url\":\"https:\/\/www.notibras.com\/site\/federais-investigam-orgia-sadomasoquista-em-campus-de-universidade\/\",\"name\":\"PF investiga orgia sadomasoquista em Universidade do Rio - Notibras\",\"isPartOf\":{\"@id\":\"https:\/\/www.notibras.com\/site\/#website\"},\"primaryImageOfPage\":{\"@id\":\"https:\/\/www.notibras.com\/site\/federais-investigam-orgia-sadomasoquista-em-campus-de-universidade\/#primaryimage\"},\"image\":{\"@id\":\"https:\/\/www.notibras.com\/site\/federais-investigam-orgia-sadomasoquista-em-campus-de-universidade\/#primaryimage\"},\"thumbnailUrl\":\"https:\/\/www.notibras.com\/site\/wp-content\/uploads\/2014\/06\/sado.jpg\",\"datePublished\":\"2014-06-03T23:22:00+00:00\",\"dateModified\":\"2014-06-04T00:35:31+00:00\",\"breadcrumb\":{\"@id\":\"https:\/\/www.notibras.com\/site\/federais-investigam-orgia-sadomasoquista-em-campus-de-universidade\/#breadcrumb\"},\"inLanguage\":\"pt-BR\",\"potentialAction\":[{\"@type\":\"ReadAction\",\"target\":[\"https:\/\/www.notibras.com\/site\/federais-investigam-orgia-sadomasoquista-em-campus-de-universidade\/\"]}]},{\"@type\":\"ImageObject\",\"inLanguage\":\"pt-BR\",\"@id\":\"https:\/\/www.notibras.com\/site\/federais-investigam-orgia-sadomasoquista-em-campus-de-universidade\/#primaryimage\",\"url\":\"https:\/\/www.notibras.com\/site\/wp-content\/uploads\/2014\/06\/sado.jpg\",\"contentUrl\":\"https:\/\/www.notibras.com\/site\/wp-content\/uploads\/2014\/06\/sado.jpg\",\"width\":960,\"height\":721},{\"@type\":\"BreadcrumbList\",\"@id\":\"https:\/\/www.notibras.com\/site\/federais-investigam-orgia-sadomasoquista-em-campus-de-universidade\/#breadcrumb\",\"itemListElement\":[{\"@type\":\"ListItem\",\"position\":1,\"name\":\"In\u00edcio\",\"item\":\"https:\/\/www.notibras.com\/site\/\"},{\"@type\":\"ListItem\",\"position\":2,\"name\":\"PF investiga orgia sadomasoquista em Universidade do Rio\"}]},{\"@type\":\"WebSite\",\"@id\":\"https:\/\/www.notibras.com\/site\/#website\",\"url\":\"https:\/\/www.notibras.com\/site\/\",\"name\":\"Notibras\",\"description\":\"Not\u00edcias de Bras\u00edlia, do Brasil e do Mundo\",\"publisher\":{\"@id\":\"https:\/\/www.notibras.com\/site\/#organization\"},\"potentialAction\":[{\"@type\":\"SearchAction\",\"target\":{\"@type\":\"EntryPoint\",\"urlTemplate\":\"https:\/\/www.notibras.com\/site\/?s={search_term_string}\"},\"query-input\":{\"@type\":\"PropertyValueSpecification\",\"valueRequired\":true,\"valueName\":\"search_term_string\"}}],\"inLanguage\":\"pt-BR\"},{\"@type\":\"Organization\",\"@id\":\"https:\/\/www.notibras.com\/site\/#organization\",\"name\":\"Grupo Notibras de Comunica\u00e7\u00e3o\",\"url\":\"https:\/\/www.notibras.com\/site\/\",\"logo\":{\"@type\":\"ImageObject\",\"inLanguage\":\"pt-BR\",\"@id\":\"https:\/\/www.notibras.com\/site\/#\/schema\/logo\/image\/\",\"url\":\"https:\/\/www.notibras.com\/site\/wp-content\/uploads\/2023\/01\/notibras23.png\",\"contentUrl\":\"https:\/\/www.notibras.com\/site\/wp-content\/uploads\/2023\/01\/notibras23.png\",\"width\":350,\"height\":87,\"caption\":\"Grupo Notibras de Comunica\u00e7\u00e3o\"},\"image\":{\"@id\":\"https:\/\/www.notibras.com\/site\/#\/schema\/logo\/image\/\"},\"sameAs\":[\"https:\/\/www.facebook.com\/notibras\/\",\"https:\/\/x.com\/Notibras\",\"https:\/\/www.instagram.com\/notibras\/\"]},{\"@type\":\"Person\",\"@id\":\"https:\/\/www.notibras.com\/site\/#\/schema\/person\/36ab0979449956132d3e5b517ea76ac8\",\"name\":\"Reda\u00e7\u00e3o\",\"image\":{\"@type\":\"ImageObject\",\"inLanguage\":\"pt-BR\",\"@id\":\"https:\/\/secure.gravatar.com\/avatar\/e0a867bdedb85fd243eadf09663511f96fc81e0720a4a42581f334ad4303aa6b?s=96&d=mm&r=g\",\"url\":\"https:\/\/secure.gravatar.com\/avatar\/e0a867bdedb85fd243eadf09663511f96fc81e0720a4a42581f334ad4303aa6b?s=96&d=mm&r=g\",\"contentUrl\":\"https:\/\/secure.gravatar.com\/avatar\/e0a867bdedb85fd243eadf09663511f96fc81e0720a4a42581f334ad4303aa6b?s=96&d=mm&r=g\",\"caption\":\"Reda\u00e7\u00e3o\"}}]}<\/script>\n<!-- \/ Yoast SEO plugin. -->","yoast_head_json":{"title":"PF investiga orgia sadomasoquista em Universidade do Rio - Notibras","robots":{"index":"index","follow":"follow","max-snippet":"max-snippet:-1","max-image-preview":"max-image-preview:large","max-video-preview":"max-video-preview:-1"},"canonical":"https:\/\/www.notibras.com\/site\/federais-investigam-orgia-sadomasoquista-em-campus-de-universidade\/","og_locale":"pt_BR","og_type":"article","og_title":"PF investiga orgia sadomasoquista em Universidade do Rio - Notibras","og_description":"A Pol\u00edcia Federal (PF) instaurou inqu\u00e9rito para investigar uma orgia sadomasoquista que teria ocorrido no campus de Rio das Ostras da Universidade Federal Fluminense. Ser\u00e3o ouvidos representantes da universidade e respons\u00e1veis pela festa. Tamb\u00e9m ser\u00e3o realizadas dilig\u00eancias para identificar os participantes da suposta orgia. A reitoria da UFF diz que formou uma comiss\u00e3o para apurar [&hellip;]","og_url":"https:\/\/www.notibras.com\/site\/federais-investigam-orgia-sadomasoquista-em-campus-de-universidade\/","og_site_name":"Notibras","article_publisher":"https:\/\/www.facebook.com\/notibras\/","article_published_time":"2014-06-03T23:22:00+00:00","article_modified_time":"2014-06-04T00:35:31+00:00","og_image":[{"width":960,"height":721,"url":"https:\/\/www.notibras.com\/site\/wp-content\/uploads\/2014\/06\/sado.jpg","type":"image\/jpeg"}],"author":"Reda\u00e7\u00e3o","twitter_card":"summary_large_image","twitter_creator":"@Notibras","twitter_site":"@Notibras","twitter_misc":{"Escrito por":"Reda\u00e7\u00e3o","Est. tempo de leitura":"1 minuto"},"schema":{"@context":"https:\/\/schema.org","@graph":[{"@type":"Article","@id":"https:\/\/www.notibras.com\/site\/federais-investigam-orgia-sadomasoquista-em-campus-de-universidade\/#article","isPartOf":{"@id":"https:\/\/www.notibras.com\/site\/federais-investigam-orgia-sadomasoquista-em-campus-de-universidade\/"},"author":{"name":"Reda\u00e7\u00e3o","@id":"https:\/\/www.notibras.com\/site\/#\/schema\/person\/36ab0979449956132d3e5b517ea76ac8"},"headline":"PF investiga orgia sadomasoquista em Universidade do Rio","datePublished":"2014-06-03T23:22:00+00:00","dateModified":"2014-06-04T00:35:31+00:00","mainEntityOfPage":{"@id":"https:\/\/www.notibras.com\/site\/federais-investigam-orgia-sadomasoquista-em-campus-de-universidade\/"},"wordCount":300,"commentCount":0,"publisher":{"@id":"https:\/\/www.notibras.com\/site\/#organization"},"image":{"@id":"https:\/\/www.notibras.com\/site\/federais-investigam-orgia-sadomasoquista-em-campus-de-universidade\/#primaryimage"},"thumbnailUrl":"https:\/\/www.notibras.com\/site\/wp-content\/uploads\/2014\/06\/sado.jpg","articleSection":["Brasil"],"inLanguage":"pt-BR","potentialAction":[{"@type":"CommentAction","name":"Comment","target":["https:\/\/www.notibras.com\/site\/federais-investigam-orgia-sadomasoquista-em-campus-de-universidade\/#respond"]}]},{"@type":"WebPage","@id":"https:\/\/www.notibras.com\/site\/federais-investigam-orgia-sadomasoquista-em-campus-de-universidade\/","url":"https:\/\/www.notibras.com\/site\/federais-investigam-orgia-sadomasoquista-em-campus-de-universidade\/","name":"PF investiga orgia sadomasoquista em Universidade do Rio - Notibras","isPartOf":{"@id":"https:\/\/www.notibras.com\/site\/#website"},"primaryImageOfPage":{"@id":"https:\/\/www.notibras.com\/site\/federais-investigam-orgia-sadomasoquista-em-campus-de-universidade\/#primaryimage"},"image":{"@id":"https:\/\/www.notibras.com\/site\/federais-investigam-orgia-sadomasoquista-em-campus-de-universidade\/#primaryimage"},"thumbnailUrl":"https:\/\/www.notibras.com\/site\/wp-content\/uploads\/2014\/06\/sado.jpg","datePublished":"2014-06-03T23:22:00+00:00","dateModified":"2014-06-04T00:35:31+00:00","breadcrumb":{"@id":"https:\/\/www.notibras.com\/site\/federais-investigam-orgia-sadomasoquista-em-campus-de-universidade\/#breadcrumb"},"inLanguage":"pt-BR","potentialAction":[{"@type":"ReadAction","target":["https:\/\/www.notibras.com\/site\/federais-investigam-orgia-sadomasoquista-em-campus-de-universidade\/"]}]},{"@type":"ImageObject","inLanguage":"pt-BR","@id":"https:\/\/www.notibras.com\/site\/federais-investigam-orgia-sadomasoquista-em-campus-de-universidade\/#primaryimage","url":"https:\/\/www.notibras.com\/site\/wp-content\/uploads\/2014\/06\/sado.jpg","contentUrl":"https:\/\/www.notibras.com\/site\/wp-content\/uploads\/2014\/06\/sado.jpg","width":960,"height":721},{"@type":"BreadcrumbList","@id":"https:\/\/www.notibras.com\/site\/federais-investigam-orgia-sadomasoquista-em-campus-de-universidade\/#breadcrumb","itemListElement":[{"@type":"ListItem","position":1,"name":"In\u00edcio","item":"https:\/\/www.notibras.com\/site\/"},{"@type":"ListItem","position":2,"name":"PF investiga orgia sadomasoquista em Universidade do Rio"}]},{"@type":"WebSite","@id":"https:\/\/www.notibras.com\/site\/#website","url":"https:\/\/www.notibras.com\/site\/","name":"Notibras","description":"Not\u00edcias de Bras\u00edlia, do Brasil e do Mundo","publisher":{"@id":"https:\/\/www.notibras.com\/site\/#organization"},"potentialAction":[{"@type":"SearchAction","target":{"@type":"EntryPoint","urlTemplate":"https:\/\/www.notibras.com\/site\/?s={search_term_string}"},"query-input":{"@type":"PropertyValueSpecification","valueRequired":true,"valueName":"search_term_string"}}],"inLanguage":"pt-BR"},{"@type":"Organization","@id":"https:\/\/www.notibras.com\/site\/#organization","name":"Grupo Notibras de Comunica\u00e7\u00e3o","url":"https:\/\/www.notibras.com\/site\/","logo":{"@type":"ImageObject","inLanguage":"pt-BR","@id":"https:\/\/www.notibras.com\/site\/#\/schema\/logo\/image\/","url":"https:\/\/www.notibras.com\/site\/wp-content\/uploads\/2023\/01\/notibras23.png","contentUrl":"https:\/\/www.notibras.com\/site\/wp-content\/uploads\/2023\/01\/notibras23.png","width":350,"height":87,"caption":"Grupo Notibras de Comunica\u00e7\u00e3o"},"image":{"@id":"https:\/\/www.notibras.com\/site\/#\/schema\/logo\/image\/"},"sameAs":["https:\/\/www.facebook.com\/notibras\/","https:\/\/x.com\/Notibras","https:\/\/www.instagram.com\/notibras\/"]},{"@type":"Person","@id":"https:\/\/www.notibras.com\/site\/#\/schema\/person\/36ab0979449956132d3e5b517ea76ac8","name":"Reda\u00e7\u00e3o","image":{"@type":"ImageObject","inLanguage":"pt-BR","@id":"https:\/\/secure.gravatar.com\/avatar\/e0a867bdedb85fd243eadf09663511f96fc81e0720a4a42581f334ad4303aa6b?s=96&d=mm&r=g","url":"https:\/\/secure.gravatar.com\/avatar\/e0a867bdedb85fd243eadf09663511f96fc81e0720a4a42581f334ad4303aa6b?s=96&d=mm&r=g","contentUrl":"https:\/\/secure.gravatar.com\/avatar\/e0a867bdedb85fd243eadf09663511f96fc81e0720a4a42581f334ad4303aa6b?s=96&d=mm&r=g","caption":"Reda\u00e7\u00e3o"}}]}},"amp_enabled":true,"_links":{"self":[{"href":"https:\/\/www.notibras.com\/site\/wp-json\/wp\/v2\/posts\/12173","targetHints":{"allow":["GET"]}}],"collection":[{"href":"https:\/\/www.notibras.com\/site\/wp-json\/wp\/v2\/posts"}],"about":[{"href":"https:\/\/www.notibras.com\/site\/wp-json\/wp\/v2\/types\/post"}],"author":[{"embeddable":true,"href":"https:\/\/www.notibras.com\/site\/wp-json\/wp\/v2\/users\/2"}],"replies":[{"embeddable":true,"href":"https:\/\/www.notibras.com\/site\/wp-json\/wp\/v2\/comments?post=12173"}],"version-history":[{"count":0,"href":"https:\/\/www.notibras.com\/site\/wp-json\/wp\/v2\/posts\/12173\/revisions"}],"wp:featuredmedia":[{"embeddable":true,"href":"https:\/\/www.notibras.com\/site\/wp-json\/wp\/v2\/media\/12174"}],"wp:attachment":[{"href":"https:\/\/www.notibras.com\/site\/wp-json\/wp\/v2\/media?parent=12173"}],"wp:term":[{"taxonomy":"category","embeddable":true,"href":"https:\/\/www.notibras.com\/site\/wp-json\/wp\/v2\/categories?post=12173"},{"taxonomy":"post_tag","embeddable":true,"href":"https:\/\/www.notibras.com\/site\/wp-json\/wp\/v2\/tags?post=12173"}],"curies":[{"name":"wp","href":"https:\/\/api.w.org\/{rel}","templated":true}]}}