{"id":1219,"date":"2014-02-11T12:32:04","date_gmt":"2014-02-11T15:32:04","guid":{"rendered":"http:\/\/www.notibras.com\/site\/?p=1219"},"modified":"2014-02-11T12:32:04","modified_gmt":"2014-02-11T15:32:04","slug":"a-sombra-do-cajueiro-da-paradisiaca-arraial-dajuda","status":"publish","type":"post","link":"https:\/\/www.notibras.com\/site\/a-sombra-do-cajueiro-da-paradisiaca-arraial-dajuda\/","title":{"rendered":"\u00c0 sombra do cajueiro da paradis\u00edaca Arraial d&#8217;Ajuda"},"content":{"rendered":"<p>Arraial D\u00b4Ajuda j\u00e1 \u00e9 belo e generoso pelo nome. N\u00e3o imaginaria outro lugar que n\u00e3o esse, um arraial que nos ajuda a ver que a vida vai muito al\u00e9m daqui, e l\u00e1, depois do fim do morro, bem ao p\u00e9 da ladeira, um mar infinito de azul nos espera, para nos levar al\u00e9m da paisagem&#8230; Vou com ele, enquanto encontro o arraial no povo que faz a vida do lugar.<\/p>\n<p>Para o Arraial que cabe o mundo inteiro, gente de toda parte do planeta: o franc\u00eas que trocou os cen\u00e1rios de Paris para tocar tambor e ser feliz; o italiano que se casou com a menina baiana para se casar consigo mesmo; o senhor do interior de Minas que trocou os aposentos pelo poente, quando o sol dourava as horas e fez brilhar a sua sorte.<\/p>\n<p>Com seus muitos restaurantes abertos para rua, estendendo a mesa at\u00e9 os raios de sol, fico conversando com seus propriet\u00e1rios, ouvindo hist\u00f3rias de vida e de pessoas desprendidas que buscaram a si mesmas bem distantes dos outros. Encontraram um mundo novo e fizeram a vida a seu jeito.<\/p>\n<p>Um dos primeiros a chegar por l\u00e1, quando Arraial era apenas uma rua cercada por casas de pescadores, o ent\u00e3o jovem sa\u00eddo de S\u00e3o Paulo &#8211; na busca de uma vida que lhe desse alternativas de viver de seus pr\u00f3prios sonhos &#8211; ficou por ali admirando a paisagem, at\u00e9 que uma amiga lhe falou: &#8211; O senhor Jo\u00e3o Fogueteiro est\u00e1 vendendo um lote, l\u00e1 tem um belo cajueiro&#8230; Por que voc\u00ea n\u00e3o o compra? Fernando, querendo ver o belo cajueiro, gostou do terreno. Senhor Jo\u00e3o gostou do fusca dele. Fizeram a troca. Um deu ao outro o que eles n\u00e3o tinham.<\/p>\n<p>Com o passar dos anos, as coisas de Fernando foram crescendo, proporcionalmente com sua alegria de viver. Fez um camping, que se transformou em pousada, um restaurante e sempre cultivou o cajueiro, que segundo ele, est\u00e1 l\u00e1, na \u00e1rea interna da pousada, dividida em lindos e aconchegantes chal\u00e9s, cercado por um tanto p\u00e9s de erva doce.<\/p>\n<p>Assim Arraial ajudou Fernando a encontrar o seu lugar que era guardado por um cajueiro e a fazer aquele pedacinho de terra um lugar mais agrad\u00e1vel, elegante, saboroso e bonito para se viver. Hoje, sempre me lembro do cajueiro que mudou a vida do Fernando, que lhe \u2018tomou\u2019 um fusca e lhe deu um cantinho cheio de flores para cuidar e de hist\u00f3rias para contar.<\/p>\n<p>Agora fico pensando onde est\u00e1 meu cajueiro, onde adormece meu sonho inteiro. Ser\u00e1 na beira do mar ou de frente para uma cachoeira? N\u00e3o sei ao certo. Certo estou que enquanto n\u00e3o o encontro, o vejo em todo lugar e vou cuidando de todas as flores e \u00e1rvores que encontro pelo caminho, quando queria ser apenas um passarinho para n\u00e3o voar, mas para fazer meu ninho e cantar, feliz, a nova primavera.<\/p>\n<p><strong>\u00a0Petr\u00f4nio Souza Gon\u00e7alves, jornalista e escritor<\/strong><\/p>\n","protected":false},"excerpt":{"rendered":"<p>Arraial D\u00b4Ajuda j\u00e1 \u00e9 belo e generoso pelo nome. N\u00e3o imaginaria outro lugar que n\u00e3o esse, um arraial que nos ajuda a ver que a vida vai muito al\u00e9m daqui, e l\u00e1, depois do fim do morro, bem ao p\u00e9 da ladeira, um mar infinito de azul nos espera, para nos levar al\u00e9m da paisagem&#8230; [&hellip;]<\/p>\n","protected":false},"author":2,"featured_media":1220,"comment_status":"open","ping_status":"closed","sticky":false,"template":"","format":"standard","meta":{"_acf_changed":false,"footnotes":""},"categories":[25],"tags":[],"class_list":["post-1219","post","type-post","status-publish","format-standard","has-post-thumbnail","hentry","category-opina-ai"],"acf":[],"yoast_head":"<!-- This site is optimized with the Yoast SEO plugin v27.5 - https:\/\/yoast.com\/product\/yoast-seo-wordpress\/ -->\n<title>\u00c0 sombra do cajueiro da paradis\u00edaca Arraial d&#039;Ajuda - Notibras<\/title>\n<meta name=\"robots\" content=\"index, follow, max-snippet:-1, max-image-preview:large, max-video-preview:-1\" \/>\n<link rel=\"canonical\" href=\"https:\/\/www.notibras.com\/site\/a-sombra-do-cajueiro-da-paradisiaca-arraial-dajuda\/\" \/>\n<meta property=\"og:locale\" content=\"pt_BR\" \/>\n<meta property=\"og:type\" content=\"article\" \/>\n<meta property=\"og:title\" content=\"\u00c0 sombra do cajueiro da paradis\u00edaca Arraial d&#039;Ajuda - Notibras\" \/>\n<meta property=\"og:description\" content=\"Arraial D\u00b4Ajuda j\u00e1 \u00e9 belo e generoso pelo nome. N\u00e3o imaginaria outro lugar que n\u00e3o esse, um arraial que nos ajuda a ver que a vida vai muito al\u00e9m daqui, e l\u00e1, depois do fim do morro, bem ao p\u00e9 da ladeira, um mar infinito de azul nos espera, para nos levar al\u00e9m da paisagem&#8230; [&hellip;]\" \/>\n<meta property=\"og:url\" content=\"https:\/\/www.notibras.com\/site\/a-sombra-do-cajueiro-da-paradisiaca-arraial-dajuda\/\" \/>\n<meta property=\"og:site_name\" content=\"Notibras\" \/>\n<meta property=\"article:publisher\" content=\"https:\/\/www.facebook.com\/notibras\/\" \/>\n<meta property=\"article:published_time\" content=\"2014-02-11T15:32:04+00:00\" \/>\n<meta property=\"og:image\" content=\"https:\/\/www.notibras.com\/site\/wp-content\/uploads\/2014\/02\/fotos_190_169.jpg\" \/>\n\t<meta property=\"og:image:width\" content=\"640\" \/>\n\t<meta property=\"og:image:height\" content=\"480\" \/>\n\t<meta property=\"og:image:type\" content=\"image\/jpeg\" \/>\n<meta name=\"author\" content=\"Reda\u00e7\u00e3o\" \/>\n<meta name=\"twitter:card\" content=\"summary_large_image\" \/>\n<meta name=\"twitter:creator\" content=\"@Notibras\" \/>\n<meta name=\"twitter:site\" content=\"@Notibras\" \/>\n<meta name=\"twitter:label1\" content=\"Escrito por\" \/>\n\t<meta name=\"twitter:data1\" content=\"Reda\u00e7\u00e3o\" \/>\n\t<meta name=\"twitter:label2\" content=\"Est. tempo de leitura\" \/>\n\t<meta name=\"twitter:data2\" content=\"3 minutos\" \/>\n<script type=\"application\/ld+json\" class=\"yoast-schema-graph\">{\"@context\":\"https:\\\/\\\/schema.org\",\"@graph\":[{\"@type\":\"Article\",\"@id\":\"https:\\\/\\\/www.notibras.com\\\/site\\\/a-sombra-do-cajueiro-da-paradisiaca-arraial-dajuda\\\/#article\",\"isPartOf\":{\"@id\":\"https:\\\/\\\/www.notibras.com\\\/site\\\/a-sombra-do-cajueiro-da-paradisiaca-arraial-dajuda\\\/\"},\"author\":{\"name\":\"Reda\u00e7\u00e3o\",\"@id\":\"https:\\\/\\\/www.notibras.com\\\/site\\\/#\\\/schema\\\/person\\\/36ab0979449956132d3e5b517ea76ac8\"},\"headline\":\"\u00c0 sombra do cajueiro da paradis\u00edaca Arraial d&#8217;Ajuda\",\"datePublished\":\"2014-02-11T15:32:04+00:00\",\"mainEntityOfPage\":{\"@id\":\"https:\\\/\\\/www.notibras.com\\\/site\\\/a-sombra-do-cajueiro-da-paradisiaca-arraial-dajuda\\\/\"},\"wordCount\":517,\"commentCount\":0,\"publisher\":{\"@id\":\"https:\\\/\\\/www.notibras.com\\\/site\\\/#organization\"},\"image\":{\"@id\":\"https:\\\/\\\/www.notibras.com\\\/site\\\/a-sombra-do-cajueiro-da-paradisiaca-arraial-dajuda\\\/#primaryimage\"},\"thumbnailUrl\":\"https:\\\/\\\/www.notibras.com\\\/site\\\/wp-content\\\/uploads\\\/2014\\\/02\\\/fotos_190_169.jpg\",\"articleSection\":[\"Opina a\u00ed\"],\"inLanguage\":\"pt-BR\",\"potentialAction\":[{\"@type\":\"CommentAction\",\"name\":\"Comment\",\"target\":[\"https:\\\/\\\/www.notibras.com\\\/site\\\/a-sombra-do-cajueiro-da-paradisiaca-arraial-dajuda\\\/#respond\"]}]},{\"@type\":\"WebPage\",\"@id\":\"https:\\\/\\\/www.notibras.com\\\/site\\\/a-sombra-do-cajueiro-da-paradisiaca-arraial-dajuda\\\/\",\"url\":\"https:\\\/\\\/www.notibras.com\\\/site\\\/a-sombra-do-cajueiro-da-paradisiaca-arraial-dajuda\\\/\",\"name\":\"\u00c0 sombra do cajueiro da paradis\u00edaca Arraial d'Ajuda - Notibras\",\"isPartOf\":{\"@id\":\"https:\\\/\\\/www.notibras.com\\\/site\\\/#website\"},\"primaryImageOfPage\":{\"@id\":\"https:\\\/\\\/www.notibras.com\\\/site\\\/a-sombra-do-cajueiro-da-paradisiaca-arraial-dajuda\\\/#primaryimage\"},\"image\":{\"@id\":\"https:\\\/\\\/www.notibras.com\\\/site\\\/a-sombra-do-cajueiro-da-paradisiaca-arraial-dajuda\\\/#primaryimage\"},\"thumbnailUrl\":\"https:\\\/\\\/www.notibras.com\\\/site\\\/wp-content\\\/uploads\\\/2014\\\/02\\\/fotos_190_169.jpg\",\"datePublished\":\"2014-02-11T15:32:04+00:00\",\"breadcrumb\":{\"@id\":\"https:\\\/\\\/www.notibras.com\\\/site\\\/a-sombra-do-cajueiro-da-paradisiaca-arraial-dajuda\\\/#breadcrumb\"},\"inLanguage\":\"pt-BR\",\"potentialAction\":[{\"@type\":\"ReadAction\",\"target\":[\"https:\\\/\\\/www.notibras.com\\\/site\\\/a-sombra-do-cajueiro-da-paradisiaca-arraial-dajuda\\\/\"]}]},{\"@type\":\"ImageObject\",\"inLanguage\":\"pt-BR\",\"@id\":\"https:\\\/\\\/www.notibras.com\\\/site\\\/a-sombra-do-cajueiro-da-paradisiaca-arraial-dajuda\\\/#primaryimage\",\"url\":\"https:\\\/\\\/www.notibras.com\\\/site\\\/wp-content\\\/uploads\\\/2014\\\/02\\\/fotos_190_169.jpg\",\"contentUrl\":\"https:\\\/\\\/www.notibras.com\\\/site\\\/wp-content\\\/uploads\\\/2014\\\/02\\\/fotos_190_169.jpg\",\"width\":640,\"height\":480},{\"@type\":\"BreadcrumbList\",\"@id\":\"https:\\\/\\\/www.notibras.com\\\/site\\\/a-sombra-do-cajueiro-da-paradisiaca-arraial-dajuda\\\/#breadcrumb\",\"itemListElement\":[{\"@type\":\"ListItem\",\"position\":1,\"name\":\"In\u00edcio\",\"item\":\"https:\\\/\\\/www.notibras.com\\\/site\\\/\"},{\"@type\":\"ListItem\",\"position\":2,\"name\":\"\u00c0 sombra do cajueiro da paradis\u00edaca Arraial d&#8217;Ajuda\"}]},{\"@type\":\"WebSite\",\"@id\":\"https:\\\/\\\/www.notibras.com\\\/site\\\/#website\",\"url\":\"https:\\\/\\\/www.notibras.com\\\/site\\\/\",\"name\":\"Notibras\",\"description\":\"Not\u00edcias de Bras\u00edlia, do Brasil e do Mundo\",\"publisher\":{\"@id\":\"https:\\\/\\\/www.notibras.com\\\/site\\\/#organization\"},\"potentialAction\":[{\"@type\":\"SearchAction\",\"target\":{\"@type\":\"EntryPoint\",\"urlTemplate\":\"https:\\\/\\\/www.notibras.com\\\/site\\\/?s={search_term_string}\"},\"query-input\":{\"@type\":\"PropertyValueSpecification\",\"valueRequired\":true,\"valueName\":\"search_term_string\"}}],\"inLanguage\":\"pt-BR\"},{\"@type\":\"Organization\",\"@id\":\"https:\\\/\\\/www.notibras.com\\\/site\\\/#organization\",\"name\":\"Grupo Notibras de Comunica\u00e7\u00e3o\",\"url\":\"https:\\\/\\\/www.notibras.com\\\/site\\\/\",\"logo\":{\"@type\":\"ImageObject\",\"inLanguage\":\"pt-BR\",\"@id\":\"https:\\\/\\\/www.notibras.com\\\/site\\\/#\\\/schema\\\/logo\\\/image\\\/\",\"url\":\"https:\\\/\\\/www.notibras.com\\\/site\\\/wp-content\\\/uploads\\\/2023\\\/01\\\/notibras23.png\",\"contentUrl\":\"https:\\\/\\\/www.notibras.com\\\/site\\\/wp-content\\\/uploads\\\/2023\\\/01\\\/notibras23.png\",\"width\":350,\"height\":87,\"caption\":\"Grupo Notibras de Comunica\u00e7\u00e3o\"},\"image\":{\"@id\":\"https:\\\/\\\/www.notibras.com\\\/site\\\/#\\\/schema\\\/logo\\\/image\\\/\"},\"sameAs\":[\"https:\\\/\\\/www.facebook.com\\\/notibras\\\/\",\"https:\\\/\\\/x.com\\\/Notibras\",\"https:\\\/\\\/www.instagram.com\\\/notibras\\\/\"]},{\"@type\":\"Person\",\"@id\":\"https:\\\/\\\/www.notibras.com\\\/site\\\/#\\\/schema\\\/person\\\/36ab0979449956132d3e5b517ea76ac8\",\"name\":\"Reda\u00e7\u00e3o\",\"image\":{\"@type\":\"ImageObject\",\"inLanguage\":\"pt-BR\",\"@id\":\"https:\\\/\\\/secure.gravatar.com\\\/avatar\\\/e0a867bdedb85fd243eadf09663511f96fc81e0720a4a42581f334ad4303aa6b?s=96&d=mm&r=g\",\"url\":\"https:\\\/\\\/secure.gravatar.com\\\/avatar\\\/e0a867bdedb85fd243eadf09663511f96fc81e0720a4a42581f334ad4303aa6b?s=96&d=mm&r=g\",\"contentUrl\":\"https:\\\/\\\/secure.gravatar.com\\\/avatar\\\/e0a867bdedb85fd243eadf09663511f96fc81e0720a4a42581f334ad4303aa6b?s=96&d=mm&r=g\",\"caption\":\"Reda\u00e7\u00e3o\"}}]}<\/script>\n<!-- \/ Yoast SEO plugin. -->","yoast_head_json":{"title":"\u00c0 sombra do cajueiro da paradis\u00edaca Arraial d'Ajuda - Notibras","robots":{"index":"index","follow":"follow","max-snippet":"max-snippet:-1","max-image-preview":"max-image-preview:large","max-video-preview":"max-video-preview:-1"},"canonical":"https:\/\/www.notibras.com\/site\/a-sombra-do-cajueiro-da-paradisiaca-arraial-dajuda\/","og_locale":"pt_BR","og_type":"article","og_title":"\u00c0 sombra do cajueiro da paradis\u00edaca Arraial d'Ajuda - Notibras","og_description":"Arraial D\u00b4Ajuda j\u00e1 \u00e9 belo e generoso pelo nome. N\u00e3o imaginaria outro lugar que n\u00e3o esse, um arraial que nos ajuda a ver que a vida vai muito al\u00e9m daqui, e l\u00e1, depois do fim do morro, bem ao p\u00e9 da ladeira, um mar infinito de azul nos espera, para nos levar al\u00e9m da paisagem&#8230; [&hellip;]","og_url":"https:\/\/www.notibras.com\/site\/a-sombra-do-cajueiro-da-paradisiaca-arraial-dajuda\/","og_site_name":"Notibras","article_publisher":"https:\/\/www.facebook.com\/notibras\/","article_published_time":"2014-02-11T15:32:04+00:00","og_image":[{"width":640,"height":480,"url":"https:\/\/www.notibras.com\/site\/wp-content\/uploads\/2014\/02\/fotos_190_169.jpg","type":"image\/jpeg"}],"author":"Reda\u00e7\u00e3o","twitter_card":"summary_large_image","twitter_creator":"@Notibras","twitter_site":"@Notibras","twitter_misc":{"Escrito por":"Reda\u00e7\u00e3o","Est. tempo de leitura":"3 minutos"},"schema":{"@context":"https:\/\/schema.org","@graph":[{"@type":"Article","@id":"https:\/\/www.notibras.com\/site\/a-sombra-do-cajueiro-da-paradisiaca-arraial-dajuda\/#article","isPartOf":{"@id":"https:\/\/www.notibras.com\/site\/a-sombra-do-cajueiro-da-paradisiaca-arraial-dajuda\/"},"author":{"name":"Reda\u00e7\u00e3o","@id":"https:\/\/www.notibras.com\/site\/#\/schema\/person\/36ab0979449956132d3e5b517ea76ac8"},"headline":"\u00c0 sombra do cajueiro da paradis\u00edaca Arraial d&#8217;Ajuda","datePublished":"2014-02-11T15:32:04+00:00","mainEntityOfPage":{"@id":"https:\/\/www.notibras.com\/site\/a-sombra-do-cajueiro-da-paradisiaca-arraial-dajuda\/"},"wordCount":517,"commentCount":0,"publisher":{"@id":"https:\/\/www.notibras.com\/site\/#organization"},"image":{"@id":"https:\/\/www.notibras.com\/site\/a-sombra-do-cajueiro-da-paradisiaca-arraial-dajuda\/#primaryimage"},"thumbnailUrl":"https:\/\/www.notibras.com\/site\/wp-content\/uploads\/2014\/02\/fotos_190_169.jpg","articleSection":["Opina a\u00ed"],"inLanguage":"pt-BR","potentialAction":[{"@type":"CommentAction","name":"Comment","target":["https:\/\/www.notibras.com\/site\/a-sombra-do-cajueiro-da-paradisiaca-arraial-dajuda\/#respond"]}]},{"@type":"WebPage","@id":"https:\/\/www.notibras.com\/site\/a-sombra-do-cajueiro-da-paradisiaca-arraial-dajuda\/","url":"https:\/\/www.notibras.com\/site\/a-sombra-do-cajueiro-da-paradisiaca-arraial-dajuda\/","name":"\u00c0 sombra do cajueiro da paradis\u00edaca Arraial d'Ajuda - Notibras","isPartOf":{"@id":"https:\/\/www.notibras.com\/site\/#website"},"primaryImageOfPage":{"@id":"https:\/\/www.notibras.com\/site\/a-sombra-do-cajueiro-da-paradisiaca-arraial-dajuda\/#primaryimage"},"image":{"@id":"https:\/\/www.notibras.com\/site\/a-sombra-do-cajueiro-da-paradisiaca-arraial-dajuda\/#primaryimage"},"thumbnailUrl":"https:\/\/www.notibras.com\/site\/wp-content\/uploads\/2014\/02\/fotos_190_169.jpg","datePublished":"2014-02-11T15:32:04+00:00","breadcrumb":{"@id":"https:\/\/www.notibras.com\/site\/a-sombra-do-cajueiro-da-paradisiaca-arraial-dajuda\/#breadcrumb"},"inLanguage":"pt-BR","potentialAction":[{"@type":"ReadAction","target":["https:\/\/www.notibras.com\/site\/a-sombra-do-cajueiro-da-paradisiaca-arraial-dajuda\/"]}]},{"@type":"ImageObject","inLanguage":"pt-BR","@id":"https:\/\/www.notibras.com\/site\/a-sombra-do-cajueiro-da-paradisiaca-arraial-dajuda\/#primaryimage","url":"https:\/\/www.notibras.com\/site\/wp-content\/uploads\/2014\/02\/fotos_190_169.jpg","contentUrl":"https:\/\/www.notibras.com\/site\/wp-content\/uploads\/2014\/02\/fotos_190_169.jpg","width":640,"height":480},{"@type":"BreadcrumbList","@id":"https:\/\/www.notibras.com\/site\/a-sombra-do-cajueiro-da-paradisiaca-arraial-dajuda\/#breadcrumb","itemListElement":[{"@type":"ListItem","position":1,"name":"In\u00edcio","item":"https:\/\/www.notibras.com\/site\/"},{"@type":"ListItem","position":2,"name":"\u00c0 sombra do cajueiro da paradis\u00edaca Arraial d&#8217;Ajuda"}]},{"@type":"WebSite","@id":"https:\/\/www.notibras.com\/site\/#website","url":"https:\/\/www.notibras.com\/site\/","name":"Notibras","description":"Not\u00edcias de Bras\u00edlia, do Brasil e do Mundo","publisher":{"@id":"https:\/\/www.notibras.com\/site\/#organization"},"potentialAction":[{"@type":"SearchAction","target":{"@type":"EntryPoint","urlTemplate":"https:\/\/www.notibras.com\/site\/?s={search_term_string}"},"query-input":{"@type":"PropertyValueSpecification","valueRequired":true,"valueName":"search_term_string"}}],"inLanguage":"pt-BR"},{"@type":"Organization","@id":"https:\/\/www.notibras.com\/site\/#organization","name":"Grupo Notibras de Comunica\u00e7\u00e3o","url":"https:\/\/www.notibras.com\/site\/","logo":{"@type":"ImageObject","inLanguage":"pt-BR","@id":"https:\/\/www.notibras.com\/site\/#\/schema\/logo\/image\/","url":"https:\/\/www.notibras.com\/site\/wp-content\/uploads\/2023\/01\/notibras23.png","contentUrl":"https:\/\/www.notibras.com\/site\/wp-content\/uploads\/2023\/01\/notibras23.png","width":350,"height":87,"caption":"Grupo Notibras de Comunica\u00e7\u00e3o"},"image":{"@id":"https:\/\/www.notibras.com\/site\/#\/schema\/logo\/image\/"},"sameAs":["https:\/\/www.facebook.com\/notibras\/","https:\/\/x.com\/Notibras","https:\/\/www.instagram.com\/notibras\/"]},{"@type":"Person","@id":"https:\/\/www.notibras.com\/site\/#\/schema\/person\/36ab0979449956132d3e5b517ea76ac8","name":"Reda\u00e7\u00e3o","image":{"@type":"ImageObject","inLanguage":"pt-BR","@id":"https:\/\/secure.gravatar.com\/avatar\/e0a867bdedb85fd243eadf09663511f96fc81e0720a4a42581f334ad4303aa6b?s=96&d=mm&r=g","url":"https:\/\/secure.gravatar.com\/avatar\/e0a867bdedb85fd243eadf09663511f96fc81e0720a4a42581f334ad4303aa6b?s=96&d=mm&r=g","contentUrl":"https:\/\/secure.gravatar.com\/avatar\/e0a867bdedb85fd243eadf09663511f96fc81e0720a4a42581f334ad4303aa6b?s=96&d=mm&r=g","caption":"Reda\u00e7\u00e3o"}}]}},"amp_enabled":true,"_links":{"self":[{"href":"https:\/\/www.notibras.com\/site\/wp-json\/wp\/v2\/posts\/1219","targetHints":{"allow":["GET"]}}],"collection":[{"href":"https:\/\/www.notibras.com\/site\/wp-json\/wp\/v2\/posts"}],"about":[{"href":"https:\/\/www.notibras.com\/site\/wp-json\/wp\/v2\/types\/post"}],"author":[{"embeddable":true,"href":"https:\/\/www.notibras.com\/site\/wp-json\/wp\/v2\/users\/2"}],"replies":[{"embeddable":true,"href":"https:\/\/www.notibras.com\/site\/wp-json\/wp\/v2\/comments?post=1219"}],"version-history":[{"count":0,"href":"https:\/\/www.notibras.com\/site\/wp-json\/wp\/v2\/posts\/1219\/revisions"}],"wp:featuredmedia":[{"embeddable":true,"href":"https:\/\/www.notibras.com\/site\/wp-json\/wp\/v2\/media\/1220"}],"wp:attachment":[{"href":"https:\/\/www.notibras.com\/site\/wp-json\/wp\/v2\/media?parent=1219"}],"wp:term":[{"taxonomy":"category","embeddable":true,"href":"https:\/\/www.notibras.com\/site\/wp-json\/wp\/v2\/categories?post=1219"},{"taxonomy":"post_tag","embeddable":true,"href":"https:\/\/www.notibras.com\/site\/wp-json\/wp\/v2\/tags?post=1219"}],"curies":[{"name":"wp","href":"https:\/\/api.w.org\/{rel}","templated":true}]}}