{"id":121900,"date":"2016-11-21T23:15:02","date_gmt":"2016-11-22T01:15:02","guid":{"rendered":"http:\/\/www.notibras.com\/site\/?p=121900"},"modified":"2016-11-21T23:15:02","modified_gmt":"2016-11-22T01:15:02","slug":"uma-vez-flamengo-121-anos-sempre-flamengo","status":"publish","type":"post","link":"https:\/\/www.notibras.com\/site\/uma-vez-flamengo-121-anos-sempre-flamengo\/","title":{"rendered":"Uma vez Flamengo, 121 anos sempre Flamengo"},"content":{"rendered":"<p><strong>Josiel Ferreira<\/strong><br \/>\n<strong>Especial para Notibras<\/strong><\/p>\n<p>O Flamengo nadou, nadou, nadou e n\u00e3o morreu na praia. Foi salvo por um sambur\u00e1. N\u00e3o aquele cheio de bacalhau (como se campeonato cariosa fosse), mas um segurado com a for\u00e7a da torcida.<\/p>\n<p>Faltando duas rodadas para terminar o Brasileir\u00e3o, a torcida est\u00e1 vibrando. \u00c9 certo que o t\u00edtulo n\u00e3o vem mais. Por\u00e9m, em campo, a equipe tem mostrado garra. Tivesse vivido um in\u00edcio de campeonato mais equilibrado, por certo a hist\u00f3ria seria outra. O importante, contudo, \u00e9 que o objetivo foi alcan\u00e7ado. Se n\u00e3o no todo, em parte. E a vaga na Ta\u00e7a Libertadores, est\u00e1 garantida.<\/p>\n<p>As vit\u00f3rias durante o ano em que comemora seu mais de um s\u00e9culo de funda\u00e7\u00e3o (exatos 121 anos) foram marcadas h\u00e1 alguns dias, com uma s\u00e9rie de eventos na G\u00e1vea.<\/p>\n<p>Estiveram presentes convidados de todo o Pa\u00eds. Foi uma bela festa, com a tradicional queima de fogos, a nova fachada do Fla Mem\u00f3ria e um caf\u00e9 da manh\u00e3 na Boca Maldita.<\/p>\n<p>A tradicional roda de samba n\u00e3o poderia faltar. Nem o lan\u00e7amento do livro \u20182001, Isso Aqui \u00c9 Flamengo\u2019. A publica\u00e7\u00e3o relembra a conquista do t\u00edtulo Carioca daquele ano, com gol hist\u00f3rico, de falta, de Petkovic. O ex-jogador marcou presen\u00e7a no evento.<\/p>\n<p>Foi em um 15 de novembro que o Maracan\u00e3, principal palco das mem\u00f3rias rubro-negras, sentiu mais uma vez o pulsar intenso da massa ao comemorar um gol sobre o maior rival e confundir-se com o sil\u00eancio absoluto ap\u00f3s uma derrota do\u00edda.<\/p>\n<p>Como um f\u00e3 que se despede de seu \u00eddolo, o gigante apenas aguarda o pr\u00f3ximo momento para abra\u00e7\u00e1-lo e, enfim, compartilhar mais uns segundos do mesmo amor. Seja na gl\u00f3ria ou no rev\u00e9s. \u201cUma vez Flamengo, sempre Flamengo\u201d. E isso se canta h\u00e1 121 anos.<\/p>\n","protected":false},"excerpt":{"rendered":"<p>Josiel Ferreira Especial para Notibras O Flamengo nadou, nadou, nadou e n\u00e3o morreu na praia. Foi salvo por um sambur\u00e1. N\u00e3o aquele cheio de bacalhau (como se campeonato cariosa fosse), mas um segurado com a for\u00e7a da torcida. Faltando duas rodadas para terminar o Brasileir\u00e3o, a torcida est\u00e1 vibrando. \u00c9 certo que o t\u00edtulo n\u00e3o [&hellip;]<\/p>\n","protected":false},"author":2,"featured_media":121901,"comment_status":"open","ping_status":"closed","sticky":false,"template":"","format":"standard","meta":{"_acf_changed":false,"footnotes":""},"categories":[75],"tags":[],"class_list":["post-121900","post","type-post","status-publish","format-standard","has-post-thumbnail","hentry","category-especial-flamengo"],"acf":[],"yoast_head":"<!-- This site is optimized with the Yoast SEO plugin v27.2 - https:\/\/yoast.com\/product\/yoast-seo-wordpress\/ -->\n<title>Uma vez Flamengo, 121 anos sempre Flamengo - Notibras<\/title>\n<meta name=\"robots\" content=\"index, follow, max-snippet:-1, max-image-preview:large, max-video-preview:-1\" \/>\n<link rel=\"canonical\" href=\"https:\/\/www.notibras.com\/site\/uma-vez-flamengo-121-anos-sempre-flamengo\/\" \/>\n<meta property=\"og:locale\" content=\"pt_BR\" \/>\n<meta property=\"og:type\" content=\"article\" \/>\n<meta property=\"og:title\" content=\"Uma vez Flamengo, 121 anos sempre Flamengo - Notibras\" \/>\n<meta property=\"og:description\" content=\"Josiel Ferreira Especial para Notibras O Flamengo nadou, nadou, nadou e n\u00e3o morreu na praia. Foi salvo por um sambur\u00e1. N\u00e3o aquele cheio de bacalhau (como se campeonato cariosa fosse), mas um segurado com a for\u00e7a da torcida. Faltando duas rodadas para terminar o Brasileir\u00e3o, a torcida est\u00e1 vibrando. \u00c9 certo que o t\u00edtulo n\u00e3o [&hellip;]\" \/>\n<meta property=\"og:url\" content=\"https:\/\/www.notibras.com\/site\/uma-vez-flamengo-121-anos-sempre-flamengo\/\" \/>\n<meta property=\"og:site_name\" content=\"Notibras\" \/>\n<meta property=\"article:publisher\" content=\"https:\/\/www.facebook.com\/notibras\/\" \/>\n<meta property=\"article:published_time\" content=\"2016-11-22T01:15:02+00:00\" \/>\n<meta property=\"og:image\" content=\"https:\/\/www.notibras.com\/site\/wp-content\/uploads\/2016\/11\/torcedores-do-flamengo-comemoram-gol-do-flamengo-em-partida-contra-o-goias-pela-copa-do-brasil-1385396791379_1920x1080.jpg\" \/>\n\t<meta property=\"og:image:width\" content=\"1600\" \/>\n\t<meta property=\"og:image:height\" content=\"900\" \/>\n\t<meta property=\"og:image:type\" content=\"image\/jpeg\" \/>\n<meta name=\"author\" content=\"Reda\u00e7\u00e3o\" \/>\n<meta name=\"twitter:card\" content=\"summary_large_image\" \/>\n<meta name=\"twitter:creator\" content=\"@Notibras\" \/>\n<meta name=\"twitter:site\" content=\"@Notibras\" \/>\n<meta name=\"twitter:label1\" content=\"Escrito por\" \/>\n\t<meta name=\"twitter:data1\" content=\"Reda\u00e7\u00e3o\" \/>\n\t<meta name=\"twitter:label2\" content=\"Est. tempo de leitura\" \/>\n\t<meta name=\"twitter:data2\" content=\"2 minutos\" \/>\n<script type=\"application\/ld+json\" class=\"yoast-schema-graph\">{\"@context\":\"https:\/\/schema.org\",\"@graph\":[{\"@type\":\"Article\",\"@id\":\"https:\/\/www.notibras.com\/site\/uma-vez-flamengo-121-anos-sempre-flamengo\/#article\",\"isPartOf\":{\"@id\":\"https:\/\/www.notibras.com\/site\/uma-vez-flamengo-121-anos-sempre-flamengo\/\"},\"author\":{\"name\":\"Reda\u00e7\u00e3o\",\"@id\":\"https:\/\/www.notibras.com\/site\/#\/schema\/person\/36ab0979449956132d3e5b517ea76ac8\"},\"headline\":\"Uma vez Flamengo, 121 anos sempre Flamengo\",\"datePublished\":\"2016-11-22T01:15:02+00:00\",\"mainEntityOfPage\":{\"@id\":\"https:\/\/www.notibras.com\/site\/uma-vez-flamengo-121-anos-sempre-flamengo\/\"},\"wordCount\":322,\"commentCount\":0,\"publisher\":{\"@id\":\"https:\/\/www.notibras.com\/site\/#organization\"},\"image\":{\"@id\":\"https:\/\/www.notibras.com\/site\/uma-vez-flamengo-121-anos-sempre-flamengo\/#primaryimage\"},\"thumbnailUrl\":\"https:\/\/www.notibras.com\/site\/wp-content\/uploads\/2016\/11\/torcedores-do-flamengo-comemoram-gol-do-flamengo-em-partida-contra-o-goias-pela-copa-do-brasil-1385396791379_1920x1080.jpg\",\"articleSection\":[\"ESPECIAL - Flamengo\"],\"inLanguage\":\"pt-BR\",\"potentialAction\":[{\"@type\":\"CommentAction\",\"name\":\"Comment\",\"target\":[\"https:\/\/www.notibras.com\/site\/uma-vez-flamengo-121-anos-sempre-flamengo\/#respond\"]}]},{\"@type\":\"WebPage\",\"@id\":\"https:\/\/www.notibras.com\/site\/uma-vez-flamengo-121-anos-sempre-flamengo\/\",\"url\":\"https:\/\/www.notibras.com\/site\/uma-vez-flamengo-121-anos-sempre-flamengo\/\",\"name\":\"Uma vez Flamengo, 121 anos sempre Flamengo - Notibras\",\"isPartOf\":{\"@id\":\"https:\/\/www.notibras.com\/site\/#website\"},\"primaryImageOfPage\":{\"@id\":\"https:\/\/www.notibras.com\/site\/uma-vez-flamengo-121-anos-sempre-flamengo\/#primaryimage\"},\"image\":{\"@id\":\"https:\/\/www.notibras.com\/site\/uma-vez-flamengo-121-anos-sempre-flamengo\/#primaryimage\"},\"thumbnailUrl\":\"https:\/\/www.notibras.com\/site\/wp-content\/uploads\/2016\/11\/torcedores-do-flamengo-comemoram-gol-do-flamengo-em-partida-contra-o-goias-pela-copa-do-brasil-1385396791379_1920x1080.jpg\",\"datePublished\":\"2016-11-22T01:15:02+00:00\",\"breadcrumb\":{\"@id\":\"https:\/\/www.notibras.com\/site\/uma-vez-flamengo-121-anos-sempre-flamengo\/#breadcrumb\"},\"inLanguage\":\"pt-BR\",\"potentialAction\":[{\"@type\":\"ReadAction\",\"target\":[\"https:\/\/www.notibras.com\/site\/uma-vez-flamengo-121-anos-sempre-flamengo\/\"]}]},{\"@type\":\"ImageObject\",\"inLanguage\":\"pt-BR\",\"@id\":\"https:\/\/www.notibras.com\/site\/uma-vez-flamengo-121-anos-sempre-flamengo\/#primaryimage\",\"url\":\"https:\/\/www.notibras.com\/site\/wp-content\/uploads\/2016\/11\/torcedores-do-flamengo-comemoram-gol-do-flamengo-em-partida-contra-o-goias-pela-copa-do-brasil-1385396791379_1920x1080.jpg\",\"contentUrl\":\"https:\/\/www.notibras.com\/site\/wp-content\/uploads\/2016\/11\/torcedores-do-flamengo-comemoram-gol-do-flamengo-em-partida-contra-o-goias-pela-copa-do-brasil-1385396791379_1920x1080.jpg\",\"width\":1600,\"height\":900},{\"@type\":\"BreadcrumbList\",\"@id\":\"https:\/\/www.notibras.com\/site\/uma-vez-flamengo-121-anos-sempre-flamengo\/#breadcrumb\",\"itemListElement\":[{\"@type\":\"ListItem\",\"position\":1,\"name\":\"In\u00edcio\",\"item\":\"https:\/\/www.notibras.com\/site\/\"},{\"@type\":\"ListItem\",\"position\":2,\"name\":\"Uma vez Flamengo, 121 anos sempre Flamengo\"}]},{\"@type\":\"WebSite\",\"@id\":\"https:\/\/www.notibras.com\/site\/#website\",\"url\":\"https:\/\/www.notibras.com\/site\/\",\"name\":\"Notibras\",\"description\":\"Not\u00edcias de Bras\u00edlia, do Brasil e do Mundo\",\"publisher\":{\"@id\":\"https:\/\/www.notibras.com\/site\/#organization\"},\"potentialAction\":[{\"@type\":\"SearchAction\",\"target\":{\"@type\":\"EntryPoint\",\"urlTemplate\":\"https:\/\/www.notibras.com\/site\/?s={search_term_string}\"},\"query-input\":{\"@type\":\"PropertyValueSpecification\",\"valueRequired\":true,\"valueName\":\"search_term_string\"}}],\"inLanguage\":\"pt-BR\"},{\"@type\":\"Organization\",\"@id\":\"https:\/\/www.notibras.com\/site\/#organization\",\"name\":\"Grupo Notibras de Comunica\u00e7\u00e3o\",\"url\":\"https:\/\/www.notibras.com\/site\/\",\"logo\":{\"@type\":\"ImageObject\",\"inLanguage\":\"pt-BR\",\"@id\":\"https:\/\/www.notibras.com\/site\/#\/schema\/logo\/image\/\",\"url\":\"https:\/\/www.notibras.com\/site\/wp-content\/uploads\/2023\/01\/notibras23.png\",\"contentUrl\":\"https:\/\/www.notibras.com\/site\/wp-content\/uploads\/2023\/01\/notibras23.png\",\"width\":350,\"height\":87,\"caption\":\"Grupo Notibras de Comunica\u00e7\u00e3o\"},\"image\":{\"@id\":\"https:\/\/www.notibras.com\/site\/#\/schema\/logo\/image\/\"},\"sameAs\":[\"https:\/\/www.facebook.com\/notibras\/\",\"https:\/\/x.com\/Notibras\",\"https:\/\/www.instagram.com\/notibras\/\"]},{\"@type\":\"Person\",\"@id\":\"https:\/\/www.notibras.com\/site\/#\/schema\/person\/36ab0979449956132d3e5b517ea76ac8\",\"name\":\"Reda\u00e7\u00e3o\",\"image\":{\"@type\":\"ImageObject\",\"inLanguage\":\"pt-BR\",\"@id\":\"https:\/\/secure.gravatar.com\/avatar\/e0a867bdedb85fd243eadf09663511f96fc81e0720a4a42581f334ad4303aa6b?s=96&d=mm&r=g\",\"url\":\"https:\/\/secure.gravatar.com\/avatar\/e0a867bdedb85fd243eadf09663511f96fc81e0720a4a42581f334ad4303aa6b?s=96&d=mm&r=g\",\"contentUrl\":\"https:\/\/secure.gravatar.com\/avatar\/e0a867bdedb85fd243eadf09663511f96fc81e0720a4a42581f334ad4303aa6b?s=96&d=mm&r=g\",\"caption\":\"Reda\u00e7\u00e3o\"}}]}<\/script>\n<!-- \/ Yoast SEO plugin. -->","yoast_head_json":{"title":"Uma vez Flamengo, 121 anos sempre Flamengo - Notibras","robots":{"index":"index","follow":"follow","max-snippet":"max-snippet:-1","max-image-preview":"max-image-preview:large","max-video-preview":"max-video-preview:-1"},"canonical":"https:\/\/www.notibras.com\/site\/uma-vez-flamengo-121-anos-sempre-flamengo\/","og_locale":"pt_BR","og_type":"article","og_title":"Uma vez Flamengo, 121 anos sempre Flamengo - Notibras","og_description":"Josiel Ferreira Especial para Notibras O Flamengo nadou, nadou, nadou e n\u00e3o morreu na praia. Foi salvo por um sambur\u00e1. N\u00e3o aquele cheio de bacalhau (como se campeonato cariosa fosse), mas um segurado com a for\u00e7a da torcida. Faltando duas rodadas para terminar o Brasileir\u00e3o, a torcida est\u00e1 vibrando. \u00c9 certo que o t\u00edtulo n\u00e3o [&hellip;]","og_url":"https:\/\/www.notibras.com\/site\/uma-vez-flamengo-121-anos-sempre-flamengo\/","og_site_name":"Notibras","article_publisher":"https:\/\/www.facebook.com\/notibras\/","article_published_time":"2016-11-22T01:15:02+00:00","og_image":[{"width":1600,"height":900,"url":"https:\/\/www.notibras.com\/site\/wp-content\/uploads\/2016\/11\/torcedores-do-flamengo-comemoram-gol-do-flamengo-em-partida-contra-o-goias-pela-copa-do-brasil-1385396791379_1920x1080.jpg","type":"image\/jpeg"}],"author":"Reda\u00e7\u00e3o","twitter_card":"summary_large_image","twitter_creator":"@Notibras","twitter_site":"@Notibras","twitter_misc":{"Escrito por":"Reda\u00e7\u00e3o","Est. tempo de leitura":"2 minutos"},"schema":{"@context":"https:\/\/schema.org","@graph":[{"@type":"Article","@id":"https:\/\/www.notibras.com\/site\/uma-vez-flamengo-121-anos-sempre-flamengo\/#article","isPartOf":{"@id":"https:\/\/www.notibras.com\/site\/uma-vez-flamengo-121-anos-sempre-flamengo\/"},"author":{"name":"Reda\u00e7\u00e3o","@id":"https:\/\/www.notibras.com\/site\/#\/schema\/person\/36ab0979449956132d3e5b517ea76ac8"},"headline":"Uma vez Flamengo, 121 anos sempre Flamengo","datePublished":"2016-11-22T01:15:02+00:00","mainEntityOfPage":{"@id":"https:\/\/www.notibras.com\/site\/uma-vez-flamengo-121-anos-sempre-flamengo\/"},"wordCount":322,"commentCount":0,"publisher":{"@id":"https:\/\/www.notibras.com\/site\/#organization"},"image":{"@id":"https:\/\/www.notibras.com\/site\/uma-vez-flamengo-121-anos-sempre-flamengo\/#primaryimage"},"thumbnailUrl":"https:\/\/www.notibras.com\/site\/wp-content\/uploads\/2016\/11\/torcedores-do-flamengo-comemoram-gol-do-flamengo-em-partida-contra-o-goias-pela-copa-do-brasil-1385396791379_1920x1080.jpg","articleSection":["ESPECIAL - Flamengo"],"inLanguage":"pt-BR","potentialAction":[{"@type":"CommentAction","name":"Comment","target":["https:\/\/www.notibras.com\/site\/uma-vez-flamengo-121-anos-sempre-flamengo\/#respond"]}]},{"@type":"WebPage","@id":"https:\/\/www.notibras.com\/site\/uma-vez-flamengo-121-anos-sempre-flamengo\/","url":"https:\/\/www.notibras.com\/site\/uma-vez-flamengo-121-anos-sempre-flamengo\/","name":"Uma vez Flamengo, 121 anos sempre Flamengo - Notibras","isPartOf":{"@id":"https:\/\/www.notibras.com\/site\/#website"},"primaryImageOfPage":{"@id":"https:\/\/www.notibras.com\/site\/uma-vez-flamengo-121-anos-sempre-flamengo\/#primaryimage"},"image":{"@id":"https:\/\/www.notibras.com\/site\/uma-vez-flamengo-121-anos-sempre-flamengo\/#primaryimage"},"thumbnailUrl":"https:\/\/www.notibras.com\/site\/wp-content\/uploads\/2016\/11\/torcedores-do-flamengo-comemoram-gol-do-flamengo-em-partida-contra-o-goias-pela-copa-do-brasil-1385396791379_1920x1080.jpg","datePublished":"2016-11-22T01:15:02+00:00","breadcrumb":{"@id":"https:\/\/www.notibras.com\/site\/uma-vez-flamengo-121-anos-sempre-flamengo\/#breadcrumb"},"inLanguage":"pt-BR","potentialAction":[{"@type":"ReadAction","target":["https:\/\/www.notibras.com\/site\/uma-vez-flamengo-121-anos-sempre-flamengo\/"]}]},{"@type":"ImageObject","inLanguage":"pt-BR","@id":"https:\/\/www.notibras.com\/site\/uma-vez-flamengo-121-anos-sempre-flamengo\/#primaryimage","url":"https:\/\/www.notibras.com\/site\/wp-content\/uploads\/2016\/11\/torcedores-do-flamengo-comemoram-gol-do-flamengo-em-partida-contra-o-goias-pela-copa-do-brasil-1385396791379_1920x1080.jpg","contentUrl":"https:\/\/www.notibras.com\/site\/wp-content\/uploads\/2016\/11\/torcedores-do-flamengo-comemoram-gol-do-flamengo-em-partida-contra-o-goias-pela-copa-do-brasil-1385396791379_1920x1080.jpg","width":1600,"height":900},{"@type":"BreadcrumbList","@id":"https:\/\/www.notibras.com\/site\/uma-vez-flamengo-121-anos-sempre-flamengo\/#breadcrumb","itemListElement":[{"@type":"ListItem","position":1,"name":"In\u00edcio","item":"https:\/\/www.notibras.com\/site\/"},{"@type":"ListItem","position":2,"name":"Uma vez Flamengo, 121 anos sempre Flamengo"}]},{"@type":"WebSite","@id":"https:\/\/www.notibras.com\/site\/#website","url":"https:\/\/www.notibras.com\/site\/","name":"Notibras","description":"Not\u00edcias de Bras\u00edlia, do Brasil e do Mundo","publisher":{"@id":"https:\/\/www.notibras.com\/site\/#organization"},"potentialAction":[{"@type":"SearchAction","target":{"@type":"EntryPoint","urlTemplate":"https:\/\/www.notibras.com\/site\/?s={search_term_string}"},"query-input":{"@type":"PropertyValueSpecification","valueRequired":true,"valueName":"search_term_string"}}],"inLanguage":"pt-BR"},{"@type":"Organization","@id":"https:\/\/www.notibras.com\/site\/#organization","name":"Grupo Notibras de Comunica\u00e7\u00e3o","url":"https:\/\/www.notibras.com\/site\/","logo":{"@type":"ImageObject","inLanguage":"pt-BR","@id":"https:\/\/www.notibras.com\/site\/#\/schema\/logo\/image\/","url":"https:\/\/www.notibras.com\/site\/wp-content\/uploads\/2023\/01\/notibras23.png","contentUrl":"https:\/\/www.notibras.com\/site\/wp-content\/uploads\/2023\/01\/notibras23.png","width":350,"height":87,"caption":"Grupo Notibras de Comunica\u00e7\u00e3o"},"image":{"@id":"https:\/\/www.notibras.com\/site\/#\/schema\/logo\/image\/"},"sameAs":["https:\/\/www.facebook.com\/notibras\/","https:\/\/x.com\/Notibras","https:\/\/www.instagram.com\/notibras\/"]},{"@type":"Person","@id":"https:\/\/www.notibras.com\/site\/#\/schema\/person\/36ab0979449956132d3e5b517ea76ac8","name":"Reda\u00e7\u00e3o","image":{"@type":"ImageObject","inLanguage":"pt-BR","@id":"https:\/\/secure.gravatar.com\/avatar\/e0a867bdedb85fd243eadf09663511f96fc81e0720a4a42581f334ad4303aa6b?s=96&d=mm&r=g","url":"https:\/\/secure.gravatar.com\/avatar\/e0a867bdedb85fd243eadf09663511f96fc81e0720a4a42581f334ad4303aa6b?s=96&d=mm&r=g","contentUrl":"https:\/\/secure.gravatar.com\/avatar\/e0a867bdedb85fd243eadf09663511f96fc81e0720a4a42581f334ad4303aa6b?s=96&d=mm&r=g","caption":"Reda\u00e7\u00e3o"}}]}},"amp_enabled":true,"_links":{"self":[{"href":"https:\/\/www.notibras.com\/site\/wp-json\/wp\/v2\/posts\/121900","targetHints":{"allow":["GET"]}}],"collection":[{"href":"https:\/\/www.notibras.com\/site\/wp-json\/wp\/v2\/posts"}],"about":[{"href":"https:\/\/www.notibras.com\/site\/wp-json\/wp\/v2\/types\/post"}],"author":[{"embeddable":true,"href":"https:\/\/www.notibras.com\/site\/wp-json\/wp\/v2\/users\/2"}],"replies":[{"embeddable":true,"href":"https:\/\/www.notibras.com\/site\/wp-json\/wp\/v2\/comments?post=121900"}],"version-history":[{"count":1,"href":"https:\/\/www.notibras.com\/site\/wp-json\/wp\/v2\/posts\/121900\/revisions"}],"predecessor-version":[{"id":121902,"href":"https:\/\/www.notibras.com\/site\/wp-json\/wp\/v2\/posts\/121900\/revisions\/121902"}],"wp:featuredmedia":[{"embeddable":true,"href":"https:\/\/www.notibras.com\/site\/wp-json\/wp\/v2\/media\/121901"}],"wp:attachment":[{"href":"https:\/\/www.notibras.com\/site\/wp-json\/wp\/v2\/media?parent=121900"}],"wp:term":[{"taxonomy":"category","embeddable":true,"href":"https:\/\/www.notibras.com\/site\/wp-json\/wp\/v2\/categories?post=121900"},{"taxonomy":"post_tag","embeddable":true,"href":"https:\/\/www.notibras.com\/site\/wp-json\/wp\/v2\/tags?post=121900"}],"curies":[{"name":"wp","href":"https:\/\/api.w.org\/{rel}","templated":true}]}}