{"id":121910,"date":"2016-11-21T23:09:40","date_gmt":"2016-11-22T01:09:40","guid":{"rendered":"http:\/\/www.notibras.com\/site\/?p=121910"},"modified":"2016-11-22T00:00:42","modified_gmt":"2016-11-22T02:00:42","slug":"torcida-esta-feliz-em-todo-o-pais-bahia-piaui","status":"publish","type":"post","link":"https:\/\/www.notibras.com\/site\/torcida-esta-feliz-em-todo-o-pais-bahia-piaui\/","title":{"rendered":"Torcida est\u00e1 feliz em todo o Pa\u00eds. Bahia, Piau\u00ed&#8230;"},"content":{"rendered":"<p><strong>Josiel Ferreira<\/strong><br \/>\n<strong>Especial para Notibras<\/strong><\/p>\n<p>Na festa de mais um anivers\u00e1rio do \u2018Mais Querido do Brasil\u2019, havia torcedores de todos os recantos. S\u00e3o os chamados \u2018Embaixadores do Flamengo\u2019, sempre com um sorriso vitorioso no rosto.<\/p>\n<p>Em meio a muita gente, um torcedor inusitado e f\u00e3 do \u00eddolo Zico. \u00c9 Jos\u00e9 M\u00e1rio Marques, o Gargano, diretor da embaixada Fla Jequi\u00e9, na Bahia. Ele conta sua hist\u00f3ria desde quando estava no ventre da m\u00e3e. Apesar de o pai ser Botafoguense, nunca o impediu de torcer pelo s time do cora\u00e7\u00e3o.<\/p>\n<p>Em homenagem a Zico, sua paix\u00e3o \u00e9 t\u00e3o grande que registrou o primeiro filho com o nome de Artur Antunes Gargano. Emociona-se ao falar no nome do Galinho. Quando seu filho tinha 3 anos, levou para apresentar ao \u00eddolo.<\/p>\n<p>Na bela cidade de Jequi\u00e9, a casa de Gargano chama a aten\u00e7\u00e3o. Logo na entrada o muro com cer\u00e2micas pretas e vermelhas, com escudo do Flamengo.<\/p>\n<p><img loading=\"lazy\" decoding=\"async\" class=\"alignnone size-full wp-image-121914\" src=\"http:\/\/www.notibras.com\/site\/wp-content\/uploads\/2016\/11\/flamengo.gargano.jpg\" alt=\"flamengo-gargano\" width=\"748\" height=\"721\" srcset=\"https:\/\/www.notibras.com\/site\/wp-content\/uploads\/2016\/11\/flamengo.gargano.jpg 748w, https:\/\/www.notibras.com\/site\/wp-content\/uploads\/2016\/11\/flamengo.gargano-300x289.jpg 300w, https:\/\/www.notibras.com\/site\/wp-content\/uploads\/2016\/11\/flamengo.gargano-696x671.jpg 696w, https:\/\/www.notibras.com\/site\/wp-content\/uploads\/2016\/11\/flamengo.gargano-436x420.jpg 436w\" sizes=\"auto, (max-width: 748px) 100vw, 748px\" \/>Os c\u00f4modos do interior s\u00e3o complemente decorados com motivos rubro-negros. \u201cNo Ninho do Urubu guardo toda rel\u00edquia de produtos; o banheiro todo do Flamengo\u201d , conta.<\/p>\n<p>\u201cA maioria dos meus amigos, colegas e familiares \u00e9 de flamenguistas, mas eu me destaco entre eles, pois n\u00e3o ando sem o Manto e, quando se fala de Flamengo, todos se lembram de mim e respeitam esse amor imenso que sinto\u201d, enfatiza.<\/p>\n<p>Segundo Gargano, o time do Flamengo est\u00e1 no caminho certo, precisando de algumas pe\u00e7as para crescer no pr\u00f3ximo ano. \u201cEnquanto tiver 1% de chance, 99% s\u00e3o de f\u00e9 no Mengo\u201d, sustenta.<\/p>\n<p>O amor ao Rubro-Negro carioca \u00e9 tanto que Gargano registrou seu filho mais novo, hoje com 3 anos, de Athos Mengo. \u00c9 mais uma homenagem ao time do cora\u00e7\u00e3o.<\/p>\n<p>Da Bahia para o Piaui. \u00c9 l\u00e1 que vive outro fan\u00e1tico torcedor flamenguista. Trata-se de\u00a0Valdecy Xisto, o embaixador do Flamengo no territ\u00f3rio piauiense.<\/p>\n<p>Para Xisto, o Flamengo vem em primeiro lugar. At\u00e9 no carro \u00e9 tudo vermelho e preto.<\/p>\n","protected":false},"excerpt":{"rendered":"<p>Josiel Ferreira Especial para Notibras Na festa de mais um anivers\u00e1rio do \u2018Mais Querido do Brasil\u2019, havia torcedores de todos os recantos. S\u00e3o os chamados \u2018Embaixadores do Flamengo\u2019, sempre com um sorriso vitorioso no rosto. Em meio a muita gente, um torcedor inusitado e f\u00e3 do \u00eddolo Zico. \u00c9 Jos\u00e9 M\u00e1rio Marques, o Gargano, diretor [&hellip;]<\/p>\n","protected":false},"author":2,"featured_media":121911,"comment_status":"open","ping_status":"closed","sticky":false,"template":"","format":"standard","meta":{"_acf_changed":false,"footnotes":""},"categories":[75],"tags":[],"class_list":["post-121910","post","type-post","status-publish","format-standard","has-post-thumbnail","hentry","category-especial-flamengo"],"acf":[],"yoast_head":"<!-- This site is optimized with the Yoast SEO plugin v27.2 - https:\/\/yoast.com\/product\/yoast-seo-wordpress\/ -->\n<title>Torcida est\u00e1 feliz em todo o Pa\u00eds. Bahia, Piau\u00ed... - Notibras<\/title>\n<meta name=\"robots\" content=\"index, follow, max-snippet:-1, max-image-preview:large, max-video-preview:-1\" \/>\n<link rel=\"canonical\" href=\"https:\/\/www.notibras.com\/site\/torcida-esta-feliz-em-todo-o-pais-bahia-piaui\/\" \/>\n<meta property=\"og:locale\" content=\"pt_BR\" \/>\n<meta property=\"og:type\" content=\"article\" \/>\n<meta property=\"og:title\" content=\"Torcida est\u00e1 feliz em todo o Pa\u00eds. Bahia, Piau\u00ed... - Notibras\" \/>\n<meta property=\"og:description\" content=\"Josiel Ferreira Especial para Notibras Na festa de mais um anivers\u00e1rio do \u2018Mais Querido do Brasil\u2019, havia torcedores de todos os recantos. S\u00e3o os chamados \u2018Embaixadores do Flamengo\u2019, sempre com um sorriso vitorioso no rosto. Em meio a muita gente, um torcedor inusitado e f\u00e3 do \u00eddolo Zico. \u00c9 Jos\u00e9 M\u00e1rio Marques, o Gargano, diretor [&hellip;]\" \/>\n<meta property=\"og:url\" content=\"https:\/\/www.notibras.com\/site\/torcida-esta-feliz-em-todo-o-pais-bahia-piaui\/\" \/>\n<meta property=\"og:site_name\" content=\"Notibras\" \/>\n<meta property=\"article:publisher\" content=\"https:\/\/www.facebook.com\/notibras\/\" \/>\n<meta property=\"article:published_time\" content=\"2016-11-22T01:09:40+00:00\" \/>\n<meta property=\"article:modified_time\" content=\"2016-11-22T02:00:42+00:00\" \/>\n<meta property=\"og:image\" content=\"https:\/\/www.notibras.com\/site\/wp-content\/uploads\/2016\/11\/fla2.jpg\" \/>\n\t<meta property=\"og:image:width\" content=\"690\" \/>\n\t<meta property=\"og:image:height\" content=\"350\" \/>\n\t<meta property=\"og:image:type\" content=\"image\/jpeg\" \/>\n<meta name=\"author\" content=\"Reda\u00e7\u00e3o\" \/>\n<meta name=\"twitter:card\" content=\"summary_large_image\" \/>\n<meta name=\"twitter:creator\" content=\"@Notibras\" \/>\n<meta name=\"twitter:site\" content=\"@Notibras\" \/>\n<meta name=\"twitter:label1\" content=\"Escrito por\" \/>\n\t<meta name=\"twitter:data1\" content=\"Reda\u00e7\u00e3o\" \/>\n\t<meta name=\"twitter:label2\" content=\"Est. tempo de leitura\" \/>\n\t<meta name=\"twitter:data2\" content=\"2 minutos\" \/>\n<script type=\"application\/ld+json\" class=\"yoast-schema-graph\">{\"@context\":\"https:\/\/schema.org\",\"@graph\":[{\"@type\":\"Article\",\"@id\":\"https:\/\/www.notibras.com\/site\/torcida-esta-feliz-em-todo-o-pais-bahia-piaui\/#article\",\"isPartOf\":{\"@id\":\"https:\/\/www.notibras.com\/site\/torcida-esta-feliz-em-todo-o-pais-bahia-piaui\/\"},\"author\":{\"name\":\"Reda\u00e7\u00e3o\",\"@id\":\"https:\/\/www.notibras.com\/site\/#\/schema\/person\/36ab0979449956132d3e5b517ea76ac8\"},\"headline\":\"Torcida est\u00e1 feliz em todo o Pa\u00eds. Bahia, Piau\u00ed&#8230;\",\"datePublished\":\"2016-11-22T01:09:40+00:00\",\"dateModified\":\"2016-11-22T02:00:42+00:00\",\"mainEntityOfPage\":{\"@id\":\"https:\/\/www.notibras.com\/site\/torcida-esta-feliz-em-todo-o-pais-bahia-piaui\/\"},\"wordCount\":339,\"commentCount\":0,\"publisher\":{\"@id\":\"https:\/\/www.notibras.com\/site\/#organization\"},\"image\":{\"@id\":\"https:\/\/www.notibras.com\/site\/torcida-esta-feliz-em-todo-o-pais-bahia-piaui\/#primaryimage\"},\"thumbnailUrl\":\"https:\/\/www.notibras.com\/site\/wp-content\/uploads\/2016\/11\/fla2.jpg\",\"articleSection\":[\"ESPECIAL - Flamengo\"],\"inLanguage\":\"pt-BR\",\"potentialAction\":[{\"@type\":\"CommentAction\",\"name\":\"Comment\",\"target\":[\"https:\/\/www.notibras.com\/site\/torcida-esta-feliz-em-todo-o-pais-bahia-piaui\/#respond\"]}]},{\"@type\":\"WebPage\",\"@id\":\"https:\/\/www.notibras.com\/site\/torcida-esta-feliz-em-todo-o-pais-bahia-piaui\/\",\"url\":\"https:\/\/www.notibras.com\/site\/torcida-esta-feliz-em-todo-o-pais-bahia-piaui\/\",\"name\":\"Torcida est\u00e1 feliz em todo o Pa\u00eds. Bahia, Piau\u00ed... - Notibras\",\"isPartOf\":{\"@id\":\"https:\/\/www.notibras.com\/site\/#website\"},\"primaryImageOfPage\":{\"@id\":\"https:\/\/www.notibras.com\/site\/torcida-esta-feliz-em-todo-o-pais-bahia-piaui\/#primaryimage\"},\"image\":{\"@id\":\"https:\/\/www.notibras.com\/site\/torcida-esta-feliz-em-todo-o-pais-bahia-piaui\/#primaryimage\"},\"thumbnailUrl\":\"https:\/\/www.notibras.com\/site\/wp-content\/uploads\/2016\/11\/fla2.jpg\",\"datePublished\":\"2016-11-22T01:09:40+00:00\",\"dateModified\":\"2016-11-22T02:00:42+00:00\",\"breadcrumb\":{\"@id\":\"https:\/\/www.notibras.com\/site\/torcida-esta-feliz-em-todo-o-pais-bahia-piaui\/#breadcrumb\"},\"inLanguage\":\"pt-BR\",\"potentialAction\":[{\"@type\":\"ReadAction\",\"target\":[\"https:\/\/www.notibras.com\/site\/torcida-esta-feliz-em-todo-o-pais-bahia-piaui\/\"]}]},{\"@type\":\"ImageObject\",\"inLanguage\":\"pt-BR\",\"@id\":\"https:\/\/www.notibras.com\/site\/torcida-esta-feliz-em-todo-o-pais-bahia-piaui\/#primaryimage\",\"url\":\"https:\/\/www.notibras.com\/site\/wp-content\/uploads\/2016\/11\/fla2.jpg\",\"contentUrl\":\"https:\/\/www.notibras.com\/site\/wp-content\/uploads\/2016\/11\/fla2.jpg\",\"width\":690,\"height\":350},{\"@type\":\"BreadcrumbList\",\"@id\":\"https:\/\/www.notibras.com\/site\/torcida-esta-feliz-em-todo-o-pais-bahia-piaui\/#breadcrumb\",\"itemListElement\":[{\"@type\":\"ListItem\",\"position\":1,\"name\":\"In\u00edcio\",\"item\":\"https:\/\/www.notibras.com\/site\/\"},{\"@type\":\"ListItem\",\"position\":2,\"name\":\"Torcida est\u00e1 feliz em todo o Pa\u00eds. Bahia, Piau\u00ed&#8230;\"}]},{\"@type\":\"WebSite\",\"@id\":\"https:\/\/www.notibras.com\/site\/#website\",\"url\":\"https:\/\/www.notibras.com\/site\/\",\"name\":\"Notibras\",\"description\":\"Not\u00edcias de Bras\u00edlia, do Brasil e do Mundo\",\"publisher\":{\"@id\":\"https:\/\/www.notibras.com\/site\/#organization\"},\"potentialAction\":[{\"@type\":\"SearchAction\",\"target\":{\"@type\":\"EntryPoint\",\"urlTemplate\":\"https:\/\/www.notibras.com\/site\/?s={search_term_string}\"},\"query-input\":{\"@type\":\"PropertyValueSpecification\",\"valueRequired\":true,\"valueName\":\"search_term_string\"}}],\"inLanguage\":\"pt-BR\"},{\"@type\":\"Organization\",\"@id\":\"https:\/\/www.notibras.com\/site\/#organization\",\"name\":\"Grupo Notibras de Comunica\u00e7\u00e3o\",\"url\":\"https:\/\/www.notibras.com\/site\/\",\"logo\":{\"@type\":\"ImageObject\",\"inLanguage\":\"pt-BR\",\"@id\":\"https:\/\/www.notibras.com\/site\/#\/schema\/logo\/image\/\",\"url\":\"https:\/\/www.notibras.com\/site\/wp-content\/uploads\/2023\/01\/notibras23.png\",\"contentUrl\":\"https:\/\/www.notibras.com\/site\/wp-content\/uploads\/2023\/01\/notibras23.png\",\"width\":350,\"height\":87,\"caption\":\"Grupo Notibras de Comunica\u00e7\u00e3o\"},\"image\":{\"@id\":\"https:\/\/www.notibras.com\/site\/#\/schema\/logo\/image\/\"},\"sameAs\":[\"https:\/\/www.facebook.com\/notibras\/\",\"https:\/\/x.com\/Notibras\",\"https:\/\/www.instagram.com\/notibras\/\"]},{\"@type\":\"Person\",\"@id\":\"https:\/\/www.notibras.com\/site\/#\/schema\/person\/36ab0979449956132d3e5b517ea76ac8\",\"name\":\"Reda\u00e7\u00e3o\",\"image\":{\"@type\":\"ImageObject\",\"inLanguage\":\"pt-BR\",\"@id\":\"https:\/\/secure.gravatar.com\/avatar\/e0a867bdedb85fd243eadf09663511f96fc81e0720a4a42581f334ad4303aa6b?s=96&d=mm&r=g\",\"url\":\"https:\/\/secure.gravatar.com\/avatar\/e0a867bdedb85fd243eadf09663511f96fc81e0720a4a42581f334ad4303aa6b?s=96&d=mm&r=g\",\"contentUrl\":\"https:\/\/secure.gravatar.com\/avatar\/e0a867bdedb85fd243eadf09663511f96fc81e0720a4a42581f334ad4303aa6b?s=96&d=mm&r=g\",\"caption\":\"Reda\u00e7\u00e3o\"}}]}<\/script>\n<!-- \/ Yoast SEO plugin. -->","yoast_head_json":{"title":"Torcida est\u00e1 feliz em todo o Pa\u00eds. Bahia, Piau\u00ed... - Notibras","robots":{"index":"index","follow":"follow","max-snippet":"max-snippet:-1","max-image-preview":"max-image-preview:large","max-video-preview":"max-video-preview:-1"},"canonical":"https:\/\/www.notibras.com\/site\/torcida-esta-feliz-em-todo-o-pais-bahia-piaui\/","og_locale":"pt_BR","og_type":"article","og_title":"Torcida est\u00e1 feliz em todo o Pa\u00eds. Bahia, Piau\u00ed... - Notibras","og_description":"Josiel Ferreira Especial para Notibras Na festa de mais um anivers\u00e1rio do \u2018Mais Querido do Brasil\u2019, havia torcedores de todos os recantos. S\u00e3o os chamados \u2018Embaixadores do Flamengo\u2019, sempre com um sorriso vitorioso no rosto. Em meio a muita gente, um torcedor inusitado e f\u00e3 do \u00eddolo Zico. \u00c9 Jos\u00e9 M\u00e1rio Marques, o Gargano, diretor [&hellip;]","og_url":"https:\/\/www.notibras.com\/site\/torcida-esta-feliz-em-todo-o-pais-bahia-piaui\/","og_site_name":"Notibras","article_publisher":"https:\/\/www.facebook.com\/notibras\/","article_published_time":"2016-11-22T01:09:40+00:00","article_modified_time":"2016-11-22T02:00:42+00:00","og_image":[{"width":690,"height":350,"url":"https:\/\/www.notibras.com\/site\/wp-content\/uploads\/2016\/11\/fla2.jpg","type":"image\/jpeg"}],"author":"Reda\u00e7\u00e3o","twitter_card":"summary_large_image","twitter_creator":"@Notibras","twitter_site":"@Notibras","twitter_misc":{"Escrito por":"Reda\u00e7\u00e3o","Est. tempo de leitura":"2 minutos"},"schema":{"@context":"https:\/\/schema.org","@graph":[{"@type":"Article","@id":"https:\/\/www.notibras.com\/site\/torcida-esta-feliz-em-todo-o-pais-bahia-piaui\/#article","isPartOf":{"@id":"https:\/\/www.notibras.com\/site\/torcida-esta-feliz-em-todo-o-pais-bahia-piaui\/"},"author":{"name":"Reda\u00e7\u00e3o","@id":"https:\/\/www.notibras.com\/site\/#\/schema\/person\/36ab0979449956132d3e5b517ea76ac8"},"headline":"Torcida est\u00e1 feliz em todo o Pa\u00eds. Bahia, Piau\u00ed&#8230;","datePublished":"2016-11-22T01:09:40+00:00","dateModified":"2016-11-22T02:00:42+00:00","mainEntityOfPage":{"@id":"https:\/\/www.notibras.com\/site\/torcida-esta-feliz-em-todo-o-pais-bahia-piaui\/"},"wordCount":339,"commentCount":0,"publisher":{"@id":"https:\/\/www.notibras.com\/site\/#organization"},"image":{"@id":"https:\/\/www.notibras.com\/site\/torcida-esta-feliz-em-todo-o-pais-bahia-piaui\/#primaryimage"},"thumbnailUrl":"https:\/\/www.notibras.com\/site\/wp-content\/uploads\/2016\/11\/fla2.jpg","articleSection":["ESPECIAL - Flamengo"],"inLanguage":"pt-BR","potentialAction":[{"@type":"CommentAction","name":"Comment","target":["https:\/\/www.notibras.com\/site\/torcida-esta-feliz-em-todo-o-pais-bahia-piaui\/#respond"]}]},{"@type":"WebPage","@id":"https:\/\/www.notibras.com\/site\/torcida-esta-feliz-em-todo-o-pais-bahia-piaui\/","url":"https:\/\/www.notibras.com\/site\/torcida-esta-feliz-em-todo-o-pais-bahia-piaui\/","name":"Torcida est\u00e1 feliz em todo o Pa\u00eds. Bahia, Piau\u00ed... - Notibras","isPartOf":{"@id":"https:\/\/www.notibras.com\/site\/#website"},"primaryImageOfPage":{"@id":"https:\/\/www.notibras.com\/site\/torcida-esta-feliz-em-todo-o-pais-bahia-piaui\/#primaryimage"},"image":{"@id":"https:\/\/www.notibras.com\/site\/torcida-esta-feliz-em-todo-o-pais-bahia-piaui\/#primaryimage"},"thumbnailUrl":"https:\/\/www.notibras.com\/site\/wp-content\/uploads\/2016\/11\/fla2.jpg","datePublished":"2016-11-22T01:09:40+00:00","dateModified":"2016-11-22T02:00:42+00:00","breadcrumb":{"@id":"https:\/\/www.notibras.com\/site\/torcida-esta-feliz-em-todo-o-pais-bahia-piaui\/#breadcrumb"},"inLanguage":"pt-BR","potentialAction":[{"@type":"ReadAction","target":["https:\/\/www.notibras.com\/site\/torcida-esta-feliz-em-todo-o-pais-bahia-piaui\/"]}]},{"@type":"ImageObject","inLanguage":"pt-BR","@id":"https:\/\/www.notibras.com\/site\/torcida-esta-feliz-em-todo-o-pais-bahia-piaui\/#primaryimage","url":"https:\/\/www.notibras.com\/site\/wp-content\/uploads\/2016\/11\/fla2.jpg","contentUrl":"https:\/\/www.notibras.com\/site\/wp-content\/uploads\/2016\/11\/fla2.jpg","width":690,"height":350},{"@type":"BreadcrumbList","@id":"https:\/\/www.notibras.com\/site\/torcida-esta-feliz-em-todo-o-pais-bahia-piaui\/#breadcrumb","itemListElement":[{"@type":"ListItem","position":1,"name":"In\u00edcio","item":"https:\/\/www.notibras.com\/site\/"},{"@type":"ListItem","position":2,"name":"Torcida est\u00e1 feliz em todo o Pa\u00eds. Bahia, Piau\u00ed&#8230;"}]},{"@type":"WebSite","@id":"https:\/\/www.notibras.com\/site\/#website","url":"https:\/\/www.notibras.com\/site\/","name":"Notibras","description":"Not\u00edcias de Bras\u00edlia, do Brasil e do Mundo","publisher":{"@id":"https:\/\/www.notibras.com\/site\/#organization"},"potentialAction":[{"@type":"SearchAction","target":{"@type":"EntryPoint","urlTemplate":"https:\/\/www.notibras.com\/site\/?s={search_term_string}"},"query-input":{"@type":"PropertyValueSpecification","valueRequired":true,"valueName":"search_term_string"}}],"inLanguage":"pt-BR"},{"@type":"Organization","@id":"https:\/\/www.notibras.com\/site\/#organization","name":"Grupo Notibras de Comunica\u00e7\u00e3o","url":"https:\/\/www.notibras.com\/site\/","logo":{"@type":"ImageObject","inLanguage":"pt-BR","@id":"https:\/\/www.notibras.com\/site\/#\/schema\/logo\/image\/","url":"https:\/\/www.notibras.com\/site\/wp-content\/uploads\/2023\/01\/notibras23.png","contentUrl":"https:\/\/www.notibras.com\/site\/wp-content\/uploads\/2023\/01\/notibras23.png","width":350,"height":87,"caption":"Grupo Notibras de Comunica\u00e7\u00e3o"},"image":{"@id":"https:\/\/www.notibras.com\/site\/#\/schema\/logo\/image\/"},"sameAs":["https:\/\/www.facebook.com\/notibras\/","https:\/\/x.com\/Notibras","https:\/\/www.instagram.com\/notibras\/"]},{"@type":"Person","@id":"https:\/\/www.notibras.com\/site\/#\/schema\/person\/36ab0979449956132d3e5b517ea76ac8","name":"Reda\u00e7\u00e3o","image":{"@type":"ImageObject","inLanguage":"pt-BR","@id":"https:\/\/secure.gravatar.com\/avatar\/e0a867bdedb85fd243eadf09663511f96fc81e0720a4a42581f334ad4303aa6b?s=96&d=mm&r=g","url":"https:\/\/secure.gravatar.com\/avatar\/e0a867bdedb85fd243eadf09663511f96fc81e0720a4a42581f334ad4303aa6b?s=96&d=mm&r=g","contentUrl":"https:\/\/secure.gravatar.com\/avatar\/e0a867bdedb85fd243eadf09663511f96fc81e0720a4a42581f334ad4303aa6b?s=96&d=mm&r=g","caption":"Reda\u00e7\u00e3o"}}]}},"amp_enabled":true,"_links":{"self":[{"href":"https:\/\/www.notibras.com\/site\/wp-json\/wp\/v2\/posts\/121910","targetHints":{"allow":["GET"]}}],"collection":[{"href":"https:\/\/www.notibras.com\/site\/wp-json\/wp\/v2\/posts"}],"about":[{"href":"https:\/\/www.notibras.com\/site\/wp-json\/wp\/v2\/types\/post"}],"author":[{"embeddable":true,"href":"https:\/\/www.notibras.com\/site\/wp-json\/wp\/v2\/users\/2"}],"replies":[{"embeddable":true,"href":"https:\/\/www.notibras.com\/site\/wp-json\/wp\/v2\/comments?post=121910"}],"version-history":[{"count":5,"href":"https:\/\/www.notibras.com\/site\/wp-json\/wp\/v2\/posts\/121910\/revisions"}],"predecessor-version":[{"id":121917,"href":"https:\/\/www.notibras.com\/site\/wp-json\/wp\/v2\/posts\/121910\/revisions\/121917"}],"wp:featuredmedia":[{"embeddable":true,"href":"https:\/\/www.notibras.com\/site\/wp-json\/wp\/v2\/media\/121911"}],"wp:attachment":[{"href":"https:\/\/www.notibras.com\/site\/wp-json\/wp\/v2\/media?parent=121910"}],"wp:term":[{"taxonomy":"category","embeddable":true,"href":"https:\/\/www.notibras.com\/site\/wp-json\/wp\/v2\/categories?post=121910"},{"taxonomy":"post_tag","embeddable":true,"href":"https:\/\/www.notibras.com\/site\/wp-json\/wp\/v2\/tags?post=121910"}],"curies":[{"name":"wp","href":"https:\/\/api.w.org\/{rel}","templated":true}]}}