{"id":121918,"date":"2016-11-21T23:02:44","date_gmt":"2016-11-22T01:02:44","guid":{"rendered":"http:\/\/www.notibras.com\/site\/?p=121918"},"modified":"2016-11-22T00:22:53","modified_gmt":"2016-11-22T02:22:53","slug":"bandeira-de-mello-lembra-torcida-de-40-milhoes","status":"publish","type":"post","link":"https:\/\/www.notibras.com\/site\/bandeira-de-mello-lembra-torcida-de-40-milhoes\/","title":{"rendered":"Bandeira de Mello lembra torcida de 40 milh\u00f5es"},"content":{"rendered":"<p><strong>Josiel Ferreira<\/strong><br \/>\n<strong>Especial para Notibras<\/strong><\/p>\n<p>O Flamengo \u00e9 parte do maior espet\u00e1culo da Terra. No s\u00e1bado em que comemorou 121 anos, a sede do time amanheceu em festa devido ao jogo e a confraterniza\u00e7\u00e3o de grandes rubro-negros na G\u00e1vea.<\/p>\n<p>Mais de 900 pessoas encheram o clube para o encontro anual das \u2018Embaixadas da Na\u00e7\u00e3o\u2019. <strong>Notibras<\/strong> acompanhou a festa, a convite da Fla Bras\u00edlia, que teve as presen\u00e7as do presidente Eduardo Bandeira de Mello, do vice-presidente Mauricio Gomes de Mattos, do diretor-geral Fred Luz e do vice-presidente de Patrim\u00f4nio Alexandre Wrobel.<\/p>\n<p>Eduardo Bandeira n\u00e3o escondia sua alegria. \u201cTodo ano temos esse nosso encontro e para n\u00f3s \u00e9 mais que um prazer; \u00e9 um privil\u00e9gio; \u00e9 uma obriga\u00e7\u00e3o que estreita nossa rela\u00e7\u00e3o com as embaixadas que s\u00e3o nossos elos para nos aproximar dos 40 milh\u00f5es de torcedores que temos pelo Brasil\u201d, revelou.<\/p>\n<p>O gerente de Relacionamento Andr\u00e9 Monnerat falou da import\u00e2ncia do apoio \u00e0s embaixadas, enumerando os objetivos do projeto: expandir as embaixadas de forma organizada, de maneira efetiva para divulgar marca e valores do Flamengo e transform\u00e1-las em fomentadoras de ades\u00f5es ao Programa Na\u00e7\u00e3o Rubro-Negra, promovendo eventos capazes de atend\u00ea-los e gerar novos neg\u00f3cios.<\/p>\n<p>&#8220;Temos um desafio que a maioria dos clubes do Brasil n\u00e3o t\u00eam: criar vantagens para os torcedores de fora do Rio, de longe do est\u00e1dio. E voc\u00eas t\u00eam um papel importante para trazer mais s\u00f3cios-torcedores e no fim ajudar a bola a entrar no gol&#8221;, disse.<\/p>\n<p>A ideia \u00e9 que as Embaixadas sigam promovendo reuni\u00f5es regulares para assistir aos jogos do Flamengo, de prefer\u00eancia em lugares fixos, atuando em prol de campanhas institucionais e solid\u00e1rias e na capta\u00e7\u00e3o de patrocinadores e parceiros locais e at\u00e9 na identifica\u00e7\u00e3o de talentos para as categorias de base.<\/p>\n<p>Os pr\u00f3ximos passos ser\u00e3o a cria\u00e7\u00e3o de um novo site para as Embaixadas, dos Consulados &#8211; um passo antes de ser Embaixada, para que o interessado mostre suas ideias, informa\u00e7\u00f5es e a\u00e7\u00f5es, entenda o processo e ponha em pr\u00e1tica as condi\u00e7\u00f5es do clube. A partir da\u00ed, sim, se candidatar a embaixador, com direito a cart\u00e3o-ingresso de s\u00f3cio torcedor personalizado com a logomarca da Embaixada e novas formas de parceria.<\/p>\n<p>&#8220;Aqui temos o Maracan\u00e3, G\u00e1vea, atletas pr\u00f3ximos. No estado de voc\u00eas, s\u00f3 o amor. Voc\u00eas s\u00e3o os representantes da Na\u00e7\u00e3o em todo Brasil e queremos estar mais juntos. Tudo j\u00e1 est\u00e1 alinhado com o futebol, que tem seu calend\u00e1rio de peneiras, em que o atleta ser\u00e1 testado. A embaixada que trouxer jogadores para o Flamengo ganhar\u00e1 um diploma e a que mais tiver atletas aprovados ganhar\u00e1 um jogo de camisas autografado para a\u00e7\u00f5es de marketing. Este plano ser\u00e1 desenvolvido&#8221;, explicou, por sua vez, o vice-presidente Mauricio Gomes de Mattos.<\/p>\n","protected":false},"excerpt":{"rendered":"<p>Josiel Ferreira Especial para Notibras O Flamengo \u00e9 parte do maior espet\u00e1culo da Terra. No s\u00e1bado em que comemorou 121 anos, a sede do time amanheceu em festa devido ao jogo e a confraterniza\u00e7\u00e3o de grandes rubro-negros na G\u00e1vea. Mais de 900 pessoas encheram o clube para o encontro anual das \u2018Embaixadas da Na\u00e7\u00e3o\u2019. Notibras [&hellip;]<\/p>\n","protected":false},"author":2,"featured_media":121919,"comment_status":"open","ping_status":"closed","sticky":false,"template":"","format":"standard","meta":{"_acf_changed":false,"footnotes":""},"categories":[75],"tags":[],"class_list":["post-121918","post","type-post","status-publish","format-standard","has-post-thumbnail","hentry","category-especial-flamengo"],"acf":[],"yoast_head":"<!-- This site is optimized with the Yoast SEO plugin v27.2 - https:\/\/yoast.com\/product\/yoast-seo-wordpress\/ -->\n<title>Bandeira de Mello lembra torcida de 40 milh\u00f5es - Notibras<\/title>\n<meta name=\"robots\" content=\"index, follow, max-snippet:-1, max-image-preview:large, max-video-preview:-1\" \/>\n<link rel=\"canonical\" href=\"https:\/\/www.notibras.com\/site\/bandeira-de-mello-lembra-torcida-de-40-milhoes\/\" \/>\n<meta property=\"og:locale\" content=\"pt_BR\" \/>\n<meta property=\"og:type\" content=\"article\" \/>\n<meta property=\"og:title\" content=\"Bandeira de Mello lembra torcida de 40 milh\u00f5es - Notibras\" \/>\n<meta property=\"og:description\" content=\"Josiel Ferreira Especial para Notibras O Flamengo \u00e9 parte do maior espet\u00e1culo da Terra. No s\u00e1bado em que comemorou 121 anos, a sede do time amanheceu em festa devido ao jogo e a confraterniza\u00e7\u00e3o de grandes rubro-negros na G\u00e1vea. Mais de 900 pessoas encheram o clube para o encontro anual das \u2018Embaixadas da Na\u00e7\u00e3o\u2019. Notibras [&hellip;]\" \/>\n<meta property=\"og:url\" content=\"https:\/\/www.notibras.com\/site\/bandeira-de-mello-lembra-torcida-de-40-milhoes\/\" \/>\n<meta property=\"og:site_name\" content=\"Notibras\" \/>\n<meta property=\"article:publisher\" content=\"https:\/\/www.facebook.com\/notibras\/\" \/>\n<meta property=\"article:published_time\" content=\"2016-11-22T01:02:44+00:00\" \/>\n<meta property=\"article:modified_time\" content=\"2016-11-22T02:22:53+00:00\" \/>\n<meta property=\"og:image\" content=\"https:\/\/www.notibras.com\/site\/wp-content\/uploads\/2016\/11\/566639831b323.jpeg\" \/>\n\t<meta property=\"og:image:width\" content=\"713\" \/>\n\t<meta property=\"og:image:height\" content=\"475\" \/>\n\t<meta property=\"og:image:type\" content=\"image\/jpeg\" \/>\n<meta name=\"author\" content=\"Reda\u00e7\u00e3o\" \/>\n<meta name=\"twitter:card\" content=\"summary_large_image\" \/>\n<meta name=\"twitter:creator\" content=\"@Notibras\" \/>\n<meta name=\"twitter:site\" content=\"@Notibras\" \/>\n<meta name=\"twitter:label1\" content=\"Escrito por\" \/>\n\t<meta name=\"twitter:data1\" content=\"Reda\u00e7\u00e3o\" \/>\n\t<meta name=\"twitter:label2\" content=\"Est. tempo de leitura\" \/>\n\t<meta name=\"twitter:data2\" content=\"2 minutos\" \/>\n<script type=\"application\/ld+json\" class=\"yoast-schema-graph\">{\"@context\":\"https:\/\/schema.org\",\"@graph\":[{\"@type\":\"Article\",\"@id\":\"https:\/\/www.notibras.com\/site\/bandeira-de-mello-lembra-torcida-de-40-milhoes\/#article\",\"isPartOf\":{\"@id\":\"https:\/\/www.notibras.com\/site\/bandeira-de-mello-lembra-torcida-de-40-milhoes\/\"},\"author\":{\"name\":\"Reda\u00e7\u00e3o\",\"@id\":\"https:\/\/www.notibras.com\/site\/#\/schema\/person\/36ab0979449956132d3e5b517ea76ac8\"},\"headline\":\"Bandeira de Mello lembra torcida de 40 milh\u00f5es\",\"datePublished\":\"2016-11-22T01:02:44+00:00\",\"dateModified\":\"2016-11-22T02:22:53+00:00\",\"mainEntityOfPage\":{\"@id\":\"https:\/\/www.notibras.com\/site\/bandeira-de-mello-lembra-torcida-de-40-milhoes\/\"},\"wordCount\":494,\"commentCount\":0,\"publisher\":{\"@id\":\"https:\/\/www.notibras.com\/site\/#organization\"},\"image\":{\"@id\":\"https:\/\/www.notibras.com\/site\/bandeira-de-mello-lembra-torcida-de-40-milhoes\/#primaryimage\"},\"thumbnailUrl\":\"https:\/\/www.notibras.com\/site\/wp-content\/uploads\/2016\/11\/566639831b323.jpeg\",\"articleSection\":[\"ESPECIAL - Flamengo\"],\"inLanguage\":\"pt-BR\",\"potentialAction\":[{\"@type\":\"CommentAction\",\"name\":\"Comment\",\"target\":[\"https:\/\/www.notibras.com\/site\/bandeira-de-mello-lembra-torcida-de-40-milhoes\/#respond\"]}]},{\"@type\":\"WebPage\",\"@id\":\"https:\/\/www.notibras.com\/site\/bandeira-de-mello-lembra-torcida-de-40-milhoes\/\",\"url\":\"https:\/\/www.notibras.com\/site\/bandeira-de-mello-lembra-torcida-de-40-milhoes\/\",\"name\":\"Bandeira de Mello lembra torcida de 40 milh\u00f5es - Notibras\",\"isPartOf\":{\"@id\":\"https:\/\/www.notibras.com\/site\/#website\"},\"primaryImageOfPage\":{\"@id\":\"https:\/\/www.notibras.com\/site\/bandeira-de-mello-lembra-torcida-de-40-milhoes\/#primaryimage\"},\"image\":{\"@id\":\"https:\/\/www.notibras.com\/site\/bandeira-de-mello-lembra-torcida-de-40-milhoes\/#primaryimage\"},\"thumbnailUrl\":\"https:\/\/www.notibras.com\/site\/wp-content\/uploads\/2016\/11\/566639831b323.jpeg\",\"datePublished\":\"2016-11-22T01:02:44+00:00\",\"dateModified\":\"2016-11-22T02:22:53+00:00\",\"breadcrumb\":{\"@id\":\"https:\/\/www.notibras.com\/site\/bandeira-de-mello-lembra-torcida-de-40-milhoes\/#breadcrumb\"},\"inLanguage\":\"pt-BR\",\"potentialAction\":[{\"@type\":\"ReadAction\",\"target\":[\"https:\/\/www.notibras.com\/site\/bandeira-de-mello-lembra-torcida-de-40-milhoes\/\"]}]},{\"@type\":\"ImageObject\",\"inLanguage\":\"pt-BR\",\"@id\":\"https:\/\/www.notibras.com\/site\/bandeira-de-mello-lembra-torcida-de-40-milhoes\/#primaryimage\",\"url\":\"https:\/\/www.notibras.com\/site\/wp-content\/uploads\/2016\/11\/566639831b323.jpeg\",\"contentUrl\":\"https:\/\/www.notibras.com\/site\/wp-content\/uploads\/2016\/11\/566639831b323.jpeg\",\"width\":713,\"height\":475},{\"@type\":\"BreadcrumbList\",\"@id\":\"https:\/\/www.notibras.com\/site\/bandeira-de-mello-lembra-torcida-de-40-milhoes\/#breadcrumb\",\"itemListElement\":[{\"@type\":\"ListItem\",\"position\":1,\"name\":\"In\u00edcio\",\"item\":\"https:\/\/www.notibras.com\/site\/\"},{\"@type\":\"ListItem\",\"position\":2,\"name\":\"Bandeira de Mello lembra torcida de 40 milh\u00f5es\"}]},{\"@type\":\"WebSite\",\"@id\":\"https:\/\/www.notibras.com\/site\/#website\",\"url\":\"https:\/\/www.notibras.com\/site\/\",\"name\":\"Notibras\",\"description\":\"Not\u00edcias de Bras\u00edlia, do Brasil e do Mundo\",\"publisher\":{\"@id\":\"https:\/\/www.notibras.com\/site\/#organization\"},\"potentialAction\":[{\"@type\":\"SearchAction\",\"target\":{\"@type\":\"EntryPoint\",\"urlTemplate\":\"https:\/\/www.notibras.com\/site\/?s={search_term_string}\"},\"query-input\":{\"@type\":\"PropertyValueSpecification\",\"valueRequired\":true,\"valueName\":\"search_term_string\"}}],\"inLanguage\":\"pt-BR\"},{\"@type\":\"Organization\",\"@id\":\"https:\/\/www.notibras.com\/site\/#organization\",\"name\":\"Grupo Notibras de Comunica\u00e7\u00e3o\",\"url\":\"https:\/\/www.notibras.com\/site\/\",\"logo\":{\"@type\":\"ImageObject\",\"inLanguage\":\"pt-BR\",\"@id\":\"https:\/\/www.notibras.com\/site\/#\/schema\/logo\/image\/\",\"url\":\"https:\/\/www.notibras.com\/site\/wp-content\/uploads\/2023\/01\/notibras23.png\",\"contentUrl\":\"https:\/\/www.notibras.com\/site\/wp-content\/uploads\/2023\/01\/notibras23.png\",\"width\":350,\"height\":87,\"caption\":\"Grupo Notibras de Comunica\u00e7\u00e3o\"},\"image\":{\"@id\":\"https:\/\/www.notibras.com\/site\/#\/schema\/logo\/image\/\"},\"sameAs\":[\"https:\/\/www.facebook.com\/notibras\/\",\"https:\/\/x.com\/Notibras\",\"https:\/\/www.instagram.com\/notibras\/\"]},{\"@type\":\"Person\",\"@id\":\"https:\/\/www.notibras.com\/site\/#\/schema\/person\/36ab0979449956132d3e5b517ea76ac8\",\"name\":\"Reda\u00e7\u00e3o\",\"image\":{\"@type\":\"ImageObject\",\"inLanguage\":\"pt-BR\",\"@id\":\"https:\/\/secure.gravatar.com\/avatar\/e0a867bdedb85fd243eadf09663511f96fc81e0720a4a42581f334ad4303aa6b?s=96&d=mm&r=g\",\"url\":\"https:\/\/secure.gravatar.com\/avatar\/e0a867bdedb85fd243eadf09663511f96fc81e0720a4a42581f334ad4303aa6b?s=96&d=mm&r=g\",\"contentUrl\":\"https:\/\/secure.gravatar.com\/avatar\/e0a867bdedb85fd243eadf09663511f96fc81e0720a4a42581f334ad4303aa6b?s=96&d=mm&r=g\",\"caption\":\"Reda\u00e7\u00e3o\"}}]}<\/script>\n<!-- \/ Yoast SEO plugin. -->","yoast_head_json":{"title":"Bandeira de Mello lembra torcida de 40 milh\u00f5es - Notibras","robots":{"index":"index","follow":"follow","max-snippet":"max-snippet:-1","max-image-preview":"max-image-preview:large","max-video-preview":"max-video-preview:-1"},"canonical":"https:\/\/www.notibras.com\/site\/bandeira-de-mello-lembra-torcida-de-40-milhoes\/","og_locale":"pt_BR","og_type":"article","og_title":"Bandeira de Mello lembra torcida de 40 milh\u00f5es - Notibras","og_description":"Josiel Ferreira Especial para Notibras O Flamengo \u00e9 parte do maior espet\u00e1culo da Terra. No s\u00e1bado em que comemorou 121 anos, a sede do time amanheceu em festa devido ao jogo e a confraterniza\u00e7\u00e3o de grandes rubro-negros na G\u00e1vea. Mais de 900 pessoas encheram o clube para o encontro anual das \u2018Embaixadas da Na\u00e7\u00e3o\u2019. Notibras [&hellip;]","og_url":"https:\/\/www.notibras.com\/site\/bandeira-de-mello-lembra-torcida-de-40-milhoes\/","og_site_name":"Notibras","article_publisher":"https:\/\/www.facebook.com\/notibras\/","article_published_time":"2016-11-22T01:02:44+00:00","article_modified_time":"2016-11-22T02:22:53+00:00","og_image":[{"width":713,"height":475,"url":"https:\/\/www.notibras.com\/site\/wp-content\/uploads\/2016\/11\/566639831b323.jpeg","type":"image\/jpeg"}],"author":"Reda\u00e7\u00e3o","twitter_card":"summary_large_image","twitter_creator":"@Notibras","twitter_site":"@Notibras","twitter_misc":{"Escrito por":"Reda\u00e7\u00e3o","Est. tempo de leitura":"2 minutos"},"schema":{"@context":"https:\/\/schema.org","@graph":[{"@type":"Article","@id":"https:\/\/www.notibras.com\/site\/bandeira-de-mello-lembra-torcida-de-40-milhoes\/#article","isPartOf":{"@id":"https:\/\/www.notibras.com\/site\/bandeira-de-mello-lembra-torcida-de-40-milhoes\/"},"author":{"name":"Reda\u00e7\u00e3o","@id":"https:\/\/www.notibras.com\/site\/#\/schema\/person\/36ab0979449956132d3e5b517ea76ac8"},"headline":"Bandeira de Mello lembra torcida de 40 milh\u00f5es","datePublished":"2016-11-22T01:02:44+00:00","dateModified":"2016-11-22T02:22:53+00:00","mainEntityOfPage":{"@id":"https:\/\/www.notibras.com\/site\/bandeira-de-mello-lembra-torcida-de-40-milhoes\/"},"wordCount":494,"commentCount":0,"publisher":{"@id":"https:\/\/www.notibras.com\/site\/#organization"},"image":{"@id":"https:\/\/www.notibras.com\/site\/bandeira-de-mello-lembra-torcida-de-40-milhoes\/#primaryimage"},"thumbnailUrl":"https:\/\/www.notibras.com\/site\/wp-content\/uploads\/2016\/11\/566639831b323.jpeg","articleSection":["ESPECIAL - Flamengo"],"inLanguage":"pt-BR","potentialAction":[{"@type":"CommentAction","name":"Comment","target":["https:\/\/www.notibras.com\/site\/bandeira-de-mello-lembra-torcida-de-40-milhoes\/#respond"]}]},{"@type":"WebPage","@id":"https:\/\/www.notibras.com\/site\/bandeira-de-mello-lembra-torcida-de-40-milhoes\/","url":"https:\/\/www.notibras.com\/site\/bandeira-de-mello-lembra-torcida-de-40-milhoes\/","name":"Bandeira de Mello lembra torcida de 40 milh\u00f5es - Notibras","isPartOf":{"@id":"https:\/\/www.notibras.com\/site\/#website"},"primaryImageOfPage":{"@id":"https:\/\/www.notibras.com\/site\/bandeira-de-mello-lembra-torcida-de-40-milhoes\/#primaryimage"},"image":{"@id":"https:\/\/www.notibras.com\/site\/bandeira-de-mello-lembra-torcida-de-40-milhoes\/#primaryimage"},"thumbnailUrl":"https:\/\/www.notibras.com\/site\/wp-content\/uploads\/2016\/11\/566639831b323.jpeg","datePublished":"2016-11-22T01:02:44+00:00","dateModified":"2016-11-22T02:22:53+00:00","breadcrumb":{"@id":"https:\/\/www.notibras.com\/site\/bandeira-de-mello-lembra-torcida-de-40-milhoes\/#breadcrumb"},"inLanguage":"pt-BR","potentialAction":[{"@type":"ReadAction","target":["https:\/\/www.notibras.com\/site\/bandeira-de-mello-lembra-torcida-de-40-milhoes\/"]}]},{"@type":"ImageObject","inLanguage":"pt-BR","@id":"https:\/\/www.notibras.com\/site\/bandeira-de-mello-lembra-torcida-de-40-milhoes\/#primaryimage","url":"https:\/\/www.notibras.com\/site\/wp-content\/uploads\/2016\/11\/566639831b323.jpeg","contentUrl":"https:\/\/www.notibras.com\/site\/wp-content\/uploads\/2016\/11\/566639831b323.jpeg","width":713,"height":475},{"@type":"BreadcrumbList","@id":"https:\/\/www.notibras.com\/site\/bandeira-de-mello-lembra-torcida-de-40-milhoes\/#breadcrumb","itemListElement":[{"@type":"ListItem","position":1,"name":"In\u00edcio","item":"https:\/\/www.notibras.com\/site\/"},{"@type":"ListItem","position":2,"name":"Bandeira de Mello lembra torcida de 40 milh\u00f5es"}]},{"@type":"WebSite","@id":"https:\/\/www.notibras.com\/site\/#website","url":"https:\/\/www.notibras.com\/site\/","name":"Notibras","description":"Not\u00edcias de Bras\u00edlia, do Brasil e do Mundo","publisher":{"@id":"https:\/\/www.notibras.com\/site\/#organization"},"potentialAction":[{"@type":"SearchAction","target":{"@type":"EntryPoint","urlTemplate":"https:\/\/www.notibras.com\/site\/?s={search_term_string}"},"query-input":{"@type":"PropertyValueSpecification","valueRequired":true,"valueName":"search_term_string"}}],"inLanguage":"pt-BR"},{"@type":"Organization","@id":"https:\/\/www.notibras.com\/site\/#organization","name":"Grupo Notibras de Comunica\u00e7\u00e3o","url":"https:\/\/www.notibras.com\/site\/","logo":{"@type":"ImageObject","inLanguage":"pt-BR","@id":"https:\/\/www.notibras.com\/site\/#\/schema\/logo\/image\/","url":"https:\/\/www.notibras.com\/site\/wp-content\/uploads\/2023\/01\/notibras23.png","contentUrl":"https:\/\/www.notibras.com\/site\/wp-content\/uploads\/2023\/01\/notibras23.png","width":350,"height":87,"caption":"Grupo Notibras de Comunica\u00e7\u00e3o"},"image":{"@id":"https:\/\/www.notibras.com\/site\/#\/schema\/logo\/image\/"},"sameAs":["https:\/\/www.facebook.com\/notibras\/","https:\/\/x.com\/Notibras","https:\/\/www.instagram.com\/notibras\/"]},{"@type":"Person","@id":"https:\/\/www.notibras.com\/site\/#\/schema\/person\/36ab0979449956132d3e5b517ea76ac8","name":"Reda\u00e7\u00e3o","image":{"@type":"ImageObject","inLanguage":"pt-BR","@id":"https:\/\/secure.gravatar.com\/avatar\/e0a867bdedb85fd243eadf09663511f96fc81e0720a4a42581f334ad4303aa6b?s=96&d=mm&r=g","url":"https:\/\/secure.gravatar.com\/avatar\/e0a867bdedb85fd243eadf09663511f96fc81e0720a4a42581f334ad4303aa6b?s=96&d=mm&r=g","contentUrl":"https:\/\/secure.gravatar.com\/avatar\/e0a867bdedb85fd243eadf09663511f96fc81e0720a4a42581f334ad4303aa6b?s=96&d=mm&r=g","caption":"Reda\u00e7\u00e3o"}}]}},"amp_enabled":true,"_links":{"self":[{"href":"https:\/\/www.notibras.com\/site\/wp-json\/wp\/v2\/posts\/121918","targetHints":{"allow":["GET"]}}],"collection":[{"href":"https:\/\/www.notibras.com\/site\/wp-json\/wp\/v2\/posts"}],"about":[{"href":"https:\/\/www.notibras.com\/site\/wp-json\/wp\/v2\/types\/post"}],"author":[{"embeddable":true,"href":"https:\/\/www.notibras.com\/site\/wp-json\/wp\/v2\/users\/2"}],"replies":[{"embeddable":true,"href":"https:\/\/www.notibras.com\/site\/wp-json\/wp\/v2\/comments?post=121918"}],"version-history":[{"count":1,"href":"https:\/\/www.notibras.com\/site\/wp-json\/wp\/v2\/posts\/121918\/revisions"}],"predecessor-version":[{"id":121920,"href":"https:\/\/www.notibras.com\/site\/wp-json\/wp\/v2\/posts\/121918\/revisions\/121920"}],"wp:featuredmedia":[{"embeddable":true,"href":"https:\/\/www.notibras.com\/site\/wp-json\/wp\/v2\/media\/121919"}],"wp:attachment":[{"href":"https:\/\/www.notibras.com\/site\/wp-json\/wp\/v2\/media?parent=121918"}],"wp:term":[{"taxonomy":"category","embeddable":true,"href":"https:\/\/www.notibras.com\/site\/wp-json\/wp\/v2\/categories?post=121918"},{"taxonomy":"post_tag","embeddable":true,"href":"https:\/\/www.notibras.com\/site\/wp-json\/wp\/v2\/tags?post=121918"}],"curies":[{"name":"wp","href":"https:\/\/api.w.org\/{rel}","templated":true}]}}