{"id":121954,"date":"2016-11-22T09:20:50","date_gmt":"2016-11-22T11:20:50","guid":{"rendered":"http:\/\/www.notibras.com\/site\/?p=121954"},"modified":"2016-11-22T09:20:50","modified_gmt":"2016-11-22T11:20:50","slug":"feridas-do-legado-da-escravidao-continuam-abertas","status":"publish","type":"post","link":"https:\/\/www.notibras.com\/site\/feridas-do-legado-da-escravidao-continuam-abertas\/","title":{"rendered":"Feridas do legado da escravid\u00e3o continuam abertas"},"content":{"rendered":"<p><strong>Maur\u00edcio Pestana<\/strong><\/p>\n<p>O dia 20 de novembro de 2016, Dia da Consci\u00eancia Negra, em especial, foi mais uma data para muitas reflex\u00f5es. No momento em que observamos o aumento da escalada conservadora no Brasil e no mundo, marcada pela elei\u00e7\u00e3o de Donald Trump, ganham for\u00e7a por aqui aquelas indaga\u00e7\u00f5es costumeiras, t\u00edpicas de um per\u00edodo como esse: por que comemorar a consci\u00eancia negra, e n\u00e3o a branca ou a humana?<\/p>\n<p>Ent\u00e3o, para come\u00e7armos a responder \u00e0 pergunta, novamente recorremos aos dados oficiais divulgados por institui\u00e7\u00f5es como IBGE, Ipea, Anistia Internacional e a pr\u00f3pria Secretaria de Seguran\u00e7a P\u00fablica: os negros s\u00e3o 76% dos mais pobres, o que significa dizer que 3 em cada 4 pessoas que est\u00e3o no grupo dos 10% mais pobres s\u00e3o negras. Esta popula\u00e7\u00e3o possui renda m\u00e9dia 2,5 vezes menor que a popula\u00e7\u00e3o branca e soma mais de 60% da popula\u00e7\u00e3o penitenci\u00e1ria. Os jovens negros brasileiros s\u00e3o 77% das pessoas assassinadas todo ano neste pa\u00eds \u2013isto \u00e9, um jovem negro \u00e9 morto a cada 23 minutos. Apenas alguns recortes do cen\u00e1rio atual justificaria a exist\u00eancia de um dia da consci\u00eancia.<\/p>\n<p>Os 128 anos que separam esta realidade da liberta\u00e7\u00e3o dos escravizados no \u00faltimo pa\u00eds do continente a tomar tal medida \u2013e tamb\u00e9m o territ\u00f3rio que recebeu o maior contingente de africanos para mover sua economia durante 380 anos\u2013 n\u00e3o foi o bastante para curar as terr\u00edveis feridas, ainda escancaradas, que as escravid\u00e3o nos deixou como legado. Tamb\u00e9m por isso, h\u00e1 de se ter um dia da consci\u00eancia negra.<\/p>\n<p>Enquanto formos os cidad\u00e3os mais afetados pelas desigualdades do Brasil, exatamente por conta de seu passado escravocrata, precisaremos de um dia para lembrar tamb\u00e9m que a escravid\u00e3o acabou h\u00e1 mais de 100 anos. Est\u00e1 mais do que na hora da sociedade brasileira n\u00e3o s\u00f3 pensar no ressarcimento dessa d\u00edvida hist\u00f3rica impag\u00e1vel, mas ter a consci\u00eancia da import\u00e2ncia das pol\u00edticas p\u00fablicas compensat\u00f3rias e de integra\u00e7\u00e3o das v\u00edtimas desse processo hist\u00f3rico recente.<\/p>\n<p>S\u00e3o Paulo \u00e9 a cidade mais negra do Brasil. Segundo dados do IBGE, mais de 4 milh\u00f5es de pessoas se autodeclaram negra. Tamb\u00e9m foi este munic\u00edpio que apresentou e colocou em pr\u00e1tica as propostas mais avan\u00e7adas na quest\u00f5es \u00e9tnicas e raciais do pa\u00eds, tendo sido modelo para a esfera federal nos \u00faltimos anos. A Lei de Cotas no munic\u00edpio, que determina que desde cargos de estagi\u00e1rio at\u00e9 cargos de secret\u00e1rios sejam ocupados por 20% de afrodescendentes, tem mudado o perfil do funcionalismo p\u00fablico municipal. Esse di\u00e1logo tem se estendido para o setor privado de forma pioneira na Am\u00e9rica Latina, o que colocou a nossa cidade como refer\u00eancia para o Banco Interamericano de Desenvolvimento.<\/p>\n<p>Neste domingo, S\u00e3o Paulo dar\u00e1 mais um passo para se reafirmar como a capital de diversidade do pa\u00eds e mostrar que diversidade tamb\u00e9m se faz com o resgate hist\u00f3rico da trajet\u00f3ria dos personagens que marcaram suas passagens no Brasil lutando por igualdade. Justamente em frente ao edif\u00edcio da Bolsa de Valores no Centro da cidade ser\u00e1 erguido um monumento em mem\u00f3ria de Zumbi dos Palmares.<\/p>\n<p>A cidade era a \u00faltima das grandes capitais brasileiras a n\u00e3o ter nenhum monumento a esse m\u00e1rtir negro que come\u00e7a a ser reconhecido por universidades americanas como o primeiro her\u00f3i negro das Am\u00e9ricas. \u00c9 a mesma S\u00e3o Paulo que tanto se orgulha dos seus Bandeirantes \u2013um deles merecedor de um enorme monumento na avenida Santo Amaro, o Borba Gato\u2013, personagens que a hist\u00f3ria tem tratado de resignificar, pois muitos deles dizimaram na\u00e7\u00f5es ind\u00edgenas inteiras.<\/p>\n<p>Esta homenagem paulistana a Zumbi dos Palmares no Dia da Consci\u00eancia Negra \u00e9 um momento para refletirmos em meio a tanto retrocesso que estamos vendo nas conquistas coletivas, as quais resultaram em mudan\u00e7as significativas na forma como a humanidade tem se posicionado diante da diversidade.<\/p>\n","protected":false},"excerpt":{"rendered":"<p>Maur\u00edcio Pestana O dia 20 de novembro de 2016, Dia da Consci\u00eancia Negra, em especial, foi mais uma data para muitas reflex\u00f5es. No momento em que observamos o aumento da escalada conservadora no Brasil e no mundo, marcada pela elei\u00e7\u00e3o de Donald Trump, ganham for\u00e7a por aqui aquelas indaga\u00e7\u00f5es costumeiras, t\u00edpicas de um per\u00edodo como [&hellip;]<\/p>\n","protected":false},"author":2,"featured_media":121955,"comment_status":"open","ping_status":"closed","sticky":false,"template":"","format":"standard","meta":{"_acf_changed":false,"footnotes":""},"categories":[25],"tags":[],"class_list":["post-121954","post","type-post","status-publish","format-standard","has-post-thumbnail","hentry","category-opina-ai"],"acf":[],"yoast_head":"<!-- This site is optimized with the Yoast SEO plugin v27.5 - https:\/\/yoast.com\/product\/yoast-seo-wordpress\/ -->\n<title>Feridas do legado da escravid\u00e3o continuam abertas - Notibras<\/title>\n<meta name=\"robots\" content=\"index, follow, max-snippet:-1, max-image-preview:large, max-video-preview:-1\" \/>\n<link rel=\"canonical\" href=\"https:\/\/www.notibras.com\/site\/feridas-do-legado-da-escravidao-continuam-abertas\/\" \/>\n<meta property=\"og:locale\" content=\"pt_BR\" \/>\n<meta property=\"og:type\" content=\"article\" \/>\n<meta property=\"og:title\" content=\"Feridas do legado da escravid\u00e3o continuam abertas - Notibras\" \/>\n<meta property=\"og:description\" content=\"Maur\u00edcio Pestana O dia 20 de novembro de 2016, Dia da Consci\u00eancia Negra, em especial, foi mais uma data para muitas reflex\u00f5es. No momento em que observamos o aumento da escalada conservadora no Brasil e no mundo, marcada pela elei\u00e7\u00e3o de Donald Trump, ganham for\u00e7a por aqui aquelas indaga\u00e7\u00f5es costumeiras, t\u00edpicas de um per\u00edodo como [&hellip;]\" \/>\n<meta property=\"og:url\" content=\"https:\/\/www.notibras.com\/site\/feridas-do-legado-da-escravidao-continuam-abertas\/\" \/>\n<meta property=\"og:site_name\" content=\"Notibras\" \/>\n<meta property=\"article:publisher\" content=\"https:\/\/www.facebook.com\/notibras\/\" \/>\n<meta property=\"article:published_time\" content=\"2016-11-22T11:20:50+00:00\" \/>\n<meta property=\"og:image\" content=\"https:\/\/www.notibras.com\/site\/wp-content\/uploads\/2016\/11\/mulheres-negras-curitiba-consciencia-negra-body-image-1479756057.jpg\" \/>\n\t<meta property=\"og:image:width\" content=\"1000\" \/>\n\t<meta property=\"og:image:height\" content=\"666\" \/>\n\t<meta property=\"og:image:type\" content=\"image\/jpeg\" \/>\n<meta name=\"author\" content=\"Reda\u00e7\u00e3o\" \/>\n<meta name=\"twitter:card\" content=\"summary_large_image\" \/>\n<meta name=\"twitter:creator\" content=\"@Notibras\" \/>\n<meta name=\"twitter:site\" content=\"@Notibras\" \/>\n<meta name=\"twitter:label1\" content=\"Escrito por\" \/>\n\t<meta name=\"twitter:data1\" content=\"Reda\u00e7\u00e3o\" \/>\n\t<meta name=\"twitter:label2\" content=\"Est. tempo de leitura\" \/>\n\t<meta name=\"twitter:data2\" content=\"3 minutos\" \/>\n<script type=\"application\/ld+json\" class=\"yoast-schema-graph\">{\"@context\":\"https:\\\/\\\/schema.org\",\"@graph\":[{\"@type\":\"Article\",\"@id\":\"https:\\\/\\\/www.notibras.com\\\/site\\\/feridas-do-legado-da-escravidao-continuam-abertas\\\/#article\",\"isPartOf\":{\"@id\":\"https:\\\/\\\/www.notibras.com\\\/site\\\/feridas-do-legado-da-escravidao-continuam-abertas\\\/\"},\"author\":{\"name\":\"Reda\u00e7\u00e3o\",\"@id\":\"https:\\\/\\\/www.notibras.com\\\/site\\\/#\\\/schema\\\/person\\\/36ab0979449956132d3e5b517ea76ac8\"},\"headline\":\"Feridas do legado da escravid\u00e3o continuam abertas\",\"datePublished\":\"2016-11-22T11:20:50+00:00\",\"mainEntityOfPage\":{\"@id\":\"https:\\\/\\\/www.notibras.com\\\/site\\\/feridas-do-legado-da-escravidao-continuam-abertas\\\/\"},\"wordCount\":689,\"commentCount\":0,\"publisher\":{\"@id\":\"https:\\\/\\\/www.notibras.com\\\/site\\\/#organization\"},\"image\":{\"@id\":\"https:\\\/\\\/www.notibras.com\\\/site\\\/feridas-do-legado-da-escravidao-continuam-abertas\\\/#primaryimage\"},\"thumbnailUrl\":\"https:\\\/\\\/www.notibras.com\\\/site\\\/wp-content\\\/uploads\\\/2016\\\/11\\\/mulheres-negras-curitiba-consciencia-negra-body-image-1479756057.jpg\",\"articleSection\":[\"Opina a\u00ed\"],\"inLanguage\":\"pt-BR\",\"potentialAction\":[{\"@type\":\"CommentAction\",\"name\":\"Comment\",\"target\":[\"https:\\\/\\\/www.notibras.com\\\/site\\\/feridas-do-legado-da-escravidao-continuam-abertas\\\/#respond\"]}]},{\"@type\":\"WebPage\",\"@id\":\"https:\\\/\\\/www.notibras.com\\\/site\\\/feridas-do-legado-da-escravidao-continuam-abertas\\\/\",\"url\":\"https:\\\/\\\/www.notibras.com\\\/site\\\/feridas-do-legado-da-escravidao-continuam-abertas\\\/\",\"name\":\"Feridas do legado da escravid\u00e3o continuam abertas - Notibras\",\"isPartOf\":{\"@id\":\"https:\\\/\\\/www.notibras.com\\\/site\\\/#website\"},\"primaryImageOfPage\":{\"@id\":\"https:\\\/\\\/www.notibras.com\\\/site\\\/feridas-do-legado-da-escravidao-continuam-abertas\\\/#primaryimage\"},\"image\":{\"@id\":\"https:\\\/\\\/www.notibras.com\\\/site\\\/feridas-do-legado-da-escravidao-continuam-abertas\\\/#primaryimage\"},\"thumbnailUrl\":\"https:\\\/\\\/www.notibras.com\\\/site\\\/wp-content\\\/uploads\\\/2016\\\/11\\\/mulheres-negras-curitiba-consciencia-negra-body-image-1479756057.jpg\",\"datePublished\":\"2016-11-22T11:20:50+00:00\",\"breadcrumb\":{\"@id\":\"https:\\\/\\\/www.notibras.com\\\/site\\\/feridas-do-legado-da-escravidao-continuam-abertas\\\/#breadcrumb\"},\"inLanguage\":\"pt-BR\",\"potentialAction\":[{\"@type\":\"ReadAction\",\"target\":[\"https:\\\/\\\/www.notibras.com\\\/site\\\/feridas-do-legado-da-escravidao-continuam-abertas\\\/\"]}]},{\"@type\":\"ImageObject\",\"inLanguage\":\"pt-BR\",\"@id\":\"https:\\\/\\\/www.notibras.com\\\/site\\\/feridas-do-legado-da-escravidao-continuam-abertas\\\/#primaryimage\",\"url\":\"https:\\\/\\\/www.notibras.com\\\/site\\\/wp-content\\\/uploads\\\/2016\\\/11\\\/mulheres-negras-curitiba-consciencia-negra-body-image-1479756057.jpg\",\"contentUrl\":\"https:\\\/\\\/www.notibras.com\\\/site\\\/wp-content\\\/uploads\\\/2016\\\/11\\\/mulheres-negras-curitiba-consciencia-negra-body-image-1479756057.jpg\",\"width\":1000,\"height\":666},{\"@type\":\"BreadcrumbList\",\"@id\":\"https:\\\/\\\/www.notibras.com\\\/site\\\/feridas-do-legado-da-escravidao-continuam-abertas\\\/#breadcrumb\",\"itemListElement\":[{\"@type\":\"ListItem\",\"position\":1,\"name\":\"In\u00edcio\",\"item\":\"https:\\\/\\\/www.notibras.com\\\/site\\\/\"},{\"@type\":\"ListItem\",\"position\":2,\"name\":\"Feridas do legado da escravid\u00e3o continuam abertas\"}]},{\"@type\":\"WebSite\",\"@id\":\"https:\\\/\\\/www.notibras.com\\\/site\\\/#website\",\"url\":\"https:\\\/\\\/www.notibras.com\\\/site\\\/\",\"name\":\"Notibras\",\"description\":\"Not\u00edcias de Bras\u00edlia, do Brasil e do Mundo\",\"publisher\":{\"@id\":\"https:\\\/\\\/www.notibras.com\\\/site\\\/#organization\"},\"potentialAction\":[{\"@type\":\"SearchAction\",\"target\":{\"@type\":\"EntryPoint\",\"urlTemplate\":\"https:\\\/\\\/www.notibras.com\\\/site\\\/?s={search_term_string}\"},\"query-input\":{\"@type\":\"PropertyValueSpecification\",\"valueRequired\":true,\"valueName\":\"search_term_string\"}}],\"inLanguage\":\"pt-BR\"},{\"@type\":\"Organization\",\"@id\":\"https:\\\/\\\/www.notibras.com\\\/site\\\/#organization\",\"name\":\"Grupo Notibras de Comunica\u00e7\u00e3o\",\"url\":\"https:\\\/\\\/www.notibras.com\\\/site\\\/\",\"logo\":{\"@type\":\"ImageObject\",\"inLanguage\":\"pt-BR\",\"@id\":\"https:\\\/\\\/www.notibras.com\\\/site\\\/#\\\/schema\\\/logo\\\/image\\\/\",\"url\":\"https:\\\/\\\/www.notibras.com\\\/site\\\/wp-content\\\/uploads\\\/2023\\\/01\\\/notibras23.png\",\"contentUrl\":\"https:\\\/\\\/www.notibras.com\\\/site\\\/wp-content\\\/uploads\\\/2023\\\/01\\\/notibras23.png\",\"width\":350,\"height\":87,\"caption\":\"Grupo Notibras de Comunica\u00e7\u00e3o\"},\"image\":{\"@id\":\"https:\\\/\\\/www.notibras.com\\\/site\\\/#\\\/schema\\\/logo\\\/image\\\/\"},\"sameAs\":[\"https:\\\/\\\/www.facebook.com\\\/notibras\\\/\",\"https:\\\/\\\/x.com\\\/Notibras\",\"https:\\\/\\\/www.instagram.com\\\/notibras\\\/\"]},{\"@type\":\"Person\",\"@id\":\"https:\\\/\\\/www.notibras.com\\\/site\\\/#\\\/schema\\\/person\\\/36ab0979449956132d3e5b517ea76ac8\",\"name\":\"Reda\u00e7\u00e3o\",\"image\":{\"@type\":\"ImageObject\",\"inLanguage\":\"pt-BR\",\"@id\":\"https:\\\/\\\/secure.gravatar.com\\\/avatar\\\/e0a867bdedb85fd243eadf09663511f96fc81e0720a4a42581f334ad4303aa6b?s=96&d=mm&r=g\",\"url\":\"https:\\\/\\\/secure.gravatar.com\\\/avatar\\\/e0a867bdedb85fd243eadf09663511f96fc81e0720a4a42581f334ad4303aa6b?s=96&d=mm&r=g\",\"contentUrl\":\"https:\\\/\\\/secure.gravatar.com\\\/avatar\\\/e0a867bdedb85fd243eadf09663511f96fc81e0720a4a42581f334ad4303aa6b?s=96&d=mm&r=g\",\"caption\":\"Reda\u00e7\u00e3o\"}}]}<\/script>\n<!-- \/ Yoast SEO plugin. -->","yoast_head_json":{"title":"Feridas do legado da escravid\u00e3o continuam abertas - Notibras","robots":{"index":"index","follow":"follow","max-snippet":"max-snippet:-1","max-image-preview":"max-image-preview:large","max-video-preview":"max-video-preview:-1"},"canonical":"https:\/\/www.notibras.com\/site\/feridas-do-legado-da-escravidao-continuam-abertas\/","og_locale":"pt_BR","og_type":"article","og_title":"Feridas do legado da escravid\u00e3o continuam abertas - Notibras","og_description":"Maur\u00edcio Pestana O dia 20 de novembro de 2016, Dia da Consci\u00eancia Negra, em especial, foi mais uma data para muitas reflex\u00f5es. No momento em que observamos o aumento da escalada conservadora no Brasil e no mundo, marcada pela elei\u00e7\u00e3o de Donald Trump, ganham for\u00e7a por aqui aquelas indaga\u00e7\u00f5es costumeiras, t\u00edpicas de um per\u00edodo como [&hellip;]","og_url":"https:\/\/www.notibras.com\/site\/feridas-do-legado-da-escravidao-continuam-abertas\/","og_site_name":"Notibras","article_publisher":"https:\/\/www.facebook.com\/notibras\/","article_published_time":"2016-11-22T11:20:50+00:00","og_image":[{"width":1000,"height":666,"url":"https:\/\/www.notibras.com\/site\/wp-content\/uploads\/2016\/11\/mulheres-negras-curitiba-consciencia-negra-body-image-1479756057.jpg","type":"image\/jpeg"}],"author":"Reda\u00e7\u00e3o","twitter_card":"summary_large_image","twitter_creator":"@Notibras","twitter_site":"@Notibras","twitter_misc":{"Escrito por":"Reda\u00e7\u00e3o","Est. tempo de leitura":"3 minutos"},"schema":{"@context":"https:\/\/schema.org","@graph":[{"@type":"Article","@id":"https:\/\/www.notibras.com\/site\/feridas-do-legado-da-escravidao-continuam-abertas\/#article","isPartOf":{"@id":"https:\/\/www.notibras.com\/site\/feridas-do-legado-da-escravidao-continuam-abertas\/"},"author":{"name":"Reda\u00e7\u00e3o","@id":"https:\/\/www.notibras.com\/site\/#\/schema\/person\/36ab0979449956132d3e5b517ea76ac8"},"headline":"Feridas do legado da escravid\u00e3o continuam abertas","datePublished":"2016-11-22T11:20:50+00:00","mainEntityOfPage":{"@id":"https:\/\/www.notibras.com\/site\/feridas-do-legado-da-escravidao-continuam-abertas\/"},"wordCount":689,"commentCount":0,"publisher":{"@id":"https:\/\/www.notibras.com\/site\/#organization"},"image":{"@id":"https:\/\/www.notibras.com\/site\/feridas-do-legado-da-escravidao-continuam-abertas\/#primaryimage"},"thumbnailUrl":"https:\/\/www.notibras.com\/site\/wp-content\/uploads\/2016\/11\/mulheres-negras-curitiba-consciencia-negra-body-image-1479756057.jpg","articleSection":["Opina a\u00ed"],"inLanguage":"pt-BR","potentialAction":[{"@type":"CommentAction","name":"Comment","target":["https:\/\/www.notibras.com\/site\/feridas-do-legado-da-escravidao-continuam-abertas\/#respond"]}]},{"@type":"WebPage","@id":"https:\/\/www.notibras.com\/site\/feridas-do-legado-da-escravidao-continuam-abertas\/","url":"https:\/\/www.notibras.com\/site\/feridas-do-legado-da-escravidao-continuam-abertas\/","name":"Feridas do legado da escravid\u00e3o continuam abertas - Notibras","isPartOf":{"@id":"https:\/\/www.notibras.com\/site\/#website"},"primaryImageOfPage":{"@id":"https:\/\/www.notibras.com\/site\/feridas-do-legado-da-escravidao-continuam-abertas\/#primaryimage"},"image":{"@id":"https:\/\/www.notibras.com\/site\/feridas-do-legado-da-escravidao-continuam-abertas\/#primaryimage"},"thumbnailUrl":"https:\/\/www.notibras.com\/site\/wp-content\/uploads\/2016\/11\/mulheres-negras-curitiba-consciencia-negra-body-image-1479756057.jpg","datePublished":"2016-11-22T11:20:50+00:00","breadcrumb":{"@id":"https:\/\/www.notibras.com\/site\/feridas-do-legado-da-escravidao-continuam-abertas\/#breadcrumb"},"inLanguage":"pt-BR","potentialAction":[{"@type":"ReadAction","target":["https:\/\/www.notibras.com\/site\/feridas-do-legado-da-escravidao-continuam-abertas\/"]}]},{"@type":"ImageObject","inLanguage":"pt-BR","@id":"https:\/\/www.notibras.com\/site\/feridas-do-legado-da-escravidao-continuam-abertas\/#primaryimage","url":"https:\/\/www.notibras.com\/site\/wp-content\/uploads\/2016\/11\/mulheres-negras-curitiba-consciencia-negra-body-image-1479756057.jpg","contentUrl":"https:\/\/www.notibras.com\/site\/wp-content\/uploads\/2016\/11\/mulheres-negras-curitiba-consciencia-negra-body-image-1479756057.jpg","width":1000,"height":666},{"@type":"BreadcrumbList","@id":"https:\/\/www.notibras.com\/site\/feridas-do-legado-da-escravidao-continuam-abertas\/#breadcrumb","itemListElement":[{"@type":"ListItem","position":1,"name":"In\u00edcio","item":"https:\/\/www.notibras.com\/site\/"},{"@type":"ListItem","position":2,"name":"Feridas do legado da escravid\u00e3o continuam abertas"}]},{"@type":"WebSite","@id":"https:\/\/www.notibras.com\/site\/#website","url":"https:\/\/www.notibras.com\/site\/","name":"Notibras","description":"Not\u00edcias de Bras\u00edlia, do Brasil e do Mundo","publisher":{"@id":"https:\/\/www.notibras.com\/site\/#organization"},"potentialAction":[{"@type":"SearchAction","target":{"@type":"EntryPoint","urlTemplate":"https:\/\/www.notibras.com\/site\/?s={search_term_string}"},"query-input":{"@type":"PropertyValueSpecification","valueRequired":true,"valueName":"search_term_string"}}],"inLanguage":"pt-BR"},{"@type":"Organization","@id":"https:\/\/www.notibras.com\/site\/#organization","name":"Grupo Notibras de Comunica\u00e7\u00e3o","url":"https:\/\/www.notibras.com\/site\/","logo":{"@type":"ImageObject","inLanguage":"pt-BR","@id":"https:\/\/www.notibras.com\/site\/#\/schema\/logo\/image\/","url":"https:\/\/www.notibras.com\/site\/wp-content\/uploads\/2023\/01\/notibras23.png","contentUrl":"https:\/\/www.notibras.com\/site\/wp-content\/uploads\/2023\/01\/notibras23.png","width":350,"height":87,"caption":"Grupo Notibras de Comunica\u00e7\u00e3o"},"image":{"@id":"https:\/\/www.notibras.com\/site\/#\/schema\/logo\/image\/"},"sameAs":["https:\/\/www.facebook.com\/notibras\/","https:\/\/x.com\/Notibras","https:\/\/www.instagram.com\/notibras\/"]},{"@type":"Person","@id":"https:\/\/www.notibras.com\/site\/#\/schema\/person\/36ab0979449956132d3e5b517ea76ac8","name":"Reda\u00e7\u00e3o","image":{"@type":"ImageObject","inLanguage":"pt-BR","@id":"https:\/\/secure.gravatar.com\/avatar\/e0a867bdedb85fd243eadf09663511f96fc81e0720a4a42581f334ad4303aa6b?s=96&d=mm&r=g","url":"https:\/\/secure.gravatar.com\/avatar\/e0a867bdedb85fd243eadf09663511f96fc81e0720a4a42581f334ad4303aa6b?s=96&d=mm&r=g","contentUrl":"https:\/\/secure.gravatar.com\/avatar\/e0a867bdedb85fd243eadf09663511f96fc81e0720a4a42581f334ad4303aa6b?s=96&d=mm&r=g","caption":"Reda\u00e7\u00e3o"}}]}},"amp_enabled":true,"_links":{"self":[{"href":"https:\/\/www.notibras.com\/site\/wp-json\/wp\/v2\/posts\/121954","targetHints":{"allow":["GET"]}}],"collection":[{"href":"https:\/\/www.notibras.com\/site\/wp-json\/wp\/v2\/posts"}],"about":[{"href":"https:\/\/www.notibras.com\/site\/wp-json\/wp\/v2\/types\/post"}],"author":[{"embeddable":true,"href":"https:\/\/www.notibras.com\/site\/wp-json\/wp\/v2\/users\/2"}],"replies":[{"embeddable":true,"href":"https:\/\/www.notibras.com\/site\/wp-json\/wp\/v2\/comments?post=121954"}],"version-history":[{"count":1,"href":"https:\/\/www.notibras.com\/site\/wp-json\/wp\/v2\/posts\/121954\/revisions"}],"predecessor-version":[{"id":121956,"href":"https:\/\/www.notibras.com\/site\/wp-json\/wp\/v2\/posts\/121954\/revisions\/121956"}],"wp:featuredmedia":[{"embeddable":true,"href":"https:\/\/www.notibras.com\/site\/wp-json\/wp\/v2\/media\/121955"}],"wp:attachment":[{"href":"https:\/\/www.notibras.com\/site\/wp-json\/wp\/v2\/media?parent=121954"}],"wp:term":[{"taxonomy":"category","embeddable":true,"href":"https:\/\/www.notibras.com\/site\/wp-json\/wp\/v2\/categories?post=121954"},{"taxonomy":"post_tag","embeddable":true,"href":"https:\/\/www.notibras.com\/site\/wp-json\/wp\/v2\/tags?post=121954"}],"curies":[{"name":"wp","href":"https:\/\/api.w.org\/{rel}","templated":true}]}}