{"id":121998,"date":"2016-11-23T06:17:00","date_gmt":"2016-11-23T08:17:00","guid":{"rendered":"http:\/\/www.notibras.com\/site\/?p=121998"},"modified":"2016-11-23T06:17:00","modified_gmt":"2016-11-23T08:17:00","slug":"lula-lula-o-poder-e-um-vinho-perigoso","status":"publish","type":"post","link":"https:\/\/www.notibras.com\/site\/lula-lula-o-poder-e-um-vinho-perigoso\/","title":{"rendered":"Lula, Lula, o poder \u00e9 um vinho perigoso"},"content":{"rendered":"<p><strong>Percival Puggina<\/strong><\/p>\n<p>Em 5 de outubro de 2002, v\u00e9spera do primeiro turno da elei\u00e7\u00e3o presidencial, Lula, Duda Mendon\u00e7a, Ant\u00f4nio Palocci e mais d\u00fazia e meia de companheiros cujos nomes n\u00e3o ficaram registrados para a hist\u00f3ria jantaram na Antica Osteria Dell&#8217;Agnolo, em Ipanema. Nas liba\u00e7\u00f5es do encontro, com mesuras que superavam, de longe, as prestadas ao candidato, Duda ofereceu a Lula uma garrafa do vinho Roman\u00e9e Conti. A primorosa d\u00e1diva, \u00e0 \u00e9poca, teve seu pre\u00e7o estimado em R$ 6 mil.<\/p>\n<p>A not\u00edcia correu o Brasil. Remover uma rolha de Roman\u00e9e Conti era e continua sendo gesto de suntuosidade. Coisa para milion\u00e1rios de h\u00e1bitos espalhafatosos, dados a excentricidades. Pol\u00edticos, em parte alguma do mundo, bebem de certas marcas, ainda que possam pagar por elas pois expressam um n\u00edvel de consumo desalinhado dos padr\u00f5es da sociedade com a qual procuram se identificar.<\/p>\n<p>O fato se tornou t\u00e3o not\u00f3rio que o dono do restaurante criou uma esp\u00e9cie de memorial onde, em estojo de madeira, a famosa garrafa ficou entronizada, com a inscri\u00e7\u00e3o &#8220;Lula l\u00e1 05\/10&#8221;, at\u00e9 ser roubada, em 2009, durante incurs\u00e3o noturna de um lar\u00e1pio.<\/p>\n<p>Nunca me pareceu convincente o discurso que procura escriturar, como bem das esquerdas, a sensibilidade face \u00e0s car\u00eancias alheias, a austeridade e o senso de justi\u00e7a. Um m\u00ednimo conhecimento de Hist\u00f3ria mostra o elevado padr\u00e3o de vida que a nomenklatura dos pa\u00edses do Leste Europeu se atribu\u00eda, em total discord\u00e2ncia com a escassez imposta ao restante da popula\u00e7\u00e3o. Quem vai a Cuba logo ouve falar dos que &#8220;tienem la heladera rellena&#8221; (geladeira cheia), ou seja, dos que gozam os privil\u00e9gios de consumo concedidos \u00e0 alta burocracia partid\u00e1ria, longe das restri\u00e7\u00f5es determinadas pela libreta (de racionamento).<\/p>\n<p>Com isso n\u00e3o quero dizer que n\u00e3o existam, na esquerda, pessoas sinceramente preocupadas com quest\u00f5es sociais e que vivam segundo os valores que proclamam em seu discurso. Mas recuso totalmente a tese de que esses mesmos valores n\u00e3o sejam igualmente assumidos e praticados por pessoas de outras correntes ideol\u00f3gicas, ou mesmo sem ideologia alguma. Por outro lado, o caminho da maior prosperidade jamais passou pelos conceitos socialistas fundamentais &#8211; estatismo, luta de classes, nega\u00e7\u00e3o da propriedade privada, planifica\u00e7\u00e3o econ\u00f4mica.<\/p>\n<p>Por saberem disso, esses radicais que andam por a\u00ed fazendo discurso contra a liberdade de mercado e contra as empresas privadas, n\u00e3o lutam para implantar suas ideias com o intuito de trabalhar no ch\u00e3o de alguma f\u00e1brica. Nem pensar! O que eles querem \u00e9 ganhar de presente a poltrona, o tapete e a adega do patr\u00e3o. Ou, mais r\u00e9gio e mais adequado a tempos bicudos, a diretoria de uma estatal ou fundo de pens\u00e3o.<\/p>\n<p>Os anos seguintes vieram mostrar o espantoso surto de enriquecimento pessoal que acometeu grande parte da elite governante do pa\u00eds, hoje \u00e0s voltas com a Justi\u00e7a e \u00e0 beira de um ataque de nervos. Os primeiros sintomas de que voraz organiza\u00e7\u00e3o criminosa se aproximava do poder, contudo, foram emitidos j\u00e1 naqueles primeiros momentos em que come\u00e7ou a faltar, aos vitoriosos, a virtude da modera\u00e7\u00e3o. Eles enriqueceram e o Brasil quebrou.<\/p>\n<p>O poder \u00e9 um vinho perigoso. Retirada a rolha pode trazer \u00e0 tona verdades inconfess\u00e1veis.<\/p>\n","protected":false},"excerpt":{"rendered":"<p>Percival Puggina Em 5 de outubro de 2002, v\u00e9spera do primeiro turno da elei\u00e7\u00e3o presidencial, Lula, Duda Mendon\u00e7a, Ant\u00f4nio Palocci e mais d\u00fazia e meia de companheiros cujos nomes n\u00e3o ficaram registrados para a hist\u00f3ria jantaram na Antica Osteria Dell&#8217;Agnolo, em Ipanema. Nas liba\u00e7\u00f5es do encontro, com mesuras que superavam, de longe, as prestadas ao [&hellip;]<\/p>\n","protected":false},"author":2,"featured_media":121999,"comment_status":"open","ping_status":"closed","sticky":false,"template":"","format":"standard","meta":{"_acf_changed":false,"footnotes":""},"categories":[25],"tags":[],"class_list":["post-121998","post","type-post","status-publish","format-standard","has-post-thumbnail","hentry","category-opina-ai"],"acf":[],"yoast_head":"<!-- This site is optimized with the Yoast SEO plugin v27.5 - https:\/\/yoast.com\/product\/yoast-seo-wordpress\/ -->\n<title>Lula, Lula, o poder \u00e9 um vinho perigoso - Notibras<\/title>\n<meta name=\"robots\" content=\"index, follow, max-snippet:-1, max-image-preview:large, max-video-preview:-1\" \/>\n<link rel=\"canonical\" href=\"https:\/\/www.notibras.com\/site\/lula-lula-o-poder-e-um-vinho-perigoso\/\" \/>\n<meta property=\"og:locale\" content=\"pt_BR\" \/>\n<meta property=\"og:type\" content=\"article\" \/>\n<meta property=\"og:title\" content=\"Lula, Lula, o poder \u00e9 um vinho perigoso - Notibras\" \/>\n<meta property=\"og:description\" content=\"Percival Puggina Em 5 de outubro de 2002, v\u00e9spera do primeiro turno da elei\u00e7\u00e3o presidencial, Lula, Duda Mendon\u00e7a, Ant\u00f4nio Palocci e mais d\u00fazia e meia de companheiros cujos nomes n\u00e3o ficaram registrados para a hist\u00f3ria jantaram na Antica Osteria Dell&#8217;Agnolo, em Ipanema. Nas liba\u00e7\u00f5es do encontro, com mesuras que superavam, de longe, as prestadas ao [&hellip;]\" \/>\n<meta property=\"og:url\" content=\"https:\/\/www.notibras.com\/site\/lula-lula-o-poder-e-um-vinho-perigoso\/\" \/>\n<meta property=\"og:site_name\" content=\"Notibras\" \/>\n<meta property=\"article:publisher\" content=\"https:\/\/www.facebook.com\/notibras\/\" \/>\n<meta property=\"article:published_time\" content=\"2016-11-23T08:17:00+00:00\" \/>\n<meta property=\"og:image\" content=\"https:\/\/www.notibras.com\/site\/wp-content\/uploads\/2016\/11\/1409617614544.jpg\" \/>\n\t<meta property=\"og:image:width\" content=\"910\" \/>\n\t<meta property=\"og:image:height\" content=\"586\" \/>\n\t<meta property=\"og:image:type\" content=\"image\/jpeg\" \/>\n<meta name=\"author\" content=\"Reda\u00e7\u00e3o\" \/>\n<meta name=\"twitter:card\" content=\"summary_large_image\" \/>\n<meta name=\"twitter:creator\" content=\"@Notibras\" \/>\n<meta name=\"twitter:site\" content=\"@Notibras\" \/>\n<meta name=\"twitter:label1\" content=\"Escrito por\" \/>\n\t<meta name=\"twitter:data1\" content=\"Reda\u00e7\u00e3o\" \/>\n\t<meta name=\"twitter:label2\" content=\"Est. tempo de leitura\" \/>\n\t<meta name=\"twitter:data2\" content=\"3 minutos\" \/>\n<script type=\"application\/ld+json\" class=\"yoast-schema-graph\">{\"@context\":\"https:\\\/\\\/schema.org\",\"@graph\":[{\"@type\":\"Article\",\"@id\":\"https:\\\/\\\/www.notibras.com\\\/site\\\/lula-lula-o-poder-e-um-vinho-perigoso\\\/#article\",\"isPartOf\":{\"@id\":\"https:\\\/\\\/www.notibras.com\\\/site\\\/lula-lula-o-poder-e-um-vinho-perigoso\\\/\"},\"author\":{\"name\":\"Reda\u00e7\u00e3o\",\"@id\":\"https:\\\/\\\/www.notibras.com\\\/site\\\/#\\\/schema\\\/person\\\/36ab0979449956132d3e5b517ea76ac8\"},\"headline\":\"Lula, Lula, o poder \u00e9 um vinho perigoso\",\"datePublished\":\"2016-11-23T08:17:00+00:00\",\"mainEntityOfPage\":{\"@id\":\"https:\\\/\\\/www.notibras.com\\\/site\\\/lula-lula-o-poder-e-um-vinho-perigoso\\\/\"},\"wordCount\":567,\"commentCount\":0,\"publisher\":{\"@id\":\"https:\\\/\\\/www.notibras.com\\\/site\\\/#organization\"},\"image\":{\"@id\":\"https:\\\/\\\/www.notibras.com\\\/site\\\/lula-lula-o-poder-e-um-vinho-perigoso\\\/#primaryimage\"},\"thumbnailUrl\":\"https:\\\/\\\/www.notibras.com\\\/site\\\/wp-content\\\/uploads\\\/2016\\\/11\\\/1409617614544.jpg\",\"articleSection\":[\"Opina a\u00ed\"],\"inLanguage\":\"pt-BR\",\"potentialAction\":[{\"@type\":\"CommentAction\",\"name\":\"Comment\",\"target\":[\"https:\\\/\\\/www.notibras.com\\\/site\\\/lula-lula-o-poder-e-um-vinho-perigoso\\\/#respond\"]}]},{\"@type\":\"WebPage\",\"@id\":\"https:\\\/\\\/www.notibras.com\\\/site\\\/lula-lula-o-poder-e-um-vinho-perigoso\\\/\",\"url\":\"https:\\\/\\\/www.notibras.com\\\/site\\\/lula-lula-o-poder-e-um-vinho-perigoso\\\/\",\"name\":\"Lula, Lula, o poder \u00e9 um vinho perigoso - Notibras\",\"isPartOf\":{\"@id\":\"https:\\\/\\\/www.notibras.com\\\/site\\\/#website\"},\"primaryImageOfPage\":{\"@id\":\"https:\\\/\\\/www.notibras.com\\\/site\\\/lula-lula-o-poder-e-um-vinho-perigoso\\\/#primaryimage\"},\"image\":{\"@id\":\"https:\\\/\\\/www.notibras.com\\\/site\\\/lula-lula-o-poder-e-um-vinho-perigoso\\\/#primaryimage\"},\"thumbnailUrl\":\"https:\\\/\\\/www.notibras.com\\\/site\\\/wp-content\\\/uploads\\\/2016\\\/11\\\/1409617614544.jpg\",\"datePublished\":\"2016-11-23T08:17:00+00:00\",\"breadcrumb\":{\"@id\":\"https:\\\/\\\/www.notibras.com\\\/site\\\/lula-lula-o-poder-e-um-vinho-perigoso\\\/#breadcrumb\"},\"inLanguage\":\"pt-BR\",\"potentialAction\":[{\"@type\":\"ReadAction\",\"target\":[\"https:\\\/\\\/www.notibras.com\\\/site\\\/lula-lula-o-poder-e-um-vinho-perigoso\\\/\"]}]},{\"@type\":\"ImageObject\",\"inLanguage\":\"pt-BR\",\"@id\":\"https:\\\/\\\/www.notibras.com\\\/site\\\/lula-lula-o-poder-e-um-vinho-perigoso\\\/#primaryimage\",\"url\":\"https:\\\/\\\/www.notibras.com\\\/site\\\/wp-content\\\/uploads\\\/2016\\\/11\\\/1409617614544.jpg\",\"contentUrl\":\"https:\\\/\\\/www.notibras.com\\\/site\\\/wp-content\\\/uploads\\\/2016\\\/11\\\/1409617614544.jpg\",\"width\":910,\"height\":586},{\"@type\":\"BreadcrumbList\",\"@id\":\"https:\\\/\\\/www.notibras.com\\\/site\\\/lula-lula-o-poder-e-um-vinho-perigoso\\\/#breadcrumb\",\"itemListElement\":[{\"@type\":\"ListItem\",\"position\":1,\"name\":\"In\u00edcio\",\"item\":\"https:\\\/\\\/www.notibras.com\\\/site\\\/\"},{\"@type\":\"ListItem\",\"position\":2,\"name\":\"Lula, Lula, o poder \u00e9 um vinho perigoso\"}]},{\"@type\":\"WebSite\",\"@id\":\"https:\\\/\\\/www.notibras.com\\\/site\\\/#website\",\"url\":\"https:\\\/\\\/www.notibras.com\\\/site\\\/\",\"name\":\"Notibras\",\"description\":\"Not\u00edcias de Bras\u00edlia, do Brasil e do Mundo\",\"publisher\":{\"@id\":\"https:\\\/\\\/www.notibras.com\\\/site\\\/#organization\"},\"potentialAction\":[{\"@type\":\"SearchAction\",\"target\":{\"@type\":\"EntryPoint\",\"urlTemplate\":\"https:\\\/\\\/www.notibras.com\\\/site\\\/?s={search_term_string}\"},\"query-input\":{\"@type\":\"PropertyValueSpecification\",\"valueRequired\":true,\"valueName\":\"search_term_string\"}}],\"inLanguage\":\"pt-BR\"},{\"@type\":\"Organization\",\"@id\":\"https:\\\/\\\/www.notibras.com\\\/site\\\/#organization\",\"name\":\"Grupo Notibras de Comunica\u00e7\u00e3o\",\"url\":\"https:\\\/\\\/www.notibras.com\\\/site\\\/\",\"logo\":{\"@type\":\"ImageObject\",\"inLanguage\":\"pt-BR\",\"@id\":\"https:\\\/\\\/www.notibras.com\\\/site\\\/#\\\/schema\\\/logo\\\/image\\\/\",\"url\":\"https:\\\/\\\/www.notibras.com\\\/site\\\/wp-content\\\/uploads\\\/2023\\\/01\\\/notibras23.png\",\"contentUrl\":\"https:\\\/\\\/www.notibras.com\\\/site\\\/wp-content\\\/uploads\\\/2023\\\/01\\\/notibras23.png\",\"width\":350,\"height\":87,\"caption\":\"Grupo Notibras de Comunica\u00e7\u00e3o\"},\"image\":{\"@id\":\"https:\\\/\\\/www.notibras.com\\\/site\\\/#\\\/schema\\\/logo\\\/image\\\/\"},\"sameAs\":[\"https:\\\/\\\/www.facebook.com\\\/notibras\\\/\",\"https:\\\/\\\/x.com\\\/Notibras\",\"https:\\\/\\\/www.instagram.com\\\/notibras\\\/\"]},{\"@type\":\"Person\",\"@id\":\"https:\\\/\\\/www.notibras.com\\\/site\\\/#\\\/schema\\\/person\\\/36ab0979449956132d3e5b517ea76ac8\",\"name\":\"Reda\u00e7\u00e3o\",\"image\":{\"@type\":\"ImageObject\",\"inLanguage\":\"pt-BR\",\"@id\":\"https:\\\/\\\/secure.gravatar.com\\\/avatar\\\/e0a867bdedb85fd243eadf09663511f96fc81e0720a4a42581f334ad4303aa6b?s=96&d=mm&r=g\",\"url\":\"https:\\\/\\\/secure.gravatar.com\\\/avatar\\\/e0a867bdedb85fd243eadf09663511f96fc81e0720a4a42581f334ad4303aa6b?s=96&d=mm&r=g\",\"contentUrl\":\"https:\\\/\\\/secure.gravatar.com\\\/avatar\\\/e0a867bdedb85fd243eadf09663511f96fc81e0720a4a42581f334ad4303aa6b?s=96&d=mm&r=g\",\"caption\":\"Reda\u00e7\u00e3o\"}}]}<\/script>\n<!-- \/ Yoast SEO plugin. -->","yoast_head_json":{"title":"Lula, Lula, o poder \u00e9 um vinho perigoso - Notibras","robots":{"index":"index","follow":"follow","max-snippet":"max-snippet:-1","max-image-preview":"max-image-preview:large","max-video-preview":"max-video-preview:-1"},"canonical":"https:\/\/www.notibras.com\/site\/lula-lula-o-poder-e-um-vinho-perigoso\/","og_locale":"pt_BR","og_type":"article","og_title":"Lula, Lula, o poder \u00e9 um vinho perigoso - Notibras","og_description":"Percival Puggina Em 5 de outubro de 2002, v\u00e9spera do primeiro turno da elei\u00e7\u00e3o presidencial, Lula, Duda Mendon\u00e7a, Ant\u00f4nio Palocci e mais d\u00fazia e meia de companheiros cujos nomes n\u00e3o ficaram registrados para a hist\u00f3ria jantaram na Antica Osteria Dell&#8217;Agnolo, em Ipanema. Nas liba\u00e7\u00f5es do encontro, com mesuras que superavam, de longe, as prestadas ao [&hellip;]","og_url":"https:\/\/www.notibras.com\/site\/lula-lula-o-poder-e-um-vinho-perigoso\/","og_site_name":"Notibras","article_publisher":"https:\/\/www.facebook.com\/notibras\/","article_published_time":"2016-11-23T08:17:00+00:00","og_image":[{"width":910,"height":586,"url":"https:\/\/www.notibras.com\/site\/wp-content\/uploads\/2016\/11\/1409617614544.jpg","type":"image\/jpeg"}],"author":"Reda\u00e7\u00e3o","twitter_card":"summary_large_image","twitter_creator":"@Notibras","twitter_site":"@Notibras","twitter_misc":{"Escrito por":"Reda\u00e7\u00e3o","Est. tempo de leitura":"3 minutos"},"schema":{"@context":"https:\/\/schema.org","@graph":[{"@type":"Article","@id":"https:\/\/www.notibras.com\/site\/lula-lula-o-poder-e-um-vinho-perigoso\/#article","isPartOf":{"@id":"https:\/\/www.notibras.com\/site\/lula-lula-o-poder-e-um-vinho-perigoso\/"},"author":{"name":"Reda\u00e7\u00e3o","@id":"https:\/\/www.notibras.com\/site\/#\/schema\/person\/36ab0979449956132d3e5b517ea76ac8"},"headline":"Lula, Lula, o poder \u00e9 um vinho perigoso","datePublished":"2016-11-23T08:17:00+00:00","mainEntityOfPage":{"@id":"https:\/\/www.notibras.com\/site\/lula-lula-o-poder-e-um-vinho-perigoso\/"},"wordCount":567,"commentCount":0,"publisher":{"@id":"https:\/\/www.notibras.com\/site\/#organization"},"image":{"@id":"https:\/\/www.notibras.com\/site\/lula-lula-o-poder-e-um-vinho-perigoso\/#primaryimage"},"thumbnailUrl":"https:\/\/www.notibras.com\/site\/wp-content\/uploads\/2016\/11\/1409617614544.jpg","articleSection":["Opina a\u00ed"],"inLanguage":"pt-BR","potentialAction":[{"@type":"CommentAction","name":"Comment","target":["https:\/\/www.notibras.com\/site\/lula-lula-o-poder-e-um-vinho-perigoso\/#respond"]}]},{"@type":"WebPage","@id":"https:\/\/www.notibras.com\/site\/lula-lula-o-poder-e-um-vinho-perigoso\/","url":"https:\/\/www.notibras.com\/site\/lula-lula-o-poder-e-um-vinho-perigoso\/","name":"Lula, Lula, o poder \u00e9 um vinho perigoso - Notibras","isPartOf":{"@id":"https:\/\/www.notibras.com\/site\/#website"},"primaryImageOfPage":{"@id":"https:\/\/www.notibras.com\/site\/lula-lula-o-poder-e-um-vinho-perigoso\/#primaryimage"},"image":{"@id":"https:\/\/www.notibras.com\/site\/lula-lula-o-poder-e-um-vinho-perigoso\/#primaryimage"},"thumbnailUrl":"https:\/\/www.notibras.com\/site\/wp-content\/uploads\/2016\/11\/1409617614544.jpg","datePublished":"2016-11-23T08:17:00+00:00","breadcrumb":{"@id":"https:\/\/www.notibras.com\/site\/lula-lula-o-poder-e-um-vinho-perigoso\/#breadcrumb"},"inLanguage":"pt-BR","potentialAction":[{"@type":"ReadAction","target":["https:\/\/www.notibras.com\/site\/lula-lula-o-poder-e-um-vinho-perigoso\/"]}]},{"@type":"ImageObject","inLanguage":"pt-BR","@id":"https:\/\/www.notibras.com\/site\/lula-lula-o-poder-e-um-vinho-perigoso\/#primaryimage","url":"https:\/\/www.notibras.com\/site\/wp-content\/uploads\/2016\/11\/1409617614544.jpg","contentUrl":"https:\/\/www.notibras.com\/site\/wp-content\/uploads\/2016\/11\/1409617614544.jpg","width":910,"height":586},{"@type":"BreadcrumbList","@id":"https:\/\/www.notibras.com\/site\/lula-lula-o-poder-e-um-vinho-perigoso\/#breadcrumb","itemListElement":[{"@type":"ListItem","position":1,"name":"In\u00edcio","item":"https:\/\/www.notibras.com\/site\/"},{"@type":"ListItem","position":2,"name":"Lula, Lula, o poder \u00e9 um vinho perigoso"}]},{"@type":"WebSite","@id":"https:\/\/www.notibras.com\/site\/#website","url":"https:\/\/www.notibras.com\/site\/","name":"Notibras","description":"Not\u00edcias de Bras\u00edlia, do Brasil e do Mundo","publisher":{"@id":"https:\/\/www.notibras.com\/site\/#organization"},"potentialAction":[{"@type":"SearchAction","target":{"@type":"EntryPoint","urlTemplate":"https:\/\/www.notibras.com\/site\/?s={search_term_string}"},"query-input":{"@type":"PropertyValueSpecification","valueRequired":true,"valueName":"search_term_string"}}],"inLanguage":"pt-BR"},{"@type":"Organization","@id":"https:\/\/www.notibras.com\/site\/#organization","name":"Grupo Notibras de Comunica\u00e7\u00e3o","url":"https:\/\/www.notibras.com\/site\/","logo":{"@type":"ImageObject","inLanguage":"pt-BR","@id":"https:\/\/www.notibras.com\/site\/#\/schema\/logo\/image\/","url":"https:\/\/www.notibras.com\/site\/wp-content\/uploads\/2023\/01\/notibras23.png","contentUrl":"https:\/\/www.notibras.com\/site\/wp-content\/uploads\/2023\/01\/notibras23.png","width":350,"height":87,"caption":"Grupo Notibras de Comunica\u00e7\u00e3o"},"image":{"@id":"https:\/\/www.notibras.com\/site\/#\/schema\/logo\/image\/"},"sameAs":["https:\/\/www.facebook.com\/notibras\/","https:\/\/x.com\/Notibras","https:\/\/www.instagram.com\/notibras\/"]},{"@type":"Person","@id":"https:\/\/www.notibras.com\/site\/#\/schema\/person\/36ab0979449956132d3e5b517ea76ac8","name":"Reda\u00e7\u00e3o","image":{"@type":"ImageObject","inLanguage":"pt-BR","@id":"https:\/\/secure.gravatar.com\/avatar\/e0a867bdedb85fd243eadf09663511f96fc81e0720a4a42581f334ad4303aa6b?s=96&d=mm&r=g","url":"https:\/\/secure.gravatar.com\/avatar\/e0a867bdedb85fd243eadf09663511f96fc81e0720a4a42581f334ad4303aa6b?s=96&d=mm&r=g","contentUrl":"https:\/\/secure.gravatar.com\/avatar\/e0a867bdedb85fd243eadf09663511f96fc81e0720a4a42581f334ad4303aa6b?s=96&d=mm&r=g","caption":"Reda\u00e7\u00e3o"}}]}},"amp_enabled":true,"_links":{"self":[{"href":"https:\/\/www.notibras.com\/site\/wp-json\/wp\/v2\/posts\/121998","targetHints":{"allow":["GET"]}}],"collection":[{"href":"https:\/\/www.notibras.com\/site\/wp-json\/wp\/v2\/posts"}],"about":[{"href":"https:\/\/www.notibras.com\/site\/wp-json\/wp\/v2\/types\/post"}],"author":[{"embeddable":true,"href":"https:\/\/www.notibras.com\/site\/wp-json\/wp\/v2\/users\/2"}],"replies":[{"embeddable":true,"href":"https:\/\/www.notibras.com\/site\/wp-json\/wp\/v2\/comments?post=121998"}],"version-history":[{"count":1,"href":"https:\/\/www.notibras.com\/site\/wp-json\/wp\/v2\/posts\/121998\/revisions"}],"predecessor-version":[{"id":122000,"href":"https:\/\/www.notibras.com\/site\/wp-json\/wp\/v2\/posts\/121998\/revisions\/122000"}],"wp:featuredmedia":[{"embeddable":true,"href":"https:\/\/www.notibras.com\/site\/wp-json\/wp\/v2\/media\/121999"}],"wp:attachment":[{"href":"https:\/\/www.notibras.com\/site\/wp-json\/wp\/v2\/media?parent=121998"}],"wp:term":[{"taxonomy":"category","embeddable":true,"href":"https:\/\/www.notibras.com\/site\/wp-json\/wp\/v2\/categories?post=121998"},{"taxonomy":"post_tag","embeddable":true,"href":"https:\/\/www.notibras.com\/site\/wp-json\/wp\/v2\/tags?post=121998"}],"curies":[{"name":"wp","href":"https:\/\/api.w.org\/{rel}","templated":true}]}}