{"id":122356,"date":"2016-11-27T05:40:22","date_gmt":"2016-11-27T07:40:22","guid":{"rendered":"http:\/\/www.notibras.com\/site\/?p=122356"},"modified":"2016-11-27T05:40:22","modified_gmt":"2016-11-27T07:40:22","slug":"morre-o-ditador-que-fechou-cuba-em-copas","status":"publish","type":"post","link":"https:\/\/www.notibras.com\/site\/morre-o-ditador-que-fechou-cuba-em-copas\/","title":{"rendered":"Morre o ditador que fechou Cuba em copas"},"content":{"rendered":"<p><strong>Luis Carlos Alcoforado<\/strong><\/p>\n<p>O julgamento da hist\u00f3ria se faz sem a inser\u00e7\u00e3o de paix\u00f5es infantilizadas pela idolatria.<\/p>\n<p>Ela registra os fatos, quando n\u00e3o se submete a processos de manipula\u00e7\u00e3o do poder dominante, sempre viciado em mascarar a autenticidade dos fen\u00f4menos protagonizados pelo homem.<\/p>\n<p>A hist\u00f3ria \u00e9 essencial para a compreens\u00e3o humana como fen\u00f4meno existencial e racional. Fracassa, por\u00e9m, quando tenta depurar verdades e mentiras nas circunst\u00e2ncias em que ocorrem os acontecimentos que cravam a cidadania com a vergonha da barb\u00e1rie.<\/p>\n<p>Os homens julgam os homens com voluntarismo da subjetividade, mediante processo que aproxima o sujeito do objeto, segundo desejos que fortificam ou enfraquecem a verdade.<\/p>\n<p>Fidel Castro fez sua hist\u00f3ria particular, como o mais ic\u00f4nico l\u00edder revolucion\u00e1rio e esquerdista do s\u00e9culo XX.<\/p>\n<p>A revolu\u00e7\u00e3o castrista n\u00e3o humanizou todos os valores que perseguimos como s\u00edmbolo das principais virtudes que devem nortear a humanidade.<\/p>\n<p>O regime cubano pode ter algo de humano, mas entra na hist\u00f3ria pela viol\u00eancia com que lidou no campo da preserva\u00e7\u00e3o dos poderes reservados a uma burocracia que n\u00e3o se revolucionou para revolucionar as mazelas que persistem na Ilha.<\/p>\n<p>\u00c9 imposs\u00edvel sonegar que o regime de Fidel Castro torturou e assassinou pessoas, sob a motiva\u00e7\u00e3o pejada de fantasias que assim agia em nome da Revolu\u00e7\u00e3o.<\/p>\n<p>Revolu\u00e7\u00e3o alguma tem licen\u00e7a para abolir o direito \u00e0s franquias da liberdade, ainda que o fa\u00e7a pela motiva\u00e7\u00e3o de salvar a maioria em detrimento da minoria sob a cardinalidade do humanismo. Valores que dignificam o ser humano n\u00e3o se submetem \u00e0 l\u00f3gica dos tradutores de c\u00f3digos que maltratam a espiritualidade da criatura.<\/p>\n<p>Julgar a revolu\u00e7\u00e3o de Fidel Castro que perdura h\u00e1 mais de cinquenta anos, sob a explicitude de uma ditadura que n\u00e3o dialoga com as raz\u00f5es da \u00e9tica e da moral, se faz pela cogni\u00e7\u00e3o que ver, de longe ou de perto, as priva\u00e7\u00f5es a que o povo se sujeita, sempre justificadas, pela frouxa vis\u00e3o de suas necessidades estruturais, para dar sentido e consist\u00eancia ao poder dos burocratas que fizeram a revolu\u00e7\u00e3o vitoriosa da qual se beneficiam e se nutrem como elixir para a repeti\u00e7\u00e3o e persist\u00eancia dos mesmos v\u00edcios.<\/p>\n<p>Fidel Castro, como personagem mundial e l\u00edder de uma revolu\u00e7\u00e3o, ganhou o mundo pela singularidade da maneira como enfrentou os advers\u00e1rios internos e externos, mas como homem de status, como ditador fica preso \u00e0 vis\u00e3o de um homem que tinha mais voca\u00e7\u00e3o para o sadismo do que para a felicidade de sua gente.<\/p>\n<p>Ao negar ao povo os direitos inerentes \u00e0 liberdade, Fidel confirmou, em testemunho definitivo para a hist\u00f3ria, que jamais amou o homem. Era, sim, portador da doen\u00e7a do totalitarismo.<\/p>\n<p>Por fim, a hist\u00f3ria poderia esquecer a tolice daqueles que, pela influ\u00eancia da doen\u00e7a do esquerdismo, festejavam a ditadura e se apaixonaram por um ditador.<\/p>\n<p>H\u00e1 algo errado com essa hist\u00f3ria.<\/p>\n","protected":false},"excerpt":{"rendered":"<p>Luis Carlos Alcoforado O julgamento da hist\u00f3ria se faz sem a inser\u00e7\u00e3o de paix\u00f5es infantilizadas pela idolatria. Ela registra os fatos, quando n\u00e3o se submete a processos de manipula\u00e7\u00e3o do poder dominante, sempre viciado em mascarar a autenticidade dos fen\u00f4menos protagonizados pelo homem. A hist\u00f3ria \u00e9 essencial para a compreens\u00e3o humana como fen\u00f4meno existencial e [&hellip;]<\/p>\n","protected":false},"author":2,"featured_media":122357,"comment_status":"open","ping_status":"closed","sticky":false,"template":"","format":"standard","meta":{"_acf_changed":false,"footnotes":""},"categories":[25],"tags":[],"class_list":["post-122356","post","type-post","status-publish","format-standard","has-post-thumbnail","hentry","category-opina-ai"],"acf":[],"yoast_head":"<!-- This site is optimized with the Yoast SEO plugin v27.5 - https:\/\/yoast.com\/product\/yoast-seo-wordpress\/ -->\n<title>Morre o ditador que fechou Cuba em copas - Notibras<\/title>\n<meta name=\"robots\" content=\"index, follow, max-snippet:-1, max-image-preview:large, max-video-preview:-1\" \/>\n<link rel=\"canonical\" href=\"https:\/\/www.notibras.com\/site\/morre-o-ditador-que-fechou-cuba-em-copas\/\" \/>\n<meta property=\"og:locale\" content=\"pt_BR\" \/>\n<meta property=\"og:type\" content=\"article\" \/>\n<meta property=\"og:title\" content=\"Morre o ditador que fechou Cuba em copas - Notibras\" \/>\n<meta property=\"og:description\" content=\"Luis Carlos Alcoforado O julgamento da hist\u00f3ria se faz sem a inser\u00e7\u00e3o de paix\u00f5es infantilizadas pela idolatria. Ela registra os fatos, quando n\u00e3o se submete a processos de manipula\u00e7\u00e3o do poder dominante, sempre viciado em mascarar a autenticidade dos fen\u00f4menos protagonizados pelo homem. A hist\u00f3ria \u00e9 essencial para a compreens\u00e3o humana como fen\u00f4meno existencial e [&hellip;]\" \/>\n<meta property=\"og:url\" content=\"https:\/\/www.notibras.com\/site\/morre-o-ditador-que-fechou-cuba-em-copas\/\" \/>\n<meta property=\"og:site_name\" content=\"Notibras\" \/>\n<meta property=\"article:publisher\" content=\"https:\/\/www.facebook.com\/notibras\/\" \/>\n<meta property=\"article:published_time\" content=\"2016-11-27T07:40:22+00:00\" \/>\n<meta property=\"og:image\" content=\"https:\/\/www.notibras.com\/site\/wp-content\/uploads\/2016\/11\/Ditador-Fidel-Castro.jpg\" \/>\n\t<meta property=\"og:image:width\" content=\"800\" \/>\n\t<meta property=\"og:image:height\" content=\"533\" \/>\n\t<meta property=\"og:image:type\" content=\"image\/jpeg\" \/>\n<meta name=\"author\" content=\"Reda\u00e7\u00e3o\" \/>\n<meta name=\"twitter:card\" content=\"summary_large_image\" \/>\n<meta name=\"twitter:creator\" content=\"@Notibras\" \/>\n<meta name=\"twitter:site\" content=\"@Notibras\" \/>\n<meta name=\"twitter:label1\" content=\"Escrito por\" \/>\n\t<meta name=\"twitter:data1\" content=\"Reda\u00e7\u00e3o\" \/>\n\t<meta name=\"twitter:label2\" content=\"Est. tempo de leitura\" \/>\n\t<meta name=\"twitter:data2\" content=\"3 minutos\" \/>\n<script type=\"application\/ld+json\" class=\"yoast-schema-graph\">{\"@context\":\"https:\\\/\\\/schema.org\",\"@graph\":[{\"@type\":\"Article\",\"@id\":\"https:\\\/\\\/www.notibras.com\\\/site\\\/morre-o-ditador-que-fechou-cuba-em-copas\\\/#article\",\"isPartOf\":{\"@id\":\"https:\\\/\\\/www.notibras.com\\\/site\\\/morre-o-ditador-que-fechou-cuba-em-copas\\\/\"},\"author\":{\"name\":\"Reda\u00e7\u00e3o\",\"@id\":\"https:\\\/\\\/www.notibras.com\\\/site\\\/#\\\/schema\\\/person\\\/36ab0979449956132d3e5b517ea76ac8\"},\"headline\":\"Morre o ditador que fechou Cuba em copas\",\"datePublished\":\"2016-11-27T07:40:22+00:00\",\"mainEntityOfPage\":{\"@id\":\"https:\\\/\\\/www.notibras.com\\\/site\\\/morre-o-ditador-que-fechou-cuba-em-copas\\\/\"},\"wordCount\":520,\"commentCount\":0,\"publisher\":{\"@id\":\"https:\\\/\\\/www.notibras.com\\\/site\\\/#organization\"},\"image\":{\"@id\":\"https:\\\/\\\/www.notibras.com\\\/site\\\/morre-o-ditador-que-fechou-cuba-em-copas\\\/#primaryimage\"},\"thumbnailUrl\":\"https:\\\/\\\/www.notibras.com\\\/site\\\/wp-content\\\/uploads\\\/2016\\\/11\\\/Ditador-Fidel-Castro.jpg\",\"articleSection\":[\"Opina a\u00ed\"],\"inLanguage\":\"pt-BR\",\"potentialAction\":[{\"@type\":\"CommentAction\",\"name\":\"Comment\",\"target\":[\"https:\\\/\\\/www.notibras.com\\\/site\\\/morre-o-ditador-que-fechou-cuba-em-copas\\\/#respond\"]}]},{\"@type\":\"WebPage\",\"@id\":\"https:\\\/\\\/www.notibras.com\\\/site\\\/morre-o-ditador-que-fechou-cuba-em-copas\\\/\",\"url\":\"https:\\\/\\\/www.notibras.com\\\/site\\\/morre-o-ditador-que-fechou-cuba-em-copas\\\/\",\"name\":\"Morre o ditador que fechou Cuba em copas - Notibras\",\"isPartOf\":{\"@id\":\"https:\\\/\\\/www.notibras.com\\\/site\\\/#website\"},\"primaryImageOfPage\":{\"@id\":\"https:\\\/\\\/www.notibras.com\\\/site\\\/morre-o-ditador-que-fechou-cuba-em-copas\\\/#primaryimage\"},\"image\":{\"@id\":\"https:\\\/\\\/www.notibras.com\\\/site\\\/morre-o-ditador-que-fechou-cuba-em-copas\\\/#primaryimage\"},\"thumbnailUrl\":\"https:\\\/\\\/www.notibras.com\\\/site\\\/wp-content\\\/uploads\\\/2016\\\/11\\\/Ditador-Fidel-Castro.jpg\",\"datePublished\":\"2016-11-27T07:40:22+00:00\",\"breadcrumb\":{\"@id\":\"https:\\\/\\\/www.notibras.com\\\/site\\\/morre-o-ditador-que-fechou-cuba-em-copas\\\/#breadcrumb\"},\"inLanguage\":\"pt-BR\",\"potentialAction\":[{\"@type\":\"ReadAction\",\"target\":[\"https:\\\/\\\/www.notibras.com\\\/site\\\/morre-o-ditador-que-fechou-cuba-em-copas\\\/\"]}]},{\"@type\":\"ImageObject\",\"inLanguage\":\"pt-BR\",\"@id\":\"https:\\\/\\\/www.notibras.com\\\/site\\\/morre-o-ditador-que-fechou-cuba-em-copas\\\/#primaryimage\",\"url\":\"https:\\\/\\\/www.notibras.com\\\/site\\\/wp-content\\\/uploads\\\/2016\\\/11\\\/Ditador-Fidel-Castro.jpg\",\"contentUrl\":\"https:\\\/\\\/www.notibras.com\\\/site\\\/wp-content\\\/uploads\\\/2016\\\/11\\\/Ditador-Fidel-Castro.jpg\",\"width\":800,\"height\":533},{\"@type\":\"BreadcrumbList\",\"@id\":\"https:\\\/\\\/www.notibras.com\\\/site\\\/morre-o-ditador-que-fechou-cuba-em-copas\\\/#breadcrumb\",\"itemListElement\":[{\"@type\":\"ListItem\",\"position\":1,\"name\":\"In\u00edcio\",\"item\":\"https:\\\/\\\/www.notibras.com\\\/site\\\/\"},{\"@type\":\"ListItem\",\"position\":2,\"name\":\"Morre o ditador que fechou Cuba em copas\"}]},{\"@type\":\"WebSite\",\"@id\":\"https:\\\/\\\/www.notibras.com\\\/site\\\/#website\",\"url\":\"https:\\\/\\\/www.notibras.com\\\/site\\\/\",\"name\":\"Notibras\",\"description\":\"Not\u00edcias de Bras\u00edlia, do Brasil e do Mundo\",\"publisher\":{\"@id\":\"https:\\\/\\\/www.notibras.com\\\/site\\\/#organization\"},\"potentialAction\":[{\"@type\":\"SearchAction\",\"target\":{\"@type\":\"EntryPoint\",\"urlTemplate\":\"https:\\\/\\\/www.notibras.com\\\/site\\\/?s={search_term_string}\"},\"query-input\":{\"@type\":\"PropertyValueSpecification\",\"valueRequired\":true,\"valueName\":\"search_term_string\"}}],\"inLanguage\":\"pt-BR\"},{\"@type\":\"Organization\",\"@id\":\"https:\\\/\\\/www.notibras.com\\\/site\\\/#organization\",\"name\":\"Grupo Notibras de Comunica\u00e7\u00e3o\",\"url\":\"https:\\\/\\\/www.notibras.com\\\/site\\\/\",\"logo\":{\"@type\":\"ImageObject\",\"inLanguage\":\"pt-BR\",\"@id\":\"https:\\\/\\\/www.notibras.com\\\/site\\\/#\\\/schema\\\/logo\\\/image\\\/\",\"url\":\"https:\\\/\\\/www.notibras.com\\\/site\\\/wp-content\\\/uploads\\\/2023\\\/01\\\/notibras23.png\",\"contentUrl\":\"https:\\\/\\\/www.notibras.com\\\/site\\\/wp-content\\\/uploads\\\/2023\\\/01\\\/notibras23.png\",\"width\":350,\"height\":87,\"caption\":\"Grupo Notibras de Comunica\u00e7\u00e3o\"},\"image\":{\"@id\":\"https:\\\/\\\/www.notibras.com\\\/site\\\/#\\\/schema\\\/logo\\\/image\\\/\"},\"sameAs\":[\"https:\\\/\\\/www.facebook.com\\\/notibras\\\/\",\"https:\\\/\\\/x.com\\\/Notibras\",\"https:\\\/\\\/www.instagram.com\\\/notibras\\\/\"]},{\"@type\":\"Person\",\"@id\":\"https:\\\/\\\/www.notibras.com\\\/site\\\/#\\\/schema\\\/person\\\/36ab0979449956132d3e5b517ea76ac8\",\"name\":\"Reda\u00e7\u00e3o\",\"image\":{\"@type\":\"ImageObject\",\"inLanguage\":\"pt-BR\",\"@id\":\"https:\\\/\\\/secure.gravatar.com\\\/avatar\\\/e0a867bdedb85fd243eadf09663511f96fc81e0720a4a42581f334ad4303aa6b?s=96&d=mm&r=g\",\"url\":\"https:\\\/\\\/secure.gravatar.com\\\/avatar\\\/e0a867bdedb85fd243eadf09663511f96fc81e0720a4a42581f334ad4303aa6b?s=96&d=mm&r=g\",\"contentUrl\":\"https:\\\/\\\/secure.gravatar.com\\\/avatar\\\/e0a867bdedb85fd243eadf09663511f96fc81e0720a4a42581f334ad4303aa6b?s=96&d=mm&r=g\",\"caption\":\"Reda\u00e7\u00e3o\"}}]}<\/script>\n<!-- \/ Yoast SEO plugin. -->","yoast_head_json":{"title":"Morre o ditador que fechou Cuba em copas - Notibras","robots":{"index":"index","follow":"follow","max-snippet":"max-snippet:-1","max-image-preview":"max-image-preview:large","max-video-preview":"max-video-preview:-1"},"canonical":"https:\/\/www.notibras.com\/site\/morre-o-ditador-que-fechou-cuba-em-copas\/","og_locale":"pt_BR","og_type":"article","og_title":"Morre o ditador que fechou Cuba em copas - Notibras","og_description":"Luis Carlos Alcoforado O julgamento da hist\u00f3ria se faz sem a inser\u00e7\u00e3o de paix\u00f5es infantilizadas pela idolatria. Ela registra os fatos, quando n\u00e3o se submete a processos de manipula\u00e7\u00e3o do poder dominante, sempre viciado em mascarar a autenticidade dos fen\u00f4menos protagonizados pelo homem. A hist\u00f3ria \u00e9 essencial para a compreens\u00e3o humana como fen\u00f4meno existencial e [&hellip;]","og_url":"https:\/\/www.notibras.com\/site\/morre-o-ditador-que-fechou-cuba-em-copas\/","og_site_name":"Notibras","article_publisher":"https:\/\/www.facebook.com\/notibras\/","article_published_time":"2016-11-27T07:40:22+00:00","og_image":[{"width":800,"height":533,"url":"https:\/\/www.notibras.com\/site\/wp-content\/uploads\/2016\/11\/Ditador-Fidel-Castro.jpg","type":"image\/jpeg"}],"author":"Reda\u00e7\u00e3o","twitter_card":"summary_large_image","twitter_creator":"@Notibras","twitter_site":"@Notibras","twitter_misc":{"Escrito por":"Reda\u00e7\u00e3o","Est. tempo de leitura":"3 minutos"},"schema":{"@context":"https:\/\/schema.org","@graph":[{"@type":"Article","@id":"https:\/\/www.notibras.com\/site\/morre-o-ditador-que-fechou-cuba-em-copas\/#article","isPartOf":{"@id":"https:\/\/www.notibras.com\/site\/morre-o-ditador-que-fechou-cuba-em-copas\/"},"author":{"name":"Reda\u00e7\u00e3o","@id":"https:\/\/www.notibras.com\/site\/#\/schema\/person\/36ab0979449956132d3e5b517ea76ac8"},"headline":"Morre o ditador que fechou Cuba em copas","datePublished":"2016-11-27T07:40:22+00:00","mainEntityOfPage":{"@id":"https:\/\/www.notibras.com\/site\/morre-o-ditador-que-fechou-cuba-em-copas\/"},"wordCount":520,"commentCount":0,"publisher":{"@id":"https:\/\/www.notibras.com\/site\/#organization"},"image":{"@id":"https:\/\/www.notibras.com\/site\/morre-o-ditador-que-fechou-cuba-em-copas\/#primaryimage"},"thumbnailUrl":"https:\/\/www.notibras.com\/site\/wp-content\/uploads\/2016\/11\/Ditador-Fidel-Castro.jpg","articleSection":["Opina a\u00ed"],"inLanguage":"pt-BR","potentialAction":[{"@type":"CommentAction","name":"Comment","target":["https:\/\/www.notibras.com\/site\/morre-o-ditador-que-fechou-cuba-em-copas\/#respond"]}]},{"@type":"WebPage","@id":"https:\/\/www.notibras.com\/site\/morre-o-ditador-que-fechou-cuba-em-copas\/","url":"https:\/\/www.notibras.com\/site\/morre-o-ditador-que-fechou-cuba-em-copas\/","name":"Morre o ditador que fechou Cuba em copas - Notibras","isPartOf":{"@id":"https:\/\/www.notibras.com\/site\/#website"},"primaryImageOfPage":{"@id":"https:\/\/www.notibras.com\/site\/morre-o-ditador-que-fechou-cuba-em-copas\/#primaryimage"},"image":{"@id":"https:\/\/www.notibras.com\/site\/morre-o-ditador-que-fechou-cuba-em-copas\/#primaryimage"},"thumbnailUrl":"https:\/\/www.notibras.com\/site\/wp-content\/uploads\/2016\/11\/Ditador-Fidel-Castro.jpg","datePublished":"2016-11-27T07:40:22+00:00","breadcrumb":{"@id":"https:\/\/www.notibras.com\/site\/morre-o-ditador-que-fechou-cuba-em-copas\/#breadcrumb"},"inLanguage":"pt-BR","potentialAction":[{"@type":"ReadAction","target":["https:\/\/www.notibras.com\/site\/morre-o-ditador-que-fechou-cuba-em-copas\/"]}]},{"@type":"ImageObject","inLanguage":"pt-BR","@id":"https:\/\/www.notibras.com\/site\/morre-o-ditador-que-fechou-cuba-em-copas\/#primaryimage","url":"https:\/\/www.notibras.com\/site\/wp-content\/uploads\/2016\/11\/Ditador-Fidel-Castro.jpg","contentUrl":"https:\/\/www.notibras.com\/site\/wp-content\/uploads\/2016\/11\/Ditador-Fidel-Castro.jpg","width":800,"height":533},{"@type":"BreadcrumbList","@id":"https:\/\/www.notibras.com\/site\/morre-o-ditador-que-fechou-cuba-em-copas\/#breadcrumb","itemListElement":[{"@type":"ListItem","position":1,"name":"In\u00edcio","item":"https:\/\/www.notibras.com\/site\/"},{"@type":"ListItem","position":2,"name":"Morre o ditador que fechou Cuba em copas"}]},{"@type":"WebSite","@id":"https:\/\/www.notibras.com\/site\/#website","url":"https:\/\/www.notibras.com\/site\/","name":"Notibras","description":"Not\u00edcias de Bras\u00edlia, do Brasil e do Mundo","publisher":{"@id":"https:\/\/www.notibras.com\/site\/#organization"},"potentialAction":[{"@type":"SearchAction","target":{"@type":"EntryPoint","urlTemplate":"https:\/\/www.notibras.com\/site\/?s={search_term_string}"},"query-input":{"@type":"PropertyValueSpecification","valueRequired":true,"valueName":"search_term_string"}}],"inLanguage":"pt-BR"},{"@type":"Organization","@id":"https:\/\/www.notibras.com\/site\/#organization","name":"Grupo Notibras de Comunica\u00e7\u00e3o","url":"https:\/\/www.notibras.com\/site\/","logo":{"@type":"ImageObject","inLanguage":"pt-BR","@id":"https:\/\/www.notibras.com\/site\/#\/schema\/logo\/image\/","url":"https:\/\/www.notibras.com\/site\/wp-content\/uploads\/2023\/01\/notibras23.png","contentUrl":"https:\/\/www.notibras.com\/site\/wp-content\/uploads\/2023\/01\/notibras23.png","width":350,"height":87,"caption":"Grupo Notibras de Comunica\u00e7\u00e3o"},"image":{"@id":"https:\/\/www.notibras.com\/site\/#\/schema\/logo\/image\/"},"sameAs":["https:\/\/www.facebook.com\/notibras\/","https:\/\/x.com\/Notibras","https:\/\/www.instagram.com\/notibras\/"]},{"@type":"Person","@id":"https:\/\/www.notibras.com\/site\/#\/schema\/person\/36ab0979449956132d3e5b517ea76ac8","name":"Reda\u00e7\u00e3o","image":{"@type":"ImageObject","inLanguage":"pt-BR","@id":"https:\/\/secure.gravatar.com\/avatar\/e0a867bdedb85fd243eadf09663511f96fc81e0720a4a42581f334ad4303aa6b?s=96&d=mm&r=g","url":"https:\/\/secure.gravatar.com\/avatar\/e0a867bdedb85fd243eadf09663511f96fc81e0720a4a42581f334ad4303aa6b?s=96&d=mm&r=g","contentUrl":"https:\/\/secure.gravatar.com\/avatar\/e0a867bdedb85fd243eadf09663511f96fc81e0720a4a42581f334ad4303aa6b?s=96&d=mm&r=g","caption":"Reda\u00e7\u00e3o"}}]}},"amp_enabled":true,"_links":{"self":[{"href":"https:\/\/www.notibras.com\/site\/wp-json\/wp\/v2\/posts\/122356","targetHints":{"allow":["GET"]}}],"collection":[{"href":"https:\/\/www.notibras.com\/site\/wp-json\/wp\/v2\/posts"}],"about":[{"href":"https:\/\/www.notibras.com\/site\/wp-json\/wp\/v2\/types\/post"}],"author":[{"embeddable":true,"href":"https:\/\/www.notibras.com\/site\/wp-json\/wp\/v2\/users\/2"}],"replies":[{"embeddable":true,"href":"https:\/\/www.notibras.com\/site\/wp-json\/wp\/v2\/comments?post=122356"}],"version-history":[{"count":1,"href":"https:\/\/www.notibras.com\/site\/wp-json\/wp\/v2\/posts\/122356\/revisions"}],"predecessor-version":[{"id":122358,"href":"https:\/\/www.notibras.com\/site\/wp-json\/wp\/v2\/posts\/122356\/revisions\/122358"}],"wp:featuredmedia":[{"embeddable":true,"href":"https:\/\/www.notibras.com\/site\/wp-json\/wp\/v2\/media\/122357"}],"wp:attachment":[{"href":"https:\/\/www.notibras.com\/site\/wp-json\/wp\/v2\/media?parent=122356"}],"wp:term":[{"taxonomy":"category","embeddable":true,"href":"https:\/\/www.notibras.com\/site\/wp-json\/wp\/v2\/categories?post=122356"},{"taxonomy":"post_tag","embeddable":true,"href":"https:\/\/www.notibras.com\/site\/wp-json\/wp\/v2\/tags?post=122356"}],"curies":[{"name":"wp","href":"https:\/\/api.w.org\/{rel}","templated":true}]}}