{"id":122480,"date":"2016-11-28T06:16:42","date_gmt":"2016-11-28T08:16:42","guid":{"rendered":"http:\/\/www.notibras.com\/site\/?p=122480"},"modified":"2016-11-28T06:16:42","modified_gmt":"2016-11-28T08:16:42","slug":"manobra-espuria-afasta-deputados-da-sociedade","status":"publish","type":"post","link":"https:\/\/www.notibras.com\/site\/manobra-espuria-afasta-deputados-da-sociedade\/","title":{"rendered":"Manobra esp\u00faria afasta deputados da sociedade"},"content":{"rendered":"<p><strong>Fabiano Ang\u00e9lico<\/strong><\/p>\n<p>A manobra de deputados federais em benef\u00edcio pr\u00f3prio aprofundou e alargou ainda mais o fosso que separa a classe pol\u00edtica da sociedade. Em tempos de Lava Jato, a tentativa de aprovar, de forma nada transparente, uma medida pr\u00f3-impunidade dentro de um pacote anticorrup\u00e7\u00e3o foi interpretada como um verdadeiro acinte.<\/p>\n<p>N\u00e3o se trata, aqui, de discutir m\u00e9ritos ou equ\u00edvocos do projeto de lei oriundo da iniciativa conhecida como &#8220;10 Medidas contra a Corrup\u00e7\u00e3o&#8221;, mas de ressaltar como os pol\u00edticos profissionais, especialmente os que est\u00e3o nas Casas Legislativas, valem-se de manobras nada republicanas para se defender de \u00f3rg\u00e3os de controle cada vez mais profissionalizados e de uma sociedade civil cada vez mais atenta.<\/p>\n<p>A transpar\u00eancia \u00e9 uma daquelas ideias cujo tempo chegou, mas os senhores parlamentares aparentemente n\u00e3o se deram conta disso. Claro est\u00e1 que as a\u00e7\u00f5es de vossas excel\u00eancias, como as que se viu nesta quinta-feira, levam em conta os ganhos de curt\u00edssimo prazo. N\u00e3o enxergam esses senhores do s\u00e9culo passado que, ao bancarem pr\u00e1ticas n\u00e3o mais aceitas, est\u00e3o cometendo suic\u00eddio pol\u00edtico no m\u00e9dio prazo &#8211;talvez at\u00e9 no curto prazo.<\/p>\n<p>Uma hip\u00f3tese plaus\u00edvel \u00e9 a de que nossos parlamentares n\u00e3o se entusiasmam em responder a demandas da sociedade porque ainda contam com instrumentos que mant\u00eam nas sombras as suas decis\u00f5es e atos. Essa falta de transpar\u00eancia \u00e9 extremamente delet\u00e9ria para a classe pol\u00edtica em geral, e no caso espec\u00edfico para a C\u00e2mara dos Deputados. Porque a &#8220;aprova\u00e7\u00e3o em plen\u00e1rio&#8221;, sem verifica\u00e7\u00e3o nominal, joga toda a Casa Legislativa contra a sociedade. \u00c9 preciso, pois, eliminar esses instrumentos, elevando a transpar\u00eancia e a demanda por presta\u00e7\u00e3o de contas no Legislativo.<\/p>\n<p>O instrumento que permite decis\u00f5es ocultas e acordos feitos \u00e0s escondidas e ainda livra os senhores parlamentares de prestar contas \u00e9 o regimento interno. Urge, portanto, atualizar esse documento que orienta o funcionamento das Casas Legislativas. Arcaico, pouco republicano, nada aderente aos nossos tempos, o regimento precisa mudar para incorporar diretrizes e pr\u00e1ticas de transpar\u00eancia. \u00c9 urgente eliminar qualquer possibilidade de que parlamentares aprovem ou rejeitem textos sem que saibamos ao certo como se posicionou cada um.<\/p>\n<p>As necess\u00e1rias altera\u00e7\u00f5es nos regimentos internos n\u00e3o se resumem \u00e0s regras do processo legislativo. Outra mudan\u00e7a urgente deve ir na dire\u00e7\u00e3o de aumentar exponencialmente a transpar\u00eancia do processo de escolha das lideran\u00e7as das Casas Legislativas, a come\u00e7ar, claro, pela elei\u00e7\u00e3o \u00e0 presid\u00eancia das Casas. Uma vez que o regimento interno d\u00e1 muito poder discricion\u00e1rio aos presidentes, \u00e9 crucial que as candidaturas ao mais alto posto das Casas sejam registradas com anteced\u00eancia e que haja debates p\u00fablicos entre os candidatos para que todos possamos conhecer suas posi\u00e7\u00f5es e sua agenda.<\/p>\n<p>Numa democracia, o Poder Legislativo \u00e9 fundamental. \u00c9 ele que vai debater e aprovar reformas urgentes e necess\u00e1rias e que vai fazer o contrapeso ao Executivo e ao Judici\u00e1rio. Em vez de demoniz\u00e1-lo, \u00e9 preciso reform\u00e1-lo. E o tratamento mais urgente e necess\u00e1rio \u00e9 pavimentar o caminho para que os comandantes das Casas Legislativas sejam pol\u00edticos capazes de defender seus atos e suas ideias em p\u00fablico &#8211;e para que manobras pouco republicanas, como as presenciadas nesta quinta-feira, sejam banidas definitivamente.<\/p>\n","protected":false},"excerpt":{"rendered":"<p>Fabiano Ang\u00e9lico A manobra de deputados federais em benef\u00edcio pr\u00f3prio aprofundou e alargou ainda mais o fosso que separa a classe pol\u00edtica da sociedade. Em tempos de Lava Jato, a tentativa de aprovar, de forma nada transparente, uma medida pr\u00f3-impunidade dentro de um pacote anticorrup\u00e7\u00e3o foi interpretada como um verdadeiro acinte. N\u00e3o se trata, aqui, [&hellip;]<\/p>\n","protected":false},"author":2,"featured_media":122486,"comment_status":"open","ping_status":"closed","sticky":false,"template":"","format":"standard","meta":{"_acf_changed":false,"footnotes":""},"categories":[25],"tags":[],"class_list":["post-122480","post","type-post","status-publish","format-standard","has-post-thumbnail","hentry","category-opina-ai"],"acf":[],"yoast_head":"<!-- This site is optimized with the Yoast SEO plugin v27.5 - https:\/\/yoast.com\/product\/yoast-seo-wordpress\/ -->\n<title>Manobra esp\u00faria afasta deputados da sociedade - Notibras<\/title>\n<meta name=\"robots\" content=\"index, follow, max-snippet:-1, max-image-preview:large, max-video-preview:-1\" \/>\n<link rel=\"canonical\" href=\"https:\/\/www.notibras.com\/site\/manobra-espuria-afasta-deputados-da-sociedade\/\" \/>\n<meta property=\"og:locale\" content=\"pt_BR\" \/>\n<meta property=\"og:type\" content=\"article\" \/>\n<meta property=\"og:title\" content=\"Manobra esp\u00faria afasta deputados da sociedade - Notibras\" \/>\n<meta property=\"og:description\" content=\"Fabiano Ang\u00e9lico A manobra de deputados federais em benef\u00edcio pr\u00f3prio aprofundou e alargou ainda mais o fosso que separa a classe pol\u00edtica da sociedade. Em tempos de Lava Jato, a tentativa de aprovar, de forma nada transparente, uma medida pr\u00f3-impunidade dentro de um pacote anticorrup\u00e7\u00e3o foi interpretada como um verdadeiro acinte. N\u00e3o se trata, aqui, [&hellip;]\" \/>\n<meta property=\"og:url\" content=\"https:\/\/www.notibras.com\/site\/manobra-espuria-afasta-deputados-da-sociedade\/\" \/>\n<meta property=\"og:site_name\" content=\"Notibras\" \/>\n<meta property=\"article:publisher\" content=\"https:\/\/www.facebook.com\/notibras\/\" \/>\n<meta property=\"article:published_time\" content=\"2016-11-28T08:16:42+00:00\" \/>\n<meta property=\"og:image\" content=\"https:\/\/www.notibras.com\/site\/wp-content\/uploads\/2016\/11\/Plena\u0301rio-da-Ca\u0302mara-dos-Deputados.jpg\" \/>\n\t<meta property=\"og:image:width\" content=\"1000\" \/>\n\t<meta property=\"og:image:height\" content=\"656\" \/>\n\t<meta property=\"og:image:type\" content=\"image\/jpeg\" \/>\n<meta name=\"author\" content=\"Reda\u00e7\u00e3o\" \/>\n<meta name=\"twitter:card\" content=\"summary_large_image\" \/>\n<meta name=\"twitter:creator\" content=\"@Notibras\" \/>\n<meta name=\"twitter:site\" content=\"@Notibras\" \/>\n<meta name=\"twitter:label1\" content=\"Escrito por\" \/>\n\t<meta name=\"twitter:data1\" content=\"Reda\u00e7\u00e3o\" \/>\n\t<meta name=\"twitter:label2\" content=\"Est. tempo de leitura\" \/>\n\t<meta name=\"twitter:data2\" content=\"3 minutos\" \/>\n<script type=\"application\/ld+json\" class=\"yoast-schema-graph\">{\"@context\":\"https:\\\/\\\/schema.org\",\"@graph\":[{\"@type\":\"Article\",\"@id\":\"https:\\\/\\\/www.notibras.com\\\/site\\\/manobra-espuria-afasta-deputados-da-sociedade\\\/#article\",\"isPartOf\":{\"@id\":\"https:\\\/\\\/www.notibras.com\\\/site\\\/manobra-espuria-afasta-deputados-da-sociedade\\\/\"},\"author\":{\"name\":\"Reda\u00e7\u00e3o\",\"@id\":\"https:\\\/\\\/www.notibras.com\\\/site\\\/#\\\/schema\\\/person\\\/36ab0979449956132d3e5b517ea76ac8\"},\"headline\":\"Manobra esp\u00faria afasta deputados da sociedade\",\"datePublished\":\"2016-11-28T08:16:42+00:00\",\"mainEntityOfPage\":{\"@id\":\"https:\\\/\\\/www.notibras.com\\\/site\\\/manobra-espuria-afasta-deputados-da-sociedade\\\/\"},\"wordCount\":574,\"commentCount\":0,\"publisher\":{\"@id\":\"https:\\\/\\\/www.notibras.com\\\/site\\\/#organization\"},\"image\":{\"@id\":\"https:\\\/\\\/www.notibras.com\\\/site\\\/manobra-espuria-afasta-deputados-da-sociedade\\\/#primaryimage\"},\"thumbnailUrl\":\"https:\\\/\\\/www.notibras.com\\\/site\\\/wp-content\\\/uploads\\\/2016\\\/11\\\/Plena\u0301rio-da-Ca\u0302mara-dos-Deputados.jpg\",\"articleSection\":[\"Opina a\u00ed\"],\"inLanguage\":\"pt-BR\",\"potentialAction\":[{\"@type\":\"CommentAction\",\"name\":\"Comment\",\"target\":[\"https:\\\/\\\/www.notibras.com\\\/site\\\/manobra-espuria-afasta-deputados-da-sociedade\\\/#respond\"]}]},{\"@type\":\"WebPage\",\"@id\":\"https:\\\/\\\/www.notibras.com\\\/site\\\/manobra-espuria-afasta-deputados-da-sociedade\\\/\",\"url\":\"https:\\\/\\\/www.notibras.com\\\/site\\\/manobra-espuria-afasta-deputados-da-sociedade\\\/\",\"name\":\"Manobra esp\u00faria afasta deputados da sociedade - Notibras\",\"isPartOf\":{\"@id\":\"https:\\\/\\\/www.notibras.com\\\/site\\\/#website\"},\"primaryImageOfPage\":{\"@id\":\"https:\\\/\\\/www.notibras.com\\\/site\\\/manobra-espuria-afasta-deputados-da-sociedade\\\/#primaryimage\"},\"image\":{\"@id\":\"https:\\\/\\\/www.notibras.com\\\/site\\\/manobra-espuria-afasta-deputados-da-sociedade\\\/#primaryimage\"},\"thumbnailUrl\":\"https:\\\/\\\/www.notibras.com\\\/site\\\/wp-content\\\/uploads\\\/2016\\\/11\\\/Plena\u0301rio-da-Ca\u0302mara-dos-Deputados.jpg\",\"datePublished\":\"2016-11-28T08:16:42+00:00\",\"breadcrumb\":{\"@id\":\"https:\\\/\\\/www.notibras.com\\\/site\\\/manobra-espuria-afasta-deputados-da-sociedade\\\/#breadcrumb\"},\"inLanguage\":\"pt-BR\",\"potentialAction\":[{\"@type\":\"ReadAction\",\"target\":[\"https:\\\/\\\/www.notibras.com\\\/site\\\/manobra-espuria-afasta-deputados-da-sociedade\\\/\"]}]},{\"@type\":\"ImageObject\",\"inLanguage\":\"pt-BR\",\"@id\":\"https:\\\/\\\/www.notibras.com\\\/site\\\/manobra-espuria-afasta-deputados-da-sociedade\\\/#primaryimage\",\"url\":\"https:\\\/\\\/www.notibras.com\\\/site\\\/wp-content\\\/uploads\\\/2016\\\/11\\\/Plena\u0301rio-da-Ca\u0302mara-dos-Deputados.jpg\",\"contentUrl\":\"https:\\\/\\\/www.notibras.com\\\/site\\\/wp-content\\\/uploads\\\/2016\\\/11\\\/Plena\u0301rio-da-Ca\u0302mara-dos-Deputados.jpg\",\"width\":1000,\"height\":656},{\"@type\":\"BreadcrumbList\",\"@id\":\"https:\\\/\\\/www.notibras.com\\\/site\\\/manobra-espuria-afasta-deputados-da-sociedade\\\/#breadcrumb\",\"itemListElement\":[{\"@type\":\"ListItem\",\"position\":1,\"name\":\"In\u00edcio\",\"item\":\"https:\\\/\\\/www.notibras.com\\\/site\\\/\"},{\"@type\":\"ListItem\",\"position\":2,\"name\":\"Manobra esp\u00faria afasta deputados da sociedade\"}]},{\"@type\":\"WebSite\",\"@id\":\"https:\\\/\\\/www.notibras.com\\\/site\\\/#website\",\"url\":\"https:\\\/\\\/www.notibras.com\\\/site\\\/\",\"name\":\"Notibras\",\"description\":\"Not\u00edcias de Bras\u00edlia, do Brasil e do Mundo\",\"publisher\":{\"@id\":\"https:\\\/\\\/www.notibras.com\\\/site\\\/#organization\"},\"potentialAction\":[{\"@type\":\"SearchAction\",\"target\":{\"@type\":\"EntryPoint\",\"urlTemplate\":\"https:\\\/\\\/www.notibras.com\\\/site\\\/?s={search_term_string}\"},\"query-input\":{\"@type\":\"PropertyValueSpecification\",\"valueRequired\":true,\"valueName\":\"search_term_string\"}}],\"inLanguage\":\"pt-BR\"},{\"@type\":\"Organization\",\"@id\":\"https:\\\/\\\/www.notibras.com\\\/site\\\/#organization\",\"name\":\"Grupo Notibras de Comunica\u00e7\u00e3o\",\"url\":\"https:\\\/\\\/www.notibras.com\\\/site\\\/\",\"logo\":{\"@type\":\"ImageObject\",\"inLanguage\":\"pt-BR\",\"@id\":\"https:\\\/\\\/www.notibras.com\\\/site\\\/#\\\/schema\\\/logo\\\/image\\\/\",\"url\":\"https:\\\/\\\/www.notibras.com\\\/site\\\/wp-content\\\/uploads\\\/2023\\\/01\\\/notibras23.png\",\"contentUrl\":\"https:\\\/\\\/www.notibras.com\\\/site\\\/wp-content\\\/uploads\\\/2023\\\/01\\\/notibras23.png\",\"width\":350,\"height\":87,\"caption\":\"Grupo Notibras de Comunica\u00e7\u00e3o\"},\"image\":{\"@id\":\"https:\\\/\\\/www.notibras.com\\\/site\\\/#\\\/schema\\\/logo\\\/image\\\/\"},\"sameAs\":[\"https:\\\/\\\/www.facebook.com\\\/notibras\\\/\",\"https:\\\/\\\/x.com\\\/Notibras\",\"https:\\\/\\\/www.instagram.com\\\/notibras\\\/\"]},{\"@type\":\"Person\",\"@id\":\"https:\\\/\\\/www.notibras.com\\\/site\\\/#\\\/schema\\\/person\\\/36ab0979449956132d3e5b517ea76ac8\",\"name\":\"Reda\u00e7\u00e3o\",\"image\":{\"@type\":\"ImageObject\",\"inLanguage\":\"pt-BR\",\"@id\":\"https:\\\/\\\/secure.gravatar.com\\\/avatar\\\/e0a867bdedb85fd243eadf09663511f96fc81e0720a4a42581f334ad4303aa6b?s=96&d=mm&r=g\",\"url\":\"https:\\\/\\\/secure.gravatar.com\\\/avatar\\\/e0a867bdedb85fd243eadf09663511f96fc81e0720a4a42581f334ad4303aa6b?s=96&d=mm&r=g\",\"contentUrl\":\"https:\\\/\\\/secure.gravatar.com\\\/avatar\\\/e0a867bdedb85fd243eadf09663511f96fc81e0720a4a42581f334ad4303aa6b?s=96&d=mm&r=g\",\"caption\":\"Reda\u00e7\u00e3o\"}}]}<\/script>\n<!-- \/ Yoast SEO plugin. -->","yoast_head_json":{"title":"Manobra esp\u00faria afasta deputados da sociedade - Notibras","robots":{"index":"index","follow":"follow","max-snippet":"max-snippet:-1","max-image-preview":"max-image-preview:large","max-video-preview":"max-video-preview:-1"},"canonical":"https:\/\/www.notibras.com\/site\/manobra-espuria-afasta-deputados-da-sociedade\/","og_locale":"pt_BR","og_type":"article","og_title":"Manobra esp\u00faria afasta deputados da sociedade - Notibras","og_description":"Fabiano Ang\u00e9lico A manobra de deputados federais em benef\u00edcio pr\u00f3prio aprofundou e alargou ainda mais o fosso que separa a classe pol\u00edtica da sociedade. Em tempos de Lava Jato, a tentativa de aprovar, de forma nada transparente, uma medida pr\u00f3-impunidade dentro de um pacote anticorrup\u00e7\u00e3o foi interpretada como um verdadeiro acinte. N\u00e3o se trata, aqui, [&hellip;]","og_url":"https:\/\/www.notibras.com\/site\/manobra-espuria-afasta-deputados-da-sociedade\/","og_site_name":"Notibras","article_publisher":"https:\/\/www.facebook.com\/notibras\/","article_published_time":"2016-11-28T08:16:42+00:00","og_image":[{"width":1000,"height":656,"url":"https:\/\/www.notibras.com\/site\/wp-content\/uploads\/2016\/11\/Plena\u0301rio-da-Ca\u0302mara-dos-Deputados.jpg","type":"image\/jpeg"}],"author":"Reda\u00e7\u00e3o","twitter_card":"summary_large_image","twitter_creator":"@Notibras","twitter_site":"@Notibras","twitter_misc":{"Escrito por":"Reda\u00e7\u00e3o","Est. tempo de leitura":"3 minutos"},"schema":{"@context":"https:\/\/schema.org","@graph":[{"@type":"Article","@id":"https:\/\/www.notibras.com\/site\/manobra-espuria-afasta-deputados-da-sociedade\/#article","isPartOf":{"@id":"https:\/\/www.notibras.com\/site\/manobra-espuria-afasta-deputados-da-sociedade\/"},"author":{"name":"Reda\u00e7\u00e3o","@id":"https:\/\/www.notibras.com\/site\/#\/schema\/person\/36ab0979449956132d3e5b517ea76ac8"},"headline":"Manobra esp\u00faria afasta deputados da sociedade","datePublished":"2016-11-28T08:16:42+00:00","mainEntityOfPage":{"@id":"https:\/\/www.notibras.com\/site\/manobra-espuria-afasta-deputados-da-sociedade\/"},"wordCount":574,"commentCount":0,"publisher":{"@id":"https:\/\/www.notibras.com\/site\/#organization"},"image":{"@id":"https:\/\/www.notibras.com\/site\/manobra-espuria-afasta-deputados-da-sociedade\/#primaryimage"},"thumbnailUrl":"https:\/\/www.notibras.com\/site\/wp-content\/uploads\/2016\/11\/Plena\u0301rio-da-Ca\u0302mara-dos-Deputados.jpg","articleSection":["Opina a\u00ed"],"inLanguage":"pt-BR","potentialAction":[{"@type":"CommentAction","name":"Comment","target":["https:\/\/www.notibras.com\/site\/manobra-espuria-afasta-deputados-da-sociedade\/#respond"]}]},{"@type":"WebPage","@id":"https:\/\/www.notibras.com\/site\/manobra-espuria-afasta-deputados-da-sociedade\/","url":"https:\/\/www.notibras.com\/site\/manobra-espuria-afasta-deputados-da-sociedade\/","name":"Manobra esp\u00faria afasta deputados da sociedade - Notibras","isPartOf":{"@id":"https:\/\/www.notibras.com\/site\/#website"},"primaryImageOfPage":{"@id":"https:\/\/www.notibras.com\/site\/manobra-espuria-afasta-deputados-da-sociedade\/#primaryimage"},"image":{"@id":"https:\/\/www.notibras.com\/site\/manobra-espuria-afasta-deputados-da-sociedade\/#primaryimage"},"thumbnailUrl":"https:\/\/www.notibras.com\/site\/wp-content\/uploads\/2016\/11\/Plena\u0301rio-da-Ca\u0302mara-dos-Deputados.jpg","datePublished":"2016-11-28T08:16:42+00:00","breadcrumb":{"@id":"https:\/\/www.notibras.com\/site\/manobra-espuria-afasta-deputados-da-sociedade\/#breadcrumb"},"inLanguage":"pt-BR","potentialAction":[{"@type":"ReadAction","target":["https:\/\/www.notibras.com\/site\/manobra-espuria-afasta-deputados-da-sociedade\/"]}]},{"@type":"ImageObject","inLanguage":"pt-BR","@id":"https:\/\/www.notibras.com\/site\/manobra-espuria-afasta-deputados-da-sociedade\/#primaryimage","url":"https:\/\/www.notibras.com\/site\/wp-content\/uploads\/2016\/11\/Plena\u0301rio-da-Ca\u0302mara-dos-Deputados.jpg","contentUrl":"https:\/\/www.notibras.com\/site\/wp-content\/uploads\/2016\/11\/Plena\u0301rio-da-Ca\u0302mara-dos-Deputados.jpg","width":1000,"height":656},{"@type":"BreadcrumbList","@id":"https:\/\/www.notibras.com\/site\/manobra-espuria-afasta-deputados-da-sociedade\/#breadcrumb","itemListElement":[{"@type":"ListItem","position":1,"name":"In\u00edcio","item":"https:\/\/www.notibras.com\/site\/"},{"@type":"ListItem","position":2,"name":"Manobra esp\u00faria afasta deputados da sociedade"}]},{"@type":"WebSite","@id":"https:\/\/www.notibras.com\/site\/#website","url":"https:\/\/www.notibras.com\/site\/","name":"Notibras","description":"Not\u00edcias de Bras\u00edlia, do Brasil e do Mundo","publisher":{"@id":"https:\/\/www.notibras.com\/site\/#organization"},"potentialAction":[{"@type":"SearchAction","target":{"@type":"EntryPoint","urlTemplate":"https:\/\/www.notibras.com\/site\/?s={search_term_string}"},"query-input":{"@type":"PropertyValueSpecification","valueRequired":true,"valueName":"search_term_string"}}],"inLanguage":"pt-BR"},{"@type":"Organization","@id":"https:\/\/www.notibras.com\/site\/#organization","name":"Grupo Notibras de Comunica\u00e7\u00e3o","url":"https:\/\/www.notibras.com\/site\/","logo":{"@type":"ImageObject","inLanguage":"pt-BR","@id":"https:\/\/www.notibras.com\/site\/#\/schema\/logo\/image\/","url":"https:\/\/www.notibras.com\/site\/wp-content\/uploads\/2023\/01\/notibras23.png","contentUrl":"https:\/\/www.notibras.com\/site\/wp-content\/uploads\/2023\/01\/notibras23.png","width":350,"height":87,"caption":"Grupo Notibras de Comunica\u00e7\u00e3o"},"image":{"@id":"https:\/\/www.notibras.com\/site\/#\/schema\/logo\/image\/"},"sameAs":["https:\/\/www.facebook.com\/notibras\/","https:\/\/x.com\/Notibras","https:\/\/www.instagram.com\/notibras\/"]},{"@type":"Person","@id":"https:\/\/www.notibras.com\/site\/#\/schema\/person\/36ab0979449956132d3e5b517ea76ac8","name":"Reda\u00e7\u00e3o","image":{"@type":"ImageObject","inLanguage":"pt-BR","@id":"https:\/\/secure.gravatar.com\/avatar\/e0a867bdedb85fd243eadf09663511f96fc81e0720a4a42581f334ad4303aa6b?s=96&d=mm&r=g","url":"https:\/\/secure.gravatar.com\/avatar\/e0a867bdedb85fd243eadf09663511f96fc81e0720a4a42581f334ad4303aa6b?s=96&d=mm&r=g","contentUrl":"https:\/\/secure.gravatar.com\/avatar\/e0a867bdedb85fd243eadf09663511f96fc81e0720a4a42581f334ad4303aa6b?s=96&d=mm&r=g","caption":"Reda\u00e7\u00e3o"}}]}},"amp_enabled":true,"_links":{"self":[{"href":"https:\/\/www.notibras.com\/site\/wp-json\/wp\/v2\/posts\/122480","targetHints":{"allow":["GET"]}}],"collection":[{"href":"https:\/\/www.notibras.com\/site\/wp-json\/wp\/v2\/posts"}],"about":[{"href":"https:\/\/www.notibras.com\/site\/wp-json\/wp\/v2\/types\/post"}],"author":[{"embeddable":true,"href":"https:\/\/www.notibras.com\/site\/wp-json\/wp\/v2\/users\/2"}],"replies":[{"embeddable":true,"href":"https:\/\/www.notibras.com\/site\/wp-json\/wp\/v2\/comments?post=122480"}],"version-history":[{"count":1,"href":"https:\/\/www.notibras.com\/site\/wp-json\/wp\/v2\/posts\/122480\/revisions"}],"predecessor-version":[{"id":122482,"href":"https:\/\/www.notibras.com\/site\/wp-json\/wp\/v2\/posts\/122480\/revisions\/122482"}],"wp:featuredmedia":[{"embeddable":true,"href":"https:\/\/www.notibras.com\/site\/wp-json\/wp\/v2\/media\/122486"}],"wp:attachment":[{"href":"https:\/\/www.notibras.com\/site\/wp-json\/wp\/v2\/media?parent=122480"}],"wp:term":[{"taxonomy":"category","embeddable":true,"href":"https:\/\/www.notibras.com\/site\/wp-json\/wp\/v2\/categories?post=122480"},{"taxonomy":"post_tag","embeddable":true,"href":"https:\/\/www.notibras.com\/site\/wp-json\/wp\/v2\/tags?post=122480"}],"curies":[{"name":"wp","href":"https:\/\/api.w.org\/{rel}","templated":true}]}}