{"id":122643,"date":"2016-11-30T09:22:26","date_gmt":"2016-11-30T11:22:26","guid":{"rendered":"http:\/\/www.notibras.com\/site\/?p=122643"},"modified":"2016-11-30T09:23:08","modified_gmt":"2016-11-30T11:23:08","slug":"ditadura-quer-voltar-nos-bracos-do-ministerio-publico","status":"publish","type":"post","link":"https:\/\/www.notibras.com\/site\/ditadura-quer-voltar-nos-bracos-do-ministerio-publico\/","title":{"rendered":"Ditadura quer voltar nos bra\u00e7os do Minist\u00e9rio P\u00fablico"},"content":{"rendered":"<p><strong>Roberto Tardelli<\/strong><\/p>\n<p>Tempos de horrores e de morte do estado Democr\u00e1tico de Direito. Tempos sombrios, eu era crian\u00e7a quando surgiu o AI-5 e j\u00e1 era um promotor de justi\u00e7a quando ele se foi, sem deixar \u2013 imagin\u00e1vamos \u2013 saudades.<\/p>\n<p>Deixou saudades e deixou marcas. Uma delas \u00e9 o pacote anticorrup\u00e7\u00e3o do Minist\u00e9rio P\u00fablico Federal, que, dentre outras vergonhas contempor\u00e2neas, cria a Comiss\u00e3o para recebimento de den\u00fancias de corrup\u00e7\u00e3o, uma esp\u00e9cie de Gestapo, para acossar em nome da moralidade.<\/p>\n<p>Est\u00e1 inaugurada a Rep\u00fablica dos Delatores \u2013 ou ent\u00e3o a Rep\u00fablica dos Reportantes \u2013 e est\u00e3o mais do que lan\u00e7adas as bases para o pa\u00eds mais perigoso do mundo para se viver. Est\u00e1 feito o servi\u00e7o sujo a que nem os militares se sujeitaram.<\/p>\n<p>Brasil, o Pa\u00eds do Medo. O Pa\u00eds da Comiss\u00e3o que vai desmoralizar, constranger, achacar, pressionar, anular, humilhar, expor os inconvenientes. No mais sombrio per\u00edodo stalinista, havia essas comiss\u00f5es no Partido Comunista, que se espalharam pelos pa\u00edses do leste europeu. Era a submiss\u00e3o ou a exclus\u00e3o, as op\u00e7\u00f5es que essas comiss\u00f5es davam.<\/p>\n<p>A Ditadura chegou nos bra\u00e7os do Minist\u00e9rio P\u00fablico. Chegou nas m\u00e3os de quem tem o compromisso constitucionalmente posto de lutar pela democracia. Veio nas m\u00e3os do Minist\u00e9rio P\u00fablico, que fique claro isso, que fique claro que as pessoas que sa\u00edram ingenuamente \u00e0s ruas pedindo ades\u00e3o a um abaixo-assinado que n\u00e3o compreendiam foram enganadas, foram tra\u00eddas.<\/p>\n<p>Elas queriam apenas que algu\u00e9m combatesse a corrup\u00e7\u00e3o que nos inferniza \u2013 ou que nos foi posto goela abaixo que nos inferniza mais que o fosso da desigualdade econ\u00f4mica \u2013 e obtiveram uma tirania, uma ditadura em que n\u00e3o mais existe um ditador, personalista e egoc\u00eantrico, mas incont\u00e1veis pequenos tiranos, eg\u00f3icos e narc\u00edsicos, que v\u00e3o destilar arb\u00edtrio por onde passarem.<\/p>\n<p>N\u00e3o ser\u00e3o todos os promotores nem todos os procuradores, apenas os mais proeminentes, apenas o que se acham cheios de brilho, apenas os que v\u00e3o comandar os destinos do Minist\u00e9rio P\u00fablico, explicita ou nas sombras da floresta obscura do Poder.<\/p>\n<p>Os que n\u00e3o suportarem ser\u00e3o perseguidos; antes, ser\u00e3o desmoralizados. Depois, perseguidos, ser\u00e3o punidos; a ira santa ir\u00e1 queim\u00e1-los nos corredores. A f\u00faria purificadora dos samurais ir\u00e1 estimular a deduragem, o denuncismo, ir\u00e1 estimular que se poder\u00e1 ganhar uma grana a mais, que para ganhar uma grana a mais, bastar\u00e1 denunciar, bastar\u00e1 denunciar como se estivesse em uma pescaria, uma hora o peixe da recompensa pelo dedurismo vai chegar e o carro ser\u00e1 trocado. \u00c9 uma canalhice jur\u00eddica sem tamanho.<\/p>\n<p>O dedo-duro recebe nome de fic\u00e7\u00e3o cient\u00edfica: reportante. Vale repetir, esse ser\u00e1 o mau car\u00e1ter do S\u00e9c. XXI, protegido por lei, o primeiro canalha a ser protegido por lei, o reportante, o canalha intoc\u00e1vel, intang\u00edvel, superior aos que n\u00e3o foram canalhas. A canalhice ser\u00e1 virtuosa, se for em nome do Bem; se os canalhas se proliferarem, todos reportar\u00e3o todos e quem quiser um esparadrapo em um posto de sa\u00fade haver\u00e1 de suplicar de joelhos por isso.<\/p>\n<p>Digo aliviado: n\u00e3o mais perten\u00e7o aos quadros da Institui\u00e7\u00e3o que traiu o pa\u00eds, o povo, a democracia, que conspirou contra a democracia, que trouxe o terror de estado, o medo institucional, que transformou esse pa\u00eds em um lugar em que canalhas ser\u00e3o celebrados como her\u00f3is.<\/p>\n<p>Os indesej\u00e1veis e os inconvenientes v\u00e3o sentir a persegui\u00e7\u00e3o. N\u00e3o haver\u00e1 privacidade, intimidade a ser respeitada, eis que o interesse p\u00fablico ser\u00e1 superior a tudo isso e o telefone ser\u00e1 a corda que envolver\u00e1 o pesco\u00e7o e a tecnologia, maravilhosa para libertar, ser\u00e1 usada para oprimir. O Grande Irm\u00e3o est\u00e1 na aristocracia do servi\u00e7o p\u00fablico.<\/p>\n<p>O amigo, a amiga est\u00e1 se divertindo com a dela\u00e7\u00e3o premiada, que todos os dias anima o Jornal Nacional e alimenta a VEJA? Pois bem, a maioria de voc\u00eas nem faz ideia do que seja, nunca viu essa banda tocar, mas gosta e se deleita vendo gente ser presa, pol\u00edtico \u00e9 tudo ladr\u00e3o.<\/p>\n<p>O que voc\u00ea n\u00e3o sabe \u00e9 que a dela\u00e7\u00e3o \u00e9 um acordo, um neg\u00f3cio, que pode ser extremamente lucrativo se for feito com uma dose m\u00ednima de pragmatismo bilateral.<\/p>\n<p>Esse acordo, my friends, \u00e9 feito sem que se conhe\u00e7am as tratativas, muito embora versem sobre dinheiro p\u00fablico, ningu\u00e9m, salvo os diretamente envolvidos, sabem o que rola nas conversas, o que \u00e9 prometido, o que \u00e9 inclu\u00eddo e o que \u00e9 tirado. A pris\u00e3o \u00e9 um horror e a dela\u00e7\u00e3o \u00e9 a chave da cadeia. N\u00e3o h\u00e1 nenhum registro de como se operam essas dela\u00e7\u00f5es, essas conversas. O nome disso \u00e9 Justi\u00e7a Negocial, isso, a Justi\u00e7a vira uma mercadoria a ser transacionada, vendida, trocada, vira um carrinho usado, posto num feir\u00e3o de domingo.<\/p>\n<p>O Minist\u00e9rio P\u00fablico \u00e9 o dono do armaz\u00e9m, onde se barganham informa\u00e7\u00f5es, penas, em outro nome legal pr\u00e1 coisa, plea bargain, que nos habituamos a ver nos filmes americanos e que se tornou a pior experi\u00eancia jurisdicional do mundo ocidental. Por qu\u00ea? Porque nossos Bravos Rapazes Americanos s\u00e3o l\u00edderes em pris\u00f5es e nem por isso diminuiu-se a criminalidade por l\u00e1.<\/p>\n<p>Parece um pesadelo. N\u00e3o \u00e9. Aos amigos e amigas, digo honestamente que a democracia sofreu o mais duro golpe dos \u00faltimos trinta anos, ou mais at\u00e9. Democracia que amanhecer\u00e1 bem menor, amanhecer\u00e1 quase morta, olhando pra gente, com o olho que sobrou, pedindo socorro. Socorro.<\/p>\n<p>O estado, desgra\u00e7adamente, \u00e9 muito grave.<\/p>\n","protected":false},"excerpt":{"rendered":"<p>Roberto Tardelli Tempos de horrores e de morte do estado Democr\u00e1tico de Direito. Tempos sombrios, eu era crian\u00e7a quando surgiu o AI-5 e j\u00e1 era um promotor de justi\u00e7a quando ele se foi, sem deixar \u2013 imagin\u00e1vamos \u2013 saudades. Deixou saudades e deixou marcas. Uma delas \u00e9 o pacote anticorrup\u00e7\u00e3o do Minist\u00e9rio P\u00fablico Federal, que, [&hellip;]<\/p>\n","protected":false},"author":2,"featured_media":122644,"comment_status":"open","ping_status":"closed","sticky":false,"template":"","format":"standard","meta":{"_acf_changed":false,"footnotes":""},"categories":[25],"tags":[],"class_list":["post-122643","post","type-post","status-publish","format-standard","has-post-thumbnail","hentry","category-opina-ai"],"acf":[],"yoast_head":"<!-- This site is optimized with the Yoast SEO plugin v27.5 - https:\/\/yoast.com\/product\/yoast-seo-wordpress\/ -->\n<title>Ditadura quer voltar nos bra\u00e7os do Minist\u00e9rio P\u00fablico - Notibras<\/title>\n<meta name=\"robots\" content=\"index, follow, max-snippet:-1, max-image-preview:large, max-video-preview:-1\" \/>\n<link rel=\"canonical\" href=\"https:\/\/www.notibras.com\/site\/ditadura-quer-voltar-nos-bracos-do-ministerio-publico\/\" \/>\n<meta property=\"og:locale\" content=\"pt_BR\" \/>\n<meta property=\"og:type\" content=\"article\" \/>\n<meta property=\"og:title\" content=\"Ditadura quer voltar nos bra\u00e7os do Minist\u00e9rio P\u00fablico - Notibras\" \/>\n<meta property=\"og:description\" content=\"Roberto Tardelli Tempos de horrores e de morte do estado Democr\u00e1tico de Direito. Tempos sombrios, eu era crian\u00e7a quando surgiu o AI-5 e j\u00e1 era um promotor de justi\u00e7a quando ele se foi, sem deixar \u2013 imagin\u00e1vamos \u2013 saudades. Deixou saudades e deixou marcas. Uma delas \u00e9 o pacote anticorrup\u00e7\u00e3o do Minist\u00e9rio P\u00fablico Federal, que, [&hellip;]\" \/>\n<meta property=\"og:url\" content=\"https:\/\/www.notibras.com\/site\/ditadura-quer-voltar-nos-bracos-do-ministerio-publico\/\" \/>\n<meta property=\"og:site_name\" content=\"Notibras\" \/>\n<meta property=\"article:publisher\" content=\"https:\/\/www.facebook.com\/notibras\/\" \/>\n<meta property=\"article:published_time\" content=\"2016-11-30T11:22:26+00:00\" \/>\n<meta property=\"article:modified_time\" content=\"2016-11-30T11:23:08+00:00\" \/>\n<meta property=\"og:image\" content=\"https:\/\/www.notibras.com\/site\/wp-content\/uploads\/2016\/11\/ditadura11-780x440.jpg\" \/>\n\t<meta property=\"og:image:width\" content=\"780\" \/>\n\t<meta property=\"og:image:height\" content=\"440\" \/>\n\t<meta property=\"og:image:type\" content=\"image\/jpeg\" \/>\n<meta name=\"author\" content=\"Reda\u00e7\u00e3o\" \/>\n<meta name=\"twitter:card\" content=\"summary_large_image\" \/>\n<meta name=\"twitter:creator\" content=\"@Notibras\" \/>\n<meta name=\"twitter:site\" content=\"@Notibras\" \/>\n<meta name=\"twitter:label1\" content=\"Escrito por\" \/>\n\t<meta name=\"twitter:data1\" content=\"Reda\u00e7\u00e3o\" \/>\n\t<meta name=\"twitter:label2\" content=\"Est. tempo de leitura\" \/>\n\t<meta name=\"twitter:data2\" content=\"5 minutos\" \/>\n<script type=\"application\/ld+json\" class=\"yoast-schema-graph\">{\"@context\":\"https:\\\/\\\/schema.org\",\"@graph\":[{\"@type\":\"Article\",\"@id\":\"https:\\\/\\\/www.notibras.com\\\/site\\\/ditadura-quer-voltar-nos-bracos-do-ministerio-publico\\\/#article\",\"isPartOf\":{\"@id\":\"https:\\\/\\\/www.notibras.com\\\/site\\\/ditadura-quer-voltar-nos-bracos-do-ministerio-publico\\\/\"},\"author\":{\"name\":\"Reda\u00e7\u00e3o\",\"@id\":\"https:\\\/\\\/www.notibras.com\\\/site\\\/#\\\/schema\\\/person\\\/36ab0979449956132d3e5b517ea76ac8\"},\"headline\":\"Ditadura quer voltar nos bra\u00e7os do Minist\u00e9rio P\u00fablico\",\"datePublished\":\"2016-11-30T11:22:26+00:00\",\"dateModified\":\"2016-11-30T11:23:08+00:00\",\"mainEntityOfPage\":{\"@id\":\"https:\\\/\\\/www.notibras.com\\\/site\\\/ditadura-quer-voltar-nos-bracos-do-ministerio-publico\\\/\"},\"wordCount\":975,\"commentCount\":0,\"publisher\":{\"@id\":\"https:\\\/\\\/www.notibras.com\\\/site\\\/#organization\"},\"image\":{\"@id\":\"https:\\\/\\\/www.notibras.com\\\/site\\\/ditadura-quer-voltar-nos-bracos-do-ministerio-publico\\\/#primaryimage\"},\"thumbnailUrl\":\"https:\\\/\\\/www.notibras.com\\\/site\\\/wp-content\\\/uploads\\\/2016\\\/11\\\/ditadura11-780x440.jpg\",\"articleSection\":[\"Opina a\u00ed\"],\"inLanguage\":\"pt-BR\",\"potentialAction\":[{\"@type\":\"CommentAction\",\"name\":\"Comment\",\"target\":[\"https:\\\/\\\/www.notibras.com\\\/site\\\/ditadura-quer-voltar-nos-bracos-do-ministerio-publico\\\/#respond\"]}]},{\"@type\":\"WebPage\",\"@id\":\"https:\\\/\\\/www.notibras.com\\\/site\\\/ditadura-quer-voltar-nos-bracos-do-ministerio-publico\\\/\",\"url\":\"https:\\\/\\\/www.notibras.com\\\/site\\\/ditadura-quer-voltar-nos-bracos-do-ministerio-publico\\\/\",\"name\":\"Ditadura quer voltar nos bra\u00e7os do Minist\u00e9rio P\u00fablico - Notibras\",\"isPartOf\":{\"@id\":\"https:\\\/\\\/www.notibras.com\\\/site\\\/#website\"},\"primaryImageOfPage\":{\"@id\":\"https:\\\/\\\/www.notibras.com\\\/site\\\/ditadura-quer-voltar-nos-bracos-do-ministerio-publico\\\/#primaryimage\"},\"image\":{\"@id\":\"https:\\\/\\\/www.notibras.com\\\/site\\\/ditadura-quer-voltar-nos-bracos-do-ministerio-publico\\\/#primaryimage\"},\"thumbnailUrl\":\"https:\\\/\\\/www.notibras.com\\\/site\\\/wp-content\\\/uploads\\\/2016\\\/11\\\/ditadura11-780x440.jpg\",\"datePublished\":\"2016-11-30T11:22:26+00:00\",\"dateModified\":\"2016-11-30T11:23:08+00:00\",\"breadcrumb\":{\"@id\":\"https:\\\/\\\/www.notibras.com\\\/site\\\/ditadura-quer-voltar-nos-bracos-do-ministerio-publico\\\/#breadcrumb\"},\"inLanguage\":\"pt-BR\",\"potentialAction\":[{\"@type\":\"ReadAction\",\"target\":[\"https:\\\/\\\/www.notibras.com\\\/site\\\/ditadura-quer-voltar-nos-bracos-do-ministerio-publico\\\/\"]}]},{\"@type\":\"ImageObject\",\"inLanguage\":\"pt-BR\",\"@id\":\"https:\\\/\\\/www.notibras.com\\\/site\\\/ditadura-quer-voltar-nos-bracos-do-ministerio-publico\\\/#primaryimage\",\"url\":\"https:\\\/\\\/www.notibras.com\\\/site\\\/wp-content\\\/uploads\\\/2016\\\/11\\\/ditadura11-780x440.jpg\",\"contentUrl\":\"https:\\\/\\\/www.notibras.com\\\/site\\\/wp-content\\\/uploads\\\/2016\\\/11\\\/ditadura11-780x440.jpg\",\"width\":780,\"height\":440,\"caption\":\"Foto\\\/Arquivo Notibras\"},{\"@type\":\"BreadcrumbList\",\"@id\":\"https:\\\/\\\/www.notibras.com\\\/site\\\/ditadura-quer-voltar-nos-bracos-do-ministerio-publico\\\/#breadcrumb\",\"itemListElement\":[{\"@type\":\"ListItem\",\"position\":1,\"name\":\"In\u00edcio\",\"item\":\"https:\\\/\\\/www.notibras.com\\\/site\\\/\"},{\"@type\":\"ListItem\",\"position\":2,\"name\":\"Ditadura quer voltar nos bra\u00e7os do Minist\u00e9rio P\u00fablico\"}]},{\"@type\":\"WebSite\",\"@id\":\"https:\\\/\\\/www.notibras.com\\\/site\\\/#website\",\"url\":\"https:\\\/\\\/www.notibras.com\\\/site\\\/\",\"name\":\"Notibras\",\"description\":\"Not\u00edcias de Bras\u00edlia, do Brasil e do Mundo\",\"publisher\":{\"@id\":\"https:\\\/\\\/www.notibras.com\\\/site\\\/#organization\"},\"potentialAction\":[{\"@type\":\"SearchAction\",\"target\":{\"@type\":\"EntryPoint\",\"urlTemplate\":\"https:\\\/\\\/www.notibras.com\\\/site\\\/?s={search_term_string}\"},\"query-input\":{\"@type\":\"PropertyValueSpecification\",\"valueRequired\":true,\"valueName\":\"search_term_string\"}}],\"inLanguage\":\"pt-BR\"},{\"@type\":\"Organization\",\"@id\":\"https:\\\/\\\/www.notibras.com\\\/site\\\/#organization\",\"name\":\"Grupo Notibras de Comunica\u00e7\u00e3o\",\"url\":\"https:\\\/\\\/www.notibras.com\\\/site\\\/\",\"logo\":{\"@type\":\"ImageObject\",\"inLanguage\":\"pt-BR\",\"@id\":\"https:\\\/\\\/www.notibras.com\\\/site\\\/#\\\/schema\\\/logo\\\/image\\\/\",\"url\":\"https:\\\/\\\/www.notibras.com\\\/site\\\/wp-content\\\/uploads\\\/2023\\\/01\\\/notibras23.png\",\"contentUrl\":\"https:\\\/\\\/www.notibras.com\\\/site\\\/wp-content\\\/uploads\\\/2023\\\/01\\\/notibras23.png\",\"width\":350,\"height\":87,\"caption\":\"Grupo Notibras de Comunica\u00e7\u00e3o\"},\"image\":{\"@id\":\"https:\\\/\\\/www.notibras.com\\\/site\\\/#\\\/schema\\\/logo\\\/image\\\/\"},\"sameAs\":[\"https:\\\/\\\/www.facebook.com\\\/notibras\\\/\",\"https:\\\/\\\/x.com\\\/Notibras\",\"https:\\\/\\\/www.instagram.com\\\/notibras\\\/\"]},{\"@type\":\"Person\",\"@id\":\"https:\\\/\\\/www.notibras.com\\\/site\\\/#\\\/schema\\\/person\\\/36ab0979449956132d3e5b517ea76ac8\",\"name\":\"Reda\u00e7\u00e3o\",\"image\":{\"@type\":\"ImageObject\",\"inLanguage\":\"pt-BR\",\"@id\":\"https:\\\/\\\/secure.gravatar.com\\\/avatar\\\/e0a867bdedb85fd243eadf09663511f96fc81e0720a4a42581f334ad4303aa6b?s=96&d=mm&r=g\",\"url\":\"https:\\\/\\\/secure.gravatar.com\\\/avatar\\\/e0a867bdedb85fd243eadf09663511f96fc81e0720a4a42581f334ad4303aa6b?s=96&d=mm&r=g\",\"contentUrl\":\"https:\\\/\\\/secure.gravatar.com\\\/avatar\\\/e0a867bdedb85fd243eadf09663511f96fc81e0720a4a42581f334ad4303aa6b?s=96&d=mm&r=g\",\"caption\":\"Reda\u00e7\u00e3o\"}}]}<\/script>\n<!-- \/ Yoast SEO plugin. -->","yoast_head_json":{"title":"Ditadura quer voltar nos bra\u00e7os do Minist\u00e9rio P\u00fablico - Notibras","robots":{"index":"index","follow":"follow","max-snippet":"max-snippet:-1","max-image-preview":"max-image-preview:large","max-video-preview":"max-video-preview:-1"},"canonical":"https:\/\/www.notibras.com\/site\/ditadura-quer-voltar-nos-bracos-do-ministerio-publico\/","og_locale":"pt_BR","og_type":"article","og_title":"Ditadura quer voltar nos bra\u00e7os do Minist\u00e9rio P\u00fablico - Notibras","og_description":"Roberto Tardelli Tempos de horrores e de morte do estado Democr\u00e1tico de Direito. Tempos sombrios, eu era crian\u00e7a quando surgiu o AI-5 e j\u00e1 era um promotor de justi\u00e7a quando ele se foi, sem deixar \u2013 imagin\u00e1vamos \u2013 saudades. Deixou saudades e deixou marcas. Uma delas \u00e9 o pacote anticorrup\u00e7\u00e3o do Minist\u00e9rio P\u00fablico Federal, que, [&hellip;]","og_url":"https:\/\/www.notibras.com\/site\/ditadura-quer-voltar-nos-bracos-do-ministerio-publico\/","og_site_name":"Notibras","article_publisher":"https:\/\/www.facebook.com\/notibras\/","article_published_time":"2016-11-30T11:22:26+00:00","article_modified_time":"2016-11-30T11:23:08+00:00","og_image":[{"width":780,"height":440,"url":"https:\/\/www.notibras.com\/site\/wp-content\/uploads\/2016\/11\/ditadura11-780x440.jpg","type":"image\/jpeg"}],"author":"Reda\u00e7\u00e3o","twitter_card":"summary_large_image","twitter_creator":"@Notibras","twitter_site":"@Notibras","twitter_misc":{"Escrito por":"Reda\u00e7\u00e3o","Est. tempo de leitura":"5 minutos"},"schema":{"@context":"https:\/\/schema.org","@graph":[{"@type":"Article","@id":"https:\/\/www.notibras.com\/site\/ditadura-quer-voltar-nos-bracos-do-ministerio-publico\/#article","isPartOf":{"@id":"https:\/\/www.notibras.com\/site\/ditadura-quer-voltar-nos-bracos-do-ministerio-publico\/"},"author":{"name":"Reda\u00e7\u00e3o","@id":"https:\/\/www.notibras.com\/site\/#\/schema\/person\/36ab0979449956132d3e5b517ea76ac8"},"headline":"Ditadura quer voltar nos bra\u00e7os do Minist\u00e9rio P\u00fablico","datePublished":"2016-11-30T11:22:26+00:00","dateModified":"2016-11-30T11:23:08+00:00","mainEntityOfPage":{"@id":"https:\/\/www.notibras.com\/site\/ditadura-quer-voltar-nos-bracos-do-ministerio-publico\/"},"wordCount":975,"commentCount":0,"publisher":{"@id":"https:\/\/www.notibras.com\/site\/#organization"},"image":{"@id":"https:\/\/www.notibras.com\/site\/ditadura-quer-voltar-nos-bracos-do-ministerio-publico\/#primaryimage"},"thumbnailUrl":"https:\/\/www.notibras.com\/site\/wp-content\/uploads\/2016\/11\/ditadura11-780x440.jpg","articleSection":["Opina a\u00ed"],"inLanguage":"pt-BR","potentialAction":[{"@type":"CommentAction","name":"Comment","target":["https:\/\/www.notibras.com\/site\/ditadura-quer-voltar-nos-bracos-do-ministerio-publico\/#respond"]}]},{"@type":"WebPage","@id":"https:\/\/www.notibras.com\/site\/ditadura-quer-voltar-nos-bracos-do-ministerio-publico\/","url":"https:\/\/www.notibras.com\/site\/ditadura-quer-voltar-nos-bracos-do-ministerio-publico\/","name":"Ditadura quer voltar nos bra\u00e7os do Minist\u00e9rio P\u00fablico - Notibras","isPartOf":{"@id":"https:\/\/www.notibras.com\/site\/#website"},"primaryImageOfPage":{"@id":"https:\/\/www.notibras.com\/site\/ditadura-quer-voltar-nos-bracos-do-ministerio-publico\/#primaryimage"},"image":{"@id":"https:\/\/www.notibras.com\/site\/ditadura-quer-voltar-nos-bracos-do-ministerio-publico\/#primaryimage"},"thumbnailUrl":"https:\/\/www.notibras.com\/site\/wp-content\/uploads\/2016\/11\/ditadura11-780x440.jpg","datePublished":"2016-11-30T11:22:26+00:00","dateModified":"2016-11-30T11:23:08+00:00","breadcrumb":{"@id":"https:\/\/www.notibras.com\/site\/ditadura-quer-voltar-nos-bracos-do-ministerio-publico\/#breadcrumb"},"inLanguage":"pt-BR","potentialAction":[{"@type":"ReadAction","target":["https:\/\/www.notibras.com\/site\/ditadura-quer-voltar-nos-bracos-do-ministerio-publico\/"]}]},{"@type":"ImageObject","inLanguage":"pt-BR","@id":"https:\/\/www.notibras.com\/site\/ditadura-quer-voltar-nos-bracos-do-ministerio-publico\/#primaryimage","url":"https:\/\/www.notibras.com\/site\/wp-content\/uploads\/2016\/11\/ditadura11-780x440.jpg","contentUrl":"https:\/\/www.notibras.com\/site\/wp-content\/uploads\/2016\/11\/ditadura11-780x440.jpg","width":780,"height":440,"caption":"Foto\/Arquivo Notibras"},{"@type":"BreadcrumbList","@id":"https:\/\/www.notibras.com\/site\/ditadura-quer-voltar-nos-bracos-do-ministerio-publico\/#breadcrumb","itemListElement":[{"@type":"ListItem","position":1,"name":"In\u00edcio","item":"https:\/\/www.notibras.com\/site\/"},{"@type":"ListItem","position":2,"name":"Ditadura quer voltar nos bra\u00e7os do Minist\u00e9rio P\u00fablico"}]},{"@type":"WebSite","@id":"https:\/\/www.notibras.com\/site\/#website","url":"https:\/\/www.notibras.com\/site\/","name":"Notibras","description":"Not\u00edcias de Bras\u00edlia, do Brasil e do Mundo","publisher":{"@id":"https:\/\/www.notibras.com\/site\/#organization"},"potentialAction":[{"@type":"SearchAction","target":{"@type":"EntryPoint","urlTemplate":"https:\/\/www.notibras.com\/site\/?s={search_term_string}"},"query-input":{"@type":"PropertyValueSpecification","valueRequired":true,"valueName":"search_term_string"}}],"inLanguage":"pt-BR"},{"@type":"Organization","@id":"https:\/\/www.notibras.com\/site\/#organization","name":"Grupo Notibras de Comunica\u00e7\u00e3o","url":"https:\/\/www.notibras.com\/site\/","logo":{"@type":"ImageObject","inLanguage":"pt-BR","@id":"https:\/\/www.notibras.com\/site\/#\/schema\/logo\/image\/","url":"https:\/\/www.notibras.com\/site\/wp-content\/uploads\/2023\/01\/notibras23.png","contentUrl":"https:\/\/www.notibras.com\/site\/wp-content\/uploads\/2023\/01\/notibras23.png","width":350,"height":87,"caption":"Grupo Notibras de Comunica\u00e7\u00e3o"},"image":{"@id":"https:\/\/www.notibras.com\/site\/#\/schema\/logo\/image\/"},"sameAs":["https:\/\/www.facebook.com\/notibras\/","https:\/\/x.com\/Notibras","https:\/\/www.instagram.com\/notibras\/"]},{"@type":"Person","@id":"https:\/\/www.notibras.com\/site\/#\/schema\/person\/36ab0979449956132d3e5b517ea76ac8","name":"Reda\u00e7\u00e3o","image":{"@type":"ImageObject","inLanguage":"pt-BR","@id":"https:\/\/secure.gravatar.com\/avatar\/e0a867bdedb85fd243eadf09663511f96fc81e0720a4a42581f334ad4303aa6b?s=96&d=mm&r=g","url":"https:\/\/secure.gravatar.com\/avatar\/e0a867bdedb85fd243eadf09663511f96fc81e0720a4a42581f334ad4303aa6b?s=96&d=mm&r=g","contentUrl":"https:\/\/secure.gravatar.com\/avatar\/e0a867bdedb85fd243eadf09663511f96fc81e0720a4a42581f334ad4303aa6b?s=96&d=mm&r=g","caption":"Reda\u00e7\u00e3o"}}]}},"amp_enabled":true,"_links":{"self":[{"href":"https:\/\/www.notibras.com\/site\/wp-json\/wp\/v2\/posts\/122643","targetHints":{"allow":["GET"]}}],"collection":[{"href":"https:\/\/www.notibras.com\/site\/wp-json\/wp\/v2\/posts"}],"about":[{"href":"https:\/\/www.notibras.com\/site\/wp-json\/wp\/v2\/types\/post"}],"author":[{"embeddable":true,"href":"https:\/\/www.notibras.com\/site\/wp-json\/wp\/v2\/users\/2"}],"replies":[{"embeddable":true,"href":"https:\/\/www.notibras.com\/site\/wp-json\/wp\/v2\/comments?post=122643"}],"version-history":[{"count":2,"href":"https:\/\/www.notibras.com\/site\/wp-json\/wp\/v2\/posts\/122643\/revisions"}],"predecessor-version":[{"id":122646,"href":"https:\/\/www.notibras.com\/site\/wp-json\/wp\/v2\/posts\/122643\/revisions\/122646"}],"wp:featuredmedia":[{"embeddable":true,"href":"https:\/\/www.notibras.com\/site\/wp-json\/wp\/v2\/media\/122644"}],"wp:attachment":[{"href":"https:\/\/www.notibras.com\/site\/wp-json\/wp\/v2\/media?parent=122643"}],"wp:term":[{"taxonomy":"category","embeddable":true,"href":"https:\/\/www.notibras.com\/site\/wp-json\/wp\/v2\/categories?post=122643"},{"taxonomy":"post_tag","embeddable":true,"href":"https:\/\/www.notibras.com\/site\/wp-json\/wp\/v2\/tags?post=122643"}],"curies":[{"name":"wp","href":"https:\/\/api.w.org\/{rel}","templated":true}]}}