{"id":122738,"date":"2016-12-01T09:53:23","date_gmt":"2016-12-01T11:53:23","guid":{"rendered":"http:\/\/www.notibras.com\/site\/?p=122738"},"modified":"2016-12-01T09:53:23","modified_gmt":"2016-12-01T11:53:23","slug":"caso-do-imovel-de-geddel-gera-incertezas-no-pais","status":"publish","type":"post","link":"https:\/\/www.notibras.com\/site\/caso-do-imovel-de-geddel-gera-incertezas-no-pais\/","title":{"rendered":"Caso do im\u00f3vel de Geddel gera incertezas no Pa\u00eds"},"content":{"rendered":"<p><strong>Sandro Cabral<\/strong><\/p>\n<p>Imagine que voc\u00ea est\u00e1 numa festa de anivers\u00e1rio no exterior e est\u00e1 deslocado por n\u00e3o conhecer ningu\u00e9m. O anfitri\u00e3o muito atencioso percebe seu desconforto e procura conect\u00e1-lo aos demais participantes da recep\u00e7\u00e3o e anuncia que voc\u00ea \u00e9 brasileiro. Entre a indiferen\u00e7a de alguns e a curiosidade de outros, um dos presentes pede a voc\u00ea que fale mais sobre o Brasil.<\/p>\n<p>Voc\u00ea analisa as alternativas poss\u00edveis. Entre falar de samba e futebol para entreter a audi\u00eancia ou proferir uma ma\u00e7ante explana\u00e7\u00e3o sobre o Brasil como resultado de um processo hist\u00f3rico da fus\u00e3o de interesses difusos de colonizadores estrangeiros e de elites locais, voc\u00ea n\u00e3o escolhe nenhuma das duas op\u00e7\u00f5es. Voc\u00ea prefere ilustrar o Brasil com o recente caso do Edif\u00edcio La Vue, de Salvador, sublinhando duas caracter\u00edsticas marcantes do pa\u00eds: patrimonialismo e incerteza.<\/p>\n<p>Em rela\u00e7\u00e3o ao patrimonialismo, seus interlocutores ouvem de voc\u00ea que em meio a uma crise econ\u00f4mica e pol\u00edtica sem precedentes tr\u00eas ministros de Estado e um presidente da Rep\u00fablica dispenderam tempo e energias para discutir a libera\u00e7\u00e3o da constru\u00e7\u00e3o de um pr\u00e9dio residencial, interrompida pelo \u00f3rg\u00e3o nacional de gest\u00e3o do patrim\u00f4nio hist\u00f3rico. Coincidentemente, um desses ministros adquiriu um apartamento no empreendimento embargado. Uma das pessoas que lhe ouve, de posse de seu possante smartphone, faz uma busca r\u00e1pida na internet e observa a repercuss\u00e3o do caso na imprensa internacional.<\/p>\n<p>Estupefato, o estrangeiro complementa sua hist\u00f3ria dizendo que o ministro propriet\u00e1rio do apartamento \u00e9 grande fiador do presidente de plant\u00e3o e que realizou press\u00f5es sucessivas de forma truculenta sobre o jovem ministro, respons\u00e1vel pelo \u00f3rg\u00e3o do patrim\u00f4nio hist\u00f3rico. Voc\u00ea adiciona que o ministro acuado passou a gravar as conversas que teve com outros ministros e com o pr\u00f3prio presidente antes de pedir demiss\u00e3o do cargo, causando rea\u00e7\u00f5es extremadas de defesa e repulsa ao ato. Voc\u00ea conclui que tal epis\u00f3dio ilustra como o patrimonialismo ainda est\u00e1 nas entranhas do Brasil, que isso vem desde os tempos de Pero Vaz de Caminha e que sem d\u00favida ajuda a perpetuar a desigualdade no pa\u00eds. Aos amigos tudo, aos demais o rigor da lei.<\/p>\n<p>A conversa est\u00e1 boa e para n\u00e3o deix\u00e1-la esfriar voc\u00ea mostra uma faceta pouco explorada do caso Edif\u00edcio La Vue e que tamb\u00e9m ajuda a entender o Brasil: a incerteza. Voc\u00ea conta que a obra foi autorizada pelos \u00f3rg\u00e3os locais de controle do solo da prefeitura e pelo departamento regional de gest\u00e3o do patrim\u00f4nio hist\u00f3rico em 2014. Com base nessa aprova\u00e7\u00e3o, investimentos foram realizados, o empreendimento foi comercializado e as obras foram iniciadas.<\/p>\n<p>O pr\u00e9dio j\u00e1 est\u00e1 com algumas lajes j\u00e1 erguidas, mas quase dois anos depois o \u00f3rg\u00e3o nacional de gest\u00e3o do patrim\u00f4nio hist\u00f3rico resolveu recomendar a suspens\u00e3o da obra. Um dos seus interlocutores n\u00e3o entende o que est\u00e1 se passando. Segundo sua l\u00f3gica, se o projeto estava com problemas n\u00e3o deveria ter sido aprovado. Se comprovado que o projeto foi aprovado de forma inadequada porque n\u00e3o punir os indiv\u00edduos respons\u00e1veis pelas irregularidades e de forma exemplar? Naturalmente, a tardia revers\u00e3o da decis\u00e3o gerar\u00e1 inseguran\u00e7a para futuros investimentos na cidade justamente num momento em que se precisa como nunca de capital privado para retomar o crescimento.<\/p>\n<p>Infelizmente, voc\u00ea n\u00e3o sabe se o motivo do embargo da obra se deveu a uma decis\u00e3o t\u00e9cnica ruim dos diversos \u00f3rg\u00e3os locais envolvidos, se houve corrup\u00e7\u00e3o estimulada por empres\u00e1rios inescrupulosos durante a aprova\u00e7\u00e3o do projeto no n\u00edvel local, se o novo espig\u00e3o obstruir\u00e1 a vista, para a exuberante Ba\u00eda de Todos os Santos, de pessoas capazes de influenciar a mudan\u00e7a da decis\u00e3o por meio de canais patrimonialistas. Ou, ainda, se a obra foi interrompida pelo fato dos respons\u00e1veis pelo empreendimento e seus clientes serem feios, chatos e bobos. A \u00fanica coisa que voc\u00ea pode dizer aos seus interlocutores \u00e9 que no Brasil at\u00e9 o passado \u00e9 incerto e que patrimonialismo e incerteza s\u00e3o dois males que limitam o desenvolvimento do pa\u00eds. Sad, but true.<\/p>\n","protected":false},"excerpt":{"rendered":"<p>Sandro Cabral Imagine que voc\u00ea est\u00e1 numa festa de anivers\u00e1rio no exterior e est\u00e1 deslocado por n\u00e3o conhecer ningu\u00e9m. O anfitri\u00e3o muito atencioso percebe seu desconforto e procura conect\u00e1-lo aos demais participantes da recep\u00e7\u00e3o e anuncia que voc\u00ea \u00e9 brasileiro. Entre a indiferen\u00e7a de alguns e a curiosidade de outros, um dos presentes pede a [&hellip;]<\/p>\n","protected":false},"author":2,"featured_media":122739,"comment_status":"open","ping_status":"closed","sticky":false,"template":"","format":"standard","meta":{"_acf_changed":false,"footnotes":""},"categories":[25],"tags":[],"class_list":["post-122738","post","type-post","status-publish","format-standard","has-post-thumbnail","hentry","category-opina-ai"],"acf":[],"yoast_head":"<!-- This site is optimized with the Yoast SEO plugin v27.5 - https:\/\/yoast.com\/product\/yoast-seo-wordpress\/ -->\n<title>Caso do im\u00f3vel de Geddel gera incertezas no Pa\u00eds - Notibras<\/title>\n<meta name=\"robots\" content=\"index, follow, max-snippet:-1, max-image-preview:large, max-video-preview:-1\" \/>\n<link rel=\"canonical\" href=\"https:\/\/www.notibras.com\/site\/caso-do-imovel-de-geddel-gera-incertezas-no-pais\/\" \/>\n<meta property=\"og:locale\" content=\"pt_BR\" \/>\n<meta property=\"og:type\" content=\"article\" \/>\n<meta property=\"og:title\" content=\"Caso do im\u00f3vel de Geddel gera incertezas no Pa\u00eds - Notibras\" \/>\n<meta property=\"og:description\" content=\"Sandro Cabral Imagine que voc\u00ea est\u00e1 numa festa de anivers\u00e1rio no exterior e est\u00e1 deslocado por n\u00e3o conhecer ningu\u00e9m. O anfitri\u00e3o muito atencioso percebe seu desconforto e procura conect\u00e1-lo aos demais participantes da recep\u00e7\u00e3o e anuncia que voc\u00ea \u00e9 brasileiro. Entre a indiferen\u00e7a de alguns e a curiosidade de outros, um dos presentes pede a [&hellip;]\" \/>\n<meta property=\"og:url\" content=\"https:\/\/www.notibras.com\/site\/caso-do-imovel-de-geddel-gera-incertezas-no-pais\/\" \/>\n<meta property=\"og:site_name\" content=\"Notibras\" \/>\n<meta property=\"article:publisher\" content=\"https:\/\/www.facebook.com\/notibras\/\" \/>\n<meta property=\"article:published_time\" content=\"2016-12-01T11:53:23+00:00\" \/>\n<meta property=\"og:image\" content=\"https:\/\/www.notibras.com\/site\/wp-content\/uploads\/2016\/12\/geddel-vieira-lima-1.jpg\" \/>\n\t<meta property=\"og:image:width\" content=\"699\" \/>\n\t<meta property=\"og:image:height\" content=\"420\" \/>\n\t<meta property=\"og:image:type\" content=\"image\/jpeg\" \/>\n<meta name=\"author\" content=\"Reda\u00e7\u00e3o\" \/>\n<meta name=\"twitter:card\" content=\"summary_large_image\" \/>\n<meta name=\"twitter:creator\" content=\"@Notibras\" \/>\n<meta name=\"twitter:site\" content=\"@Notibras\" \/>\n<meta name=\"twitter:label1\" content=\"Escrito por\" \/>\n\t<meta name=\"twitter:data1\" content=\"Reda\u00e7\u00e3o\" \/>\n\t<meta name=\"twitter:label2\" content=\"Est. tempo de leitura\" \/>\n\t<meta name=\"twitter:data2\" content=\"4 minutos\" \/>\n<script type=\"application\/ld+json\" class=\"yoast-schema-graph\">{\"@context\":\"https:\\\/\\\/schema.org\",\"@graph\":[{\"@type\":\"Article\",\"@id\":\"https:\\\/\\\/www.notibras.com\\\/site\\\/caso-do-imovel-de-geddel-gera-incertezas-no-pais\\\/#article\",\"isPartOf\":{\"@id\":\"https:\\\/\\\/www.notibras.com\\\/site\\\/caso-do-imovel-de-geddel-gera-incertezas-no-pais\\\/\"},\"author\":{\"name\":\"Reda\u00e7\u00e3o\",\"@id\":\"https:\\\/\\\/www.notibras.com\\\/site\\\/#\\\/schema\\\/person\\\/36ab0979449956132d3e5b517ea76ac8\"},\"headline\":\"Caso do im\u00f3vel de Geddel gera incertezas no Pa\u00eds\",\"datePublished\":\"2016-12-01T11:53:23+00:00\",\"mainEntityOfPage\":{\"@id\":\"https:\\\/\\\/www.notibras.com\\\/site\\\/caso-do-imovel-de-geddel-gera-incertezas-no-pais\\\/\"},\"wordCount\":735,\"commentCount\":0,\"publisher\":{\"@id\":\"https:\\\/\\\/www.notibras.com\\\/site\\\/#organization\"},\"image\":{\"@id\":\"https:\\\/\\\/www.notibras.com\\\/site\\\/caso-do-imovel-de-geddel-gera-incertezas-no-pais\\\/#primaryimage\"},\"thumbnailUrl\":\"https:\\\/\\\/www.notibras.com\\\/site\\\/wp-content\\\/uploads\\\/2016\\\/12\\\/geddel-vieira-lima-1.jpg\",\"articleSection\":[\"Opina a\u00ed\"],\"inLanguage\":\"pt-BR\",\"potentialAction\":[{\"@type\":\"CommentAction\",\"name\":\"Comment\",\"target\":[\"https:\\\/\\\/www.notibras.com\\\/site\\\/caso-do-imovel-de-geddel-gera-incertezas-no-pais\\\/#respond\"]}]},{\"@type\":\"WebPage\",\"@id\":\"https:\\\/\\\/www.notibras.com\\\/site\\\/caso-do-imovel-de-geddel-gera-incertezas-no-pais\\\/\",\"url\":\"https:\\\/\\\/www.notibras.com\\\/site\\\/caso-do-imovel-de-geddel-gera-incertezas-no-pais\\\/\",\"name\":\"Caso do im\u00f3vel de Geddel gera incertezas no Pa\u00eds - Notibras\",\"isPartOf\":{\"@id\":\"https:\\\/\\\/www.notibras.com\\\/site\\\/#website\"},\"primaryImageOfPage\":{\"@id\":\"https:\\\/\\\/www.notibras.com\\\/site\\\/caso-do-imovel-de-geddel-gera-incertezas-no-pais\\\/#primaryimage\"},\"image\":{\"@id\":\"https:\\\/\\\/www.notibras.com\\\/site\\\/caso-do-imovel-de-geddel-gera-incertezas-no-pais\\\/#primaryimage\"},\"thumbnailUrl\":\"https:\\\/\\\/www.notibras.com\\\/site\\\/wp-content\\\/uploads\\\/2016\\\/12\\\/geddel-vieira-lima-1.jpg\",\"datePublished\":\"2016-12-01T11:53:23+00:00\",\"breadcrumb\":{\"@id\":\"https:\\\/\\\/www.notibras.com\\\/site\\\/caso-do-imovel-de-geddel-gera-incertezas-no-pais\\\/#breadcrumb\"},\"inLanguage\":\"pt-BR\",\"potentialAction\":[{\"@type\":\"ReadAction\",\"target\":[\"https:\\\/\\\/www.notibras.com\\\/site\\\/caso-do-imovel-de-geddel-gera-incertezas-no-pais\\\/\"]}]},{\"@type\":\"ImageObject\",\"inLanguage\":\"pt-BR\",\"@id\":\"https:\\\/\\\/www.notibras.com\\\/site\\\/caso-do-imovel-de-geddel-gera-incertezas-no-pais\\\/#primaryimage\",\"url\":\"https:\\\/\\\/www.notibras.com\\\/site\\\/wp-content\\\/uploads\\\/2016\\\/12\\\/geddel-vieira-lima-1.jpg\",\"contentUrl\":\"https:\\\/\\\/www.notibras.com\\\/site\\\/wp-content\\\/uploads\\\/2016\\\/12\\\/geddel-vieira-lima-1.jpg\",\"width\":699,\"height\":420,\"caption\":\"Foto\\\/Arquivo Notibras\"},{\"@type\":\"BreadcrumbList\",\"@id\":\"https:\\\/\\\/www.notibras.com\\\/site\\\/caso-do-imovel-de-geddel-gera-incertezas-no-pais\\\/#breadcrumb\",\"itemListElement\":[{\"@type\":\"ListItem\",\"position\":1,\"name\":\"In\u00edcio\",\"item\":\"https:\\\/\\\/www.notibras.com\\\/site\\\/\"},{\"@type\":\"ListItem\",\"position\":2,\"name\":\"Caso do im\u00f3vel de Geddel gera incertezas no Pa\u00eds\"}]},{\"@type\":\"WebSite\",\"@id\":\"https:\\\/\\\/www.notibras.com\\\/site\\\/#website\",\"url\":\"https:\\\/\\\/www.notibras.com\\\/site\\\/\",\"name\":\"Notibras\",\"description\":\"Not\u00edcias de Bras\u00edlia, do Brasil e do Mundo\",\"publisher\":{\"@id\":\"https:\\\/\\\/www.notibras.com\\\/site\\\/#organization\"},\"potentialAction\":[{\"@type\":\"SearchAction\",\"target\":{\"@type\":\"EntryPoint\",\"urlTemplate\":\"https:\\\/\\\/www.notibras.com\\\/site\\\/?s={search_term_string}\"},\"query-input\":{\"@type\":\"PropertyValueSpecification\",\"valueRequired\":true,\"valueName\":\"search_term_string\"}}],\"inLanguage\":\"pt-BR\"},{\"@type\":\"Organization\",\"@id\":\"https:\\\/\\\/www.notibras.com\\\/site\\\/#organization\",\"name\":\"Grupo Notibras de Comunica\u00e7\u00e3o\",\"url\":\"https:\\\/\\\/www.notibras.com\\\/site\\\/\",\"logo\":{\"@type\":\"ImageObject\",\"inLanguage\":\"pt-BR\",\"@id\":\"https:\\\/\\\/www.notibras.com\\\/site\\\/#\\\/schema\\\/logo\\\/image\\\/\",\"url\":\"https:\\\/\\\/www.notibras.com\\\/site\\\/wp-content\\\/uploads\\\/2023\\\/01\\\/notibras23.png\",\"contentUrl\":\"https:\\\/\\\/www.notibras.com\\\/site\\\/wp-content\\\/uploads\\\/2023\\\/01\\\/notibras23.png\",\"width\":350,\"height\":87,\"caption\":\"Grupo Notibras de Comunica\u00e7\u00e3o\"},\"image\":{\"@id\":\"https:\\\/\\\/www.notibras.com\\\/site\\\/#\\\/schema\\\/logo\\\/image\\\/\"},\"sameAs\":[\"https:\\\/\\\/www.facebook.com\\\/notibras\\\/\",\"https:\\\/\\\/x.com\\\/Notibras\",\"https:\\\/\\\/www.instagram.com\\\/notibras\\\/\"]},{\"@type\":\"Person\",\"@id\":\"https:\\\/\\\/www.notibras.com\\\/site\\\/#\\\/schema\\\/person\\\/36ab0979449956132d3e5b517ea76ac8\",\"name\":\"Reda\u00e7\u00e3o\",\"image\":{\"@type\":\"ImageObject\",\"inLanguage\":\"pt-BR\",\"@id\":\"https:\\\/\\\/secure.gravatar.com\\\/avatar\\\/e0a867bdedb85fd243eadf09663511f96fc81e0720a4a42581f334ad4303aa6b?s=96&d=mm&r=g\",\"url\":\"https:\\\/\\\/secure.gravatar.com\\\/avatar\\\/e0a867bdedb85fd243eadf09663511f96fc81e0720a4a42581f334ad4303aa6b?s=96&d=mm&r=g\",\"contentUrl\":\"https:\\\/\\\/secure.gravatar.com\\\/avatar\\\/e0a867bdedb85fd243eadf09663511f96fc81e0720a4a42581f334ad4303aa6b?s=96&d=mm&r=g\",\"caption\":\"Reda\u00e7\u00e3o\"}}]}<\/script>\n<!-- \/ Yoast SEO plugin. -->","yoast_head_json":{"title":"Caso do im\u00f3vel de Geddel gera incertezas no Pa\u00eds - Notibras","robots":{"index":"index","follow":"follow","max-snippet":"max-snippet:-1","max-image-preview":"max-image-preview:large","max-video-preview":"max-video-preview:-1"},"canonical":"https:\/\/www.notibras.com\/site\/caso-do-imovel-de-geddel-gera-incertezas-no-pais\/","og_locale":"pt_BR","og_type":"article","og_title":"Caso do im\u00f3vel de Geddel gera incertezas no Pa\u00eds - Notibras","og_description":"Sandro Cabral Imagine que voc\u00ea est\u00e1 numa festa de anivers\u00e1rio no exterior e est\u00e1 deslocado por n\u00e3o conhecer ningu\u00e9m. O anfitri\u00e3o muito atencioso percebe seu desconforto e procura conect\u00e1-lo aos demais participantes da recep\u00e7\u00e3o e anuncia que voc\u00ea \u00e9 brasileiro. Entre a indiferen\u00e7a de alguns e a curiosidade de outros, um dos presentes pede a [&hellip;]","og_url":"https:\/\/www.notibras.com\/site\/caso-do-imovel-de-geddel-gera-incertezas-no-pais\/","og_site_name":"Notibras","article_publisher":"https:\/\/www.facebook.com\/notibras\/","article_published_time":"2016-12-01T11:53:23+00:00","og_image":[{"width":699,"height":420,"url":"https:\/\/www.notibras.com\/site\/wp-content\/uploads\/2016\/12\/geddel-vieira-lima-1.jpg","type":"image\/jpeg"}],"author":"Reda\u00e7\u00e3o","twitter_card":"summary_large_image","twitter_creator":"@Notibras","twitter_site":"@Notibras","twitter_misc":{"Escrito por":"Reda\u00e7\u00e3o","Est. tempo de leitura":"4 minutos"},"schema":{"@context":"https:\/\/schema.org","@graph":[{"@type":"Article","@id":"https:\/\/www.notibras.com\/site\/caso-do-imovel-de-geddel-gera-incertezas-no-pais\/#article","isPartOf":{"@id":"https:\/\/www.notibras.com\/site\/caso-do-imovel-de-geddel-gera-incertezas-no-pais\/"},"author":{"name":"Reda\u00e7\u00e3o","@id":"https:\/\/www.notibras.com\/site\/#\/schema\/person\/36ab0979449956132d3e5b517ea76ac8"},"headline":"Caso do im\u00f3vel de Geddel gera incertezas no Pa\u00eds","datePublished":"2016-12-01T11:53:23+00:00","mainEntityOfPage":{"@id":"https:\/\/www.notibras.com\/site\/caso-do-imovel-de-geddel-gera-incertezas-no-pais\/"},"wordCount":735,"commentCount":0,"publisher":{"@id":"https:\/\/www.notibras.com\/site\/#organization"},"image":{"@id":"https:\/\/www.notibras.com\/site\/caso-do-imovel-de-geddel-gera-incertezas-no-pais\/#primaryimage"},"thumbnailUrl":"https:\/\/www.notibras.com\/site\/wp-content\/uploads\/2016\/12\/geddel-vieira-lima-1.jpg","articleSection":["Opina a\u00ed"],"inLanguage":"pt-BR","potentialAction":[{"@type":"CommentAction","name":"Comment","target":["https:\/\/www.notibras.com\/site\/caso-do-imovel-de-geddel-gera-incertezas-no-pais\/#respond"]}]},{"@type":"WebPage","@id":"https:\/\/www.notibras.com\/site\/caso-do-imovel-de-geddel-gera-incertezas-no-pais\/","url":"https:\/\/www.notibras.com\/site\/caso-do-imovel-de-geddel-gera-incertezas-no-pais\/","name":"Caso do im\u00f3vel de Geddel gera incertezas no Pa\u00eds - Notibras","isPartOf":{"@id":"https:\/\/www.notibras.com\/site\/#website"},"primaryImageOfPage":{"@id":"https:\/\/www.notibras.com\/site\/caso-do-imovel-de-geddel-gera-incertezas-no-pais\/#primaryimage"},"image":{"@id":"https:\/\/www.notibras.com\/site\/caso-do-imovel-de-geddel-gera-incertezas-no-pais\/#primaryimage"},"thumbnailUrl":"https:\/\/www.notibras.com\/site\/wp-content\/uploads\/2016\/12\/geddel-vieira-lima-1.jpg","datePublished":"2016-12-01T11:53:23+00:00","breadcrumb":{"@id":"https:\/\/www.notibras.com\/site\/caso-do-imovel-de-geddel-gera-incertezas-no-pais\/#breadcrumb"},"inLanguage":"pt-BR","potentialAction":[{"@type":"ReadAction","target":["https:\/\/www.notibras.com\/site\/caso-do-imovel-de-geddel-gera-incertezas-no-pais\/"]}]},{"@type":"ImageObject","inLanguage":"pt-BR","@id":"https:\/\/www.notibras.com\/site\/caso-do-imovel-de-geddel-gera-incertezas-no-pais\/#primaryimage","url":"https:\/\/www.notibras.com\/site\/wp-content\/uploads\/2016\/12\/geddel-vieira-lima-1.jpg","contentUrl":"https:\/\/www.notibras.com\/site\/wp-content\/uploads\/2016\/12\/geddel-vieira-lima-1.jpg","width":699,"height":420,"caption":"Foto\/Arquivo Notibras"},{"@type":"BreadcrumbList","@id":"https:\/\/www.notibras.com\/site\/caso-do-imovel-de-geddel-gera-incertezas-no-pais\/#breadcrumb","itemListElement":[{"@type":"ListItem","position":1,"name":"In\u00edcio","item":"https:\/\/www.notibras.com\/site\/"},{"@type":"ListItem","position":2,"name":"Caso do im\u00f3vel de Geddel gera incertezas no Pa\u00eds"}]},{"@type":"WebSite","@id":"https:\/\/www.notibras.com\/site\/#website","url":"https:\/\/www.notibras.com\/site\/","name":"Notibras","description":"Not\u00edcias de Bras\u00edlia, do Brasil e do Mundo","publisher":{"@id":"https:\/\/www.notibras.com\/site\/#organization"},"potentialAction":[{"@type":"SearchAction","target":{"@type":"EntryPoint","urlTemplate":"https:\/\/www.notibras.com\/site\/?s={search_term_string}"},"query-input":{"@type":"PropertyValueSpecification","valueRequired":true,"valueName":"search_term_string"}}],"inLanguage":"pt-BR"},{"@type":"Organization","@id":"https:\/\/www.notibras.com\/site\/#organization","name":"Grupo Notibras de Comunica\u00e7\u00e3o","url":"https:\/\/www.notibras.com\/site\/","logo":{"@type":"ImageObject","inLanguage":"pt-BR","@id":"https:\/\/www.notibras.com\/site\/#\/schema\/logo\/image\/","url":"https:\/\/www.notibras.com\/site\/wp-content\/uploads\/2023\/01\/notibras23.png","contentUrl":"https:\/\/www.notibras.com\/site\/wp-content\/uploads\/2023\/01\/notibras23.png","width":350,"height":87,"caption":"Grupo Notibras de Comunica\u00e7\u00e3o"},"image":{"@id":"https:\/\/www.notibras.com\/site\/#\/schema\/logo\/image\/"},"sameAs":["https:\/\/www.facebook.com\/notibras\/","https:\/\/x.com\/Notibras","https:\/\/www.instagram.com\/notibras\/"]},{"@type":"Person","@id":"https:\/\/www.notibras.com\/site\/#\/schema\/person\/36ab0979449956132d3e5b517ea76ac8","name":"Reda\u00e7\u00e3o","image":{"@type":"ImageObject","inLanguage":"pt-BR","@id":"https:\/\/secure.gravatar.com\/avatar\/e0a867bdedb85fd243eadf09663511f96fc81e0720a4a42581f334ad4303aa6b?s=96&d=mm&r=g","url":"https:\/\/secure.gravatar.com\/avatar\/e0a867bdedb85fd243eadf09663511f96fc81e0720a4a42581f334ad4303aa6b?s=96&d=mm&r=g","contentUrl":"https:\/\/secure.gravatar.com\/avatar\/e0a867bdedb85fd243eadf09663511f96fc81e0720a4a42581f334ad4303aa6b?s=96&d=mm&r=g","caption":"Reda\u00e7\u00e3o"}}]}},"amp_enabled":true,"_links":{"self":[{"href":"https:\/\/www.notibras.com\/site\/wp-json\/wp\/v2\/posts\/122738","targetHints":{"allow":["GET"]}}],"collection":[{"href":"https:\/\/www.notibras.com\/site\/wp-json\/wp\/v2\/posts"}],"about":[{"href":"https:\/\/www.notibras.com\/site\/wp-json\/wp\/v2\/types\/post"}],"author":[{"embeddable":true,"href":"https:\/\/www.notibras.com\/site\/wp-json\/wp\/v2\/users\/2"}],"replies":[{"embeddable":true,"href":"https:\/\/www.notibras.com\/site\/wp-json\/wp\/v2\/comments?post=122738"}],"version-history":[{"count":1,"href":"https:\/\/www.notibras.com\/site\/wp-json\/wp\/v2\/posts\/122738\/revisions"}],"predecessor-version":[{"id":122740,"href":"https:\/\/www.notibras.com\/site\/wp-json\/wp\/v2\/posts\/122738\/revisions\/122740"}],"wp:featuredmedia":[{"embeddable":true,"href":"https:\/\/www.notibras.com\/site\/wp-json\/wp\/v2\/media\/122739"}],"wp:attachment":[{"href":"https:\/\/www.notibras.com\/site\/wp-json\/wp\/v2\/media?parent=122738"}],"wp:term":[{"taxonomy":"category","embeddable":true,"href":"https:\/\/www.notibras.com\/site\/wp-json\/wp\/v2\/categories?post=122738"},{"taxonomy":"post_tag","embeddable":true,"href":"https:\/\/www.notibras.com\/site\/wp-json\/wp\/v2\/tags?post=122738"}],"curies":[{"name":"wp","href":"https:\/\/api.w.org\/{rel}","templated":true}]}}