{"id":122847,"date":"2016-12-03T00:20:41","date_gmt":"2016-12-03T02:20:41","guid":{"rendered":"http:\/\/www.notibras.com\/site\/?p=122847"},"modified":"2016-12-03T00:20:41","modified_gmt":"2016-12-03T02:20:41","slug":"camara-age-na-calada-da-noite-como-os-bandidos","status":"publish","type":"post","link":"https:\/\/www.notibras.com\/site\/camara-age-na-calada-da-noite-como-os-bandidos\/","title":{"rendered":"C\u00e2mara age na calada da noite, como os bandidos"},"content":{"rendered":"<p><strong>Celso Lungaretti<\/strong><\/p>\n<p>Antigamente eram os ladr\u00f5es que agiam na calada da noite. Agora s\u00e3o os deputados federais.<\/p>\n<p>Na calada da noite eles mutilaram e desfiguraram o pacote anticorrup\u00e7\u00e3o que haviam acabado de aprovar, n\u00e3o s\u00f3 subtraindo o que continha de mais necess\u00e1rio para o atingimento de seus objetivos, como tamb\u00e9m enxertando-lhe uma clara tentativa de intimidar promotores e ju\u00edzes da Opera\u00e7\u00e3o Lava-Jato.<\/p>\n<p>J\u00e1 o presidente do Senado, Renan Calheiros, n\u00e3o agiu na calada da noite e se deu mal.<\/p>\n<p>Assim que recebeu o mostrengo da C\u00e2mara, ele tentou coloc\u00e1-lo imediatamente em vota\u00e7\u00e3o, mas seu requerimento de urg\u00eancia foi derrotado por 44 x 14 na vota\u00e7\u00e3o em plen\u00e1rio.<\/p>\n<p>O desfecho foi influenciado pelo receio que a maioria dos senadores teve, de ficar com o nome associado a manobra t\u00e3o vergonhosa; pela firme rea\u00e7\u00e3o dos procuradores da Lava-Jato, que amea\u00e7aram afastar-se da opera\u00e7\u00e3o caso os m\u00e3os-sujas ganhassem a parada; e<br \/>\npor um posicionamento exemplar da presidente do Supremo Tribunal Federal e do Conselho Nacional de Justi\u00e7a, ministra C\u00e1rmen L\u00facia.<\/p>\n<p>Ela divulgou nota lamentando que, &#8220;em oportunidade de avan\u00e7o legislativo para a defesa da \u00e9tica p\u00fablica, inclua-se, em proposta legislativa de iniciativa popular, texto que pode contrariar a independ\u00eancia do Poder Judici\u00e1rio&#8221;.<\/p>\n<p>E foi al\u00e9m, batendo pesado:<\/p>\n<p>&#8220;O Judici\u00e1rio \u00e9, por imposi\u00e7\u00e3o constitucional, guarda da Constitui\u00e7\u00e3o e garantidor da democracia. O Judici\u00e1rio brasileiro vem cumprindo o seu papel. J\u00e1 se cassaram magistrados em tempos mais tristes. Pode-se tentar calar o juiz, mas nunca se conseguiu, nem se conseguir\u00e1, calar a Justi\u00e7a&#8221;.<\/p>\n<p>S\u00f3 restou a Renan Calheiros enfiar o rabo entre as pernas e conformar-se em cumprir \u00e0 risca as v\u00e1rias etapas da tramita\u00e7\u00e3o desta mat\u00e9ria, come\u00e7ando por submet\u00ea-la a uma comiss\u00e3o especial.<\/p>\n<p>Os encalacrados unidos t\u00eam tamanha pa\u00fara da megadela\u00e7\u00e3o da Odebrecht que tentam ganhar no grito, avan\u00e7ando ostensivamente o sinal. Por tal caminho n\u00e3o se salvar\u00e3o, mas podem gerar um confronto de Poderes perigos\u00edssimo para nossa fr\u00e1gil democracia.<\/p>\n<p>Est\u00e3o brincando com fogo e podem queimar a todos n\u00f3s, brasileiros. T\u00eam de ser contidos!<\/p>\n","protected":false},"excerpt":{"rendered":"<p>Celso Lungaretti Antigamente eram os ladr\u00f5es que agiam na calada da noite. Agora s\u00e3o os deputados federais. Na calada da noite eles mutilaram e desfiguraram o pacote anticorrup\u00e7\u00e3o que haviam acabado de aprovar, n\u00e3o s\u00f3 subtraindo o que continha de mais necess\u00e1rio para o atingimento de seus objetivos, como tamb\u00e9m enxertando-lhe uma clara tentativa de [&hellip;]<\/p>\n","protected":false},"author":2,"featured_media":123034,"comment_status":"open","ping_status":"closed","sticky":false,"template":"","format":"standard","meta":{"_acf_changed":false,"footnotes":""},"categories":[25],"tags":[],"class_list":["post-122847","post","type-post","status-publish","format-standard","has-post-thumbnail","hentry","category-opina-ai"],"acf":[],"yoast_head":"<!-- This site is optimized with the Yoast SEO plugin v27.5 - https:\/\/yoast.com\/product\/yoast-seo-wordpress\/ -->\n<title>C\u00e2mara age na calada da noite, como os bandidos - Notibras<\/title>\n<meta name=\"robots\" content=\"index, follow, max-snippet:-1, max-image-preview:large, max-video-preview:-1\" \/>\n<link rel=\"canonical\" href=\"https:\/\/www.notibras.com\/site\/camara-age-na-calada-da-noite-como-os-bandidos\/\" \/>\n<meta property=\"og:locale\" content=\"pt_BR\" \/>\n<meta property=\"og:type\" content=\"article\" \/>\n<meta property=\"og:title\" content=\"C\u00e2mara age na calada da noite, como os bandidos - Notibras\" \/>\n<meta property=\"og:description\" content=\"Celso Lungaretti Antigamente eram os ladr\u00f5es que agiam na calada da noite. Agora s\u00e3o os deputados federais. Na calada da noite eles mutilaram e desfiguraram o pacote anticorrup\u00e7\u00e3o que haviam acabado de aprovar, n\u00e3o s\u00f3 subtraindo o que continha de mais necess\u00e1rio para o atingimento de seus objetivos, como tamb\u00e9m enxertando-lhe uma clara tentativa de [&hellip;]\" \/>\n<meta property=\"og:url\" content=\"https:\/\/www.notibras.com\/site\/camara-age-na-calada-da-noite-como-os-bandidos\/\" \/>\n<meta property=\"og:site_name\" content=\"Notibras\" \/>\n<meta property=\"article:publisher\" content=\"https:\/\/www.facebook.com\/notibras\/\" \/>\n<meta property=\"article:published_time\" content=\"2016-12-03T02:20:41+00:00\" \/>\n<meta property=\"og:image\" content=\"https:\/\/www.notibras.com\/site\/wp-content\/uploads\/2016\/12\/congresso-CORRUPTO-nacional-.jpg\" \/>\n\t<meta property=\"og:image:width\" content=\"1600\" \/>\n\t<meta property=\"og:image:height\" content=\"1050\" \/>\n\t<meta property=\"og:image:type\" content=\"image\/jpeg\" \/>\n<meta name=\"author\" content=\"Reda\u00e7\u00e3o\" \/>\n<meta name=\"twitter:card\" content=\"summary_large_image\" \/>\n<meta name=\"twitter:creator\" content=\"@Notibras\" \/>\n<meta name=\"twitter:site\" content=\"@Notibras\" \/>\n<meta name=\"twitter:label1\" content=\"Escrito por\" \/>\n\t<meta name=\"twitter:data1\" content=\"Reda\u00e7\u00e3o\" \/>\n\t<meta name=\"twitter:label2\" content=\"Est. tempo de leitura\" \/>\n\t<meta name=\"twitter:data2\" content=\"2 minutos\" \/>\n<script type=\"application\/ld+json\" class=\"yoast-schema-graph\">{\"@context\":\"https:\\\/\\\/schema.org\",\"@graph\":[{\"@type\":\"Article\",\"@id\":\"https:\\\/\\\/www.notibras.com\\\/site\\\/camara-age-na-calada-da-noite-como-os-bandidos\\\/#article\",\"isPartOf\":{\"@id\":\"https:\\\/\\\/www.notibras.com\\\/site\\\/camara-age-na-calada-da-noite-como-os-bandidos\\\/\"},\"author\":{\"name\":\"Reda\u00e7\u00e3o\",\"@id\":\"https:\\\/\\\/www.notibras.com\\\/site\\\/#\\\/schema\\\/person\\\/36ab0979449956132d3e5b517ea76ac8\"},\"headline\":\"C\u00e2mara age na calada da noite, como os bandidos\",\"datePublished\":\"2016-12-03T02:20:41+00:00\",\"mainEntityOfPage\":{\"@id\":\"https:\\\/\\\/www.notibras.com\\\/site\\\/camara-age-na-calada-da-noite-como-os-bandidos\\\/\"},\"wordCount\":387,\"commentCount\":0,\"publisher\":{\"@id\":\"https:\\\/\\\/www.notibras.com\\\/site\\\/#organization\"},\"image\":{\"@id\":\"https:\\\/\\\/www.notibras.com\\\/site\\\/camara-age-na-calada-da-noite-como-os-bandidos\\\/#primaryimage\"},\"thumbnailUrl\":\"https:\\\/\\\/www.notibras.com\\\/site\\\/wp-content\\\/uploads\\\/2016\\\/12\\\/congresso-CORRUPTO-nacional-.jpg\",\"articleSection\":[\"Opina a\u00ed\"],\"inLanguage\":\"pt-BR\",\"potentialAction\":[{\"@type\":\"CommentAction\",\"name\":\"Comment\",\"target\":[\"https:\\\/\\\/www.notibras.com\\\/site\\\/camara-age-na-calada-da-noite-como-os-bandidos\\\/#respond\"]}]},{\"@type\":\"WebPage\",\"@id\":\"https:\\\/\\\/www.notibras.com\\\/site\\\/camara-age-na-calada-da-noite-como-os-bandidos\\\/\",\"url\":\"https:\\\/\\\/www.notibras.com\\\/site\\\/camara-age-na-calada-da-noite-como-os-bandidos\\\/\",\"name\":\"C\u00e2mara age na calada da noite, como os bandidos - Notibras\",\"isPartOf\":{\"@id\":\"https:\\\/\\\/www.notibras.com\\\/site\\\/#website\"},\"primaryImageOfPage\":{\"@id\":\"https:\\\/\\\/www.notibras.com\\\/site\\\/camara-age-na-calada-da-noite-como-os-bandidos\\\/#primaryimage\"},\"image\":{\"@id\":\"https:\\\/\\\/www.notibras.com\\\/site\\\/camara-age-na-calada-da-noite-como-os-bandidos\\\/#primaryimage\"},\"thumbnailUrl\":\"https:\\\/\\\/www.notibras.com\\\/site\\\/wp-content\\\/uploads\\\/2016\\\/12\\\/congresso-CORRUPTO-nacional-.jpg\",\"datePublished\":\"2016-12-03T02:20:41+00:00\",\"breadcrumb\":{\"@id\":\"https:\\\/\\\/www.notibras.com\\\/site\\\/camara-age-na-calada-da-noite-como-os-bandidos\\\/#breadcrumb\"},\"inLanguage\":\"pt-BR\",\"potentialAction\":[{\"@type\":\"ReadAction\",\"target\":[\"https:\\\/\\\/www.notibras.com\\\/site\\\/camara-age-na-calada-da-noite-como-os-bandidos\\\/\"]}]},{\"@type\":\"ImageObject\",\"inLanguage\":\"pt-BR\",\"@id\":\"https:\\\/\\\/www.notibras.com\\\/site\\\/camara-age-na-calada-da-noite-como-os-bandidos\\\/#primaryimage\",\"url\":\"https:\\\/\\\/www.notibras.com\\\/site\\\/wp-content\\\/uploads\\\/2016\\\/12\\\/congresso-CORRUPTO-nacional-.jpg\",\"contentUrl\":\"https:\\\/\\\/www.notibras.com\\\/site\\\/wp-content\\\/uploads\\\/2016\\\/12\\\/congresso-CORRUPTO-nacional-.jpg\",\"width\":1600,\"height\":1050},{\"@type\":\"BreadcrumbList\",\"@id\":\"https:\\\/\\\/www.notibras.com\\\/site\\\/camara-age-na-calada-da-noite-como-os-bandidos\\\/#breadcrumb\",\"itemListElement\":[{\"@type\":\"ListItem\",\"position\":1,\"name\":\"In\u00edcio\",\"item\":\"https:\\\/\\\/www.notibras.com\\\/site\\\/\"},{\"@type\":\"ListItem\",\"position\":2,\"name\":\"C\u00e2mara age na calada da noite, como os bandidos\"}]},{\"@type\":\"WebSite\",\"@id\":\"https:\\\/\\\/www.notibras.com\\\/site\\\/#website\",\"url\":\"https:\\\/\\\/www.notibras.com\\\/site\\\/\",\"name\":\"Notibras\",\"description\":\"Not\u00edcias de Bras\u00edlia, do Brasil e do Mundo\",\"publisher\":{\"@id\":\"https:\\\/\\\/www.notibras.com\\\/site\\\/#organization\"},\"potentialAction\":[{\"@type\":\"SearchAction\",\"target\":{\"@type\":\"EntryPoint\",\"urlTemplate\":\"https:\\\/\\\/www.notibras.com\\\/site\\\/?s={search_term_string}\"},\"query-input\":{\"@type\":\"PropertyValueSpecification\",\"valueRequired\":true,\"valueName\":\"search_term_string\"}}],\"inLanguage\":\"pt-BR\"},{\"@type\":\"Organization\",\"@id\":\"https:\\\/\\\/www.notibras.com\\\/site\\\/#organization\",\"name\":\"Grupo Notibras de Comunica\u00e7\u00e3o\",\"url\":\"https:\\\/\\\/www.notibras.com\\\/site\\\/\",\"logo\":{\"@type\":\"ImageObject\",\"inLanguage\":\"pt-BR\",\"@id\":\"https:\\\/\\\/www.notibras.com\\\/site\\\/#\\\/schema\\\/logo\\\/image\\\/\",\"url\":\"https:\\\/\\\/www.notibras.com\\\/site\\\/wp-content\\\/uploads\\\/2023\\\/01\\\/notibras23.png\",\"contentUrl\":\"https:\\\/\\\/www.notibras.com\\\/site\\\/wp-content\\\/uploads\\\/2023\\\/01\\\/notibras23.png\",\"width\":350,\"height\":87,\"caption\":\"Grupo Notibras de Comunica\u00e7\u00e3o\"},\"image\":{\"@id\":\"https:\\\/\\\/www.notibras.com\\\/site\\\/#\\\/schema\\\/logo\\\/image\\\/\"},\"sameAs\":[\"https:\\\/\\\/www.facebook.com\\\/notibras\\\/\",\"https:\\\/\\\/x.com\\\/Notibras\",\"https:\\\/\\\/www.instagram.com\\\/notibras\\\/\"]},{\"@type\":\"Person\",\"@id\":\"https:\\\/\\\/www.notibras.com\\\/site\\\/#\\\/schema\\\/person\\\/36ab0979449956132d3e5b517ea76ac8\",\"name\":\"Reda\u00e7\u00e3o\",\"image\":{\"@type\":\"ImageObject\",\"inLanguage\":\"pt-BR\",\"@id\":\"https:\\\/\\\/secure.gravatar.com\\\/avatar\\\/e0a867bdedb85fd243eadf09663511f96fc81e0720a4a42581f334ad4303aa6b?s=96&d=mm&r=g\",\"url\":\"https:\\\/\\\/secure.gravatar.com\\\/avatar\\\/e0a867bdedb85fd243eadf09663511f96fc81e0720a4a42581f334ad4303aa6b?s=96&d=mm&r=g\",\"contentUrl\":\"https:\\\/\\\/secure.gravatar.com\\\/avatar\\\/e0a867bdedb85fd243eadf09663511f96fc81e0720a4a42581f334ad4303aa6b?s=96&d=mm&r=g\",\"caption\":\"Reda\u00e7\u00e3o\"}}]}<\/script>\n<!-- \/ Yoast SEO plugin. -->","yoast_head_json":{"title":"C\u00e2mara age na calada da noite, como os bandidos - Notibras","robots":{"index":"index","follow":"follow","max-snippet":"max-snippet:-1","max-image-preview":"max-image-preview:large","max-video-preview":"max-video-preview:-1"},"canonical":"https:\/\/www.notibras.com\/site\/camara-age-na-calada-da-noite-como-os-bandidos\/","og_locale":"pt_BR","og_type":"article","og_title":"C\u00e2mara age na calada da noite, como os bandidos - Notibras","og_description":"Celso Lungaretti Antigamente eram os ladr\u00f5es que agiam na calada da noite. Agora s\u00e3o os deputados federais. Na calada da noite eles mutilaram e desfiguraram o pacote anticorrup\u00e7\u00e3o que haviam acabado de aprovar, n\u00e3o s\u00f3 subtraindo o que continha de mais necess\u00e1rio para o atingimento de seus objetivos, como tamb\u00e9m enxertando-lhe uma clara tentativa de [&hellip;]","og_url":"https:\/\/www.notibras.com\/site\/camara-age-na-calada-da-noite-como-os-bandidos\/","og_site_name":"Notibras","article_publisher":"https:\/\/www.facebook.com\/notibras\/","article_published_time":"2016-12-03T02:20:41+00:00","og_image":[{"width":1600,"height":1050,"url":"https:\/\/www.notibras.com\/site\/wp-content\/uploads\/2016\/12\/congresso-CORRUPTO-nacional-.jpg","type":"image\/jpeg"}],"author":"Reda\u00e7\u00e3o","twitter_card":"summary_large_image","twitter_creator":"@Notibras","twitter_site":"@Notibras","twitter_misc":{"Escrito por":"Reda\u00e7\u00e3o","Est. tempo de leitura":"2 minutos"},"schema":{"@context":"https:\/\/schema.org","@graph":[{"@type":"Article","@id":"https:\/\/www.notibras.com\/site\/camara-age-na-calada-da-noite-como-os-bandidos\/#article","isPartOf":{"@id":"https:\/\/www.notibras.com\/site\/camara-age-na-calada-da-noite-como-os-bandidos\/"},"author":{"name":"Reda\u00e7\u00e3o","@id":"https:\/\/www.notibras.com\/site\/#\/schema\/person\/36ab0979449956132d3e5b517ea76ac8"},"headline":"C\u00e2mara age na calada da noite, como os bandidos","datePublished":"2016-12-03T02:20:41+00:00","mainEntityOfPage":{"@id":"https:\/\/www.notibras.com\/site\/camara-age-na-calada-da-noite-como-os-bandidos\/"},"wordCount":387,"commentCount":0,"publisher":{"@id":"https:\/\/www.notibras.com\/site\/#organization"},"image":{"@id":"https:\/\/www.notibras.com\/site\/camara-age-na-calada-da-noite-como-os-bandidos\/#primaryimage"},"thumbnailUrl":"https:\/\/www.notibras.com\/site\/wp-content\/uploads\/2016\/12\/congresso-CORRUPTO-nacional-.jpg","articleSection":["Opina a\u00ed"],"inLanguage":"pt-BR","potentialAction":[{"@type":"CommentAction","name":"Comment","target":["https:\/\/www.notibras.com\/site\/camara-age-na-calada-da-noite-como-os-bandidos\/#respond"]}]},{"@type":"WebPage","@id":"https:\/\/www.notibras.com\/site\/camara-age-na-calada-da-noite-como-os-bandidos\/","url":"https:\/\/www.notibras.com\/site\/camara-age-na-calada-da-noite-como-os-bandidos\/","name":"C\u00e2mara age na calada da noite, como os bandidos - Notibras","isPartOf":{"@id":"https:\/\/www.notibras.com\/site\/#website"},"primaryImageOfPage":{"@id":"https:\/\/www.notibras.com\/site\/camara-age-na-calada-da-noite-como-os-bandidos\/#primaryimage"},"image":{"@id":"https:\/\/www.notibras.com\/site\/camara-age-na-calada-da-noite-como-os-bandidos\/#primaryimage"},"thumbnailUrl":"https:\/\/www.notibras.com\/site\/wp-content\/uploads\/2016\/12\/congresso-CORRUPTO-nacional-.jpg","datePublished":"2016-12-03T02:20:41+00:00","breadcrumb":{"@id":"https:\/\/www.notibras.com\/site\/camara-age-na-calada-da-noite-como-os-bandidos\/#breadcrumb"},"inLanguage":"pt-BR","potentialAction":[{"@type":"ReadAction","target":["https:\/\/www.notibras.com\/site\/camara-age-na-calada-da-noite-como-os-bandidos\/"]}]},{"@type":"ImageObject","inLanguage":"pt-BR","@id":"https:\/\/www.notibras.com\/site\/camara-age-na-calada-da-noite-como-os-bandidos\/#primaryimage","url":"https:\/\/www.notibras.com\/site\/wp-content\/uploads\/2016\/12\/congresso-CORRUPTO-nacional-.jpg","contentUrl":"https:\/\/www.notibras.com\/site\/wp-content\/uploads\/2016\/12\/congresso-CORRUPTO-nacional-.jpg","width":1600,"height":1050},{"@type":"BreadcrumbList","@id":"https:\/\/www.notibras.com\/site\/camara-age-na-calada-da-noite-como-os-bandidos\/#breadcrumb","itemListElement":[{"@type":"ListItem","position":1,"name":"In\u00edcio","item":"https:\/\/www.notibras.com\/site\/"},{"@type":"ListItem","position":2,"name":"C\u00e2mara age na calada da noite, como os bandidos"}]},{"@type":"WebSite","@id":"https:\/\/www.notibras.com\/site\/#website","url":"https:\/\/www.notibras.com\/site\/","name":"Notibras","description":"Not\u00edcias de Bras\u00edlia, do Brasil e do Mundo","publisher":{"@id":"https:\/\/www.notibras.com\/site\/#organization"},"potentialAction":[{"@type":"SearchAction","target":{"@type":"EntryPoint","urlTemplate":"https:\/\/www.notibras.com\/site\/?s={search_term_string}"},"query-input":{"@type":"PropertyValueSpecification","valueRequired":true,"valueName":"search_term_string"}}],"inLanguage":"pt-BR"},{"@type":"Organization","@id":"https:\/\/www.notibras.com\/site\/#organization","name":"Grupo Notibras de Comunica\u00e7\u00e3o","url":"https:\/\/www.notibras.com\/site\/","logo":{"@type":"ImageObject","inLanguage":"pt-BR","@id":"https:\/\/www.notibras.com\/site\/#\/schema\/logo\/image\/","url":"https:\/\/www.notibras.com\/site\/wp-content\/uploads\/2023\/01\/notibras23.png","contentUrl":"https:\/\/www.notibras.com\/site\/wp-content\/uploads\/2023\/01\/notibras23.png","width":350,"height":87,"caption":"Grupo Notibras de Comunica\u00e7\u00e3o"},"image":{"@id":"https:\/\/www.notibras.com\/site\/#\/schema\/logo\/image\/"},"sameAs":["https:\/\/www.facebook.com\/notibras\/","https:\/\/x.com\/Notibras","https:\/\/www.instagram.com\/notibras\/"]},{"@type":"Person","@id":"https:\/\/www.notibras.com\/site\/#\/schema\/person\/36ab0979449956132d3e5b517ea76ac8","name":"Reda\u00e7\u00e3o","image":{"@type":"ImageObject","inLanguage":"pt-BR","@id":"https:\/\/secure.gravatar.com\/avatar\/e0a867bdedb85fd243eadf09663511f96fc81e0720a4a42581f334ad4303aa6b?s=96&d=mm&r=g","url":"https:\/\/secure.gravatar.com\/avatar\/e0a867bdedb85fd243eadf09663511f96fc81e0720a4a42581f334ad4303aa6b?s=96&d=mm&r=g","contentUrl":"https:\/\/secure.gravatar.com\/avatar\/e0a867bdedb85fd243eadf09663511f96fc81e0720a4a42581f334ad4303aa6b?s=96&d=mm&r=g","caption":"Reda\u00e7\u00e3o"}}]}},"amp_enabled":true,"_links":{"self":[{"href":"https:\/\/www.notibras.com\/site\/wp-json\/wp\/v2\/posts\/122847","targetHints":{"allow":["GET"]}}],"collection":[{"href":"https:\/\/www.notibras.com\/site\/wp-json\/wp\/v2\/posts"}],"about":[{"href":"https:\/\/www.notibras.com\/site\/wp-json\/wp\/v2\/types\/post"}],"author":[{"embeddable":true,"href":"https:\/\/www.notibras.com\/site\/wp-json\/wp\/v2\/users\/2"}],"replies":[{"embeddable":true,"href":"https:\/\/www.notibras.com\/site\/wp-json\/wp\/v2\/comments?post=122847"}],"version-history":[{"count":1,"href":"https:\/\/www.notibras.com\/site\/wp-json\/wp\/v2\/posts\/122847\/revisions"}],"predecessor-version":[{"id":122849,"href":"https:\/\/www.notibras.com\/site\/wp-json\/wp\/v2\/posts\/122847\/revisions\/122849"}],"wp:featuredmedia":[{"embeddable":true,"href":"https:\/\/www.notibras.com\/site\/wp-json\/wp\/v2\/media\/123034"}],"wp:attachment":[{"href":"https:\/\/www.notibras.com\/site\/wp-json\/wp\/v2\/media?parent=122847"}],"wp:term":[{"taxonomy":"category","embeddable":true,"href":"https:\/\/www.notibras.com\/site\/wp-json\/wp\/v2\/categories?post=122847"},{"taxonomy":"post_tag","embeddable":true,"href":"https:\/\/www.notibras.com\/site\/wp-json\/wp\/v2\/tags?post=122847"}],"curies":[{"name":"wp","href":"https:\/\/api.w.org\/{rel}","templated":true}]}}