{"id":122903,"date":"2016-12-03T10:50:08","date_gmt":"2016-12-03T12:50:08","guid":{"rendered":"http:\/\/www.notibras.com\/site\/?p=122903"},"modified":"2016-12-04T08:55:32","modified_gmt":"2016-12-04T10:55:32","slug":"suicidio-da-camara-se-faz-na-calada-da-noite","status":"publish","type":"post","link":"https:\/\/www.notibras.com\/site\/suicidio-da-camara-se-faz-na-calada-da-noite\/","title":{"rendered":"Suic\u00eddio da C\u00e2mara se faz na calada da noite"},"content":{"rendered":"<p><strong>Percival Puggina<\/strong><\/p>\n<p>Foi de madrugada, quando dorm\u00edamos, que o parlamento brasileiro suicidou-se moralmente num acesso de f\u00faria contra tudo e contra todos. Do alto de suas gravatas, deputados federais urravam \u00f3dio nos microfones. Eles odiavam seus colegas probos, indignavam-se, numa indigna\u00e7\u00e3o despida de dignidade, ante bons exemplos. E aplaudiam comparsas.<\/p>\n<p>Condutas \u00edntegras faziam explodir sentimentos primitivos. Nada, por\u00e9m, trazia mais espuma \u00e0 boca e sangue aos olhos do que a atividade de policiais, promotores e magistrados. Tais fun\u00e7\u00f5es, um dia, poderiam apontar crimes e sinalizar o rugoso caminho da cadeia.<\/p>\n<p>Que pa\u00eds \u00e9 esse &#8211; pensava o Parlamento suicida &#8211; onde n\u00e3o mais se pode roubar em paz? Como obter mandato para servir ao povo em nobre atividade sem tomar dinheiro desse mesmo povo? Que mal atacou nossa gente, outrora d\u00f3cil e tolerante, para lev\u00e1-la \u00e0s pra\u00e7as clamar contra meus neg\u00f3cios? De onde saiu essa corruptofobia? Tudo isso pensava e contra tudo isso vociferava o Parlamento enquanto o elevador da arrog\u00e2ncia ascendia ao topo das torres g\u00eameas. E, dali, a queda livre at\u00e9 o solo.<\/p>\n<p>N\u00e3o se diga que o finado ainda emite sinais vitais. Com efeito, cora\u00e7\u00e3o bate, pulm\u00f5es respiram, aparelho digestivo digere. Mas est\u00e1 morto. Morto como um peso morto. \u00c9 um traste, esse suicida moral. N\u00f3s assistimos tudo! Como n\u00e3o atestar, ent\u00e3o, seu \u00f3bito? O Antagonista resume assim, no rescaldo da madrugada: crime de responsabilidade para ju\u00edzes e procuradores, pris\u00e3o por desrespeito \u00e0s prerrogativas dos advogados, criminosos n\u00e3o ter\u00e3o de devolver a fortuna acumulada com propinas, tempo de prescri\u00e7\u00e3o continuar\u00e1 com r\u00e9u foragido, partidos n\u00e3o poder\u00e3o ser punidos pelo roubo.<\/p>\n<p>Estas medidas, que favorecem a Frente Parlamentar da Corrup\u00e7\u00e3o, ou Orcrim, no relato de O Antagonista, foram aprovadas pelos partidos com estas propor\u00e7\u00f5es:<\/p>\n<p>PCdoB: 100% pr\u00f3-ORCRIM.<br \/>\nPT: 98% pr\u00f3-ORCRIM.<br \/>\nPRB: 95% pr\u00f3-ORCRIM.<br \/>\nPDT: 87,5% pr\u00f3-ORCRIM.<br \/>\nPR: 83% pr\u00f3-ORCRIM.<br \/>\nPMDB: 82% pr\u00f3-ORCRIM.<br \/>\nPP: 81% pr\u00f3-ORCRIM.<br \/>\nDEM: 71% pr\u00f3-ORCRIM.<br \/>\nPSD: 61% pr\u00f3-ORCRIM.<br \/>\nPSB: 57% pr\u00f3-ORCRIM.<br \/>\nPSDB: 24% pr\u00f3-ORCRIM.<\/p>\n<p>Domingo, dia 4 de dezembro, estaremos nas avenidas e pra\u00e7as do Brasil como testemunhas do que aconteceu e protagonistas dos princ\u00edpios e valores que em algum momento, ali adiante, haver\u00e3o de prevalecer. H\u00e1 que cumprir o dever moral da persist\u00eancia! Covardes e in\u00fateis seremos se jogarmos a tolha ante cad\u00e1veres morais.<\/p>\n","protected":false},"excerpt":{"rendered":"<p>Percival Puggina Foi de madrugada, quando dorm\u00edamos, que o parlamento brasileiro suicidou-se moralmente num acesso de f\u00faria contra tudo e contra todos. Do alto de suas gravatas, deputados federais urravam \u00f3dio nos microfones. Eles odiavam seus colegas probos, indignavam-se, numa indigna\u00e7\u00e3o despida de dignidade, ante bons exemplos. E aplaudiam comparsas. Condutas \u00edntegras faziam explodir sentimentos [&hellip;]<\/p>\n","protected":false},"author":2,"featured_media":122904,"comment_status":"open","ping_status":"closed","sticky":false,"template":"","format":"standard","meta":{"_acf_changed":false,"footnotes":""},"categories":[25],"tags":[],"class_list":["post-122903","post","type-post","status-publish","format-standard","has-post-thumbnail","hentry","category-opina-ai"],"acf":[],"yoast_head":"<!-- This site is optimized with the Yoast SEO plugin v27.5 - https:\/\/yoast.com\/product\/yoast-seo-wordpress\/ -->\n<title>Suic\u00eddio da C\u00e2mara se faz na calada da noite - Notibras<\/title>\n<meta name=\"robots\" content=\"index, follow, max-snippet:-1, max-image-preview:large, max-video-preview:-1\" \/>\n<link rel=\"canonical\" href=\"https:\/\/www.notibras.com\/site\/suicidio-da-camara-se-faz-na-calada-da-noite\/\" \/>\n<meta property=\"og:locale\" content=\"pt_BR\" \/>\n<meta property=\"og:type\" content=\"article\" \/>\n<meta property=\"og:title\" content=\"Suic\u00eddio da C\u00e2mara se faz na calada da noite - Notibras\" \/>\n<meta property=\"og:description\" content=\"Percival Puggina Foi de madrugada, quando dorm\u00edamos, que o parlamento brasileiro suicidou-se moralmente num acesso de f\u00faria contra tudo e contra todos. Do alto de suas gravatas, deputados federais urravam \u00f3dio nos microfones. Eles odiavam seus colegas probos, indignavam-se, numa indigna\u00e7\u00e3o despida de dignidade, ante bons exemplos. E aplaudiam comparsas. Condutas \u00edntegras faziam explodir sentimentos [&hellip;]\" \/>\n<meta property=\"og:url\" content=\"https:\/\/www.notibras.com\/site\/suicidio-da-camara-se-faz-na-calada-da-noite\/\" \/>\n<meta property=\"og:site_name\" content=\"Notibras\" \/>\n<meta property=\"article:publisher\" content=\"https:\/\/www.facebook.com\/notibras\/\" \/>\n<meta property=\"article:published_time\" content=\"2016-12-03T12:50:08+00:00\" \/>\n<meta property=\"article:modified_time\" content=\"2016-12-04T10:55:32+00:00\" \/>\n<meta property=\"og:image\" content=\"https:\/\/www.notibras.com\/site\/wp-content\/uploads\/2016\/12\/C\u00e2mara.jpg\" \/>\n\t<meta property=\"og:image:width\" content=\"1000\" \/>\n\t<meta property=\"og:image:height\" content=\"656\" \/>\n\t<meta property=\"og:image:type\" content=\"image\/jpeg\" \/>\n<meta name=\"author\" content=\"Reda\u00e7\u00e3o\" \/>\n<meta name=\"twitter:card\" content=\"summary_large_image\" \/>\n<meta name=\"twitter:creator\" content=\"@Notibras\" \/>\n<meta name=\"twitter:site\" content=\"@Notibras\" \/>\n<meta name=\"twitter:label1\" content=\"Escrito por\" \/>\n\t<meta name=\"twitter:data1\" content=\"Reda\u00e7\u00e3o\" \/>\n\t<meta name=\"twitter:label2\" content=\"Est. tempo de leitura\" \/>\n\t<meta name=\"twitter:data2\" content=\"2 minutos\" \/>\n<script type=\"application\/ld+json\" class=\"yoast-schema-graph\">{\"@context\":\"https:\\\/\\\/schema.org\",\"@graph\":[{\"@type\":\"Article\",\"@id\":\"https:\\\/\\\/www.notibras.com\\\/site\\\/suicidio-da-camara-se-faz-na-calada-da-noite\\\/#article\",\"isPartOf\":{\"@id\":\"https:\\\/\\\/www.notibras.com\\\/site\\\/suicidio-da-camara-se-faz-na-calada-da-noite\\\/\"},\"author\":{\"name\":\"Reda\u00e7\u00e3o\",\"@id\":\"https:\\\/\\\/www.notibras.com\\\/site\\\/#\\\/schema\\\/person\\\/36ab0979449956132d3e5b517ea76ac8\"},\"headline\":\"Suic\u00eddio da C\u00e2mara se faz na calada da noite\",\"datePublished\":\"2016-12-03T12:50:08+00:00\",\"dateModified\":\"2016-12-04T10:55:32+00:00\",\"mainEntityOfPage\":{\"@id\":\"https:\\\/\\\/www.notibras.com\\\/site\\\/suicidio-da-camara-se-faz-na-calada-da-noite\\\/\"},\"wordCount\":412,\"commentCount\":0,\"publisher\":{\"@id\":\"https:\\\/\\\/www.notibras.com\\\/site\\\/#organization\"},\"image\":{\"@id\":\"https:\\\/\\\/www.notibras.com\\\/site\\\/suicidio-da-camara-se-faz-na-calada-da-noite\\\/#primaryimage\"},\"thumbnailUrl\":\"https:\\\/\\\/www.notibras.com\\\/site\\\/wp-content\\\/uploads\\\/2016\\\/12\\\/C\u00e2mara.jpg\",\"articleSection\":[\"Opina a\u00ed\"],\"inLanguage\":\"pt-BR\",\"potentialAction\":[{\"@type\":\"CommentAction\",\"name\":\"Comment\",\"target\":[\"https:\\\/\\\/www.notibras.com\\\/site\\\/suicidio-da-camara-se-faz-na-calada-da-noite\\\/#respond\"]}]},{\"@type\":\"WebPage\",\"@id\":\"https:\\\/\\\/www.notibras.com\\\/site\\\/suicidio-da-camara-se-faz-na-calada-da-noite\\\/\",\"url\":\"https:\\\/\\\/www.notibras.com\\\/site\\\/suicidio-da-camara-se-faz-na-calada-da-noite\\\/\",\"name\":\"Suic\u00eddio da C\u00e2mara se faz na calada da noite - Notibras\",\"isPartOf\":{\"@id\":\"https:\\\/\\\/www.notibras.com\\\/site\\\/#website\"},\"primaryImageOfPage\":{\"@id\":\"https:\\\/\\\/www.notibras.com\\\/site\\\/suicidio-da-camara-se-faz-na-calada-da-noite\\\/#primaryimage\"},\"image\":{\"@id\":\"https:\\\/\\\/www.notibras.com\\\/site\\\/suicidio-da-camara-se-faz-na-calada-da-noite\\\/#primaryimage\"},\"thumbnailUrl\":\"https:\\\/\\\/www.notibras.com\\\/site\\\/wp-content\\\/uploads\\\/2016\\\/12\\\/C\u00e2mara.jpg\",\"datePublished\":\"2016-12-03T12:50:08+00:00\",\"dateModified\":\"2016-12-04T10:55:32+00:00\",\"breadcrumb\":{\"@id\":\"https:\\\/\\\/www.notibras.com\\\/site\\\/suicidio-da-camara-se-faz-na-calada-da-noite\\\/#breadcrumb\"},\"inLanguage\":\"pt-BR\",\"potentialAction\":[{\"@type\":\"ReadAction\",\"target\":[\"https:\\\/\\\/www.notibras.com\\\/site\\\/suicidio-da-camara-se-faz-na-calada-da-noite\\\/\"]}]},{\"@type\":\"ImageObject\",\"inLanguage\":\"pt-BR\",\"@id\":\"https:\\\/\\\/www.notibras.com\\\/site\\\/suicidio-da-camara-se-faz-na-calada-da-noite\\\/#primaryimage\",\"url\":\"https:\\\/\\\/www.notibras.com\\\/site\\\/wp-content\\\/uploads\\\/2016\\\/12\\\/C\u00e2mara.jpg\",\"contentUrl\":\"https:\\\/\\\/www.notibras.com\\\/site\\\/wp-content\\\/uploads\\\/2016\\\/12\\\/C\u00e2mara.jpg\",\"width\":1000,\"height\":656},{\"@type\":\"BreadcrumbList\",\"@id\":\"https:\\\/\\\/www.notibras.com\\\/site\\\/suicidio-da-camara-se-faz-na-calada-da-noite\\\/#breadcrumb\",\"itemListElement\":[{\"@type\":\"ListItem\",\"position\":1,\"name\":\"In\u00edcio\",\"item\":\"https:\\\/\\\/www.notibras.com\\\/site\\\/\"},{\"@type\":\"ListItem\",\"position\":2,\"name\":\"Suic\u00eddio da C\u00e2mara se faz na calada da noite\"}]},{\"@type\":\"WebSite\",\"@id\":\"https:\\\/\\\/www.notibras.com\\\/site\\\/#website\",\"url\":\"https:\\\/\\\/www.notibras.com\\\/site\\\/\",\"name\":\"Notibras\",\"description\":\"Not\u00edcias de Bras\u00edlia, do Brasil e do Mundo\",\"publisher\":{\"@id\":\"https:\\\/\\\/www.notibras.com\\\/site\\\/#organization\"},\"potentialAction\":[{\"@type\":\"SearchAction\",\"target\":{\"@type\":\"EntryPoint\",\"urlTemplate\":\"https:\\\/\\\/www.notibras.com\\\/site\\\/?s={search_term_string}\"},\"query-input\":{\"@type\":\"PropertyValueSpecification\",\"valueRequired\":true,\"valueName\":\"search_term_string\"}}],\"inLanguage\":\"pt-BR\"},{\"@type\":\"Organization\",\"@id\":\"https:\\\/\\\/www.notibras.com\\\/site\\\/#organization\",\"name\":\"Grupo Notibras de Comunica\u00e7\u00e3o\",\"url\":\"https:\\\/\\\/www.notibras.com\\\/site\\\/\",\"logo\":{\"@type\":\"ImageObject\",\"inLanguage\":\"pt-BR\",\"@id\":\"https:\\\/\\\/www.notibras.com\\\/site\\\/#\\\/schema\\\/logo\\\/image\\\/\",\"url\":\"https:\\\/\\\/www.notibras.com\\\/site\\\/wp-content\\\/uploads\\\/2023\\\/01\\\/notibras23.png\",\"contentUrl\":\"https:\\\/\\\/www.notibras.com\\\/site\\\/wp-content\\\/uploads\\\/2023\\\/01\\\/notibras23.png\",\"width\":350,\"height\":87,\"caption\":\"Grupo Notibras de Comunica\u00e7\u00e3o\"},\"image\":{\"@id\":\"https:\\\/\\\/www.notibras.com\\\/site\\\/#\\\/schema\\\/logo\\\/image\\\/\"},\"sameAs\":[\"https:\\\/\\\/www.facebook.com\\\/notibras\\\/\",\"https:\\\/\\\/x.com\\\/Notibras\",\"https:\\\/\\\/www.instagram.com\\\/notibras\\\/\"]},{\"@type\":\"Person\",\"@id\":\"https:\\\/\\\/www.notibras.com\\\/site\\\/#\\\/schema\\\/person\\\/36ab0979449956132d3e5b517ea76ac8\",\"name\":\"Reda\u00e7\u00e3o\",\"image\":{\"@type\":\"ImageObject\",\"inLanguage\":\"pt-BR\",\"@id\":\"https:\\\/\\\/secure.gravatar.com\\\/avatar\\\/e0a867bdedb85fd243eadf09663511f96fc81e0720a4a42581f334ad4303aa6b?s=96&d=mm&r=g\",\"url\":\"https:\\\/\\\/secure.gravatar.com\\\/avatar\\\/e0a867bdedb85fd243eadf09663511f96fc81e0720a4a42581f334ad4303aa6b?s=96&d=mm&r=g\",\"contentUrl\":\"https:\\\/\\\/secure.gravatar.com\\\/avatar\\\/e0a867bdedb85fd243eadf09663511f96fc81e0720a4a42581f334ad4303aa6b?s=96&d=mm&r=g\",\"caption\":\"Reda\u00e7\u00e3o\"}}]}<\/script>\n<!-- \/ Yoast SEO plugin. -->","yoast_head_json":{"title":"Suic\u00eddio da C\u00e2mara se faz na calada da noite - Notibras","robots":{"index":"index","follow":"follow","max-snippet":"max-snippet:-1","max-image-preview":"max-image-preview:large","max-video-preview":"max-video-preview:-1"},"canonical":"https:\/\/www.notibras.com\/site\/suicidio-da-camara-se-faz-na-calada-da-noite\/","og_locale":"pt_BR","og_type":"article","og_title":"Suic\u00eddio da C\u00e2mara se faz na calada da noite - Notibras","og_description":"Percival Puggina Foi de madrugada, quando dorm\u00edamos, que o parlamento brasileiro suicidou-se moralmente num acesso de f\u00faria contra tudo e contra todos. Do alto de suas gravatas, deputados federais urravam \u00f3dio nos microfones. Eles odiavam seus colegas probos, indignavam-se, numa indigna\u00e7\u00e3o despida de dignidade, ante bons exemplos. E aplaudiam comparsas. Condutas \u00edntegras faziam explodir sentimentos [&hellip;]","og_url":"https:\/\/www.notibras.com\/site\/suicidio-da-camara-se-faz-na-calada-da-noite\/","og_site_name":"Notibras","article_publisher":"https:\/\/www.facebook.com\/notibras\/","article_published_time":"2016-12-03T12:50:08+00:00","article_modified_time":"2016-12-04T10:55:32+00:00","og_image":[{"width":1000,"height":656,"url":"https:\/\/www.notibras.com\/site\/wp-content\/uploads\/2016\/12\/C\u00e2mara.jpg","type":"image\/jpeg"}],"author":"Reda\u00e7\u00e3o","twitter_card":"summary_large_image","twitter_creator":"@Notibras","twitter_site":"@Notibras","twitter_misc":{"Escrito por":"Reda\u00e7\u00e3o","Est. tempo de leitura":"2 minutos"},"schema":{"@context":"https:\/\/schema.org","@graph":[{"@type":"Article","@id":"https:\/\/www.notibras.com\/site\/suicidio-da-camara-se-faz-na-calada-da-noite\/#article","isPartOf":{"@id":"https:\/\/www.notibras.com\/site\/suicidio-da-camara-se-faz-na-calada-da-noite\/"},"author":{"name":"Reda\u00e7\u00e3o","@id":"https:\/\/www.notibras.com\/site\/#\/schema\/person\/36ab0979449956132d3e5b517ea76ac8"},"headline":"Suic\u00eddio da C\u00e2mara se faz na calada da noite","datePublished":"2016-12-03T12:50:08+00:00","dateModified":"2016-12-04T10:55:32+00:00","mainEntityOfPage":{"@id":"https:\/\/www.notibras.com\/site\/suicidio-da-camara-se-faz-na-calada-da-noite\/"},"wordCount":412,"commentCount":0,"publisher":{"@id":"https:\/\/www.notibras.com\/site\/#organization"},"image":{"@id":"https:\/\/www.notibras.com\/site\/suicidio-da-camara-se-faz-na-calada-da-noite\/#primaryimage"},"thumbnailUrl":"https:\/\/www.notibras.com\/site\/wp-content\/uploads\/2016\/12\/C\u00e2mara.jpg","articleSection":["Opina a\u00ed"],"inLanguage":"pt-BR","potentialAction":[{"@type":"CommentAction","name":"Comment","target":["https:\/\/www.notibras.com\/site\/suicidio-da-camara-se-faz-na-calada-da-noite\/#respond"]}]},{"@type":"WebPage","@id":"https:\/\/www.notibras.com\/site\/suicidio-da-camara-se-faz-na-calada-da-noite\/","url":"https:\/\/www.notibras.com\/site\/suicidio-da-camara-se-faz-na-calada-da-noite\/","name":"Suic\u00eddio da C\u00e2mara se faz na calada da noite - Notibras","isPartOf":{"@id":"https:\/\/www.notibras.com\/site\/#website"},"primaryImageOfPage":{"@id":"https:\/\/www.notibras.com\/site\/suicidio-da-camara-se-faz-na-calada-da-noite\/#primaryimage"},"image":{"@id":"https:\/\/www.notibras.com\/site\/suicidio-da-camara-se-faz-na-calada-da-noite\/#primaryimage"},"thumbnailUrl":"https:\/\/www.notibras.com\/site\/wp-content\/uploads\/2016\/12\/C\u00e2mara.jpg","datePublished":"2016-12-03T12:50:08+00:00","dateModified":"2016-12-04T10:55:32+00:00","breadcrumb":{"@id":"https:\/\/www.notibras.com\/site\/suicidio-da-camara-se-faz-na-calada-da-noite\/#breadcrumb"},"inLanguage":"pt-BR","potentialAction":[{"@type":"ReadAction","target":["https:\/\/www.notibras.com\/site\/suicidio-da-camara-se-faz-na-calada-da-noite\/"]}]},{"@type":"ImageObject","inLanguage":"pt-BR","@id":"https:\/\/www.notibras.com\/site\/suicidio-da-camara-se-faz-na-calada-da-noite\/#primaryimage","url":"https:\/\/www.notibras.com\/site\/wp-content\/uploads\/2016\/12\/C\u00e2mara.jpg","contentUrl":"https:\/\/www.notibras.com\/site\/wp-content\/uploads\/2016\/12\/C\u00e2mara.jpg","width":1000,"height":656},{"@type":"BreadcrumbList","@id":"https:\/\/www.notibras.com\/site\/suicidio-da-camara-se-faz-na-calada-da-noite\/#breadcrumb","itemListElement":[{"@type":"ListItem","position":1,"name":"In\u00edcio","item":"https:\/\/www.notibras.com\/site\/"},{"@type":"ListItem","position":2,"name":"Suic\u00eddio da C\u00e2mara se faz na calada da noite"}]},{"@type":"WebSite","@id":"https:\/\/www.notibras.com\/site\/#website","url":"https:\/\/www.notibras.com\/site\/","name":"Notibras","description":"Not\u00edcias de Bras\u00edlia, do Brasil e do Mundo","publisher":{"@id":"https:\/\/www.notibras.com\/site\/#organization"},"potentialAction":[{"@type":"SearchAction","target":{"@type":"EntryPoint","urlTemplate":"https:\/\/www.notibras.com\/site\/?s={search_term_string}"},"query-input":{"@type":"PropertyValueSpecification","valueRequired":true,"valueName":"search_term_string"}}],"inLanguage":"pt-BR"},{"@type":"Organization","@id":"https:\/\/www.notibras.com\/site\/#organization","name":"Grupo Notibras de Comunica\u00e7\u00e3o","url":"https:\/\/www.notibras.com\/site\/","logo":{"@type":"ImageObject","inLanguage":"pt-BR","@id":"https:\/\/www.notibras.com\/site\/#\/schema\/logo\/image\/","url":"https:\/\/www.notibras.com\/site\/wp-content\/uploads\/2023\/01\/notibras23.png","contentUrl":"https:\/\/www.notibras.com\/site\/wp-content\/uploads\/2023\/01\/notibras23.png","width":350,"height":87,"caption":"Grupo Notibras de Comunica\u00e7\u00e3o"},"image":{"@id":"https:\/\/www.notibras.com\/site\/#\/schema\/logo\/image\/"},"sameAs":["https:\/\/www.facebook.com\/notibras\/","https:\/\/x.com\/Notibras","https:\/\/www.instagram.com\/notibras\/"]},{"@type":"Person","@id":"https:\/\/www.notibras.com\/site\/#\/schema\/person\/36ab0979449956132d3e5b517ea76ac8","name":"Reda\u00e7\u00e3o","image":{"@type":"ImageObject","inLanguage":"pt-BR","@id":"https:\/\/secure.gravatar.com\/avatar\/e0a867bdedb85fd243eadf09663511f96fc81e0720a4a42581f334ad4303aa6b?s=96&d=mm&r=g","url":"https:\/\/secure.gravatar.com\/avatar\/e0a867bdedb85fd243eadf09663511f96fc81e0720a4a42581f334ad4303aa6b?s=96&d=mm&r=g","contentUrl":"https:\/\/secure.gravatar.com\/avatar\/e0a867bdedb85fd243eadf09663511f96fc81e0720a4a42581f334ad4303aa6b?s=96&d=mm&r=g","caption":"Reda\u00e7\u00e3o"}}]}},"amp_enabled":true,"_links":{"self":[{"href":"https:\/\/www.notibras.com\/site\/wp-json\/wp\/v2\/posts\/122903","targetHints":{"allow":["GET"]}}],"collection":[{"href":"https:\/\/www.notibras.com\/site\/wp-json\/wp\/v2\/posts"}],"about":[{"href":"https:\/\/www.notibras.com\/site\/wp-json\/wp\/v2\/types\/post"}],"author":[{"embeddable":true,"href":"https:\/\/www.notibras.com\/site\/wp-json\/wp\/v2\/users\/2"}],"replies":[{"embeddable":true,"href":"https:\/\/www.notibras.com\/site\/wp-json\/wp\/v2\/comments?post=122903"}],"version-history":[{"count":3,"href":"https:\/\/www.notibras.com\/site\/wp-json\/wp\/v2\/posts\/122903\/revisions"}],"predecessor-version":[{"id":122939,"href":"https:\/\/www.notibras.com\/site\/wp-json\/wp\/v2\/posts\/122903\/revisions\/122939"}],"wp:featuredmedia":[{"embeddable":true,"href":"https:\/\/www.notibras.com\/site\/wp-json\/wp\/v2\/media\/122904"}],"wp:attachment":[{"href":"https:\/\/www.notibras.com\/site\/wp-json\/wp\/v2\/media?parent=122903"}],"wp:term":[{"taxonomy":"category","embeddable":true,"href":"https:\/\/www.notibras.com\/site\/wp-json\/wp\/v2\/categories?post=122903"},{"taxonomy":"post_tag","embeddable":true,"href":"https:\/\/www.notibras.com\/site\/wp-json\/wp\/v2\/tags?post=122903"}],"curies":[{"name":"wp","href":"https:\/\/api.w.org\/{rel}","templated":true}]}}