{"id":12293,"date":"2014-06-04T10:24:07","date_gmt":"2014-06-04T13:24:07","guid":{"rendered":"http:\/\/www.notibras.com\/site\/?p=12293"},"modified":"2014-06-04T10:24:07","modified_gmt":"2014-06-04T13:24:07","slug":"revendo-o-brasil-um-pais-assassinado-de-filhos-torturados","status":"publish","type":"post","link":"https:\/\/www.notibras.com\/site\/revendo-o-brasil-um-pais-assassinado-de-filhos-torturados\/","title":{"rendered":"Revendo o Brasil, um pa\u00eds assassinado, de filhos torturados"},"content":{"rendered":"<p>E o futuro do Brasil? Assassinado, segue o pa\u00eds dos filhos torturados. Em todas as camadas sociais, o futuro do Brasil agoniza. Nas m\u00e3os dos pais, do Estado, das For\u00e7as Armadas, dos bandidos diplomados, os meninos do Brasil s\u00e3o massacrados. A sociedade brasileira assiste a tudo, calada, apenas achando l\u00fagubre o triste espet\u00e1culo. Somos vencidos, diariamente, por essa realidade que acerta, todos os dias, impiedosamente, uma bala perdida bem no meio das nossas esperan\u00e7as. At\u00e9 quando, n\u00e3o sei!<\/p>\n<p>Sei apenas que tudo isso \u00e9 o produto final de um pa\u00eds que vive sob a vig\u00eancia da total falta de valores. Aqui, roubar e matar s\u00e3o sentidos de vida t\u00e3o banais, que aceitamos o pol\u00edtico fanfarr\u00e3o como aceitamos o assassinato do menino de olhar triste do Rio Grande do Sul. Tudo tem sua origem, e a origem de nosso mal maior \u00e9 a omiss\u00e3o, a aprova\u00e7\u00e3o silenciosa de toda a sociedade. Pobres meninos do Brasil, pobres de n\u00f3s!<\/p>\n<blockquote><p>Os pais brasileiros de agora s\u00e3o os filhos de uma sociedade adoecida de ontem. O triste destino dos filhos deles, a constata\u00e7\u00e3o da doen\u00e7a moral e social que nos assola. Hoje, nossa consci\u00eancia civil chora diante da conclus\u00e3o de que o menino Marcelo Pesseghini, de 13 anos de idade, matou seus pais.<\/p><\/blockquote>\n<p>Nas tev\u00eas, assistimos, diariamente, as cenas das novelas que propagam o \u00f3dio \u00e0 vida, que corroem as fam\u00edlias, revelando o pobre mundo presente, t\u00e3o distante dos valores morais que deveriam educar um povo, que deveriam ser refer\u00eancia para todos n\u00f3s, orientando uma vida em sociedade. Nos tornamos reles espectadores do t\u00e9trico espet\u00e1culo social que se descortina, todos os dias, \u00e0 nossa frente. O produto final disso conhecemos de perto, est\u00e1 nas ruas de um imenso pa\u00eds, estampado nas p\u00e1ginas dos jornais, tatuado em nossos cora\u00e7\u00f5es, para sempre!<\/p>\n<p>Somos n\u00f3s que fazemos o mundo em que vivemos. Somos n\u00f3s os atores, diretores e espectadores e por nossos atos revelamos o rumo que a trama cotidiana seguir\u00e1, intuindo, claramente, quais ser\u00e3o as cenas dos pr\u00f3ximos cap\u00edtulos.<\/p>\n<p>\u00c9 tudo t\u00e3o perverso e covarde que preferimos fechar nossos olhos e acreditar na transitoriedade de nossa m\u00e1 sorte, ignorando o lastrear da impunidade. Enquanto isso, mais um corpo tomba inocente, embalado pela nossa acomodada cumplicidade, amparado pela inoc\u00eancia c\u00edvica que faz de n\u00f3s uma na\u00e7\u00e3o passiva, n\u00e3o pac\u00edfica. Somos mesmo um povo acovardado, em s\u00e9culos e s\u00e9culos de omiss\u00e3o e submiss\u00e3o.<\/p>\n<p>Ultimamente, escrevemos cartazes, vamos para as ruas e protestamos. Amanh\u00e3, lamentaremos. Depois de amanh\u00e3, esqueceremos. E para nos deixar com a consci\u00eancia c\u00edvica tranq\u00fcila, aprovaremos uma malfadada Lei da Palmada para justificar o que n\u00e3o se faz aqui, o que n\u00e3o existe&#8230; Depois, passaremos, cada um com as suas urg\u00eancias, pelas mesmas ruas em que foram assassinados os meninos do Brasil e, provavelmente, os nossos futuros netos. Assim sempre foi, assim tem sido. At\u00e9 que, um triste dia, a impune realidade brasileira resolva bater \u00e0 nossa porta.<\/p>\n<p><strong>Petr\u00f4nio Souza Gon\u00e7alves<\/strong><\/p>\n","protected":false},"excerpt":{"rendered":"<p>E o futuro do Brasil? Assassinado, segue o pa\u00eds dos filhos torturados. Em todas as camadas sociais, o futuro do Brasil agoniza. Nas m\u00e3os dos pais, do Estado, das For\u00e7as Armadas, dos bandidos diplomados, os meninos do Brasil s\u00e3o massacrados. A sociedade brasileira assiste a tudo, calada, apenas achando l\u00fagubre o triste espet\u00e1culo. Somos vencidos, [&hellip;]<\/p>\n","protected":false},"author":2,"featured_media":12294,"comment_status":"open","ping_status":"closed","sticky":false,"template":"","format":"standard","meta":{"_acf_changed":false,"footnotes":""},"categories":[25],"tags":[],"class_list":["post-12293","post","type-post","status-publish","format-standard","has-post-thumbnail","hentry","category-opina-ai"],"acf":[],"yoast_head":"<!-- This site is optimized with the Yoast SEO plugin v27.5 - https:\/\/yoast.com\/product\/yoast-seo-wordpress\/ -->\n<title>Revendo o Brasil, um pa\u00eds assassinado, de filhos torturados - Notibras<\/title>\n<meta name=\"robots\" content=\"index, follow, max-snippet:-1, max-image-preview:large, max-video-preview:-1\" \/>\n<link rel=\"canonical\" href=\"https:\/\/www.notibras.com\/site\/revendo-o-brasil-um-pais-assassinado-de-filhos-torturados\/\" \/>\n<meta property=\"og:locale\" content=\"pt_BR\" \/>\n<meta property=\"og:type\" content=\"article\" \/>\n<meta property=\"og:title\" content=\"Revendo o Brasil, um pa\u00eds assassinado, de filhos torturados - Notibras\" \/>\n<meta property=\"og:description\" content=\"E o futuro do Brasil? Assassinado, segue o pa\u00eds dos filhos torturados. Em todas as camadas sociais, o futuro do Brasil agoniza. Nas m\u00e3os dos pais, do Estado, das For\u00e7as Armadas, dos bandidos diplomados, os meninos do Brasil s\u00e3o massacrados. A sociedade brasileira assiste a tudo, calada, apenas achando l\u00fagubre o triste espet\u00e1culo. Somos vencidos, [&hellip;]\" \/>\n<meta property=\"og:url\" content=\"https:\/\/www.notibras.com\/site\/revendo-o-brasil-um-pais-assassinado-de-filhos-torturados\/\" \/>\n<meta property=\"og:site_name\" content=\"Notibras\" \/>\n<meta property=\"article:publisher\" content=\"https:\/\/www.facebook.com\/notibras\/\" \/>\n<meta property=\"article:published_time\" content=\"2014-06-04T13:24:07+00:00\" \/>\n<meta property=\"og:image\" content=\"https:\/\/www.notibras.com\/site\/wp-content\/uploads\/2014\/06\/bandeira.jpg\" \/>\n\t<meta property=\"og:image:width\" content=\"640\" \/>\n\t<meta property=\"og:image:height\" content=\"400\" \/>\n\t<meta property=\"og:image:type\" content=\"image\/jpeg\" \/>\n<meta name=\"author\" content=\"Reda\u00e7\u00e3o\" \/>\n<meta name=\"twitter:card\" content=\"summary_large_image\" \/>\n<meta name=\"twitter:creator\" content=\"@Notibras\" \/>\n<meta name=\"twitter:site\" content=\"@Notibras\" \/>\n<meta name=\"twitter:label1\" content=\"Escrito por\" \/>\n\t<meta name=\"twitter:data1\" content=\"Reda\u00e7\u00e3o\" \/>\n\t<meta name=\"twitter:label2\" content=\"Est. tempo de leitura\" \/>\n\t<meta name=\"twitter:data2\" content=\"3 minutos\" \/>\n<script type=\"application\/ld+json\" class=\"yoast-schema-graph\">{\"@context\":\"https:\\\/\\\/schema.org\",\"@graph\":[{\"@type\":\"Article\",\"@id\":\"https:\\\/\\\/www.notibras.com\\\/site\\\/revendo-o-brasil-um-pais-assassinado-de-filhos-torturados\\\/#article\",\"isPartOf\":{\"@id\":\"https:\\\/\\\/www.notibras.com\\\/site\\\/revendo-o-brasil-um-pais-assassinado-de-filhos-torturados\\\/\"},\"author\":{\"name\":\"Reda\u00e7\u00e3o\",\"@id\":\"https:\\\/\\\/www.notibras.com\\\/site\\\/#\\\/schema\\\/person\\\/36ab0979449956132d3e5b517ea76ac8\"},\"headline\":\"Revendo o Brasil, um pa\u00eds assassinado, de filhos torturados\",\"datePublished\":\"2014-06-04T13:24:07+00:00\",\"mainEntityOfPage\":{\"@id\":\"https:\\\/\\\/www.notibras.com\\\/site\\\/revendo-o-brasil-um-pais-assassinado-de-filhos-torturados\\\/\"},\"wordCount\":544,\"commentCount\":0,\"publisher\":{\"@id\":\"https:\\\/\\\/www.notibras.com\\\/site\\\/#organization\"},\"image\":{\"@id\":\"https:\\\/\\\/www.notibras.com\\\/site\\\/revendo-o-brasil-um-pais-assassinado-de-filhos-torturados\\\/#primaryimage\"},\"thumbnailUrl\":\"https:\\\/\\\/www.notibras.com\\\/site\\\/wp-content\\\/uploads\\\/2014\\\/06\\\/bandeira.jpg\",\"articleSection\":[\"Opina a\u00ed\"],\"inLanguage\":\"pt-BR\",\"potentialAction\":[{\"@type\":\"CommentAction\",\"name\":\"Comment\",\"target\":[\"https:\\\/\\\/www.notibras.com\\\/site\\\/revendo-o-brasil-um-pais-assassinado-de-filhos-torturados\\\/#respond\"]}]},{\"@type\":\"WebPage\",\"@id\":\"https:\\\/\\\/www.notibras.com\\\/site\\\/revendo-o-brasil-um-pais-assassinado-de-filhos-torturados\\\/\",\"url\":\"https:\\\/\\\/www.notibras.com\\\/site\\\/revendo-o-brasil-um-pais-assassinado-de-filhos-torturados\\\/\",\"name\":\"Revendo o Brasil, um pa\u00eds assassinado, de filhos torturados - Notibras\",\"isPartOf\":{\"@id\":\"https:\\\/\\\/www.notibras.com\\\/site\\\/#website\"},\"primaryImageOfPage\":{\"@id\":\"https:\\\/\\\/www.notibras.com\\\/site\\\/revendo-o-brasil-um-pais-assassinado-de-filhos-torturados\\\/#primaryimage\"},\"image\":{\"@id\":\"https:\\\/\\\/www.notibras.com\\\/site\\\/revendo-o-brasil-um-pais-assassinado-de-filhos-torturados\\\/#primaryimage\"},\"thumbnailUrl\":\"https:\\\/\\\/www.notibras.com\\\/site\\\/wp-content\\\/uploads\\\/2014\\\/06\\\/bandeira.jpg\",\"datePublished\":\"2014-06-04T13:24:07+00:00\",\"breadcrumb\":{\"@id\":\"https:\\\/\\\/www.notibras.com\\\/site\\\/revendo-o-brasil-um-pais-assassinado-de-filhos-torturados\\\/#breadcrumb\"},\"inLanguage\":\"pt-BR\",\"potentialAction\":[{\"@type\":\"ReadAction\",\"target\":[\"https:\\\/\\\/www.notibras.com\\\/site\\\/revendo-o-brasil-um-pais-assassinado-de-filhos-torturados\\\/\"]}]},{\"@type\":\"ImageObject\",\"inLanguage\":\"pt-BR\",\"@id\":\"https:\\\/\\\/www.notibras.com\\\/site\\\/revendo-o-brasil-um-pais-assassinado-de-filhos-torturados\\\/#primaryimage\",\"url\":\"https:\\\/\\\/www.notibras.com\\\/site\\\/wp-content\\\/uploads\\\/2014\\\/06\\\/bandeira.jpg\",\"contentUrl\":\"https:\\\/\\\/www.notibras.com\\\/site\\\/wp-content\\\/uploads\\\/2014\\\/06\\\/bandeira.jpg\",\"width\":640,\"height\":400},{\"@type\":\"BreadcrumbList\",\"@id\":\"https:\\\/\\\/www.notibras.com\\\/site\\\/revendo-o-brasil-um-pais-assassinado-de-filhos-torturados\\\/#breadcrumb\",\"itemListElement\":[{\"@type\":\"ListItem\",\"position\":1,\"name\":\"In\u00edcio\",\"item\":\"https:\\\/\\\/www.notibras.com\\\/site\\\/\"},{\"@type\":\"ListItem\",\"position\":2,\"name\":\"Revendo o Brasil, um pa\u00eds assassinado, de filhos torturados\"}]},{\"@type\":\"WebSite\",\"@id\":\"https:\\\/\\\/www.notibras.com\\\/site\\\/#website\",\"url\":\"https:\\\/\\\/www.notibras.com\\\/site\\\/\",\"name\":\"Notibras\",\"description\":\"Not\u00edcias de Bras\u00edlia, do Brasil e do Mundo\",\"publisher\":{\"@id\":\"https:\\\/\\\/www.notibras.com\\\/site\\\/#organization\"},\"potentialAction\":[{\"@type\":\"SearchAction\",\"target\":{\"@type\":\"EntryPoint\",\"urlTemplate\":\"https:\\\/\\\/www.notibras.com\\\/site\\\/?s={search_term_string}\"},\"query-input\":{\"@type\":\"PropertyValueSpecification\",\"valueRequired\":true,\"valueName\":\"search_term_string\"}}],\"inLanguage\":\"pt-BR\"},{\"@type\":\"Organization\",\"@id\":\"https:\\\/\\\/www.notibras.com\\\/site\\\/#organization\",\"name\":\"Grupo Notibras de Comunica\u00e7\u00e3o\",\"url\":\"https:\\\/\\\/www.notibras.com\\\/site\\\/\",\"logo\":{\"@type\":\"ImageObject\",\"inLanguage\":\"pt-BR\",\"@id\":\"https:\\\/\\\/www.notibras.com\\\/site\\\/#\\\/schema\\\/logo\\\/image\\\/\",\"url\":\"https:\\\/\\\/www.notibras.com\\\/site\\\/wp-content\\\/uploads\\\/2023\\\/01\\\/notibras23.png\",\"contentUrl\":\"https:\\\/\\\/www.notibras.com\\\/site\\\/wp-content\\\/uploads\\\/2023\\\/01\\\/notibras23.png\",\"width\":350,\"height\":87,\"caption\":\"Grupo Notibras de Comunica\u00e7\u00e3o\"},\"image\":{\"@id\":\"https:\\\/\\\/www.notibras.com\\\/site\\\/#\\\/schema\\\/logo\\\/image\\\/\"},\"sameAs\":[\"https:\\\/\\\/www.facebook.com\\\/notibras\\\/\",\"https:\\\/\\\/x.com\\\/Notibras\",\"https:\\\/\\\/www.instagram.com\\\/notibras\\\/\"]},{\"@type\":\"Person\",\"@id\":\"https:\\\/\\\/www.notibras.com\\\/site\\\/#\\\/schema\\\/person\\\/36ab0979449956132d3e5b517ea76ac8\",\"name\":\"Reda\u00e7\u00e3o\",\"image\":{\"@type\":\"ImageObject\",\"inLanguage\":\"pt-BR\",\"@id\":\"https:\\\/\\\/secure.gravatar.com\\\/avatar\\\/e0a867bdedb85fd243eadf09663511f96fc81e0720a4a42581f334ad4303aa6b?s=96&d=mm&r=g\",\"url\":\"https:\\\/\\\/secure.gravatar.com\\\/avatar\\\/e0a867bdedb85fd243eadf09663511f96fc81e0720a4a42581f334ad4303aa6b?s=96&d=mm&r=g\",\"contentUrl\":\"https:\\\/\\\/secure.gravatar.com\\\/avatar\\\/e0a867bdedb85fd243eadf09663511f96fc81e0720a4a42581f334ad4303aa6b?s=96&d=mm&r=g\",\"caption\":\"Reda\u00e7\u00e3o\"}}]}<\/script>\n<!-- \/ Yoast SEO plugin. -->","yoast_head_json":{"title":"Revendo o Brasil, um pa\u00eds assassinado, de filhos torturados - Notibras","robots":{"index":"index","follow":"follow","max-snippet":"max-snippet:-1","max-image-preview":"max-image-preview:large","max-video-preview":"max-video-preview:-1"},"canonical":"https:\/\/www.notibras.com\/site\/revendo-o-brasil-um-pais-assassinado-de-filhos-torturados\/","og_locale":"pt_BR","og_type":"article","og_title":"Revendo o Brasil, um pa\u00eds assassinado, de filhos torturados - Notibras","og_description":"E o futuro do Brasil? Assassinado, segue o pa\u00eds dos filhos torturados. Em todas as camadas sociais, o futuro do Brasil agoniza. Nas m\u00e3os dos pais, do Estado, das For\u00e7as Armadas, dos bandidos diplomados, os meninos do Brasil s\u00e3o massacrados. A sociedade brasileira assiste a tudo, calada, apenas achando l\u00fagubre o triste espet\u00e1culo. Somos vencidos, [&hellip;]","og_url":"https:\/\/www.notibras.com\/site\/revendo-o-brasil-um-pais-assassinado-de-filhos-torturados\/","og_site_name":"Notibras","article_publisher":"https:\/\/www.facebook.com\/notibras\/","article_published_time":"2014-06-04T13:24:07+00:00","og_image":[{"width":640,"height":400,"url":"https:\/\/www.notibras.com\/site\/wp-content\/uploads\/2014\/06\/bandeira.jpg","type":"image\/jpeg"}],"author":"Reda\u00e7\u00e3o","twitter_card":"summary_large_image","twitter_creator":"@Notibras","twitter_site":"@Notibras","twitter_misc":{"Escrito por":"Reda\u00e7\u00e3o","Est. tempo de leitura":"3 minutos"},"schema":{"@context":"https:\/\/schema.org","@graph":[{"@type":"Article","@id":"https:\/\/www.notibras.com\/site\/revendo-o-brasil-um-pais-assassinado-de-filhos-torturados\/#article","isPartOf":{"@id":"https:\/\/www.notibras.com\/site\/revendo-o-brasil-um-pais-assassinado-de-filhos-torturados\/"},"author":{"name":"Reda\u00e7\u00e3o","@id":"https:\/\/www.notibras.com\/site\/#\/schema\/person\/36ab0979449956132d3e5b517ea76ac8"},"headline":"Revendo o Brasil, um pa\u00eds assassinado, de filhos torturados","datePublished":"2014-06-04T13:24:07+00:00","mainEntityOfPage":{"@id":"https:\/\/www.notibras.com\/site\/revendo-o-brasil-um-pais-assassinado-de-filhos-torturados\/"},"wordCount":544,"commentCount":0,"publisher":{"@id":"https:\/\/www.notibras.com\/site\/#organization"},"image":{"@id":"https:\/\/www.notibras.com\/site\/revendo-o-brasil-um-pais-assassinado-de-filhos-torturados\/#primaryimage"},"thumbnailUrl":"https:\/\/www.notibras.com\/site\/wp-content\/uploads\/2014\/06\/bandeira.jpg","articleSection":["Opina a\u00ed"],"inLanguage":"pt-BR","potentialAction":[{"@type":"CommentAction","name":"Comment","target":["https:\/\/www.notibras.com\/site\/revendo-o-brasil-um-pais-assassinado-de-filhos-torturados\/#respond"]}]},{"@type":"WebPage","@id":"https:\/\/www.notibras.com\/site\/revendo-o-brasil-um-pais-assassinado-de-filhos-torturados\/","url":"https:\/\/www.notibras.com\/site\/revendo-o-brasil-um-pais-assassinado-de-filhos-torturados\/","name":"Revendo o Brasil, um pa\u00eds assassinado, de filhos torturados - Notibras","isPartOf":{"@id":"https:\/\/www.notibras.com\/site\/#website"},"primaryImageOfPage":{"@id":"https:\/\/www.notibras.com\/site\/revendo-o-brasil-um-pais-assassinado-de-filhos-torturados\/#primaryimage"},"image":{"@id":"https:\/\/www.notibras.com\/site\/revendo-o-brasil-um-pais-assassinado-de-filhos-torturados\/#primaryimage"},"thumbnailUrl":"https:\/\/www.notibras.com\/site\/wp-content\/uploads\/2014\/06\/bandeira.jpg","datePublished":"2014-06-04T13:24:07+00:00","breadcrumb":{"@id":"https:\/\/www.notibras.com\/site\/revendo-o-brasil-um-pais-assassinado-de-filhos-torturados\/#breadcrumb"},"inLanguage":"pt-BR","potentialAction":[{"@type":"ReadAction","target":["https:\/\/www.notibras.com\/site\/revendo-o-brasil-um-pais-assassinado-de-filhos-torturados\/"]}]},{"@type":"ImageObject","inLanguage":"pt-BR","@id":"https:\/\/www.notibras.com\/site\/revendo-o-brasil-um-pais-assassinado-de-filhos-torturados\/#primaryimage","url":"https:\/\/www.notibras.com\/site\/wp-content\/uploads\/2014\/06\/bandeira.jpg","contentUrl":"https:\/\/www.notibras.com\/site\/wp-content\/uploads\/2014\/06\/bandeira.jpg","width":640,"height":400},{"@type":"BreadcrumbList","@id":"https:\/\/www.notibras.com\/site\/revendo-o-brasil-um-pais-assassinado-de-filhos-torturados\/#breadcrumb","itemListElement":[{"@type":"ListItem","position":1,"name":"In\u00edcio","item":"https:\/\/www.notibras.com\/site\/"},{"@type":"ListItem","position":2,"name":"Revendo o Brasil, um pa\u00eds assassinado, de filhos torturados"}]},{"@type":"WebSite","@id":"https:\/\/www.notibras.com\/site\/#website","url":"https:\/\/www.notibras.com\/site\/","name":"Notibras","description":"Not\u00edcias de Bras\u00edlia, do Brasil e do Mundo","publisher":{"@id":"https:\/\/www.notibras.com\/site\/#organization"},"potentialAction":[{"@type":"SearchAction","target":{"@type":"EntryPoint","urlTemplate":"https:\/\/www.notibras.com\/site\/?s={search_term_string}"},"query-input":{"@type":"PropertyValueSpecification","valueRequired":true,"valueName":"search_term_string"}}],"inLanguage":"pt-BR"},{"@type":"Organization","@id":"https:\/\/www.notibras.com\/site\/#organization","name":"Grupo Notibras de Comunica\u00e7\u00e3o","url":"https:\/\/www.notibras.com\/site\/","logo":{"@type":"ImageObject","inLanguage":"pt-BR","@id":"https:\/\/www.notibras.com\/site\/#\/schema\/logo\/image\/","url":"https:\/\/www.notibras.com\/site\/wp-content\/uploads\/2023\/01\/notibras23.png","contentUrl":"https:\/\/www.notibras.com\/site\/wp-content\/uploads\/2023\/01\/notibras23.png","width":350,"height":87,"caption":"Grupo Notibras de Comunica\u00e7\u00e3o"},"image":{"@id":"https:\/\/www.notibras.com\/site\/#\/schema\/logo\/image\/"},"sameAs":["https:\/\/www.facebook.com\/notibras\/","https:\/\/x.com\/Notibras","https:\/\/www.instagram.com\/notibras\/"]},{"@type":"Person","@id":"https:\/\/www.notibras.com\/site\/#\/schema\/person\/36ab0979449956132d3e5b517ea76ac8","name":"Reda\u00e7\u00e3o","image":{"@type":"ImageObject","inLanguage":"pt-BR","@id":"https:\/\/secure.gravatar.com\/avatar\/e0a867bdedb85fd243eadf09663511f96fc81e0720a4a42581f334ad4303aa6b?s=96&d=mm&r=g","url":"https:\/\/secure.gravatar.com\/avatar\/e0a867bdedb85fd243eadf09663511f96fc81e0720a4a42581f334ad4303aa6b?s=96&d=mm&r=g","contentUrl":"https:\/\/secure.gravatar.com\/avatar\/e0a867bdedb85fd243eadf09663511f96fc81e0720a4a42581f334ad4303aa6b?s=96&d=mm&r=g","caption":"Reda\u00e7\u00e3o"}}]}},"amp_enabled":true,"_links":{"self":[{"href":"https:\/\/www.notibras.com\/site\/wp-json\/wp\/v2\/posts\/12293","targetHints":{"allow":["GET"]}}],"collection":[{"href":"https:\/\/www.notibras.com\/site\/wp-json\/wp\/v2\/posts"}],"about":[{"href":"https:\/\/www.notibras.com\/site\/wp-json\/wp\/v2\/types\/post"}],"author":[{"embeddable":true,"href":"https:\/\/www.notibras.com\/site\/wp-json\/wp\/v2\/users\/2"}],"replies":[{"embeddable":true,"href":"https:\/\/www.notibras.com\/site\/wp-json\/wp\/v2\/comments?post=12293"}],"version-history":[{"count":0,"href":"https:\/\/www.notibras.com\/site\/wp-json\/wp\/v2\/posts\/12293\/revisions"}],"wp:featuredmedia":[{"embeddable":true,"href":"https:\/\/www.notibras.com\/site\/wp-json\/wp\/v2\/media\/12294"}],"wp:attachment":[{"href":"https:\/\/www.notibras.com\/site\/wp-json\/wp\/v2\/media?parent=12293"}],"wp:term":[{"taxonomy":"category","embeddable":true,"href":"https:\/\/www.notibras.com\/site\/wp-json\/wp\/v2\/categories?post=12293"},{"taxonomy":"post_tag","embeddable":true,"href":"https:\/\/www.notibras.com\/site\/wp-json\/wp\/v2\/tags?post=12293"}],"curies":[{"name":"wp","href":"https:\/\/api.w.org\/{rel}","templated":true}]}}