{"id":122942,"date":"2016-12-04T09:21:49","date_gmt":"2016-12-04T11:21:49","guid":{"rendered":"http:\/\/www.notibras.com\/site\/?p=122942"},"modified":"2016-12-04T09:21:49","modified_gmt":"2016-12-04T11:21:49","slug":"brasil-caminha-para-afundar-na-areia-movedica","status":"publish","type":"post","link":"https:\/\/www.notibras.com\/site\/brasil-caminha-para-afundar-na-areia-movedica\/","title":{"rendered":"Brasil caminha para afundar na areia movedi\u00e7a"},"content":{"rendered":"<p><strong>Percival Puggina<\/strong><\/p>\n<p>Nunca tive maior entusiasmo com a pessoa de Michel Temer. Suas boas credenciais de mestre de Direito Constitucional juntavam-se, como contrapeso, \u00e0s de vice de Dilma Rousseff e presidente do PMDB. Dado que parte expressiva da bancada do partido que presidia estava enrolada nas patifarias do governo petista, parecia pouco prov\u00e1vel que ele exercesse os dois postos mergulhado nas trevas da insapi\u00eancia.<\/p>\n<p>No entanto, Temer era o substituto leg\u00edtimo, constitucional, de uma presidente que exercera o governo do fim do mundo. Com m\u00e3o de ferro, Dilma conduzira a na\u00e7\u00e3o a um preju\u00edzo de um trilh\u00e3o de reais, que hoje falta em todos os or\u00e7amentos. Levara milh\u00f5es ao desemprego, dera \u00e0 irresponsabilidade fiscal status de benfeitoria e plantara, afanosamente, as sementes da recess\u00e3o. J\u00e1 estava a presidente sobre o telhado quando o TCU a flagrou em crime de responsabilidade, proporcionando as raz\u00f5es t\u00e9cnicas para o processo de impeachment. Um governo com Temer era, ent\u00e3o, a consequ\u00eancia constitucional e a alternativa poss\u00edvel. Mas&#8230; e se esse governo tamb\u00e9m se desestabilizar?<\/p>\n<p>Sair\u00edamos da crise para o caos. E caberia indagar: o que vem depois do caos? Eu n\u00e3o tenho resposta para essa pergunta. Nem disponho daquela obstina\u00e7\u00e3o que, historicamente, permite \u00e0 esquerda jogar ao mar as montanhas que a realidade e os fatos proporcionam. Eles continuam confiando em Maduro, em Fidel e Ra\u00fal, e chamando bandidos de her\u00f3is. Por n\u00e3o saber o que vem depois do caos e por n\u00e3o querer cen\u00e1rio venezuelano em meu pa\u00eds, leio a realidade institucional brasileira destes dias conforme a descrevo em sequ\u00eancia. Eu a classifico segundo os quatro grandes temas abordados a seguir.<\/p>\n<p><strong>1\u00ba &#8211; A Frente Parlamentar do Crime<\/strong><\/p>\n<p>Constitui a mais numerosa dentre as bancadas e blocos em opera\u00e7\u00e3o no Congresso Nacional. \u00c9 suprapartid\u00e1ria, formada pela banda podre do PT, PMDB, PP, PSDB e de outras legendas menores criadas nos \u00faltimos anos. Cuida exclusivamente dos interesses de seus membros e, de modo muito especial, nestes dias, de livrar o pr\u00f3prio couro. Estava na base do governo Dilma e, em boa parte, mudou-se para o governo Temer. Pelo n\u00famero de membros, como veremos adiante, \u00e9 indispens\u00e1vel \u00e0 forma\u00e7\u00e3o da maioria sem a qual o governo n\u00e3o aprova suas diretrizes e suas pol\u00edticas de gest\u00e3o. A bancada petista s\u00f3 faz discurso e jogo de cena contra as articula\u00e7\u00f5es que visam a obstar a Lava Jato e as 10 Medidas contra a corrup\u00e7\u00e3o porque os muitos lambuzados que habitam a base do governo Temer est\u00e3o cuidando disso por ela.<\/p>\n<p><strong>2\u00ba &#8211; A situa\u00e7\u00e3o do governo Temer<\/strong><\/p>\n<p>Agora, a na\u00e7\u00e3o precisa de estabilidade pol\u00edtica e o governo de pelo menos 342 votos firmes em sua base de apoio. A base tem, em tese, 412 votos, mas 56 j\u00e1 n\u00e3o votaram a PEC 241. Se considerarmos que a oposi\u00e7\u00e3o tem 101 votos, que 56 governistas n\u00e3o s\u00e3o fi\u00e9is, salta aos olhos que o governo n\u00e3o pode perder os votos que tem na Frente Parlamentar do Crime. Eis a\u00ed, gigantesca e escandalosa, a trag\u00e9dia moral que acometeu nossas institui\u00e7\u00f5es. N\u00e3o se governa sem os bandidos! Felizmente, a \u00e1rea financeira do governo ganhou grande autonomia e est\u00e1 em boas m\u00e3os.<\/p>\n<p><strong>3\u00ba &#8211; A atitude do STF\u00a0<\/strong><\/p>\n<p>Boa parte desse laborioso colegiado pol\u00edtico do crime tem exist\u00eancia antiga e j\u00e1 estaria contado na popula\u00e7\u00e3o carcer\u00e1ria do pa\u00eds se o STF atribu\u00edsse a devida import\u00e2ncia aos deveres que lhe correspondem perante o saneamento moral de seus vizinhos na Pra\u00e7a dos Tr\u00eas Poderes. \u00c9 incalcul\u00e1vel o custo pol\u00edtico e financeiro da longa dormi\u00e7\u00e3o dos processos l\u00e1 na \u00faltima trincheira da impunidade. Como vimos acima, o atual problema n\u00e3o existiria, ou ao menos n\u00e3o teria as propor\u00e7\u00f5es que est\u00e1 adquirindo se a bancada do crime tivesse sido enfrentada com agilidade antes, ou se o for agora.<\/p>\n<p><strong>4\u00ba &#8211; A urgente reforma institucional<\/strong><\/p>\n<p>Entre os muitos motivos que levam a desejar uma reforma institucional para ado\u00e7\u00e3o do parlamentarismo, se incluem certos objetivos que esse sistema viabiliza: a) separar a chefia de Estado da chefia de governo, de modo que s\u00f3 as fun\u00e7\u00f5es de governo sejam partid\u00e1rias; b) despartidarizar a administra\u00e7\u00e3o e a gest\u00e3o das estatais; c) permitir a r\u00e1pida e n\u00e3o traum\u00e1tica substitui\u00e7\u00e3o dos governos que percam a confian\u00e7a social e o apoio pol\u00edtico.<\/p>\n<p>Nada disso, por\u00e9m, vai apresentar os resultados desejados enquanto o contingente de criminosos com protagonismo na cena pol\u00edtica se mantiver nas atuais propor\u00e7\u00f5es e sendo, em fun\u00e7\u00e3o disso, parte expressiva do poder de decis\u00e3o e das bases de apoio. A assustadora criminalidade das ruas chegou ao Congresso Nacional. Ou vice-versa.<\/p>\n","protected":false},"excerpt":{"rendered":"<p>Percival Puggina Nunca tive maior entusiasmo com a pessoa de Michel Temer. Suas boas credenciais de mestre de Direito Constitucional juntavam-se, como contrapeso, \u00e0s de vice de Dilma Rousseff e presidente do PMDB. Dado que parte expressiva da bancada do partido que presidia estava enrolada nas patifarias do governo petista, parecia pouco prov\u00e1vel que ele [&hellip;]<\/p>\n","protected":false},"author":2,"featured_media":122943,"comment_status":"open","ping_status":"closed","sticky":false,"template":"","format":"standard","meta":{"_acf_changed":false,"footnotes":""},"categories":[25],"tags":[],"class_list":["post-122942","post","type-post","status-publish","format-standard","has-post-thumbnail","hentry","category-opina-ai"],"acf":[],"yoast_head":"<!-- This site is optimized with the Yoast SEO plugin v27.5 - https:\/\/yoast.com\/product\/yoast-seo-wordpress\/ -->\n<title>Brasil caminha para afundar na areia movedi\u00e7a - Notibras<\/title>\n<meta name=\"robots\" content=\"index, follow, max-snippet:-1, max-image-preview:large, max-video-preview:-1\" \/>\n<link rel=\"canonical\" href=\"https:\/\/www.notibras.com\/site\/brasil-caminha-para-afundar-na-areia-movedica\/\" \/>\n<meta property=\"og:locale\" content=\"pt_BR\" \/>\n<meta property=\"og:type\" content=\"article\" \/>\n<meta property=\"og:title\" content=\"Brasil caminha para afundar na areia movedi\u00e7a - Notibras\" \/>\n<meta property=\"og:description\" content=\"Percival Puggina Nunca tive maior entusiasmo com a pessoa de Michel Temer. Suas boas credenciais de mestre de Direito Constitucional juntavam-se, como contrapeso, \u00e0s de vice de Dilma Rousseff e presidente do PMDB. Dado que parte expressiva da bancada do partido que presidia estava enrolada nas patifarias do governo petista, parecia pouco prov\u00e1vel que ele [&hellip;]\" \/>\n<meta property=\"og:url\" content=\"https:\/\/www.notibras.com\/site\/brasil-caminha-para-afundar-na-areia-movedica\/\" \/>\n<meta property=\"og:site_name\" content=\"Notibras\" \/>\n<meta property=\"article:publisher\" content=\"https:\/\/www.facebook.com\/notibras\/\" \/>\n<meta property=\"article:published_time\" content=\"2016-12-04T11:21:49+00:00\" \/>\n<meta property=\"og:image\" content=\"https:\/\/www.notibras.com\/site\/wp-content\/uploads\/2016\/12\/brasil.crise_.png\" \/>\n\t<meta property=\"og:image:width\" content=\"698\" \/>\n\t<meta property=\"og:image:height\" content=\"400\" \/>\n\t<meta property=\"og:image:type\" content=\"image\/png\" \/>\n<meta name=\"author\" content=\"Reda\u00e7\u00e3o\" \/>\n<meta name=\"twitter:card\" content=\"summary_large_image\" \/>\n<meta name=\"twitter:creator\" content=\"@Notibras\" \/>\n<meta name=\"twitter:site\" content=\"@Notibras\" \/>\n<meta name=\"twitter:label1\" content=\"Escrito por\" \/>\n\t<meta name=\"twitter:data1\" content=\"Reda\u00e7\u00e3o\" \/>\n\t<meta name=\"twitter:label2\" content=\"Est. tempo de leitura\" \/>\n\t<meta name=\"twitter:data2\" content=\"4 minutos\" \/>\n<script type=\"application\/ld+json\" class=\"yoast-schema-graph\">{\"@context\":\"https:\\\/\\\/schema.org\",\"@graph\":[{\"@type\":\"Article\",\"@id\":\"https:\\\/\\\/www.notibras.com\\\/site\\\/brasil-caminha-para-afundar-na-areia-movedica\\\/#article\",\"isPartOf\":{\"@id\":\"https:\\\/\\\/www.notibras.com\\\/site\\\/brasil-caminha-para-afundar-na-areia-movedica\\\/\"},\"author\":{\"name\":\"Reda\u00e7\u00e3o\",\"@id\":\"https:\\\/\\\/www.notibras.com\\\/site\\\/#\\\/schema\\\/person\\\/36ab0979449956132d3e5b517ea76ac8\"},\"headline\":\"Brasil caminha para afundar na areia movedi\u00e7a\",\"datePublished\":\"2016-12-04T11:21:49+00:00\",\"mainEntityOfPage\":{\"@id\":\"https:\\\/\\\/www.notibras.com\\\/site\\\/brasil-caminha-para-afundar-na-areia-movedica\\\/\"},\"wordCount\":822,\"commentCount\":0,\"publisher\":{\"@id\":\"https:\\\/\\\/www.notibras.com\\\/site\\\/#organization\"},\"image\":{\"@id\":\"https:\\\/\\\/www.notibras.com\\\/site\\\/brasil-caminha-para-afundar-na-areia-movedica\\\/#primaryimage\"},\"thumbnailUrl\":\"https:\\\/\\\/www.notibras.com\\\/site\\\/wp-content\\\/uploads\\\/2016\\\/12\\\/brasil.crise_.png\",\"articleSection\":[\"Opina a\u00ed\"],\"inLanguage\":\"pt-BR\",\"potentialAction\":[{\"@type\":\"CommentAction\",\"name\":\"Comment\",\"target\":[\"https:\\\/\\\/www.notibras.com\\\/site\\\/brasil-caminha-para-afundar-na-areia-movedica\\\/#respond\"]}]},{\"@type\":\"WebPage\",\"@id\":\"https:\\\/\\\/www.notibras.com\\\/site\\\/brasil-caminha-para-afundar-na-areia-movedica\\\/\",\"url\":\"https:\\\/\\\/www.notibras.com\\\/site\\\/brasil-caminha-para-afundar-na-areia-movedica\\\/\",\"name\":\"Brasil caminha para afundar na areia movedi\u00e7a - Notibras\",\"isPartOf\":{\"@id\":\"https:\\\/\\\/www.notibras.com\\\/site\\\/#website\"},\"primaryImageOfPage\":{\"@id\":\"https:\\\/\\\/www.notibras.com\\\/site\\\/brasil-caminha-para-afundar-na-areia-movedica\\\/#primaryimage\"},\"image\":{\"@id\":\"https:\\\/\\\/www.notibras.com\\\/site\\\/brasil-caminha-para-afundar-na-areia-movedica\\\/#primaryimage\"},\"thumbnailUrl\":\"https:\\\/\\\/www.notibras.com\\\/site\\\/wp-content\\\/uploads\\\/2016\\\/12\\\/brasil.crise_.png\",\"datePublished\":\"2016-12-04T11:21:49+00:00\",\"breadcrumb\":{\"@id\":\"https:\\\/\\\/www.notibras.com\\\/site\\\/brasil-caminha-para-afundar-na-areia-movedica\\\/#breadcrumb\"},\"inLanguage\":\"pt-BR\",\"potentialAction\":[{\"@type\":\"ReadAction\",\"target\":[\"https:\\\/\\\/www.notibras.com\\\/site\\\/brasil-caminha-para-afundar-na-areia-movedica\\\/\"]}]},{\"@type\":\"ImageObject\",\"inLanguage\":\"pt-BR\",\"@id\":\"https:\\\/\\\/www.notibras.com\\\/site\\\/brasil-caminha-para-afundar-na-areia-movedica\\\/#primaryimage\",\"url\":\"https:\\\/\\\/www.notibras.com\\\/site\\\/wp-content\\\/uploads\\\/2016\\\/12\\\/brasil.crise_.png\",\"contentUrl\":\"https:\\\/\\\/www.notibras.com\\\/site\\\/wp-content\\\/uploads\\\/2016\\\/12\\\/brasil.crise_.png\",\"width\":698,\"height\":400,\"caption\":\"Foto:\\\/Arquivo Notibras\"},{\"@type\":\"BreadcrumbList\",\"@id\":\"https:\\\/\\\/www.notibras.com\\\/site\\\/brasil-caminha-para-afundar-na-areia-movedica\\\/#breadcrumb\",\"itemListElement\":[{\"@type\":\"ListItem\",\"position\":1,\"name\":\"In\u00edcio\",\"item\":\"https:\\\/\\\/www.notibras.com\\\/site\\\/\"},{\"@type\":\"ListItem\",\"position\":2,\"name\":\"Brasil caminha para afundar na areia movedi\u00e7a\"}]},{\"@type\":\"WebSite\",\"@id\":\"https:\\\/\\\/www.notibras.com\\\/site\\\/#website\",\"url\":\"https:\\\/\\\/www.notibras.com\\\/site\\\/\",\"name\":\"Notibras\",\"description\":\"Not\u00edcias de Bras\u00edlia, do Brasil e do Mundo\",\"publisher\":{\"@id\":\"https:\\\/\\\/www.notibras.com\\\/site\\\/#organization\"},\"potentialAction\":[{\"@type\":\"SearchAction\",\"target\":{\"@type\":\"EntryPoint\",\"urlTemplate\":\"https:\\\/\\\/www.notibras.com\\\/site\\\/?s={search_term_string}\"},\"query-input\":{\"@type\":\"PropertyValueSpecification\",\"valueRequired\":true,\"valueName\":\"search_term_string\"}}],\"inLanguage\":\"pt-BR\"},{\"@type\":\"Organization\",\"@id\":\"https:\\\/\\\/www.notibras.com\\\/site\\\/#organization\",\"name\":\"Grupo Notibras de Comunica\u00e7\u00e3o\",\"url\":\"https:\\\/\\\/www.notibras.com\\\/site\\\/\",\"logo\":{\"@type\":\"ImageObject\",\"inLanguage\":\"pt-BR\",\"@id\":\"https:\\\/\\\/www.notibras.com\\\/site\\\/#\\\/schema\\\/logo\\\/image\\\/\",\"url\":\"https:\\\/\\\/www.notibras.com\\\/site\\\/wp-content\\\/uploads\\\/2023\\\/01\\\/notibras23.png\",\"contentUrl\":\"https:\\\/\\\/www.notibras.com\\\/site\\\/wp-content\\\/uploads\\\/2023\\\/01\\\/notibras23.png\",\"width\":350,\"height\":87,\"caption\":\"Grupo Notibras de Comunica\u00e7\u00e3o\"},\"image\":{\"@id\":\"https:\\\/\\\/www.notibras.com\\\/site\\\/#\\\/schema\\\/logo\\\/image\\\/\"},\"sameAs\":[\"https:\\\/\\\/www.facebook.com\\\/notibras\\\/\",\"https:\\\/\\\/x.com\\\/Notibras\",\"https:\\\/\\\/www.instagram.com\\\/notibras\\\/\"]},{\"@type\":\"Person\",\"@id\":\"https:\\\/\\\/www.notibras.com\\\/site\\\/#\\\/schema\\\/person\\\/36ab0979449956132d3e5b517ea76ac8\",\"name\":\"Reda\u00e7\u00e3o\",\"image\":{\"@type\":\"ImageObject\",\"inLanguage\":\"pt-BR\",\"@id\":\"https:\\\/\\\/secure.gravatar.com\\\/avatar\\\/e0a867bdedb85fd243eadf09663511f96fc81e0720a4a42581f334ad4303aa6b?s=96&d=mm&r=g\",\"url\":\"https:\\\/\\\/secure.gravatar.com\\\/avatar\\\/e0a867bdedb85fd243eadf09663511f96fc81e0720a4a42581f334ad4303aa6b?s=96&d=mm&r=g\",\"contentUrl\":\"https:\\\/\\\/secure.gravatar.com\\\/avatar\\\/e0a867bdedb85fd243eadf09663511f96fc81e0720a4a42581f334ad4303aa6b?s=96&d=mm&r=g\",\"caption\":\"Reda\u00e7\u00e3o\"}}]}<\/script>\n<!-- \/ Yoast SEO plugin. -->","yoast_head_json":{"title":"Brasil caminha para afundar na areia movedi\u00e7a - Notibras","robots":{"index":"index","follow":"follow","max-snippet":"max-snippet:-1","max-image-preview":"max-image-preview:large","max-video-preview":"max-video-preview:-1"},"canonical":"https:\/\/www.notibras.com\/site\/brasil-caminha-para-afundar-na-areia-movedica\/","og_locale":"pt_BR","og_type":"article","og_title":"Brasil caminha para afundar na areia movedi\u00e7a - Notibras","og_description":"Percival Puggina Nunca tive maior entusiasmo com a pessoa de Michel Temer. Suas boas credenciais de mestre de Direito Constitucional juntavam-se, como contrapeso, \u00e0s de vice de Dilma Rousseff e presidente do PMDB. Dado que parte expressiva da bancada do partido que presidia estava enrolada nas patifarias do governo petista, parecia pouco prov\u00e1vel que ele [&hellip;]","og_url":"https:\/\/www.notibras.com\/site\/brasil-caminha-para-afundar-na-areia-movedica\/","og_site_name":"Notibras","article_publisher":"https:\/\/www.facebook.com\/notibras\/","article_published_time":"2016-12-04T11:21:49+00:00","og_image":[{"width":698,"height":400,"url":"https:\/\/www.notibras.com\/site\/wp-content\/uploads\/2016\/12\/brasil.crise_.png","type":"image\/png"}],"author":"Reda\u00e7\u00e3o","twitter_card":"summary_large_image","twitter_creator":"@Notibras","twitter_site":"@Notibras","twitter_misc":{"Escrito por":"Reda\u00e7\u00e3o","Est. tempo de leitura":"4 minutos"},"schema":{"@context":"https:\/\/schema.org","@graph":[{"@type":"Article","@id":"https:\/\/www.notibras.com\/site\/brasil-caminha-para-afundar-na-areia-movedica\/#article","isPartOf":{"@id":"https:\/\/www.notibras.com\/site\/brasil-caminha-para-afundar-na-areia-movedica\/"},"author":{"name":"Reda\u00e7\u00e3o","@id":"https:\/\/www.notibras.com\/site\/#\/schema\/person\/36ab0979449956132d3e5b517ea76ac8"},"headline":"Brasil caminha para afundar na areia movedi\u00e7a","datePublished":"2016-12-04T11:21:49+00:00","mainEntityOfPage":{"@id":"https:\/\/www.notibras.com\/site\/brasil-caminha-para-afundar-na-areia-movedica\/"},"wordCount":822,"commentCount":0,"publisher":{"@id":"https:\/\/www.notibras.com\/site\/#organization"},"image":{"@id":"https:\/\/www.notibras.com\/site\/brasil-caminha-para-afundar-na-areia-movedica\/#primaryimage"},"thumbnailUrl":"https:\/\/www.notibras.com\/site\/wp-content\/uploads\/2016\/12\/brasil.crise_.png","articleSection":["Opina a\u00ed"],"inLanguage":"pt-BR","potentialAction":[{"@type":"CommentAction","name":"Comment","target":["https:\/\/www.notibras.com\/site\/brasil-caminha-para-afundar-na-areia-movedica\/#respond"]}]},{"@type":"WebPage","@id":"https:\/\/www.notibras.com\/site\/brasil-caminha-para-afundar-na-areia-movedica\/","url":"https:\/\/www.notibras.com\/site\/brasil-caminha-para-afundar-na-areia-movedica\/","name":"Brasil caminha para afundar na areia movedi\u00e7a - Notibras","isPartOf":{"@id":"https:\/\/www.notibras.com\/site\/#website"},"primaryImageOfPage":{"@id":"https:\/\/www.notibras.com\/site\/brasil-caminha-para-afundar-na-areia-movedica\/#primaryimage"},"image":{"@id":"https:\/\/www.notibras.com\/site\/brasil-caminha-para-afundar-na-areia-movedica\/#primaryimage"},"thumbnailUrl":"https:\/\/www.notibras.com\/site\/wp-content\/uploads\/2016\/12\/brasil.crise_.png","datePublished":"2016-12-04T11:21:49+00:00","breadcrumb":{"@id":"https:\/\/www.notibras.com\/site\/brasil-caminha-para-afundar-na-areia-movedica\/#breadcrumb"},"inLanguage":"pt-BR","potentialAction":[{"@type":"ReadAction","target":["https:\/\/www.notibras.com\/site\/brasil-caminha-para-afundar-na-areia-movedica\/"]}]},{"@type":"ImageObject","inLanguage":"pt-BR","@id":"https:\/\/www.notibras.com\/site\/brasil-caminha-para-afundar-na-areia-movedica\/#primaryimage","url":"https:\/\/www.notibras.com\/site\/wp-content\/uploads\/2016\/12\/brasil.crise_.png","contentUrl":"https:\/\/www.notibras.com\/site\/wp-content\/uploads\/2016\/12\/brasil.crise_.png","width":698,"height":400,"caption":"Foto:\/Arquivo Notibras"},{"@type":"BreadcrumbList","@id":"https:\/\/www.notibras.com\/site\/brasil-caminha-para-afundar-na-areia-movedica\/#breadcrumb","itemListElement":[{"@type":"ListItem","position":1,"name":"In\u00edcio","item":"https:\/\/www.notibras.com\/site\/"},{"@type":"ListItem","position":2,"name":"Brasil caminha para afundar na areia movedi\u00e7a"}]},{"@type":"WebSite","@id":"https:\/\/www.notibras.com\/site\/#website","url":"https:\/\/www.notibras.com\/site\/","name":"Notibras","description":"Not\u00edcias de Bras\u00edlia, do Brasil e do Mundo","publisher":{"@id":"https:\/\/www.notibras.com\/site\/#organization"},"potentialAction":[{"@type":"SearchAction","target":{"@type":"EntryPoint","urlTemplate":"https:\/\/www.notibras.com\/site\/?s={search_term_string}"},"query-input":{"@type":"PropertyValueSpecification","valueRequired":true,"valueName":"search_term_string"}}],"inLanguage":"pt-BR"},{"@type":"Organization","@id":"https:\/\/www.notibras.com\/site\/#organization","name":"Grupo Notibras de Comunica\u00e7\u00e3o","url":"https:\/\/www.notibras.com\/site\/","logo":{"@type":"ImageObject","inLanguage":"pt-BR","@id":"https:\/\/www.notibras.com\/site\/#\/schema\/logo\/image\/","url":"https:\/\/www.notibras.com\/site\/wp-content\/uploads\/2023\/01\/notibras23.png","contentUrl":"https:\/\/www.notibras.com\/site\/wp-content\/uploads\/2023\/01\/notibras23.png","width":350,"height":87,"caption":"Grupo Notibras de Comunica\u00e7\u00e3o"},"image":{"@id":"https:\/\/www.notibras.com\/site\/#\/schema\/logo\/image\/"},"sameAs":["https:\/\/www.facebook.com\/notibras\/","https:\/\/x.com\/Notibras","https:\/\/www.instagram.com\/notibras\/"]},{"@type":"Person","@id":"https:\/\/www.notibras.com\/site\/#\/schema\/person\/36ab0979449956132d3e5b517ea76ac8","name":"Reda\u00e7\u00e3o","image":{"@type":"ImageObject","inLanguage":"pt-BR","@id":"https:\/\/secure.gravatar.com\/avatar\/e0a867bdedb85fd243eadf09663511f96fc81e0720a4a42581f334ad4303aa6b?s=96&d=mm&r=g","url":"https:\/\/secure.gravatar.com\/avatar\/e0a867bdedb85fd243eadf09663511f96fc81e0720a4a42581f334ad4303aa6b?s=96&d=mm&r=g","contentUrl":"https:\/\/secure.gravatar.com\/avatar\/e0a867bdedb85fd243eadf09663511f96fc81e0720a4a42581f334ad4303aa6b?s=96&d=mm&r=g","caption":"Reda\u00e7\u00e3o"}}]}},"amp_enabled":true,"_links":{"self":[{"href":"https:\/\/www.notibras.com\/site\/wp-json\/wp\/v2\/posts\/122942","targetHints":{"allow":["GET"]}}],"collection":[{"href":"https:\/\/www.notibras.com\/site\/wp-json\/wp\/v2\/posts"}],"about":[{"href":"https:\/\/www.notibras.com\/site\/wp-json\/wp\/v2\/types\/post"}],"author":[{"embeddable":true,"href":"https:\/\/www.notibras.com\/site\/wp-json\/wp\/v2\/users\/2"}],"replies":[{"embeddable":true,"href":"https:\/\/www.notibras.com\/site\/wp-json\/wp\/v2\/comments?post=122942"}],"version-history":[{"count":1,"href":"https:\/\/www.notibras.com\/site\/wp-json\/wp\/v2\/posts\/122942\/revisions"}],"predecessor-version":[{"id":122944,"href":"https:\/\/www.notibras.com\/site\/wp-json\/wp\/v2\/posts\/122942\/revisions\/122944"}],"wp:featuredmedia":[{"embeddable":true,"href":"https:\/\/www.notibras.com\/site\/wp-json\/wp\/v2\/media\/122943"}],"wp:attachment":[{"href":"https:\/\/www.notibras.com\/site\/wp-json\/wp\/v2\/media?parent=122942"}],"wp:term":[{"taxonomy":"category","embeddable":true,"href":"https:\/\/www.notibras.com\/site\/wp-json\/wp\/v2\/categories?post=122942"},{"taxonomy":"post_tag","embeddable":true,"href":"https:\/\/www.notibras.com\/site\/wp-json\/wp\/v2\/tags?post=122942"}],"curies":[{"name":"wp","href":"https:\/\/api.w.org\/{rel}","templated":true}]}}