{"id":123196,"date":"2016-12-07T08:56:57","date_gmt":"2016-12-07T10:56:57","guid":{"rendered":"http:\/\/www.notibras.com\/site\/?p=123196"},"modified":"2016-12-07T08:56:57","modified_gmt":"2016-12-07T10:56:57","slug":"samba-nao-tem-dono-e-do-rico-e-do-pobre","status":"publish","type":"post","link":"https:\/\/www.notibras.com\/site\/samba-nao-tem-dono-e-do-rico-e-do-pobre\/","title":{"rendered":"Samba n\u00e3o tem dono; \u00e9 do rico e do pobre"},"content":{"rendered":"<p><strong>Maur\u00edcio Pestana<\/strong><\/p>\n<p>O samba completou cem anos de exist\u00eancia no \u00faltimo dia 27. O marco foi a can\u00e7\u00e3o &#8220;Pelo Telefone&#8221; composta por Donga e Mauro Almeida, o primeiro samba gravado no Brasil, em 1916. Desde ent\u00e3o, acompanhando sua trajet\u00f3ria ao longo do s\u00e9culo 20, esse aut\u00eantico s\u00edmbolo de brasilidade mudou de status e significado na medida da evolu\u00e7\u00e3o da sociedade brasileira.<\/p>\n<p>A origem do samba est\u00e1 relacionada aos antigos batuques trazidos pelos africanos que vieram escravizados para o Brasil. Estes ritmos, em geral, associados a elementos religiosos, funcionavam como uma forma de express\u00e3o musical e de dan\u00e7a, com percuss\u00e3o e movimentos do corpo. Aos poucos, o ritmo incorporou novos elementos, recebendo influ\u00eancia de outras m\u00fasicas e criando diversas vertentes dentro de um mesmo estilo. O g\u00eanero, que \u00e9 fruto de nossas ra\u00edzes africanas, como toda manifesta\u00e7\u00e3o popular, por muitos anos existiu na marginalidade e foi relegado a um segundo papel pela elite branca do Brasil.<\/p>\n<p>No entanto, com a nova organiza\u00e7\u00e3o da sociedade brasileira, o samba desce do morro da marginalidade. De uma manifesta\u00e7\u00e3o que remontava \u00e0 escravid\u00e3o, chegou \u00e0s \u00e1reas urbanas dos bairros cariocas e come\u00e7ou a ser valorizado pela intelectualidade do Rio de Janeiro, conquistando espa\u00e7o na imprensa e r\u00e1dio, com as d\u00e9cadas de composi\u00e7\u00f5es e interpreta\u00e7\u00f5es memor\u00e1veis.<\/p>\n<p>Ganha novos contornos com o fen\u00f4meno Carmem Miranda e seu Tico-Tico no Fub\u00e1. Mas ainda \u00e9 algo ex\u00f3tico. Foi com a Bossa Nova que o samba atingiu a classe m\u00e9dia branca brasileira, se caracterizando definitivamente como um produto de exporta\u00e7\u00e3o: \u00e9 o jazz brasileiro que, ao lado das escolas de samba e Carnaval, mostrou sua cara para o mundo. S\u00e3o alguns marcos como esses que transformaram o samba em um verdadeiro patrim\u00f4nio cultural brasileiro.<\/p>\n<p>Hoje, no centen\u00e1rio, al\u00e9m de reconhecido mundialmente, o samba \u00e9 considerado uma das principais manifesta\u00e7\u00f5es populares no pa\u00eds. Mais do que isso, trata-se de um neg\u00f3cio, que movimenta uma parcela significativa da economia, como o turismo e entretenimento, gerando milhares de empregos diretos e indiretos. Um exemplo \u00e9 a grandiosidade do Carnaval do Rio de Janeiro, S\u00e3o Paulo e Salvador, s\u00f3 para a citar algumas capitais do pa\u00eds.<\/p>\n<p>Sobre esta quest\u00e3o econ\u00f4mica em especial, tive a oportunidade levantar a discuss\u00e3o em um semin\u00e1rio que promovemos na Secretaria Municipal de Promo\u00e7\u00e3o da Igualdade Racial, intitulado o &#8220;Samba como Neg\u00f3cio&#8221;. Se o ritmo agora \u00e9 admirado e consolidado no mercado da ind\u00fastria fonogr\u00e1fica, a enorme cadeia produtiva que o g\u00eanero produz n\u00e3o necessariamente tem o seu lucro compartilhado com quem ajudou a constru\u00ed-la, os negros.<\/p>\n<p>Assim como ocorreu com o jazz nos Estados Unidos, o muro que separava o samba da elite, classificando-o como m\u00fasica de pretos e pobres foi atravessado. Agora precisamos lutar para conquistar outros espa\u00e7os e fazer com que o respeito e admira\u00e7\u00e3o tamb\u00e9m sejam sin\u00f4nimos de pol\u00edticas de desenvolvimento econ\u00f4mico para aqueles que o criaram. O samba movimenta cora\u00e7\u00f5es. Mas tamb\u00e9m a economia, sendo um meio de vida para muitos brasileiros. Precisa ser ainda mais valorizado.<\/p>\n","protected":false},"excerpt":{"rendered":"<p>Maur\u00edcio Pestana O samba completou cem anos de exist\u00eancia no \u00faltimo dia 27. O marco foi a can\u00e7\u00e3o &#8220;Pelo Telefone&#8221; composta por Donga e Mauro Almeida, o primeiro samba gravado no Brasil, em 1916. Desde ent\u00e3o, acompanhando sua trajet\u00f3ria ao longo do s\u00e9culo 20, esse aut\u00eantico s\u00edmbolo de brasilidade mudou de status e significado na [&hellip;]<\/p>\n","protected":false},"author":2,"featured_media":123197,"comment_status":"open","ping_status":"closed","sticky":false,"template":"","format":"standard","meta":{"_acf_changed":false,"footnotes":""},"categories":[25],"tags":[],"class_list":["post-123196","post","type-post","status-publish","format-standard","has-post-thumbnail","hentry","category-opina-ai"],"acf":[],"yoast_head":"<!-- This site is optimized with the Yoast SEO plugin v27.5 - https:\/\/yoast.com\/product\/yoast-seo-wordpress\/ -->\n<title>Samba n\u00e3o tem dono; \u00e9 do rico e do pobre - Notibras<\/title>\n<meta name=\"robots\" content=\"index, follow, max-snippet:-1, max-image-preview:large, max-video-preview:-1\" \/>\n<link rel=\"canonical\" href=\"https:\/\/www.notibras.com\/site\/samba-nao-tem-dono-e-do-rico-e-do-pobre\/\" \/>\n<meta property=\"og:locale\" content=\"pt_BR\" \/>\n<meta property=\"og:type\" content=\"article\" \/>\n<meta property=\"og:title\" content=\"Samba n\u00e3o tem dono; \u00e9 do rico e do pobre - Notibras\" \/>\n<meta property=\"og:description\" content=\"Maur\u00edcio Pestana O samba completou cem anos de exist\u00eancia no \u00faltimo dia 27. O marco foi a can\u00e7\u00e3o &#8220;Pelo Telefone&#8221; composta por Donga e Mauro Almeida, o primeiro samba gravado no Brasil, em 1916. Desde ent\u00e3o, acompanhando sua trajet\u00f3ria ao longo do s\u00e9culo 20, esse aut\u00eantico s\u00edmbolo de brasilidade mudou de status e significado na [&hellip;]\" \/>\n<meta property=\"og:url\" content=\"https:\/\/www.notibras.com\/site\/samba-nao-tem-dono-e-do-rico-e-do-pobre\/\" \/>\n<meta property=\"og:site_name\" content=\"Notibras\" \/>\n<meta property=\"article:publisher\" content=\"https:\/\/www.facebook.com\/notibras\/\" \/>\n<meta property=\"article:published_time\" content=\"2016-12-07T10:56:57+00:00\" \/>\n<meta property=\"og:image\" content=\"https:\/\/www.notibras.com\/site\/wp-content\/uploads\/2016\/12\/samba_2.jpg\" \/>\n\t<meta property=\"og:image:width\" content=\"800\" \/>\n\t<meta property=\"og:image:height\" content=\"600\" \/>\n\t<meta property=\"og:image:type\" content=\"image\/jpeg\" \/>\n<meta name=\"author\" content=\"Reda\u00e7\u00e3o\" \/>\n<meta name=\"twitter:card\" content=\"summary_large_image\" \/>\n<meta name=\"twitter:creator\" content=\"@Notibras\" \/>\n<meta name=\"twitter:site\" content=\"@Notibras\" \/>\n<meta name=\"twitter:label1\" content=\"Escrito por\" \/>\n\t<meta name=\"twitter:data1\" content=\"Reda\u00e7\u00e3o\" \/>\n\t<meta name=\"twitter:label2\" content=\"Est. tempo de leitura\" \/>\n\t<meta name=\"twitter:data2\" content=\"3 minutos\" \/>\n<script type=\"application\/ld+json\" class=\"yoast-schema-graph\">{\"@context\":\"https:\\\/\\\/schema.org\",\"@graph\":[{\"@type\":\"Article\",\"@id\":\"https:\\\/\\\/www.notibras.com\\\/site\\\/samba-nao-tem-dono-e-do-rico-e-do-pobre\\\/#article\",\"isPartOf\":{\"@id\":\"https:\\\/\\\/www.notibras.com\\\/site\\\/samba-nao-tem-dono-e-do-rico-e-do-pobre\\\/\"},\"author\":{\"name\":\"Reda\u00e7\u00e3o\",\"@id\":\"https:\\\/\\\/www.notibras.com\\\/site\\\/#\\\/schema\\\/person\\\/36ab0979449956132d3e5b517ea76ac8\"},\"headline\":\"Samba n\u00e3o tem dono; \u00e9 do rico e do pobre\",\"datePublished\":\"2016-12-07T10:56:57+00:00\",\"mainEntityOfPage\":{\"@id\":\"https:\\\/\\\/www.notibras.com\\\/site\\\/samba-nao-tem-dono-e-do-rico-e-do-pobre\\\/\"},\"wordCount\":552,\"commentCount\":0,\"publisher\":{\"@id\":\"https:\\\/\\\/www.notibras.com\\\/site\\\/#organization\"},\"image\":{\"@id\":\"https:\\\/\\\/www.notibras.com\\\/site\\\/samba-nao-tem-dono-e-do-rico-e-do-pobre\\\/#primaryimage\"},\"thumbnailUrl\":\"https:\\\/\\\/www.notibras.com\\\/site\\\/wp-content\\\/uploads\\\/2016\\\/12\\\/samba_2.jpg\",\"articleSection\":[\"Opina a\u00ed\"],\"inLanguage\":\"pt-BR\",\"potentialAction\":[{\"@type\":\"CommentAction\",\"name\":\"Comment\",\"target\":[\"https:\\\/\\\/www.notibras.com\\\/site\\\/samba-nao-tem-dono-e-do-rico-e-do-pobre\\\/#respond\"]}]},{\"@type\":\"WebPage\",\"@id\":\"https:\\\/\\\/www.notibras.com\\\/site\\\/samba-nao-tem-dono-e-do-rico-e-do-pobre\\\/\",\"url\":\"https:\\\/\\\/www.notibras.com\\\/site\\\/samba-nao-tem-dono-e-do-rico-e-do-pobre\\\/\",\"name\":\"Samba n\u00e3o tem dono; \u00e9 do rico e do pobre - Notibras\",\"isPartOf\":{\"@id\":\"https:\\\/\\\/www.notibras.com\\\/site\\\/#website\"},\"primaryImageOfPage\":{\"@id\":\"https:\\\/\\\/www.notibras.com\\\/site\\\/samba-nao-tem-dono-e-do-rico-e-do-pobre\\\/#primaryimage\"},\"image\":{\"@id\":\"https:\\\/\\\/www.notibras.com\\\/site\\\/samba-nao-tem-dono-e-do-rico-e-do-pobre\\\/#primaryimage\"},\"thumbnailUrl\":\"https:\\\/\\\/www.notibras.com\\\/site\\\/wp-content\\\/uploads\\\/2016\\\/12\\\/samba_2.jpg\",\"datePublished\":\"2016-12-07T10:56:57+00:00\",\"breadcrumb\":{\"@id\":\"https:\\\/\\\/www.notibras.com\\\/site\\\/samba-nao-tem-dono-e-do-rico-e-do-pobre\\\/#breadcrumb\"},\"inLanguage\":\"pt-BR\",\"potentialAction\":[{\"@type\":\"ReadAction\",\"target\":[\"https:\\\/\\\/www.notibras.com\\\/site\\\/samba-nao-tem-dono-e-do-rico-e-do-pobre\\\/\"]}]},{\"@type\":\"ImageObject\",\"inLanguage\":\"pt-BR\",\"@id\":\"https:\\\/\\\/www.notibras.com\\\/site\\\/samba-nao-tem-dono-e-do-rico-e-do-pobre\\\/#primaryimage\",\"url\":\"https:\\\/\\\/www.notibras.com\\\/site\\\/wp-content\\\/uploads\\\/2016\\\/12\\\/samba_2.jpg\",\"contentUrl\":\"https:\\\/\\\/www.notibras.com\\\/site\\\/wp-content\\\/uploads\\\/2016\\\/12\\\/samba_2.jpg\",\"width\":800,\"height\":600},{\"@type\":\"BreadcrumbList\",\"@id\":\"https:\\\/\\\/www.notibras.com\\\/site\\\/samba-nao-tem-dono-e-do-rico-e-do-pobre\\\/#breadcrumb\",\"itemListElement\":[{\"@type\":\"ListItem\",\"position\":1,\"name\":\"In\u00edcio\",\"item\":\"https:\\\/\\\/www.notibras.com\\\/site\\\/\"},{\"@type\":\"ListItem\",\"position\":2,\"name\":\"Samba n\u00e3o tem dono; \u00e9 do rico e do pobre\"}]},{\"@type\":\"WebSite\",\"@id\":\"https:\\\/\\\/www.notibras.com\\\/site\\\/#website\",\"url\":\"https:\\\/\\\/www.notibras.com\\\/site\\\/\",\"name\":\"Notibras\",\"description\":\"Not\u00edcias de Bras\u00edlia, do Brasil e do Mundo\",\"publisher\":{\"@id\":\"https:\\\/\\\/www.notibras.com\\\/site\\\/#organization\"},\"potentialAction\":[{\"@type\":\"SearchAction\",\"target\":{\"@type\":\"EntryPoint\",\"urlTemplate\":\"https:\\\/\\\/www.notibras.com\\\/site\\\/?s={search_term_string}\"},\"query-input\":{\"@type\":\"PropertyValueSpecification\",\"valueRequired\":true,\"valueName\":\"search_term_string\"}}],\"inLanguage\":\"pt-BR\"},{\"@type\":\"Organization\",\"@id\":\"https:\\\/\\\/www.notibras.com\\\/site\\\/#organization\",\"name\":\"Grupo Notibras de Comunica\u00e7\u00e3o\",\"url\":\"https:\\\/\\\/www.notibras.com\\\/site\\\/\",\"logo\":{\"@type\":\"ImageObject\",\"inLanguage\":\"pt-BR\",\"@id\":\"https:\\\/\\\/www.notibras.com\\\/site\\\/#\\\/schema\\\/logo\\\/image\\\/\",\"url\":\"https:\\\/\\\/www.notibras.com\\\/site\\\/wp-content\\\/uploads\\\/2023\\\/01\\\/notibras23.png\",\"contentUrl\":\"https:\\\/\\\/www.notibras.com\\\/site\\\/wp-content\\\/uploads\\\/2023\\\/01\\\/notibras23.png\",\"width\":350,\"height\":87,\"caption\":\"Grupo Notibras de Comunica\u00e7\u00e3o\"},\"image\":{\"@id\":\"https:\\\/\\\/www.notibras.com\\\/site\\\/#\\\/schema\\\/logo\\\/image\\\/\"},\"sameAs\":[\"https:\\\/\\\/www.facebook.com\\\/notibras\\\/\",\"https:\\\/\\\/x.com\\\/Notibras\",\"https:\\\/\\\/www.instagram.com\\\/notibras\\\/\"]},{\"@type\":\"Person\",\"@id\":\"https:\\\/\\\/www.notibras.com\\\/site\\\/#\\\/schema\\\/person\\\/36ab0979449956132d3e5b517ea76ac8\",\"name\":\"Reda\u00e7\u00e3o\",\"image\":{\"@type\":\"ImageObject\",\"inLanguage\":\"pt-BR\",\"@id\":\"https:\\\/\\\/secure.gravatar.com\\\/avatar\\\/e0a867bdedb85fd243eadf09663511f96fc81e0720a4a42581f334ad4303aa6b?s=96&d=mm&r=g\",\"url\":\"https:\\\/\\\/secure.gravatar.com\\\/avatar\\\/e0a867bdedb85fd243eadf09663511f96fc81e0720a4a42581f334ad4303aa6b?s=96&d=mm&r=g\",\"contentUrl\":\"https:\\\/\\\/secure.gravatar.com\\\/avatar\\\/e0a867bdedb85fd243eadf09663511f96fc81e0720a4a42581f334ad4303aa6b?s=96&d=mm&r=g\",\"caption\":\"Reda\u00e7\u00e3o\"}}]}<\/script>\n<!-- \/ Yoast SEO plugin. -->","yoast_head_json":{"title":"Samba n\u00e3o tem dono; \u00e9 do rico e do pobre - Notibras","robots":{"index":"index","follow":"follow","max-snippet":"max-snippet:-1","max-image-preview":"max-image-preview:large","max-video-preview":"max-video-preview:-1"},"canonical":"https:\/\/www.notibras.com\/site\/samba-nao-tem-dono-e-do-rico-e-do-pobre\/","og_locale":"pt_BR","og_type":"article","og_title":"Samba n\u00e3o tem dono; \u00e9 do rico e do pobre - Notibras","og_description":"Maur\u00edcio Pestana O samba completou cem anos de exist\u00eancia no \u00faltimo dia 27. O marco foi a can\u00e7\u00e3o &#8220;Pelo Telefone&#8221; composta por Donga e Mauro Almeida, o primeiro samba gravado no Brasil, em 1916. Desde ent\u00e3o, acompanhando sua trajet\u00f3ria ao longo do s\u00e9culo 20, esse aut\u00eantico s\u00edmbolo de brasilidade mudou de status e significado na [&hellip;]","og_url":"https:\/\/www.notibras.com\/site\/samba-nao-tem-dono-e-do-rico-e-do-pobre\/","og_site_name":"Notibras","article_publisher":"https:\/\/www.facebook.com\/notibras\/","article_published_time":"2016-12-07T10:56:57+00:00","og_image":[{"width":800,"height":600,"url":"https:\/\/www.notibras.com\/site\/wp-content\/uploads\/2016\/12\/samba_2.jpg","type":"image\/jpeg"}],"author":"Reda\u00e7\u00e3o","twitter_card":"summary_large_image","twitter_creator":"@Notibras","twitter_site":"@Notibras","twitter_misc":{"Escrito por":"Reda\u00e7\u00e3o","Est. tempo de leitura":"3 minutos"},"schema":{"@context":"https:\/\/schema.org","@graph":[{"@type":"Article","@id":"https:\/\/www.notibras.com\/site\/samba-nao-tem-dono-e-do-rico-e-do-pobre\/#article","isPartOf":{"@id":"https:\/\/www.notibras.com\/site\/samba-nao-tem-dono-e-do-rico-e-do-pobre\/"},"author":{"name":"Reda\u00e7\u00e3o","@id":"https:\/\/www.notibras.com\/site\/#\/schema\/person\/36ab0979449956132d3e5b517ea76ac8"},"headline":"Samba n\u00e3o tem dono; \u00e9 do rico e do pobre","datePublished":"2016-12-07T10:56:57+00:00","mainEntityOfPage":{"@id":"https:\/\/www.notibras.com\/site\/samba-nao-tem-dono-e-do-rico-e-do-pobre\/"},"wordCount":552,"commentCount":0,"publisher":{"@id":"https:\/\/www.notibras.com\/site\/#organization"},"image":{"@id":"https:\/\/www.notibras.com\/site\/samba-nao-tem-dono-e-do-rico-e-do-pobre\/#primaryimage"},"thumbnailUrl":"https:\/\/www.notibras.com\/site\/wp-content\/uploads\/2016\/12\/samba_2.jpg","articleSection":["Opina a\u00ed"],"inLanguage":"pt-BR","potentialAction":[{"@type":"CommentAction","name":"Comment","target":["https:\/\/www.notibras.com\/site\/samba-nao-tem-dono-e-do-rico-e-do-pobre\/#respond"]}]},{"@type":"WebPage","@id":"https:\/\/www.notibras.com\/site\/samba-nao-tem-dono-e-do-rico-e-do-pobre\/","url":"https:\/\/www.notibras.com\/site\/samba-nao-tem-dono-e-do-rico-e-do-pobre\/","name":"Samba n\u00e3o tem dono; \u00e9 do rico e do pobre - Notibras","isPartOf":{"@id":"https:\/\/www.notibras.com\/site\/#website"},"primaryImageOfPage":{"@id":"https:\/\/www.notibras.com\/site\/samba-nao-tem-dono-e-do-rico-e-do-pobre\/#primaryimage"},"image":{"@id":"https:\/\/www.notibras.com\/site\/samba-nao-tem-dono-e-do-rico-e-do-pobre\/#primaryimage"},"thumbnailUrl":"https:\/\/www.notibras.com\/site\/wp-content\/uploads\/2016\/12\/samba_2.jpg","datePublished":"2016-12-07T10:56:57+00:00","breadcrumb":{"@id":"https:\/\/www.notibras.com\/site\/samba-nao-tem-dono-e-do-rico-e-do-pobre\/#breadcrumb"},"inLanguage":"pt-BR","potentialAction":[{"@type":"ReadAction","target":["https:\/\/www.notibras.com\/site\/samba-nao-tem-dono-e-do-rico-e-do-pobre\/"]}]},{"@type":"ImageObject","inLanguage":"pt-BR","@id":"https:\/\/www.notibras.com\/site\/samba-nao-tem-dono-e-do-rico-e-do-pobre\/#primaryimage","url":"https:\/\/www.notibras.com\/site\/wp-content\/uploads\/2016\/12\/samba_2.jpg","contentUrl":"https:\/\/www.notibras.com\/site\/wp-content\/uploads\/2016\/12\/samba_2.jpg","width":800,"height":600},{"@type":"BreadcrumbList","@id":"https:\/\/www.notibras.com\/site\/samba-nao-tem-dono-e-do-rico-e-do-pobre\/#breadcrumb","itemListElement":[{"@type":"ListItem","position":1,"name":"In\u00edcio","item":"https:\/\/www.notibras.com\/site\/"},{"@type":"ListItem","position":2,"name":"Samba n\u00e3o tem dono; \u00e9 do rico e do pobre"}]},{"@type":"WebSite","@id":"https:\/\/www.notibras.com\/site\/#website","url":"https:\/\/www.notibras.com\/site\/","name":"Notibras","description":"Not\u00edcias de Bras\u00edlia, do Brasil e do Mundo","publisher":{"@id":"https:\/\/www.notibras.com\/site\/#organization"},"potentialAction":[{"@type":"SearchAction","target":{"@type":"EntryPoint","urlTemplate":"https:\/\/www.notibras.com\/site\/?s={search_term_string}"},"query-input":{"@type":"PropertyValueSpecification","valueRequired":true,"valueName":"search_term_string"}}],"inLanguage":"pt-BR"},{"@type":"Organization","@id":"https:\/\/www.notibras.com\/site\/#organization","name":"Grupo Notibras de Comunica\u00e7\u00e3o","url":"https:\/\/www.notibras.com\/site\/","logo":{"@type":"ImageObject","inLanguage":"pt-BR","@id":"https:\/\/www.notibras.com\/site\/#\/schema\/logo\/image\/","url":"https:\/\/www.notibras.com\/site\/wp-content\/uploads\/2023\/01\/notibras23.png","contentUrl":"https:\/\/www.notibras.com\/site\/wp-content\/uploads\/2023\/01\/notibras23.png","width":350,"height":87,"caption":"Grupo Notibras de Comunica\u00e7\u00e3o"},"image":{"@id":"https:\/\/www.notibras.com\/site\/#\/schema\/logo\/image\/"},"sameAs":["https:\/\/www.facebook.com\/notibras\/","https:\/\/x.com\/Notibras","https:\/\/www.instagram.com\/notibras\/"]},{"@type":"Person","@id":"https:\/\/www.notibras.com\/site\/#\/schema\/person\/36ab0979449956132d3e5b517ea76ac8","name":"Reda\u00e7\u00e3o","image":{"@type":"ImageObject","inLanguage":"pt-BR","@id":"https:\/\/secure.gravatar.com\/avatar\/e0a867bdedb85fd243eadf09663511f96fc81e0720a4a42581f334ad4303aa6b?s=96&d=mm&r=g","url":"https:\/\/secure.gravatar.com\/avatar\/e0a867bdedb85fd243eadf09663511f96fc81e0720a4a42581f334ad4303aa6b?s=96&d=mm&r=g","contentUrl":"https:\/\/secure.gravatar.com\/avatar\/e0a867bdedb85fd243eadf09663511f96fc81e0720a4a42581f334ad4303aa6b?s=96&d=mm&r=g","caption":"Reda\u00e7\u00e3o"}}]}},"amp_enabled":true,"_links":{"self":[{"href":"https:\/\/www.notibras.com\/site\/wp-json\/wp\/v2\/posts\/123196","targetHints":{"allow":["GET"]}}],"collection":[{"href":"https:\/\/www.notibras.com\/site\/wp-json\/wp\/v2\/posts"}],"about":[{"href":"https:\/\/www.notibras.com\/site\/wp-json\/wp\/v2\/types\/post"}],"author":[{"embeddable":true,"href":"https:\/\/www.notibras.com\/site\/wp-json\/wp\/v2\/users\/2"}],"replies":[{"embeddable":true,"href":"https:\/\/www.notibras.com\/site\/wp-json\/wp\/v2\/comments?post=123196"}],"version-history":[{"count":1,"href":"https:\/\/www.notibras.com\/site\/wp-json\/wp\/v2\/posts\/123196\/revisions"}],"predecessor-version":[{"id":123198,"href":"https:\/\/www.notibras.com\/site\/wp-json\/wp\/v2\/posts\/123196\/revisions\/123198"}],"wp:featuredmedia":[{"embeddable":true,"href":"https:\/\/www.notibras.com\/site\/wp-json\/wp\/v2\/media\/123197"}],"wp:attachment":[{"href":"https:\/\/www.notibras.com\/site\/wp-json\/wp\/v2\/media?parent=123196"}],"wp:term":[{"taxonomy":"category","embeddable":true,"href":"https:\/\/www.notibras.com\/site\/wp-json\/wp\/v2\/categories?post=123196"},{"taxonomy":"post_tag","embeddable":true,"href":"https:\/\/www.notibras.com\/site\/wp-json\/wp\/v2\/tags?post=123196"}],"curies":[{"name":"wp","href":"https:\/\/api.w.org\/{rel}","templated":true}]}}