{"id":123429,"date":"2016-12-10T07:46:52","date_gmt":"2016-12-10T09:46:52","guid":{"rendered":"http:\/\/www.notibras.com\/site\/?p=123429"},"modified":"2016-12-10T07:46:52","modified_gmt":"2016-12-10T09:46:52","slug":"policia-perde-prestigio-e-mortes-sao-banalizadas","status":"publish","type":"post","link":"https:\/\/www.notibras.com\/site\/policia-perde-prestigio-e-mortes-sao-banalizadas\/","title":{"rendered":"Pol\u00edcia perde prest\u00edgio e mortes s\u00e3o banalizadas"},"content":{"rendered":"<p><strong>Fernando Capano<\/strong><\/p>\n<p>A taxa de letalidade relacionada \u00e0 atividade policial torna a pol\u00edcia de S\u00e3o Paulo frequente alvo de cr\u00edticas e debates por parte dos especialistas e gestores p\u00fablicos, ocasionando, inclusive, a implementa\u00e7\u00e3o de medidas que t\u00eam por objetivo \u2013ao menos em tese\u2013 reduzir tal \u00edndice, que nos tr\u00eas trimestres de 2016 ultrapassou a marca de 500 mortes, segundo dados oficiais da Secretaria de Seguran\u00e7a P\u00fablica de S\u00e3o Paulo.<\/p>\n<p>O que pouco se observa, no entanto, \u00e9 que a pol\u00edcia que supostamente &#8220;mais mata&#8221;, \u00e9 tamb\u00e9m a que &#8220;mais morre&#8221;, seja em servi\u00e7o ou fora do hor\u00e1rio habitual de trabalho, em assassinatos que se d\u00e3o apenas em raz\u00e3o da condi\u00e7\u00e3o funcional do envolvido.<\/p>\n<p>Nos \u00faltimos anos, neste Estado, a morte de policiais tem se tornado, infelizmente, evento banal e que vai al\u00e9m dos n\u00fameros oficiais. Dados das Corregedorias das Policiais Civil e Militar apontam a morte de 61 agentes civis e militares de acordo com os n\u00fameros publicados mensalmente no Di\u00e1rio Oficial do Estado de S\u00e3o Paulo at\u00e9 novembro deste ano (os dados referem-se sempre ao m\u00eas anterior). Destes, 38 morreram durante o per\u00edodo de folga.<\/p>\n<p>Os crit\u00e9rios muito espec\u00edficos adotados pelos gestores p\u00fablicos para quantificar mortes de policiais como morte de agente de seguran\u00e7a em servi\u00e7o n\u00e3o refletem, portanto, a realidade, visto que muitas mortes de agentes ao n\u00e3o se enquadrar nestes crit\u00e9rios deixam de integrar as estat\u00edsticas.<\/p>\n<p>Dois graves fatores contribuem para a alta taxa de mortes de policiais no Estado. Em primeiro lugar, estamos vivendo, especialmente nas grandes cidades, e mais ainda na regi\u00e3o metropolitana, em regi\u00f5es conflagradas, em t\u00edpica situa\u00e7\u00e3o de guerra civil. Os criminosos est\u00e3o mais organizados e com potencial de letalidade cada vez maior, atirando sempre para matar, mesmo que n\u00e3o haja confronto. Em segundo lugar, o prest\u00edgio cada vez menor das organiza\u00e7\u00f5es policiais \u00e9 vis\u00edvel, sendo certo que nossos policiais trabalham em seu cotidiano com pouco respaldo legal-institucional dos nossos governantes, convivendo ainda com severas cr\u00edticas de parte da opini\u00e3o p\u00fablica.<\/p>\n<p>Dois casos, em particular, envolvendo a morte de policiais chamaram a aten\u00e7\u00e3o este ano. Em ambos, os profissionais estavam em seu per\u00edodo de folga, sendo que, v\u00edtimas de assalto, foram mortos ap\u00f3s serem identificados como policiais pelos criminosos. Estamos mesmo em uma guerra, faltando apenas o reconhecimento oficial! Cabe ressaltar que ambos os casos n\u00e3o integraram os n\u00fameros oficiais j\u00e1 que n\u00e3o s\u00e3o reconhecidos como morte de agente de seguran\u00e7a em per\u00edodo de folga, e sim como morte de pessoa comum.<\/p>\n<p>O alto \u00edndice de mortes de policiais n\u00e3o \u00e9 observado em nenhum outro lugar do mundo, nem mesmo em pa\u00edses grandes e com numeroso contingente de policiais, como os Estados Unidos. Neste pa\u00eds, embora se possa criticar a gest\u00e3o da seguran\u00e7a p\u00fablica em alguns pontos, a pol\u00edcia \u00e9 vista como uma institui\u00e7\u00e3o de prest\u00edgio e pela qual o cidad\u00e3o m\u00e9dio tem muito respeito. Para efeito de compara\u00e7\u00e3o, os EUA registraram, em 2014, 122 agentes mortos em todo o pa\u00eds. Em 2015, o n\u00famero total foi de 123 mortos. Os dados s\u00e3o Relat\u00f3rio Anual da National Law Enforcement Officers Memorial Fund.<\/p>\n<p>No Brasil, especialmente em S\u00e3o Paulo, o status social de que gozam as pol\u00edcias de outros pa\u00edses ainda est\u00e1 distante. A l\u00f3gica aqui parece funcionar \u00e0s avessas, uma vez que o respeito recai sobre o criminoso que mata policiais. Aqui, em consequ\u00eancia direta do baixo \u00edndice de apura\u00e7\u00e3o e autoria de homic\u00eddios, j\u00e1 que o desaparelhamento da pol\u00edcia \u00e9 evidente, o crime compensa, elevando o criminoso ao status de &#8220;matador de policiais&#8221; e, por consequ\u00eancia, ao topo da pir\u00e2mide do mundo do crime.<\/p>\n<p>\u00c9 inaceit\u00e1vel que a sociedade paulista continue a conviver com essa realidade, na qual o elevad\u00edssimo n\u00famero de mortes anuais de profissionais da seguran\u00e7a continue a ser tratado como mais um dado banal nos relat\u00f3rios governamentais ligados \u00e0 seguran\u00e7a p\u00fablica. Se quisermos nos sentir de fato mais seguros em nossas cidades, antes de mais nada, ser\u00e1 preciso garantir aos nossos policiais mais respaldo legal, respeito e prest\u00edgio junto a toda a opini\u00e3o p\u00fablica, visto que, no bojo de nossa democracia, s\u00e3o estes homens e mulheres que possuem a elevada miss\u00e3o de manter nossa paz social. Se a vida deles atualmente tem valido t\u00e3o pouco, que dir\u00e1 a nossa?<\/p>\n","protected":false},"excerpt":{"rendered":"<p>Fernando Capano A taxa de letalidade relacionada \u00e0 atividade policial torna a pol\u00edcia de S\u00e3o Paulo frequente alvo de cr\u00edticas e debates por parte dos especialistas e gestores p\u00fablicos, ocasionando, inclusive, a implementa\u00e7\u00e3o de medidas que t\u00eam por objetivo \u2013ao menos em tese\u2013 reduzir tal \u00edndice, que nos tr\u00eas trimestres de 2016 ultrapassou a marca [&hellip;]<\/p>\n","protected":false},"author":2,"featured_media":123430,"comment_status":"open","ping_status":"closed","sticky":false,"template":"","format":"standard","meta":{"_acf_changed":false,"footnotes":""},"categories":[25],"tags":[],"class_list":["post-123429","post","type-post","status-publish","format-standard","has-post-thumbnail","hentry","category-opina-ai"],"acf":[],"yoast_head":"<!-- This site is optimized with the Yoast SEO plugin v27.5 - https:\/\/yoast.com\/product\/yoast-seo-wordpress\/ -->\n<title>Pol\u00edcia perde prest\u00edgio e mortes s\u00e3o banalizadas - Notibras<\/title>\n<meta name=\"robots\" content=\"index, follow, max-snippet:-1, max-image-preview:large, max-video-preview:-1\" \/>\n<link rel=\"canonical\" href=\"https:\/\/www.notibras.com\/site\/policia-perde-prestigio-e-mortes-sao-banalizadas\/\" \/>\n<meta property=\"og:locale\" content=\"pt_BR\" \/>\n<meta property=\"og:type\" content=\"article\" \/>\n<meta property=\"og:title\" content=\"Pol\u00edcia perde prest\u00edgio e mortes s\u00e3o banalizadas - Notibras\" \/>\n<meta property=\"og:description\" content=\"Fernando Capano A taxa de letalidade relacionada \u00e0 atividade policial torna a pol\u00edcia de S\u00e3o Paulo frequente alvo de cr\u00edticas e debates por parte dos especialistas e gestores p\u00fablicos, ocasionando, inclusive, a implementa\u00e7\u00e3o de medidas que t\u00eam por objetivo \u2013ao menos em tese\u2013 reduzir tal \u00edndice, que nos tr\u00eas trimestres de 2016 ultrapassou a marca [&hellip;]\" \/>\n<meta property=\"og:url\" content=\"https:\/\/www.notibras.com\/site\/policia-perde-prestigio-e-mortes-sao-banalizadas\/\" \/>\n<meta property=\"og:site_name\" content=\"Notibras\" \/>\n<meta property=\"article:publisher\" content=\"https:\/\/www.facebook.com\/notibras\/\" \/>\n<meta property=\"article:published_time\" content=\"2016-12-10T09:46:52+00:00\" \/>\n<meta property=\"og:image\" content=\"https:\/\/www.notibras.com\/site\/wp-content\/uploads\/2016\/12\/policiais.jpg\" \/>\n\t<meta property=\"og:image:width\" content=\"1600\" \/>\n\t<meta property=\"og:image:height\" content=\"1200\" \/>\n\t<meta property=\"og:image:type\" content=\"image\/jpeg\" \/>\n<meta name=\"author\" content=\"Reda\u00e7\u00e3o\" \/>\n<meta name=\"twitter:card\" content=\"summary_large_image\" \/>\n<meta name=\"twitter:creator\" content=\"@Notibras\" \/>\n<meta name=\"twitter:site\" content=\"@Notibras\" \/>\n<meta name=\"twitter:label1\" content=\"Escrito por\" \/>\n\t<meta name=\"twitter:data1\" content=\"Reda\u00e7\u00e3o\" \/>\n\t<meta name=\"twitter:label2\" content=\"Est. tempo de leitura\" \/>\n\t<meta name=\"twitter:data2\" content=\"4 minutos\" \/>\n<script type=\"application\/ld+json\" class=\"yoast-schema-graph\">{\"@context\":\"https:\\\/\\\/schema.org\",\"@graph\":[{\"@type\":\"Article\",\"@id\":\"https:\\\/\\\/www.notibras.com\\\/site\\\/policia-perde-prestigio-e-mortes-sao-banalizadas\\\/#article\",\"isPartOf\":{\"@id\":\"https:\\\/\\\/www.notibras.com\\\/site\\\/policia-perde-prestigio-e-mortes-sao-banalizadas\\\/\"},\"author\":{\"name\":\"Reda\u00e7\u00e3o\",\"@id\":\"https:\\\/\\\/www.notibras.com\\\/site\\\/#\\\/schema\\\/person\\\/36ab0979449956132d3e5b517ea76ac8\"},\"headline\":\"Pol\u00edcia perde prest\u00edgio e mortes s\u00e3o banalizadas\",\"datePublished\":\"2016-12-10T09:46:52+00:00\",\"mainEntityOfPage\":{\"@id\":\"https:\\\/\\\/www.notibras.com\\\/site\\\/policia-perde-prestigio-e-mortes-sao-banalizadas\\\/\"},\"wordCount\":787,\"commentCount\":0,\"publisher\":{\"@id\":\"https:\\\/\\\/www.notibras.com\\\/site\\\/#organization\"},\"image\":{\"@id\":\"https:\\\/\\\/www.notibras.com\\\/site\\\/policia-perde-prestigio-e-mortes-sao-banalizadas\\\/#primaryimage\"},\"thumbnailUrl\":\"https:\\\/\\\/www.notibras.com\\\/site\\\/wp-content\\\/uploads\\\/2016\\\/12\\\/policiais.jpg\",\"articleSection\":[\"Opina a\u00ed\"],\"inLanguage\":\"pt-BR\",\"potentialAction\":[{\"@type\":\"CommentAction\",\"name\":\"Comment\",\"target\":[\"https:\\\/\\\/www.notibras.com\\\/site\\\/policia-perde-prestigio-e-mortes-sao-banalizadas\\\/#respond\"]}]},{\"@type\":\"WebPage\",\"@id\":\"https:\\\/\\\/www.notibras.com\\\/site\\\/policia-perde-prestigio-e-mortes-sao-banalizadas\\\/\",\"url\":\"https:\\\/\\\/www.notibras.com\\\/site\\\/policia-perde-prestigio-e-mortes-sao-banalizadas\\\/\",\"name\":\"Pol\u00edcia perde prest\u00edgio e mortes s\u00e3o banalizadas - Notibras\",\"isPartOf\":{\"@id\":\"https:\\\/\\\/www.notibras.com\\\/site\\\/#website\"},\"primaryImageOfPage\":{\"@id\":\"https:\\\/\\\/www.notibras.com\\\/site\\\/policia-perde-prestigio-e-mortes-sao-banalizadas\\\/#primaryimage\"},\"image\":{\"@id\":\"https:\\\/\\\/www.notibras.com\\\/site\\\/policia-perde-prestigio-e-mortes-sao-banalizadas\\\/#primaryimage\"},\"thumbnailUrl\":\"https:\\\/\\\/www.notibras.com\\\/site\\\/wp-content\\\/uploads\\\/2016\\\/12\\\/policiais.jpg\",\"datePublished\":\"2016-12-10T09:46:52+00:00\",\"breadcrumb\":{\"@id\":\"https:\\\/\\\/www.notibras.com\\\/site\\\/policia-perde-prestigio-e-mortes-sao-banalizadas\\\/#breadcrumb\"},\"inLanguage\":\"pt-BR\",\"potentialAction\":[{\"@type\":\"ReadAction\",\"target\":[\"https:\\\/\\\/www.notibras.com\\\/site\\\/policia-perde-prestigio-e-mortes-sao-banalizadas\\\/\"]}]},{\"@type\":\"ImageObject\",\"inLanguage\":\"pt-BR\",\"@id\":\"https:\\\/\\\/www.notibras.com\\\/site\\\/policia-perde-prestigio-e-mortes-sao-banalizadas\\\/#primaryimage\",\"url\":\"https:\\\/\\\/www.notibras.com\\\/site\\\/wp-content\\\/uploads\\\/2016\\\/12\\\/policiais.jpg\",\"contentUrl\":\"https:\\\/\\\/www.notibras.com\\\/site\\\/wp-content\\\/uploads\\\/2016\\\/12\\\/policiais.jpg\",\"width\":1600,\"height\":1200},{\"@type\":\"BreadcrumbList\",\"@id\":\"https:\\\/\\\/www.notibras.com\\\/site\\\/policia-perde-prestigio-e-mortes-sao-banalizadas\\\/#breadcrumb\",\"itemListElement\":[{\"@type\":\"ListItem\",\"position\":1,\"name\":\"In\u00edcio\",\"item\":\"https:\\\/\\\/www.notibras.com\\\/site\\\/\"},{\"@type\":\"ListItem\",\"position\":2,\"name\":\"Pol\u00edcia perde prest\u00edgio e mortes s\u00e3o banalizadas\"}]},{\"@type\":\"WebSite\",\"@id\":\"https:\\\/\\\/www.notibras.com\\\/site\\\/#website\",\"url\":\"https:\\\/\\\/www.notibras.com\\\/site\\\/\",\"name\":\"Notibras\",\"description\":\"Not\u00edcias de Bras\u00edlia, do Brasil e do Mundo\",\"publisher\":{\"@id\":\"https:\\\/\\\/www.notibras.com\\\/site\\\/#organization\"},\"potentialAction\":[{\"@type\":\"SearchAction\",\"target\":{\"@type\":\"EntryPoint\",\"urlTemplate\":\"https:\\\/\\\/www.notibras.com\\\/site\\\/?s={search_term_string}\"},\"query-input\":{\"@type\":\"PropertyValueSpecification\",\"valueRequired\":true,\"valueName\":\"search_term_string\"}}],\"inLanguage\":\"pt-BR\"},{\"@type\":\"Organization\",\"@id\":\"https:\\\/\\\/www.notibras.com\\\/site\\\/#organization\",\"name\":\"Grupo Notibras de Comunica\u00e7\u00e3o\",\"url\":\"https:\\\/\\\/www.notibras.com\\\/site\\\/\",\"logo\":{\"@type\":\"ImageObject\",\"inLanguage\":\"pt-BR\",\"@id\":\"https:\\\/\\\/www.notibras.com\\\/site\\\/#\\\/schema\\\/logo\\\/image\\\/\",\"url\":\"https:\\\/\\\/www.notibras.com\\\/site\\\/wp-content\\\/uploads\\\/2023\\\/01\\\/notibras23.png\",\"contentUrl\":\"https:\\\/\\\/www.notibras.com\\\/site\\\/wp-content\\\/uploads\\\/2023\\\/01\\\/notibras23.png\",\"width\":350,\"height\":87,\"caption\":\"Grupo Notibras de Comunica\u00e7\u00e3o\"},\"image\":{\"@id\":\"https:\\\/\\\/www.notibras.com\\\/site\\\/#\\\/schema\\\/logo\\\/image\\\/\"},\"sameAs\":[\"https:\\\/\\\/www.facebook.com\\\/notibras\\\/\",\"https:\\\/\\\/x.com\\\/Notibras\",\"https:\\\/\\\/www.instagram.com\\\/notibras\\\/\"]},{\"@type\":\"Person\",\"@id\":\"https:\\\/\\\/www.notibras.com\\\/site\\\/#\\\/schema\\\/person\\\/36ab0979449956132d3e5b517ea76ac8\",\"name\":\"Reda\u00e7\u00e3o\",\"image\":{\"@type\":\"ImageObject\",\"inLanguage\":\"pt-BR\",\"@id\":\"https:\\\/\\\/secure.gravatar.com\\\/avatar\\\/e0a867bdedb85fd243eadf09663511f96fc81e0720a4a42581f334ad4303aa6b?s=96&d=mm&r=g\",\"url\":\"https:\\\/\\\/secure.gravatar.com\\\/avatar\\\/e0a867bdedb85fd243eadf09663511f96fc81e0720a4a42581f334ad4303aa6b?s=96&d=mm&r=g\",\"contentUrl\":\"https:\\\/\\\/secure.gravatar.com\\\/avatar\\\/e0a867bdedb85fd243eadf09663511f96fc81e0720a4a42581f334ad4303aa6b?s=96&d=mm&r=g\",\"caption\":\"Reda\u00e7\u00e3o\"}}]}<\/script>\n<!-- \/ Yoast SEO plugin. -->","yoast_head_json":{"title":"Pol\u00edcia perde prest\u00edgio e mortes s\u00e3o banalizadas - Notibras","robots":{"index":"index","follow":"follow","max-snippet":"max-snippet:-1","max-image-preview":"max-image-preview:large","max-video-preview":"max-video-preview:-1"},"canonical":"https:\/\/www.notibras.com\/site\/policia-perde-prestigio-e-mortes-sao-banalizadas\/","og_locale":"pt_BR","og_type":"article","og_title":"Pol\u00edcia perde prest\u00edgio e mortes s\u00e3o banalizadas - Notibras","og_description":"Fernando Capano A taxa de letalidade relacionada \u00e0 atividade policial torna a pol\u00edcia de S\u00e3o Paulo frequente alvo de cr\u00edticas e debates por parte dos especialistas e gestores p\u00fablicos, ocasionando, inclusive, a implementa\u00e7\u00e3o de medidas que t\u00eam por objetivo \u2013ao menos em tese\u2013 reduzir tal \u00edndice, que nos tr\u00eas trimestres de 2016 ultrapassou a marca [&hellip;]","og_url":"https:\/\/www.notibras.com\/site\/policia-perde-prestigio-e-mortes-sao-banalizadas\/","og_site_name":"Notibras","article_publisher":"https:\/\/www.facebook.com\/notibras\/","article_published_time":"2016-12-10T09:46:52+00:00","og_image":[{"width":1600,"height":1200,"url":"https:\/\/www.notibras.com\/site\/wp-content\/uploads\/2016\/12\/policiais.jpg","type":"image\/jpeg"}],"author":"Reda\u00e7\u00e3o","twitter_card":"summary_large_image","twitter_creator":"@Notibras","twitter_site":"@Notibras","twitter_misc":{"Escrito por":"Reda\u00e7\u00e3o","Est. tempo de leitura":"4 minutos"},"schema":{"@context":"https:\/\/schema.org","@graph":[{"@type":"Article","@id":"https:\/\/www.notibras.com\/site\/policia-perde-prestigio-e-mortes-sao-banalizadas\/#article","isPartOf":{"@id":"https:\/\/www.notibras.com\/site\/policia-perde-prestigio-e-mortes-sao-banalizadas\/"},"author":{"name":"Reda\u00e7\u00e3o","@id":"https:\/\/www.notibras.com\/site\/#\/schema\/person\/36ab0979449956132d3e5b517ea76ac8"},"headline":"Pol\u00edcia perde prest\u00edgio e mortes s\u00e3o banalizadas","datePublished":"2016-12-10T09:46:52+00:00","mainEntityOfPage":{"@id":"https:\/\/www.notibras.com\/site\/policia-perde-prestigio-e-mortes-sao-banalizadas\/"},"wordCount":787,"commentCount":0,"publisher":{"@id":"https:\/\/www.notibras.com\/site\/#organization"},"image":{"@id":"https:\/\/www.notibras.com\/site\/policia-perde-prestigio-e-mortes-sao-banalizadas\/#primaryimage"},"thumbnailUrl":"https:\/\/www.notibras.com\/site\/wp-content\/uploads\/2016\/12\/policiais.jpg","articleSection":["Opina a\u00ed"],"inLanguage":"pt-BR","potentialAction":[{"@type":"CommentAction","name":"Comment","target":["https:\/\/www.notibras.com\/site\/policia-perde-prestigio-e-mortes-sao-banalizadas\/#respond"]}]},{"@type":"WebPage","@id":"https:\/\/www.notibras.com\/site\/policia-perde-prestigio-e-mortes-sao-banalizadas\/","url":"https:\/\/www.notibras.com\/site\/policia-perde-prestigio-e-mortes-sao-banalizadas\/","name":"Pol\u00edcia perde prest\u00edgio e mortes s\u00e3o banalizadas - Notibras","isPartOf":{"@id":"https:\/\/www.notibras.com\/site\/#website"},"primaryImageOfPage":{"@id":"https:\/\/www.notibras.com\/site\/policia-perde-prestigio-e-mortes-sao-banalizadas\/#primaryimage"},"image":{"@id":"https:\/\/www.notibras.com\/site\/policia-perde-prestigio-e-mortes-sao-banalizadas\/#primaryimage"},"thumbnailUrl":"https:\/\/www.notibras.com\/site\/wp-content\/uploads\/2016\/12\/policiais.jpg","datePublished":"2016-12-10T09:46:52+00:00","breadcrumb":{"@id":"https:\/\/www.notibras.com\/site\/policia-perde-prestigio-e-mortes-sao-banalizadas\/#breadcrumb"},"inLanguage":"pt-BR","potentialAction":[{"@type":"ReadAction","target":["https:\/\/www.notibras.com\/site\/policia-perde-prestigio-e-mortes-sao-banalizadas\/"]}]},{"@type":"ImageObject","inLanguage":"pt-BR","@id":"https:\/\/www.notibras.com\/site\/policia-perde-prestigio-e-mortes-sao-banalizadas\/#primaryimage","url":"https:\/\/www.notibras.com\/site\/wp-content\/uploads\/2016\/12\/policiais.jpg","contentUrl":"https:\/\/www.notibras.com\/site\/wp-content\/uploads\/2016\/12\/policiais.jpg","width":1600,"height":1200},{"@type":"BreadcrumbList","@id":"https:\/\/www.notibras.com\/site\/policia-perde-prestigio-e-mortes-sao-banalizadas\/#breadcrumb","itemListElement":[{"@type":"ListItem","position":1,"name":"In\u00edcio","item":"https:\/\/www.notibras.com\/site\/"},{"@type":"ListItem","position":2,"name":"Pol\u00edcia perde prest\u00edgio e mortes s\u00e3o banalizadas"}]},{"@type":"WebSite","@id":"https:\/\/www.notibras.com\/site\/#website","url":"https:\/\/www.notibras.com\/site\/","name":"Notibras","description":"Not\u00edcias de Bras\u00edlia, do Brasil e do Mundo","publisher":{"@id":"https:\/\/www.notibras.com\/site\/#organization"},"potentialAction":[{"@type":"SearchAction","target":{"@type":"EntryPoint","urlTemplate":"https:\/\/www.notibras.com\/site\/?s={search_term_string}"},"query-input":{"@type":"PropertyValueSpecification","valueRequired":true,"valueName":"search_term_string"}}],"inLanguage":"pt-BR"},{"@type":"Organization","@id":"https:\/\/www.notibras.com\/site\/#organization","name":"Grupo Notibras de Comunica\u00e7\u00e3o","url":"https:\/\/www.notibras.com\/site\/","logo":{"@type":"ImageObject","inLanguage":"pt-BR","@id":"https:\/\/www.notibras.com\/site\/#\/schema\/logo\/image\/","url":"https:\/\/www.notibras.com\/site\/wp-content\/uploads\/2023\/01\/notibras23.png","contentUrl":"https:\/\/www.notibras.com\/site\/wp-content\/uploads\/2023\/01\/notibras23.png","width":350,"height":87,"caption":"Grupo Notibras de Comunica\u00e7\u00e3o"},"image":{"@id":"https:\/\/www.notibras.com\/site\/#\/schema\/logo\/image\/"},"sameAs":["https:\/\/www.facebook.com\/notibras\/","https:\/\/x.com\/Notibras","https:\/\/www.instagram.com\/notibras\/"]},{"@type":"Person","@id":"https:\/\/www.notibras.com\/site\/#\/schema\/person\/36ab0979449956132d3e5b517ea76ac8","name":"Reda\u00e7\u00e3o","image":{"@type":"ImageObject","inLanguage":"pt-BR","@id":"https:\/\/secure.gravatar.com\/avatar\/e0a867bdedb85fd243eadf09663511f96fc81e0720a4a42581f334ad4303aa6b?s=96&d=mm&r=g","url":"https:\/\/secure.gravatar.com\/avatar\/e0a867bdedb85fd243eadf09663511f96fc81e0720a4a42581f334ad4303aa6b?s=96&d=mm&r=g","contentUrl":"https:\/\/secure.gravatar.com\/avatar\/e0a867bdedb85fd243eadf09663511f96fc81e0720a4a42581f334ad4303aa6b?s=96&d=mm&r=g","caption":"Reda\u00e7\u00e3o"}}]}},"amp_enabled":true,"_links":{"self":[{"href":"https:\/\/www.notibras.com\/site\/wp-json\/wp\/v2\/posts\/123429","targetHints":{"allow":["GET"]}}],"collection":[{"href":"https:\/\/www.notibras.com\/site\/wp-json\/wp\/v2\/posts"}],"about":[{"href":"https:\/\/www.notibras.com\/site\/wp-json\/wp\/v2\/types\/post"}],"author":[{"embeddable":true,"href":"https:\/\/www.notibras.com\/site\/wp-json\/wp\/v2\/users\/2"}],"replies":[{"embeddable":true,"href":"https:\/\/www.notibras.com\/site\/wp-json\/wp\/v2\/comments?post=123429"}],"version-history":[{"count":1,"href":"https:\/\/www.notibras.com\/site\/wp-json\/wp\/v2\/posts\/123429\/revisions"}],"predecessor-version":[{"id":123431,"href":"https:\/\/www.notibras.com\/site\/wp-json\/wp\/v2\/posts\/123429\/revisions\/123431"}],"wp:featuredmedia":[{"embeddable":true,"href":"https:\/\/www.notibras.com\/site\/wp-json\/wp\/v2\/media\/123430"}],"wp:attachment":[{"href":"https:\/\/www.notibras.com\/site\/wp-json\/wp\/v2\/media?parent=123429"}],"wp:term":[{"taxonomy":"category","embeddable":true,"href":"https:\/\/www.notibras.com\/site\/wp-json\/wp\/v2\/categories?post=123429"},{"taxonomy":"post_tag","embeddable":true,"href":"https:\/\/www.notibras.com\/site\/wp-json\/wp\/v2\/tags?post=123429"}],"curies":[{"name":"wp","href":"https:\/\/api.w.org\/{rel}","templated":true}]}}