{"id":123706,"date":"2016-12-14T08:24:24","date_gmt":"2016-12-14T10:24:24","guid":{"rendered":"http:\/\/www.notibras.com\/site\/?p=123706"},"modified":"2016-12-14T08:24:24","modified_gmt":"2016-12-14T10:24:24","slug":"trabalhador-vai-virar-escravo-do-tempo-de-servico","status":"publish","type":"post","link":"https:\/\/www.notibras.com\/site\/trabalhador-vai-virar-escravo-do-tempo-de-servico\/","title":{"rendered":"Trabalhador vai virar escravo do tempo de servi\u00e7o"},"content":{"rendered":"<p><strong>Gustavo Filipe Barbosa Garcia<\/strong><\/p>\n<p>A proposta de reforma previdenci\u00e1ria que acaba de ser apresentada pelo governo \u00e9 profundamente prejudicial aos segurados e seus dependentes. Caso seja aprovada, a verdade \u00e9 que se tornar\u00e1 muito dif\u00edcil conseguir se aposentar. A aposentadoria passa a exigir a idade m\u00ednima de 65 anos e 25 anos de tempo de contribui\u00e7\u00e3o, a ambos os sexos. Deixa de haver diferencia\u00e7\u00e3o de requisitos entre homens e mulheres.<\/p>\n<p>Os servidores p\u00fablicos (de Regime Pr\u00f3prio de Previd\u00eancia Social) passam a ter tratamento previdenci\u00e1rio bem semelhante ao setor privado (Regime Geral de Previd\u00eancia Social), pois as regras sobre aposentadoria volunt\u00e1ria e pens\u00e3o por morte s\u00e3o praticamente unificadas.<\/p>\n<p>De todo modo, ainda assim, o valor da aposentadoria n\u00e3o ser\u00e1 integral. Pela proposta, o valor da aposentadoria corresponder\u00e1 a 51% da m\u00e9dia das remunera\u00e7\u00f5es utilizadas como base para as contribui\u00e7\u00f5es do segurado, acrescidos de um ponto percentual para cada ano de contribui\u00e7\u00e3o considerado na concess\u00e3o da aposentadoria, at\u00e9 o limite de 100%, respeitado o limite m\u00e1ximo do sal\u00e1rio de contribui\u00e7\u00e3o do Regime Geral de Previd\u00eancia Social (atualmente em R$ 5.189,82). Ou seja, ser\u00e1 necess\u00e1rio contribuir por 49 anos para alcan\u00e7ar os 100% da m\u00e9dia.<\/p>\n<p>Frise-se que essa idade m\u00ednima de 65 anos, que j\u00e1 \u00e9 bastante elevada, certamente vai aumentar mais ainda com o passar do tempo, conforme haja a eleva\u00e7\u00e3o da expectativa de sobrevida do brasileiro. Cabe lembrar que h\u00e1 localidades no Brasil em que a expectativa de vida do homem \u00e9 pr\u00f3xima de 65 anos.<\/p>\n<p>Al\u00e9m disso, no Brasil \u00e9 comum as pessoas come\u00e7arem a trabalhar ainda jovens. Por exemplo, algu\u00e9m que comece a trabalhar (e contribuir) com 16 anos ter\u00e1 de trabalhar cerca de 50 anos para conseguir se aposentar. Entretanto, tendo iniciado a atividade profissional t\u00e3o cedo, ter\u00e1 for\u00e7as f\u00edsicas e psicol\u00f3gicas para trabalhar por tanto tempo? Na pr\u00e1tica, muitas pessoas certamente ter\u00e3o de &#8220;morrer trabalhando&#8221;.<\/p>\n<p>Entretanto, haver\u00e1 emprego e trabalho suficiente para todas essas pessoas, at\u00e9 essa idade t\u00e3o elevada? O mercado de trabalho tem como absorver tantas pessoas idosas? Deixa de existir, ainda, tratamento mais ben\u00e9fico para a aposentadoria de trabalhadores rurais, muitas vezes expostos a condi\u00e7\u00f5es de trabalho mais penosas.<\/p>\n<p>Os trabalhadores rurais conseguir\u00e3o laborar at\u00e9 os 65 anos (idade que tende a aumentar com o passar do tempo), contribuindo 25 anos para finalmente se aposentar, e ainda assim com valores reduzidos? Ter\u00e3o for\u00e7as f\u00edsicas para isso?<\/p>\n<p>Cabe lembrar que no Regime Geral de Previd\u00eancia Social (do INSS) os segurados normalmente n\u00e3o t\u00eam estabilidade no emprego, o que somente ocorre quanto aos servidores que ocupam cargos p\u00fablicos de provimento efetivo. Aliado a esse aspecto, h\u00e1 not\u00f3rias dificuldades de se continuar empregado, ou seja, ativo no mercado de trabalho, ap\u00f3s determinada idade.<\/p>\n<p>Com isso, certamente teremos muitas pessoas j\u00e1 com certa idade, sem trabalho e tamb\u00e9m sem acesso \u00e0 aposentadoria, de modo que ficar\u00e3o sem meios de subsist\u00eancia. Essas pessoas v\u00e3o depender de quem para sobreviver? De parentes, amigos, entidades beneficentes, assist\u00eancia social? Ser\u00e1 que vamos assistir passivamente ao retrocesso \u00e0 fase da hist\u00f3ria em que as conting\u00eancias (ou seja, os riscos sociais) eram cobertas apenas pela insuficiente assist\u00eancia privada volunt\u00e1ria?<\/p>\n<p>A proposta de reforma previdenci\u00e1ria parece se preocupar apenas com a necessidade de equil\u00edbrio financeiro (frisando-se que mesmo o suposto e alegado deficit da Previd\u00eancia Social \u00e9 bastante question\u00e1vel). Busca-se a redu\u00e7\u00e3o de despesas, dificultando de modo impressionante a concess\u00e3o de benef\u00edcios previdenci\u00e1rios, especialmente aposentadorias e pens\u00f5es.<\/p>\n<p>Com isso, esquece-se que a Previd\u00eancia Social, como o pr\u00f3prio nome indica, \u00e9 um direito humano, fundamental e social. Esquece-se que a raz\u00e3o de ser da Previd\u00eancia Social, como a sua pr\u00f3pria evolu\u00e7\u00e3o hist\u00f3rica revela, \u00e9 garantir a subsist\u00eancia digna das pessoas, mas n\u00e3o exclu\u00eddas e deix\u00e1-las \u00e0 margem da sociedade, dependendo de caridades volunt\u00e1rias para manterem-se vivas. A sociedade, portanto, n\u00e3o pode ficar passiva diante desse cen\u00e1rio t\u00e3o sombrio e injusto de proposta de reforma previdenci\u00e1ria.<\/p>\n","protected":false},"excerpt":{"rendered":"<p>Gustavo Filipe Barbosa Garcia A proposta de reforma previdenci\u00e1ria que acaba de ser apresentada pelo governo \u00e9 profundamente prejudicial aos segurados e seus dependentes. Caso seja aprovada, a verdade \u00e9 que se tornar\u00e1 muito dif\u00edcil conseguir se aposentar. A aposentadoria passa a exigir a idade m\u00ednima de 65 anos e 25 anos de tempo de [&hellip;]<\/p>\n","protected":false},"author":2,"featured_media":123734,"comment_status":"open","ping_status":"closed","sticky":false,"template":"","format":"standard","meta":{"_acf_changed":false,"footnotes":""},"categories":[25],"tags":[],"class_list":["post-123706","post","type-post","status-publish","format-standard","has-post-thumbnail","hentry","category-opina-ai"],"acf":[],"yoast_head":"<!-- This site is optimized with the Yoast SEO plugin v27.5 - https:\/\/yoast.com\/product\/yoast-seo-wordpress\/ -->\n<title>Trabalhador vai virar escravo do tempo de servi\u00e7o - Notibras<\/title>\n<meta name=\"robots\" content=\"index, follow, max-snippet:-1, max-image-preview:large, max-video-preview:-1\" \/>\n<link rel=\"canonical\" href=\"https:\/\/www.notibras.com\/site\/trabalhador-vai-virar-escravo-do-tempo-de-servico\/\" \/>\n<meta property=\"og:locale\" content=\"pt_BR\" \/>\n<meta property=\"og:type\" content=\"article\" \/>\n<meta property=\"og:title\" content=\"Trabalhador vai virar escravo do tempo de servi\u00e7o - Notibras\" \/>\n<meta property=\"og:description\" content=\"Gustavo Filipe Barbosa Garcia A proposta de reforma previdenci\u00e1ria que acaba de ser apresentada pelo governo \u00e9 profundamente prejudicial aos segurados e seus dependentes. Caso seja aprovada, a verdade \u00e9 que se tornar\u00e1 muito dif\u00edcil conseguir se aposentar. A aposentadoria passa a exigir a idade m\u00ednima de 65 anos e 25 anos de tempo de [&hellip;]\" \/>\n<meta property=\"og:url\" content=\"https:\/\/www.notibras.com\/site\/trabalhador-vai-virar-escravo-do-tempo-de-servico\/\" \/>\n<meta property=\"og:site_name\" content=\"Notibras\" \/>\n<meta property=\"article:publisher\" content=\"https:\/\/www.facebook.com\/notibras\/\" \/>\n<meta property=\"article:published_time\" content=\"2016-12-14T10:24:24+00:00\" \/>\n<meta property=\"og:image\" content=\"https:\/\/www.notibras.com\/site\/wp-content\/uploads\/2016\/12\/unnamed.jpg\" \/>\n\t<meta property=\"og:image:width\" content=\"504\" \/>\n\t<meta property=\"og:image:height\" content=\"292\" \/>\n\t<meta property=\"og:image:type\" content=\"image\/jpeg\" \/>\n<meta name=\"author\" content=\"Reda\u00e7\u00e3o\" \/>\n<meta name=\"twitter:card\" content=\"summary_large_image\" \/>\n<meta name=\"twitter:creator\" content=\"@Notibras\" \/>\n<meta name=\"twitter:site\" content=\"@Notibras\" \/>\n<meta name=\"twitter:label1\" content=\"Escrito por\" \/>\n\t<meta name=\"twitter:data1\" content=\"Reda\u00e7\u00e3o\" \/>\n\t<meta name=\"twitter:label2\" content=\"Est. tempo de leitura\" \/>\n\t<meta name=\"twitter:data2\" content=\"4 minutos\" \/>\n<script type=\"application\/ld+json\" class=\"yoast-schema-graph\">{\"@context\":\"https:\\\/\\\/schema.org\",\"@graph\":[{\"@type\":\"Article\",\"@id\":\"https:\\\/\\\/www.notibras.com\\\/site\\\/trabalhador-vai-virar-escravo-do-tempo-de-servico\\\/#article\",\"isPartOf\":{\"@id\":\"https:\\\/\\\/www.notibras.com\\\/site\\\/trabalhador-vai-virar-escravo-do-tempo-de-servico\\\/\"},\"author\":{\"name\":\"Reda\u00e7\u00e3o\",\"@id\":\"https:\\\/\\\/www.notibras.com\\\/site\\\/#\\\/schema\\\/person\\\/36ab0979449956132d3e5b517ea76ac8\"},\"headline\":\"Trabalhador vai virar escravo do tempo de servi\u00e7o\",\"datePublished\":\"2016-12-14T10:24:24+00:00\",\"mainEntityOfPage\":{\"@id\":\"https:\\\/\\\/www.notibras.com\\\/site\\\/trabalhador-vai-virar-escravo-do-tempo-de-servico\\\/\"},\"wordCount\":709,\"commentCount\":0,\"publisher\":{\"@id\":\"https:\\\/\\\/www.notibras.com\\\/site\\\/#organization\"},\"image\":{\"@id\":\"https:\\\/\\\/www.notibras.com\\\/site\\\/trabalhador-vai-virar-escravo-do-tempo-de-servico\\\/#primaryimage\"},\"thumbnailUrl\":\"https:\\\/\\\/www.notibras.com\\\/site\\\/wp-content\\\/uploads\\\/2016\\\/12\\\/unnamed.jpg\",\"articleSection\":[\"Opina a\u00ed\"],\"inLanguage\":\"pt-BR\",\"potentialAction\":[{\"@type\":\"CommentAction\",\"name\":\"Comment\",\"target\":[\"https:\\\/\\\/www.notibras.com\\\/site\\\/trabalhador-vai-virar-escravo-do-tempo-de-servico\\\/#respond\"]}]},{\"@type\":\"WebPage\",\"@id\":\"https:\\\/\\\/www.notibras.com\\\/site\\\/trabalhador-vai-virar-escravo-do-tempo-de-servico\\\/\",\"url\":\"https:\\\/\\\/www.notibras.com\\\/site\\\/trabalhador-vai-virar-escravo-do-tempo-de-servico\\\/\",\"name\":\"Trabalhador vai virar escravo do tempo de servi\u00e7o - Notibras\",\"isPartOf\":{\"@id\":\"https:\\\/\\\/www.notibras.com\\\/site\\\/#website\"},\"primaryImageOfPage\":{\"@id\":\"https:\\\/\\\/www.notibras.com\\\/site\\\/trabalhador-vai-virar-escravo-do-tempo-de-servico\\\/#primaryimage\"},\"image\":{\"@id\":\"https:\\\/\\\/www.notibras.com\\\/site\\\/trabalhador-vai-virar-escravo-do-tempo-de-servico\\\/#primaryimage\"},\"thumbnailUrl\":\"https:\\\/\\\/www.notibras.com\\\/site\\\/wp-content\\\/uploads\\\/2016\\\/12\\\/unnamed.jpg\",\"datePublished\":\"2016-12-14T10:24:24+00:00\",\"breadcrumb\":{\"@id\":\"https:\\\/\\\/www.notibras.com\\\/site\\\/trabalhador-vai-virar-escravo-do-tempo-de-servico\\\/#breadcrumb\"},\"inLanguage\":\"pt-BR\",\"potentialAction\":[{\"@type\":\"ReadAction\",\"target\":[\"https:\\\/\\\/www.notibras.com\\\/site\\\/trabalhador-vai-virar-escravo-do-tempo-de-servico\\\/\"]}]},{\"@type\":\"ImageObject\",\"inLanguage\":\"pt-BR\",\"@id\":\"https:\\\/\\\/www.notibras.com\\\/site\\\/trabalhador-vai-virar-escravo-do-tempo-de-servico\\\/#primaryimage\",\"url\":\"https:\\\/\\\/www.notibras.com\\\/site\\\/wp-content\\\/uploads\\\/2016\\\/12\\\/unnamed.jpg\",\"contentUrl\":\"https:\\\/\\\/www.notibras.com\\\/site\\\/wp-content\\\/uploads\\\/2016\\\/12\\\/unnamed.jpg\",\"width\":504,\"height\":292},{\"@type\":\"BreadcrumbList\",\"@id\":\"https:\\\/\\\/www.notibras.com\\\/site\\\/trabalhador-vai-virar-escravo-do-tempo-de-servico\\\/#breadcrumb\",\"itemListElement\":[{\"@type\":\"ListItem\",\"position\":1,\"name\":\"In\u00edcio\",\"item\":\"https:\\\/\\\/www.notibras.com\\\/site\\\/\"},{\"@type\":\"ListItem\",\"position\":2,\"name\":\"Trabalhador vai virar escravo do tempo de servi\u00e7o\"}]},{\"@type\":\"WebSite\",\"@id\":\"https:\\\/\\\/www.notibras.com\\\/site\\\/#website\",\"url\":\"https:\\\/\\\/www.notibras.com\\\/site\\\/\",\"name\":\"Notibras\",\"description\":\"Not\u00edcias de Bras\u00edlia, do Brasil e do Mundo\",\"publisher\":{\"@id\":\"https:\\\/\\\/www.notibras.com\\\/site\\\/#organization\"},\"potentialAction\":[{\"@type\":\"SearchAction\",\"target\":{\"@type\":\"EntryPoint\",\"urlTemplate\":\"https:\\\/\\\/www.notibras.com\\\/site\\\/?s={search_term_string}\"},\"query-input\":{\"@type\":\"PropertyValueSpecification\",\"valueRequired\":true,\"valueName\":\"search_term_string\"}}],\"inLanguage\":\"pt-BR\"},{\"@type\":\"Organization\",\"@id\":\"https:\\\/\\\/www.notibras.com\\\/site\\\/#organization\",\"name\":\"Grupo Notibras de Comunica\u00e7\u00e3o\",\"url\":\"https:\\\/\\\/www.notibras.com\\\/site\\\/\",\"logo\":{\"@type\":\"ImageObject\",\"inLanguage\":\"pt-BR\",\"@id\":\"https:\\\/\\\/www.notibras.com\\\/site\\\/#\\\/schema\\\/logo\\\/image\\\/\",\"url\":\"https:\\\/\\\/www.notibras.com\\\/site\\\/wp-content\\\/uploads\\\/2023\\\/01\\\/notibras23.png\",\"contentUrl\":\"https:\\\/\\\/www.notibras.com\\\/site\\\/wp-content\\\/uploads\\\/2023\\\/01\\\/notibras23.png\",\"width\":350,\"height\":87,\"caption\":\"Grupo Notibras de Comunica\u00e7\u00e3o\"},\"image\":{\"@id\":\"https:\\\/\\\/www.notibras.com\\\/site\\\/#\\\/schema\\\/logo\\\/image\\\/\"},\"sameAs\":[\"https:\\\/\\\/www.facebook.com\\\/notibras\\\/\",\"https:\\\/\\\/x.com\\\/Notibras\",\"https:\\\/\\\/www.instagram.com\\\/notibras\\\/\"]},{\"@type\":\"Person\",\"@id\":\"https:\\\/\\\/www.notibras.com\\\/site\\\/#\\\/schema\\\/person\\\/36ab0979449956132d3e5b517ea76ac8\",\"name\":\"Reda\u00e7\u00e3o\",\"image\":{\"@type\":\"ImageObject\",\"inLanguage\":\"pt-BR\",\"@id\":\"https:\\\/\\\/secure.gravatar.com\\\/avatar\\\/e0a867bdedb85fd243eadf09663511f96fc81e0720a4a42581f334ad4303aa6b?s=96&d=mm&r=g\",\"url\":\"https:\\\/\\\/secure.gravatar.com\\\/avatar\\\/e0a867bdedb85fd243eadf09663511f96fc81e0720a4a42581f334ad4303aa6b?s=96&d=mm&r=g\",\"contentUrl\":\"https:\\\/\\\/secure.gravatar.com\\\/avatar\\\/e0a867bdedb85fd243eadf09663511f96fc81e0720a4a42581f334ad4303aa6b?s=96&d=mm&r=g\",\"caption\":\"Reda\u00e7\u00e3o\"}}]}<\/script>\n<!-- \/ Yoast SEO plugin. -->","yoast_head_json":{"title":"Trabalhador vai virar escravo do tempo de servi\u00e7o - Notibras","robots":{"index":"index","follow":"follow","max-snippet":"max-snippet:-1","max-image-preview":"max-image-preview:large","max-video-preview":"max-video-preview:-1"},"canonical":"https:\/\/www.notibras.com\/site\/trabalhador-vai-virar-escravo-do-tempo-de-servico\/","og_locale":"pt_BR","og_type":"article","og_title":"Trabalhador vai virar escravo do tempo de servi\u00e7o - Notibras","og_description":"Gustavo Filipe Barbosa Garcia A proposta de reforma previdenci\u00e1ria que acaba de ser apresentada pelo governo \u00e9 profundamente prejudicial aos segurados e seus dependentes. Caso seja aprovada, a verdade \u00e9 que se tornar\u00e1 muito dif\u00edcil conseguir se aposentar. A aposentadoria passa a exigir a idade m\u00ednima de 65 anos e 25 anos de tempo de [&hellip;]","og_url":"https:\/\/www.notibras.com\/site\/trabalhador-vai-virar-escravo-do-tempo-de-servico\/","og_site_name":"Notibras","article_publisher":"https:\/\/www.facebook.com\/notibras\/","article_published_time":"2016-12-14T10:24:24+00:00","og_image":[{"width":504,"height":292,"url":"https:\/\/www.notibras.com\/site\/wp-content\/uploads\/2016\/12\/unnamed.jpg","type":"image\/jpeg"}],"author":"Reda\u00e7\u00e3o","twitter_card":"summary_large_image","twitter_creator":"@Notibras","twitter_site":"@Notibras","twitter_misc":{"Escrito por":"Reda\u00e7\u00e3o","Est. tempo de leitura":"4 minutos"},"schema":{"@context":"https:\/\/schema.org","@graph":[{"@type":"Article","@id":"https:\/\/www.notibras.com\/site\/trabalhador-vai-virar-escravo-do-tempo-de-servico\/#article","isPartOf":{"@id":"https:\/\/www.notibras.com\/site\/trabalhador-vai-virar-escravo-do-tempo-de-servico\/"},"author":{"name":"Reda\u00e7\u00e3o","@id":"https:\/\/www.notibras.com\/site\/#\/schema\/person\/36ab0979449956132d3e5b517ea76ac8"},"headline":"Trabalhador vai virar escravo do tempo de servi\u00e7o","datePublished":"2016-12-14T10:24:24+00:00","mainEntityOfPage":{"@id":"https:\/\/www.notibras.com\/site\/trabalhador-vai-virar-escravo-do-tempo-de-servico\/"},"wordCount":709,"commentCount":0,"publisher":{"@id":"https:\/\/www.notibras.com\/site\/#organization"},"image":{"@id":"https:\/\/www.notibras.com\/site\/trabalhador-vai-virar-escravo-do-tempo-de-servico\/#primaryimage"},"thumbnailUrl":"https:\/\/www.notibras.com\/site\/wp-content\/uploads\/2016\/12\/unnamed.jpg","articleSection":["Opina a\u00ed"],"inLanguage":"pt-BR","potentialAction":[{"@type":"CommentAction","name":"Comment","target":["https:\/\/www.notibras.com\/site\/trabalhador-vai-virar-escravo-do-tempo-de-servico\/#respond"]}]},{"@type":"WebPage","@id":"https:\/\/www.notibras.com\/site\/trabalhador-vai-virar-escravo-do-tempo-de-servico\/","url":"https:\/\/www.notibras.com\/site\/trabalhador-vai-virar-escravo-do-tempo-de-servico\/","name":"Trabalhador vai virar escravo do tempo de servi\u00e7o - Notibras","isPartOf":{"@id":"https:\/\/www.notibras.com\/site\/#website"},"primaryImageOfPage":{"@id":"https:\/\/www.notibras.com\/site\/trabalhador-vai-virar-escravo-do-tempo-de-servico\/#primaryimage"},"image":{"@id":"https:\/\/www.notibras.com\/site\/trabalhador-vai-virar-escravo-do-tempo-de-servico\/#primaryimage"},"thumbnailUrl":"https:\/\/www.notibras.com\/site\/wp-content\/uploads\/2016\/12\/unnamed.jpg","datePublished":"2016-12-14T10:24:24+00:00","breadcrumb":{"@id":"https:\/\/www.notibras.com\/site\/trabalhador-vai-virar-escravo-do-tempo-de-servico\/#breadcrumb"},"inLanguage":"pt-BR","potentialAction":[{"@type":"ReadAction","target":["https:\/\/www.notibras.com\/site\/trabalhador-vai-virar-escravo-do-tempo-de-servico\/"]}]},{"@type":"ImageObject","inLanguage":"pt-BR","@id":"https:\/\/www.notibras.com\/site\/trabalhador-vai-virar-escravo-do-tempo-de-servico\/#primaryimage","url":"https:\/\/www.notibras.com\/site\/wp-content\/uploads\/2016\/12\/unnamed.jpg","contentUrl":"https:\/\/www.notibras.com\/site\/wp-content\/uploads\/2016\/12\/unnamed.jpg","width":504,"height":292},{"@type":"BreadcrumbList","@id":"https:\/\/www.notibras.com\/site\/trabalhador-vai-virar-escravo-do-tempo-de-servico\/#breadcrumb","itemListElement":[{"@type":"ListItem","position":1,"name":"In\u00edcio","item":"https:\/\/www.notibras.com\/site\/"},{"@type":"ListItem","position":2,"name":"Trabalhador vai virar escravo do tempo de servi\u00e7o"}]},{"@type":"WebSite","@id":"https:\/\/www.notibras.com\/site\/#website","url":"https:\/\/www.notibras.com\/site\/","name":"Notibras","description":"Not\u00edcias de Bras\u00edlia, do Brasil e do Mundo","publisher":{"@id":"https:\/\/www.notibras.com\/site\/#organization"},"potentialAction":[{"@type":"SearchAction","target":{"@type":"EntryPoint","urlTemplate":"https:\/\/www.notibras.com\/site\/?s={search_term_string}"},"query-input":{"@type":"PropertyValueSpecification","valueRequired":true,"valueName":"search_term_string"}}],"inLanguage":"pt-BR"},{"@type":"Organization","@id":"https:\/\/www.notibras.com\/site\/#organization","name":"Grupo Notibras de Comunica\u00e7\u00e3o","url":"https:\/\/www.notibras.com\/site\/","logo":{"@type":"ImageObject","inLanguage":"pt-BR","@id":"https:\/\/www.notibras.com\/site\/#\/schema\/logo\/image\/","url":"https:\/\/www.notibras.com\/site\/wp-content\/uploads\/2023\/01\/notibras23.png","contentUrl":"https:\/\/www.notibras.com\/site\/wp-content\/uploads\/2023\/01\/notibras23.png","width":350,"height":87,"caption":"Grupo Notibras de Comunica\u00e7\u00e3o"},"image":{"@id":"https:\/\/www.notibras.com\/site\/#\/schema\/logo\/image\/"},"sameAs":["https:\/\/www.facebook.com\/notibras\/","https:\/\/x.com\/Notibras","https:\/\/www.instagram.com\/notibras\/"]},{"@type":"Person","@id":"https:\/\/www.notibras.com\/site\/#\/schema\/person\/36ab0979449956132d3e5b517ea76ac8","name":"Reda\u00e7\u00e3o","image":{"@type":"ImageObject","inLanguage":"pt-BR","@id":"https:\/\/secure.gravatar.com\/avatar\/e0a867bdedb85fd243eadf09663511f96fc81e0720a4a42581f334ad4303aa6b?s=96&d=mm&r=g","url":"https:\/\/secure.gravatar.com\/avatar\/e0a867bdedb85fd243eadf09663511f96fc81e0720a4a42581f334ad4303aa6b?s=96&d=mm&r=g","contentUrl":"https:\/\/secure.gravatar.com\/avatar\/e0a867bdedb85fd243eadf09663511f96fc81e0720a4a42581f334ad4303aa6b?s=96&d=mm&r=g","caption":"Reda\u00e7\u00e3o"}}]}},"amp_enabled":true,"_links":{"self":[{"href":"https:\/\/www.notibras.com\/site\/wp-json\/wp\/v2\/posts\/123706","targetHints":{"allow":["GET"]}}],"collection":[{"href":"https:\/\/www.notibras.com\/site\/wp-json\/wp\/v2\/posts"}],"about":[{"href":"https:\/\/www.notibras.com\/site\/wp-json\/wp\/v2\/types\/post"}],"author":[{"embeddable":true,"href":"https:\/\/www.notibras.com\/site\/wp-json\/wp\/v2\/users\/2"}],"replies":[{"embeddable":true,"href":"https:\/\/www.notibras.com\/site\/wp-json\/wp\/v2\/comments?post=123706"}],"version-history":[{"count":1,"href":"https:\/\/www.notibras.com\/site\/wp-json\/wp\/v2\/posts\/123706\/revisions"}],"predecessor-version":[{"id":123708,"href":"https:\/\/www.notibras.com\/site\/wp-json\/wp\/v2\/posts\/123706\/revisions\/123708"}],"wp:featuredmedia":[{"embeddable":true,"href":"https:\/\/www.notibras.com\/site\/wp-json\/wp\/v2\/media\/123734"}],"wp:attachment":[{"href":"https:\/\/www.notibras.com\/site\/wp-json\/wp\/v2\/media?parent=123706"}],"wp:term":[{"taxonomy":"category","embeddable":true,"href":"https:\/\/www.notibras.com\/site\/wp-json\/wp\/v2\/categories?post=123706"},{"taxonomy":"post_tag","embeddable":true,"href":"https:\/\/www.notibras.com\/site\/wp-json\/wp\/v2\/tags?post=123706"}],"curies":[{"name":"wp","href":"https:\/\/api.w.org\/{rel}","templated":true}]}}