{"id":123813,"date":"2016-12-15T09:51:17","date_gmt":"2016-12-15T11:51:17","guid":{"rendered":"http:\/\/www.notibras.com\/site\/?p=123813"},"modified":"2016-12-15T09:51:17","modified_gmt":"2016-12-15T11:51:17","slug":"jovens-voltam-agir-para-estabilizar-geracao-x","status":"publish","type":"post","link":"https:\/\/www.notibras.com\/site\/jovens-voltam-agir-para-estabilizar-geracao-x\/","title":{"rendered":"Jovens voltam a agir para estabilizar a gera\u00e7\u00e3o X"},"content":{"rendered":"<p><strong>Anama\u00edra Spaggiari<\/strong><\/p>\n<p>A nova gera\u00e7\u00e3o de jovens que est\u00e1 entrando no mercado de trabalho sabe que ao escolher a organiza\u00e7\u00e3o em que deseja atuar e qual vaga ir\u00e1 ocupar pode, e deve, levar em considera\u00e7\u00e3o: o seu prop\u00f3sito, o que gosta de fazer e o que quer gerar de valor. Tal decis\u00e3o sobre a carreira \u00e9 essencial no processo de constru\u00e7\u00e3o de uma trajet\u00f3ria profissional que traga felicidade e que gere impacto.<\/p>\n<p>Na contram\u00e3o disso, a crise econ\u00f4mica tem colocado em xeque essa forma de fazer carreira. A escassez de oportunidades representa uma for\u00e7a contr\u00e1ria, que pode levar o jovem a abdicar de motiva\u00e7\u00f5es pessoais para escolher seu emprego s\u00f3 com base nas oportunidades que aparecerem.<\/p>\n<p>Um desequil\u00edbrio nas curvas de oferta e de demanda \u00e9 gerado pela crise: as oportunidades de trabalho ficam menores, h\u00e1 demiss\u00f5es em massa e tamb\u00e9m o congelamento de vagas para corte de custos.<\/p>\n<p>O Brasil atingiu 12 milh\u00f5es de desempregados em setembro de 2016, segundo o IBGE. Dentre os jovens de 18 a 24 anos, o \u00edndice de desemprego era de 24,1% em maio, e em novembro chegou a 25,7%, tendo aumentado ainda mais se comparado \u00e0s demais faixas et\u00e1rias.<\/p>\n<p>Quem entrar agora no mercado de trabalho ir\u00e1 sofrer com sal\u00e1rios menores e, mesmo para quem j\u00e1 tem seu emprego garantido, as oportunidades de crescimento e de movimenta\u00e7\u00e3o lateral est\u00e3o sendo afetadas.<\/p>\n<p>V\u00e1rios dos ajustes salariais ficaram abaixo do valor da infla\u00e7\u00e3o, diminuindo o poder de compra. Dados do Dieese mostram que, at\u00e9 2014, mais da metade dos reajustes superavam a infla\u00e7\u00e3o, enquanto que, no primeiro semestre de 2016, 39% ficaram abaixo da infla\u00e7\u00e3o e 37% mantiveram o seu patamar.<\/p>\n<p><strong>O lado do jovem<\/strong> &#8211; Esse cen\u00e1rio deixa o universit\u00e1rio que est\u00e1 entrando no mercado de trabalho em alerta, com muito medo de n\u00e3o conseguir um emprego e de n\u00e3o construir a carreira que tanto sonhou. Sem muitas op\u00e7\u00f5es, resta agarrar-se \u00e0 oportunidade que aparece, mesmo que ela n\u00e3o lhe traga realiza\u00e7\u00e3o pessoal e n\u00e3o fa\u00e7a sentido para a sua trajet\u00f3ria profissional.<\/p>\n<p>Se negar uma oportunidade agora, n\u00e3o se sabe em quanto tempo pode surgir outra. O SPC Brasil (Servi\u00e7o de Prote\u00e7\u00e3o ao Cr\u00e9dito) estima que um desempregado leva, em m\u00e9dia, oito meses para conseguir se recolocar no mercado. Para n\u00e3o entrar nessa estat\u00edstica, muitos jovens acabam se candidatando a dezenas de vagas ao mesmo tempo, v\u00e1rias delas sem nenhum alinhamento com seu perfil.<\/p>\n<p>Assim, muitos reclamam que nem respostas recebem e que, quando h\u00e1 um retorno, se frustram ao receber &#8220;n\u00e3o&#8221; atr\u00e1s de &#8220;n\u00e3o&#8221;, o que s\u00f3 aumenta o medo e a ansiedade. H\u00e1 quem cogite sair do Brasil para trabalhar com subempregos, enquanto outros mergulham em mais capacita\u00e7\u00f5es, como cursos, p\u00f3s-gradua\u00e7\u00f5es e mestrados.<\/p>\n<p>O pior cen\u00e1rio \u00e9 ficar sem emprego e sem experi\u00eancia, tendo que, quando a economia se reerguer, enfrentar a concorr\u00eancia por vagas com os rec\u00e9m-formados. Isso tudo pode acarretar num desenvolvimento profissional tardio e mais lento.<\/p>\n<p>Com a frustra\u00e7\u00e3o, os jovens tendem a assumir um comportamento mais conservador para suas carreiras, buscando aquela seguran\u00e7a que a gera\u00e7\u00e3o X tanto prezava. O concurso p\u00fablico, antes rejeitado por muitos da gera\u00e7\u00e3o Y, pode retomar a sua onda de interesse.<\/p>\n<p>Por\u00e9m, onde existem amea\u00e7as e desafios tamb\u00e9m h\u00e1 oportunidades, principalmente, para os universit\u00e1rios. Empresas e ind\u00fastrias trocam profissionais mais experientes e caros por estagi\u00e1rios e rec\u00e9m-formados, j\u00e1 que estes \u00faltimos representam um custo menor.<\/p>\n<p>Para o jovem que j\u00e1 est\u00e1 empregado, o cen\u00e1rio \u00e9 um pouco mais ameno, mas ele tem menos chances de promo\u00e7\u00e3o e de acesso a benef\u00edcios. S\u00e3o in\u00fameras as empresas que j\u00e1 est\u00e3o trocando o plano de sa\u00fade por um mais simples. Com os cortes, o trabalhador que fica tende a acumular fun\u00e7\u00f5es.<\/p>\n<p>Pelo lado negativo, isso representa uma sobrecarga de trabalho. J\u00e1 o positivo \u00e9 que h\u00e1 uma menor chance de ser demitido e h\u00e1 a oportunidade de assumir mais responsabilidades com fun\u00e7\u00f5es que seriam exercidas por pessoas mais experientes, podendo acelerar seu desenvolvimento. O jovem que passar por situa\u00e7\u00f5es dif\u00edceis estar\u00e1 pronto para enfrentar desafios complexos.<\/p>\n<p><strong>O lado das organiza\u00e7\u00f5es<\/strong> &#8211; J\u00e1 o mercado tende a se manter mais conservador e a tomar decis\u00f5es com menos riscos. Investir na forma\u00e7\u00e3o de um jovem inexperiente, que possui menos autonomia e nunca enfrentou momentos de crise, n\u00e3o \u00e9 uma decis\u00e3o f\u00e1cil, mesmo que a m\u00e3o de obra seja mais barata. Um conflito de escolha para a empresa.<\/p>\n<p>A crise tamb\u00e9m pode trazer externalidades positivas. Com demiss\u00f5es em massa, congelamento de posi\u00e7\u00f5es e corte de custos, o n\u00famero de vagas dispon\u00edveis diminui drasticamente. A empresa fica na confort\u00e1vel posi\u00e7\u00e3o de escolher um candidato melhor para a vaga a um custo mais baixo.<\/p>\n<p>A tend\u00eancia \u00e9 que haja um aumento na reten\u00e7\u00e3o dos funcion\u00e1rios, ainda que os \u00edndices de felicidade possam diminuir. Uma pesquisa da Hays, de 2015, mostra que 74% dos funcion\u00e1rios procuravam um novo emprego para 2016, mesmo quando as empresas registraram um \u00edndice de 27% de rotatividade, ou seja, podemos ter muita gente insatisfeita, mas sem pedir demiss\u00e3o. A escolha de abrir m\u00e3o de um emprego seguro para buscar outro \u00e9 um risco grande.<\/p>\n<p>Os funcion\u00e1rios tamb\u00e9m ficam mais flex\u00edveis e dispostos a assumir novas tarefas fora de seu escopo, sujeitando-se a aceitar mudan\u00e7as que, em um momento est\u00e1vel, n\u00e3o concordariam. A pesquisa da Hays mostra tamb\u00e9m que 86% aceitariam uma proposta para trabalhar fora do pa\u00eds e que 77% mudariam de Estado por causa do emprego.<\/p>\n<p><strong>Dicas para uma carreira de impacto<\/strong> &#8211; 1) Qualificar-se ainda mais. \u00c9 sempre bom lembrar que ingl\u00eas e n\u00edvel superior completo j\u00e1 n\u00e3o s\u00e3o diferenciais. P\u00f3s-gradua\u00e7\u00e3o ou cursos online s\u00e3o boas oportunidades para quem pode investir nos estudos \u2013e nem sempre \u00e9 preciso dinheiro;<\/p>\n<p>2) N\u00e3o esperar uma oportunidade de emprego para ganhar experi\u00eancia. Por meio de trabalhos volunt\u00e1rios e de projetos paralelos, encontre experi\u00eancia pr\u00e1tica. Isso n\u00e3o s\u00f3 servir\u00e1 para adicionar um item ao seu curr\u00edculo, como tamb\u00e9m para desenvolver habilidades e adquirir conhecimento;<\/p>\n<p>3) Desenvolver compet\u00eancias para lidar com ambientes em crise, ou seja, aprender a trabalhar sob press\u00e3o, ter foco em resultado, lidar com o ac\u00famulo de responsabilidades e desenvolver flexibilidade para mudan\u00e7as recorrentes. A resili\u00eancia passa a ser um atributo essencial;<\/p>\n<p>4) N\u00e3o s\u00e3o os volumes de aplica\u00e7\u00f5es e de processos seletivos que te levar\u00e3o a conseguir um emprego. Isso pode at\u00e9 fazer voc\u00ea perder tempo, foco e aumentar sua inseguran\u00e7a. \u00c9 mais importante ser assertivo e buscar um em que haja um matching, isto \u00e9, que haja uma combina\u00e7\u00e3o entre o que voc\u00ea sabe fazer bem e a fun\u00e7\u00e3o daquela vaga;<\/p>\n<p>5) Olhar para todo o mercado e procurar as empresas que est\u00e3o crescendo mesmo com a crise, ou ent\u00e3o para as que acabaram de realizar fus\u00f5es ou aquisi\u00e7\u00f5es. Existem v\u00e1rias delas no mundo empreendedor das startups;<\/p>\n<p>6) Para quem conseguiu um emprego, mas que ainda n\u00e3o \u00e9 aquele dos seus sonhos, \u00e9 preciso ficar atento para explorar as possibilidades de desenvolvimento, entregando resultados e n\u00e3o deixando de se preparar e de buscar a oportunidade que mais quer \u2013uma futura promo\u00e7\u00e3o, uma mudan\u00e7a de \u00e1rea ou a vaga em outra empresa.<\/p>\n<p>Um cen\u00e1rio dif\u00edcil est\u00e1 desenhado para a maioria dos jovens. Para enfrent\u00e1-lo e conquistar uma carreira de impacto, \u00e9 primordial que eles n\u00e3o se coloquem como um problema social e que lutem para tornar realidade aquilo sempre ouviram: que o jovem representa o futuro do Brasil.<\/p>\n","protected":false},"excerpt":{"rendered":"<p>Anama\u00edra Spaggiari A nova gera\u00e7\u00e3o de jovens que est\u00e1 entrando no mercado de trabalho sabe que ao escolher a organiza\u00e7\u00e3o em que deseja atuar e qual vaga ir\u00e1 ocupar pode, e deve, levar em considera\u00e7\u00e3o: o seu prop\u00f3sito, o que gosta de fazer e o que quer gerar de valor. Tal decis\u00e3o sobre a carreira [&hellip;]<\/p>\n","protected":false},"author":2,"featured_media":123814,"comment_status":"open","ping_status":"closed","sticky":false,"template":"","format":"standard","meta":{"_acf_changed":false,"footnotes":""},"categories":[25],"tags":[],"class_list":["post-123813","post","type-post","status-publish","format-standard","has-post-thumbnail","hentry","category-opina-ai"],"acf":[],"yoast_head":"<!-- This site is optimized with the Yoast SEO plugin v27.5 - https:\/\/yoast.com\/product\/yoast-seo-wordpress\/ -->\n<title>Jovens voltam a agir para estabilizar a gera\u00e7\u00e3o X - Notibras<\/title>\n<meta name=\"robots\" content=\"index, follow, max-snippet:-1, max-image-preview:large, max-video-preview:-1\" \/>\n<link rel=\"canonical\" href=\"https:\/\/www.notibras.com\/site\/jovens-voltam-agir-para-estabilizar-geracao-x\/\" \/>\n<meta property=\"og:locale\" content=\"pt_BR\" \/>\n<meta property=\"og:type\" content=\"article\" \/>\n<meta property=\"og:title\" content=\"Jovens voltam a agir para estabilizar a gera\u00e7\u00e3o X - Notibras\" \/>\n<meta property=\"og:description\" content=\"Anama\u00edra Spaggiari A nova gera\u00e7\u00e3o de jovens que est\u00e1 entrando no mercado de trabalho sabe que ao escolher a organiza\u00e7\u00e3o em que deseja atuar e qual vaga ir\u00e1 ocupar pode, e deve, levar em considera\u00e7\u00e3o: o seu prop\u00f3sito, o que gosta de fazer e o que quer gerar de valor. Tal decis\u00e3o sobre a carreira [&hellip;]\" \/>\n<meta property=\"og:url\" content=\"https:\/\/www.notibras.com\/site\/jovens-voltam-agir-para-estabilizar-geracao-x\/\" \/>\n<meta property=\"og:site_name\" content=\"Notibras\" \/>\n<meta property=\"article:publisher\" content=\"https:\/\/www.facebook.com\/notibras\/\" \/>\n<meta property=\"article:published_time\" content=\"2016-12-15T11:51:17+00:00\" \/>\n<meta property=\"og:image\" content=\"https:\/\/www.notibras.com\/site\/wp-content\/uploads\/2016\/12\/jovem-aprendiz-ciee.jpg\" \/>\n\t<meta property=\"og:image:width\" content=\"736\" \/>\n\t<meta property=\"og:image:height\" content=\"533\" \/>\n\t<meta property=\"og:image:type\" content=\"image\/jpeg\" \/>\n<meta name=\"author\" content=\"Reda\u00e7\u00e3o\" \/>\n<meta name=\"twitter:card\" content=\"summary_large_image\" \/>\n<meta name=\"twitter:creator\" content=\"@Notibras\" \/>\n<meta name=\"twitter:site\" content=\"@Notibras\" \/>\n<meta name=\"twitter:label1\" content=\"Escrito por\" \/>\n\t<meta name=\"twitter:data1\" content=\"Reda\u00e7\u00e3o\" \/>\n\t<meta name=\"twitter:label2\" content=\"Est. tempo de leitura\" \/>\n\t<meta name=\"twitter:data2\" content=\"7 minutos\" \/>\n<script type=\"application\/ld+json\" class=\"yoast-schema-graph\">{\"@context\":\"https:\\\/\\\/schema.org\",\"@graph\":[{\"@type\":\"Article\",\"@id\":\"https:\\\/\\\/www.notibras.com\\\/site\\\/jovens-voltam-agir-para-estabilizar-geracao-x\\\/#article\",\"isPartOf\":{\"@id\":\"https:\\\/\\\/www.notibras.com\\\/site\\\/jovens-voltam-agir-para-estabilizar-geracao-x\\\/\"},\"author\":{\"name\":\"Reda\u00e7\u00e3o\",\"@id\":\"https:\\\/\\\/www.notibras.com\\\/site\\\/#\\\/schema\\\/person\\\/36ab0979449956132d3e5b517ea76ac8\"},\"headline\":\"Jovens voltam a agir para estabilizar a gera\u00e7\u00e3o X\",\"datePublished\":\"2016-12-15T11:51:17+00:00\",\"mainEntityOfPage\":{\"@id\":\"https:\\\/\\\/www.notibras.com\\\/site\\\/jovens-voltam-agir-para-estabilizar-geracao-x\\\/\"},\"wordCount\":1338,\"commentCount\":0,\"publisher\":{\"@id\":\"https:\\\/\\\/www.notibras.com\\\/site\\\/#organization\"},\"image\":{\"@id\":\"https:\\\/\\\/www.notibras.com\\\/site\\\/jovens-voltam-agir-para-estabilizar-geracao-x\\\/#primaryimage\"},\"thumbnailUrl\":\"https:\\\/\\\/www.notibras.com\\\/site\\\/wp-content\\\/uploads\\\/2016\\\/12\\\/jovem-aprendiz-ciee.jpg\",\"articleSection\":[\"Opina a\u00ed\"],\"inLanguage\":\"pt-BR\",\"potentialAction\":[{\"@type\":\"CommentAction\",\"name\":\"Comment\",\"target\":[\"https:\\\/\\\/www.notibras.com\\\/site\\\/jovens-voltam-agir-para-estabilizar-geracao-x\\\/#respond\"]}]},{\"@type\":\"WebPage\",\"@id\":\"https:\\\/\\\/www.notibras.com\\\/site\\\/jovens-voltam-agir-para-estabilizar-geracao-x\\\/\",\"url\":\"https:\\\/\\\/www.notibras.com\\\/site\\\/jovens-voltam-agir-para-estabilizar-geracao-x\\\/\",\"name\":\"Jovens voltam a agir para estabilizar a gera\u00e7\u00e3o X - Notibras\",\"isPartOf\":{\"@id\":\"https:\\\/\\\/www.notibras.com\\\/site\\\/#website\"},\"primaryImageOfPage\":{\"@id\":\"https:\\\/\\\/www.notibras.com\\\/site\\\/jovens-voltam-agir-para-estabilizar-geracao-x\\\/#primaryimage\"},\"image\":{\"@id\":\"https:\\\/\\\/www.notibras.com\\\/site\\\/jovens-voltam-agir-para-estabilizar-geracao-x\\\/#primaryimage\"},\"thumbnailUrl\":\"https:\\\/\\\/www.notibras.com\\\/site\\\/wp-content\\\/uploads\\\/2016\\\/12\\\/jovem-aprendiz-ciee.jpg\",\"datePublished\":\"2016-12-15T11:51:17+00:00\",\"breadcrumb\":{\"@id\":\"https:\\\/\\\/www.notibras.com\\\/site\\\/jovens-voltam-agir-para-estabilizar-geracao-x\\\/#breadcrumb\"},\"inLanguage\":\"pt-BR\",\"potentialAction\":[{\"@type\":\"ReadAction\",\"target\":[\"https:\\\/\\\/www.notibras.com\\\/site\\\/jovens-voltam-agir-para-estabilizar-geracao-x\\\/\"]}]},{\"@type\":\"ImageObject\",\"inLanguage\":\"pt-BR\",\"@id\":\"https:\\\/\\\/www.notibras.com\\\/site\\\/jovens-voltam-agir-para-estabilizar-geracao-x\\\/#primaryimage\",\"url\":\"https:\\\/\\\/www.notibras.com\\\/site\\\/wp-content\\\/uploads\\\/2016\\\/12\\\/jovem-aprendiz-ciee.jpg\",\"contentUrl\":\"https:\\\/\\\/www.notibras.com\\\/site\\\/wp-content\\\/uploads\\\/2016\\\/12\\\/jovem-aprendiz-ciee.jpg\",\"width\":736,\"height\":533},{\"@type\":\"BreadcrumbList\",\"@id\":\"https:\\\/\\\/www.notibras.com\\\/site\\\/jovens-voltam-agir-para-estabilizar-geracao-x\\\/#breadcrumb\",\"itemListElement\":[{\"@type\":\"ListItem\",\"position\":1,\"name\":\"In\u00edcio\",\"item\":\"https:\\\/\\\/www.notibras.com\\\/site\\\/\"},{\"@type\":\"ListItem\",\"position\":2,\"name\":\"Jovens voltam a agir para estabilizar a gera\u00e7\u00e3o X\"}]},{\"@type\":\"WebSite\",\"@id\":\"https:\\\/\\\/www.notibras.com\\\/site\\\/#website\",\"url\":\"https:\\\/\\\/www.notibras.com\\\/site\\\/\",\"name\":\"Notibras\",\"description\":\"Not\u00edcias de Bras\u00edlia, do Brasil e do Mundo\",\"publisher\":{\"@id\":\"https:\\\/\\\/www.notibras.com\\\/site\\\/#organization\"},\"potentialAction\":[{\"@type\":\"SearchAction\",\"target\":{\"@type\":\"EntryPoint\",\"urlTemplate\":\"https:\\\/\\\/www.notibras.com\\\/site\\\/?s={search_term_string}\"},\"query-input\":{\"@type\":\"PropertyValueSpecification\",\"valueRequired\":true,\"valueName\":\"search_term_string\"}}],\"inLanguage\":\"pt-BR\"},{\"@type\":\"Organization\",\"@id\":\"https:\\\/\\\/www.notibras.com\\\/site\\\/#organization\",\"name\":\"Grupo Notibras de Comunica\u00e7\u00e3o\",\"url\":\"https:\\\/\\\/www.notibras.com\\\/site\\\/\",\"logo\":{\"@type\":\"ImageObject\",\"inLanguage\":\"pt-BR\",\"@id\":\"https:\\\/\\\/www.notibras.com\\\/site\\\/#\\\/schema\\\/logo\\\/image\\\/\",\"url\":\"https:\\\/\\\/www.notibras.com\\\/site\\\/wp-content\\\/uploads\\\/2023\\\/01\\\/notibras23.png\",\"contentUrl\":\"https:\\\/\\\/www.notibras.com\\\/site\\\/wp-content\\\/uploads\\\/2023\\\/01\\\/notibras23.png\",\"width\":350,\"height\":87,\"caption\":\"Grupo Notibras de Comunica\u00e7\u00e3o\"},\"image\":{\"@id\":\"https:\\\/\\\/www.notibras.com\\\/site\\\/#\\\/schema\\\/logo\\\/image\\\/\"},\"sameAs\":[\"https:\\\/\\\/www.facebook.com\\\/notibras\\\/\",\"https:\\\/\\\/x.com\\\/Notibras\",\"https:\\\/\\\/www.instagram.com\\\/notibras\\\/\"]},{\"@type\":\"Person\",\"@id\":\"https:\\\/\\\/www.notibras.com\\\/site\\\/#\\\/schema\\\/person\\\/36ab0979449956132d3e5b517ea76ac8\",\"name\":\"Reda\u00e7\u00e3o\",\"image\":{\"@type\":\"ImageObject\",\"inLanguage\":\"pt-BR\",\"@id\":\"https:\\\/\\\/secure.gravatar.com\\\/avatar\\\/e0a867bdedb85fd243eadf09663511f96fc81e0720a4a42581f334ad4303aa6b?s=96&d=mm&r=g\",\"url\":\"https:\\\/\\\/secure.gravatar.com\\\/avatar\\\/e0a867bdedb85fd243eadf09663511f96fc81e0720a4a42581f334ad4303aa6b?s=96&d=mm&r=g\",\"contentUrl\":\"https:\\\/\\\/secure.gravatar.com\\\/avatar\\\/e0a867bdedb85fd243eadf09663511f96fc81e0720a4a42581f334ad4303aa6b?s=96&d=mm&r=g\",\"caption\":\"Reda\u00e7\u00e3o\"}}]}<\/script>\n<!-- \/ Yoast SEO plugin. -->","yoast_head_json":{"title":"Jovens voltam a agir para estabilizar a gera\u00e7\u00e3o X - Notibras","robots":{"index":"index","follow":"follow","max-snippet":"max-snippet:-1","max-image-preview":"max-image-preview:large","max-video-preview":"max-video-preview:-1"},"canonical":"https:\/\/www.notibras.com\/site\/jovens-voltam-agir-para-estabilizar-geracao-x\/","og_locale":"pt_BR","og_type":"article","og_title":"Jovens voltam a agir para estabilizar a gera\u00e7\u00e3o X - Notibras","og_description":"Anama\u00edra Spaggiari A nova gera\u00e7\u00e3o de jovens que est\u00e1 entrando no mercado de trabalho sabe que ao escolher a organiza\u00e7\u00e3o em que deseja atuar e qual vaga ir\u00e1 ocupar pode, e deve, levar em considera\u00e7\u00e3o: o seu prop\u00f3sito, o que gosta de fazer e o que quer gerar de valor. Tal decis\u00e3o sobre a carreira [&hellip;]","og_url":"https:\/\/www.notibras.com\/site\/jovens-voltam-agir-para-estabilizar-geracao-x\/","og_site_name":"Notibras","article_publisher":"https:\/\/www.facebook.com\/notibras\/","article_published_time":"2016-12-15T11:51:17+00:00","og_image":[{"width":736,"height":533,"url":"https:\/\/www.notibras.com\/site\/wp-content\/uploads\/2016\/12\/jovem-aprendiz-ciee.jpg","type":"image\/jpeg"}],"author":"Reda\u00e7\u00e3o","twitter_card":"summary_large_image","twitter_creator":"@Notibras","twitter_site":"@Notibras","twitter_misc":{"Escrito por":"Reda\u00e7\u00e3o","Est. tempo de leitura":"7 minutos"},"schema":{"@context":"https:\/\/schema.org","@graph":[{"@type":"Article","@id":"https:\/\/www.notibras.com\/site\/jovens-voltam-agir-para-estabilizar-geracao-x\/#article","isPartOf":{"@id":"https:\/\/www.notibras.com\/site\/jovens-voltam-agir-para-estabilizar-geracao-x\/"},"author":{"name":"Reda\u00e7\u00e3o","@id":"https:\/\/www.notibras.com\/site\/#\/schema\/person\/36ab0979449956132d3e5b517ea76ac8"},"headline":"Jovens voltam a agir para estabilizar a gera\u00e7\u00e3o X","datePublished":"2016-12-15T11:51:17+00:00","mainEntityOfPage":{"@id":"https:\/\/www.notibras.com\/site\/jovens-voltam-agir-para-estabilizar-geracao-x\/"},"wordCount":1338,"commentCount":0,"publisher":{"@id":"https:\/\/www.notibras.com\/site\/#organization"},"image":{"@id":"https:\/\/www.notibras.com\/site\/jovens-voltam-agir-para-estabilizar-geracao-x\/#primaryimage"},"thumbnailUrl":"https:\/\/www.notibras.com\/site\/wp-content\/uploads\/2016\/12\/jovem-aprendiz-ciee.jpg","articleSection":["Opina a\u00ed"],"inLanguage":"pt-BR","potentialAction":[{"@type":"CommentAction","name":"Comment","target":["https:\/\/www.notibras.com\/site\/jovens-voltam-agir-para-estabilizar-geracao-x\/#respond"]}]},{"@type":"WebPage","@id":"https:\/\/www.notibras.com\/site\/jovens-voltam-agir-para-estabilizar-geracao-x\/","url":"https:\/\/www.notibras.com\/site\/jovens-voltam-agir-para-estabilizar-geracao-x\/","name":"Jovens voltam a agir para estabilizar a gera\u00e7\u00e3o X - Notibras","isPartOf":{"@id":"https:\/\/www.notibras.com\/site\/#website"},"primaryImageOfPage":{"@id":"https:\/\/www.notibras.com\/site\/jovens-voltam-agir-para-estabilizar-geracao-x\/#primaryimage"},"image":{"@id":"https:\/\/www.notibras.com\/site\/jovens-voltam-agir-para-estabilizar-geracao-x\/#primaryimage"},"thumbnailUrl":"https:\/\/www.notibras.com\/site\/wp-content\/uploads\/2016\/12\/jovem-aprendiz-ciee.jpg","datePublished":"2016-12-15T11:51:17+00:00","breadcrumb":{"@id":"https:\/\/www.notibras.com\/site\/jovens-voltam-agir-para-estabilizar-geracao-x\/#breadcrumb"},"inLanguage":"pt-BR","potentialAction":[{"@type":"ReadAction","target":["https:\/\/www.notibras.com\/site\/jovens-voltam-agir-para-estabilizar-geracao-x\/"]}]},{"@type":"ImageObject","inLanguage":"pt-BR","@id":"https:\/\/www.notibras.com\/site\/jovens-voltam-agir-para-estabilizar-geracao-x\/#primaryimage","url":"https:\/\/www.notibras.com\/site\/wp-content\/uploads\/2016\/12\/jovem-aprendiz-ciee.jpg","contentUrl":"https:\/\/www.notibras.com\/site\/wp-content\/uploads\/2016\/12\/jovem-aprendiz-ciee.jpg","width":736,"height":533},{"@type":"BreadcrumbList","@id":"https:\/\/www.notibras.com\/site\/jovens-voltam-agir-para-estabilizar-geracao-x\/#breadcrumb","itemListElement":[{"@type":"ListItem","position":1,"name":"In\u00edcio","item":"https:\/\/www.notibras.com\/site\/"},{"@type":"ListItem","position":2,"name":"Jovens voltam a agir para estabilizar a gera\u00e7\u00e3o X"}]},{"@type":"WebSite","@id":"https:\/\/www.notibras.com\/site\/#website","url":"https:\/\/www.notibras.com\/site\/","name":"Notibras","description":"Not\u00edcias de Bras\u00edlia, do Brasil e do Mundo","publisher":{"@id":"https:\/\/www.notibras.com\/site\/#organization"},"potentialAction":[{"@type":"SearchAction","target":{"@type":"EntryPoint","urlTemplate":"https:\/\/www.notibras.com\/site\/?s={search_term_string}"},"query-input":{"@type":"PropertyValueSpecification","valueRequired":true,"valueName":"search_term_string"}}],"inLanguage":"pt-BR"},{"@type":"Organization","@id":"https:\/\/www.notibras.com\/site\/#organization","name":"Grupo Notibras de Comunica\u00e7\u00e3o","url":"https:\/\/www.notibras.com\/site\/","logo":{"@type":"ImageObject","inLanguage":"pt-BR","@id":"https:\/\/www.notibras.com\/site\/#\/schema\/logo\/image\/","url":"https:\/\/www.notibras.com\/site\/wp-content\/uploads\/2023\/01\/notibras23.png","contentUrl":"https:\/\/www.notibras.com\/site\/wp-content\/uploads\/2023\/01\/notibras23.png","width":350,"height":87,"caption":"Grupo Notibras de Comunica\u00e7\u00e3o"},"image":{"@id":"https:\/\/www.notibras.com\/site\/#\/schema\/logo\/image\/"},"sameAs":["https:\/\/www.facebook.com\/notibras\/","https:\/\/x.com\/Notibras","https:\/\/www.instagram.com\/notibras\/"]},{"@type":"Person","@id":"https:\/\/www.notibras.com\/site\/#\/schema\/person\/36ab0979449956132d3e5b517ea76ac8","name":"Reda\u00e7\u00e3o","image":{"@type":"ImageObject","inLanguage":"pt-BR","@id":"https:\/\/secure.gravatar.com\/avatar\/e0a867bdedb85fd243eadf09663511f96fc81e0720a4a42581f334ad4303aa6b?s=96&d=mm&r=g","url":"https:\/\/secure.gravatar.com\/avatar\/e0a867bdedb85fd243eadf09663511f96fc81e0720a4a42581f334ad4303aa6b?s=96&d=mm&r=g","contentUrl":"https:\/\/secure.gravatar.com\/avatar\/e0a867bdedb85fd243eadf09663511f96fc81e0720a4a42581f334ad4303aa6b?s=96&d=mm&r=g","caption":"Reda\u00e7\u00e3o"}}]}},"amp_enabled":true,"_links":{"self":[{"href":"https:\/\/www.notibras.com\/site\/wp-json\/wp\/v2\/posts\/123813","targetHints":{"allow":["GET"]}}],"collection":[{"href":"https:\/\/www.notibras.com\/site\/wp-json\/wp\/v2\/posts"}],"about":[{"href":"https:\/\/www.notibras.com\/site\/wp-json\/wp\/v2\/types\/post"}],"author":[{"embeddable":true,"href":"https:\/\/www.notibras.com\/site\/wp-json\/wp\/v2\/users\/2"}],"replies":[{"embeddable":true,"href":"https:\/\/www.notibras.com\/site\/wp-json\/wp\/v2\/comments?post=123813"}],"version-history":[{"count":1,"href":"https:\/\/www.notibras.com\/site\/wp-json\/wp\/v2\/posts\/123813\/revisions"}],"predecessor-version":[{"id":123815,"href":"https:\/\/www.notibras.com\/site\/wp-json\/wp\/v2\/posts\/123813\/revisions\/123815"}],"wp:featuredmedia":[{"embeddable":true,"href":"https:\/\/www.notibras.com\/site\/wp-json\/wp\/v2\/media\/123814"}],"wp:attachment":[{"href":"https:\/\/www.notibras.com\/site\/wp-json\/wp\/v2\/media?parent=123813"}],"wp:term":[{"taxonomy":"category","embeddable":true,"href":"https:\/\/www.notibras.com\/site\/wp-json\/wp\/v2\/categories?post=123813"},{"taxonomy":"post_tag","embeddable":true,"href":"https:\/\/www.notibras.com\/site\/wp-json\/wp\/v2\/tags?post=123813"}],"curies":[{"name":"wp","href":"https:\/\/api.w.org\/{rel}","templated":true}]}}