{"id":123899,"date":"2016-12-16T07:40:14","date_gmt":"2016-12-16T09:40:14","guid":{"rendered":"http:\/\/www.notibras.com\/site\/?p=123899"},"modified":"2016-12-16T08:44:09","modified_gmt":"2016-12-16T10:44:09","slug":"crise-coloca-cultura-brasileira-no-caminho-do-cemiterio","status":"publish","type":"post","link":"https:\/\/www.notibras.com\/site\/crise-coloca-cultura-brasileira-no-caminho-do-cemiterio\/","title":{"rendered":"Crise coloca cultura brasileira no caminho do cemit\u00e9rio"},"content":{"rendered":"<p><strong>Chico<\/strong> <strong>D&#8217;Angelo<\/strong><\/p>\n<p>Os desdobramentos cada vez mais surpreendentes da crise brasileira n\u00e3o podem nos fazer perder de vista o grav\u00edssimo quadro que se apresenta no campo da gest\u00e3o p\u00fablica da cultura.<\/p>\n<p>Em recente entrevista ao programa Roda Viva, da TV Cultura, o ministro Roberto Freire declarou o seguinte sobre os Pontos de Cultura: &#8220;Vamos continuar com os Pontos de Cultura, mas alerto que mudan\u00e7as ser\u00e3o feitas. Alguns pontos deixaram de ter a cultura como atividade principal e passaram a ter assembleias e confer\u00eancias para discuss\u00f5es pol\u00edticas com fins partid\u00e1rios. Queremos retomar seu papel original&#8221;.<\/p>\n<p>O ministro, como se v\u00ea, aposta na despolitiza\u00e7\u00e3o da cultura e joga no ar uma declara\u00e7\u00e3o irrespons\u00e1vel buscando criar um ambiente prop\u00edcio para a desidrata\u00e7\u00e3o dos Pontos de Cultura. Ao longo de todo o programa, Freire sequer explicou o que entende por cultura, coisa que para ele parece ser apenas sin\u00f4nimo de evento.<\/p>\n<p>Vale lembrar que ao longo da hist\u00f3ria republicana, as pol\u00edticas p\u00fablicas culturais brasileiras tradicionalmente valorizaram a &#8220;alta cultura&#8221; como a \u00fanica frente do que seria uma poss\u00edvel &#8220;cultura nacional&#8221;. Esta vis\u00e3o elitista e despolitizada s\u00f3 come\u00e7ou a mudar em um processo marcado pelo di\u00e1logo com a sociedade civil durante o minist\u00e9rio de Gilberto Gil (2003\/2008), caminhando assim para um modelo de gest\u00e3o compartilhada.<\/p>\n<p>Neste processo, os Pontos de Cultura se destacam como expoentes do protagonismo do novo modelo. Tal mudan\u00e7a parte de uma concep\u00e7\u00e3o plural de cultura e as no\u00e7\u00f5es de igualdade e totalidade, paulatinamente, d\u00e3o lugar aos conceitos de diversidade e diferen\u00e7a dentro de nossas pol\u00edticas culturais.<\/p>\n<p>A gest\u00e3o do ministro Gilberto Gil formulou uma pol\u00edtica p\u00fablica focada na diversidade cultural e no di\u00e1logo com a sociedade civil. A agenda se desvinculava da pol\u00edtica cultural determinada por &#8220;uma identidade nacional&#8221; e colocava em pauta temas como a gest\u00e3o compartilhada e a transversalidade das pol\u00edticas p\u00fablicas culturais.<\/p>\n<p>A pol\u00edtica cultural n\u00e3o pode deixar nunca de expressar aspectos essenciais da cultura popular. At\u00e9 mesmo o papel interventor do Estado se redefine neste processo, n\u00e3o mais a partir do atrasado modelo estatizante, mas na perspectiva de se encarar o poder p\u00fablico como estimulador e defensor de processos org\u00e2nicos.<\/p>\n<p>Nesta perspectiva, os Pontos de Cultura n\u00e3o devem ser constru\u00eddos pelo governo. O foco da gest\u00e3o n\u00e3o est\u00e1 na aus\u00eancia ou car\u00eancia de benef\u00edcios, mas sim em um protagonismo social a partir de um modelo de gest\u00e3o compartilhada.<\/p>\n<p>Os Pontos de Cultura s\u00e3o espa\u00e7os de manifesta\u00e7\u00f5es culturais dos grupos e localidades. No sentido mais amplo, s\u00e3o locais abertos \u00e0s manifesta\u00e7\u00f5es art\u00edsticas e culturais de uma localidade, geridos pelos pr\u00f3prios membros da comunidade, invertem a l\u00f3gica de que o governo deve criar espa\u00e7os de pr\u00e1ticas culturais e estabelecem que a fun\u00e7\u00e3o deste \u00e9 a de reconhecer espa\u00e7os que j\u00e1 s\u00e3o produtores sistem\u00e1ticos e reconhecidos de cultura.<\/p>\n<p>Ao sugerir que os Pontos de Cultura passem a ser controlados pelo minist\u00e9rio, com o argumento de que eles s\u00e3o politizados em demasia, o ministro mostra a que veio. A sua fun\u00e7\u00e3o \u00e9 desmobilizar os agentes culturais brasileiros, tirar a autonomia dos territ\u00f3rios que produzem cultura e estrangular um setor que, pelo seu perfil questionador, pode ser uma barreira ao projeto mais amplo do governo Temer: promover o desmonte das pol\u00edticas sociais e trabalhistas que arduamente o povo brasileiro conquistou.<\/p>\n","protected":false},"excerpt":{"rendered":"<p>Chico D&#8217;Angelo Os desdobramentos cada vez mais surpreendentes da crise brasileira n\u00e3o podem nos fazer perder de vista o grav\u00edssimo quadro que se apresenta no campo da gest\u00e3o p\u00fablica da cultura. Em recente entrevista ao programa Roda Viva, da TV Cultura, o ministro Roberto Freire declarou o seguinte sobre os Pontos de Cultura: &#8220;Vamos continuar [&hellip;]<\/p>\n","protected":false},"author":2,"featured_media":123941,"comment_status":"open","ping_status":"closed","sticky":false,"template":"","format":"standard","meta":{"_acf_changed":false,"footnotes":""},"categories":[25],"tags":[],"class_list":["post-123899","post","type-post","status-publish","format-standard","has-post-thumbnail","hentry","category-opina-ai"],"acf":[],"yoast_head":"<!-- This site is optimized with the Yoast SEO plugin v27.5 - https:\/\/yoast.com\/product\/yoast-seo-wordpress\/ -->\n<title>Crise coloca cultura brasileira no caminho do cemit\u00e9rio - Notibras<\/title>\n<meta name=\"robots\" content=\"index, follow, max-snippet:-1, max-image-preview:large, max-video-preview:-1\" \/>\n<link rel=\"canonical\" href=\"https:\/\/www.notibras.com\/site\/crise-coloca-cultura-brasileira-no-caminho-do-cemiterio\/\" \/>\n<meta property=\"og:locale\" content=\"pt_BR\" \/>\n<meta property=\"og:type\" content=\"article\" \/>\n<meta property=\"og:title\" content=\"Crise coloca cultura brasileira no caminho do cemit\u00e9rio - Notibras\" \/>\n<meta property=\"og:description\" content=\"Chico D&#8217;Angelo Os desdobramentos cada vez mais surpreendentes da crise brasileira n\u00e3o podem nos fazer perder de vista o grav\u00edssimo quadro que se apresenta no campo da gest\u00e3o p\u00fablica da cultura. Em recente entrevista ao programa Roda Viva, da TV Cultura, o ministro Roberto Freire declarou o seguinte sobre os Pontos de Cultura: &#8220;Vamos continuar [&hellip;]\" \/>\n<meta property=\"og:url\" content=\"https:\/\/www.notibras.com\/site\/crise-coloca-cultura-brasileira-no-caminho-do-cemiterio\/\" \/>\n<meta property=\"og:site_name\" content=\"Notibras\" \/>\n<meta property=\"article:publisher\" content=\"https:\/\/www.facebook.com\/notibras\/\" \/>\n<meta property=\"article:published_time\" content=\"2016-12-16T09:40:14+00:00\" \/>\n<meta property=\"article:modified_time\" content=\"2016-12-16T10:44:09+00:00\" \/>\n<meta property=\"og:image\" content=\"https:\/\/www.notibras.com\/site\/wp-content\/uploads\/2016\/12\/cultura-artes-e1502476626900.jpg\" \/>\n\t<meta property=\"og:image:width\" content=\"800\" \/>\n\t<meta property=\"og:image:height\" content=\"500\" \/>\n\t<meta property=\"og:image:type\" content=\"image\/jpeg\" \/>\n<meta name=\"author\" content=\"Reda\u00e7\u00e3o\" \/>\n<meta name=\"twitter:card\" content=\"summary_large_image\" \/>\n<meta name=\"twitter:creator\" content=\"@Notibras\" \/>\n<meta name=\"twitter:site\" content=\"@Notibras\" \/>\n<meta name=\"twitter:label1\" content=\"Escrito por\" \/>\n\t<meta name=\"twitter:data1\" content=\"Reda\u00e7\u00e3o\" \/>\n\t<meta name=\"twitter:label2\" content=\"Est. tempo de leitura\" \/>\n\t<meta name=\"twitter:data2\" content=\"3 minutos\" \/>\n<script type=\"application\/ld+json\" class=\"yoast-schema-graph\">{\"@context\":\"https:\\\/\\\/schema.org\",\"@graph\":[{\"@type\":\"Article\",\"@id\":\"https:\\\/\\\/www.notibras.com\\\/site\\\/crise-coloca-cultura-brasileira-no-caminho-do-cemiterio\\\/#article\",\"isPartOf\":{\"@id\":\"https:\\\/\\\/www.notibras.com\\\/site\\\/crise-coloca-cultura-brasileira-no-caminho-do-cemiterio\\\/\"},\"author\":{\"name\":\"Reda\u00e7\u00e3o\",\"@id\":\"https:\\\/\\\/www.notibras.com\\\/site\\\/#\\\/schema\\\/person\\\/36ab0979449956132d3e5b517ea76ac8\"},\"headline\":\"Crise coloca cultura brasileira no caminho do cemit\u00e9rio\",\"datePublished\":\"2016-12-16T09:40:14+00:00\",\"dateModified\":\"2016-12-16T10:44:09+00:00\",\"mainEntityOfPage\":{\"@id\":\"https:\\\/\\\/www.notibras.com\\\/site\\\/crise-coloca-cultura-brasileira-no-caminho-do-cemiterio\\\/\"},\"wordCount\":615,\"commentCount\":0,\"publisher\":{\"@id\":\"https:\\\/\\\/www.notibras.com\\\/site\\\/#organization\"},\"image\":{\"@id\":\"https:\\\/\\\/www.notibras.com\\\/site\\\/crise-coloca-cultura-brasileira-no-caminho-do-cemiterio\\\/#primaryimage\"},\"thumbnailUrl\":\"https:\\\/\\\/www.notibras.com\\\/site\\\/wp-content\\\/uploads\\\/2016\\\/12\\\/cultura-artes-e1502476626900.jpg\",\"articleSection\":[\"Opina a\u00ed\"],\"inLanguage\":\"pt-BR\",\"potentialAction\":[{\"@type\":\"CommentAction\",\"name\":\"Comment\",\"target\":[\"https:\\\/\\\/www.notibras.com\\\/site\\\/crise-coloca-cultura-brasileira-no-caminho-do-cemiterio\\\/#respond\"]}]},{\"@type\":\"WebPage\",\"@id\":\"https:\\\/\\\/www.notibras.com\\\/site\\\/crise-coloca-cultura-brasileira-no-caminho-do-cemiterio\\\/\",\"url\":\"https:\\\/\\\/www.notibras.com\\\/site\\\/crise-coloca-cultura-brasileira-no-caminho-do-cemiterio\\\/\",\"name\":\"Crise coloca cultura brasileira no caminho do cemit\u00e9rio - Notibras\",\"isPartOf\":{\"@id\":\"https:\\\/\\\/www.notibras.com\\\/site\\\/#website\"},\"primaryImageOfPage\":{\"@id\":\"https:\\\/\\\/www.notibras.com\\\/site\\\/crise-coloca-cultura-brasileira-no-caminho-do-cemiterio\\\/#primaryimage\"},\"image\":{\"@id\":\"https:\\\/\\\/www.notibras.com\\\/site\\\/crise-coloca-cultura-brasileira-no-caminho-do-cemiterio\\\/#primaryimage\"},\"thumbnailUrl\":\"https:\\\/\\\/www.notibras.com\\\/site\\\/wp-content\\\/uploads\\\/2016\\\/12\\\/cultura-artes-e1502476626900.jpg\",\"datePublished\":\"2016-12-16T09:40:14+00:00\",\"dateModified\":\"2016-12-16T10:44:09+00:00\",\"breadcrumb\":{\"@id\":\"https:\\\/\\\/www.notibras.com\\\/site\\\/crise-coloca-cultura-brasileira-no-caminho-do-cemiterio\\\/#breadcrumb\"},\"inLanguage\":\"pt-BR\",\"potentialAction\":[{\"@type\":\"ReadAction\",\"target\":[\"https:\\\/\\\/www.notibras.com\\\/site\\\/crise-coloca-cultura-brasileira-no-caminho-do-cemiterio\\\/\"]}]},{\"@type\":\"ImageObject\",\"inLanguage\":\"pt-BR\",\"@id\":\"https:\\\/\\\/www.notibras.com\\\/site\\\/crise-coloca-cultura-brasileira-no-caminho-do-cemiterio\\\/#primaryimage\",\"url\":\"https:\\\/\\\/www.notibras.com\\\/site\\\/wp-content\\\/uploads\\\/2016\\\/12\\\/cultura-artes-e1502476626900.jpg\",\"contentUrl\":\"https:\\\/\\\/www.notibras.com\\\/site\\\/wp-content\\\/uploads\\\/2016\\\/12\\\/cultura-artes-e1502476626900.jpg\",\"width\":800,\"height\":500,\"caption\":\"Foto\\\/Arquivo Notibras\"},{\"@type\":\"BreadcrumbList\",\"@id\":\"https:\\\/\\\/www.notibras.com\\\/site\\\/crise-coloca-cultura-brasileira-no-caminho-do-cemiterio\\\/#breadcrumb\",\"itemListElement\":[{\"@type\":\"ListItem\",\"position\":1,\"name\":\"In\u00edcio\",\"item\":\"https:\\\/\\\/www.notibras.com\\\/site\\\/\"},{\"@type\":\"ListItem\",\"position\":2,\"name\":\"Crise coloca cultura brasileira no caminho do cemit\u00e9rio\"}]},{\"@type\":\"WebSite\",\"@id\":\"https:\\\/\\\/www.notibras.com\\\/site\\\/#website\",\"url\":\"https:\\\/\\\/www.notibras.com\\\/site\\\/\",\"name\":\"Notibras\",\"description\":\"Not\u00edcias de Bras\u00edlia, do Brasil e do Mundo\",\"publisher\":{\"@id\":\"https:\\\/\\\/www.notibras.com\\\/site\\\/#organization\"},\"potentialAction\":[{\"@type\":\"SearchAction\",\"target\":{\"@type\":\"EntryPoint\",\"urlTemplate\":\"https:\\\/\\\/www.notibras.com\\\/site\\\/?s={search_term_string}\"},\"query-input\":{\"@type\":\"PropertyValueSpecification\",\"valueRequired\":true,\"valueName\":\"search_term_string\"}}],\"inLanguage\":\"pt-BR\"},{\"@type\":\"Organization\",\"@id\":\"https:\\\/\\\/www.notibras.com\\\/site\\\/#organization\",\"name\":\"Grupo Notibras de Comunica\u00e7\u00e3o\",\"url\":\"https:\\\/\\\/www.notibras.com\\\/site\\\/\",\"logo\":{\"@type\":\"ImageObject\",\"inLanguage\":\"pt-BR\",\"@id\":\"https:\\\/\\\/www.notibras.com\\\/site\\\/#\\\/schema\\\/logo\\\/image\\\/\",\"url\":\"https:\\\/\\\/www.notibras.com\\\/site\\\/wp-content\\\/uploads\\\/2023\\\/01\\\/notibras23.png\",\"contentUrl\":\"https:\\\/\\\/www.notibras.com\\\/site\\\/wp-content\\\/uploads\\\/2023\\\/01\\\/notibras23.png\",\"width\":350,\"height\":87,\"caption\":\"Grupo Notibras de Comunica\u00e7\u00e3o\"},\"image\":{\"@id\":\"https:\\\/\\\/www.notibras.com\\\/site\\\/#\\\/schema\\\/logo\\\/image\\\/\"},\"sameAs\":[\"https:\\\/\\\/www.facebook.com\\\/notibras\\\/\",\"https:\\\/\\\/x.com\\\/Notibras\",\"https:\\\/\\\/www.instagram.com\\\/notibras\\\/\"]},{\"@type\":\"Person\",\"@id\":\"https:\\\/\\\/www.notibras.com\\\/site\\\/#\\\/schema\\\/person\\\/36ab0979449956132d3e5b517ea76ac8\",\"name\":\"Reda\u00e7\u00e3o\",\"image\":{\"@type\":\"ImageObject\",\"inLanguage\":\"pt-BR\",\"@id\":\"https:\\\/\\\/secure.gravatar.com\\\/avatar\\\/e0a867bdedb85fd243eadf09663511f96fc81e0720a4a42581f334ad4303aa6b?s=96&d=mm&r=g\",\"url\":\"https:\\\/\\\/secure.gravatar.com\\\/avatar\\\/e0a867bdedb85fd243eadf09663511f96fc81e0720a4a42581f334ad4303aa6b?s=96&d=mm&r=g\",\"contentUrl\":\"https:\\\/\\\/secure.gravatar.com\\\/avatar\\\/e0a867bdedb85fd243eadf09663511f96fc81e0720a4a42581f334ad4303aa6b?s=96&d=mm&r=g\",\"caption\":\"Reda\u00e7\u00e3o\"}}]}<\/script>\n<!-- \/ Yoast SEO plugin. -->","yoast_head_json":{"title":"Crise coloca cultura brasileira no caminho do cemit\u00e9rio - Notibras","robots":{"index":"index","follow":"follow","max-snippet":"max-snippet:-1","max-image-preview":"max-image-preview:large","max-video-preview":"max-video-preview:-1"},"canonical":"https:\/\/www.notibras.com\/site\/crise-coloca-cultura-brasileira-no-caminho-do-cemiterio\/","og_locale":"pt_BR","og_type":"article","og_title":"Crise coloca cultura brasileira no caminho do cemit\u00e9rio - Notibras","og_description":"Chico D&#8217;Angelo Os desdobramentos cada vez mais surpreendentes da crise brasileira n\u00e3o podem nos fazer perder de vista o grav\u00edssimo quadro que se apresenta no campo da gest\u00e3o p\u00fablica da cultura. Em recente entrevista ao programa Roda Viva, da TV Cultura, o ministro Roberto Freire declarou o seguinte sobre os Pontos de Cultura: &#8220;Vamos continuar [&hellip;]","og_url":"https:\/\/www.notibras.com\/site\/crise-coloca-cultura-brasileira-no-caminho-do-cemiterio\/","og_site_name":"Notibras","article_publisher":"https:\/\/www.facebook.com\/notibras\/","article_published_time":"2016-12-16T09:40:14+00:00","article_modified_time":"2016-12-16T10:44:09+00:00","og_image":[{"width":800,"height":500,"url":"https:\/\/www.notibras.com\/site\/wp-content\/uploads\/2016\/12\/cultura-artes-e1502476626900.jpg","type":"image\/jpeg"}],"author":"Reda\u00e7\u00e3o","twitter_card":"summary_large_image","twitter_creator":"@Notibras","twitter_site":"@Notibras","twitter_misc":{"Escrito por":"Reda\u00e7\u00e3o","Est. tempo de leitura":"3 minutos"},"schema":{"@context":"https:\/\/schema.org","@graph":[{"@type":"Article","@id":"https:\/\/www.notibras.com\/site\/crise-coloca-cultura-brasileira-no-caminho-do-cemiterio\/#article","isPartOf":{"@id":"https:\/\/www.notibras.com\/site\/crise-coloca-cultura-brasileira-no-caminho-do-cemiterio\/"},"author":{"name":"Reda\u00e7\u00e3o","@id":"https:\/\/www.notibras.com\/site\/#\/schema\/person\/36ab0979449956132d3e5b517ea76ac8"},"headline":"Crise coloca cultura brasileira no caminho do cemit\u00e9rio","datePublished":"2016-12-16T09:40:14+00:00","dateModified":"2016-12-16T10:44:09+00:00","mainEntityOfPage":{"@id":"https:\/\/www.notibras.com\/site\/crise-coloca-cultura-brasileira-no-caminho-do-cemiterio\/"},"wordCount":615,"commentCount":0,"publisher":{"@id":"https:\/\/www.notibras.com\/site\/#organization"},"image":{"@id":"https:\/\/www.notibras.com\/site\/crise-coloca-cultura-brasileira-no-caminho-do-cemiterio\/#primaryimage"},"thumbnailUrl":"https:\/\/www.notibras.com\/site\/wp-content\/uploads\/2016\/12\/cultura-artes-e1502476626900.jpg","articleSection":["Opina a\u00ed"],"inLanguage":"pt-BR","potentialAction":[{"@type":"CommentAction","name":"Comment","target":["https:\/\/www.notibras.com\/site\/crise-coloca-cultura-brasileira-no-caminho-do-cemiterio\/#respond"]}]},{"@type":"WebPage","@id":"https:\/\/www.notibras.com\/site\/crise-coloca-cultura-brasileira-no-caminho-do-cemiterio\/","url":"https:\/\/www.notibras.com\/site\/crise-coloca-cultura-brasileira-no-caminho-do-cemiterio\/","name":"Crise coloca cultura brasileira no caminho do cemit\u00e9rio - Notibras","isPartOf":{"@id":"https:\/\/www.notibras.com\/site\/#website"},"primaryImageOfPage":{"@id":"https:\/\/www.notibras.com\/site\/crise-coloca-cultura-brasileira-no-caminho-do-cemiterio\/#primaryimage"},"image":{"@id":"https:\/\/www.notibras.com\/site\/crise-coloca-cultura-brasileira-no-caminho-do-cemiterio\/#primaryimage"},"thumbnailUrl":"https:\/\/www.notibras.com\/site\/wp-content\/uploads\/2016\/12\/cultura-artes-e1502476626900.jpg","datePublished":"2016-12-16T09:40:14+00:00","dateModified":"2016-12-16T10:44:09+00:00","breadcrumb":{"@id":"https:\/\/www.notibras.com\/site\/crise-coloca-cultura-brasileira-no-caminho-do-cemiterio\/#breadcrumb"},"inLanguage":"pt-BR","potentialAction":[{"@type":"ReadAction","target":["https:\/\/www.notibras.com\/site\/crise-coloca-cultura-brasileira-no-caminho-do-cemiterio\/"]}]},{"@type":"ImageObject","inLanguage":"pt-BR","@id":"https:\/\/www.notibras.com\/site\/crise-coloca-cultura-brasileira-no-caminho-do-cemiterio\/#primaryimage","url":"https:\/\/www.notibras.com\/site\/wp-content\/uploads\/2016\/12\/cultura-artes-e1502476626900.jpg","contentUrl":"https:\/\/www.notibras.com\/site\/wp-content\/uploads\/2016\/12\/cultura-artes-e1502476626900.jpg","width":800,"height":500,"caption":"Foto\/Arquivo Notibras"},{"@type":"BreadcrumbList","@id":"https:\/\/www.notibras.com\/site\/crise-coloca-cultura-brasileira-no-caminho-do-cemiterio\/#breadcrumb","itemListElement":[{"@type":"ListItem","position":1,"name":"In\u00edcio","item":"https:\/\/www.notibras.com\/site\/"},{"@type":"ListItem","position":2,"name":"Crise coloca cultura brasileira no caminho do cemit\u00e9rio"}]},{"@type":"WebSite","@id":"https:\/\/www.notibras.com\/site\/#website","url":"https:\/\/www.notibras.com\/site\/","name":"Notibras","description":"Not\u00edcias de Bras\u00edlia, do Brasil e do Mundo","publisher":{"@id":"https:\/\/www.notibras.com\/site\/#organization"},"potentialAction":[{"@type":"SearchAction","target":{"@type":"EntryPoint","urlTemplate":"https:\/\/www.notibras.com\/site\/?s={search_term_string}"},"query-input":{"@type":"PropertyValueSpecification","valueRequired":true,"valueName":"search_term_string"}}],"inLanguage":"pt-BR"},{"@type":"Organization","@id":"https:\/\/www.notibras.com\/site\/#organization","name":"Grupo Notibras de Comunica\u00e7\u00e3o","url":"https:\/\/www.notibras.com\/site\/","logo":{"@type":"ImageObject","inLanguage":"pt-BR","@id":"https:\/\/www.notibras.com\/site\/#\/schema\/logo\/image\/","url":"https:\/\/www.notibras.com\/site\/wp-content\/uploads\/2023\/01\/notibras23.png","contentUrl":"https:\/\/www.notibras.com\/site\/wp-content\/uploads\/2023\/01\/notibras23.png","width":350,"height":87,"caption":"Grupo Notibras de Comunica\u00e7\u00e3o"},"image":{"@id":"https:\/\/www.notibras.com\/site\/#\/schema\/logo\/image\/"},"sameAs":["https:\/\/www.facebook.com\/notibras\/","https:\/\/x.com\/Notibras","https:\/\/www.instagram.com\/notibras\/"]},{"@type":"Person","@id":"https:\/\/www.notibras.com\/site\/#\/schema\/person\/36ab0979449956132d3e5b517ea76ac8","name":"Reda\u00e7\u00e3o","image":{"@type":"ImageObject","inLanguage":"pt-BR","@id":"https:\/\/secure.gravatar.com\/avatar\/e0a867bdedb85fd243eadf09663511f96fc81e0720a4a42581f334ad4303aa6b?s=96&d=mm&r=g","url":"https:\/\/secure.gravatar.com\/avatar\/e0a867bdedb85fd243eadf09663511f96fc81e0720a4a42581f334ad4303aa6b?s=96&d=mm&r=g","contentUrl":"https:\/\/secure.gravatar.com\/avatar\/e0a867bdedb85fd243eadf09663511f96fc81e0720a4a42581f334ad4303aa6b?s=96&d=mm&r=g","caption":"Reda\u00e7\u00e3o"}}]}},"amp_enabled":true,"_links":{"self":[{"href":"https:\/\/www.notibras.com\/site\/wp-json\/wp\/v2\/posts\/123899","targetHints":{"allow":["GET"]}}],"collection":[{"href":"https:\/\/www.notibras.com\/site\/wp-json\/wp\/v2\/posts"}],"about":[{"href":"https:\/\/www.notibras.com\/site\/wp-json\/wp\/v2\/types\/post"}],"author":[{"embeddable":true,"href":"https:\/\/www.notibras.com\/site\/wp-json\/wp\/v2\/users\/2"}],"replies":[{"embeddable":true,"href":"https:\/\/www.notibras.com\/site\/wp-json\/wp\/v2\/comments?post=123899"}],"version-history":[{"count":1,"href":"https:\/\/www.notibras.com\/site\/wp-json\/wp\/v2\/posts\/123899\/revisions"}],"predecessor-version":[{"id":123901,"href":"https:\/\/www.notibras.com\/site\/wp-json\/wp\/v2\/posts\/123899\/revisions\/123901"}],"wp:featuredmedia":[{"embeddable":true,"href":"https:\/\/www.notibras.com\/site\/wp-json\/wp\/v2\/media\/123941"}],"wp:attachment":[{"href":"https:\/\/www.notibras.com\/site\/wp-json\/wp\/v2\/media?parent=123899"}],"wp:term":[{"taxonomy":"category","embeddable":true,"href":"https:\/\/www.notibras.com\/site\/wp-json\/wp\/v2\/categories?post=123899"},{"taxonomy":"post_tag","embeddable":true,"href":"https:\/\/www.notibras.com\/site\/wp-json\/wp\/v2\/tags?post=123899"}],"curies":[{"name":"wp","href":"https:\/\/api.w.org\/{rel}","templated":true}]}}