{"id":1239,"date":"2014-02-11T15:56:25","date_gmt":"2014-02-11T18:56:25","guid":{"rendered":"http:\/\/www.notibras.com\/site\/?p=1239"},"modified":"2014-02-11T21:08:23","modified_gmt":"2014-02-12T00:08:23","slug":"bruna-marquezine-descarta-em-familia-e-manda-neymar-para-escanteio","status":"publish","type":"post","link":"https:\/\/www.notibras.com\/site\/bruna-marquezine-descarta-em-familia-e-manda-neymar-para-escanteio\/","title":{"rendered":"Marquezine descarta &#8216;Em fam\u00edlia&#8217; e manda Neymar para escanteio"},"content":{"rendered":"<p>A vida real tem coisas que vira e mexe v\u00e3o parar nas telinhas. \u00c9 o caso do casal Bruna Marquezine e Neymar. Os astros (ela, da televis\u00e3o; ele, da bola) decidiram acabar um namoro que se arrastava h\u00e1 um ano. O fim do romance foi confirmado pela Assessoria de Imprensa da atriz nesta ter\u00e7a-feira (11).<\/p>\n<p>A rela\u00e7\u00e3o n\u00e3o teria resistido \u00e0 dist\u00e2ncia, j\u00e1 que desde junho de 2013 o jogador mora na Espanha, onde atua como atacante do Barcelona.<\/p>\n<p>Os dois assumiram que estavam juntos no Carnaval do ano passado. Na ocasi\u00e3o, no Camarote Brahma, Neymar confirmou o namoro e pediu que os jornalistas os deixassem curtir a folia em paz depois da not\u00edcia. Bruna tamb\u00e9m n\u00e3o despistou e disse que estava feliz pela rela\u00e7\u00e3o e tamb\u00e9m pela presen\u00e7a do namorado da Sapuca\u00ed, minutos antes de entrar na avenida com a Grande Rio.<\/p>\n<p>Mais cedo, Marquezine, que est\u00e1 no ar na novela Em Fam\u00edlia, deletou de seu perfil no Instagram uma foto que postou com Neymar no dia do anivers\u00e1rio dele, 5 de fevereiro. Al\u00e9m da imagem, em que os dois aparecem juntos e sorrindo, ela deletou a declara\u00e7\u00e3o que escreveu.<\/p>\n<p>Neymar, por sua vez, tamb\u00e9m deixou os f\u00e3s curiosos ao postar a letra da m\u00fasica T\u00e1 Escrito, do grupo Revela\u00e7\u00e3o.<\/p>\n<p><em>&#8220;Quem cultiva a semente do amor Segue em frente n\u00e3o se apavora \/Se na vida encontrar dissabor \/Vai saber esperar sua hora \/\u00c0s vezes a felicidade demora a chegar \/A\u00ed \u00e9 que a gente n\u00e3o pode deixar de sonhar\/ Guerreiro n\u00e3o foge da luta e n\u00e3o pode correr Ningu\u00e9m vai poder atrasar quem nasceu pra vencer \/\u00c9 dia de sol mas o tempo pode fechar \/A chuva s\u00f3 vem quando tem que molhar Na vida \u00e9 preciso aprender se colhe o bem que plantar \/\u00c9 Deus quem aponta a estrela que tem que brilhar \/Erga essa cabe\u00e7a mete o p\u00e9 e vai na f\u00e9 \/Manda essa tristeza embora \/Pode acreditar que um novo dia vai raiar Sua hora vai chegar&#8221;,<\/em> publicou o atleta no Instagram.<\/p>\n<p>No \u00faltimo dia 5, por ocasi\u00e3o do anivers\u00e1rio de Neymar, Marquezine postou no Instagram a seguinte mensagem: <em>&#8220;Queria muito estar com voc\u00ea a\u00ed, fisicamente, te enchendo de beijo, mas meu cora\u00e7\u00e3o est\u00e1 a\u00ed! Aproveita muito seu dia! Eu amo voc\u00ea preto! T\u00f4 com muita saudade. O resto eu j\u00e1 te disse! Feliz anivers\u00e1rio&#8221;.<\/em><\/p>\n","protected":false},"excerpt":{"rendered":"<p>A vida real tem coisas que vira e mexe v\u00e3o parar nas telinhas. \u00c9 o caso do casal Bruna Marquezine e Neymar. Os astros (ela, da televis\u00e3o; ele, da bola) decidiram acabar um namoro que se arrastava h\u00e1 um ano. O fim do romance foi confirmado pela Assessoria de Imprensa da atriz nesta ter\u00e7a-feira (11). [&hellip;]<\/p>\n","protected":false},"author":2,"featured_media":1240,"comment_status":"open","ping_status":"closed","sticky":false,"template":"","format":"standard","meta":{"_acf_changed":false,"footnotes":""},"categories":[16],"tags":[],"class_list":["post-1239","post","type-post","status-publish","format-standard","has-post-thumbnail","hentry","category-brasil"],"acf":[],"yoast_head":"<!-- This site is optimized with the Yoast SEO plugin v27.2 - https:\/\/yoast.com\/product\/yoast-seo-wordpress\/ -->\n<title>Marquezine descarta &#039;Em fam\u00edlia&#039; e manda Neymar para escanteio - Notibras<\/title>\n<meta name=\"robots\" content=\"index, follow, max-snippet:-1, max-image-preview:large, max-video-preview:-1\" \/>\n<link rel=\"canonical\" href=\"https:\/\/www.notibras.com\/site\/bruna-marquezine-descarta-em-familia-e-manda-neymar-para-escanteio\/\" \/>\n<meta property=\"og:locale\" content=\"pt_BR\" \/>\n<meta property=\"og:type\" content=\"article\" \/>\n<meta property=\"og:title\" content=\"Marquezine descarta &#039;Em fam\u00edlia&#039; e manda Neymar para escanteio - Notibras\" \/>\n<meta property=\"og:description\" content=\"A vida real tem coisas que vira e mexe v\u00e3o parar nas telinhas. \u00c9 o caso do casal Bruna Marquezine e Neymar. Os astros (ela, da televis\u00e3o; ele, da bola) decidiram acabar um namoro que se arrastava h\u00e1 um ano. O fim do romance foi confirmado pela Assessoria de Imprensa da atriz nesta ter\u00e7a-feira (11). [&hellip;]\" \/>\n<meta property=\"og:url\" content=\"https:\/\/www.notibras.com\/site\/bruna-marquezine-descarta-em-familia-e-manda-neymar-para-escanteio\/\" \/>\n<meta property=\"og:site_name\" content=\"Notibras\" \/>\n<meta property=\"article:publisher\" content=\"https:\/\/www.facebook.com\/notibras\/\" \/>\n<meta property=\"article:published_time\" content=\"2014-02-11T18:56:25+00:00\" \/>\n<meta property=\"article:modified_time\" content=\"2014-02-12T00:08:23+00:00\" \/>\n<meta property=\"og:image\" content=\"https:\/\/www.notibras.com\/site\/wp-content\/uploads\/2014\/02\/bruna-neymar-fantasia-frente-15012014.jpg\" \/>\n\t<meta property=\"og:image:width\" content=\"619\" \/>\n\t<meta property=\"og:image:height\" content=\"464\" \/>\n\t<meta property=\"og:image:type\" content=\"image\/jpeg\" \/>\n<meta name=\"author\" content=\"Reda\u00e7\u00e3o\" \/>\n<meta name=\"twitter:card\" content=\"summary_large_image\" \/>\n<meta name=\"twitter:creator\" content=\"@Notibras\" \/>\n<meta name=\"twitter:site\" content=\"@Notibras\" \/>\n<meta name=\"twitter:label1\" content=\"Escrito por\" \/>\n\t<meta name=\"twitter:data1\" content=\"Reda\u00e7\u00e3o\" \/>\n\t<meta name=\"twitter:label2\" content=\"Est. tempo de leitura\" \/>\n\t<meta name=\"twitter:data2\" content=\"2 minutos\" \/>\n<script type=\"application\/ld+json\" class=\"yoast-schema-graph\">{\"@context\":\"https:\/\/schema.org\",\"@graph\":[{\"@type\":\"Article\",\"@id\":\"https:\/\/www.notibras.com\/site\/bruna-marquezine-descarta-em-familia-e-manda-neymar-para-escanteio\/#article\",\"isPartOf\":{\"@id\":\"https:\/\/www.notibras.com\/site\/bruna-marquezine-descarta-em-familia-e-manda-neymar-para-escanteio\/\"},\"author\":{\"name\":\"Reda\u00e7\u00e3o\",\"@id\":\"https:\/\/www.notibras.com\/site\/#\/schema\/person\/36ab0979449956132d3e5b517ea76ac8\"},\"headline\":\"Marquezine descarta &#8216;Em fam\u00edlia&#8217; e manda Neymar para escanteio\",\"datePublished\":\"2014-02-11T18:56:25+00:00\",\"dateModified\":\"2014-02-12T00:08:23+00:00\",\"mainEntityOfPage\":{\"@id\":\"https:\/\/www.notibras.com\/site\/bruna-marquezine-descarta-em-familia-e-manda-neymar-para-escanteio\/\"},\"wordCount\":420,\"commentCount\":0,\"publisher\":{\"@id\":\"https:\/\/www.notibras.com\/site\/#organization\"},\"image\":{\"@id\":\"https:\/\/www.notibras.com\/site\/bruna-marquezine-descarta-em-familia-e-manda-neymar-para-escanteio\/#primaryimage\"},\"thumbnailUrl\":\"https:\/\/www.notibras.com\/site\/wp-content\/uploads\/2014\/02\/bruna-neymar-fantasia-frente-15012014.jpg\",\"articleSection\":[\"Brasil\"],\"inLanguage\":\"pt-BR\",\"potentialAction\":[{\"@type\":\"CommentAction\",\"name\":\"Comment\",\"target\":[\"https:\/\/www.notibras.com\/site\/bruna-marquezine-descarta-em-familia-e-manda-neymar-para-escanteio\/#respond\"]}]},{\"@type\":\"WebPage\",\"@id\":\"https:\/\/www.notibras.com\/site\/bruna-marquezine-descarta-em-familia-e-manda-neymar-para-escanteio\/\",\"url\":\"https:\/\/www.notibras.com\/site\/bruna-marquezine-descarta-em-familia-e-manda-neymar-para-escanteio\/\",\"name\":\"Marquezine descarta 'Em fam\u00edlia' e manda Neymar para escanteio - Notibras\",\"isPartOf\":{\"@id\":\"https:\/\/www.notibras.com\/site\/#website\"},\"primaryImageOfPage\":{\"@id\":\"https:\/\/www.notibras.com\/site\/bruna-marquezine-descarta-em-familia-e-manda-neymar-para-escanteio\/#primaryimage\"},\"image\":{\"@id\":\"https:\/\/www.notibras.com\/site\/bruna-marquezine-descarta-em-familia-e-manda-neymar-para-escanteio\/#primaryimage\"},\"thumbnailUrl\":\"https:\/\/www.notibras.com\/site\/wp-content\/uploads\/2014\/02\/bruna-neymar-fantasia-frente-15012014.jpg\",\"datePublished\":\"2014-02-11T18:56:25+00:00\",\"dateModified\":\"2014-02-12T00:08:23+00:00\",\"breadcrumb\":{\"@id\":\"https:\/\/www.notibras.com\/site\/bruna-marquezine-descarta-em-familia-e-manda-neymar-para-escanteio\/#breadcrumb\"},\"inLanguage\":\"pt-BR\",\"potentialAction\":[{\"@type\":\"ReadAction\",\"target\":[\"https:\/\/www.notibras.com\/site\/bruna-marquezine-descarta-em-familia-e-manda-neymar-para-escanteio\/\"]}]},{\"@type\":\"ImageObject\",\"inLanguage\":\"pt-BR\",\"@id\":\"https:\/\/www.notibras.com\/site\/bruna-marquezine-descarta-em-familia-e-manda-neymar-para-escanteio\/#primaryimage\",\"url\":\"https:\/\/www.notibras.com\/site\/wp-content\/uploads\/2014\/02\/bruna-neymar-fantasia-frente-15012014.jpg\",\"contentUrl\":\"https:\/\/www.notibras.com\/site\/wp-content\/uploads\/2014\/02\/bruna-neymar-fantasia-frente-15012014.jpg\",\"width\":619,\"height\":464},{\"@type\":\"BreadcrumbList\",\"@id\":\"https:\/\/www.notibras.com\/site\/bruna-marquezine-descarta-em-familia-e-manda-neymar-para-escanteio\/#breadcrumb\",\"itemListElement\":[{\"@type\":\"ListItem\",\"position\":1,\"name\":\"In\u00edcio\",\"item\":\"https:\/\/www.notibras.com\/site\/\"},{\"@type\":\"ListItem\",\"position\":2,\"name\":\"Marquezine descarta &#8216;Em fam\u00edlia&#8217; e manda Neymar para escanteio\"}]},{\"@type\":\"WebSite\",\"@id\":\"https:\/\/www.notibras.com\/site\/#website\",\"url\":\"https:\/\/www.notibras.com\/site\/\",\"name\":\"Notibras\",\"description\":\"Not\u00edcias de Bras\u00edlia, do Brasil e do Mundo\",\"publisher\":{\"@id\":\"https:\/\/www.notibras.com\/site\/#organization\"},\"potentialAction\":[{\"@type\":\"SearchAction\",\"target\":{\"@type\":\"EntryPoint\",\"urlTemplate\":\"https:\/\/www.notibras.com\/site\/?s={search_term_string}\"},\"query-input\":{\"@type\":\"PropertyValueSpecification\",\"valueRequired\":true,\"valueName\":\"search_term_string\"}}],\"inLanguage\":\"pt-BR\"},{\"@type\":\"Organization\",\"@id\":\"https:\/\/www.notibras.com\/site\/#organization\",\"name\":\"Grupo Notibras de Comunica\u00e7\u00e3o\",\"url\":\"https:\/\/www.notibras.com\/site\/\",\"logo\":{\"@type\":\"ImageObject\",\"inLanguage\":\"pt-BR\",\"@id\":\"https:\/\/www.notibras.com\/site\/#\/schema\/logo\/image\/\",\"url\":\"https:\/\/www.notibras.com\/site\/wp-content\/uploads\/2023\/01\/notibras23.png\",\"contentUrl\":\"https:\/\/www.notibras.com\/site\/wp-content\/uploads\/2023\/01\/notibras23.png\",\"width\":350,\"height\":87,\"caption\":\"Grupo Notibras de Comunica\u00e7\u00e3o\"},\"image\":{\"@id\":\"https:\/\/www.notibras.com\/site\/#\/schema\/logo\/image\/\"},\"sameAs\":[\"https:\/\/www.facebook.com\/notibras\/\",\"https:\/\/x.com\/Notibras\",\"https:\/\/www.instagram.com\/notibras\/\"]},{\"@type\":\"Person\",\"@id\":\"https:\/\/www.notibras.com\/site\/#\/schema\/person\/36ab0979449956132d3e5b517ea76ac8\",\"name\":\"Reda\u00e7\u00e3o\",\"image\":{\"@type\":\"ImageObject\",\"inLanguage\":\"pt-BR\",\"@id\":\"https:\/\/secure.gravatar.com\/avatar\/e0a867bdedb85fd243eadf09663511f96fc81e0720a4a42581f334ad4303aa6b?s=96&d=mm&r=g\",\"url\":\"https:\/\/secure.gravatar.com\/avatar\/e0a867bdedb85fd243eadf09663511f96fc81e0720a4a42581f334ad4303aa6b?s=96&d=mm&r=g\",\"contentUrl\":\"https:\/\/secure.gravatar.com\/avatar\/e0a867bdedb85fd243eadf09663511f96fc81e0720a4a42581f334ad4303aa6b?s=96&d=mm&r=g\",\"caption\":\"Reda\u00e7\u00e3o\"}}]}<\/script>\n<!-- \/ Yoast SEO plugin. -->","yoast_head_json":{"title":"Marquezine descarta 'Em fam\u00edlia' e manda Neymar para escanteio - Notibras","robots":{"index":"index","follow":"follow","max-snippet":"max-snippet:-1","max-image-preview":"max-image-preview:large","max-video-preview":"max-video-preview:-1"},"canonical":"https:\/\/www.notibras.com\/site\/bruna-marquezine-descarta-em-familia-e-manda-neymar-para-escanteio\/","og_locale":"pt_BR","og_type":"article","og_title":"Marquezine descarta 'Em fam\u00edlia' e manda Neymar para escanteio - Notibras","og_description":"A vida real tem coisas que vira e mexe v\u00e3o parar nas telinhas. \u00c9 o caso do casal Bruna Marquezine e Neymar. Os astros (ela, da televis\u00e3o; ele, da bola) decidiram acabar um namoro que se arrastava h\u00e1 um ano. O fim do romance foi confirmado pela Assessoria de Imprensa da atriz nesta ter\u00e7a-feira (11). [&hellip;]","og_url":"https:\/\/www.notibras.com\/site\/bruna-marquezine-descarta-em-familia-e-manda-neymar-para-escanteio\/","og_site_name":"Notibras","article_publisher":"https:\/\/www.facebook.com\/notibras\/","article_published_time":"2014-02-11T18:56:25+00:00","article_modified_time":"2014-02-12T00:08:23+00:00","og_image":[{"width":619,"height":464,"url":"https:\/\/www.notibras.com\/site\/wp-content\/uploads\/2014\/02\/bruna-neymar-fantasia-frente-15012014.jpg","type":"image\/jpeg"}],"author":"Reda\u00e7\u00e3o","twitter_card":"summary_large_image","twitter_creator":"@Notibras","twitter_site":"@Notibras","twitter_misc":{"Escrito por":"Reda\u00e7\u00e3o","Est. tempo de leitura":"2 minutos"},"schema":{"@context":"https:\/\/schema.org","@graph":[{"@type":"Article","@id":"https:\/\/www.notibras.com\/site\/bruna-marquezine-descarta-em-familia-e-manda-neymar-para-escanteio\/#article","isPartOf":{"@id":"https:\/\/www.notibras.com\/site\/bruna-marquezine-descarta-em-familia-e-manda-neymar-para-escanteio\/"},"author":{"name":"Reda\u00e7\u00e3o","@id":"https:\/\/www.notibras.com\/site\/#\/schema\/person\/36ab0979449956132d3e5b517ea76ac8"},"headline":"Marquezine descarta &#8216;Em fam\u00edlia&#8217; e manda Neymar para escanteio","datePublished":"2014-02-11T18:56:25+00:00","dateModified":"2014-02-12T00:08:23+00:00","mainEntityOfPage":{"@id":"https:\/\/www.notibras.com\/site\/bruna-marquezine-descarta-em-familia-e-manda-neymar-para-escanteio\/"},"wordCount":420,"commentCount":0,"publisher":{"@id":"https:\/\/www.notibras.com\/site\/#organization"},"image":{"@id":"https:\/\/www.notibras.com\/site\/bruna-marquezine-descarta-em-familia-e-manda-neymar-para-escanteio\/#primaryimage"},"thumbnailUrl":"https:\/\/www.notibras.com\/site\/wp-content\/uploads\/2014\/02\/bruna-neymar-fantasia-frente-15012014.jpg","articleSection":["Brasil"],"inLanguage":"pt-BR","potentialAction":[{"@type":"CommentAction","name":"Comment","target":["https:\/\/www.notibras.com\/site\/bruna-marquezine-descarta-em-familia-e-manda-neymar-para-escanteio\/#respond"]}]},{"@type":"WebPage","@id":"https:\/\/www.notibras.com\/site\/bruna-marquezine-descarta-em-familia-e-manda-neymar-para-escanteio\/","url":"https:\/\/www.notibras.com\/site\/bruna-marquezine-descarta-em-familia-e-manda-neymar-para-escanteio\/","name":"Marquezine descarta 'Em fam\u00edlia' e manda Neymar para escanteio - Notibras","isPartOf":{"@id":"https:\/\/www.notibras.com\/site\/#website"},"primaryImageOfPage":{"@id":"https:\/\/www.notibras.com\/site\/bruna-marquezine-descarta-em-familia-e-manda-neymar-para-escanteio\/#primaryimage"},"image":{"@id":"https:\/\/www.notibras.com\/site\/bruna-marquezine-descarta-em-familia-e-manda-neymar-para-escanteio\/#primaryimage"},"thumbnailUrl":"https:\/\/www.notibras.com\/site\/wp-content\/uploads\/2014\/02\/bruna-neymar-fantasia-frente-15012014.jpg","datePublished":"2014-02-11T18:56:25+00:00","dateModified":"2014-02-12T00:08:23+00:00","breadcrumb":{"@id":"https:\/\/www.notibras.com\/site\/bruna-marquezine-descarta-em-familia-e-manda-neymar-para-escanteio\/#breadcrumb"},"inLanguage":"pt-BR","potentialAction":[{"@type":"ReadAction","target":["https:\/\/www.notibras.com\/site\/bruna-marquezine-descarta-em-familia-e-manda-neymar-para-escanteio\/"]}]},{"@type":"ImageObject","inLanguage":"pt-BR","@id":"https:\/\/www.notibras.com\/site\/bruna-marquezine-descarta-em-familia-e-manda-neymar-para-escanteio\/#primaryimage","url":"https:\/\/www.notibras.com\/site\/wp-content\/uploads\/2014\/02\/bruna-neymar-fantasia-frente-15012014.jpg","contentUrl":"https:\/\/www.notibras.com\/site\/wp-content\/uploads\/2014\/02\/bruna-neymar-fantasia-frente-15012014.jpg","width":619,"height":464},{"@type":"BreadcrumbList","@id":"https:\/\/www.notibras.com\/site\/bruna-marquezine-descarta-em-familia-e-manda-neymar-para-escanteio\/#breadcrumb","itemListElement":[{"@type":"ListItem","position":1,"name":"In\u00edcio","item":"https:\/\/www.notibras.com\/site\/"},{"@type":"ListItem","position":2,"name":"Marquezine descarta &#8216;Em fam\u00edlia&#8217; e manda Neymar para escanteio"}]},{"@type":"WebSite","@id":"https:\/\/www.notibras.com\/site\/#website","url":"https:\/\/www.notibras.com\/site\/","name":"Notibras","description":"Not\u00edcias de Bras\u00edlia, do Brasil e do Mundo","publisher":{"@id":"https:\/\/www.notibras.com\/site\/#organization"},"potentialAction":[{"@type":"SearchAction","target":{"@type":"EntryPoint","urlTemplate":"https:\/\/www.notibras.com\/site\/?s={search_term_string}"},"query-input":{"@type":"PropertyValueSpecification","valueRequired":true,"valueName":"search_term_string"}}],"inLanguage":"pt-BR"},{"@type":"Organization","@id":"https:\/\/www.notibras.com\/site\/#organization","name":"Grupo Notibras de Comunica\u00e7\u00e3o","url":"https:\/\/www.notibras.com\/site\/","logo":{"@type":"ImageObject","inLanguage":"pt-BR","@id":"https:\/\/www.notibras.com\/site\/#\/schema\/logo\/image\/","url":"https:\/\/www.notibras.com\/site\/wp-content\/uploads\/2023\/01\/notibras23.png","contentUrl":"https:\/\/www.notibras.com\/site\/wp-content\/uploads\/2023\/01\/notibras23.png","width":350,"height":87,"caption":"Grupo Notibras de Comunica\u00e7\u00e3o"},"image":{"@id":"https:\/\/www.notibras.com\/site\/#\/schema\/logo\/image\/"},"sameAs":["https:\/\/www.facebook.com\/notibras\/","https:\/\/x.com\/Notibras","https:\/\/www.instagram.com\/notibras\/"]},{"@type":"Person","@id":"https:\/\/www.notibras.com\/site\/#\/schema\/person\/36ab0979449956132d3e5b517ea76ac8","name":"Reda\u00e7\u00e3o","image":{"@type":"ImageObject","inLanguage":"pt-BR","@id":"https:\/\/secure.gravatar.com\/avatar\/e0a867bdedb85fd243eadf09663511f96fc81e0720a4a42581f334ad4303aa6b?s=96&d=mm&r=g","url":"https:\/\/secure.gravatar.com\/avatar\/e0a867bdedb85fd243eadf09663511f96fc81e0720a4a42581f334ad4303aa6b?s=96&d=mm&r=g","contentUrl":"https:\/\/secure.gravatar.com\/avatar\/e0a867bdedb85fd243eadf09663511f96fc81e0720a4a42581f334ad4303aa6b?s=96&d=mm&r=g","caption":"Reda\u00e7\u00e3o"}}]}},"amp_enabled":true,"_links":{"self":[{"href":"https:\/\/www.notibras.com\/site\/wp-json\/wp\/v2\/posts\/1239","targetHints":{"allow":["GET"]}}],"collection":[{"href":"https:\/\/www.notibras.com\/site\/wp-json\/wp\/v2\/posts"}],"about":[{"href":"https:\/\/www.notibras.com\/site\/wp-json\/wp\/v2\/types\/post"}],"author":[{"embeddable":true,"href":"https:\/\/www.notibras.com\/site\/wp-json\/wp\/v2\/users\/2"}],"replies":[{"embeddable":true,"href":"https:\/\/www.notibras.com\/site\/wp-json\/wp\/v2\/comments?post=1239"}],"version-history":[{"count":0,"href":"https:\/\/www.notibras.com\/site\/wp-json\/wp\/v2\/posts\/1239\/revisions"}],"wp:featuredmedia":[{"embeddable":true,"href":"https:\/\/www.notibras.com\/site\/wp-json\/wp\/v2\/media\/1240"}],"wp:attachment":[{"href":"https:\/\/www.notibras.com\/site\/wp-json\/wp\/v2\/media?parent=1239"}],"wp:term":[{"taxonomy":"category","embeddable":true,"href":"https:\/\/www.notibras.com\/site\/wp-json\/wp\/v2\/categories?post=1239"},{"taxonomy":"post_tag","embeddable":true,"href":"https:\/\/www.notibras.com\/site\/wp-json\/wp\/v2\/tags?post=1239"}],"curies":[{"name":"wp","href":"https:\/\/api.w.org\/{rel}","templated":true}]}}