{"id":12413,"date":"2014-06-05T09:31:53","date_gmt":"2014-06-05T12:31:53","guid":{"rendered":"http:\/\/www.notibras.com\/site\/?p=12413"},"modified":"2014-06-05T15:31:43","modified_gmt":"2014-06-05T18:31:43","slug":"inflacao-mostra-lado-resistente-mas-governo-promete-um-nocaute","status":"publish","type":"post","link":"https:\/\/www.notibras.com\/site\/inflacao-mostra-lado-resistente-mas-governo-promete-um-nocaute\/","title":{"rendered":"Infla\u00e7\u00e3o mostra lado resistente mas governo promete um nocaute"},"content":{"rendered":"<p>O Comit\u00ea de Pol\u00edtica Monet\u00e1ria (Copom) do Banco Central (BC) considera que a infla\u00e7\u00e3o ainda mostra resist\u00eancia, mas avalia que os efeitos da eleva\u00e7\u00e3o da taxa b\u00e1sica de juros, a Selic, ainda v\u00e3o se materializar.<\/p>\n<p>O Copom aumentou a Selic por nove vezes seguidas, at\u00e9 a reuni\u00e3o de abril e, no m\u00eas passado, optou por manter a taxa em 11% ao ano. O \u00edndice \u00e9 usado nas negocia\u00e7\u00f5es de t\u00edtulos p\u00fablicos no Sistema Especial de Liquida\u00e7\u00e3o e Cust\u00f3dia (Selic) e serve de refer\u00eancia para as demais taxas de juros da economia.<\/p>\n<blockquote><p>Quando o Copom aumenta a Selic, o objetivo \u00e9 conter a demanda aquecida, e isso gera reflexos nos pre\u00e7os, porque os juros mais altos encarecem o cr\u00e9dito e estimulam a poupan\u00e7a. Quando o Copom reduz os juros b\u00e1sicos, a tend\u00eancia \u00e9 que o cr\u00e9dito fique mais barato, com incentivo \u00e0 produ\u00e7\u00e3o e ao consumo, mas a medida alivia o controle sobre a infla\u00e7\u00e3o. Ao manter a Selic, o comit\u00ea indica que considera que as eleva\u00e7\u00f5es anteriores foram suficientes para gerar os efeitos esperados sobre a infla\u00e7\u00e3o.<\/p><\/blockquote>\n<p>O BC tem que encontrar equil\u00edbrio ao tomar decis\u00f5es sobre a taxa b\u00e1sica de juros, de modo a fazer com que a infla\u00e7\u00e3o fique dentro da meta estabelecida pelo Conselho Monet\u00e1rio Nacional. Essa meta tem como centro 4,5% e limite superior em 6,5%. Pelas proje\u00e7\u00f5es de institui\u00e7\u00f5es financeiras, a infla\u00e7\u00e3o medida pelo \u00cdndice Nacional de Pre\u00e7os ao Consumidor Amplo (IPCA) deve fechar este ano em 6,47%, bem pr\u00f3xima do teto da meta.<\/p>\n<p>Na ata, o Copom diz que \u201ca elevada varia\u00e7\u00e3o dos \u00edndices de pre\u00e7os ao consumidor nos \u00faltimos 12 meses contribui para que a infla\u00e7\u00e3o ainda mostre resist\u00eancia\u201d. Segundo o comit\u00ea, isso ocorre porque h\u00e1, atualmente, dois \u201cimportantes processos de ajustes de pre\u00e7os\u201d: realinhamento dos pre\u00e7os dom\u00e9sticos em rela\u00e7\u00e3o aos internacionais e dos pre\u00e7os administrados em rela\u00e7\u00e3o aos livres. \u201cO comit\u00ea reconhece que esses ajustes de pre\u00e7os relativos t\u00eam impacto direto sobre a infla\u00e7\u00e3o e reafirma sua vis\u00e3o de que a pol\u00edtica monet\u00e1ria [defini\u00e7\u00e3o da taxa Selic] pode e deve conter os efeitos de segunda ordem deles decorrentes\u201d.<\/p>\n<p>O comit\u00ea lembra que para combater essas e outras press\u00f5es inflacion\u00e1rias houve aumento da Selic, \u201cmas o comit\u00ea avalia que os efeitos da eleva\u00e7\u00e3o da taxa sobre a infla\u00e7\u00e3o, em parte, ainda est\u00e3o por se materializar. Al\u00e9m disso, \u00e9 plaus\u00edvel afirmar que, na presen\u00e7a de n\u00edveis de confian\u00e7a relativamente modestos, os efeitos das a\u00e7\u00f5es de pol\u00edtica monet\u00e1ria sobre a infla\u00e7\u00e3o tendem a ser potencializados\u201d, acrescenta o Copom, na ata.<\/p>\n","protected":false},"excerpt":{"rendered":"<p>O Comit\u00ea de Pol\u00edtica Monet\u00e1ria (Copom) do Banco Central (BC) considera que a infla\u00e7\u00e3o ainda mostra resist\u00eancia, mas avalia que os efeitos da eleva\u00e7\u00e3o da taxa b\u00e1sica de juros, a Selic, ainda v\u00e3o se materializar. O Copom aumentou a Selic por nove vezes seguidas, at\u00e9 a reuni\u00e3o de abril e, no m\u00eas passado, optou por [&hellip;]<\/p>\n","protected":false},"author":2,"featured_media":12414,"comment_status":"open","ping_status":"closed","sticky":false,"template":"","format":"standard","meta":{"_acf_changed":false,"footnotes":""},"categories":[16],"tags":[],"class_list":["post-12413","post","type-post","status-publish","format-standard","has-post-thumbnail","hentry","category-brasil"],"acf":[],"yoast_head":"<!-- This site is optimized with the Yoast SEO plugin v27.2 - https:\/\/yoast.com\/product\/yoast-seo-wordpress\/ -->\n<title>Infla\u00e7\u00e3o mostra lado resistente mas governo promete um nocaute - Notibras<\/title>\n<meta name=\"robots\" content=\"index, follow, max-snippet:-1, max-image-preview:large, max-video-preview:-1\" \/>\n<link rel=\"canonical\" href=\"https:\/\/www.notibras.com\/site\/inflacao-mostra-lado-resistente-mas-governo-promete-um-nocaute\/\" \/>\n<meta property=\"og:locale\" content=\"pt_BR\" \/>\n<meta property=\"og:type\" content=\"article\" \/>\n<meta property=\"og:title\" content=\"Infla\u00e7\u00e3o mostra lado resistente mas governo promete um nocaute - Notibras\" \/>\n<meta property=\"og:description\" content=\"O Comit\u00ea de Pol\u00edtica Monet\u00e1ria (Copom) do Banco Central (BC) considera que a infla\u00e7\u00e3o ainda mostra resist\u00eancia, mas avalia que os efeitos da eleva\u00e7\u00e3o da taxa b\u00e1sica de juros, a Selic, ainda v\u00e3o se materializar. O Copom aumentou a Selic por nove vezes seguidas, at\u00e9 a reuni\u00e3o de abril e, no m\u00eas passado, optou por [&hellip;]\" \/>\n<meta property=\"og:url\" content=\"https:\/\/www.notibras.com\/site\/inflacao-mostra-lado-resistente-mas-governo-promete-um-nocaute\/\" \/>\n<meta property=\"og:site_name\" content=\"Notibras\" \/>\n<meta property=\"article:publisher\" content=\"https:\/\/www.facebook.com\/notibras\/\" \/>\n<meta property=\"article:published_time\" content=\"2014-06-05T12:31:53+00:00\" \/>\n<meta property=\"article:modified_time\" content=\"2014-06-05T18:31:43+00:00\" \/>\n<meta property=\"og:image\" content=\"https:\/\/www.notibras.com\/site\/wp-content\/uploads\/2014\/06\/br11.jpg\" \/>\n\t<meta property=\"og:image:width\" content=\"400\" \/>\n\t<meta property=\"og:image:height\" content=\"300\" \/>\n\t<meta property=\"og:image:type\" content=\"image\/jpeg\" \/>\n<meta name=\"author\" content=\"Reda\u00e7\u00e3o\" \/>\n<meta name=\"twitter:card\" content=\"summary_large_image\" \/>\n<meta name=\"twitter:creator\" content=\"@Notibras\" \/>\n<meta name=\"twitter:site\" content=\"@Notibras\" \/>\n<meta name=\"twitter:label1\" content=\"Escrito por\" \/>\n\t<meta name=\"twitter:data1\" content=\"Reda\u00e7\u00e3o\" \/>\n\t<meta name=\"twitter:label2\" content=\"Est. tempo de leitura\" \/>\n\t<meta name=\"twitter:data2\" content=\"2 minutos\" \/>\n<script type=\"application\/ld+json\" class=\"yoast-schema-graph\">{\"@context\":\"https:\/\/schema.org\",\"@graph\":[{\"@type\":\"Article\",\"@id\":\"https:\/\/www.notibras.com\/site\/inflacao-mostra-lado-resistente-mas-governo-promete-um-nocaute\/#article\",\"isPartOf\":{\"@id\":\"https:\/\/www.notibras.com\/site\/inflacao-mostra-lado-resistente-mas-governo-promete-um-nocaute\/\"},\"author\":{\"name\":\"Reda\u00e7\u00e3o\",\"@id\":\"https:\/\/www.notibras.com\/site\/#\/schema\/person\/36ab0979449956132d3e5b517ea76ac8\"},\"headline\":\"Infla\u00e7\u00e3o mostra lado resistente mas governo promete um nocaute\",\"datePublished\":\"2014-06-05T12:31:53+00:00\",\"dateModified\":\"2014-06-05T18:31:43+00:00\",\"mainEntityOfPage\":{\"@id\":\"https:\/\/www.notibras.com\/site\/inflacao-mostra-lado-resistente-mas-governo-promete-um-nocaute\/\"},\"wordCount\":481,\"commentCount\":0,\"publisher\":{\"@id\":\"https:\/\/www.notibras.com\/site\/#organization\"},\"image\":{\"@id\":\"https:\/\/www.notibras.com\/site\/inflacao-mostra-lado-resistente-mas-governo-promete-um-nocaute\/#primaryimage\"},\"thumbnailUrl\":\"https:\/\/www.notibras.com\/site\/wp-content\/uploads\/2014\/06\/br11.jpg\",\"articleSection\":[\"Brasil\"],\"inLanguage\":\"pt-BR\",\"potentialAction\":[{\"@type\":\"CommentAction\",\"name\":\"Comment\",\"target\":[\"https:\/\/www.notibras.com\/site\/inflacao-mostra-lado-resistente-mas-governo-promete-um-nocaute\/#respond\"]}]},{\"@type\":\"WebPage\",\"@id\":\"https:\/\/www.notibras.com\/site\/inflacao-mostra-lado-resistente-mas-governo-promete-um-nocaute\/\",\"url\":\"https:\/\/www.notibras.com\/site\/inflacao-mostra-lado-resistente-mas-governo-promete-um-nocaute\/\",\"name\":\"Infla\u00e7\u00e3o mostra lado resistente mas governo promete um nocaute - Notibras\",\"isPartOf\":{\"@id\":\"https:\/\/www.notibras.com\/site\/#website\"},\"primaryImageOfPage\":{\"@id\":\"https:\/\/www.notibras.com\/site\/inflacao-mostra-lado-resistente-mas-governo-promete-um-nocaute\/#primaryimage\"},\"image\":{\"@id\":\"https:\/\/www.notibras.com\/site\/inflacao-mostra-lado-resistente-mas-governo-promete-um-nocaute\/#primaryimage\"},\"thumbnailUrl\":\"https:\/\/www.notibras.com\/site\/wp-content\/uploads\/2014\/06\/br11.jpg\",\"datePublished\":\"2014-06-05T12:31:53+00:00\",\"dateModified\":\"2014-06-05T18:31:43+00:00\",\"breadcrumb\":{\"@id\":\"https:\/\/www.notibras.com\/site\/inflacao-mostra-lado-resistente-mas-governo-promete-um-nocaute\/#breadcrumb\"},\"inLanguage\":\"pt-BR\",\"potentialAction\":[{\"@type\":\"ReadAction\",\"target\":[\"https:\/\/www.notibras.com\/site\/inflacao-mostra-lado-resistente-mas-governo-promete-um-nocaute\/\"]}]},{\"@type\":\"ImageObject\",\"inLanguage\":\"pt-BR\",\"@id\":\"https:\/\/www.notibras.com\/site\/inflacao-mostra-lado-resistente-mas-governo-promete-um-nocaute\/#primaryimage\",\"url\":\"https:\/\/www.notibras.com\/site\/wp-content\/uploads\/2014\/06\/br11.jpg\",\"contentUrl\":\"https:\/\/www.notibras.com\/site\/wp-content\/uploads\/2014\/06\/br11.jpg\",\"width\":400,\"height\":300},{\"@type\":\"BreadcrumbList\",\"@id\":\"https:\/\/www.notibras.com\/site\/inflacao-mostra-lado-resistente-mas-governo-promete-um-nocaute\/#breadcrumb\",\"itemListElement\":[{\"@type\":\"ListItem\",\"position\":1,\"name\":\"In\u00edcio\",\"item\":\"https:\/\/www.notibras.com\/site\/\"},{\"@type\":\"ListItem\",\"position\":2,\"name\":\"Infla\u00e7\u00e3o mostra lado resistente mas governo promete um nocaute\"}]},{\"@type\":\"WebSite\",\"@id\":\"https:\/\/www.notibras.com\/site\/#website\",\"url\":\"https:\/\/www.notibras.com\/site\/\",\"name\":\"Notibras\",\"description\":\"Not\u00edcias de Bras\u00edlia, do Brasil e do Mundo\",\"publisher\":{\"@id\":\"https:\/\/www.notibras.com\/site\/#organization\"},\"potentialAction\":[{\"@type\":\"SearchAction\",\"target\":{\"@type\":\"EntryPoint\",\"urlTemplate\":\"https:\/\/www.notibras.com\/site\/?s={search_term_string}\"},\"query-input\":{\"@type\":\"PropertyValueSpecification\",\"valueRequired\":true,\"valueName\":\"search_term_string\"}}],\"inLanguage\":\"pt-BR\"},{\"@type\":\"Organization\",\"@id\":\"https:\/\/www.notibras.com\/site\/#organization\",\"name\":\"Grupo Notibras de Comunica\u00e7\u00e3o\",\"url\":\"https:\/\/www.notibras.com\/site\/\",\"logo\":{\"@type\":\"ImageObject\",\"inLanguage\":\"pt-BR\",\"@id\":\"https:\/\/www.notibras.com\/site\/#\/schema\/logo\/image\/\",\"url\":\"https:\/\/www.notibras.com\/site\/wp-content\/uploads\/2023\/01\/notibras23.png\",\"contentUrl\":\"https:\/\/www.notibras.com\/site\/wp-content\/uploads\/2023\/01\/notibras23.png\",\"width\":350,\"height\":87,\"caption\":\"Grupo Notibras de Comunica\u00e7\u00e3o\"},\"image\":{\"@id\":\"https:\/\/www.notibras.com\/site\/#\/schema\/logo\/image\/\"},\"sameAs\":[\"https:\/\/www.facebook.com\/notibras\/\",\"https:\/\/x.com\/Notibras\",\"https:\/\/www.instagram.com\/notibras\/\"]},{\"@type\":\"Person\",\"@id\":\"https:\/\/www.notibras.com\/site\/#\/schema\/person\/36ab0979449956132d3e5b517ea76ac8\",\"name\":\"Reda\u00e7\u00e3o\",\"image\":{\"@type\":\"ImageObject\",\"inLanguage\":\"pt-BR\",\"@id\":\"https:\/\/secure.gravatar.com\/avatar\/e0a867bdedb85fd243eadf09663511f96fc81e0720a4a42581f334ad4303aa6b?s=96&d=mm&r=g\",\"url\":\"https:\/\/secure.gravatar.com\/avatar\/e0a867bdedb85fd243eadf09663511f96fc81e0720a4a42581f334ad4303aa6b?s=96&d=mm&r=g\",\"contentUrl\":\"https:\/\/secure.gravatar.com\/avatar\/e0a867bdedb85fd243eadf09663511f96fc81e0720a4a42581f334ad4303aa6b?s=96&d=mm&r=g\",\"caption\":\"Reda\u00e7\u00e3o\"}}]}<\/script>\n<!-- \/ Yoast SEO plugin. -->","yoast_head_json":{"title":"Infla\u00e7\u00e3o mostra lado resistente mas governo promete um nocaute - Notibras","robots":{"index":"index","follow":"follow","max-snippet":"max-snippet:-1","max-image-preview":"max-image-preview:large","max-video-preview":"max-video-preview:-1"},"canonical":"https:\/\/www.notibras.com\/site\/inflacao-mostra-lado-resistente-mas-governo-promete-um-nocaute\/","og_locale":"pt_BR","og_type":"article","og_title":"Infla\u00e7\u00e3o mostra lado resistente mas governo promete um nocaute - Notibras","og_description":"O Comit\u00ea de Pol\u00edtica Monet\u00e1ria (Copom) do Banco Central (BC) considera que a infla\u00e7\u00e3o ainda mostra resist\u00eancia, mas avalia que os efeitos da eleva\u00e7\u00e3o da taxa b\u00e1sica de juros, a Selic, ainda v\u00e3o se materializar. O Copom aumentou a Selic por nove vezes seguidas, at\u00e9 a reuni\u00e3o de abril e, no m\u00eas passado, optou por [&hellip;]","og_url":"https:\/\/www.notibras.com\/site\/inflacao-mostra-lado-resistente-mas-governo-promete-um-nocaute\/","og_site_name":"Notibras","article_publisher":"https:\/\/www.facebook.com\/notibras\/","article_published_time":"2014-06-05T12:31:53+00:00","article_modified_time":"2014-06-05T18:31:43+00:00","og_image":[{"width":400,"height":300,"url":"https:\/\/www.notibras.com\/site\/wp-content\/uploads\/2014\/06\/br11.jpg","type":"image\/jpeg"}],"author":"Reda\u00e7\u00e3o","twitter_card":"summary_large_image","twitter_creator":"@Notibras","twitter_site":"@Notibras","twitter_misc":{"Escrito por":"Reda\u00e7\u00e3o","Est. tempo de leitura":"2 minutos"},"schema":{"@context":"https:\/\/schema.org","@graph":[{"@type":"Article","@id":"https:\/\/www.notibras.com\/site\/inflacao-mostra-lado-resistente-mas-governo-promete-um-nocaute\/#article","isPartOf":{"@id":"https:\/\/www.notibras.com\/site\/inflacao-mostra-lado-resistente-mas-governo-promete-um-nocaute\/"},"author":{"name":"Reda\u00e7\u00e3o","@id":"https:\/\/www.notibras.com\/site\/#\/schema\/person\/36ab0979449956132d3e5b517ea76ac8"},"headline":"Infla\u00e7\u00e3o mostra lado resistente mas governo promete um nocaute","datePublished":"2014-06-05T12:31:53+00:00","dateModified":"2014-06-05T18:31:43+00:00","mainEntityOfPage":{"@id":"https:\/\/www.notibras.com\/site\/inflacao-mostra-lado-resistente-mas-governo-promete-um-nocaute\/"},"wordCount":481,"commentCount":0,"publisher":{"@id":"https:\/\/www.notibras.com\/site\/#organization"},"image":{"@id":"https:\/\/www.notibras.com\/site\/inflacao-mostra-lado-resistente-mas-governo-promete-um-nocaute\/#primaryimage"},"thumbnailUrl":"https:\/\/www.notibras.com\/site\/wp-content\/uploads\/2014\/06\/br11.jpg","articleSection":["Brasil"],"inLanguage":"pt-BR","potentialAction":[{"@type":"CommentAction","name":"Comment","target":["https:\/\/www.notibras.com\/site\/inflacao-mostra-lado-resistente-mas-governo-promete-um-nocaute\/#respond"]}]},{"@type":"WebPage","@id":"https:\/\/www.notibras.com\/site\/inflacao-mostra-lado-resistente-mas-governo-promete-um-nocaute\/","url":"https:\/\/www.notibras.com\/site\/inflacao-mostra-lado-resistente-mas-governo-promete-um-nocaute\/","name":"Infla\u00e7\u00e3o mostra lado resistente mas governo promete um nocaute - Notibras","isPartOf":{"@id":"https:\/\/www.notibras.com\/site\/#website"},"primaryImageOfPage":{"@id":"https:\/\/www.notibras.com\/site\/inflacao-mostra-lado-resistente-mas-governo-promete-um-nocaute\/#primaryimage"},"image":{"@id":"https:\/\/www.notibras.com\/site\/inflacao-mostra-lado-resistente-mas-governo-promete-um-nocaute\/#primaryimage"},"thumbnailUrl":"https:\/\/www.notibras.com\/site\/wp-content\/uploads\/2014\/06\/br11.jpg","datePublished":"2014-06-05T12:31:53+00:00","dateModified":"2014-06-05T18:31:43+00:00","breadcrumb":{"@id":"https:\/\/www.notibras.com\/site\/inflacao-mostra-lado-resistente-mas-governo-promete-um-nocaute\/#breadcrumb"},"inLanguage":"pt-BR","potentialAction":[{"@type":"ReadAction","target":["https:\/\/www.notibras.com\/site\/inflacao-mostra-lado-resistente-mas-governo-promete-um-nocaute\/"]}]},{"@type":"ImageObject","inLanguage":"pt-BR","@id":"https:\/\/www.notibras.com\/site\/inflacao-mostra-lado-resistente-mas-governo-promete-um-nocaute\/#primaryimage","url":"https:\/\/www.notibras.com\/site\/wp-content\/uploads\/2014\/06\/br11.jpg","contentUrl":"https:\/\/www.notibras.com\/site\/wp-content\/uploads\/2014\/06\/br11.jpg","width":400,"height":300},{"@type":"BreadcrumbList","@id":"https:\/\/www.notibras.com\/site\/inflacao-mostra-lado-resistente-mas-governo-promete-um-nocaute\/#breadcrumb","itemListElement":[{"@type":"ListItem","position":1,"name":"In\u00edcio","item":"https:\/\/www.notibras.com\/site\/"},{"@type":"ListItem","position":2,"name":"Infla\u00e7\u00e3o mostra lado resistente mas governo promete um nocaute"}]},{"@type":"WebSite","@id":"https:\/\/www.notibras.com\/site\/#website","url":"https:\/\/www.notibras.com\/site\/","name":"Notibras","description":"Not\u00edcias de Bras\u00edlia, do Brasil e do Mundo","publisher":{"@id":"https:\/\/www.notibras.com\/site\/#organization"},"potentialAction":[{"@type":"SearchAction","target":{"@type":"EntryPoint","urlTemplate":"https:\/\/www.notibras.com\/site\/?s={search_term_string}"},"query-input":{"@type":"PropertyValueSpecification","valueRequired":true,"valueName":"search_term_string"}}],"inLanguage":"pt-BR"},{"@type":"Organization","@id":"https:\/\/www.notibras.com\/site\/#organization","name":"Grupo Notibras de Comunica\u00e7\u00e3o","url":"https:\/\/www.notibras.com\/site\/","logo":{"@type":"ImageObject","inLanguage":"pt-BR","@id":"https:\/\/www.notibras.com\/site\/#\/schema\/logo\/image\/","url":"https:\/\/www.notibras.com\/site\/wp-content\/uploads\/2023\/01\/notibras23.png","contentUrl":"https:\/\/www.notibras.com\/site\/wp-content\/uploads\/2023\/01\/notibras23.png","width":350,"height":87,"caption":"Grupo Notibras de Comunica\u00e7\u00e3o"},"image":{"@id":"https:\/\/www.notibras.com\/site\/#\/schema\/logo\/image\/"},"sameAs":["https:\/\/www.facebook.com\/notibras\/","https:\/\/x.com\/Notibras","https:\/\/www.instagram.com\/notibras\/"]},{"@type":"Person","@id":"https:\/\/www.notibras.com\/site\/#\/schema\/person\/36ab0979449956132d3e5b517ea76ac8","name":"Reda\u00e7\u00e3o","image":{"@type":"ImageObject","inLanguage":"pt-BR","@id":"https:\/\/secure.gravatar.com\/avatar\/e0a867bdedb85fd243eadf09663511f96fc81e0720a4a42581f334ad4303aa6b?s=96&d=mm&r=g","url":"https:\/\/secure.gravatar.com\/avatar\/e0a867bdedb85fd243eadf09663511f96fc81e0720a4a42581f334ad4303aa6b?s=96&d=mm&r=g","contentUrl":"https:\/\/secure.gravatar.com\/avatar\/e0a867bdedb85fd243eadf09663511f96fc81e0720a4a42581f334ad4303aa6b?s=96&d=mm&r=g","caption":"Reda\u00e7\u00e3o"}}]}},"amp_enabled":true,"_links":{"self":[{"href":"https:\/\/www.notibras.com\/site\/wp-json\/wp\/v2\/posts\/12413","targetHints":{"allow":["GET"]}}],"collection":[{"href":"https:\/\/www.notibras.com\/site\/wp-json\/wp\/v2\/posts"}],"about":[{"href":"https:\/\/www.notibras.com\/site\/wp-json\/wp\/v2\/types\/post"}],"author":[{"embeddable":true,"href":"https:\/\/www.notibras.com\/site\/wp-json\/wp\/v2\/users\/2"}],"replies":[{"embeddable":true,"href":"https:\/\/www.notibras.com\/site\/wp-json\/wp\/v2\/comments?post=12413"}],"version-history":[{"count":0,"href":"https:\/\/www.notibras.com\/site\/wp-json\/wp\/v2\/posts\/12413\/revisions"}],"wp:featuredmedia":[{"embeddable":true,"href":"https:\/\/www.notibras.com\/site\/wp-json\/wp\/v2\/media\/12414"}],"wp:attachment":[{"href":"https:\/\/www.notibras.com\/site\/wp-json\/wp\/v2\/media?parent=12413"}],"wp:term":[{"taxonomy":"category","embeddable":true,"href":"https:\/\/www.notibras.com\/site\/wp-json\/wp\/v2\/categories?post=12413"},{"taxonomy":"post_tag","embeddable":true,"href":"https:\/\/www.notibras.com\/site\/wp-json\/wp\/v2\/tags?post=12413"}],"curies":[{"name":"wp","href":"https:\/\/api.w.org\/{rel}","templated":true}]}}