{"id":124152,"date":"2016-12-19T06:59:31","date_gmt":"2016-12-19T08:59:31","guid":{"rendered":"http:\/\/www.notibras.com\/site\/?p=124152"},"modified":"2016-12-19T06:59:31","modified_gmt":"2016-12-19T08:59:31","slug":"reciclar-habitos-pode-ajudar-debandar-crise","status":"publish","type":"post","link":"https:\/\/www.notibras.com\/site\/reciclar-habitos-pode-ajudar-debandar-crise\/","title":{"rendered":"Reciclar h\u00e1bitos pode ajudar a debandar a crise"},"content":{"rendered":"<p><strong>Mauro Calil<\/strong><\/p>\n<p>Todo in\u00edcio de ano as pessoas fazem uma lista de prop\u00f3sitos para serem perseguidos ao longo dos pr\u00f3ximos 12 meses. Ao que tudo indica, 2017 ser\u00e1 um per\u00edodo de extrema dificuldade. Diante desse cen\u00e1rio, haja criatividade para levar adiante os 365 dias que nos separam de 2018. Reciclar pode ser uma alternativa.<\/p>\n<p>Esse conceito \u2013por ser muito abrangente\u2013 nos propicia uma reflex\u00e3o. No dia a dia pessoal, dentro de casa, podemos reciclar roupas, sapatos, objetos de uso pessoal etc. Ou seja, ao adotarmos tal atitude, n\u00e3o gastamos o escasso e suado dinheiro dispon\u00edvel. Vale tamb\u00e9m minimizar desperd\u00edcios. E eles est\u00e3o por toda a parte: no uso da eletricidade, da \u00e1gua, do sab\u00e3o, do g\u00e1s, e assim por diante. A vantagem dessa &#8221; consci\u00eancia ecol\u00f3gica&#8221; acaba por beneficiar o meio ambiente e tamb\u00e9m o bolso.<\/p>\n<p>Reciclar h\u00e1bitos \u00e9 muito dif\u00edcil. Quantos se lembram de apagar a luz quando deixam um ambiente? E de desligar o chuveiro quando est\u00e1 se ensaboando? Quantos usam a \u00e1gua da m\u00e1quina de lavar roupa para re\u00faso? Ela \u00e9 perfeita para lavar quintais, varandas, garagens e at\u00e9 mesmo carros.<\/p>\n<p>Se estou desempregado (a) ou com pouco dinheiro, n\u00e3o preciso ir \u00e0 academia (e me endividar ainda mais) para cuidar da sa\u00fade. Caminhar pelos parques ou jardins pode ser uma alternativa. Evitar comidas gordurosas, embutidos, tamb\u00e9m ajuda a preservar a sa\u00fade e, em especial, a do cora\u00e7\u00e3o. Quantas vezes nos deparamos com pessoas andando \u2013ou correndo\u2013 nas ruas? Isso pode ser imitado. N\u00e3o tem custo algum!<\/p>\n<p>Essa mesma mudan\u00e7a de atitude cabe na rotina profissional, no escrit\u00f3rio. Muitas empresas n\u00e3o t\u00eam a cultura de separar o lixo, misturando o papel com o lixo org\u00e2nico. Por que n\u00e3o incentivar a ado\u00e7\u00e3o dessa novidade? Isso demanda tempo, energia e muita disposi\u00e7\u00e3o. No fundo, \u00e9 uma reciclagem de atitude. Num primeiro momento pode ser dif\u00edcil, mas a ades\u00e3o das pessoas \u00e9 surpreendente quando esse projeto vinga.<\/p>\n<p>E nas finan\u00e7as pessoais? Disciplina, disciplina. Reduzir o consumo desenfreado, os gastos desnecess\u00e1rios e pesquisar muito antes de comprar o que \u00e9 realmente essencial: supermercado, farm\u00e1cia etc. O com\u00e9rcio de rua, em geral, \u00e9 mais barato que o pre\u00e7o cobrado num shopping. Na verdade, as compras passam por gest\u00e3o. Se compro roupa nova (necess\u00e1ria) deixo para comprar sapato ou bolsa no m\u00eas que vem. Al\u00e9m de evitar o endividamento numa hora de emprego dif\u00edcil e renda baixa, o planejamento de gastos torna-se essencial.<\/p>\n<p>Quem consegue poupar R$ 10,00 por semana ter\u00e1 R$ 40,00 no final do m\u00eas. Ao longo do ano ter\u00e1 acumulado quase R$ 500 reais. Sem sofrimento. N\u00e3o foi uma reciclagem de h\u00e1bito?<\/p>\n<p>Feliz 2017!<\/p>\n","protected":false},"excerpt":{"rendered":"<p>Mauro Calil Todo in\u00edcio de ano as pessoas fazem uma lista de prop\u00f3sitos para serem perseguidos ao longo dos pr\u00f3ximos 12 meses. Ao que tudo indica, 2017 ser\u00e1 um per\u00edodo de extrema dificuldade. Diante desse cen\u00e1rio, haja criatividade para levar adiante os 365 dias que nos separam de 2018. Reciclar pode ser uma alternativa. Esse [&hellip;]<\/p>\n","protected":false},"author":2,"featured_media":124153,"comment_status":"open","ping_status":"closed","sticky":false,"template":"","format":"standard","meta":{"_acf_changed":false,"footnotes":""},"categories":[25],"tags":[],"class_list":["post-124152","post","type-post","status-publish","format-standard","has-post-thumbnail","hentry","category-opina-ai"],"acf":[],"yoast_head":"<!-- This site is optimized with the Yoast SEO plugin v27.5 - https:\/\/yoast.com\/product\/yoast-seo-wordpress\/ -->\n<title>Reciclar h\u00e1bitos pode ajudar a debandar a crise - Notibras<\/title>\n<meta name=\"robots\" content=\"index, follow, max-snippet:-1, max-image-preview:large, max-video-preview:-1\" \/>\n<link rel=\"canonical\" href=\"https:\/\/www.notibras.com\/site\/reciclar-habitos-pode-ajudar-debandar-crise\/\" \/>\n<meta property=\"og:locale\" content=\"pt_BR\" \/>\n<meta property=\"og:type\" content=\"article\" \/>\n<meta property=\"og:title\" content=\"Reciclar h\u00e1bitos pode ajudar a debandar a crise - Notibras\" \/>\n<meta property=\"og:description\" content=\"Mauro Calil Todo in\u00edcio de ano as pessoas fazem uma lista de prop\u00f3sitos para serem perseguidos ao longo dos pr\u00f3ximos 12 meses. Ao que tudo indica, 2017 ser\u00e1 um per\u00edodo de extrema dificuldade. Diante desse cen\u00e1rio, haja criatividade para levar adiante os 365 dias que nos separam de 2018. Reciclar pode ser uma alternativa. Esse [&hellip;]\" \/>\n<meta property=\"og:url\" content=\"https:\/\/www.notibras.com\/site\/reciclar-habitos-pode-ajudar-debandar-crise\/\" \/>\n<meta property=\"og:site_name\" content=\"Notibras\" \/>\n<meta property=\"article:publisher\" content=\"https:\/\/www.facebook.com\/notibras\/\" \/>\n<meta property=\"article:published_time\" content=\"2016-12-19T08:59:31+00:00\" \/>\n<meta property=\"og:image\" content=\"https:\/\/www.notibras.com\/site\/wp-content\/uploads\/2016\/12\/empreendedorismo-crise-economica.jpg\" \/>\n\t<meta property=\"og:image:width\" content=\"701\" \/>\n\t<meta property=\"og:image:height\" content=\"467\" \/>\n\t<meta property=\"og:image:type\" content=\"image\/jpeg\" \/>\n<meta name=\"author\" content=\"Reda\u00e7\u00e3o\" \/>\n<meta name=\"twitter:card\" content=\"summary_large_image\" \/>\n<meta name=\"twitter:creator\" content=\"@Notibras\" \/>\n<meta name=\"twitter:site\" content=\"@Notibras\" \/>\n<meta name=\"twitter:label1\" content=\"Escrito por\" \/>\n\t<meta name=\"twitter:data1\" content=\"Reda\u00e7\u00e3o\" \/>\n\t<meta name=\"twitter:label2\" content=\"Est. tempo de leitura\" \/>\n\t<meta name=\"twitter:data2\" content=\"2 minutos\" \/>\n<script type=\"application\/ld+json\" class=\"yoast-schema-graph\">{\"@context\":\"https:\\\/\\\/schema.org\",\"@graph\":[{\"@type\":\"Article\",\"@id\":\"https:\\\/\\\/www.notibras.com\\\/site\\\/reciclar-habitos-pode-ajudar-debandar-crise\\\/#article\",\"isPartOf\":{\"@id\":\"https:\\\/\\\/www.notibras.com\\\/site\\\/reciclar-habitos-pode-ajudar-debandar-crise\\\/\"},\"author\":{\"name\":\"Reda\u00e7\u00e3o\",\"@id\":\"https:\\\/\\\/www.notibras.com\\\/site\\\/#\\\/schema\\\/person\\\/36ab0979449956132d3e5b517ea76ac8\"},\"headline\":\"Reciclar h\u00e1bitos pode ajudar a debandar a crise\",\"datePublished\":\"2016-12-19T08:59:31+00:00\",\"mainEntityOfPage\":{\"@id\":\"https:\\\/\\\/www.notibras.com\\\/site\\\/reciclar-habitos-pode-ajudar-debandar-crise\\\/\"},\"wordCount\":476,\"commentCount\":0,\"publisher\":{\"@id\":\"https:\\\/\\\/www.notibras.com\\\/site\\\/#organization\"},\"image\":{\"@id\":\"https:\\\/\\\/www.notibras.com\\\/site\\\/reciclar-habitos-pode-ajudar-debandar-crise\\\/#primaryimage\"},\"thumbnailUrl\":\"https:\\\/\\\/www.notibras.com\\\/site\\\/wp-content\\\/uploads\\\/2016\\\/12\\\/empreendedorismo-crise-economica.jpg\",\"articleSection\":[\"Opina a\u00ed\"],\"inLanguage\":\"pt-BR\",\"potentialAction\":[{\"@type\":\"CommentAction\",\"name\":\"Comment\",\"target\":[\"https:\\\/\\\/www.notibras.com\\\/site\\\/reciclar-habitos-pode-ajudar-debandar-crise\\\/#respond\"]}]},{\"@type\":\"WebPage\",\"@id\":\"https:\\\/\\\/www.notibras.com\\\/site\\\/reciclar-habitos-pode-ajudar-debandar-crise\\\/\",\"url\":\"https:\\\/\\\/www.notibras.com\\\/site\\\/reciclar-habitos-pode-ajudar-debandar-crise\\\/\",\"name\":\"Reciclar h\u00e1bitos pode ajudar a debandar a crise - Notibras\",\"isPartOf\":{\"@id\":\"https:\\\/\\\/www.notibras.com\\\/site\\\/#website\"},\"primaryImageOfPage\":{\"@id\":\"https:\\\/\\\/www.notibras.com\\\/site\\\/reciclar-habitos-pode-ajudar-debandar-crise\\\/#primaryimage\"},\"image\":{\"@id\":\"https:\\\/\\\/www.notibras.com\\\/site\\\/reciclar-habitos-pode-ajudar-debandar-crise\\\/#primaryimage\"},\"thumbnailUrl\":\"https:\\\/\\\/www.notibras.com\\\/site\\\/wp-content\\\/uploads\\\/2016\\\/12\\\/empreendedorismo-crise-economica.jpg\",\"datePublished\":\"2016-12-19T08:59:31+00:00\",\"breadcrumb\":{\"@id\":\"https:\\\/\\\/www.notibras.com\\\/site\\\/reciclar-habitos-pode-ajudar-debandar-crise\\\/#breadcrumb\"},\"inLanguage\":\"pt-BR\",\"potentialAction\":[{\"@type\":\"ReadAction\",\"target\":[\"https:\\\/\\\/www.notibras.com\\\/site\\\/reciclar-habitos-pode-ajudar-debandar-crise\\\/\"]}]},{\"@type\":\"ImageObject\",\"inLanguage\":\"pt-BR\",\"@id\":\"https:\\\/\\\/www.notibras.com\\\/site\\\/reciclar-habitos-pode-ajudar-debandar-crise\\\/#primaryimage\",\"url\":\"https:\\\/\\\/www.notibras.com\\\/site\\\/wp-content\\\/uploads\\\/2016\\\/12\\\/empreendedorismo-crise-economica.jpg\",\"contentUrl\":\"https:\\\/\\\/www.notibras.com\\\/site\\\/wp-content\\\/uploads\\\/2016\\\/12\\\/empreendedorismo-crise-economica.jpg\",\"width\":701,\"height\":467},{\"@type\":\"BreadcrumbList\",\"@id\":\"https:\\\/\\\/www.notibras.com\\\/site\\\/reciclar-habitos-pode-ajudar-debandar-crise\\\/#breadcrumb\",\"itemListElement\":[{\"@type\":\"ListItem\",\"position\":1,\"name\":\"In\u00edcio\",\"item\":\"https:\\\/\\\/www.notibras.com\\\/site\\\/\"},{\"@type\":\"ListItem\",\"position\":2,\"name\":\"Reciclar h\u00e1bitos pode ajudar a debandar a crise\"}]},{\"@type\":\"WebSite\",\"@id\":\"https:\\\/\\\/www.notibras.com\\\/site\\\/#website\",\"url\":\"https:\\\/\\\/www.notibras.com\\\/site\\\/\",\"name\":\"Notibras\",\"description\":\"Not\u00edcias de Bras\u00edlia, do Brasil e do Mundo\",\"publisher\":{\"@id\":\"https:\\\/\\\/www.notibras.com\\\/site\\\/#organization\"},\"potentialAction\":[{\"@type\":\"SearchAction\",\"target\":{\"@type\":\"EntryPoint\",\"urlTemplate\":\"https:\\\/\\\/www.notibras.com\\\/site\\\/?s={search_term_string}\"},\"query-input\":{\"@type\":\"PropertyValueSpecification\",\"valueRequired\":true,\"valueName\":\"search_term_string\"}}],\"inLanguage\":\"pt-BR\"},{\"@type\":\"Organization\",\"@id\":\"https:\\\/\\\/www.notibras.com\\\/site\\\/#organization\",\"name\":\"Grupo Notibras de Comunica\u00e7\u00e3o\",\"url\":\"https:\\\/\\\/www.notibras.com\\\/site\\\/\",\"logo\":{\"@type\":\"ImageObject\",\"inLanguage\":\"pt-BR\",\"@id\":\"https:\\\/\\\/www.notibras.com\\\/site\\\/#\\\/schema\\\/logo\\\/image\\\/\",\"url\":\"https:\\\/\\\/www.notibras.com\\\/site\\\/wp-content\\\/uploads\\\/2023\\\/01\\\/notibras23.png\",\"contentUrl\":\"https:\\\/\\\/www.notibras.com\\\/site\\\/wp-content\\\/uploads\\\/2023\\\/01\\\/notibras23.png\",\"width\":350,\"height\":87,\"caption\":\"Grupo Notibras de Comunica\u00e7\u00e3o\"},\"image\":{\"@id\":\"https:\\\/\\\/www.notibras.com\\\/site\\\/#\\\/schema\\\/logo\\\/image\\\/\"},\"sameAs\":[\"https:\\\/\\\/www.facebook.com\\\/notibras\\\/\",\"https:\\\/\\\/x.com\\\/Notibras\",\"https:\\\/\\\/www.instagram.com\\\/notibras\\\/\"]},{\"@type\":\"Person\",\"@id\":\"https:\\\/\\\/www.notibras.com\\\/site\\\/#\\\/schema\\\/person\\\/36ab0979449956132d3e5b517ea76ac8\",\"name\":\"Reda\u00e7\u00e3o\",\"image\":{\"@type\":\"ImageObject\",\"inLanguage\":\"pt-BR\",\"@id\":\"https:\\\/\\\/secure.gravatar.com\\\/avatar\\\/e0a867bdedb85fd243eadf09663511f96fc81e0720a4a42581f334ad4303aa6b?s=96&d=mm&r=g\",\"url\":\"https:\\\/\\\/secure.gravatar.com\\\/avatar\\\/e0a867bdedb85fd243eadf09663511f96fc81e0720a4a42581f334ad4303aa6b?s=96&d=mm&r=g\",\"contentUrl\":\"https:\\\/\\\/secure.gravatar.com\\\/avatar\\\/e0a867bdedb85fd243eadf09663511f96fc81e0720a4a42581f334ad4303aa6b?s=96&d=mm&r=g\",\"caption\":\"Reda\u00e7\u00e3o\"}}]}<\/script>\n<!-- \/ Yoast SEO plugin. -->","yoast_head_json":{"title":"Reciclar h\u00e1bitos pode ajudar a debandar a crise - Notibras","robots":{"index":"index","follow":"follow","max-snippet":"max-snippet:-1","max-image-preview":"max-image-preview:large","max-video-preview":"max-video-preview:-1"},"canonical":"https:\/\/www.notibras.com\/site\/reciclar-habitos-pode-ajudar-debandar-crise\/","og_locale":"pt_BR","og_type":"article","og_title":"Reciclar h\u00e1bitos pode ajudar a debandar a crise - Notibras","og_description":"Mauro Calil Todo in\u00edcio de ano as pessoas fazem uma lista de prop\u00f3sitos para serem perseguidos ao longo dos pr\u00f3ximos 12 meses. Ao que tudo indica, 2017 ser\u00e1 um per\u00edodo de extrema dificuldade. Diante desse cen\u00e1rio, haja criatividade para levar adiante os 365 dias que nos separam de 2018. Reciclar pode ser uma alternativa. Esse [&hellip;]","og_url":"https:\/\/www.notibras.com\/site\/reciclar-habitos-pode-ajudar-debandar-crise\/","og_site_name":"Notibras","article_publisher":"https:\/\/www.facebook.com\/notibras\/","article_published_time":"2016-12-19T08:59:31+00:00","og_image":[{"width":701,"height":467,"url":"https:\/\/www.notibras.com\/site\/wp-content\/uploads\/2016\/12\/empreendedorismo-crise-economica.jpg","type":"image\/jpeg"}],"author":"Reda\u00e7\u00e3o","twitter_card":"summary_large_image","twitter_creator":"@Notibras","twitter_site":"@Notibras","twitter_misc":{"Escrito por":"Reda\u00e7\u00e3o","Est. tempo de leitura":"2 minutos"},"schema":{"@context":"https:\/\/schema.org","@graph":[{"@type":"Article","@id":"https:\/\/www.notibras.com\/site\/reciclar-habitos-pode-ajudar-debandar-crise\/#article","isPartOf":{"@id":"https:\/\/www.notibras.com\/site\/reciclar-habitos-pode-ajudar-debandar-crise\/"},"author":{"name":"Reda\u00e7\u00e3o","@id":"https:\/\/www.notibras.com\/site\/#\/schema\/person\/36ab0979449956132d3e5b517ea76ac8"},"headline":"Reciclar h\u00e1bitos pode ajudar a debandar a crise","datePublished":"2016-12-19T08:59:31+00:00","mainEntityOfPage":{"@id":"https:\/\/www.notibras.com\/site\/reciclar-habitos-pode-ajudar-debandar-crise\/"},"wordCount":476,"commentCount":0,"publisher":{"@id":"https:\/\/www.notibras.com\/site\/#organization"},"image":{"@id":"https:\/\/www.notibras.com\/site\/reciclar-habitos-pode-ajudar-debandar-crise\/#primaryimage"},"thumbnailUrl":"https:\/\/www.notibras.com\/site\/wp-content\/uploads\/2016\/12\/empreendedorismo-crise-economica.jpg","articleSection":["Opina a\u00ed"],"inLanguage":"pt-BR","potentialAction":[{"@type":"CommentAction","name":"Comment","target":["https:\/\/www.notibras.com\/site\/reciclar-habitos-pode-ajudar-debandar-crise\/#respond"]}]},{"@type":"WebPage","@id":"https:\/\/www.notibras.com\/site\/reciclar-habitos-pode-ajudar-debandar-crise\/","url":"https:\/\/www.notibras.com\/site\/reciclar-habitos-pode-ajudar-debandar-crise\/","name":"Reciclar h\u00e1bitos pode ajudar a debandar a crise - Notibras","isPartOf":{"@id":"https:\/\/www.notibras.com\/site\/#website"},"primaryImageOfPage":{"@id":"https:\/\/www.notibras.com\/site\/reciclar-habitos-pode-ajudar-debandar-crise\/#primaryimage"},"image":{"@id":"https:\/\/www.notibras.com\/site\/reciclar-habitos-pode-ajudar-debandar-crise\/#primaryimage"},"thumbnailUrl":"https:\/\/www.notibras.com\/site\/wp-content\/uploads\/2016\/12\/empreendedorismo-crise-economica.jpg","datePublished":"2016-12-19T08:59:31+00:00","breadcrumb":{"@id":"https:\/\/www.notibras.com\/site\/reciclar-habitos-pode-ajudar-debandar-crise\/#breadcrumb"},"inLanguage":"pt-BR","potentialAction":[{"@type":"ReadAction","target":["https:\/\/www.notibras.com\/site\/reciclar-habitos-pode-ajudar-debandar-crise\/"]}]},{"@type":"ImageObject","inLanguage":"pt-BR","@id":"https:\/\/www.notibras.com\/site\/reciclar-habitos-pode-ajudar-debandar-crise\/#primaryimage","url":"https:\/\/www.notibras.com\/site\/wp-content\/uploads\/2016\/12\/empreendedorismo-crise-economica.jpg","contentUrl":"https:\/\/www.notibras.com\/site\/wp-content\/uploads\/2016\/12\/empreendedorismo-crise-economica.jpg","width":701,"height":467},{"@type":"BreadcrumbList","@id":"https:\/\/www.notibras.com\/site\/reciclar-habitos-pode-ajudar-debandar-crise\/#breadcrumb","itemListElement":[{"@type":"ListItem","position":1,"name":"In\u00edcio","item":"https:\/\/www.notibras.com\/site\/"},{"@type":"ListItem","position":2,"name":"Reciclar h\u00e1bitos pode ajudar a debandar a crise"}]},{"@type":"WebSite","@id":"https:\/\/www.notibras.com\/site\/#website","url":"https:\/\/www.notibras.com\/site\/","name":"Notibras","description":"Not\u00edcias de Bras\u00edlia, do Brasil e do Mundo","publisher":{"@id":"https:\/\/www.notibras.com\/site\/#organization"},"potentialAction":[{"@type":"SearchAction","target":{"@type":"EntryPoint","urlTemplate":"https:\/\/www.notibras.com\/site\/?s={search_term_string}"},"query-input":{"@type":"PropertyValueSpecification","valueRequired":true,"valueName":"search_term_string"}}],"inLanguage":"pt-BR"},{"@type":"Organization","@id":"https:\/\/www.notibras.com\/site\/#organization","name":"Grupo Notibras de Comunica\u00e7\u00e3o","url":"https:\/\/www.notibras.com\/site\/","logo":{"@type":"ImageObject","inLanguage":"pt-BR","@id":"https:\/\/www.notibras.com\/site\/#\/schema\/logo\/image\/","url":"https:\/\/www.notibras.com\/site\/wp-content\/uploads\/2023\/01\/notibras23.png","contentUrl":"https:\/\/www.notibras.com\/site\/wp-content\/uploads\/2023\/01\/notibras23.png","width":350,"height":87,"caption":"Grupo Notibras de Comunica\u00e7\u00e3o"},"image":{"@id":"https:\/\/www.notibras.com\/site\/#\/schema\/logo\/image\/"},"sameAs":["https:\/\/www.facebook.com\/notibras\/","https:\/\/x.com\/Notibras","https:\/\/www.instagram.com\/notibras\/"]},{"@type":"Person","@id":"https:\/\/www.notibras.com\/site\/#\/schema\/person\/36ab0979449956132d3e5b517ea76ac8","name":"Reda\u00e7\u00e3o","image":{"@type":"ImageObject","inLanguage":"pt-BR","@id":"https:\/\/secure.gravatar.com\/avatar\/e0a867bdedb85fd243eadf09663511f96fc81e0720a4a42581f334ad4303aa6b?s=96&d=mm&r=g","url":"https:\/\/secure.gravatar.com\/avatar\/e0a867bdedb85fd243eadf09663511f96fc81e0720a4a42581f334ad4303aa6b?s=96&d=mm&r=g","contentUrl":"https:\/\/secure.gravatar.com\/avatar\/e0a867bdedb85fd243eadf09663511f96fc81e0720a4a42581f334ad4303aa6b?s=96&d=mm&r=g","caption":"Reda\u00e7\u00e3o"}}]}},"amp_enabled":true,"_links":{"self":[{"href":"https:\/\/www.notibras.com\/site\/wp-json\/wp\/v2\/posts\/124152","targetHints":{"allow":["GET"]}}],"collection":[{"href":"https:\/\/www.notibras.com\/site\/wp-json\/wp\/v2\/posts"}],"about":[{"href":"https:\/\/www.notibras.com\/site\/wp-json\/wp\/v2\/types\/post"}],"author":[{"embeddable":true,"href":"https:\/\/www.notibras.com\/site\/wp-json\/wp\/v2\/users\/2"}],"replies":[{"embeddable":true,"href":"https:\/\/www.notibras.com\/site\/wp-json\/wp\/v2\/comments?post=124152"}],"version-history":[{"count":1,"href":"https:\/\/www.notibras.com\/site\/wp-json\/wp\/v2\/posts\/124152\/revisions"}],"predecessor-version":[{"id":124154,"href":"https:\/\/www.notibras.com\/site\/wp-json\/wp\/v2\/posts\/124152\/revisions\/124154"}],"wp:featuredmedia":[{"embeddable":true,"href":"https:\/\/www.notibras.com\/site\/wp-json\/wp\/v2\/media\/124153"}],"wp:attachment":[{"href":"https:\/\/www.notibras.com\/site\/wp-json\/wp\/v2\/media?parent=124152"}],"wp:term":[{"taxonomy":"category","embeddable":true,"href":"https:\/\/www.notibras.com\/site\/wp-json\/wp\/v2\/categories?post=124152"},{"taxonomy":"post_tag","embeddable":true,"href":"https:\/\/www.notibras.com\/site\/wp-json\/wp\/v2\/tags?post=124152"}],"curies":[{"name":"wp","href":"https:\/\/api.w.org\/{rel}","templated":true}]}}