{"id":124327,"date":"2016-12-21T07:20:46","date_gmt":"2016-12-21T09:20:46","guid":{"rendered":"http:\/\/www.notibras.com\/site\/?p=124327"},"modified":"2016-12-21T07:20:46","modified_gmt":"2016-12-21T09:20:46","slug":"flexibilizar-jornada-de-trabalho-so-beneficia-o-patrao","status":"publish","type":"post","link":"https:\/\/www.notibras.com\/site\/flexibilizar-jornada-de-trabalho-so-beneficia-o-patrao\/","title":{"rendered":"Flexibilizar jornada de trabalho s\u00f3 beneficia o patr\u00e3o"},"content":{"rendered":"<p><strong>Gustavo Filipe Barbosa Garcia<\/strong><\/p>\n<p>A precariza\u00e7\u00e3o das condi\u00e7\u00f5es de trabalho parece ser uma tend\u00eancia que est\u00e1 alcan\u00e7ando n\u00edveis dos mais acentuados nos \u00faltimos tempos, sendo uma das mais recentes propostas aquela que institui a chamada jornada de trabalho m\u00f3vel e flex\u00edvel, que permite ao empregado receber apenas pelo tempo de labor efetivamente prestado e que deixa ao empregador a defini\u00e7\u00e3o do per\u00edodo que ser\u00e1 exigido a cada dia.<\/p>\n<p>Trata-se de uma sistem\u00e1tica que gera uma completa inseguran\u00e7a ao trabalhador, pois n\u00e3o permite que este saiba previamente se ser\u00e1 convocado para prestar servi\u00e7o e muito menos por quanto tempo, o que resulta nos desconhecimentos de qual ser\u00e1 o valor do sal\u00e1rio a ser recebido e de qual \u00e9 o verdadeiro n\u00edvel remunerat\u00f3rio mensal.<\/p>\n<p>Na pr\u00e1tica, a medida acaba transferindo ao empregado \u2013a parte mais vulner\u00e1vel da rela\u00e7\u00e3o jur\u00eddica\u2013 os riscos da atividade econ\u00f4mica e do empreendimento desenvolvido, que por natureza devem ser do empregador, por ser o titular dos meios de produ\u00e7\u00e3o, conforme o art. 2\u00ba da CLT.<\/p>\n<p>Os empregados evidentemente tamb\u00e9m t\u00eam as suas despesas mensais, sendo muitas delas fixas, assim necessitando saber com maior seguran\u00e7a e previsibilidade qual \u00e9 o patamar de sua renda e n\u00e3o podendo conviver com tamanha incerteza.<\/p>\n<p>Tamb\u00e9m se argumenta que a medida permitir\u00e1 ao trabalhador ter mais de um emprego, o que a tornaria vantajosa para ambas as partes. Entretanto, esquece-se que a exclusividade, via de regra, n\u00e3o \u00e9 um requisito do contrato de trabalho. Normalmente, nada impede que o empregado tenha mais de um v\u00ednculo de emprego, mesmo sendo fixo o hor\u00e1rio de labor.<\/p>\n<p>Na realidade, esse tipo de jornada de trabalho favorece exclusivamente o polo mais forte da rela\u00e7\u00e3o de emprego, permitindo ao empregador a busca pelo lucro sem assumir o risco inerente \u00e0 atividade desempenhada.<\/p>\n<p>Al\u00e9m da aus\u00eancia de demonstra\u00e7\u00e3o cient\u00edfica de que a medida em quest\u00e3o \u00e9 apta a reduzir os n\u00edveis de desemprego, em termos pr\u00e1ticos, como o empregado ir\u00e1 conseguir conciliar mais de um emprego se n\u00e3o souber previamente qual per\u00edodo de trabalho lhe ser\u00e1 efetivamente exigido, bem como quanto tempo por dia ainda ter\u00e1 dispon\u00edvel para realizar outras atividades?<\/p>\n<p>Propostas como essa impressionam pelo grau de insensibilidade \u00e0 incontest\u00e1vel perda de qualidade de vida dos trabalhadores. Elas geram impactos sociais profundamente negativos e graves preju\u00edzos \u00e0s pessoas que sobrevivem apenas de sua for\u00e7a de trabalho.<\/p>\n<p>Com isso, corrompe-se a previs\u00e3o legal e imperativa de que o per\u00edodo em que o empregado est\u00e1 \u00e0 disposi\u00e7\u00e3o do empregador, aguardando ou executando ordens, tamb\u00e9m \u00e9 considerado como servi\u00e7o efetivo. Portanto, como \u00e9 evidente, n\u00e3o apenas o tempo de labor concretamente realizado, mas todo o per\u00edodo referido, por integrar a jornada de trabalho, tamb\u00e9m deve ser remunerado.<\/p>\n<p>Ao se observar o atual cen\u00e1rio, \u00e9 estarrecedor como a hegemonia do poder econ\u00f4mico tem alcan\u00e7ado a esfera pol\u00edtica, que passa a se pautar exclusivamente pelo atendimento dos seus interesses, n\u00e3o se importando com o poss\u00edvel sofrimento em massa dos que n\u00e3o det\u00eam os meios de produ\u00e7\u00e3o.<\/p>\n<p>O desemprego deve ser combatido com provid\u00eancias que incrementem a economia e fomentem a atividade empresarial, mas n\u00e3o com a precariza\u00e7\u00e3o completa e sem limites das condi\u00e7\u00f5es de trabalho.<\/p>\n<p>Em momentos tenebrosos como este, s\u00f3 resta ao Direito impor a sua for\u00e7a normativa, deixando claro que medidas assim \u2013ainda que almejadas por certos setores pol\u00edticos e econ\u00f4micos\u2013 n\u00e3o s\u00e3o v\u00e1lidas nem admitidas no Estado Democr\u00e1tico de Direito, sendo este fundado na dignidade da pessoa humana.<\/p>\n","protected":false},"excerpt":{"rendered":"<p>Gustavo Filipe Barbosa Garcia A precariza\u00e7\u00e3o das condi\u00e7\u00f5es de trabalho parece ser uma tend\u00eancia que est\u00e1 alcan\u00e7ando n\u00edveis dos mais acentuados nos \u00faltimos tempos, sendo uma das mais recentes propostas aquela que institui a chamada jornada de trabalho m\u00f3vel e flex\u00edvel, que permite ao empregado receber apenas pelo tempo de labor efetivamente prestado e que [&hellip;]<\/p>\n","protected":false},"author":2,"featured_media":124328,"comment_status":"open","ping_status":"closed","sticky":false,"template":"","format":"standard","meta":{"_acf_changed":false,"footnotes":""},"categories":[25],"tags":[],"class_list":["post-124327","post","type-post","status-publish","format-standard","has-post-thumbnail","hentry","category-opina-ai"],"acf":[],"yoast_head":"<!-- This site is optimized with the Yoast SEO plugin v27.5 - https:\/\/yoast.com\/product\/yoast-seo-wordpress\/ -->\n<title>Flexibilizar jornada de trabalho s\u00f3 beneficia o patr\u00e3o - Notibras<\/title>\n<meta name=\"robots\" content=\"index, follow, max-snippet:-1, max-image-preview:large, max-video-preview:-1\" \/>\n<link rel=\"canonical\" href=\"https:\/\/www.notibras.com\/site\/flexibilizar-jornada-de-trabalho-so-beneficia-o-patrao\/\" \/>\n<meta property=\"og:locale\" content=\"pt_BR\" \/>\n<meta property=\"og:type\" content=\"article\" \/>\n<meta property=\"og:title\" content=\"Flexibilizar jornada de trabalho s\u00f3 beneficia o patr\u00e3o - Notibras\" \/>\n<meta property=\"og:description\" content=\"Gustavo Filipe Barbosa Garcia A precariza\u00e7\u00e3o das condi\u00e7\u00f5es de trabalho parece ser uma tend\u00eancia que est\u00e1 alcan\u00e7ando n\u00edveis dos mais acentuados nos \u00faltimos tempos, sendo uma das mais recentes propostas aquela que institui a chamada jornada de trabalho m\u00f3vel e flex\u00edvel, que permite ao empregado receber apenas pelo tempo de labor efetivamente prestado e que [&hellip;]\" \/>\n<meta property=\"og:url\" content=\"https:\/\/www.notibras.com\/site\/flexibilizar-jornada-de-trabalho-so-beneficia-o-patrao\/\" \/>\n<meta property=\"og:site_name\" content=\"Notibras\" \/>\n<meta property=\"article:publisher\" content=\"https:\/\/www.facebook.com\/notibras\/\" \/>\n<meta property=\"article:published_time\" content=\"2016-12-21T09:20:46+00:00\" \/>\n<meta property=\"og:image\" content=\"https:\/\/www.notibras.com\/site\/wp-content\/uploads\/2016\/12\/jornada-de-trabalho-flexivel-isso-e-possivel20141112.jpg\" \/>\n\t<meta property=\"og:image:width\" content=\"960\" \/>\n\t<meta property=\"og:image:height\" content=\"600\" \/>\n\t<meta property=\"og:image:type\" content=\"image\/jpeg\" \/>\n<meta name=\"author\" content=\"Reda\u00e7\u00e3o\" \/>\n<meta name=\"twitter:card\" content=\"summary_large_image\" \/>\n<meta name=\"twitter:creator\" content=\"@Notibras\" \/>\n<meta name=\"twitter:site\" content=\"@Notibras\" \/>\n<meta name=\"twitter:label1\" content=\"Escrito por\" \/>\n\t<meta name=\"twitter:data1\" content=\"Reda\u00e7\u00e3o\" \/>\n\t<meta name=\"twitter:label2\" content=\"Est. tempo de leitura\" \/>\n\t<meta name=\"twitter:data2\" content=\"3 minutos\" \/>\n<script type=\"application\/ld+json\" class=\"yoast-schema-graph\">{\"@context\":\"https:\\\/\\\/schema.org\",\"@graph\":[{\"@type\":\"Article\",\"@id\":\"https:\\\/\\\/www.notibras.com\\\/site\\\/flexibilizar-jornada-de-trabalho-so-beneficia-o-patrao\\\/#article\",\"isPartOf\":{\"@id\":\"https:\\\/\\\/www.notibras.com\\\/site\\\/flexibilizar-jornada-de-trabalho-so-beneficia-o-patrao\\\/\"},\"author\":{\"name\":\"Reda\u00e7\u00e3o\",\"@id\":\"https:\\\/\\\/www.notibras.com\\\/site\\\/#\\\/schema\\\/person\\\/36ab0979449956132d3e5b517ea76ac8\"},\"headline\":\"Flexibilizar jornada de trabalho s\u00f3 beneficia o patr\u00e3o\",\"datePublished\":\"2016-12-21T09:20:46+00:00\",\"mainEntityOfPage\":{\"@id\":\"https:\\\/\\\/www.notibras.com\\\/site\\\/flexibilizar-jornada-de-trabalho-so-beneficia-o-patrao\\\/\"},\"wordCount\":638,\"commentCount\":0,\"publisher\":{\"@id\":\"https:\\\/\\\/www.notibras.com\\\/site\\\/#organization\"},\"image\":{\"@id\":\"https:\\\/\\\/www.notibras.com\\\/site\\\/flexibilizar-jornada-de-trabalho-so-beneficia-o-patrao\\\/#primaryimage\"},\"thumbnailUrl\":\"https:\\\/\\\/www.notibras.com\\\/site\\\/wp-content\\\/uploads\\\/2016\\\/12\\\/jornada-de-trabalho-flexivel-isso-e-possivel20141112.jpg\",\"articleSection\":[\"Opina a\u00ed\"],\"inLanguage\":\"pt-BR\",\"potentialAction\":[{\"@type\":\"CommentAction\",\"name\":\"Comment\",\"target\":[\"https:\\\/\\\/www.notibras.com\\\/site\\\/flexibilizar-jornada-de-trabalho-so-beneficia-o-patrao\\\/#respond\"]}]},{\"@type\":\"WebPage\",\"@id\":\"https:\\\/\\\/www.notibras.com\\\/site\\\/flexibilizar-jornada-de-trabalho-so-beneficia-o-patrao\\\/\",\"url\":\"https:\\\/\\\/www.notibras.com\\\/site\\\/flexibilizar-jornada-de-trabalho-so-beneficia-o-patrao\\\/\",\"name\":\"Flexibilizar jornada de trabalho s\u00f3 beneficia o patr\u00e3o - Notibras\",\"isPartOf\":{\"@id\":\"https:\\\/\\\/www.notibras.com\\\/site\\\/#website\"},\"primaryImageOfPage\":{\"@id\":\"https:\\\/\\\/www.notibras.com\\\/site\\\/flexibilizar-jornada-de-trabalho-so-beneficia-o-patrao\\\/#primaryimage\"},\"image\":{\"@id\":\"https:\\\/\\\/www.notibras.com\\\/site\\\/flexibilizar-jornada-de-trabalho-so-beneficia-o-patrao\\\/#primaryimage\"},\"thumbnailUrl\":\"https:\\\/\\\/www.notibras.com\\\/site\\\/wp-content\\\/uploads\\\/2016\\\/12\\\/jornada-de-trabalho-flexivel-isso-e-possivel20141112.jpg\",\"datePublished\":\"2016-12-21T09:20:46+00:00\",\"breadcrumb\":{\"@id\":\"https:\\\/\\\/www.notibras.com\\\/site\\\/flexibilizar-jornada-de-trabalho-so-beneficia-o-patrao\\\/#breadcrumb\"},\"inLanguage\":\"pt-BR\",\"potentialAction\":[{\"@type\":\"ReadAction\",\"target\":[\"https:\\\/\\\/www.notibras.com\\\/site\\\/flexibilizar-jornada-de-trabalho-so-beneficia-o-patrao\\\/\"]}]},{\"@type\":\"ImageObject\",\"inLanguage\":\"pt-BR\",\"@id\":\"https:\\\/\\\/www.notibras.com\\\/site\\\/flexibilizar-jornada-de-trabalho-so-beneficia-o-patrao\\\/#primaryimage\",\"url\":\"https:\\\/\\\/www.notibras.com\\\/site\\\/wp-content\\\/uploads\\\/2016\\\/12\\\/jornada-de-trabalho-flexivel-isso-e-possivel20141112.jpg\",\"contentUrl\":\"https:\\\/\\\/www.notibras.com\\\/site\\\/wp-content\\\/uploads\\\/2016\\\/12\\\/jornada-de-trabalho-flexivel-isso-e-possivel20141112.jpg\",\"width\":960,\"height\":600},{\"@type\":\"BreadcrumbList\",\"@id\":\"https:\\\/\\\/www.notibras.com\\\/site\\\/flexibilizar-jornada-de-trabalho-so-beneficia-o-patrao\\\/#breadcrumb\",\"itemListElement\":[{\"@type\":\"ListItem\",\"position\":1,\"name\":\"In\u00edcio\",\"item\":\"https:\\\/\\\/www.notibras.com\\\/site\\\/\"},{\"@type\":\"ListItem\",\"position\":2,\"name\":\"Flexibilizar jornada de trabalho s\u00f3 beneficia o patr\u00e3o\"}]},{\"@type\":\"WebSite\",\"@id\":\"https:\\\/\\\/www.notibras.com\\\/site\\\/#website\",\"url\":\"https:\\\/\\\/www.notibras.com\\\/site\\\/\",\"name\":\"Notibras\",\"description\":\"Not\u00edcias de Bras\u00edlia, do Brasil e do Mundo\",\"publisher\":{\"@id\":\"https:\\\/\\\/www.notibras.com\\\/site\\\/#organization\"},\"potentialAction\":[{\"@type\":\"SearchAction\",\"target\":{\"@type\":\"EntryPoint\",\"urlTemplate\":\"https:\\\/\\\/www.notibras.com\\\/site\\\/?s={search_term_string}\"},\"query-input\":{\"@type\":\"PropertyValueSpecification\",\"valueRequired\":true,\"valueName\":\"search_term_string\"}}],\"inLanguage\":\"pt-BR\"},{\"@type\":\"Organization\",\"@id\":\"https:\\\/\\\/www.notibras.com\\\/site\\\/#organization\",\"name\":\"Grupo Notibras de Comunica\u00e7\u00e3o\",\"url\":\"https:\\\/\\\/www.notibras.com\\\/site\\\/\",\"logo\":{\"@type\":\"ImageObject\",\"inLanguage\":\"pt-BR\",\"@id\":\"https:\\\/\\\/www.notibras.com\\\/site\\\/#\\\/schema\\\/logo\\\/image\\\/\",\"url\":\"https:\\\/\\\/www.notibras.com\\\/site\\\/wp-content\\\/uploads\\\/2023\\\/01\\\/notibras23.png\",\"contentUrl\":\"https:\\\/\\\/www.notibras.com\\\/site\\\/wp-content\\\/uploads\\\/2023\\\/01\\\/notibras23.png\",\"width\":350,\"height\":87,\"caption\":\"Grupo Notibras de Comunica\u00e7\u00e3o\"},\"image\":{\"@id\":\"https:\\\/\\\/www.notibras.com\\\/site\\\/#\\\/schema\\\/logo\\\/image\\\/\"},\"sameAs\":[\"https:\\\/\\\/www.facebook.com\\\/notibras\\\/\",\"https:\\\/\\\/x.com\\\/Notibras\",\"https:\\\/\\\/www.instagram.com\\\/notibras\\\/\"]},{\"@type\":\"Person\",\"@id\":\"https:\\\/\\\/www.notibras.com\\\/site\\\/#\\\/schema\\\/person\\\/36ab0979449956132d3e5b517ea76ac8\",\"name\":\"Reda\u00e7\u00e3o\",\"image\":{\"@type\":\"ImageObject\",\"inLanguage\":\"pt-BR\",\"@id\":\"https:\\\/\\\/secure.gravatar.com\\\/avatar\\\/e0a867bdedb85fd243eadf09663511f96fc81e0720a4a42581f334ad4303aa6b?s=96&d=mm&r=g\",\"url\":\"https:\\\/\\\/secure.gravatar.com\\\/avatar\\\/e0a867bdedb85fd243eadf09663511f96fc81e0720a4a42581f334ad4303aa6b?s=96&d=mm&r=g\",\"contentUrl\":\"https:\\\/\\\/secure.gravatar.com\\\/avatar\\\/e0a867bdedb85fd243eadf09663511f96fc81e0720a4a42581f334ad4303aa6b?s=96&d=mm&r=g\",\"caption\":\"Reda\u00e7\u00e3o\"}}]}<\/script>\n<!-- \/ Yoast SEO plugin. -->","yoast_head_json":{"title":"Flexibilizar jornada de trabalho s\u00f3 beneficia o patr\u00e3o - Notibras","robots":{"index":"index","follow":"follow","max-snippet":"max-snippet:-1","max-image-preview":"max-image-preview:large","max-video-preview":"max-video-preview:-1"},"canonical":"https:\/\/www.notibras.com\/site\/flexibilizar-jornada-de-trabalho-so-beneficia-o-patrao\/","og_locale":"pt_BR","og_type":"article","og_title":"Flexibilizar jornada de trabalho s\u00f3 beneficia o patr\u00e3o - Notibras","og_description":"Gustavo Filipe Barbosa Garcia A precariza\u00e7\u00e3o das condi\u00e7\u00f5es de trabalho parece ser uma tend\u00eancia que est\u00e1 alcan\u00e7ando n\u00edveis dos mais acentuados nos \u00faltimos tempos, sendo uma das mais recentes propostas aquela que institui a chamada jornada de trabalho m\u00f3vel e flex\u00edvel, que permite ao empregado receber apenas pelo tempo de labor efetivamente prestado e que [&hellip;]","og_url":"https:\/\/www.notibras.com\/site\/flexibilizar-jornada-de-trabalho-so-beneficia-o-patrao\/","og_site_name":"Notibras","article_publisher":"https:\/\/www.facebook.com\/notibras\/","article_published_time":"2016-12-21T09:20:46+00:00","og_image":[{"width":960,"height":600,"url":"https:\/\/www.notibras.com\/site\/wp-content\/uploads\/2016\/12\/jornada-de-trabalho-flexivel-isso-e-possivel20141112.jpg","type":"image\/jpeg"}],"author":"Reda\u00e7\u00e3o","twitter_card":"summary_large_image","twitter_creator":"@Notibras","twitter_site":"@Notibras","twitter_misc":{"Escrito por":"Reda\u00e7\u00e3o","Est. tempo de leitura":"3 minutos"},"schema":{"@context":"https:\/\/schema.org","@graph":[{"@type":"Article","@id":"https:\/\/www.notibras.com\/site\/flexibilizar-jornada-de-trabalho-so-beneficia-o-patrao\/#article","isPartOf":{"@id":"https:\/\/www.notibras.com\/site\/flexibilizar-jornada-de-trabalho-so-beneficia-o-patrao\/"},"author":{"name":"Reda\u00e7\u00e3o","@id":"https:\/\/www.notibras.com\/site\/#\/schema\/person\/36ab0979449956132d3e5b517ea76ac8"},"headline":"Flexibilizar jornada de trabalho s\u00f3 beneficia o patr\u00e3o","datePublished":"2016-12-21T09:20:46+00:00","mainEntityOfPage":{"@id":"https:\/\/www.notibras.com\/site\/flexibilizar-jornada-de-trabalho-so-beneficia-o-patrao\/"},"wordCount":638,"commentCount":0,"publisher":{"@id":"https:\/\/www.notibras.com\/site\/#organization"},"image":{"@id":"https:\/\/www.notibras.com\/site\/flexibilizar-jornada-de-trabalho-so-beneficia-o-patrao\/#primaryimage"},"thumbnailUrl":"https:\/\/www.notibras.com\/site\/wp-content\/uploads\/2016\/12\/jornada-de-trabalho-flexivel-isso-e-possivel20141112.jpg","articleSection":["Opina a\u00ed"],"inLanguage":"pt-BR","potentialAction":[{"@type":"CommentAction","name":"Comment","target":["https:\/\/www.notibras.com\/site\/flexibilizar-jornada-de-trabalho-so-beneficia-o-patrao\/#respond"]}]},{"@type":"WebPage","@id":"https:\/\/www.notibras.com\/site\/flexibilizar-jornada-de-trabalho-so-beneficia-o-patrao\/","url":"https:\/\/www.notibras.com\/site\/flexibilizar-jornada-de-trabalho-so-beneficia-o-patrao\/","name":"Flexibilizar jornada de trabalho s\u00f3 beneficia o patr\u00e3o - Notibras","isPartOf":{"@id":"https:\/\/www.notibras.com\/site\/#website"},"primaryImageOfPage":{"@id":"https:\/\/www.notibras.com\/site\/flexibilizar-jornada-de-trabalho-so-beneficia-o-patrao\/#primaryimage"},"image":{"@id":"https:\/\/www.notibras.com\/site\/flexibilizar-jornada-de-trabalho-so-beneficia-o-patrao\/#primaryimage"},"thumbnailUrl":"https:\/\/www.notibras.com\/site\/wp-content\/uploads\/2016\/12\/jornada-de-trabalho-flexivel-isso-e-possivel20141112.jpg","datePublished":"2016-12-21T09:20:46+00:00","breadcrumb":{"@id":"https:\/\/www.notibras.com\/site\/flexibilizar-jornada-de-trabalho-so-beneficia-o-patrao\/#breadcrumb"},"inLanguage":"pt-BR","potentialAction":[{"@type":"ReadAction","target":["https:\/\/www.notibras.com\/site\/flexibilizar-jornada-de-trabalho-so-beneficia-o-patrao\/"]}]},{"@type":"ImageObject","inLanguage":"pt-BR","@id":"https:\/\/www.notibras.com\/site\/flexibilizar-jornada-de-trabalho-so-beneficia-o-patrao\/#primaryimage","url":"https:\/\/www.notibras.com\/site\/wp-content\/uploads\/2016\/12\/jornada-de-trabalho-flexivel-isso-e-possivel20141112.jpg","contentUrl":"https:\/\/www.notibras.com\/site\/wp-content\/uploads\/2016\/12\/jornada-de-trabalho-flexivel-isso-e-possivel20141112.jpg","width":960,"height":600},{"@type":"BreadcrumbList","@id":"https:\/\/www.notibras.com\/site\/flexibilizar-jornada-de-trabalho-so-beneficia-o-patrao\/#breadcrumb","itemListElement":[{"@type":"ListItem","position":1,"name":"In\u00edcio","item":"https:\/\/www.notibras.com\/site\/"},{"@type":"ListItem","position":2,"name":"Flexibilizar jornada de trabalho s\u00f3 beneficia o patr\u00e3o"}]},{"@type":"WebSite","@id":"https:\/\/www.notibras.com\/site\/#website","url":"https:\/\/www.notibras.com\/site\/","name":"Notibras","description":"Not\u00edcias de Bras\u00edlia, do Brasil e do Mundo","publisher":{"@id":"https:\/\/www.notibras.com\/site\/#organization"},"potentialAction":[{"@type":"SearchAction","target":{"@type":"EntryPoint","urlTemplate":"https:\/\/www.notibras.com\/site\/?s={search_term_string}"},"query-input":{"@type":"PropertyValueSpecification","valueRequired":true,"valueName":"search_term_string"}}],"inLanguage":"pt-BR"},{"@type":"Organization","@id":"https:\/\/www.notibras.com\/site\/#organization","name":"Grupo Notibras de Comunica\u00e7\u00e3o","url":"https:\/\/www.notibras.com\/site\/","logo":{"@type":"ImageObject","inLanguage":"pt-BR","@id":"https:\/\/www.notibras.com\/site\/#\/schema\/logo\/image\/","url":"https:\/\/www.notibras.com\/site\/wp-content\/uploads\/2023\/01\/notibras23.png","contentUrl":"https:\/\/www.notibras.com\/site\/wp-content\/uploads\/2023\/01\/notibras23.png","width":350,"height":87,"caption":"Grupo Notibras de Comunica\u00e7\u00e3o"},"image":{"@id":"https:\/\/www.notibras.com\/site\/#\/schema\/logo\/image\/"},"sameAs":["https:\/\/www.facebook.com\/notibras\/","https:\/\/x.com\/Notibras","https:\/\/www.instagram.com\/notibras\/"]},{"@type":"Person","@id":"https:\/\/www.notibras.com\/site\/#\/schema\/person\/36ab0979449956132d3e5b517ea76ac8","name":"Reda\u00e7\u00e3o","image":{"@type":"ImageObject","inLanguage":"pt-BR","@id":"https:\/\/secure.gravatar.com\/avatar\/e0a867bdedb85fd243eadf09663511f96fc81e0720a4a42581f334ad4303aa6b?s=96&d=mm&r=g","url":"https:\/\/secure.gravatar.com\/avatar\/e0a867bdedb85fd243eadf09663511f96fc81e0720a4a42581f334ad4303aa6b?s=96&d=mm&r=g","contentUrl":"https:\/\/secure.gravatar.com\/avatar\/e0a867bdedb85fd243eadf09663511f96fc81e0720a4a42581f334ad4303aa6b?s=96&d=mm&r=g","caption":"Reda\u00e7\u00e3o"}}]}},"amp_enabled":true,"_links":{"self":[{"href":"https:\/\/www.notibras.com\/site\/wp-json\/wp\/v2\/posts\/124327","targetHints":{"allow":["GET"]}}],"collection":[{"href":"https:\/\/www.notibras.com\/site\/wp-json\/wp\/v2\/posts"}],"about":[{"href":"https:\/\/www.notibras.com\/site\/wp-json\/wp\/v2\/types\/post"}],"author":[{"embeddable":true,"href":"https:\/\/www.notibras.com\/site\/wp-json\/wp\/v2\/users\/2"}],"replies":[{"embeddable":true,"href":"https:\/\/www.notibras.com\/site\/wp-json\/wp\/v2\/comments?post=124327"}],"version-history":[{"count":1,"href":"https:\/\/www.notibras.com\/site\/wp-json\/wp\/v2\/posts\/124327\/revisions"}],"predecessor-version":[{"id":124329,"href":"https:\/\/www.notibras.com\/site\/wp-json\/wp\/v2\/posts\/124327\/revisions\/124329"}],"wp:featuredmedia":[{"embeddable":true,"href":"https:\/\/www.notibras.com\/site\/wp-json\/wp\/v2\/media\/124328"}],"wp:attachment":[{"href":"https:\/\/www.notibras.com\/site\/wp-json\/wp\/v2\/media?parent=124327"}],"wp:term":[{"taxonomy":"category","embeddable":true,"href":"https:\/\/www.notibras.com\/site\/wp-json\/wp\/v2\/categories?post=124327"},{"taxonomy":"post_tag","embeddable":true,"href":"https:\/\/www.notibras.com\/site\/wp-json\/wp\/v2\/tags?post=124327"}],"curies":[{"name":"wp","href":"https:\/\/api.w.org\/{rel}","templated":true}]}}