{"id":12439,"date":"2014-06-05T13:45:51","date_gmt":"2014-06-05T16:45:51","guid":{"rendered":"http:\/\/www.notibras.com\/site\/?p=12439"},"modified":"2014-06-05T13:45:51","modified_gmt":"2014-06-05T16:45:51","slug":"joaquim-barbosa-hora-de-sair-com-data-certa-para-voltar","status":"publish","type":"post","link":"https:\/\/www.notibras.com\/site\/joaquim-barbosa-hora-de-sair-com-data-certa-para-voltar\/","title":{"rendered":"Joaquim Barbosa, hora de sair com data certa para voltar"},"content":{"rendered":"<p>Odiado pelos petistas e setores do Poder Judici\u00e1rio, mas festejado por onde passa, o ministro Joaquim Barbosa\u00a0 vai sair de cena, mas a sua volta n\u00e3o tardar\u00e1. Vai se aposentar aos 59 anos de idade como ministro do Supremo Tribunal Federal, no fim deste m\u00eas, depois de cumprir 41 anos no servi\u00e7o p\u00fablico. Essa decis\u00e3o ele comunicou, pessoalmente, \u00e0 presidente Dilma\u00a0 Rousseff, aos presidentes da C\u00e2mara dos Deputados e do Senado, e aos seus colegas ministros.<\/p>\n<p>Joaquim Barbosa ganhou notoriedade nacional, na fun\u00e7\u00e3o de relator, pela forma dura como conduziu o processo do mensal\u00e3o, que culminou por levar para a cadeia expressivas figuras do PT e de outros partidos , entre eles Jos\u00e9 Dirceu, Jos\u00e9 Genoino, Del\u00fabio Soares, Jo\u00e3o Paulo Cunha e os ex deputados Roberto Jefferson, Valdemar\u00a0 da Costa Neto e Pedro Henry e mais alguns dirigentes do Banco Rural e empres\u00e1rios.<\/p>\n<p>E tamb\u00e9m por a\u00e7\u00f5es acabando com mordomias e maracutaias em setores do Poder Judici\u00e1rio.<br \/>\nJoaquim Barbosa deixar\u00e1 o Supremo cinco meses antes do t\u00e9rmino do seu mandato de presidente e se aposentar\u00e1 como ministro 10 anos antes do prazo \u2013limite, j\u00e1 que ele s\u00f3 se aposentaria compulsoriamente no Supremo em\u00a0 outubro de 2024, quando completar\u00e1 70 anos de idade. Ele foi indicado ministro, em 2013, pelo ent\u00e3o presidente Lula . Foi o primeiro negro a integrar a mais alta Corte do Brasil.<\/p>\n<p>Sua aposentadoria precoce e inesperada -segundo suas declara\u00e7\u00f5es \u2013se dar\u00e1 pelo cansa\u00e7o, por dores na coluna e pelo descontentamento com a rotina no Supremo. Nos bastidores, contudo, a informa\u00e7\u00e3o corrente \u00e9 que ele se afasta do Supremo devido \u00e0s seguidas amea\u00e7as de morte que tem recebido.<\/p>\n<blockquote><p>\u2018\u2019Meus planos imediatos s\u00e3o dois : o primeiro ver os jogos da Copa, e o segundo \u00e9 descansar\u2019\u2019 \u2013 disse Barbosa aos jornalistas. Depois vai se dedicar \u00e0 vida acad\u00eamica e viajar.<\/p><\/blockquote>\n<p>Em Bras\u00edlia,\u00a0 nos meios pol\u00edticos e judici\u00e1rios, existe a convic\u00e7\u00e3o de que Barbosa deixa o Supremo na hora certa evitando o decl\u00ednio que n\u00e3o raro se segue ao auge. Ele certamente vai ser atra\u00eddo pelas atividades pol\u00edticas. Pela\u00a0 legisla\u00e7\u00e3o eleitoral em vigor est\u00e1 impedido de disputar as elei\u00e7\u00f5es de outubro, j\u00e1 que terminou em abril o prazo para que magistrado se filiasse a um partido.<\/p>\n<p>Os presidenci\u00e1veis A\u00e9cio Neves e Eduardo Campos j\u00e1 estenderam os tapetes vermelhos para receb\u00ea-lo de bra\u00e7os abertos tanto no PSDB como no PSB. No caso de um dos dois sair vitorioso em outubro, h\u00e1 possibilidade de Barbosa ser convidado para ocupar o Minist\u00e9rio da Justi\u00e7a. At\u00e9 o PMDB pensa nele para as elei\u00e7\u00f5es de 2018, quando pretende ter candidato pr\u00f3prio ao Pal\u00e1cio do Planalto.<\/p>\n<p>No lugar de Barbosa, a presid\u00eancia do Supremo ser\u00e1 ocupada pelo atual vice-presidente Ricardo Lewandowski, at\u00e9 novembro, quando ele ser\u00e1 eleito presidente do bi\u00eanio 2015 -2016.<\/p>\n<p>Ficar\u00e1 aberta a possibilidade da presidente Dilma fazer a sua quinta indica\u00e7\u00e3o para o STF. Mas isto s\u00f3 dever\u00e1 acontecer depois das elei\u00e7\u00f5es. At\u00e9 l\u00e1, o Supremo vai funcionar com apenas 10 ministros.<\/p>\n<p>Com a sa\u00edda de Barbosa, o processo do mensal\u00e3o vai ser distribu\u00eddo, por sorteio, a um dos integrantes da Corte. Caber\u00e1 a ele acompanhar a execu\u00e7\u00e3o das penas dos 20 r\u00e9us condenados no julgamento.<\/p>\n<p><strong>Cl\u00e1udio Coletti<\/strong><\/p>\n","protected":false},"excerpt":{"rendered":"<p>Odiado pelos petistas e setores do Poder Judici\u00e1rio, mas festejado por onde passa, o ministro Joaquim Barbosa\u00a0 vai sair de cena, mas a sua volta n\u00e3o tardar\u00e1. Vai se aposentar aos 59 anos de idade como ministro do Supremo Tribunal Federal, no fim deste m\u00eas, depois de cumprir 41 anos no servi\u00e7o p\u00fablico. Essa decis\u00e3o [&hellip;]<\/p>\n","protected":false},"author":2,"featured_media":12440,"comment_status":"open","ping_status":"closed","sticky":false,"template":"","format":"standard","meta":{"_acf_changed":false,"footnotes":""},"categories":[25],"tags":[],"class_list":["post-12439","post","type-post","status-publish","format-standard","has-post-thumbnail","hentry","category-opina-ai"],"acf":[],"yoast_head":"<!-- This site is optimized with the Yoast SEO plugin v27.5 - https:\/\/yoast.com\/product\/yoast-seo-wordpress\/ -->\n<title>Joaquim Barbosa, hora de sair com data certa para voltar - Notibras<\/title>\n<meta name=\"robots\" content=\"index, follow, max-snippet:-1, max-image-preview:large, max-video-preview:-1\" \/>\n<link rel=\"canonical\" href=\"https:\/\/www.notibras.com\/site\/joaquim-barbosa-hora-de-sair-com-data-certa-para-voltar\/\" \/>\n<meta property=\"og:locale\" content=\"pt_BR\" \/>\n<meta property=\"og:type\" content=\"article\" \/>\n<meta property=\"og:title\" content=\"Joaquim Barbosa, hora de sair com data certa para voltar - Notibras\" \/>\n<meta property=\"og:description\" content=\"Odiado pelos petistas e setores do Poder Judici\u00e1rio, mas festejado por onde passa, o ministro Joaquim Barbosa\u00a0 vai sair de cena, mas a sua volta n\u00e3o tardar\u00e1. Vai se aposentar aos 59 anos de idade como ministro do Supremo Tribunal Federal, no fim deste m\u00eas, depois de cumprir 41 anos no servi\u00e7o p\u00fablico. Essa decis\u00e3o [&hellip;]\" \/>\n<meta property=\"og:url\" content=\"https:\/\/www.notibras.com\/site\/joaquim-barbosa-hora-de-sair-com-data-certa-para-voltar\/\" \/>\n<meta property=\"og:site_name\" content=\"Notibras\" \/>\n<meta property=\"article:publisher\" content=\"https:\/\/www.facebook.com\/notibras\/\" \/>\n<meta property=\"article:published_time\" content=\"2014-06-05T16:45:51+00:00\" \/>\n<meta property=\"og:image\" content=\"https:\/\/www.notibras.com\/site\/wp-content\/uploads\/2014\/06\/joaquim-barbosa.jpg\" \/>\n\t<meta property=\"og:image:width\" content=\"651\" \/>\n\t<meta property=\"og:image:height\" content=\"431\" \/>\n\t<meta property=\"og:image:type\" content=\"image\/jpeg\" \/>\n<meta name=\"author\" content=\"Reda\u00e7\u00e3o\" \/>\n<meta name=\"twitter:card\" content=\"summary_large_image\" \/>\n<meta name=\"twitter:creator\" content=\"@Notibras\" \/>\n<meta name=\"twitter:site\" content=\"@Notibras\" \/>\n<meta name=\"twitter:label1\" content=\"Escrito por\" \/>\n\t<meta name=\"twitter:data1\" content=\"Reda\u00e7\u00e3o\" \/>\n\t<meta name=\"twitter:label2\" content=\"Est. tempo de leitura\" \/>\n\t<meta name=\"twitter:data2\" content=\"3 minutos\" \/>\n<script type=\"application\/ld+json\" class=\"yoast-schema-graph\">{\"@context\":\"https:\\\/\\\/schema.org\",\"@graph\":[{\"@type\":\"Article\",\"@id\":\"https:\\\/\\\/www.notibras.com\\\/site\\\/joaquim-barbosa-hora-de-sair-com-data-certa-para-voltar\\\/#article\",\"isPartOf\":{\"@id\":\"https:\\\/\\\/www.notibras.com\\\/site\\\/joaquim-barbosa-hora-de-sair-com-data-certa-para-voltar\\\/\"},\"author\":{\"name\":\"Reda\u00e7\u00e3o\",\"@id\":\"https:\\\/\\\/www.notibras.com\\\/site\\\/#\\\/schema\\\/person\\\/36ab0979449956132d3e5b517ea76ac8\"},\"headline\":\"Joaquim Barbosa, hora de sair com data certa para voltar\",\"datePublished\":\"2014-06-05T16:45:51+00:00\",\"mainEntityOfPage\":{\"@id\":\"https:\\\/\\\/www.notibras.com\\\/site\\\/joaquim-barbosa-hora-de-sair-com-data-certa-para-voltar\\\/\"},\"wordCount\":571,\"commentCount\":0,\"publisher\":{\"@id\":\"https:\\\/\\\/www.notibras.com\\\/site\\\/#organization\"},\"image\":{\"@id\":\"https:\\\/\\\/www.notibras.com\\\/site\\\/joaquim-barbosa-hora-de-sair-com-data-certa-para-voltar\\\/#primaryimage\"},\"thumbnailUrl\":\"https:\\\/\\\/www.notibras.com\\\/site\\\/wp-content\\\/uploads\\\/2014\\\/06\\\/joaquim-barbosa.jpg\",\"articleSection\":[\"Opina a\u00ed\"],\"inLanguage\":\"pt-BR\",\"potentialAction\":[{\"@type\":\"CommentAction\",\"name\":\"Comment\",\"target\":[\"https:\\\/\\\/www.notibras.com\\\/site\\\/joaquim-barbosa-hora-de-sair-com-data-certa-para-voltar\\\/#respond\"]}]},{\"@type\":\"WebPage\",\"@id\":\"https:\\\/\\\/www.notibras.com\\\/site\\\/joaquim-barbosa-hora-de-sair-com-data-certa-para-voltar\\\/\",\"url\":\"https:\\\/\\\/www.notibras.com\\\/site\\\/joaquim-barbosa-hora-de-sair-com-data-certa-para-voltar\\\/\",\"name\":\"Joaquim Barbosa, hora de sair com data certa para voltar - Notibras\",\"isPartOf\":{\"@id\":\"https:\\\/\\\/www.notibras.com\\\/site\\\/#website\"},\"primaryImageOfPage\":{\"@id\":\"https:\\\/\\\/www.notibras.com\\\/site\\\/joaquim-barbosa-hora-de-sair-com-data-certa-para-voltar\\\/#primaryimage\"},\"image\":{\"@id\":\"https:\\\/\\\/www.notibras.com\\\/site\\\/joaquim-barbosa-hora-de-sair-com-data-certa-para-voltar\\\/#primaryimage\"},\"thumbnailUrl\":\"https:\\\/\\\/www.notibras.com\\\/site\\\/wp-content\\\/uploads\\\/2014\\\/06\\\/joaquim-barbosa.jpg\",\"datePublished\":\"2014-06-05T16:45:51+00:00\",\"breadcrumb\":{\"@id\":\"https:\\\/\\\/www.notibras.com\\\/site\\\/joaquim-barbosa-hora-de-sair-com-data-certa-para-voltar\\\/#breadcrumb\"},\"inLanguage\":\"pt-BR\",\"potentialAction\":[{\"@type\":\"ReadAction\",\"target\":[\"https:\\\/\\\/www.notibras.com\\\/site\\\/joaquim-barbosa-hora-de-sair-com-data-certa-para-voltar\\\/\"]}]},{\"@type\":\"ImageObject\",\"inLanguage\":\"pt-BR\",\"@id\":\"https:\\\/\\\/www.notibras.com\\\/site\\\/joaquim-barbosa-hora-de-sair-com-data-certa-para-voltar\\\/#primaryimage\",\"url\":\"https:\\\/\\\/www.notibras.com\\\/site\\\/wp-content\\\/uploads\\\/2014\\\/06\\\/joaquim-barbosa.jpg\",\"contentUrl\":\"https:\\\/\\\/www.notibras.com\\\/site\\\/wp-content\\\/uploads\\\/2014\\\/06\\\/joaquim-barbosa.jpg\",\"width\":651,\"height\":431},{\"@type\":\"BreadcrumbList\",\"@id\":\"https:\\\/\\\/www.notibras.com\\\/site\\\/joaquim-barbosa-hora-de-sair-com-data-certa-para-voltar\\\/#breadcrumb\",\"itemListElement\":[{\"@type\":\"ListItem\",\"position\":1,\"name\":\"In\u00edcio\",\"item\":\"https:\\\/\\\/www.notibras.com\\\/site\\\/\"},{\"@type\":\"ListItem\",\"position\":2,\"name\":\"Joaquim Barbosa, hora de sair com data certa para voltar\"}]},{\"@type\":\"WebSite\",\"@id\":\"https:\\\/\\\/www.notibras.com\\\/site\\\/#website\",\"url\":\"https:\\\/\\\/www.notibras.com\\\/site\\\/\",\"name\":\"Notibras\",\"description\":\"Not\u00edcias de Bras\u00edlia, do Brasil e do Mundo\",\"publisher\":{\"@id\":\"https:\\\/\\\/www.notibras.com\\\/site\\\/#organization\"},\"potentialAction\":[{\"@type\":\"SearchAction\",\"target\":{\"@type\":\"EntryPoint\",\"urlTemplate\":\"https:\\\/\\\/www.notibras.com\\\/site\\\/?s={search_term_string}\"},\"query-input\":{\"@type\":\"PropertyValueSpecification\",\"valueRequired\":true,\"valueName\":\"search_term_string\"}}],\"inLanguage\":\"pt-BR\"},{\"@type\":\"Organization\",\"@id\":\"https:\\\/\\\/www.notibras.com\\\/site\\\/#organization\",\"name\":\"Grupo Notibras de Comunica\u00e7\u00e3o\",\"url\":\"https:\\\/\\\/www.notibras.com\\\/site\\\/\",\"logo\":{\"@type\":\"ImageObject\",\"inLanguage\":\"pt-BR\",\"@id\":\"https:\\\/\\\/www.notibras.com\\\/site\\\/#\\\/schema\\\/logo\\\/image\\\/\",\"url\":\"https:\\\/\\\/www.notibras.com\\\/site\\\/wp-content\\\/uploads\\\/2023\\\/01\\\/notibras23.png\",\"contentUrl\":\"https:\\\/\\\/www.notibras.com\\\/site\\\/wp-content\\\/uploads\\\/2023\\\/01\\\/notibras23.png\",\"width\":350,\"height\":87,\"caption\":\"Grupo Notibras de Comunica\u00e7\u00e3o\"},\"image\":{\"@id\":\"https:\\\/\\\/www.notibras.com\\\/site\\\/#\\\/schema\\\/logo\\\/image\\\/\"},\"sameAs\":[\"https:\\\/\\\/www.facebook.com\\\/notibras\\\/\",\"https:\\\/\\\/x.com\\\/Notibras\",\"https:\\\/\\\/www.instagram.com\\\/notibras\\\/\"]},{\"@type\":\"Person\",\"@id\":\"https:\\\/\\\/www.notibras.com\\\/site\\\/#\\\/schema\\\/person\\\/36ab0979449956132d3e5b517ea76ac8\",\"name\":\"Reda\u00e7\u00e3o\",\"image\":{\"@type\":\"ImageObject\",\"inLanguage\":\"pt-BR\",\"@id\":\"https:\\\/\\\/secure.gravatar.com\\\/avatar\\\/e0a867bdedb85fd243eadf09663511f96fc81e0720a4a42581f334ad4303aa6b?s=96&d=mm&r=g\",\"url\":\"https:\\\/\\\/secure.gravatar.com\\\/avatar\\\/e0a867bdedb85fd243eadf09663511f96fc81e0720a4a42581f334ad4303aa6b?s=96&d=mm&r=g\",\"contentUrl\":\"https:\\\/\\\/secure.gravatar.com\\\/avatar\\\/e0a867bdedb85fd243eadf09663511f96fc81e0720a4a42581f334ad4303aa6b?s=96&d=mm&r=g\",\"caption\":\"Reda\u00e7\u00e3o\"}}]}<\/script>\n<!-- \/ Yoast SEO plugin. -->","yoast_head_json":{"title":"Joaquim Barbosa, hora de sair com data certa para voltar - Notibras","robots":{"index":"index","follow":"follow","max-snippet":"max-snippet:-1","max-image-preview":"max-image-preview:large","max-video-preview":"max-video-preview:-1"},"canonical":"https:\/\/www.notibras.com\/site\/joaquim-barbosa-hora-de-sair-com-data-certa-para-voltar\/","og_locale":"pt_BR","og_type":"article","og_title":"Joaquim Barbosa, hora de sair com data certa para voltar - Notibras","og_description":"Odiado pelos petistas e setores do Poder Judici\u00e1rio, mas festejado por onde passa, o ministro Joaquim Barbosa\u00a0 vai sair de cena, mas a sua volta n\u00e3o tardar\u00e1. Vai se aposentar aos 59 anos de idade como ministro do Supremo Tribunal Federal, no fim deste m\u00eas, depois de cumprir 41 anos no servi\u00e7o p\u00fablico. Essa decis\u00e3o [&hellip;]","og_url":"https:\/\/www.notibras.com\/site\/joaquim-barbosa-hora-de-sair-com-data-certa-para-voltar\/","og_site_name":"Notibras","article_publisher":"https:\/\/www.facebook.com\/notibras\/","article_published_time":"2014-06-05T16:45:51+00:00","og_image":[{"width":651,"height":431,"url":"https:\/\/www.notibras.com\/site\/wp-content\/uploads\/2014\/06\/joaquim-barbosa.jpg","type":"image\/jpeg"}],"author":"Reda\u00e7\u00e3o","twitter_card":"summary_large_image","twitter_creator":"@Notibras","twitter_site":"@Notibras","twitter_misc":{"Escrito por":"Reda\u00e7\u00e3o","Est. tempo de leitura":"3 minutos"},"schema":{"@context":"https:\/\/schema.org","@graph":[{"@type":"Article","@id":"https:\/\/www.notibras.com\/site\/joaquim-barbosa-hora-de-sair-com-data-certa-para-voltar\/#article","isPartOf":{"@id":"https:\/\/www.notibras.com\/site\/joaquim-barbosa-hora-de-sair-com-data-certa-para-voltar\/"},"author":{"name":"Reda\u00e7\u00e3o","@id":"https:\/\/www.notibras.com\/site\/#\/schema\/person\/36ab0979449956132d3e5b517ea76ac8"},"headline":"Joaquim Barbosa, hora de sair com data certa para voltar","datePublished":"2014-06-05T16:45:51+00:00","mainEntityOfPage":{"@id":"https:\/\/www.notibras.com\/site\/joaquim-barbosa-hora-de-sair-com-data-certa-para-voltar\/"},"wordCount":571,"commentCount":0,"publisher":{"@id":"https:\/\/www.notibras.com\/site\/#organization"},"image":{"@id":"https:\/\/www.notibras.com\/site\/joaquim-barbosa-hora-de-sair-com-data-certa-para-voltar\/#primaryimage"},"thumbnailUrl":"https:\/\/www.notibras.com\/site\/wp-content\/uploads\/2014\/06\/joaquim-barbosa.jpg","articleSection":["Opina a\u00ed"],"inLanguage":"pt-BR","potentialAction":[{"@type":"CommentAction","name":"Comment","target":["https:\/\/www.notibras.com\/site\/joaquim-barbosa-hora-de-sair-com-data-certa-para-voltar\/#respond"]}]},{"@type":"WebPage","@id":"https:\/\/www.notibras.com\/site\/joaquim-barbosa-hora-de-sair-com-data-certa-para-voltar\/","url":"https:\/\/www.notibras.com\/site\/joaquim-barbosa-hora-de-sair-com-data-certa-para-voltar\/","name":"Joaquim Barbosa, hora de sair com data certa para voltar - Notibras","isPartOf":{"@id":"https:\/\/www.notibras.com\/site\/#website"},"primaryImageOfPage":{"@id":"https:\/\/www.notibras.com\/site\/joaquim-barbosa-hora-de-sair-com-data-certa-para-voltar\/#primaryimage"},"image":{"@id":"https:\/\/www.notibras.com\/site\/joaquim-barbosa-hora-de-sair-com-data-certa-para-voltar\/#primaryimage"},"thumbnailUrl":"https:\/\/www.notibras.com\/site\/wp-content\/uploads\/2014\/06\/joaquim-barbosa.jpg","datePublished":"2014-06-05T16:45:51+00:00","breadcrumb":{"@id":"https:\/\/www.notibras.com\/site\/joaquim-barbosa-hora-de-sair-com-data-certa-para-voltar\/#breadcrumb"},"inLanguage":"pt-BR","potentialAction":[{"@type":"ReadAction","target":["https:\/\/www.notibras.com\/site\/joaquim-barbosa-hora-de-sair-com-data-certa-para-voltar\/"]}]},{"@type":"ImageObject","inLanguage":"pt-BR","@id":"https:\/\/www.notibras.com\/site\/joaquim-barbosa-hora-de-sair-com-data-certa-para-voltar\/#primaryimage","url":"https:\/\/www.notibras.com\/site\/wp-content\/uploads\/2014\/06\/joaquim-barbosa.jpg","contentUrl":"https:\/\/www.notibras.com\/site\/wp-content\/uploads\/2014\/06\/joaquim-barbosa.jpg","width":651,"height":431},{"@type":"BreadcrumbList","@id":"https:\/\/www.notibras.com\/site\/joaquim-barbosa-hora-de-sair-com-data-certa-para-voltar\/#breadcrumb","itemListElement":[{"@type":"ListItem","position":1,"name":"In\u00edcio","item":"https:\/\/www.notibras.com\/site\/"},{"@type":"ListItem","position":2,"name":"Joaquim Barbosa, hora de sair com data certa para voltar"}]},{"@type":"WebSite","@id":"https:\/\/www.notibras.com\/site\/#website","url":"https:\/\/www.notibras.com\/site\/","name":"Notibras","description":"Not\u00edcias de Bras\u00edlia, do Brasil e do Mundo","publisher":{"@id":"https:\/\/www.notibras.com\/site\/#organization"},"potentialAction":[{"@type":"SearchAction","target":{"@type":"EntryPoint","urlTemplate":"https:\/\/www.notibras.com\/site\/?s={search_term_string}"},"query-input":{"@type":"PropertyValueSpecification","valueRequired":true,"valueName":"search_term_string"}}],"inLanguage":"pt-BR"},{"@type":"Organization","@id":"https:\/\/www.notibras.com\/site\/#organization","name":"Grupo Notibras de Comunica\u00e7\u00e3o","url":"https:\/\/www.notibras.com\/site\/","logo":{"@type":"ImageObject","inLanguage":"pt-BR","@id":"https:\/\/www.notibras.com\/site\/#\/schema\/logo\/image\/","url":"https:\/\/www.notibras.com\/site\/wp-content\/uploads\/2023\/01\/notibras23.png","contentUrl":"https:\/\/www.notibras.com\/site\/wp-content\/uploads\/2023\/01\/notibras23.png","width":350,"height":87,"caption":"Grupo Notibras de Comunica\u00e7\u00e3o"},"image":{"@id":"https:\/\/www.notibras.com\/site\/#\/schema\/logo\/image\/"},"sameAs":["https:\/\/www.facebook.com\/notibras\/","https:\/\/x.com\/Notibras","https:\/\/www.instagram.com\/notibras\/"]},{"@type":"Person","@id":"https:\/\/www.notibras.com\/site\/#\/schema\/person\/36ab0979449956132d3e5b517ea76ac8","name":"Reda\u00e7\u00e3o","image":{"@type":"ImageObject","inLanguage":"pt-BR","@id":"https:\/\/secure.gravatar.com\/avatar\/e0a867bdedb85fd243eadf09663511f96fc81e0720a4a42581f334ad4303aa6b?s=96&d=mm&r=g","url":"https:\/\/secure.gravatar.com\/avatar\/e0a867bdedb85fd243eadf09663511f96fc81e0720a4a42581f334ad4303aa6b?s=96&d=mm&r=g","contentUrl":"https:\/\/secure.gravatar.com\/avatar\/e0a867bdedb85fd243eadf09663511f96fc81e0720a4a42581f334ad4303aa6b?s=96&d=mm&r=g","caption":"Reda\u00e7\u00e3o"}}]}},"amp_enabled":true,"_links":{"self":[{"href":"https:\/\/www.notibras.com\/site\/wp-json\/wp\/v2\/posts\/12439","targetHints":{"allow":["GET"]}}],"collection":[{"href":"https:\/\/www.notibras.com\/site\/wp-json\/wp\/v2\/posts"}],"about":[{"href":"https:\/\/www.notibras.com\/site\/wp-json\/wp\/v2\/types\/post"}],"author":[{"embeddable":true,"href":"https:\/\/www.notibras.com\/site\/wp-json\/wp\/v2\/users\/2"}],"replies":[{"embeddable":true,"href":"https:\/\/www.notibras.com\/site\/wp-json\/wp\/v2\/comments?post=12439"}],"version-history":[{"count":0,"href":"https:\/\/www.notibras.com\/site\/wp-json\/wp\/v2\/posts\/12439\/revisions"}],"wp:featuredmedia":[{"embeddable":true,"href":"https:\/\/www.notibras.com\/site\/wp-json\/wp\/v2\/media\/12440"}],"wp:attachment":[{"href":"https:\/\/www.notibras.com\/site\/wp-json\/wp\/v2\/media?parent=12439"}],"wp:term":[{"taxonomy":"category","embeddable":true,"href":"https:\/\/www.notibras.com\/site\/wp-json\/wp\/v2\/categories?post=12439"},{"taxonomy":"post_tag","embeddable":true,"href":"https:\/\/www.notibras.com\/site\/wp-json\/wp\/v2\/tags?post=12439"}],"curies":[{"name":"wp","href":"https:\/\/api.w.org\/{rel}","templated":true}]}}