{"id":124460,"date":"2016-12-23T08:37:51","date_gmt":"2016-12-23T10:37:51","guid":{"rendered":"http:\/\/www.notibras.com\/site\/?p=124460"},"modified":"2016-12-23T08:39:09","modified_gmt":"2016-12-23T10:39:09","slug":"imposto-sobre-material-escolar-e-um-crime-contra-todos","status":"publish","type":"post","link":"https:\/\/www.notibras.com\/site\/imposto-sobre-material-escolar-e-um-crime-contra-todos\/","title":{"rendered":"Imposto do material escolar \u00e9 um crime contra todos"},"content":{"rendered":"<p><strong>Rubens Passos<\/strong><\/p>\n<p>As reformas previdenci\u00e1ria e trabalhista, as mais avan\u00e7adas na agenda de prioridades do governo federal, s\u00e3o importantes e necess\u00e1rias, por\u00e9m a reforma tribut\u00e1ria tamb\u00e9m \u00e9 t\u00e3o premente quanto. Afinal, o nosso arcaico e oneroso sistema de impostos desestimula a produ\u00e7\u00e3o e os investimentos, reduz a competitividade de nossos produtos, reduz a rentabilidade das empresas e afeta de modo direto as fam\u00edlias.<\/p>\n<p>Exemplo emblem\u00e1tico do problema \u00e9 o per\u00edodo de volta \u00e0s aulas, em que a compra do material escolar para o novo ano letivo \u00e9 um fator com impacto significativo no or\u00e7amento de grande parte das fam\u00edlias brasileiras. Acontece que, em m\u00e9dia, esses produtos s\u00e3o tributados com al\u00edquotas superiores a 40%, encarecendo-os muito. Em anos nos quais surgem fatos circunstanciais que tamb\u00e9m pressionam os custos \u2013como a majora\u00e7\u00e3o de 24% do papel em 2016\u2013, os pre\u00e7os sobem muito para os fabricantes e para os consumidores, e os \u00f4nus s\u00e3o graves para a sociedade.<\/p>\n<p>Na volta \u00e0s aulas, a somat\u00f3ria de todos esses fatores dever\u00e1 ter um impacto de 5% a 10% no valor final de cadernos, fich\u00e1rios e agendas, ou seja, nos produtos a serem comprados pelas fam\u00edlias para o ano letivo de 2017. Com essa carga tribut\u00e1ria, qualquer incidente de percurso na cadeia produtiva, como um reajuste an\u00f4malo de mat\u00e9rias-primas e de insumos, acaba tendo um impacto maior na forma\u00e7\u00e3o de pre\u00e7os.<\/p>\n<p>Esse problema t\u00e3o sens\u00edvel para as fam\u00edlias no per\u00edodo de volta \u00e0s aulas mostra com clareza como o nosso perverso sistema tribut\u00e1rio interfere de modo direto no bolso dos brasileiros, limitando o poder de compra da popula\u00e7\u00e3o e, por conseguinte, a din\u00e2mica de toda a economia.<\/p>\n<p>O IBPT (Instituto Brasileiro de Planejamento e Tributa\u00e7\u00e3o) revela que os materiais escolares s\u00e3o taxados em at\u00e9 47%, como no caso das canetas. Itens como apontador e borracha t\u00eam uma al\u00edquota de 43%; caderno universit\u00e1rio e l\u00e1pis, 35%. Tais al\u00edquotas \u2013considerando que a educa\u00e7\u00e3o \u00e9 fator condicionante \u00e0 inclus\u00e3o social, \u00e0 ascens\u00e3o econ\u00f4mica e ao desenvolvimento\u2013 s\u00e3o um crime contra o Brasil e seu povo.<\/p>\n<p>No caso espec\u00edfico dos artigos escolares, medida eficaz para reduzir o impacto da tributa\u00e7\u00e3o no pre\u00e7o final seria a aprova\u00e7\u00e3o do projeto de lei 6.705\/2009, que prev\u00ea isen\u00e7\u00e3o de IPI e al\u00edquota zero de PIS\/Cofins para esses produtos. A mat\u00e9ria foi votada h\u00e1 sete anos no Senado, mas, inexplicavelmente, segue emperrada na C\u00e2mara dos Deputados. Outra, at\u00e9 mais eficiente, seria a Proposta de Emenda Constitucional 24\/2014, que altera o artigo 150 da Constitui\u00e7\u00e3o e institui a imunidade dos impostos incidentes sobre materiais escolares. Esta est\u00e1 parada no Senado h\u00e1 dois anos<\/p>\n<p>Para os brasileiros, seria muito ben\u00e9fica a aprova\u00e7\u00e3o de leis espec\u00edficas que garantissem a imunidade ou, pelo menos, reduzissem as al\u00edquotas dos artigos escolares. Melhor ainda seria uma reforma tribut\u00e1ria ampla e profunda, culminando em um sistema que desestimulasse a sonega\u00e7\u00e3o, desonerasse a produ\u00e7\u00e3o, deixasse de taxar investimentos e levasse em conta as prioridades nacionais \u2013como o \u00e9 ensino, mas que continuamos devendo qualidade a milh\u00f5es de crian\u00e7as e jovens.<\/p>\n","protected":false},"excerpt":{"rendered":"<p>Rubens Passos As reformas previdenci\u00e1ria e trabalhista, as mais avan\u00e7adas na agenda de prioridades do governo federal, s\u00e3o importantes e necess\u00e1rias, por\u00e9m a reforma tribut\u00e1ria tamb\u00e9m \u00e9 t\u00e3o premente quanto. Afinal, o nosso arcaico e oneroso sistema de impostos desestimula a produ\u00e7\u00e3o e os investimentos, reduz a competitividade de nossos produtos, reduz a rentabilidade das [&hellip;]<\/p>\n","protected":false},"author":2,"featured_media":124461,"comment_status":"open","ping_status":"closed","sticky":false,"template":"","format":"standard","meta":{"_acf_changed":false,"footnotes":""},"categories":[25],"tags":[],"class_list":["post-124460","post","type-post","status-publish","format-standard","has-post-thumbnail","hentry","category-opina-ai"],"acf":[],"yoast_head":"<!-- This site is optimized with the Yoast SEO plugin v27.5 - https:\/\/yoast.com\/product\/yoast-seo-wordpress\/ -->\n<title>Imposto do material escolar \u00e9 um crime contra todos - Notibras<\/title>\n<meta name=\"robots\" content=\"index, follow, max-snippet:-1, max-image-preview:large, max-video-preview:-1\" \/>\n<link rel=\"canonical\" href=\"https:\/\/www.notibras.com\/site\/imposto-sobre-material-escolar-e-um-crime-contra-todos\/\" \/>\n<meta property=\"og:locale\" content=\"pt_BR\" \/>\n<meta property=\"og:type\" content=\"article\" \/>\n<meta property=\"og:title\" content=\"Imposto do material escolar \u00e9 um crime contra todos - Notibras\" \/>\n<meta property=\"og:description\" content=\"Rubens Passos As reformas previdenci\u00e1ria e trabalhista, as mais avan\u00e7adas na agenda de prioridades do governo federal, s\u00e3o importantes e necess\u00e1rias, por\u00e9m a reforma tribut\u00e1ria tamb\u00e9m \u00e9 t\u00e3o premente quanto. Afinal, o nosso arcaico e oneroso sistema de impostos desestimula a produ\u00e7\u00e3o e os investimentos, reduz a competitividade de nossos produtos, reduz a rentabilidade das [&hellip;]\" \/>\n<meta property=\"og:url\" content=\"https:\/\/www.notibras.com\/site\/imposto-sobre-material-escolar-e-um-crime-contra-todos\/\" \/>\n<meta property=\"og:site_name\" content=\"Notibras\" \/>\n<meta property=\"article:publisher\" content=\"https:\/\/www.facebook.com\/notibras\/\" \/>\n<meta property=\"article:published_time\" content=\"2016-12-23T10:37:51+00:00\" \/>\n<meta property=\"article:modified_time\" content=\"2016-12-23T10:39:09+00:00\" \/>\n<meta property=\"og:image\" content=\"https:\/\/www.notibras.com\/site\/wp-content\/uploads\/2016\/12\/e8e5795a35.jpg\" \/>\n\t<meta property=\"og:image:width\" content=\"1600\" \/>\n\t<meta property=\"og:image:height\" content=\"1067\" \/>\n\t<meta property=\"og:image:type\" content=\"image\/jpeg\" \/>\n<meta name=\"author\" content=\"Reda\u00e7\u00e3o\" \/>\n<meta name=\"twitter:card\" content=\"summary_large_image\" \/>\n<meta name=\"twitter:creator\" content=\"@Notibras\" \/>\n<meta name=\"twitter:site\" content=\"@Notibras\" \/>\n<meta name=\"twitter:label1\" content=\"Escrito por\" \/>\n\t<meta name=\"twitter:data1\" content=\"Reda\u00e7\u00e3o\" \/>\n\t<meta name=\"twitter:label2\" content=\"Est. tempo de leitura\" \/>\n\t<meta name=\"twitter:data2\" content=\"3 minutos\" \/>\n<script type=\"application\/ld+json\" class=\"yoast-schema-graph\">{\"@context\":\"https:\\\/\\\/schema.org\",\"@graph\":[{\"@type\":\"Article\",\"@id\":\"https:\\\/\\\/www.notibras.com\\\/site\\\/imposto-sobre-material-escolar-e-um-crime-contra-todos\\\/#article\",\"isPartOf\":{\"@id\":\"https:\\\/\\\/www.notibras.com\\\/site\\\/imposto-sobre-material-escolar-e-um-crime-contra-todos\\\/\"},\"author\":{\"name\":\"Reda\u00e7\u00e3o\",\"@id\":\"https:\\\/\\\/www.notibras.com\\\/site\\\/#\\\/schema\\\/person\\\/36ab0979449956132d3e5b517ea76ac8\"},\"headline\":\"Imposto do material escolar \u00e9 um crime contra todos\",\"datePublished\":\"2016-12-23T10:37:51+00:00\",\"dateModified\":\"2016-12-23T10:39:09+00:00\",\"mainEntityOfPage\":{\"@id\":\"https:\\\/\\\/www.notibras.com\\\/site\\\/imposto-sobre-material-escolar-e-um-crime-contra-todos\\\/\"},\"wordCount\":553,\"commentCount\":0,\"publisher\":{\"@id\":\"https:\\\/\\\/www.notibras.com\\\/site\\\/#organization\"},\"image\":{\"@id\":\"https:\\\/\\\/www.notibras.com\\\/site\\\/imposto-sobre-material-escolar-e-um-crime-contra-todos\\\/#primaryimage\"},\"thumbnailUrl\":\"https:\\\/\\\/www.notibras.com\\\/site\\\/wp-content\\\/uploads\\\/2016\\\/12\\\/e8e5795a35.jpg\",\"articleSection\":[\"Opina a\u00ed\"],\"inLanguage\":\"pt-BR\",\"potentialAction\":[{\"@type\":\"CommentAction\",\"name\":\"Comment\",\"target\":[\"https:\\\/\\\/www.notibras.com\\\/site\\\/imposto-sobre-material-escolar-e-um-crime-contra-todos\\\/#respond\"]}]},{\"@type\":\"WebPage\",\"@id\":\"https:\\\/\\\/www.notibras.com\\\/site\\\/imposto-sobre-material-escolar-e-um-crime-contra-todos\\\/\",\"url\":\"https:\\\/\\\/www.notibras.com\\\/site\\\/imposto-sobre-material-escolar-e-um-crime-contra-todos\\\/\",\"name\":\"Imposto do material escolar \u00e9 um crime contra todos - Notibras\",\"isPartOf\":{\"@id\":\"https:\\\/\\\/www.notibras.com\\\/site\\\/#website\"},\"primaryImageOfPage\":{\"@id\":\"https:\\\/\\\/www.notibras.com\\\/site\\\/imposto-sobre-material-escolar-e-um-crime-contra-todos\\\/#primaryimage\"},\"image\":{\"@id\":\"https:\\\/\\\/www.notibras.com\\\/site\\\/imposto-sobre-material-escolar-e-um-crime-contra-todos\\\/#primaryimage\"},\"thumbnailUrl\":\"https:\\\/\\\/www.notibras.com\\\/site\\\/wp-content\\\/uploads\\\/2016\\\/12\\\/e8e5795a35.jpg\",\"datePublished\":\"2016-12-23T10:37:51+00:00\",\"dateModified\":\"2016-12-23T10:39:09+00:00\",\"breadcrumb\":{\"@id\":\"https:\\\/\\\/www.notibras.com\\\/site\\\/imposto-sobre-material-escolar-e-um-crime-contra-todos\\\/#breadcrumb\"},\"inLanguage\":\"pt-BR\",\"potentialAction\":[{\"@type\":\"ReadAction\",\"target\":[\"https:\\\/\\\/www.notibras.com\\\/site\\\/imposto-sobre-material-escolar-e-um-crime-contra-todos\\\/\"]}]},{\"@type\":\"ImageObject\",\"inLanguage\":\"pt-BR\",\"@id\":\"https:\\\/\\\/www.notibras.com\\\/site\\\/imposto-sobre-material-escolar-e-um-crime-contra-todos\\\/#primaryimage\",\"url\":\"https:\\\/\\\/www.notibras.com\\\/site\\\/wp-content\\\/uploads\\\/2016\\\/12\\\/e8e5795a35.jpg\",\"contentUrl\":\"https:\\\/\\\/www.notibras.com\\\/site\\\/wp-content\\\/uploads\\\/2016\\\/12\\\/e8e5795a35.jpg\",\"width\":1600,\"height\":1067},{\"@type\":\"BreadcrumbList\",\"@id\":\"https:\\\/\\\/www.notibras.com\\\/site\\\/imposto-sobre-material-escolar-e-um-crime-contra-todos\\\/#breadcrumb\",\"itemListElement\":[{\"@type\":\"ListItem\",\"position\":1,\"name\":\"In\u00edcio\",\"item\":\"https:\\\/\\\/www.notibras.com\\\/site\\\/\"},{\"@type\":\"ListItem\",\"position\":2,\"name\":\"Imposto do material escolar \u00e9 um crime contra todos\"}]},{\"@type\":\"WebSite\",\"@id\":\"https:\\\/\\\/www.notibras.com\\\/site\\\/#website\",\"url\":\"https:\\\/\\\/www.notibras.com\\\/site\\\/\",\"name\":\"Notibras\",\"description\":\"Not\u00edcias de Bras\u00edlia, do Brasil e do Mundo\",\"publisher\":{\"@id\":\"https:\\\/\\\/www.notibras.com\\\/site\\\/#organization\"},\"potentialAction\":[{\"@type\":\"SearchAction\",\"target\":{\"@type\":\"EntryPoint\",\"urlTemplate\":\"https:\\\/\\\/www.notibras.com\\\/site\\\/?s={search_term_string}\"},\"query-input\":{\"@type\":\"PropertyValueSpecification\",\"valueRequired\":true,\"valueName\":\"search_term_string\"}}],\"inLanguage\":\"pt-BR\"},{\"@type\":\"Organization\",\"@id\":\"https:\\\/\\\/www.notibras.com\\\/site\\\/#organization\",\"name\":\"Grupo Notibras de Comunica\u00e7\u00e3o\",\"url\":\"https:\\\/\\\/www.notibras.com\\\/site\\\/\",\"logo\":{\"@type\":\"ImageObject\",\"inLanguage\":\"pt-BR\",\"@id\":\"https:\\\/\\\/www.notibras.com\\\/site\\\/#\\\/schema\\\/logo\\\/image\\\/\",\"url\":\"https:\\\/\\\/www.notibras.com\\\/site\\\/wp-content\\\/uploads\\\/2023\\\/01\\\/notibras23.png\",\"contentUrl\":\"https:\\\/\\\/www.notibras.com\\\/site\\\/wp-content\\\/uploads\\\/2023\\\/01\\\/notibras23.png\",\"width\":350,\"height\":87,\"caption\":\"Grupo Notibras de Comunica\u00e7\u00e3o\"},\"image\":{\"@id\":\"https:\\\/\\\/www.notibras.com\\\/site\\\/#\\\/schema\\\/logo\\\/image\\\/\"},\"sameAs\":[\"https:\\\/\\\/www.facebook.com\\\/notibras\\\/\",\"https:\\\/\\\/x.com\\\/Notibras\",\"https:\\\/\\\/www.instagram.com\\\/notibras\\\/\"]},{\"@type\":\"Person\",\"@id\":\"https:\\\/\\\/www.notibras.com\\\/site\\\/#\\\/schema\\\/person\\\/36ab0979449956132d3e5b517ea76ac8\",\"name\":\"Reda\u00e7\u00e3o\",\"image\":{\"@type\":\"ImageObject\",\"inLanguage\":\"pt-BR\",\"@id\":\"https:\\\/\\\/secure.gravatar.com\\\/avatar\\\/e0a867bdedb85fd243eadf09663511f96fc81e0720a4a42581f334ad4303aa6b?s=96&d=mm&r=g\",\"url\":\"https:\\\/\\\/secure.gravatar.com\\\/avatar\\\/e0a867bdedb85fd243eadf09663511f96fc81e0720a4a42581f334ad4303aa6b?s=96&d=mm&r=g\",\"contentUrl\":\"https:\\\/\\\/secure.gravatar.com\\\/avatar\\\/e0a867bdedb85fd243eadf09663511f96fc81e0720a4a42581f334ad4303aa6b?s=96&d=mm&r=g\",\"caption\":\"Reda\u00e7\u00e3o\"}}]}<\/script>\n<!-- \/ Yoast SEO plugin. -->","yoast_head_json":{"title":"Imposto do material escolar \u00e9 um crime contra todos - Notibras","robots":{"index":"index","follow":"follow","max-snippet":"max-snippet:-1","max-image-preview":"max-image-preview:large","max-video-preview":"max-video-preview:-1"},"canonical":"https:\/\/www.notibras.com\/site\/imposto-sobre-material-escolar-e-um-crime-contra-todos\/","og_locale":"pt_BR","og_type":"article","og_title":"Imposto do material escolar \u00e9 um crime contra todos - Notibras","og_description":"Rubens Passos As reformas previdenci\u00e1ria e trabalhista, as mais avan\u00e7adas na agenda de prioridades do governo federal, s\u00e3o importantes e necess\u00e1rias, por\u00e9m a reforma tribut\u00e1ria tamb\u00e9m \u00e9 t\u00e3o premente quanto. Afinal, o nosso arcaico e oneroso sistema de impostos desestimula a produ\u00e7\u00e3o e os investimentos, reduz a competitividade de nossos produtos, reduz a rentabilidade das [&hellip;]","og_url":"https:\/\/www.notibras.com\/site\/imposto-sobre-material-escolar-e-um-crime-contra-todos\/","og_site_name":"Notibras","article_publisher":"https:\/\/www.facebook.com\/notibras\/","article_published_time":"2016-12-23T10:37:51+00:00","article_modified_time":"2016-12-23T10:39:09+00:00","og_image":[{"width":1600,"height":1067,"url":"https:\/\/www.notibras.com\/site\/wp-content\/uploads\/2016\/12\/e8e5795a35.jpg","type":"image\/jpeg"}],"author":"Reda\u00e7\u00e3o","twitter_card":"summary_large_image","twitter_creator":"@Notibras","twitter_site":"@Notibras","twitter_misc":{"Escrito por":"Reda\u00e7\u00e3o","Est. tempo de leitura":"3 minutos"},"schema":{"@context":"https:\/\/schema.org","@graph":[{"@type":"Article","@id":"https:\/\/www.notibras.com\/site\/imposto-sobre-material-escolar-e-um-crime-contra-todos\/#article","isPartOf":{"@id":"https:\/\/www.notibras.com\/site\/imposto-sobre-material-escolar-e-um-crime-contra-todos\/"},"author":{"name":"Reda\u00e7\u00e3o","@id":"https:\/\/www.notibras.com\/site\/#\/schema\/person\/36ab0979449956132d3e5b517ea76ac8"},"headline":"Imposto do material escolar \u00e9 um crime contra todos","datePublished":"2016-12-23T10:37:51+00:00","dateModified":"2016-12-23T10:39:09+00:00","mainEntityOfPage":{"@id":"https:\/\/www.notibras.com\/site\/imposto-sobre-material-escolar-e-um-crime-contra-todos\/"},"wordCount":553,"commentCount":0,"publisher":{"@id":"https:\/\/www.notibras.com\/site\/#organization"},"image":{"@id":"https:\/\/www.notibras.com\/site\/imposto-sobre-material-escolar-e-um-crime-contra-todos\/#primaryimage"},"thumbnailUrl":"https:\/\/www.notibras.com\/site\/wp-content\/uploads\/2016\/12\/e8e5795a35.jpg","articleSection":["Opina a\u00ed"],"inLanguage":"pt-BR","potentialAction":[{"@type":"CommentAction","name":"Comment","target":["https:\/\/www.notibras.com\/site\/imposto-sobre-material-escolar-e-um-crime-contra-todos\/#respond"]}]},{"@type":"WebPage","@id":"https:\/\/www.notibras.com\/site\/imposto-sobre-material-escolar-e-um-crime-contra-todos\/","url":"https:\/\/www.notibras.com\/site\/imposto-sobre-material-escolar-e-um-crime-contra-todos\/","name":"Imposto do material escolar \u00e9 um crime contra todos - Notibras","isPartOf":{"@id":"https:\/\/www.notibras.com\/site\/#website"},"primaryImageOfPage":{"@id":"https:\/\/www.notibras.com\/site\/imposto-sobre-material-escolar-e-um-crime-contra-todos\/#primaryimage"},"image":{"@id":"https:\/\/www.notibras.com\/site\/imposto-sobre-material-escolar-e-um-crime-contra-todos\/#primaryimage"},"thumbnailUrl":"https:\/\/www.notibras.com\/site\/wp-content\/uploads\/2016\/12\/e8e5795a35.jpg","datePublished":"2016-12-23T10:37:51+00:00","dateModified":"2016-12-23T10:39:09+00:00","breadcrumb":{"@id":"https:\/\/www.notibras.com\/site\/imposto-sobre-material-escolar-e-um-crime-contra-todos\/#breadcrumb"},"inLanguage":"pt-BR","potentialAction":[{"@type":"ReadAction","target":["https:\/\/www.notibras.com\/site\/imposto-sobre-material-escolar-e-um-crime-contra-todos\/"]}]},{"@type":"ImageObject","inLanguage":"pt-BR","@id":"https:\/\/www.notibras.com\/site\/imposto-sobre-material-escolar-e-um-crime-contra-todos\/#primaryimage","url":"https:\/\/www.notibras.com\/site\/wp-content\/uploads\/2016\/12\/e8e5795a35.jpg","contentUrl":"https:\/\/www.notibras.com\/site\/wp-content\/uploads\/2016\/12\/e8e5795a35.jpg","width":1600,"height":1067},{"@type":"BreadcrumbList","@id":"https:\/\/www.notibras.com\/site\/imposto-sobre-material-escolar-e-um-crime-contra-todos\/#breadcrumb","itemListElement":[{"@type":"ListItem","position":1,"name":"In\u00edcio","item":"https:\/\/www.notibras.com\/site\/"},{"@type":"ListItem","position":2,"name":"Imposto do material escolar \u00e9 um crime contra todos"}]},{"@type":"WebSite","@id":"https:\/\/www.notibras.com\/site\/#website","url":"https:\/\/www.notibras.com\/site\/","name":"Notibras","description":"Not\u00edcias de Bras\u00edlia, do Brasil e do Mundo","publisher":{"@id":"https:\/\/www.notibras.com\/site\/#organization"},"potentialAction":[{"@type":"SearchAction","target":{"@type":"EntryPoint","urlTemplate":"https:\/\/www.notibras.com\/site\/?s={search_term_string}"},"query-input":{"@type":"PropertyValueSpecification","valueRequired":true,"valueName":"search_term_string"}}],"inLanguage":"pt-BR"},{"@type":"Organization","@id":"https:\/\/www.notibras.com\/site\/#organization","name":"Grupo Notibras de Comunica\u00e7\u00e3o","url":"https:\/\/www.notibras.com\/site\/","logo":{"@type":"ImageObject","inLanguage":"pt-BR","@id":"https:\/\/www.notibras.com\/site\/#\/schema\/logo\/image\/","url":"https:\/\/www.notibras.com\/site\/wp-content\/uploads\/2023\/01\/notibras23.png","contentUrl":"https:\/\/www.notibras.com\/site\/wp-content\/uploads\/2023\/01\/notibras23.png","width":350,"height":87,"caption":"Grupo Notibras de Comunica\u00e7\u00e3o"},"image":{"@id":"https:\/\/www.notibras.com\/site\/#\/schema\/logo\/image\/"},"sameAs":["https:\/\/www.facebook.com\/notibras\/","https:\/\/x.com\/Notibras","https:\/\/www.instagram.com\/notibras\/"]},{"@type":"Person","@id":"https:\/\/www.notibras.com\/site\/#\/schema\/person\/36ab0979449956132d3e5b517ea76ac8","name":"Reda\u00e7\u00e3o","image":{"@type":"ImageObject","inLanguage":"pt-BR","@id":"https:\/\/secure.gravatar.com\/avatar\/e0a867bdedb85fd243eadf09663511f96fc81e0720a4a42581f334ad4303aa6b?s=96&d=mm&r=g","url":"https:\/\/secure.gravatar.com\/avatar\/e0a867bdedb85fd243eadf09663511f96fc81e0720a4a42581f334ad4303aa6b?s=96&d=mm&r=g","contentUrl":"https:\/\/secure.gravatar.com\/avatar\/e0a867bdedb85fd243eadf09663511f96fc81e0720a4a42581f334ad4303aa6b?s=96&d=mm&r=g","caption":"Reda\u00e7\u00e3o"}}]}},"amp_enabled":true,"_links":{"self":[{"href":"https:\/\/www.notibras.com\/site\/wp-json\/wp\/v2\/posts\/124460","targetHints":{"allow":["GET"]}}],"collection":[{"href":"https:\/\/www.notibras.com\/site\/wp-json\/wp\/v2\/posts"}],"about":[{"href":"https:\/\/www.notibras.com\/site\/wp-json\/wp\/v2\/types\/post"}],"author":[{"embeddable":true,"href":"https:\/\/www.notibras.com\/site\/wp-json\/wp\/v2\/users\/2"}],"replies":[{"embeddable":true,"href":"https:\/\/www.notibras.com\/site\/wp-json\/wp\/v2\/comments?post=124460"}],"version-history":[{"count":2,"href":"https:\/\/www.notibras.com\/site\/wp-json\/wp\/v2\/posts\/124460\/revisions"}],"predecessor-version":[{"id":124463,"href":"https:\/\/www.notibras.com\/site\/wp-json\/wp\/v2\/posts\/124460\/revisions\/124463"}],"wp:featuredmedia":[{"embeddable":true,"href":"https:\/\/www.notibras.com\/site\/wp-json\/wp\/v2\/media\/124461"}],"wp:attachment":[{"href":"https:\/\/www.notibras.com\/site\/wp-json\/wp\/v2\/media?parent=124460"}],"wp:term":[{"taxonomy":"category","embeddable":true,"href":"https:\/\/www.notibras.com\/site\/wp-json\/wp\/v2\/categories?post=124460"},{"taxonomy":"post_tag","embeddable":true,"href":"https:\/\/www.notibras.com\/site\/wp-json\/wp\/v2\/tags?post=124460"}],"curies":[{"name":"wp","href":"https:\/\/api.w.org\/{rel}","templated":true}]}}