{"id":12450,"date":"2014-06-05T15:30:13","date_gmt":"2014-06-05T18:30:13","guid":{"rendered":"http:\/\/www.notibras.com\/site\/?p=12450"},"modified":"2014-06-05T18:24:07","modified_gmt":"2014-06-05T21:24:07","slug":"italita-deixa-processo-de-extradicao-de-pizzolato-para-o-fim-de-outubro","status":"publish","type":"post","link":"https:\/\/www.notibras.com\/site\/italita-deixa-processo-de-extradicao-de-pizzolato-para-o-fim-de-outubro\/","title":{"rendered":"It\u00e1lia deixa processo de extradi\u00e7\u00e3o de Pizzolato, o mensaleiro, para outubro"},"content":{"rendered":"<p>A Corte de Apela\u00e7\u00e3o de Bolonha, na It\u00e1lia, adiou para 28 de outubro a decis\u00e3o sobre o pedido do governo brasileiro para extraditar o ex-diretor de Marketing do Banco do Brasil Henrique Pizzolato, condenado a 12 anos e sete meses de pris\u00e3o por lavagem de dinheiro e peculato na A\u00e7\u00e3o Penal 470, o processo do mensal\u00e3o.<\/p>\n<p>Pizzolato fugiu do Brasil em setembro do ano passado, antes do fim do julgamento, e foi preso em fevereiro, em Maranello, na It\u00e1lia. O pedido de extradi\u00e7\u00e3o foi feito pela Procuradoria Geral da Rep\u00fablica e entregue ao governo italiano pelo Minist\u00e9rio das Rela\u00e7\u00f5es Exteriores, em fevereiro. No entendimento da procuradoria, mesmo tendo cidadania italiana, Pizzolato pode ser extraditado para o Brasil.<\/p>\n<p>Antes de saber do adiamento, inicialmente marcado para esta quinta-feira 5, o ministro da Justi\u00e7a, Eduardo Cardozo, comentou o caso. Para ele, se a justi\u00e7a italiana n\u00e3o conceder a extradi\u00e7\u00e3o, o governo brasileiro poder\u00e1 pedir o julgamento do r\u00e9u na It\u00e1lia.<\/p>\n<blockquote><p>\u201cEm primeiro lugar, [vamos] respeitar a soberania daquele pa\u00eds. Em segundo lugar, verificar quais s\u00e3o as medidas que podem ser tomadas. Uma delas \u00e9 que se solicite o julgamento na It\u00e1lia pelos delitos aqui praticados, mas vamos estudar essa hip\u00f3tese depois do julgamento italiano\u201d, disse o ministro. \u201cVamos aguardar e, a partir daquilo que for decidido, n\u00f3s respeitaremos e tomaremos as medidas que os acordos existentes nos autorizarem\u201d, avaliou Cardozo, colocando o julgamento na It\u00e1lia como uma alternativa para que os crimes praticados por Pizzolato no Brasil n\u00e3o fiquem impunes.<\/p><\/blockquote>\n<p>O ministro disse que tem mantido contato frequente com representantes da Advocacia-Geral da Uni\u00e3o (AGU) e com o procurador-Geral da Rep\u00fablica, Rodrigo Janot, que est\u00e3o acompanhando o julgamento. Cardozo informou que, assim que o julgamento do pedido de extradi\u00e7\u00e3o for encerrado, o governo brasileiro entrar\u00e1 em contato com o governo italiano para negociar os pr\u00f3ximos passos a serem dados, que tamb\u00e9m ser\u00e3o acordados com a Procuradoria-Geral da Rep\u00fablica (PGR) e o Supremo Tribunal Federal (STF).<\/p>\n<p>A defesa da extradi\u00e7\u00e3o ser\u00e1 feita por um escrit\u00f3rio de advocacia contratado pela Advocacia-Geral da Uni\u00e3o (AGU). A PGR enviou \u00e0 It\u00e1lia dois procuradores para acompanhar o julgamento. Em sua defesa entregue ao tribunal, Pizzolato afirmou que n\u00e3o pode ser extraditado para o Brasil por ter cidadania italiana, al\u00e9m de alegar que foi submetido a julgamento pol\u00edtico pelo Supremo.<\/p>\n<p>O ministro falou com a imprensa ap\u00f3s participar da inaugura\u00e7\u00e3o do Centro de Gerenciamento e Monitoramento da For\u00e7a Nacional de Seguran\u00e7a P\u00fablica, que coordena as opera\u00e7\u00f5es em todo o Brasil, inclusive na Copa do Mundo, que tem 10 opera\u00e7\u00f5es espec\u00edficas em andamento em oito estados. Ao todo, s\u00e3o 12.355 integrantes prontos para atuar caso seja necess\u00e1rio. &#8220;Para a Copa, estamos atuando de maneira integrada. N\u00f3s vamos fazer a interliga\u00e7\u00e3o dos centros de comando e controle nacionais e regionais. Esse \u00e9 um legado para o pa\u00eds: da integra\u00e7\u00e3o, da agilidade decis\u00f3ria, da perspectiva da eleva\u00e7\u00e3o da efici\u00eancia dos \u00f3rg\u00e3os de seguran\u00e7a p\u00fablica&#8221;, avaliou.<\/p>\n<div class=\"node-info\"><strong>Danilo Macedo e Andr\u00e9 Richter, ABr<\/strong><strong><br \/>\n<\/strong><\/div>\n","protected":false},"excerpt":{"rendered":"<p>A Corte de Apela\u00e7\u00e3o de Bolonha, na It\u00e1lia, adiou para 28 de outubro a decis\u00e3o sobre o pedido do governo brasileiro para extraditar o ex-diretor de Marketing do Banco do Brasil Henrique Pizzolato, condenado a 12 anos e sete meses de pris\u00e3o por lavagem de dinheiro e peculato na A\u00e7\u00e3o Penal 470, o processo do [&hellip;]<\/p>\n","protected":false},"author":2,"featured_media":12451,"comment_status":"open","ping_status":"closed","sticky":false,"template":"","format":"standard","meta":{"_acf_changed":false,"footnotes":""},"categories":[16],"tags":[],"class_list":["post-12450","post","type-post","status-publish","format-standard","has-post-thumbnail","hentry","category-brasil"],"acf":[],"yoast_head":"<!-- This site is optimized with the Yoast SEO plugin v27.2 - https:\/\/yoast.com\/product\/yoast-seo-wordpress\/ -->\n<title>It\u00e1lia deixa processo de extradi\u00e7\u00e3o de Pizzolato, o mensaleiro, para outubro - Notibras<\/title>\n<meta name=\"robots\" content=\"index, follow, max-snippet:-1, max-image-preview:large, max-video-preview:-1\" \/>\n<link rel=\"canonical\" href=\"https:\/\/www.notibras.com\/site\/italita-deixa-processo-de-extradicao-de-pizzolato-para-o-fim-de-outubro\/\" \/>\n<meta property=\"og:locale\" content=\"pt_BR\" \/>\n<meta property=\"og:type\" content=\"article\" \/>\n<meta property=\"og:title\" content=\"It\u00e1lia deixa processo de extradi\u00e7\u00e3o de Pizzolato, o mensaleiro, para outubro - Notibras\" \/>\n<meta property=\"og:description\" content=\"A Corte de Apela\u00e7\u00e3o de Bolonha, na It\u00e1lia, adiou para 28 de outubro a decis\u00e3o sobre o pedido do governo brasileiro para extraditar o ex-diretor de Marketing do Banco do Brasil Henrique Pizzolato, condenado a 12 anos e sete meses de pris\u00e3o por lavagem de dinheiro e peculato na A\u00e7\u00e3o Penal 470, o processo do [&hellip;]\" \/>\n<meta property=\"og:url\" content=\"https:\/\/www.notibras.com\/site\/italita-deixa-processo-de-extradicao-de-pizzolato-para-o-fim-de-outubro\/\" \/>\n<meta property=\"og:site_name\" content=\"Notibras\" \/>\n<meta property=\"article:publisher\" content=\"https:\/\/www.facebook.com\/notibras\/\" \/>\n<meta property=\"article:published_time\" content=\"2014-06-05T18:30:13+00:00\" \/>\n<meta property=\"article:modified_time\" content=\"2014-06-05T21:24:07+00:00\" \/>\n<meta property=\"og:image\" content=\"https:\/\/www.notibras.com\/site\/wp-content\/uploads\/2014\/06\/08henriquepizzolato.jpg\" \/>\n\t<meta property=\"og:image:width\" content=\"619\" \/>\n\t<meta property=\"og:image:height\" content=\"464\" \/>\n\t<meta property=\"og:image:type\" content=\"image\/jpeg\" \/>\n<meta name=\"author\" content=\"Reda\u00e7\u00e3o\" \/>\n<meta name=\"twitter:card\" content=\"summary_large_image\" \/>\n<meta name=\"twitter:creator\" content=\"@Notibras\" \/>\n<meta name=\"twitter:site\" content=\"@Notibras\" \/>\n<meta name=\"twitter:label1\" content=\"Escrito por\" \/>\n\t<meta name=\"twitter:data1\" content=\"Reda\u00e7\u00e3o\" \/>\n\t<meta name=\"twitter:label2\" content=\"Est. tempo de leitura\" \/>\n\t<meta name=\"twitter:data2\" content=\"3 minutos\" \/>\n<script type=\"application\/ld+json\" class=\"yoast-schema-graph\">{\"@context\":\"https:\/\/schema.org\",\"@graph\":[{\"@type\":\"Article\",\"@id\":\"https:\/\/www.notibras.com\/site\/italita-deixa-processo-de-extradicao-de-pizzolato-para-o-fim-de-outubro\/#article\",\"isPartOf\":{\"@id\":\"https:\/\/www.notibras.com\/site\/italita-deixa-processo-de-extradicao-de-pizzolato-para-o-fim-de-outubro\/\"},\"author\":{\"name\":\"Reda\u00e7\u00e3o\",\"@id\":\"https:\/\/www.notibras.com\/site\/#\/schema\/person\/36ab0979449956132d3e5b517ea76ac8\"},\"headline\":\"It\u00e1lia deixa processo de extradi\u00e7\u00e3o de Pizzolato, o mensaleiro, para outubro\",\"datePublished\":\"2014-06-05T18:30:13+00:00\",\"dateModified\":\"2014-06-05T21:24:07+00:00\",\"mainEntityOfPage\":{\"@id\":\"https:\/\/www.notibras.com\/site\/italita-deixa-processo-de-extradicao-de-pizzolato-para-o-fim-de-outubro\/\"},\"wordCount\":553,\"commentCount\":0,\"publisher\":{\"@id\":\"https:\/\/www.notibras.com\/site\/#organization\"},\"image\":{\"@id\":\"https:\/\/www.notibras.com\/site\/italita-deixa-processo-de-extradicao-de-pizzolato-para-o-fim-de-outubro\/#primaryimage\"},\"thumbnailUrl\":\"https:\/\/www.notibras.com\/site\/wp-content\/uploads\/2014\/06\/08henriquepizzolato.jpg\",\"articleSection\":[\"Brasil\"],\"inLanguage\":\"pt-BR\",\"potentialAction\":[{\"@type\":\"CommentAction\",\"name\":\"Comment\",\"target\":[\"https:\/\/www.notibras.com\/site\/italita-deixa-processo-de-extradicao-de-pizzolato-para-o-fim-de-outubro\/#respond\"]}]},{\"@type\":\"WebPage\",\"@id\":\"https:\/\/www.notibras.com\/site\/italita-deixa-processo-de-extradicao-de-pizzolato-para-o-fim-de-outubro\/\",\"url\":\"https:\/\/www.notibras.com\/site\/italita-deixa-processo-de-extradicao-de-pizzolato-para-o-fim-de-outubro\/\",\"name\":\"It\u00e1lia deixa processo de extradi\u00e7\u00e3o de Pizzolato, o mensaleiro, para outubro - Notibras\",\"isPartOf\":{\"@id\":\"https:\/\/www.notibras.com\/site\/#website\"},\"primaryImageOfPage\":{\"@id\":\"https:\/\/www.notibras.com\/site\/italita-deixa-processo-de-extradicao-de-pizzolato-para-o-fim-de-outubro\/#primaryimage\"},\"image\":{\"@id\":\"https:\/\/www.notibras.com\/site\/italita-deixa-processo-de-extradicao-de-pizzolato-para-o-fim-de-outubro\/#primaryimage\"},\"thumbnailUrl\":\"https:\/\/www.notibras.com\/site\/wp-content\/uploads\/2014\/06\/08henriquepizzolato.jpg\",\"datePublished\":\"2014-06-05T18:30:13+00:00\",\"dateModified\":\"2014-06-05T21:24:07+00:00\",\"breadcrumb\":{\"@id\":\"https:\/\/www.notibras.com\/site\/italita-deixa-processo-de-extradicao-de-pizzolato-para-o-fim-de-outubro\/#breadcrumb\"},\"inLanguage\":\"pt-BR\",\"potentialAction\":[{\"@type\":\"ReadAction\",\"target\":[\"https:\/\/www.notibras.com\/site\/italita-deixa-processo-de-extradicao-de-pizzolato-para-o-fim-de-outubro\/\"]}]},{\"@type\":\"ImageObject\",\"inLanguage\":\"pt-BR\",\"@id\":\"https:\/\/www.notibras.com\/site\/italita-deixa-processo-de-extradicao-de-pizzolato-para-o-fim-de-outubro\/#primaryimage\",\"url\":\"https:\/\/www.notibras.com\/site\/wp-content\/uploads\/2014\/06\/08henriquepizzolato.jpg\",\"contentUrl\":\"https:\/\/www.notibras.com\/site\/wp-content\/uploads\/2014\/06\/08henriquepizzolato.jpg\",\"width\":619,\"height\":464},{\"@type\":\"BreadcrumbList\",\"@id\":\"https:\/\/www.notibras.com\/site\/italita-deixa-processo-de-extradicao-de-pizzolato-para-o-fim-de-outubro\/#breadcrumb\",\"itemListElement\":[{\"@type\":\"ListItem\",\"position\":1,\"name\":\"In\u00edcio\",\"item\":\"https:\/\/www.notibras.com\/site\/\"},{\"@type\":\"ListItem\",\"position\":2,\"name\":\"It\u00e1lia deixa processo de extradi\u00e7\u00e3o de Pizzolato, o mensaleiro, para outubro\"}]},{\"@type\":\"WebSite\",\"@id\":\"https:\/\/www.notibras.com\/site\/#website\",\"url\":\"https:\/\/www.notibras.com\/site\/\",\"name\":\"Notibras\",\"description\":\"Not\u00edcias de Bras\u00edlia, do Brasil e do Mundo\",\"publisher\":{\"@id\":\"https:\/\/www.notibras.com\/site\/#organization\"},\"potentialAction\":[{\"@type\":\"SearchAction\",\"target\":{\"@type\":\"EntryPoint\",\"urlTemplate\":\"https:\/\/www.notibras.com\/site\/?s={search_term_string}\"},\"query-input\":{\"@type\":\"PropertyValueSpecification\",\"valueRequired\":true,\"valueName\":\"search_term_string\"}}],\"inLanguage\":\"pt-BR\"},{\"@type\":\"Organization\",\"@id\":\"https:\/\/www.notibras.com\/site\/#organization\",\"name\":\"Grupo Notibras de Comunica\u00e7\u00e3o\",\"url\":\"https:\/\/www.notibras.com\/site\/\",\"logo\":{\"@type\":\"ImageObject\",\"inLanguage\":\"pt-BR\",\"@id\":\"https:\/\/www.notibras.com\/site\/#\/schema\/logo\/image\/\",\"url\":\"https:\/\/www.notibras.com\/site\/wp-content\/uploads\/2023\/01\/notibras23.png\",\"contentUrl\":\"https:\/\/www.notibras.com\/site\/wp-content\/uploads\/2023\/01\/notibras23.png\",\"width\":350,\"height\":87,\"caption\":\"Grupo Notibras de Comunica\u00e7\u00e3o\"},\"image\":{\"@id\":\"https:\/\/www.notibras.com\/site\/#\/schema\/logo\/image\/\"},\"sameAs\":[\"https:\/\/www.facebook.com\/notibras\/\",\"https:\/\/x.com\/Notibras\",\"https:\/\/www.instagram.com\/notibras\/\"]},{\"@type\":\"Person\",\"@id\":\"https:\/\/www.notibras.com\/site\/#\/schema\/person\/36ab0979449956132d3e5b517ea76ac8\",\"name\":\"Reda\u00e7\u00e3o\",\"image\":{\"@type\":\"ImageObject\",\"inLanguage\":\"pt-BR\",\"@id\":\"https:\/\/secure.gravatar.com\/avatar\/e0a867bdedb85fd243eadf09663511f96fc81e0720a4a42581f334ad4303aa6b?s=96&d=mm&r=g\",\"url\":\"https:\/\/secure.gravatar.com\/avatar\/e0a867bdedb85fd243eadf09663511f96fc81e0720a4a42581f334ad4303aa6b?s=96&d=mm&r=g\",\"contentUrl\":\"https:\/\/secure.gravatar.com\/avatar\/e0a867bdedb85fd243eadf09663511f96fc81e0720a4a42581f334ad4303aa6b?s=96&d=mm&r=g\",\"caption\":\"Reda\u00e7\u00e3o\"}}]}<\/script>\n<!-- \/ Yoast SEO plugin. -->","yoast_head_json":{"title":"It\u00e1lia deixa processo de extradi\u00e7\u00e3o de Pizzolato, o mensaleiro, para outubro - Notibras","robots":{"index":"index","follow":"follow","max-snippet":"max-snippet:-1","max-image-preview":"max-image-preview:large","max-video-preview":"max-video-preview:-1"},"canonical":"https:\/\/www.notibras.com\/site\/italita-deixa-processo-de-extradicao-de-pizzolato-para-o-fim-de-outubro\/","og_locale":"pt_BR","og_type":"article","og_title":"It\u00e1lia deixa processo de extradi\u00e7\u00e3o de Pizzolato, o mensaleiro, para outubro - Notibras","og_description":"A Corte de Apela\u00e7\u00e3o de Bolonha, na It\u00e1lia, adiou para 28 de outubro a decis\u00e3o sobre o pedido do governo brasileiro para extraditar o ex-diretor de Marketing do Banco do Brasil Henrique Pizzolato, condenado a 12 anos e sete meses de pris\u00e3o por lavagem de dinheiro e peculato na A\u00e7\u00e3o Penal 470, o processo do [&hellip;]","og_url":"https:\/\/www.notibras.com\/site\/italita-deixa-processo-de-extradicao-de-pizzolato-para-o-fim-de-outubro\/","og_site_name":"Notibras","article_publisher":"https:\/\/www.facebook.com\/notibras\/","article_published_time":"2014-06-05T18:30:13+00:00","article_modified_time":"2014-06-05T21:24:07+00:00","og_image":[{"width":619,"height":464,"url":"https:\/\/www.notibras.com\/site\/wp-content\/uploads\/2014\/06\/08henriquepizzolato.jpg","type":"image\/jpeg"}],"author":"Reda\u00e7\u00e3o","twitter_card":"summary_large_image","twitter_creator":"@Notibras","twitter_site":"@Notibras","twitter_misc":{"Escrito por":"Reda\u00e7\u00e3o","Est. tempo de leitura":"3 minutos"},"schema":{"@context":"https:\/\/schema.org","@graph":[{"@type":"Article","@id":"https:\/\/www.notibras.com\/site\/italita-deixa-processo-de-extradicao-de-pizzolato-para-o-fim-de-outubro\/#article","isPartOf":{"@id":"https:\/\/www.notibras.com\/site\/italita-deixa-processo-de-extradicao-de-pizzolato-para-o-fim-de-outubro\/"},"author":{"name":"Reda\u00e7\u00e3o","@id":"https:\/\/www.notibras.com\/site\/#\/schema\/person\/36ab0979449956132d3e5b517ea76ac8"},"headline":"It\u00e1lia deixa processo de extradi\u00e7\u00e3o de Pizzolato, o mensaleiro, para outubro","datePublished":"2014-06-05T18:30:13+00:00","dateModified":"2014-06-05T21:24:07+00:00","mainEntityOfPage":{"@id":"https:\/\/www.notibras.com\/site\/italita-deixa-processo-de-extradicao-de-pizzolato-para-o-fim-de-outubro\/"},"wordCount":553,"commentCount":0,"publisher":{"@id":"https:\/\/www.notibras.com\/site\/#organization"},"image":{"@id":"https:\/\/www.notibras.com\/site\/italita-deixa-processo-de-extradicao-de-pizzolato-para-o-fim-de-outubro\/#primaryimage"},"thumbnailUrl":"https:\/\/www.notibras.com\/site\/wp-content\/uploads\/2014\/06\/08henriquepizzolato.jpg","articleSection":["Brasil"],"inLanguage":"pt-BR","potentialAction":[{"@type":"CommentAction","name":"Comment","target":["https:\/\/www.notibras.com\/site\/italita-deixa-processo-de-extradicao-de-pizzolato-para-o-fim-de-outubro\/#respond"]}]},{"@type":"WebPage","@id":"https:\/\/www.notibras.com\/site\/italita-deixa-processo-de-extradicao-de-pizzolato-para-o-fim-de-outubro\/","url":"https:\/\/www.notibras.com\/site\/italita-deixa-processo-de-extradicao-de-pizzolato-para-o-fim-de-outubro\/","name":"It\u00e1lia deixa processo de extradi\u00e7\u00e3o de Pizzolato, o mensaleiro, para outubro - Notibras","isPartOf":{"@id":"https:\/\/www.notibras.com\/site\/#website"},"primaryImageOfPage":{"@id":"https:\/\/www.notibras.com\/site\/italita-deixa-processo-de-extradicao-de-pizzolato-para-o-fim-de-outubro\/#primaryimage"},"image":{"@id":"https:\/\/www.notibras.com\/site\/italita-deixa-processo-de-extradicao-de-pizzolato-para-o-fim-de-outubro\/#primaryimage"},"thumbnailUrl":"https:\/\/www.notibras.com\/site\/wp-content\/uploads\/2014\/06\/08henriquepizzolato.jpg","datePublished":"2014-06-05T18:30:13+00:00","dateModified":"2014-06-05T21:24:07+00:00","breadcrumb":{"@id":"https:\/\/www.notibras.com\/site\/italita-deixa-processo-de-extradicao-de-pizzolato-para-o-fim-de-outubro\/#breadcrumb"},"inLanguage":"pt-BR","potentialAction":[{"@type":"ReadAction","target":["https:\/\/www.notibras.com\/site\/italita-deixa-processo-de-extradicao-de-pizzolato-para-o-fim-de-outubro\/"]}]},{"@type":"ImageObject","inLanguage":"pt-BR","@id":"https:\/\/www.notibras.com\/site\/italita-deixa-processo-de-extradicao-de-pizzolato-para-o-fim-de-outubro\/#primaryimage","url":"https:\/\/www.notibras.com\/site\/wp-content\/uploads\/2014\/06\/08henriquepizzolato.jpg","contentUrl":"https:\/\/www.notibras.com\/site\/wp-content\/uploads\/2014\/06\/08henriquepizzolato.jpg","width":619,"height":464},{"@type":"BreadcrumbList","@id":"https:\/\/www.notibras.com\/site\/italita-deixa-processo-de-extradicao-de-pizzolato-para-o-fim-de-outubro\/#breadcrumb","itemListElement":[{"@type":"ListItem","position":1,"name":"In\u00edcio","item":"https:\/\/www.notibras.com\/site\/"},{"@type":"ListItem","position":2,"name":"It\u00e1lia deixa processo de extradi\u00e7\u00e3o de Pizzolato, o mensaleiro, para outubro"}]},{"@type":"WebSite","@id":"https:\/\/www.notibras.com\/site\/#website","url":"https:\/\/www.notibras.com\/site\/","name":"Notibras","description":"Not\u00edcias de Bras\u00edlia, do Brasil e do Mundo","publisher":{"@id":"https:\/\/www.notibras.com\/site\/#organization"},"potentialAction":[{"@type":"SearchAction","target":{"@type":"EntryPoint","urlTemplate":"https:\/\/www.notibras.com\/site\/?s={search_term_string}"},"query-input":{"@type":"PropertyValueSpecification","valueRequired":true,"valueName":"search_term_string"}}],"inLanguage":"pt-BR"},{"@type":"Organization","@id":"https:\/\/www.notibras.com\/site\/#organization","name":"Grupo Notibras de Comunica\u00e7\u00e3o","url":"https:\/\/www.notibras.com\/site\/","logo":{"@type":"ImageObject","inLanguage":"pt-BR","@id":"https:\/\/www.notibras.com\/site\/#\/schema\/logo\/image\/","url":"https:\/\/www.notibras.com\/site\/wp-content\/uploads\/2023\/01\/notibras23.png","contentUrl":"https:\/\/www.notibras.com\/site\/wp-content\/uploads\/2023\/01\/notibras23.png","width":350,"height":87,"caption":"Grupo Notibras de Comunica\u00e7\u00e3o"},"image":{"@id":"https:\/\/www.notibras.com\/site\/#\/schema\/logo\/image\/"},"sameAs":["https:\/\/www.facebook.com\/notibras\/","https:\/\/x.com\/Notibras","https:\/\/www.instagram.com\/notibras\/"]},{"@type":"Person","@id":"https:\/\/www.notibras.com\/site\/#\/schema\/person\/36ab0979449956132d3e5b517ea76ac8","name":"Reda\u00e7\u00e3o","image":{"@type":"ImageObject","inLanguage":"pt-BR","@id":"https:\/\/secure.gravatar.com\/avatar\/e0a867bdedb85fd243eadf09663511f96fc81e0720a4a42581f334ad4303aa6b?s=96&d=mm&r=g","url":"https:\/\/secure.gravatar.com\/avatar\/e0a867bdedb85fd243eadf09663511f96fc81e0720a4a42581f334ad4303aa6b?s=96&d=mm&r=g","contentUrl":"https:\/\/secure.gravatar.com\/avatar\/e0a867bdedb85fd243eadf09663511f96fc81e0720a4a42581f334ad4303aa6b?s=96&d=mm&r=g","caption":"Reda\u00e7\u00e3o"}}]}},"amp_enabled":true,"_links":{"self":[{"href":"https:\/\/www.notibras.com\/site\/wp-json\/wp\/v2\/posts\/12450","targetHints":{"allow":["GET"]}}],"collection":[{"href":"https:\/\/www.notibras.com\/site\/wp-json\/wp\/v2\/posts"}],"about":[{"href":"https:\/\/www.notibras.com\/site\/wp-json\/wp\/v2\/types\/post"}],"author":[{"embeddable":true,"href":"https:\/\/www.notibras.com\/site\/wp-json\/wp\/v2\/users\/2"}],"replies":[{"embeddable":true,"href":"https:\/\/www.notibras.com\/site\/wp-json\/wp\/v2\/comments?post=12450"}],"version-history":[{"count":0,"href":"https:\/\/www.notibras.com\/site\/wp-json\/wp\/v2\/posts\/12450\/revisions"}],"wp:featuredmedia":[{"embeddable":true,"href":"https:\/\/www.notibras.com\/site\/wp-json\/wp\/v2\/media\/12451"}],"wp:attachment":[{"href":"https:\/\/www.notibras.com\/site\/wp-json\/wp\/v2\/media?parent=12450"}],"wp:term":[{"taxonomy":"category","embeddable":true,"href":"https:\/\/www.notibras.com\/site\/wp-json\/wp\/v2\/categories?post=12450"},{"taxonomy":"post_tag","embeddable":true,"href":"https:\/\/www.notibras.com\/site\/wp-json\/wp\/v2\/tags?post=12450"}],"curies":[{"name":"wp","href":"https:\/\/api.w.org\/{rel}","templated":true}]}}