{"id":124654,"date":"2016-12-26T08:06:41","date_gmt":"2016-12-26T10:06:41","guid":{"rendered":"http:\/\/www.notibras.com\/site\/?p=124654"},"modified":"2016-12-26T08:06:41","modified_gmt":"2016-12-26T10:06:41","slug":"decididamente-brasil-e-um-caso-de-policia","status":"publish","type":"post","link":"https:\/\/www.notibras.com\/site\/decididamente-brasil-e-um-caso-de-policia\/","title":{"rendered":"Decididamente, Brasil \u00e9 um caso de pol\u00edcia"},"content":{"rendered":"<p><strong>Percival Puggina<\/strong><\/p>\n<p>H\u00e1 semanas, li sobre achados do INSS atrav\u00e9s do pente-fino que vem passando nos aux\u00edlios-doen\u00e7a que paga. H\u00e1 falecidos que todo m\u00eas removem suas l\u00e1pides para comparecer ao caixa. H\u00e1 licen\u00e7as de 15 dias que se prolongam por anos. H\u00e1 gravidez de risco que persiste quando o nascituro j\u00e1 est\u00e1 alfabetizado.<\/p>\n<p>Mas esses s\u00e3o casos extravagantes. Contemplando todo o cen\u00e1rio, j\u00e1 recaem suspeitas sobre 80% dos benef\u00edciosde aux\u00edlio-doen\u00e7a previdenci\u00e1rio e aux\u00edlio-doen\u00e7a acident\u00e1rio que v\u00eam sendo pagos!<\/p>\n<p>\u00c9 mais ou menos dessa \u00e9poca, tamb\u00e9m, a not\u00edcia de que o MPF, cruzando dados de diversas fontes oficiais mediante ferramentas de intelig\u00eancia, encontrou &#8220;perfis suspeitos&#8221; de irregularidades em mais de 870 mil benefici\u00e1rios do Bolsa Fam\u00edlia que teriam recebido indevidamente um valor total estimado de R$ 3,3 bilh\u00f5es.<\/p>\n<p>Nem o ambiente acad\u00eamico, onde os recursos da mente sobressaem os reclamos do corpo, escapa \u00e0s tenta\u00e7\u00f5es da corrup\u00e7\u00e3o se o risco for baixo, a pena incerta e o processo criminal ardilosamente longo. Recentemente, a Opera\u00e7\u00e3o PHD da Pol\u00edcia Federal prendeu professores universit\u00e1rios e servidores ligados a um programa de p\u00f3s-gradua\u00e7\u00e3o em Sa\u00fade Coletiva na UFRGS.<\/p>\n<p>Al\u00e9m de quantos se dedicam ao crime organizado nas suas express\u00f5es mais &#8220;profissionalizadas&#8221; &#8211; tr\u00e1fico de drogas, roubo de autom\u00f3veis e de cargas, contrabando, descaminho, abigeato, entre outras &#8211; existem na vida social milh\u00f5es de pessoas dedicadas a ganhar o p\u00e3o, o bolo e, melhor ainda, a charlotte fran\u00e7aise, com o suor do rosto alheio.<\/p>\n<p>A vitrine das corrup\u00e7\u00f5es poss\u00edveis atende as mais variadas expectativas. Do Bolsa Fam\u00edlia sup\u00e9rfluo, ao pixuleco milion\u00e1rio. S\u00e3o opera\u00e7\u00f5es relativamente f\u00e1ceis porque o governo \u00e9 meticuloso na receita e negligente no gasto.<\/p>\n<p>As melhores not\u00edcias destes anos de cofres saqueados e raspados nos v\u00eam de Curitiba, onde uma for\u00e7a-tarefa que opera junto \u00e0 13\u00aa Vara da Justi\u00e7a Federal, sem padrinhos e sem compadres, mostra denodo incomum no combate \u00e0 corrup\u00e7\u00e3o dos hierarcas da Rep\u00fablica.<\/p>\n<p>Falta-nos, agora, uma for\u00e7a-tarefa para, com igual vigor, agir contra as fraudes praticadas por multid\u00f5es. Ali est\u00e3o os eleitores que, por serem dados a desonestidades de pouca monta, n\u00e3o se importam de eleger e reeleger corruptos not\u00f3rios e not\u00e1veis. Pessoas condenadas por tais pr\u00e1ticas deveriam ter direitos pol\u00edticos suspensos, tanto quanto \u00e9 determinado em lei para pol\u00edticos sentenciados. Quanto menor o n\u00famero de eleitores corruptos, menor ser\u00e1, por certo, o n\u00famero de criminosos eleitos.<\/p>\n","protected":false},"excerpt":{"rendered":"<p>Percival Puggina H\u00e1 semanas, li sobre achados do INSS atrav\u00e9s do pente-fino que vem passando nos aux\u00edlios-doen\u00e7a que paga. H\u00e1 falecidos que todo m\u00eas removem suas l\u00e1pides para comparecer ao caixa. H\u00e1 licen\u00e7as de 15 dias que se prolongam por anos. H\u00e1 gravidez de risco que persiste quando o nascituro j\u00e1 est\u00e1 alfabetizado. Mas esses [&hellip;]<\/p>\n","protected":false},"author":2,"featured_media":124655,"comment_status":"open","ping_status":"closed","sticky":false,"template":"","format":"standard","meta":{"_acf_changed":false,"footnotes":""},"categories":[25],"tags":[],"class_list":["post-124654","post","type-post","status-publish","format-standard","has-post-thumbnail","hentry","category-opina-ai"],"acf":[],"yoast_head":"<!-- This site is optimized with the Yoast SEO plugin v27.5 - https:\/\/yoast.com\/product\/yoast-seo-wordpress\/ -->\n<title>Decididamente, Brasil \u00e9 um caso de pol\u00edcia - Notibras<\/title>\n<meta name=\"robots\" content=\"index, follow, max-snippet:-1, max-image-preview:large, max-video-preview:-1\" \/>\n<link rel=\"canonical\" href=\"https:\/\/www.notibras.com\/site\/decididamente-brasil-e-um-caso-de-policia\/\" \/>\n<meta property=\"og:locale\" content=\"pt_BR\" \/>\n<meta property=\"og:type\" content=\"article\" \/>\n<meta property=\"og:title\" content=\"Decididamente, Brasil \u00e9 um caso de pol\u00edcia - Notibras\" \/>\n<meta property=\"og:description\" content=\"Percival Puggina H\u00e1 semanas, li sobre achados do INSS atrav\u00e9s do pente-fino que vem passando nos aux\u00edlios-doen\u00e7a que paga. H\u00e1 falecidos que todo m\u00eas removem suas l\u00e1pides para comparecer ao caixa. H\u00e1 licen\u00e7as de 15 dias que se prolongam por anos. H\u00e1 gravidez de risco que persiste quando o nascituro j\u00e1 est\u00e1 alfabetizado. Mas esses [&hellip;]\" \/>\n<meta property=\"og:url\" content=\"https:\/\/www.notibras.com\/site\/decididamente-brasil-e-um-caso-de-policia\/\" \/>\n<meta property=\"og:site_name\" content=\"Notibras\" \/>\n<meta property=\"article:publisher\" content=\"https:\/\/www.facebook.com\/notibras\/\" \/>\n<meta property=\"article:published_time\" content=\"2016-12-26T10:06:41+00:00\" \/>\n<meta property=\"og:image\" content=\"https:\/\/www.notibras.com\/site\/wp-content\/uploads\/2016\/12\/corrup\u00e7\u00e3o-1-1.jpg\" \/>\n\t<meta property=\"og:image:width\" content=\"2200\" \/>\n\t<meta property=\"og:image:height\" content=\"1520\" \/>\n\t<meta property=\"og:image:type\" content=\"image\/jpeg\" \/>\n<meta name=\"author\" content=\"Reda\u00e7\u00e3o\" \/>\n<meta name=\"twitter:card\" content=\"summary_large_image\" \/>\n<meta name=\"twitter:creator\" content=\"@Notibras\" \/>\n<meta name=\"twitter:site\" content=\"@Notibras\" \/>\n<meta name=\"twitter:label1\" content=\"Escrito por\" \/>\n\t<meta name=\"twitter:data1\" content=\"Reda\u00e7\u00e3o\" \/>\n\t<meta name=\"twitter:label2\" content=\"Est. tempo de leitura\" \/>\n\t<meta name=\"twitter:data2\" content=\"2 minutos\" \/>\n<script type=\"application\/ld+json\" class=\"yoast-schema-graph\">{\"@context\":\"https:\\\/\\\/schema.org\",\"@graph\":[{\"@type\":\"Article\",\"@id\":\"https:\\\/\\\/www.notibras.com\\\/site\\\/decididamente-brasil-e-um-caso-de-policia\\\/#article\",\"isPartOf\":{\"@id\":\"https:\\\/\\\/www.notibras.com\\\/site\\\/decididamente-brasil-e-um-caso-de-policia\\\/\"},\"author\":{\"name\":\"Reda\u00e7\u00e3o\",\"@id\":\"https:\\\/\\\/www.notibras.com\\\/site\\\/#\\\/schema\\\/person\\\/36ab0979449956132d3e5b517ea76ac8\"},\"headline\":\"Decididamente, Brasil \u00e9 um caso de pol\u00edcia\",\"datePublished\":\"2016-12-26T10:06:41+00:00\",\"mainEntityOfPage\":{\"@id\":\"https:\\\/\\\/www.notibras.com\\\/site\\\/decididamente-brasil-e-um-caso-de-policia\\\/\"},\"wordCount\":446,\"commentCount\":0,\"publisher\":{\"@id\":\"https:\\\/\\\/www.notibras.com\\\/site\\\/#organization\"},\"image\":{\"@id\":\"https:\\\/\\\/www.notibras.com\\\/site\\\/decididamente-brasil-e-um-caso-de-policia\\\/#primaryimage\"},\"thumbnailUrl\":\"https:\\\/\\\/www.notibras.com\\\/site\\\/wp-content\\\/uploads\\\/2016\\\/12\\\/corrup\u00e7\u00e3o-1-1.jpg\",\"articleSection\":[\"Opina a\u00ed\"],\"inLanguage\":\"pt-BR\",\"potentialAction\":[{\"@type\":\"CommentAction\",\"name\":\"Comment\",\"target\":[\"https:\\\/\\\/www.notibras.com\\\/site\\\/decididamente-brasil-e-um-caso-de-policia\\\/#respond\"]}]},{\"@type\":\"WebPage\",\"@id\":\"https:\\\/\\\/www.notibras.com\\\/site\\\/decididamente-brasil-e-um-caso-de-policia\\\/\",\"url\":\"https:\\\/\\\/www.notibras.com\\\/site\\\/decididamente-brasil-e-um-caso-de-policia\\\/\",\"name\":\"Decididamente, Brasil \u00e9 um caso de pol\u00edcia - Notibras\",\"isPartOf\":{\"@id\":\"https:\\\/\\\/www.notibras.com\\\/site\\\/#website\"},\"primaryImageOfPage\":{\"@id\":\"https:\\\/\\\/www.notibras.com\\\/site\\\/decididamente-brasil-e-um-caso-de-policia\\\/#primaryimage\"},\"image\":{\"@id\":\"https:\\\/\\\/www.notibras.com\\\/site\\\/decididamente-brasil-e-um-caso-de-policia\\\/#primaryimage\"},\"thumbnailUrl\":\"https:\\\/\\\/www.notibras.com\\\/site\\\/wp-content\\\/uploads\\\/2016\\\/12\\\/corrup\u00e7\u00e3o-1-1.jpg\",\"datePublished\":\"2016-12-26T10:06:41+00:00\",\"breadcrumb\":{\"@id\":\"https:\\\/\\\/www.notibras.com\\\/site\\\/decididamente-brasil-e-um-caso-de-policia\\\/#breadcrumb\"},\"inLanguage\":\"pt-BR\",\"potentialAction\":[{\"@type\":\"ReadAction\",\"target\":[\"https:\\\/\\\/www.notibras.com\\\/site\\\/decididamente-brasil-e-um-caso-de-policia\\\/\"]}]},{\"@type\":\"ImageObject\",\"inLanguage\":\"pt-BR\",\"@id\":\"https:\\\/\\\/www.notibras.com\\\/site\\\/decididamente-brasil-e-um-caso-de-policia\\\/#primaryimage\",\"url\":\"https:\\\/\\\/www.notibras.com\\\/site\\\/wp-content\\\/uploads\\\/2016\\\/12\\\/corrup\u00e7\u00e3o-1-1.jpg\",\"contentUrl\":\"https:\\\/\\\/www.notibras.com\\\/site\\\/wp-content\\\/uploads\\\/2016\\\/12\\\/corrup\u00e7\u00e3o-1-1.jpg\",\"width\":2200,\"height\":1520},{\"@type\":\"BreadcrumbList\",\"@id\":\"https:\\\/\\\/www.notibras.com\\\/site\\\/decididamente-brasil-e-um-caso-de-policia\\\/#breadcrumb\",\"itemListElement\":[{\"@type\":\"ListItem\",\"position\":1,\"name\":\"In\u00edcio\",\"item\":\"https:\\\/\\\/www.notibras.com\\\/site\\\/\"},{\"@type\":\"ListItem\",\"position\":2,\"name\":\"Decididamente, Brasil \u00e9 um caso de pol\u00edcia\"}]},{\"@type\":\"WebSite\",\"@id\":\"https:\\\/\\\/www.notibras.com\\\/site\\\/#website\",\"url\":\"https:\\\/\\\/www.notibras.com\\\/site\\\/\",\"name\":\"Notibras\",\"description\":\"Not\u00edcias de Bras\u00edlia, do Brasil e do Mundo\",\"publisher\":{\"@id\":\"https:\\\/\\\/www.notibras.com\\\/site\\\/#organization\"},\"potentialAction\":[{\"@type\":\"SearchAction\",\"target\":{\"@type\":\"EntryPoint\",\"urlTemplate\":\"https:\\\/\\\/www.notibras.com\\\/site\\\/?s={search_term_string}\"},\"query-input\":{\"@type\":\"PropertyValueSpecification\",\"valueRequired\":true,\"valueName\":\"search_term_string\"}}],\"inLanguage\":\"pt-BR\"},{\"@type\":\"Organization\",\"@id\":\"https:\\\/\\\/www.notibras.com\\\/site\\\/#organization\",\"name\":\"Grupo Notibras de Comunica\u00e7\u00e3o\",\"url\":\"https:\\\/\\\/www.notibras.com\\\/site\\\/\",\"logo\":{\"@type\":\"ImageObject\",\"inLanguage\":\"pt-BR\",\"@id\":\"https:\\\/\\\/www.notibras.com\\\/site\\\/#\\\/schema\\\/logo\\\/image\\\/\",\"url\":\"https:\\\/\\\/www.notibras.com\\\/site\\\/wp-content\\\/uploads\\\/2023\\\/01\\\/notibras23.png\",\"contentUrl\":\"https:\\\/\\\/www.notibras.com\\\/site\\\/wp-content\\\/uploads\\\/2023\\\/01\\\/notibras23.png\",\"width\":350,\"height\":87,\"caption\":\"Grupo Notibras de Comunica\u00e7\u00e3o\"},\"image\":{\"@id\":\"https:\\\/\\\/www.notibras.com\\\/site\\\/#\\\/schema\\\/logo\\\/image\\\/\"},\"sameAs\":[\"https:\\\/\\\/www.facebook.com\\\/notibras\\\/\",\"https:\\\/\\\/x.com\\\/Notibras\",\"https:\\\/\\\/www.instagram.com\\\/notibras\\\/\"]},{\"@type\":\"Person\",\"@id\":\"https:\\\/\\\/www.notibras.com\\\/site\\\/#\\\/schema\\\/person\\\/36ab0979449956132d3e5b517ea76ac8\",\"name\":\"Reda\u00e7\u00e3o\",\"image\":{\"@type\":\"ImageObject\",\"inLanguage\":\"pt-BR\",\"@id\":\"https:\\\/\\\/secure.gravatar.com\\\/avatar\\\/e0a867bdedb85fd243eadf09663511f96fc81e0720a4a42581f334ad4303aa6b?s=96&d=mm&r=g\",\"url\":\"https:\\\/\\\/secure.gravatar.com\\\/avatar\\\/e0a867bdedb85fd243eadf09663511f96fc81e0720a4a42581f334ad4303aa6b?s=96&d=mm&r=g\",\"contentUrl\":\"https:\\\/\\\/secure.gravatar.com\\\/avatar\\\/e0a867bdedb85fd243eadf09663511f96fc81e0720a4a42581f334ad4303aa6b?s=96&d=mm&r=g\",\"caption\":\"Reda\u00e7\u00e3o\"}}]}<\/script>\n<!-- \/ Yoast SEO plugin. -->","yoast_head_json":{"title":"Decididamente, Brasil \u00e9 um caso de pol\u00edcia - Notibras","robots":{"index":"index","follow":"follow","max-snippet":"max-snippet:-1","max-image-preview":"max-image-preview:large","max-video-preview":"max-video-preview:-1"},"canonical":"https:\/\/www.notibras.com\/site\/decididamente-brasil-e-um-caso-de-policia\/","og_locale":"pt_BR","og_type":"article","og_title":"Decididamente, Brasil \u00e9 um caso de pol\u00edcia - Notibras","og_description":"Percival Puggina H\u00e1 semanas, li sobre achados do INSS atrav\u00e9s do pente-fino que vem passando nos aux\u00edlios-doen\u00e7a que paga. H\u00e1 falecidos que todo m\u00eas removem suas l\u00e1pides para comparecer ao caixa. H\u00e1 licen\u00e7as de 15 dias que se prolongam por anos. H\u00e1 gravidez de risco que persiste quando o nascituro j\u00e1 est\u00e1 alfabetizado. Mas esses [&hellip;]","og_url":"https:\/\/www.notibras.com\/site\/decididamente-brasil-e-um-caso-de-policia\/","og_site_name":"Notibras","article_publisher":"https:\/\/www.facebook.com\/notibras\/","article_published_time":"2016-12-26T10:06:41+00:00","og_image":[{"width":2200,"height":1520,"url":"https:\/\/www.notibras.com\/site\/wp-content\/uploads\/2016\/12\/corrup\u00e7\u00e3o-1-1.jpg","type":"image\/jpeg"}],"author":"Reda\u00e7\u00e3o","twitter_card":"summary_large_image","twitter_creator":"@Notibras","twitter_site":"@Notibras","twitter_misc":{"Escrito por":"Reda\u00e7\u00e3o","Est. tempo de leitura":"2 minutos"},"schema":{"@context":"https:\/\/schema.org","@graph":[{"@type":"Article","@id":"https:\/\/www.notibras.com\/site\/decididamente-brasil-e-um-caso-de-policia\/#article","isPartOf":{"@id":"https:\/\/www.notibras.com\/site\/decididamente-brasil-e-um-caso-de-policia\/"},"author":{"name":"Reda\u00e7\u00e3o","@id":"https:\/\/www.notibras.com\/site\/#\/schema\/person\/36ab0979449956132d3e5b517ea76ac8"},"headline":"Decididamente, Brasil \u00e9 um caso de pol\u00edcia","datePublished":"2016-12-26T10:06:41+00:00","mainEntityOfPage":{"@id":"https:\/\/www.notibras.com\/site\/decididamente-brasil-e-um-caso-de-policia\/"},"wordCount":446,"commentCount":0,"publisher":{"@id":"https:\/\/www.notibras.com\/site\/#organization"},"image":{"@id":"https:\/\/www.notibras.com\/site\/decididamente-brasil-e-um-caso-de-policia\/#primaryimage"},"thumbnailUrl":"https:\/\/www.notibras.com\/site\/wp-content\/uploads\/2016\/12\/corrup\u00e7\u00e3o-1-1.jpg","articleSection":["Opina a\u00ed"],"inLanguage":"pt-BR","potentialAction":[{"@type":"CommentAction","name":"Comment","target":["https:\/\/www.notibras.com\/site\/decididamente-brasil-e-um-caso-de-policia\/#respond"]}]},{"@type":"WebPage","@id":"https:\/\/www.notibras.com\/site\/decididamente-brasil-e-um-caso-de-policia\/","url":"https:\/\/www.notibras.com\/site\/decididamente-brasil-e-um-caso-de-policia\/","name":"Decididamente, Brasil \u00e9 um caso de pol\u00edcia - Notibras","isPartOf":{"@id":"https:\/\/www.notibras.com\/site\/#website"},"primaryImageOfPage":{"@id":"https:\/\/www.notibras.com\/site\/decididamente-brasil-e-um-caso-de-policia\/#primaryimage"},"image":{"@id":"https:\/\/www.notibras.com\/site\/decididamente-brasil-e-um-caso-de-policia\/#primaryimage"},"thumbnailUrl":"https:\/\/www.notibras.com\/site\/wp-content\/uploads\/2016\/12\/corrup\u00e7\u00e3o-1-1.jpg","datePublished":"2016-12-26T10:06:41+00:00","breadcrumb":{"@id":"https:\/\/www.notibras.com\/site\/decididamente-brasil-e-um-caso-de-policia\/#breadcrumb"},"inLanguage":"pt-BR","potentialAction":[{"@type":"ReadAction","target":["https:\/\/www.notibras.com\/site\/decididamente-brasil-e-um-caso-de-policia\/"]}]},{"@type":"ImageObject","inLanguage":"pt-BR","@id":"https:\/\/www.notibras.com\/site\/decididamente-brasil-e-um-caso-de-policia\/#primaryimage","url":"https:\/\/www.notibras.com\/site\/wp-content\/uploads\/2016\/12\/corrup\u00e7\u00e3o-1-1.jpg","contentUrl":"https:\/\/www.notibras.com\/site\/wp-content\/uploads\/2016\/12\/corrup\u00e7\u00e3o-1-1.jpg","width":2200,"height":1520},{"@type":"BreadcrumbList","@id":"https:\/\/www.notibras.com\/site\/decididamente-brasil-e-um-caso-de-policia\/#breadcrumb","itemListElement":[{"@type":"ListItem","position":1,"name":"In\u00edcio","item":"https:\/\/www.notibras.com\/site\/"},{"@type":"ListItem","position":2,"name":"Decididamente, Brasil \u00e9 um caso de pol\u00edcia"}]},{"@type":"WebSite","@id":"https:\/\/www.notibras.com\/site\/#website","url":"https:\/\/www.notibras.com\/site\/","name":"Notibras","description":"Not\u00edcias de Bras\u00edlia, do Brasil e do Mundo","publisher":{"@id":"https:\/\/www.notibras.com\/site\/#organization"},"potentialAction":[{"@type":"SearchAction","target":{"@type":"EntryPoint","urlTemplate":"https:\/\/www.notibras.com\/site\/?s={search_term_string}"},"query-input":{"@type":"PropertyValueSpecification","valueRequired":true,"valueName":"search_term_string"}}],"inLanguage":"pt-BR"},{"@type":"Organization","@id":"https:\/\/www.notibras.com\/site\/#organization","name":"Grupo Notibras de Comunica\u00e7\u00e3o","url":"https:\/\/www.notibras.com\/site\/","logo":{"@type":"ImageObject","inLanguage":"pt-BR","@id":"https:\/\/www.notibras.com\/site\/#\/schema\/logo\/image\/","url":"https:\/\/www.notibras.com\/site\/wp-content\/uploads\/2023\/01\/notibras23.png","contentUrl":"https:\/\/www.notibras.com\/site\/wp-content\/uploads\/2023\/01\/notibras23.png","width":350,"height":87,"caption":"Grupo Notibras de Comunica\u00e7\u00e3o"},"image":{"@id":"https:\/\/www.notibras.com\/site\/#\/schema\/logo\/image\/"},"sameAs":["https:\/\/www.facebook.com\/notibras\/","https:\/\/x.com\/Notibras","https:\/\/www.instagram.com\/notibras\/"]},{"@type":"Person","@id":"https:\/\/www.notibras.com\/site\/#\/schema\/person\/36ab0979449956132d3e5b517ea76ac8","name":"Reda\u00e7\u00e3o","image":{"@type":"ImageObject","inLanguage":"pt-BR","@id":"https:\/\/secure.gravatar.com\/avatar\/e0a867bdedb85fd243eadf09663511f96fc81e0720a4a42581f334ad4303aa6b?s=96&d=mm&r=g","url":"https:\/\/secure.gravatar.com\/avatar\/e0a867bdedb85fd243eadf09663511f96fc81e0720a4a42581f334ad4303aa6b?s=96&d=mm&r=g","contentUrl":"https:\/\/secure.gravatar.com\/avatar\/e0a867bdedb85fd243eadf09663511f96fc81e0720a4a42581f334ad4303aa6b?s=96&d=mm&r=g","caption":"Reda\u00e7\u00e3o"}}]}},"amp_enabled":true,"_links":{"self":[{"href":"https:\/\/www.notibras.com\/site\/wp-json\/wp\/v2\/posts\/124654","targetHints":{"allow":["GET"]}}],"collection":[{"href":"https:\/\/www.notibras.com\/site\/wp-json\/wp\/v2\/posts"}],"about":[{"href":"https:\/\/www.notibras.com\/site\/wp-json\/wp\/v2\/types\/post"}],"author":[{"embeddable":true,"href":"https:\/\/www.notibras.com\/site\/wp-json\/wp\/v2\/users\/2"}],"replies":[{"embeddable":true,"href":"https:\/\/www.notibras.com\/site\/wp-json\/wp\/v2\/comments?post=124654"}],"version-history":[{"count":1,"href":"https:\/\/www.notibras.com\/site\/wp-json\/wp\/v2\/posts\/124654\/revisions"}],"predecessor-version":[{"id":124656,"href":"https:\/\/www.notibras.com\/site\/wp-json\/wp\/v2\/posts\/124654\/revisions\/124656"}],"wp:featuredmedia":[{"embeddable":true,"href":"https:\/\/www.notibras.com\/site\/wp-json\/wp\/v2\/media\/124655"}],"wp:attachment":[{"href":"https:\/\/www.notibras.com\/site\/wp-json\/wp\/v2\/media?parent=124654"}],"wp:term":[{"taxonomy":"category","embeddable":true,"href":"https:\/\/www.notibras.com\/site\/wp-json\/wp\/v2\/categories?post=124654"},{"taxonomy":"post_tag","embeddable":true,"href":"https:\/\/www.notibras.com\/site\/wp-json\/wp\/v2\/tags?post=124654"}],"curies":[{"name":"wp","href":"https:\/\/api.w.org\/{rel}","templated":true}]}}