{"id":124706,"date":"2016-12-27T06:25:48","date_gmt":"2016-12-27T08:25:48","guid":{"rendered":"http:\/\/www.notibras.com\/site\/?p=124706"},"modified":"2016-12-27T06:25:48","modified_gmt":"2016-12-27T08:25:48","slug":"brasil-atende-cazuza-e-mostra-sua-verdadeira-cara","status":"publish","type":"post","link":"https:\/\/www.notibras.com\/site\/brasil-atende-cazuza-e-mostra-sua-verdadeira-cara\/","title":{"rendered":"Brasil atende Cazuza e mostra a sua verdadeira cara"},"content":{"rendered":"<p><strong>Celso Lungaretti<\/strong><\/p>\n<p>&#8220;N\u00e3o me convidaram pra essa festa pobre\/\/que os homens armaram pra me convencer\/\/a pagar sem ver toda essa droga\/\/que j\u00e1 vem malhada antes de eu nascer&#8221; (Brasil, Cazuza).<\/p>\n<p>O que come\u00e7a a transpirar da dela\u00e7\u00e3o premiada da Odebrecht confirma que ela n\u00e3o deixar\u00e1 pedra sobre pedra na pol\u00edtica brasileira.<\/p>\n<p>Mas, exatamente a quem interessam, desta vez, os vazamentos alarmistas, quase apocal\u00edpticos? \u00d3bvio ululante: aos m\u00e3os sujas, que querem deter a limpeza em curso.<\/p>\n<p>Pois, quando o presidente da Rep\u00fablica e o governador do Estado mais poderoso t\u00eam suas cabe\u00e7as colocadas sob a guilhotina, juntamente com parlamentares a granel, cria-se a comunh\u00e3o de interesses necess\u00e1ria para uma solu\u00e7\u00e3o crapulosa prosperar, com apoio amplo, geral e irrestrito dos podres Poderes, sob o pretexto de que a alternativa ser\u00e1 o pa\u00eds mergulhar no caos e a economia ir definitivamente para o brejo.<\/p>\n<p>E o Partido dos Trabalhadores? O PT far\u00e1 discursos inflamados, nada mais, se inclu\u00edrem no pacote uma boia para o Lula, que j\u00e1 deve estar com as malas prontas para a viagem a Curitiba.<\/p>\n<p>Ele \u00e9 a \u00fanica esperan\u00e7a do partido para n\u00e3o ser estra\u00e7alhado em \u00e2mbito estadual e federal nas pr\u00f3ximas elei\u00e7\u00f5es como j\u00e1 o foi em \u00e2mbito municipal nas \u00faltimas. Para livr\u00e1-lo da cana anunciada e t\u00ea-lo a postos como puxador de votos, o PT engolir\u00e1 at\u00e9 o mais descomunal dos sapos.<\/p>\n<p>E o Supremo Tribunal Federal? O jornalista Bernardo Mello Franco disse tudo (e eu assino embaixo):<\/p>\n<p>&#8220;At\u00e9 a semana passada, a hip\u00f3tese de acord\u00e3o parecia remota, j\u00e1 que exigiria a participa\u00e7\u00e3o do Supremo. Depois do que a corte fez para salvar Renan, nada mais \u00e9 imposs\u00edvel&#8221;.<\/p>\n<p>E o rugido das ruas? Ser\u00e1 bem menos possante, quase um miado, se o acord\u00e3o nos for enfiado goela adentro enquanto a classe m\u00e9dia estiver desmobilizada por ser per\u00edodo de f\u00e9rias escolares. Ningu\u00e9m \u00e9 de ferro.<\/p>\n<p>Como o Cazuza pedia, o Brasil est\u00e1 mostrando a sua cara.<\/p>\n<p>Sugere-se aos pais que retirem as crian\u00e7as da sala, pois podem ter pesadelos&#8230;<\/p>\n","protected":false},"excerpt":{"rendered":"<p>Celso Lungaretti &#8220;N\u00e3o me convidaram pra essa festa pobre\/\/que os homens armaram pra me convencer\/\/a pagar sem ver toda essa droga\/\/que j\u00e1 vem malhada antes de eu nascer&#8221; (Brasil, Cazuza). O que come\u00e7a a transpirar da dela\u00e7\u00e3o premiada da Odebrecht confirma que ela n\u00e3o deixar\u00e1 pedra sobre pedra na pol\u00edtica brasileira. Mas, exatamente a quem [&hellip;]<\/p>\n","protected":false},"author":2,"featured_media":124707,"comment_status":"open","ping_status":"closed","sticky":false,"template":"","format":"standard","meta":{"_acf_changed":false,"footnotes":""},"categories":[25],"tags":[],"class_list":["post-124706","post","type-post","status-publish","format-standard","has-post-thumbnail","hentry","category-opina-ai"],"acf":[],"yoast_head":"<!-- This site is optimized with the Yoast SEO plugin v27.5 - https:\/\/yoast.com\/product\/yoast-seo-wordpress\/ -->\n<title>Brasil atende Cazuza e mostra a sua verdadeira cara - Notibras<\/title>\n<meta name=\"robots\" content=\"index, follow, max-snippet:-1, max-image-preview:large, max-video-preview:-1\" \/>\n<link rel=\"canonical\" href=\"https:\/\/www.notibras.com\/site\/brasil-atende-cazuza-e-mostra-sua-verdadeira-cara\/\" \/>\n<meta property=\"og:locale\" content=\"pt_BR\" \/>\n<meta property=\"og:type\" content=\"article\" \/>\n<meta property=\"og:title\" content=\"Brasil atende Cazuza e mostra a sua verdadeira cara - Notibras\" \/>\n<meta property=\"og:description\" content=\"Celso Lungaretti &#8220;N\u00e3o me convidaram pra essa festa pobre\/\/que os homens armaram pra me convencer\/\/a pagar sem ver toda essa droga\/\/que j\u00e1 vem malhada antes de eu nascer&#8221; (Brasil, Cazuza). O que come\u00e7a a transpirar da dela\u00e7\u00e3o premiada da Odebrecht confirma que ela n\u00e3o deixar\u00e1 pedra sobre pedra na pol\u00edtica brasileira. Mas, exatamente a quem [&hellip;]\" \/>\n<meta property=\"og:url\" content=\"https:\/\/www.notibras.com\/site\/brasil-atende-cazuza-e-mostra-sua-verdadeira-cara\/\" \/>\n<meta property=\"og:site_name\" content=\"Notibras\" \/>\n<meta property=\"article:publisher\" content=\"https:\/\/www.facebook.com\/notibras\/\" \/>\n<meta property=\"article:published_time\" content=\"2016-12-27T08:25:48+00:00\" \/>\n<meta property=\"og:image\" content=\"https:\/\/www.notibras.com\/site\/wp-content\/uploads\/2016\/12\/cazuza96.jpg\" \/>\n\t<meta property=\"og:image:width\" content=\"950\" \/>\n\t<meta property=\"og:image:height\" content=\"652\" \/>\n\t<meta property=\"og:image:type\" content=\"image\/jpeg\" \/>\n<meta name=\"author\" content=\"Reda\u00e7\u00e3o\" \/>\n<meta name=\"twitter:card\" content=\"summary_large_image\" \/>\n<meta name=\"twitter:creator\" content=\"@Notibras\" \/>\n<meta name=\"twitter:site\" content=\"@Notibras\" \/>\n<meta name=\"twitter:label1\" content=\"Escrito por\" \/>\n\t<meta name=\"twitter:data1\" content=\"Reda\u00e7\u00e3o\" \/>\n\t<meta name=\"twitter:label2\" content=\"Est. tempo de leitura\" \/>\n\t<meta name=\"twitter:data2\" content=\"2 minutos\" \/>\n<script type=\"application\/ld+json\" class=\"yoast-schema-graph\">{\"@context\":\"https:\\\/\\\/schema.org\",\"@graph\":[{\"@type\":\"Article\",\"@id\":\"https:\\\/\\\/www.notibras.com\\\/site\\\/brasil-atende-cazuza-e-mostra-sua-verdadeira-cara\\\/#article\",\"isPartOf\":{\"@id\":\"https:\\\/\\\/www.notibras.com\\\/site\\\/brasil-atende-cazuza-e-mostra-sua-verdadeira-cara\\\/\"},\"author\":{\"name\":\"Reda\u00e7\u00e3o\",\"@id\":\"https:\\\/\\\/www.notibras.com\\\/site\\\/#\\\/schema\\\/person\\\/36ab0979449956132d3e5b517ea76ac8\"},\"headline\":\"Brasil atende Cazuza e mostra a sua verdadeira cara\",\"datePublished\":\"2016-12-27T08:25:48+00:00\",\"mainEntityOfPage\":{\"@id\":\"https:\\\/\\\/www.notibras.com\\\/site\\\/brasil-atende-cazuza-e-mostra-sua-verdadeira-cara\\\/\"},\"wordCount\":372,\"commentCount\":0,\"publisher\":{\"@id\":\"https:\\\/\\\/www.notibras.com\\\/site\\\/#organization\"},\"image\":{\"@id\":\"https:\\\/\\\/www.notibras.com\\\/site\\\/brasil-atende-cazuza-e-mostra-sua-verdadeira-cara\\\/#primaryimage\"},\"thumbnailUrl\":\"https:\\\/\\\/www.notibras.com\\\/site\\\/wp-content\\\/uploads\\\/2016\\\/12\\\/cazuza96.jpg\",\"articleSection\":[\"Opina a\u00ed\"],\"inLanguage\":\"pt-BR\",\"potentialAction\":[{\"@type\":\"CommentAction\",\"name\":\"Comment\",\"target\":[\"https:\\\/\\\/www.notibras.com\\\/site\\\/brasil-atende-cazuza-e-mostra-sua-verdadeira-cara\\\/#respond\"]}]},{\"@type\":\"WebPage\",\"@id\":\"https:\\\/\\\/www.notibras.com\\\/site\\\/brasil-atende-cazuza-e-mostra-sua-verdadeira-cara\\\/\",\"url\":\"https:\\\/\\\/www.notibras.com\\\/site\\\/brasil-atende-cazuza-e-mostra-sua-verdadeira-cara\\\/\",\"name\":\"Brasil atende Cazuza e mostra a sua verdadeira cara - Notibras\",\"isPartOf\":{\"@id\":\"https:\\\/\\\/www.notibras.com\\\/site\\\/#website\"},\"primaryImageOfPage\":{\"@id\":\"https:\\\/\\\/www.notibras.com\\\/site\\\/brasil-atende-cazuza-e-mostra-sua-verdadeira-cara\\\/#primaryimage\"},\"image\":{\"@id\":\"https:\\\/\\\/www.notibras.com\\\/site\\\/brasil-atende-cazuza-e-mostra-sua-verdadeira-cara\\\/#primaryimage\"},\"thumbnailUrl\":\"https:\\\/\\\/www.notibras.com\\\/site\\\/wp-content\\\/uploads\\\/2016\\\/12\\\/cazuza96.jpg\",\"datePublished\":\"2016-12-27T08:25:48+00:00\",\"breadcrumb\":{\"@id\":\"https:\\\/\\\/www.notibras.com\\\/site\\\/brasil-atende-cazuza-e-mostra-sua-verdadeira-cara\\\/#breadcrumb\"},\"inLanguage\":\"pt-BR\",\"potentialAction\":[{\"@type\":\"ReadAction\",\"target\":[\"https:\\\/\\\/www.notibras.com\\\/site\\\/brasil-atende-cazuza-e-mostra-sua-verdadeira-cara\\\/\"]}]},{\"@type\":\"ImageObject\",\"inLanguage\":\"pt-BR\",\"@id\":\"https:\\\/\\\/www.notibras.com\\\/site\\\/brasil-atende-cazuza-e-mostra-sua-verdadeira-cara\\\/#primaryimage\",\"url\":\"https:\\\/\\\/www.notibras.com\\\/site\\\/wp-content\\\/uploads\\\/2016\\\/12\\\/cazuza96.jpg\",\"contentUrl\":\"https:\\\/\\\/www.notibras.com\\\/site\\\/wp-content\\\/uploads\\\/2016\\\/12\\\/cazuza96.jpg\",\"width\":950,\"height\":652,\"caption\":\"Foto\\\/Arquivo Notibras\"},{\"@type\":\"BreadcrumbList\",\"@id\":\"https:\\\/\\\/www.notibras.com\\\/site\\\/brasil-atende-cazuza-e-mostra-sua-verdadeira-cara\\\/#breadcrumb\",\"itemListElement\":[{\"@type\":\"ListItem\",\"position\":1,\"name\":\"In\u00edcio\",\"item\":\"https:\\\/\\\/www.notibras.com\\\/site\\\/\"},{\"@type\":\"ListItem\",\"position\":2,\"name\":\"Brasil atende Cazuza e mostra a sua verdadeira cara\"}]},{\"@type\":\"WebSite\",\"@id\":\"https:\\\/\\\/www.notibras.com\\\/site\\\/#website\",\"url\":\"https:\\\/\\\/www.notibras.com\\\/site\\\/\",\"name\":\"Notibras\",\"description\":\"Not\u00edcias de Bras\u00edlia, do Brasil e do Mundo\",\"publisher\":{\"@id\":\"https:\\\/\\\/www.notibras.com\\\/site\\\/#organization\"},\"potentialAction\":[{\"@type\":\"SearchAction\",\"target\":{\"@type\":\"EntryPoint\",\"urlTemplate\":\"https:\\\/\\\/www.notibras.com\\\/site\\\/?s={search_term_string}\"},\"query-input\":{\"@type\":\"PropertyValueSpecification\",\"valueRequired\":true,\"valueName\":\"search_term_string\"}}],\"inLanguage\":\"pt-BR\"},{\"@type\":\"Organization\",\"@id\":\"https:\\\/\\\/www.notibras.com\\\/site\\\/#organization\",\"name\":\"Grupo Notibras de Comunica\u00e7\u00e3o\",\"url\":\"https:\\\/\\\/www.notibras.com\\\/site\\\/\",\"logo\":{\"@type\":\"ImageObject\",\"inLanguage\":\"pt-BR\",\"@id\":\"https:\\\/\\\/www.notibras.com\\\/site\\\/#\\\/schema\\\/logo\\\/image\\\/\",\"url\":\"https:\\\/\\\/www.notibras.com\\\/site\\\/wp-content\\\/uploads\\\/2023\\\/01\\\/notibras23.png\",\"contentUrl\":\"https:\\\/\\\/www.notibras.com\\\/site\\\/wp-content\\\/uploads\\\/2023\\\/01\\\/notibras23.png\",\"width\":350,\"height\":87,\"caption\":\"Grupo Notibras de Comunica\u00e7\u00e3o\"},\"image\":{\"@id\":\"https:\\\/\\\/www.notibras.com\\\/site\\\/#\\\/schema\\\/logo\\\/image\\\/\"},\"sameAs\":[\"https:\\\/\\\/www.facebook.com\\\/notibras\\\/\",\"https:\\\/\\\/x.com\\\/Notibras\",\"https:\\\/\\\/www.instagram.com\\\/notibras\\\/\"]},{\"@type\":\"Person\",\"@id\":\"https:\\\/\\\/www.notibras.com\\\/site\\\/#\\\/schema\\\/person\\\/36ab0979449956132d3e5b517ea76ac8\",\"name\":\"Reda\u00e7\u00e3o\",\"image\":{\"@type\":\"ImageObject\",\"inLanguage\":\"pt-BR\",\"@id\":\"https:\\\/\\\/secure.gravatar.com\\\/avatar\\\/e0a867bdedb85fd243eadf09663511f96fc81e0720a4a42581f334ad4303aa6b?s=96&d=mm&r=g\",\"url\":\"https:\\\/\\\/secure.gravatar.com\\\/avatar\\\/e0a867bdedb85fd243eadf09663511f96fc81e0720a4a42581f334ad4303aa6b?s=96&d=mm&r=g\",\"contentUrl\":\"https:\\\/\\\/secure.gravatar.com\\\/avatar\\\/e0a867bdedb85fd243eadf09663511f96fc81e0720a4a42581f334ad4303aa6b?s=96&d=mm&r=g\",\"caption\":\"Reda\u00e7\u00e3o\"}}]}<\/script>\n<!-- \/ Yoast SEO plugin. -->","yoast_head_json":{"title":"Brasil atende Cazuza e mostra a sua verdadeira cara - Notibras","robots":{"index":"index","follow":"follow","max-snippet":"max-snippet:-1","max-image-preview":"max-image-preview:large","max-video-preview":"max-video-preview:-1"},"canonical":"https:\/\/www.notibras.com\/site\/brasil-atende-cazuza-e-mostra-sua-verdadeira-cara\/","og_locale":"pt_BR","og_type":"article","og_title":"Brasil atende Cazuza e mostra a sua verdadeira cara - Notibras","og_description":"Celso Lungaretti &#8220;N\u00e3o me convidaram pra essa festa pobre\/\/que os homens armaram pra me convencer\/\/a pagar sem ver toda essa droga\/\/que j\u00e1 vem malhada antes de eu nascer&#8221; (Brasil, Cazuza). O que come\u00e7a a transpirar da dela\u00e7\u00e3o premiada da Odebrecht confirma que ela n\u00e3o deixar\u00e1 pedra sobre pedra na pol\u00edtica brasileira. Mas, exatamente a quem [&hellip;]","og_url":"https:\/\/www.notibras.com\/site\/brasil-atende-cazuza-e-mostra-sua-verdadeira-cara\/","og_site_name":"Notibras","article_publisher":"https:\/\/www.facebook.com\/notibras\/","article_published_time":"2016-12-27T08:25:48+00:00","og_image":[{"width":950,"height":652,"url":"https:\/\/www.notibras.com\/site\/wp-content\/uploads\/2016\/12\/cazuza96.jpg","type":"image\/jpeg"}],"author":"Reda\u00e7\u00e3o","twitter_card":"summary_large_image","twitter_creator":"@Notibras","twitter_site":"@Notibras","twitter_misc":{"Escrito por":"Reda\u00e7\u00e3o","Est. tempo de leitura":"2 minutos"},"schema":{"@context":"https:\/\/schema.org","@graph":[{"@type":"Article","@id":"https:\/\/www.notibras.com\/site\/brasil-atende-cazuza-e-mostra-sua-verdadeira-cara\/#article","isPartOf":{"@id":"https:\/\/www.notibras.com\/site\/brasil-atende-cazuza-e-mostra-sua-verdadeira-cara\/"},"author":{"name":"Reda\u00e7\u00e3o","@id":"https:\/\/www.notibras.com\/site\/#\/schema\/person\/36ab0979449956132d3e5b517ea76ac8"},"headline":"Brasil atende Cazuza e mostra a sua verdadeira cara","datePublished":"2016-12-27T08:25:48+00:00","mainEntityOfPage":{"@id":"https:\/\/www.notibras.com\/site\/brasil-atende-cazuza-e-mostra-sua-verdadeira-cara\/"},"wordCount":372,"commentCount":0,"publisher":{"@id":"https:\/\/www.notibras.com\/site\/#organization"},"image":{"@id":"https:\/\/www.notibras.com\/site\/brasil-atende-cazuza-e-mostra-sua-verdadeira-cara\/#primaryimage"},"thumbnailUrl":"https:\/\/www.notibras.com\/site\/wp-content\/uploads\/2016\/12\/cazuza96.jpg","articleSection":["Opina a\u00ed"],"inLanguage":"pt-BR","potentialAction":[{"@type":"CommentAction","name":"Comment","target":["https:\/\/www.notibras.com\/site\/brasil-atende-cazuza-e-mostra-sua-verdadeira-cara\/#respond"]}]},{"@type":"WebPage","@id":"https:\/\/www.notibras.com\/site\/brasil-atende-cazuza-e-mostra-sua-verdadeira-cara\/","url":"https:\/\/www.notibras.com\/site\/brasil-atende-cazuza-e-mostra-sua-verdadeira-cara\/","name":"Brasil atende Cazuza e mostra a sua verdadeira cara - Notibras","isPartOf":{"@id":"https:\/\/www.notibras.com\/site\/#website"},"primaryImageOfPage":{"@id":"https:\/\/www.notibras.com\/site\/brasil-atende-cazuza-e-mostra-sua-verdadeira-cara\/#primaryimage"},"image":{"@id":"https:\/\/www.notibras.com\/site\/brasil-atende-cazuza-e-mostra-sua-verdadeira-cara\/#primaryimage"},"thumbnailUrl":"https:\/\/www.notibras.com\/site\/wp-content\/uploads\/2016\/12\/cazuza96.jpg","datePublished":"2016-12-27T08:25:48+00:00","breadcrumb":{"@id":"https:\/\/www.notibras.com\/site\/brasil-atende-cazuza-e-mostra-sua-verdadeira-cara\/#breadcrumb"},"inLanguage":"pt-BR","potentialAction":[{"@type":"ReadAction","target":["https:\/\/www.notibras.com\/site\/brasil-atende-cazuza-e-mostra-sua-verdadeira-cara\/"]}]},{"@type":"ImageObject","inLanguage":"pt-BR","@id":"https:\/\/www.notibras.com\/site\/brasil-atende-cazuza-e-mostra-sua-verdadeira-cara\/#primaryimage","url":"https:\/\/www.notibras.com\/site\/wp-content\/uploads\/2016\/12\/cazuza96.jpg","contentUrl":"https:\/\/www.notibras.com\/site\/wp-content\/uploads\/2016\/12\/cazuza96.jpg","width":950,"height":652,"caption":"Foto\/Arquivo Notibras"},{"@type":"BreadcrumbList","@id":"https:\/\/www.notibras.com\/site\/brasil-atende-cazuza-e-mostra-sua-verdadeira-cara\/#breadcrumb","itemListElement":[{"@type":"ListItem","position":1,"name":"In\u00edcio","item":"https:\/\/www.notibras.com\/site\/"},{"@type":"ListItem","position":2,"name":"Brasil atende Cazuza e mostra a sua verdadeira cara"}]},{"@type":"WebSite","@id":"https:\/\/www.notibras.com\/site\/#website","url":"https:\/\/www.notibras.com\/site\/","name":"Notibras","description":"Not\u00edcias de Bras\u00edlia, do Brasil e do Mundo","publisher":{"@id":"https:\/\/www.notibras.com\/site\/#organization"},"potentialAction":[{"@type":"SearchAction","target":{"@type":"EntryPoint","urlTemplate":"https:\/\/www.notibras.com\/site\/?s={search_term_string}"},"query-input":{"@type":"PropertyValueSpecification","valueRequired":true,"valueName":"search_term_string"}}],"inLanguage":"pt-BR"},{"@type":"Organization","@id":"https:\/\/www.notibras.com\/site\/#organization","name":"Grupo Notibras de Comunica\u00e7\u00e3o","url":"https:\/\/www.notibras.com\/site\/","logo":{"@type":"ImageObject","inLanguage":"pt-BR","@id":"https:\/\/www.notibras.com\/site\/#\/schema\/logo\/image\/","url":"https:\/\/www.notibras.com\/site\/wp-content\/uploads\/2023\/01\/notibras23.png","contentUrl":"https:\/\/www.notibras.com\/site\/wp-content\/uploads\/2023\/01\/notibras23.png","width":350,"height":87,"caption":"Grupo Notibras de Comunica\u00e7\u00e3o"},"image":{"@id":"https:\/\/www.notibras.com\/site\/#\/schema\/logo\/image\/"},"sameAs":["https:\/\/www.facebook.com\/notibras\/","https:\/\/x.com\/Notibras","https:\/\/www.instagram.com\/notibras\/"]},{"@type":"Person","@id":"https:\/\/www.notibras.com\/site\/#\/schema\/person\/36ab0979449956132d3e5b517ea76ac8","name":"Reda\u00e7\u00e3o","image":{"@type":"ImageObject","inLanguage":"pt-BR","@id":"https:\/\/secure.gravatar.com\/avatar\/e0a867bdedb85fd243eadf09663511f96fc81e0720a4a42581f334ad4303aa6b?s=96&d=mm&r=g","url":"https:\/\/secure.gravatar.com\/avatar\/e0a867bdedb85fd243eadf09663511f96fc81e0720a4a42581f334ad4303aa6b?s=96&d=mm&r=g","contentUrl":"https:\/\/secure.gravatar.com\/avatar\/e0a867bdedb85fd243eadf09663511f96fc81e0720a4a42581f334ad4303aa6b?s=96&d=mm&r=g","caption":"Reda\u00e7\u00e3o"}}]}},"amp_enabled":true,"_links":{"self":[{"href":"https:\/\/www.notibras.com\/site\/wp-json\/wp\/v2\/posts\/124706","targetHints":{"allow":["GET"]}}],"collection":[{"href":"https:\/\/www.notibras.com\/site\/wp-json\/wp\/v2\/posts"}],"about":[{"href":"https:\/\/www.notibras.com\/site\/wp-json\/wp\/v2\/types\/post"}],"author":[{"embeddable":true,"href":"https:\/\/www.notibras.com\/site\/wp-json\/wp\/v2\/users\/2"}],"replies":[{"embeddable":true,"href":"https:\/\/www.notibras.com\/site\/wp-json\/wp\/v2\/comments?post=124706"}],"version-history":[{"count":1,"href":"https:\/\/www.notibras.com\/site\/wp-json\/wp\/v2\/posts\/124706\/revisions"}],"predecessor-version":[{"id":124708,"href":"https:\/\/www.notibras.com\/site\/wp-json\/wp\/v2\/posts\/124706\/revisions\/124708"}],"wp:featuredmedia":[{"embeddable":true,"href":"https:\/\/www.notibras.com\/site\/wp-json\/wp\/v2\/media\/124707"}],"wp:attachment":[{"href":"https:\/\/www.notibras.com\/site\/wp-json\/wp\/v2\/media?parent=124706"}],"wp:term":[{"taxonomy":"category","embeddable":true,"href":"https:\/\/www.notibras.com\/site\/wp-json\/wp\/v2\/categories?post=124706"},{"taxonomy":"post_tag","embeddable":true,"href":"https:\/\/www.notibras.com\/site\/wp-json\/wp\/v2\/tags?post=124706"}],"curies":[{"name":"wp","href":"https:\/\/api.w.org\/{rel}","templated":true}]}}