{"id":124799,"date":"2016-12-29T08:35:50","date_gmt":"2016-12-29T10:35:50","guid":{"rendered":"http:\/\/www.notibras.com\/site\/?p=124799"},"modified":"2016-12-29T08:35:51","modified_gmt":"2016-12-29T10:35:51","slug":"especuladores-da-amazonia-tiveram-seu-feliz-natal","status":"publish","type":"post","link":"https:\/\/www.notibras.com\/site\/especuladores-da-amazonia-tiveram-seu-feliz-natal\/","title":{"rendered":"Especuladores da Amaz\u00f4nia tiveram seu Feliz Natal"},"content":{"rendered":"<p><strong>Jo\u00e3o Paulo Capobianco<\/strong><\/p>\n<p>Imbu\u00eddos do esp\u00edrito natalino, o ministro Jos\u00e9 Sarney Filho e o presidente Temer resolveram dar um present\u00e3o para os especuladores imobili\u00e1rios que h\u00e1 anos insistem em desrespeitar a legisla\u00e7\u00e3o ambiental na Amaz\u00f4nia.<\/p>\n<p>Trata-se de duas medidas provis\u00f3rias (756 e 758), publicadas no Di\u00e1rio Oficial da Uni\u00e3o de 19 de dezembro, que mudam limites de v\u00e1rias reservas naturais no Estado do Par\u00e1. Uma iniciativa que, a um s\u00f3 tempo, significou uma rasteira na Constitui\u00e7\u00e3o, na prote\u00e7\u00e3o do meio ambiente e no combate ao desmatamento crescente na Amaz\u00f4nia.<\/p>\n<p>As unidades de conserva\u00e7\u00e3o alteradas de forma unilateral s\u00e3o a Floresta Nacional (Flona) do Jamanxim, Parque Nacional do Rio Novo, Parque Nacional do Jamanxim e a \u00c1rea de Prote\u00e7\u00e3o Ambiental (APA) do Tapaj\u00f3s. Todas est\u00e3o situadas na regi\u00e3o do entorno da rodovia BR-163, que liga Cuiab\u00e1, no Mato Grosso, a Santar\u00e9m, no Par\u00e1.<\/p>\n<p>A cria\u00e7\u00e3o dessas reservas ocorreu em fevereiro de 2006. Junto com algumas outras, formaram uma barreira verde com mais de 6,4 milh\u00f5es de hectares com os objetivos de conter o maior surto de desmatamento j\u00e1 verificado na Amaz\u00f4nia e dar uma resposta \u00e0 sociedade pela passagem de um ano do brutal assassinato da freira Dorothy Stang, em meio aos conflitos por terras no Par\u00e1.<\/p>\n<p>A estrat\u00e9gia deu certo. Foi interrompido o crescimento avassalador de mais de 650% do desmatamento registrado ao longo da BR-163 entre os anos de 2001 e 2004, provocado pela acelera\u00e7\u00e3o da especula\u00e7\u00e3o imobili\u00e1ria de terras p\u00fablicas estimulada pela expectativa de asfaltamento da rodovia, anunciada no final do governo FHC.<\/p>\n<p>Com as mudan\u00e7as, repito, feitas de forma unilateral, o Minist\u00e9rio do Meio Ambiente preferiu ignorar sua responsabilidade de fiscalizar as unidades de conserva\u00e7\u00e3o (UCs) e agradar especuladores que ocuparam, tamb\u00e9m repito, terras p\u00fablicas e se recusaram a se retirar ou decidiram invadir, mesmo depois de elas serem destinadas para a prote\u00e7\u00e3o da natureza e a produ\u00e7\u00e3o sustent\u00e1vel. Essa atitude, que p\u00f5e em risco os ganhos obtidos no controle do desmatamento, s\u00f3 confirmam o lavar de m\u00e3os do governo que permitiu que a Floresta Nacional do Jamanxim liderasse o ranking das UCs mais desmatadas nos anos de 2012 a 2015, conforme estudo do Instituto do Homem e Meio Ambiente da Amaz\u00f4nia &#8211; Imazon.<\/p>\n<p>Para agravar o quadro de irresponsabilidade com o patrim\u00f4nio p\u00fablico, j\u00e1 que ap\u00f3s criadas essas \u00e1reas s\u00e3o gravadas em perpetuidade para toda a sociedade e devem ser protegidas, o ICMBio, \u00f3rg\u00e3o federal respons\u00e1vel pela gest\u00e3o das UCs, reconheceu em relat\u00f3rio pr\u00f3prio que a ocupa\u00e7\u00e3o na Flona do Jamanxim e\u0301 recente, ao afirmar que 67,70% dos que l\u00e1 est\u00e3o entraram pouco antes ou logo ap\u00f3s sua cria\u00e7\u00e3o. Para o Minist\u00e9rio P\u00fablico Federal, esse dado confirmou que s\u00e3o ocupa\u00e7\u00f5es especulato\u0301rias, o que o levou a solicitar formalmente, em agosto deste ano, a imediata suspens\u00e3o do tr\u00e2mite de qualquer processo administrativo ou requerimento que tenha por objeto a recategoriza\u00e7\u00e3o e\/ou desafeta\u00e7\u00e3o da reserva.<\/p>\n<p>Ao inv\u00e9s de ajustar seus procedimentos e investir na conserva\u00e7\u00e3o, o Minist\u00e9rio do Meio Ambiente procurou a sa\u00edda mais f\u00e1cil: acabar com o problema atrav\u00e9s da elimina\u00e7\u00e3o de parte da UC que estava obrigado a proteger. E ainda fez isso de forma inconstitucional, pois uma MP s\u00f3 pode ser editada em car\u00e1ter excepcional quando dois requisitos fundamentais s\u00e3o atendidos: relev\u00e2ncia e urg\u00eancia.<\/p>\n<p>Para tentar minimizar o impacto negativo de sua atitude, o Minist\u00e9rio do Meio Ambiente usa de uma t\u00e1tica reprov\u00e1vel de contrainforma\u00e7\u00e3o. Em seu site na Internet, &#8220;comemora&#8221; o aumento de \u00e1rea de dois parques nacionais da regi\u00e3o e a cria\u00e7\u00e3o de uma nova APA como medidas compensat\u00f3rias para tentar justificar sua atitude. S\u00f3 se esqueceu de explicar que essas \u00e1reas j\u00e1 estavam protegidas na forma de outras categorias, resultando em aumento zero na conserva\u00e7\u00e3o. Al\u00e9m desse aspecto, a legisla\u00e7\u00e3o federal que trata das unidades de conserva\u00e7\u00e3o, que teve no ent\u00e3o deputado federal Sarney Filho um dos mais ferrenhos defensores, exige que a cria\u00e7\u00e3o de novas reservas tenha seus estudos e justificativas precedidas de audi\u00eancias p\u00fablicas, o que foi ignorado ao optar pela via da medida provis\u00f3ria.<\/p>\n<p>A pergunta que fica \u00e9: qual a relev\u00e2ncia e urg\u00eancia de reduzir uma \u00e1rea protegida na Amaz\u00f4nia, principalmente em um cen\u00e1rio de recrudescimento do desmatamento, com aumento de 60% nos \u00faltimos dois anos? Sinceramente, est\u00e1 dif\u00edcil compreender essa iniciativa do governo, adotada nos \u00faltimos dias do ano e usando o mecanismo de medida provis\u00f3ria, buscando respostas em justificativas aceit\u00e1veis do ponto de vista do interesse p\u00fablico.<\/p>\n","protected":false},"excerpt":{"rendered":"<p>Jo\u00e3o Paulo Capobianco Imbu\u00eddos do esp\u00edrito natalino, o ministro Jos\u00e9 Sarney Filho e o presidente Temer resolveram dar um present\u00e3o para os especuladores imobili\u00e1rios que h\u00e1 anos insistem em desrespeitar a legisla\u00e7\u00e3o ambiental na Amaz\u00f4nia. Trata-se de duas medidas provis\u00f3rias (756 e 758), publicadas no Di\u00e1rio Oficial da Uni\u00e3o de 19 de dezembro, que mudam [&hellip;]<\/p>\n","protected":false},"author":2,"featured_media":124801,"comment_status":"open","ping_status":"closed","sticky":false,"template":"","format":"standard","meta":{"_acf_changed":false,"footnotes":""},"categories":[25],"tags":[],"class_list":["post-124799","post","type-post","status-publish","format-standard","has-post-thumbnail","hentry","category-opina-ai"],"acf":[],"yoast_head":"<!-- This site is optimized with the Yoast SEO plugin v27.5 - https:\/\/yoast.com\/product\/yoast-seo-wordpress\/ -->\n<title>Especuladores da Amaz\u00f4nia tiveram seu Feliz Natal - Notibras<\/title>\n<meta name=\"robots\" content=\"index, follow, max-snippet:-1, max-image-preview:large, max-video-preview:-1\" \/>\n<link rel=\"canonical\" href=\"https:\/\/www.notibras.com\/site\/especuladores-da-amazonia-tiveram-seu-feliz-natal\/\" \/>\n<meta property=\"og:locale\" content=\"pt_BR\" \/>\n<meta property=\"og:type\" content=\"article\" \/>\n<meta property=\"og:title\" content=\"Especuladores da Amaz\u00f4nia tiveram seu Feliz Natal - Notibras\" \/>\n<meta property=\"og:description\" content=\"Jo\u00e3o Paulo Capobianco Imbu\u00eddos do esp\u00edrito natalino, o ministro Jos\u00e9 Sarney Filho e o presidente Temer resolveram dar um present\u00e3o para os especuladores imobili\u00e1rios que h\u00e1 anos insistem em desrespeitar a legisla\u00e7\u00e3o ambiental na Amaz\u00f4nia. Trata-se de duas medidas provis\u00f3rias (756 e 758), publicadas no Di\u00e1rio Oficial da Uni\u00e3o de 19 de dezembro, que mudam [&hellip;]\" \/>\n<meta property=\"og:url\" content=\"https:\/\/www.notibras.com\/site\/especuladores-da-amazonia-tiveram-seu-feliz-natal\/\" \/>\n<meta property=\"og:site_name\" content=\"Notibras\" \/>\n<meta property=\"article:publisher\" content=\"https:\/\/www.facebook.com\/notibras\/\" \/>\n<meta property=\"article:published_time\" content=\"2016-12-29T10:35:50+00:00\" \/>\n<meta property=\"article:modified_time\" content=\"2016-12-29T10:35:51+00:00\" \/>\n<meta property=\"og:image\" content=\"https:\/\/www.notibras.com\/site\/wp-content\/uploads\/2016\/12\/amamazonia.jpg\" \/>\n\t<meta property=\"og:image:width\" content=\"753\" \/>\n\t<meta property=\"og:image:height\" content=\"502\" \/>\n\t<meta property=\"og:image:type\" content=\"image\/jpeg\" \/>\n<meta name=\"author\" content=\"Reda\u00e7\u00e3o\" \/>\n<meta name=\"twitter:card\" content=\"summary_large_image\" \/>\n<meta name=\"twitter:creator\" content=\"@Notibras\" \/>\n<meta name=\"twitter:site\" content=\"@Notibras\" \/>\n<meta name=\"twitter:label1\" content=\"Escrito por\" \/>\n\t<meta name=\"twitter:data1\" content=\"Reda\u00e7\u00e3o\" \/>\n\t<meta name=\"twitter:label2\" content=\"Est. tempo de leitura\" \/>\n\t<meta name=\"twitter:data2\" content=\"4 minutos\" \/>\n<script type=\"application\/ld+json\" class=\"yoast-schema-graph\">{\"@context\":\"https:\\\/\\\/schema.org\",\"@graph\":[{\"@type\":\"Article\",\"@id\":\"https:\\\/\\\/www.notibras.com\\\/site\\\/especuladores-da-amazonia-tiveram-seu-feliz-natal\\\/#article\",\"isPartOf\":{\"@id\":\"https:\\\/\\\/www.notibras.com\\\/site\\\/especuladores-da-amazonia-tiveram-seu-feliz-natal\\\/\"},\"author\":{\"name\":\"Reda\u00e7\u00e3o\",\"@id\":\"https:\\\/\\\/www.notibras.com\\\/site\\\/#\\\/schema\\\/person\\\/36ab0979449956132d3e5b517ea76ac8\"},\"headline\":\"Especuladores da Amaz\u00f4nia tiveram seu Feliz Natal\",\"datePublished\":\"2016-12-29T10:35:50+00:00\",\"dateModified\":\"2016-12-29T10:35:51+00:00\",\"mainEntityOfPage\":{\"@id\":\"https:\\\/\\\/www.notibras.com\\\/site\\\/especuladores-da-amazonia-tiveram-seu-feliz-natal\\\/\"},\"wordCount\":823,\"commentCount\":0,\"publisher\":{\"@id\":\"https:\\\/\\\/www.notibras.com\\\/site\\\/#organization\"},\"image\":{\"@id\":\"https:\\\/\\\/www.notibras.com\\\/site\\\/especuladores-da-amazonia-tiveram-seu-feliz-natal\\\/#primaryimage\"},\"thumbnailUrl\":\"https:\\\/\\\/www.notibras.com\\\/site\\\/wp-content\\\/uploads\\\/2016\\\/12\\\/amamazonia.jpg\",\"articleSection\":[\"Opina a\u00ed\"],\"inLanguage\":\"pt-BR\",\"potentialAction\":[{\"@type\":\"CommentAction\",\"name\":\"Comment\",\"target\":[\"https:\\\/\\\/www.notibras.com\\\/site\\\/especuladores-da-amazonia-tiveram-seu-feliz-natal\\\/#respond\"]}]},{\"@type\":\"WebPage\",\"@id\":\"https:\\\/\\\/www.notibras.com\\\/site\\\/especuladores-da-amazonia-tiveram-seu-feliz-natal\\\/\",\"url\":\"https:\\\/\\\/www.notibras.com\\\/site\\\/especuladores-da-amazonia-tiveram-seu-feliz-natal\\\/\",\"name\":\"Especuladores da Amaz\u00f4nia tiveram seu Feliz Natal - Notibras\",\"isPartOf\":{\"@id\":\"https:\\\/\\\/www.notibras.com\\\/site\\\/#website\"},\"primaryImageOfPage\":{\"@id\":\"https:\\\/\\\/www.notibras.com\\\/site\\\/especuladores-da-amazonia-tiveram-seu-feliz-natal\\\/#primaryimage\"},\"image\":{\"@id\":\"https:\\\/\\\/www.notibras.com\\\/site\\\/especuladores-da-amazonia-tiveram-seu-feliz-natal\\\/#primaryimage\"},\"thumbnailUrl\":\"https:\\\/\\\/www.notibras.com\\\/site\\\/wp-content\\\/uploads\\\/2016\\\/12\\\/amamazonia.jpg\",\"datePublished\":\"2016-12-29T10:35:50+00:00\",\"dateModified\":\"2016-12-29T10:35:51+00:00\",\"breadcrumb\":{\"@id\":\"https:\\\/\\\/www.notibras.com\\\/site\\\/especuladores-da-amazonia-tiveram-seu-feliz-natal\\\/#breadcrumb\"},\"inLanguage\":\"pt-BR\",\"potentialAction\":[{\"@type\":\"ReadAction\",\"target\":[\"https:\\\/\\\/www.notibras.com\\\/site\\\/especuladores-da-amazonia-tiveram-seu-feliz-natal\\\/\"]}]},{\"@type\":\"ImageObject\",\"inLanguage\":\"pt-BR\",\"@id\":\"https:\\\/\\\/www.notibras.com\\\/site\\\/especuladores-da-amazonia-tiveram-seu-feliz-natal\\\/#primaryimage\",\"url\":\"https:\\\/\\\/www.notibras.com\\\/site\\\/wp-content\\\/uploads\\\/2016\\\/12\\\/amamazonia.jpg\",\"contentUrl\":\"https:\\\/\\\/www.notibras.com\\\/site\\\/wp-content\\\/uploads\\\/2016\\\/12\\\/amamazonia.jpg\",\"width\":753,\"height\":502,\"caption\":\"Foto\\\/Arquivo Notibras\"},{\"@type\":\"BreadcrumbList\",\"@id\":\"https:\\\/\\\/www.notibras.com\\\/site\\\/especuladores-da-amazonia-tiveram-seu-feliz-natal\\\/#breadcrumb\",\"itemListElement\":[{\"@type\":\"ListItem\",\"position\":1,\"name\":\"In\u00edcio\",\"item\":\"https:\\\/\\\/www.notibras.com\\\/site\\\/\"},{\"@type\":\"ListItem\",\"position\":2,\"name\":\"Especuladores da Amaz\u00f4nia tiveram seu Feliz Natal\"}]},{\"@type\":\"WebSite\",\"@id\":\"https:\\\/\\\/www.notibras.com\\\/site\\\/#website\",\"url\":\"https:\\\/\\\/www.notibras.com\\\/site\\\/\",\"name\":\"Notibras\",\"description\":\"Not\u00edcias de Bras\u00edlia, do Brasil e do Mundo\",\"publisher\":{\"@id\":\"https:\\\/\\\/www.notibras.com\\\/site\\\/#organization\"},\"potentialAction\":[{\"@type\":\"SearchAction\",\"target\":{\"@type\":\"EntryPoint\",\"urlTemplate\":\"https:\\\/\\\/www.notibras.com\\\/site\\\/?s={search_term_string}\"},\"query-input\":{\"@type\":\"PropertyValueSpecification\",\"valueRequired\":true,\"valueName\":\"search_term_string\"}}],\"inLanguage\":\"pt-BR\"},{\"@type\":\"Organization\",\"@id\":\"https:\\\/\\\/www.notibras.com\\\/site\\\/#organization\",\"name\":\"Grupo Notibras de Comunica\u00e7\u00e3o\",\"url\":\"https:\\\/\\\/www.notibras.com\\\/site\\\/\",\"logo\":{\"@type\":\"ImageObject\",\"inLanguage\":\"pt-BR\",\"@id\":\"https:\\\/\\\/www.notibras.com\\\/site\\\/#\\\/schema\\\/logo\\\/image\\\/\",\"url\":\"https:\\\/\\\/www.notibras.com\\\/site\\\/wp-content\\\/uploads\\\/2023\\\/01\\\/notibras23.png\",\"contentUrl\":\"https:\\\/\\\/www.notibras.com\\\/site\\\/wp-content\\\/uploads\\\/2023\\\/01\\\/notibras23.png\",\"width\":350,\"height\":87,\"caption\":\"Grupo Notibras de Comunica\u00e7\u00e3o\"},\"image\":{\"@id\":\"https:\\\/\\\/www.notibras.com\\\/site\\\/#\\\/schema\\\/logo\\\/image\\\/\"},\"sameAs\":[\"https:\\\/\\\/www.facebook.com\\\/notibras\\\/\",\"https:\\\/\\\/x.com\\\/Notibras\",\"https:\\\/\\\/www.instagram.com\\\/notibras\\\/\"]},{\"@type\":\"Person\",\"@id\":\"https:\\\/\\\/www.notibras.com\\\/site\\\/#\\\/schema\\\/person\\\/36ab0979449956132d3e5b517ea76ac8\",\"name\":\"Reda\u00e7\u00e3o\",\"image\":{\"@type\":\"ImageObject\",\"inLanguage\":\"pt-BR\",\"@id\":\"https:\\\/\\\/secure.gravatar.com\\\/avatar\\\/e0a867bdedb85fd243eadf09663511f96fc81e0720a4a42581f334ad4303aa6b?s=96&d=mm&r=g\",\"url\":\"https:\\\/\\\/secure.gravatar.com\\\/avatar\\\/e0a867bdedb85fd243eadf09663511f96fc81e0720a4a42581f334ad4303aa6b?s=96&d=mm&r=g\",\"contentUrl\":\"https:\\\/\\\/secure.gravatar.com\\\/avatar\\\/e0a867bdedb85fd243eadf09663511f96fc81e0720a4a42581f334ad4303aa6b?s=96&d=mm&r=g\",\"caption\":\"Reda\u00e7\u00e3o\"}}]}<\/script>\n<!-- \/ Yoast SEO plugin. -->","yoast_head_json":{"title":"Especuladores da Amaz\u00f4nia tiveram seu Feliz Natal - Notibras","robots":{"index":"index","follow":"follow","max-snippet":"max-snippet:-1","max-image-preview":"max-image-preview:large","max-video-preview":"max-video-preview:-1"},"canonical":"https:\/\/www.notibras.com\/site\/especuladores-da-amazonia-tiveram-seu-feliz-natal\/","og_locale":"pt_BR","og_type":"article","og_title":"Especuladores da Amaz\u00f4nia tiveram seu Feliz Natal - Notibras","og_description":"Jo\u00e3o Paulo Capobianco Imbu\u00eddos do esp\u00edrito natalino, o ministro Jos\u00e9 Sarney Filho e o presidente Temer resolveram dar um present\u00e3o para os especuladores imobili\u00e1rios que h\u00e1 anos insistem em desrespeitar a legisla\u00e7\u00e3o ambiental na Amaz\u00f4nia. Trata-se de duas medidas provis\u00f3rias (756 e 758), publicadas no Di\u00e1rio Oficial da Uni\u00e3o de 19 de dezembro, que mudam [&hellip;]","og_url":"https:\/\/www.notibras.com\/site\/especuladores-da-amazonia-tiveram-seu-feliz-natal\/","og_site_name":"Notibras","article_publisher":"https:\/\/www.facebook.com\/notibras\/","article_published_time":"2016-12-29T10:35:50+00:00","article_modified_time":"2016-12-29T10:35:51+00:00","og_image":[{"width":753,"height":502,"url":"https:\/\/www.notibras.com\/site\/wp-content\/uploads\/2016\/12\/amamazonia.jpg","type":"image\/jpeg"}],"author":"Reda\u00e7\u00e3o","twitter_card":"summary_large_image","twitter_creator":"@Notibras","twitter_site":"@Notibras","twitter_misc":{"Escrito por":"Reda\u00e7\u00e3o","Est. tempo de leitura":"4 minutos"},"schema":{"@context":"https:\/\/schema.org","@graph":[{"@type":"Article","@id":"https:\/\/www.notibras.com\/site\/especuladores-da-amazonia-tiveram-seu-feliz-natal\/#article","isPartOf":{"@id":"https:\/\/www.notibras.com\/site\/especuladores-da-amazonia-tiveram-seu-feliz-natal\/"},"author":{"name":"Reda\u00e7\u00e3o","@id":"https:\/\/www.notibras.com\/site\/#\/schema\/person\/36ab0979449956132d3e5b517ea76ac8"},"headline":"Especuladores da Amaz\u00f4nia tiveram seu Feliz Natal","datePublished":"2016-12-29T10:35:50+00:00","dateModified":"2016-12-29T10:35:51+00:00","mainEntityOfPage":{"@id":"https:\/\/www.notibras.com\/site\/especuladores-da-amazonia-tiveram-seu-feliz-natal\/"},"wordCount":823,"commentCount":0,"publisher":{"@id":"https:\/\/www.notibras.com\/site\/#organization"},"image":{"@id":"https:\/\/www.notibras.com\/site\/especuladores-da-amazonia-tiveram-seu-feliz-natal\/#primaryimage"},"thumbnailUrl":"https:\/\/www.notibras.com\/site\/wp-content\/uploads\/2016\/12\/amamazonia.jpg","articleSection":["Opina a\u00ed"],"inLanguage":"pt-BR","potentialAction":[{"@type":"CommentAction","name":"Comment","target":["https:\/\/www.notibras.com\/site\/especuladores-da-amazonia-tiveram-seu-feliz-natal\/#respond"]}]},{"@type":"WebPage","@id":"https:\/\/www.notibras.com\/site\/especuladores-da-amazonia-tiveram-seu-feliz-natal\/","url":"https:\/\/www.notibras.com\/site\/especuladores-da-amazonia-tiveram-seu-feliz-natal\/","name":"Especuladores da Amaz\u00f4nia tiveram seu Feliz Natal - Notibras","isPartOf":{"@id":"https:\/\/www.notibras.com\/site\/#website"},"primaryImageOfPage":{"@id":"https:\/\/www.notibras.com\/site\/especuladores-da-amazonia-tiveram-seu-feliz-natal\/#primaryimage"},"image":{"@id":"https:\/\/www.notibras.com\/site\/especuladores-da-amazonia-tiveram-seu-feliz-natal\/#primaryimage"},"thumbnailUrl":"https:\/\/www.notibras.com\/site\/wp-content\/uploads\/2016\/12\/amamazonia.jpg","datePublished":"2016-12-29T10:35:50+00:00","dateModified":"2016-12-29T10:35:51+00:00","breadcrumb":{"@id":"https:\/\/www.notibras.com\/site\/especuladores-da-amazonia-tiveram-seu-feliz-natal\/#breadcrumb"},"inLanguage":"pt-BR","potentialAction":[{"@type":"ReadAction","target":["https:\/\/www.notibras.com\/site\/especuladores-da-amazonia-tiveram-seu-feliz-natal\/"]}]},{"@type":"ImageObject","inLanguage":"pt-BR","@id":"https:\/\/www.notibras.com\/site\/especuladores-da-amazonia-tiveram-seu-feliz-natal\/#primaryimage","url":"https:\/\/www.notibras.com\/site\/wp-content\/uploads\/2016\/12\/amamazonia.jpg","contentUrl":"https:\/\/www.notibras.com\/site\/wp-content\/uploads\/2016\/12\/amamazonia.jpg","width":753,"height":502,"caption":"Foto\/Arquivo Notibras"},{"@type":"BreadcrumbList","@id":"https:\/\/www.notibras.com\/site\/especuladores-da-amazonia-tiveram-seu-feliz-natal\/#breadcrumb","itemListElement":[{"@type":"ListItem","position":1,"name":"In\u00edcio","item":"https:\/\/www.notibras.com\/site\/"},{"@type":"ListItem","position":2,"name":"Especuladores da Amaz\u00f4nia tiveram seu Feliz Natal"}]},{"@type":"WebSite","@id":"https:\/\/www.notibras.com\/site\/#website","url":"https:\/\/www.notibras.com\/site\/","name":"Notibras","description":"Not\u00edcias de Bras\u00edlia, do Brasil e do Mundo","publisher":{"@id":"https:\/\/www.notibras.com\/site\/#organization"},"potentialAction":[{"@type":"SearchAction","target":{"@type":"EntryPoint","urlTemplate":"https:\/\/www.notibras.com\/site\/?s={search_term_string}"},"query-input":{"@type":"PropertyValueSpecification","valueRequired":true,"valueName":"search_term_string"}}],"inLanguage":"pt-BR"},{"@type":"Organization","@id":"https:\/\/www.notibras.com\/site\/#organization","name":"Grupo Notibras de Comunica\u00e7\u00e3o","url":"https:\/\/www.notibras.com\/site\/","logo":{"@type":"ImageObject","inLanguage":"pt-BR","@id":"https:\/\/www.notibras.com\/site\/#\/schema\/logo\/image\/","url":"https:\/\/www.notibras.com\/site\/wp-content\/uploads\/2023\/01\/notibras23.png","contentUrl":"https:\/\/www.notibras.com\/site\/wp-content\/uploads\/2023\/01\/notibras23.png","width":350,"height":87,"caption":"Grupo Notibras de Comunica\u00e7\u00e3o"},"image":{"@id":"https:\/\/www.notibras.com\/site\/#\/schema\/logo\/image\/"},"sameAs":["https:\/\/www.facebook.com\/notibras\/","https:\/\/x.com\/Notibras","https:\/\/www.instagram.com\/notibras\/"]},{"@type":"Person","@id":"https:\/\/www.notibras.com\/site\/#\/schema\/person\/36ab0979449956132d3e5b517ea76ac8","name":"Reda\u00e7\u00e3o","image":{"@type":"ImageObject","inLanguage":"pt-BR","@id":"https:\/\/secure.gravatar.com\/avatar\/e0a867bdedb85fd243eadf09663511f96fc81e0720a4a42581f334ad4303aa6b?s=96&d=mm&r=g","url":"https:\/\/secure.gravatar.com\/avatar\/e0a867bdedb85fd243eadf09663511f96fc81e0720a4a42581f334ad4303aa6b?s=96&d=mm&r=g","contentUrl":"https:\/\/secure.gravatar.com\/avatar\/e0a867bdedb85fd243eadf09663511f96fc81e0720a4a42581f334ad4303aa6b?s=96&d=mm&r=g","caption":"Reda\u00e7\u00e3o"}}]}},"amp_enabled":true,"_links":{"self":[{"href":"https:\/\/www.notibras.com\/site\/wp-json\/wp\/v2\/posts\/124799","targetHints":{"allow":["GET"]}}],"collection":[{"href":"https:\/\/www.notibras.com\/site\/wp-json\/wp\/v2\/posts"}],"about":[{"href":"https:\/\/www.notibras.com\/site\/wp-json\/wp\/v2\/types\/post"}],"author":[{"embeddable":true,"href":"https:\/\/www.notibras.com\/site\/wp-json\/wp\/v2\/users\/2"}],"replies":[{"embeddable":true,"href":"https:\/\/www.notibras.com\/site\/wp-json\/wp\/v2\/comments?post=124799"}],"version-history":[{"count":1,"href":"https:\/\/www.notibras.com\/site\/wp-json\/wp\/v2\/posts\/124799\/revisions"}],"predecessor-version":[{"id":124802,"href":"https:\/\/www.notibras.com\/site\/wp-json\/wp\/v2\/posts\/124799\/revisions\/124802"}],"wp:featuredmedia":[{"embeddable":true,"href":"https:\/\/www.notibras.com\/site\/wp-json\/wp\/v2\/media\/124801"}],"wp:attachment":[{"href":"https:\/\/www.notibras.com\/site\/wp-json\/wp\/v2\/media?parent=124799"}],"wp:term":[{"taxonomy":"category","embeddable":true,"href":"https:\/\/www.notibras.com\/site\/wp-json\/wp\/v2\/categories?post=124799"},{"taxonomy":"post_tag","embeddable":true,"href":"https:\/\/www.notibras.com\/site\/wp-json\/wp\/v2\/tags?post=124799"}],"curies":[{"name":"wp","href":"https:\/\/api.w.org\/{rel}","templated":true}]}}