{"id":125054,"date":"2017-01-02T06:16:33","date_gmt":"2017-01-02T08:16:33","guid":{"rendered":"http:\/\/www.notibras.com\/site\/?p=125054"},"modified":"2017-01-02T06:16:33","modified_gmt":"2017-01-02T08:16:33","slug":"bienal-assume-lado-do-lugar-comum-e-vira-decepcao","status":"publish","type":"post","link":"https:\/\/www.notibras.com\/site\/bienal-assume-lado-do-lugar-comum-e-vira-decepcao\/","title":{"rendered":"Bienal assume lado do lugar comum e vira decep\u00e7\u00e3o"},"content":{"rendered":"<p><strong>Sheila Leirner<\/strong><\/p>\n<p>N\u00e3o existem padr\u00f5es particulares para avaliar uma Bienal, seja ela tem\u00e1tica, experimental, improvisada ou estranhamente conceituada por um curador cujo discurso e escolhas art\u00edsticas falam de tudo, menos de arte. O papel dela continua exatamente o mesmo em qualquer parte: servir como bar\u00f4metro da situa\u00e7\u00e3o art\u00edstica (e, portanto, tamb\u00e9m extra-art\u00edstica) do planeta ou parte dele, desenvolvendo n\u00e3o apenas a reflex\u00e3o sobre os caminhos da arte, mas sobretudo a pr\u00e1tica mesma de torn\u00e1-los compreens\u00edveis para o p\u00fablico.<\/p>\n<p>Assim, pode-se dizer que a 32.\u00aa Bienal, que termina no domingo, 11, teve a infelicidade de cumprir o oposto de sua voca\u00e7\u00e3o: a arte do nosso tempo n\u00e3o foi a medida da atua\u00e7\u00e3o curatorial. Em vez de espelhar democraticamente o efervescente estado art\u00edstico atual, imp\u00f4s \u2013 de cima para baixo \u2013 ideias e \u201cprodutos escolhidos a dedo\u201d, que \u201ccolam\u201d em certas realidades e ideologias de circunst\u00e2ncia. E tudo isso por meio, n\u00e3o de um tema, mas de um subterf\u00fagio tendencioso, oportunista, obscuro e suficientemente el\u00e1stico, que permitiu pescar somente estrat\u00e9gias est\u00e9ticas que confortassem o seu racioc\u00ednio.<\/p>\n<p>O resultado deste ing\u00eanuo ensaio exeg\u00e9tico da \u201cincerteza\u201d, sa\u00eddo de um projeto t\u00edmido e vacilante, apoiado nas muletas te\u00f3ricas da ocasi\u00e3o, n\u00e3o \u00e9 \u201cinc\u00f4modo\u201d, \u201csereno\u201d ou \u201csuave\u201d como querem alguns. \u00c9 apenas vago, negligente, inacabado, para n\u00e3o dizer indigente. N\u00e3o \u00e9 porque esta pequena exposi\u00e7\u00e3o de 330 obras se mostra antag\u00f4nica ao mercado e \u00e0s feiras, como ali\u00e1s devem ser todos os eventos desse tipo, que ela possui algum m\u00e9rito.<\/p>\n<p>Possuiria valor se n\u00e3o tivesse perdido a oportunidade de seduzir e fascinar o p\u00fablico, oferecendo-lhe arte, hist\u00f3ria e real concentra\u00e7\u00e3o do esp\u00edrito em vez de entretenimento e lazer, paradoxalmente sob o peso dos mesmos e sinistros motes de sua vida cotidiana. Um pobre espet\u00e1culo para o qual o visitante deve engolir etiquetas explicativas (ou justificativas?) que, quando n\u00e3o s\u00e3o inintelig\u00edveis \u2013 como se constitu\u00edssem superegos intimidantes dos artistas \u2013 possuem pouca ou nenhuma rela\u00e7\u00e3o com o que ele v\u00ea.<\/p>\n<p>Pneus com ervas, oca, penduricalhos, ch\u00e3o de pula-pulas, museografia dilu\u00edda, etc., apesar de seus poss\u00edveis significados latentes, s\u00e3o emblemas de uma edi\u00e7\u00e3o decadente, a qual mesmo os raros e excepcionais artistas presentes n\u00e3o conseguem salvar. Esta Bienal \u00e9 uma enorme decep\u00e7\u00e3o para os que sentiram durante v\u00e1rias d\u00e9cadas o encanto de novas descobertas a cada acontecimento no Ibirapuera. Teria sido mais acertado aguardar dois anos ainda, trabalhando melhor e arrecadando mais recursos, do que se expor ao rid\u00edculo de tal precariedade.<\/p>\n<p>O que significa a meia d\u00fazia de artistas hist\u00f3ricos ou reconhecidos, pingados e perdidos no meio do pavilh\u00e3o? Com ou sem comissionamento, e os riscos que ele implica, induziu-se os parcos 81 participantes (alguns com obras extremamente fracas) e coletivos, como se fossem fantoches, a criar e\/ou discursar o que se quis que criassem e\/ou discursassem, quando existe uma preciosa mina de arte e conceitos no mundo, de onde extrair verdadeiras pepitas de ouro.<\/p>\n<p>Formar um conjunto forte e representativo de como as coisas da arte se apresentam em sua diversidade hoje em dia, de fato \u00e9 tarefa herc\u00falea. Por\u00e9m, n\u00e3o imposs\u00edvel. Um pequeno colegiado de jovens e talentosos curadores internacionais nunca foi suficiente. Seria necess\u00e1rio, antes de tudo, um en\u00e9rgico grupo nacional de auxiliares em todas as \u00e1reas (como foi a Comiss\u00e3o de Arte e Cultura, nos anos 1980), hoje inclusive no campo filos\u00f3fico e cient\u00edfico; um (e apenas um) curador-autor, e uma rede nacional e internacional de correspondentes curatoriais competentes.<\/p>\n<p>N\u00e3o \u00e9 verdade que o curador-autor seja \u201cmodelo agonizante fora de cena\u201d. Este continua figura essencial (tamb\u00e9m diplom\u00e1tica e pol\u00edtica) que pode travar \u2013 sem pregui\u00e7a \u2013 um f\u00e9rtil di\u00e1logo com institui\u00e7\u00f5es e interlocutores oficiais nacionais e estrangeiros, como se fez em algumas Bienais a partir de 1981 (antes de internet). Por que n\u00e3o retomar procedimentos que deram certo, ajustando-os \u00e0s conquistas do s\u00e9culo 21, em todos os setores?<\/p>\n<p>Hoje, sabemos perfeitamente o que \u00e9 arte contempor\u00e2nea e as inverdades sobre a sua \u201csuposta\u201d crise. Temos trabalhos e criadores de sobra, infinitas possibilidades de escolha tamb\u00e9m para linhas de reflex\u00e3o, e uma rica hist\u00f3ria de s\u00e9culos em que colher heran\u00e7as e rela\u00e7\u00f5es. Contudo, \u201co moderno vai na dire\u00e7\u00e3o de uma vida sem descend\u00eancia\u201d, a 32.\u00aa Bienal de S\u00e3o Paulo o comprova. Ora, lutemos para que este vatic\u00ednio do fil\u00f3sofo Peter Sloterdijk n\u00e3o se realize!<\/p>\n","protected":false},"excerpt":{"rendered":"<p>Sheila Leirner N\u00e3o existem padr\u00f5es particulares para avaliar uma Bienal, seja ela tem\u00e1tica, experimental, improvisada ou estranhamente conceituada por um curador cujo discurso e escolhas art\u00edsticas falam de tudo, menos de arte. O papel dela continua exatamente o mesmo em qualquer parte: servir como bar\u00f4metro da situa\u00e7\u00e3o art\u00edstica (e, portanto, tamb\u00e9m extra-art\u00edstica) do planeta ou [&hellip;]<\/p>\n","protected":false},"author":2,"featured_media":125055,"comment_status":"open","ping_status":"closed","sticky":false,"template":"","format":"standard","meta":{"_acf_changed":false,"footnotes":""},"categories":[25],"tags":[],"class_list":["post-125054","post","type-post","status-publish","format-standard","has-post-thumbnail","hentry","category-opina-ai"],"acf":[],"yoast_head":"<!-- This site is optimized with the Yoast SEO plugin v27.5 - https:\/\/yoast.com\/product\/yoast-seo-wordpress\/ -->\n<title>Bienal assume lado do lugar comum e vira decep\u00e7\u00e3o - Notibras<\/title>\n<meta name=\"robots\" content=\"index, follow, max-snippet:-1, max-image-preview:large, max-video-preview:-1\" \/>\n<link rel=\"canonical\" href=\"https:\/\/www.notibras.com\/site\/bienal-assume-lado-do-lugar-comum-e-vira-decepcao\/\" \/>\n<meta property=\"og:locale\" content=\"pt_BR\" \/>\n<meta property=\"og:type\" content=\"article\" \/>\n<meta property=\"og:title\" content=\"Bienal assume lado do lugar comum e vira decep\u00e7\u00e3o - Notibras\" \/>\n<meta property=\"og:description\" content=\"Sheila Leirner N\u00e3o existem padr\u00f5es particulares para avaliar uma Bienal, seja ela tem\u00e1tica, experimental, improvisada ou estranhamente conceituada por um curador cujo discurso e escolhas art\u00edsticas falam de tudo, menos de arte. O papel dela continua exatamente o mesmo em qualquer parte: servir como bar\u00f4metro da situa\u00e7\u00e3o art\u00edstica (e, portanto, tamb\u00e9m extra-art\u00edstica) do planeta ou [&hellip;]\" \/>\n<meta property=\"og:url\" content=\"https:\/\/www.notibras.com\/site\/bienal-assume-lado-do-lugar-comum-e-vira-decepcao\/\" \/>\n<meta property=\"og:site_name\" content=\"Notibras\" \/>\n<meta property=\"article:publisher\" content=\"https:\/\/www.facebook.com\/notibras\/\" \/>\n<meta property=\"article:published_time\" content=\"2017-01-02T08:16:33+00:00\" \/>\n<meta property=\"og:image\" content=\"https:\/\/www.notibras.com\/site\/wp-content\/uploads\/2017\/01\/1481326035159.jpg\" \/>\n\t<meta property=\"og:image:width\" content=\"610\" \/>\n\t<meta property=\"og:image:height\" content=\"407\" \/>\n\t<meta property=\"og:image:type\" content=\"image\/jpeg\" \/>\n<meta name=\"author\" content=\"Reda\u00e7\u00e3o\" \/>\n<meta name=\"twitter:card\" content=\"summary_large_image\" \/>\n<meta name=\"twitter:creator\" content=\"@Notibras\" \/>\n<meta name=\"twitter:site\" content=\"@Notibras\" \/>\n<meta name=\"twitter:label1\" content=\"Escrito por\" \/>\n\t<meta name=\"twitter:data1\" content=\"Reda\u00e7\u00e3o\" \/>\n\t<meta name=\"twitter:label2\" content=\"Est. tempo de leitura\" \/>\n\t<meta name=\"twitter:data2\" content=\"4 minutos\" \/>\n<script type=\"application\/ld+json\" class=\"yoast-schema-graph\">{\"@context\":\"https:\\\/\\\/schema.org\",\"@graph\":[{\"@type\":\"Article\",\"@id\":\"https:\\\/\\\/www.notibras.com\\\/site\\\/bienal-assume-lado-do-lugar-comum-e-vira-decepcao\\\/#article\",\"isPartOf\":{\"@id\":\"https:\\\/\\\/www.notibras.com\\\/site\\\/bienal-assume-lado-do-lugar-comum-e-vira-decepcao\\\/\"},\"author\":{\"name\":\"Reda\u00e7\u00e3o\",\"@id\":\"https:\\\/\\\/www.notibras.com\\\/site\\\/#\\\/schema\\\/person\\\/36ab0979449956132d3e5b517ea76ac8\"},\"headline\":\"Bienal assume lado do lugar comum e vira decep\u00e7\u00e3o\",\"datePublished\":\"2017-01-02T08:16:33+00:00\",\"mainEntityOfPage\":{\"@id\":\"https:\\\/\\\/www.notibras.com\\\/site\\\/bienal-assume-lado-do-lugar-comum-e-vira-decepcao\\\/\"},\"wordCount\":798,\"commentCount\":0,\"publisher\":{\"@id\":\"https:\\\/\\\/www.notibras.com\\\/site\\\/#organization\"},\"image\":{\"@id\":\"https:\\\/\\\/www.notibras.com\\\/site\\\/bienal-assume-lado-do-lugar-comum-e-vira-decepcao\\\/#primaryimage\"},\"thumbnailUrl\":\"https:\\\/\\\/www.notibras.com\\\/site\\\/wp-content\\\/uploads\\\/2017\\\/01\\\/1481326035159.jpg\",\"articleSection\":[\"Opina a\u00ed\"],\"inLanguage\":\"pt-BR\",\"potentialAction\":[{\"@type\":\"CommentAction\",\"name\":\"Comment\",\"target\":[\"https:\\\/\\\/www.notibras.com\\\/site\\\/bienal-assume-lado-do-lugar-comum-e-vira-decepcao\\\/#respond\"]}]},{\"@type\":\"WebPage\",\"@id\":\"https:\\\/\\\/www.notibras.com\\\/site\\\/bienal-assume-lado-do-lugar-comum-e-vira-decepcao\\\/\",\"url\":\"https:\\\/\\\/www.notibras.com\\\/site\\\/bienal-assume-lado-do-lugar-comum-e-vira-decepcao\\\/\",\"name\":\"Bienal assume lado do lugar comum e vira decep\u00e7\u00e3o - Notibras\",\"isPartOf\":{\"@id\":\"https:\\\/\\\/www.notibras.com\\\/site\\\/#website\"},\"primaryImageOfPage\":{\"@id\":\"https:\\\/\\\/www.notibras.com\\\/site\\\/bienal-assume-lado-do-lugar-comum-e-vira-decepcao\\\/#primaryimage\"},\"image\":{\"@id\":\"https:\\\/\\\/www.notibras.com\\\/site\\\/bienal-assume-lado-do-lugar-comum-e-vira-decepcao\\\/#primaryimage\"},\"thumbnailUrl\":\"https:\\\/\\\/www.notibras.com\\\/site\\\/wp-content\\\/uploads\\\/2017\\\/01\\\/1481326035159.jpg\",\"datePublished\":\"2017-01-02T08:16:33+00:00\",\"breadcrumb\":{\"@id\":\"https:\\\/\\\/www.notibras.com\\\/site\\\/bienal-assume-lado-do-lugar-comum-e-vira-decepcao\\\/#breadcrumb\"},\"inLanguage\":\"pt-BR\",\"potentialAction\":[{\"@type\":\"ReadAction\",\"target\":[\"https:\\\/\\\/www.notibras.com\\\/site\\\/bienal-assume-lado-do-lugar-comum-e-vira-decepcao\\\/\"]}]},{\"@type\":\"ImageObject\",\"inLanguage\":\"pt-BR\",\"@id\":\"https:\\\/\\\/www.notibras.com\\\/site\\\/bienal-assume-lado-do-lugar-comum-e-vira-decepcao\\\/#primaryimage\",\"url\":\"https:\\\/\\\/www.notibras.com\\\/site\\\/wp-content\\\/uploads\\\/2017\\\/01\\\/1481326035159.jpg\",\"contentUrl\":\"https:\\\/\\\/www.notibras.com\\\/site\\\/wp-content\\\/uploads\\\/2017\\\/01\\\/1481326035159.jpg\",\"width\":610,\"height\":407},{\"@type\":\"BreadcrumbList\",\"@id\":\"https:\\\/\\\/www.notibras.com\\\/site\\\/bienal-assume-lado-do-lugar-comum-e-vira-decepcao\\\/#breadcrumb\",\"itemListElement\":[{\"@type\":\"ListItem\",\"position\":1,\"name\":\"In\u00edcio\",\"item\":\"https:\\\/\\\/www.notibras.com\\\/site\\\/\"},{\"@type\":\"ListItem\",\"position\":2,\"name\":\"Bienal assume lado do lugar comum e vira decep\u00e7\u00e3o\"}]},{\"@type\":\"WebSite\",\"@id\":\"https:\\\/\\\/www.notibras.com\\\/site\\\/#website\",\"url\":\"https:\\\/\\\/www.notibras.com\\\/site\\\/\",\"name\":\"Notibras\",\"description\":\"Not\u00edcias de Bras\u00edlia, do Brasil e do Mundo\",\"publisher\":{\"@id\":\"https:\\\/\\\/www.notibras.com\\\/site\\\/#organization\"},\"potentialAction\":[{\"@type\":\"SearchAction\",\"target\":{\"@type\":\"EntryPoint\",\"urlTemplate\":\"https:\\\/\\\/www.notibras.com\\\/site\\\/?s={search_term_string}\"},\"query-input\":{\"@type\":\"PropertyValueSpecification\",\"valueRequired\":true,\"valueName\":\"search_term_string\"}}],\"inLanguage\":\"pt-BR\"},{\"@type\":\"Organization\",\"@id\":\"https:\\\/\\\/www.notibras.com\\\/site\\\/#organization\",\"name\":\"Grupo Notibras de Comunica\u00e7\u00e3o\",\"url\":\"https:\\\/\\\/www.notibras.com\\\/site\\\/\",\"logo\":{\"@type\":\"ImageObject\",\"inLanguage\":\"pt-BR\",\"@id\":\"https:\\\/\\\/www.notibras.com\\\/site\\\/#\\\/schema\\\/logo\\\/image\\\/\",\"url\":\"https:\\\/\\\/www.notibras.com\\\/site\\\/wp-content\\\/uploads\\\/2023\\\/01\\\/notibras23.png\",\"contentUrl\":\"https:\\\/\\\/www.notibras.com\\\/site\\\/wp-content\\\/uploads\\\/2023\\\/01\\\/notibras23.png\",\"width\":350,\"height\":87,\"caption\":\"Grupo Notibras de Comunica\u00e7\u00e3o\"},\"image\":{\"@id\":\"https:\\\/\\\/www.notibras.com\\\/site\\\/#\\\/schema\\\/logo\\\/image\\\/\"},\"sameAs\":[\"https:\\\/\\\/www.facebook.com\\\/notibras\\\/\",\"https:\\\/\\\/x.com\\\/Notibras\",\"https:\\\/\\\/www.instagram.com\\\/notibras\\\/\"]},{\"@type\":\"Person\",\"@id\":\"https:\\\/\\\/www.notibras.com\\\/site\\\/#\\\/schema\\\/person\\\/36ab0979449956132d3e5b517ea76ac8\",\"name\":\"Reda\u00e7\u00e3o\",\"image\":{\"@type\":\"ImageObject\",\"inLanguage\":\"pt-BR\",\"@id\":\"https:\\\/\\\/secure.gravatar.com\\\/avatar\\\/e0a867bdedb85fd243eadf09663511f96fc81e0720a4a42581f334ad4303aa6b?s=96&d=mm&r=g\",\"url\":\"https:\\\/\\\/secure.gravatar.com\\\/avatar\\\/e0a867bdedb85fd243eadf09663511f96fc81e0720a4a42581f334ad4303aa6b?s=96&d=mm&r=g\",\"contentUrl\":\"https:\\\/\\\/secure.gravatar.com\\\/avatar\\\/e0a867bdedb85fd243eadf09663511f96fc81e0720a4a42581f334ad4303aa6b?s=96&d=mm&r=g\",\"caption\":\"Reda\u00e7\u00e3o\"}}]}<\/script>\n<!-- \/ Yoast SEO plugin. -->","yoast_head_json":{"title":"Bienal assume lado do lugar comum e vira decep\u00e7\u00e3o - Notibras","robots":{"index":"index","follow":"follow","max-snippet":"max-snippet:-1","max-image-preview":"max-image-preview:large","max-video-preview":"max-video-preview:-1"},"canonical":"https:\/\/www.notibras.com\/site\/bienal-assume-lado-do-lugar-comum-e-vira-decepcao\/","og_locale":"pt_BR","og_type":"article","og_title":"Bienal assume lado do lugar comum e vira decep\u00e7\u00e3o - Notibras","og_description":"Sheila Leirner N\u00e3o existem padr\u00f5es particulares para avaliar uma Bienal, seja ela tem\u00e1tica, experimental, improvisada ou estranhamente conceituada por um curador cujo discurso e escolhas art\u00edsticas falam de tudo, menos de arte. O papel dela continua exatamente o mesmo em qualquer parte: servir como bar\u00f4metro da situa\u00e7\u00e3o art\u00edstica (e, portanto, tamb\u00e9m extra-art\u00edstica) do planeta ou [&hellip;]","og_url":"https:\/\/www.notibras.com\/site\/bienal-assume-lado-do-lugar-comum-e-vira-decepcao\/","og_site_name":"Notibras","article_publisher":"https:\/\/www.facebook.com\/notibras\/","article_published_time":"2017-01-02T08:16:33+00:00","og_image":[{"width":610,"height":407,"url":"https:\/\/www.notibras.com\/site\/wp-content\/uploads\/2017\/01\/1481326035159.jpg","type":"image\/jpeg"}],"author":"Reda\u00e7\u00e3o","twitter_card":"summary_large_image","twitter_creator":"@Notibras","twitter_site":"@Notibras","twitter_misc":{"Escrito por":"Reda\u00e7\u00e3o","Est. tempo de leitura":"4 minutos"},"schema":{"@context":"https:\/\/schema.org","@graph":[{"@type":"Article","@id":"https:\/\/www.notibras.com\/site\/bienal-assume-lado-do-lugar-comum-e-vira-decepcao\/#article","isPartOf":{"@id":"https:\/\/www.notibras.com\/site\/bienal-assume-lado-do-lugar-comum-e-vira-decepcao\/"},"author":{"name":"Reda\u00e7\u00e3o","@id":"https:\/\/www.notibras.com\/site\/#\/schema\/person\/36ab0979449956132d3e5b517ea76ac8"},"headline":"Bienal assume lado do lugar comum e vira decep\u00e7\u00e3o","datePublished":"2017-01-02T08:16:33+00:00","mainEntityOfPage":{"@id":"https:\/\/www.notibras.com\/site\/bienal-assume-lado-do-lugar-comum-e-vira-decepcao\/"},"wordCount":798,"commentCount":0,"publisher":{"@id":"https:\/\/www.notibras.com\/site\/#organization"},"image":{"@id":"https:\/\/www.notibras.com\/site\/bienal-assume-lado-do-lugar-comum-e-vira-decepcao\/#primaryimage"},"thumbnailUrl":"https:\/\/www.notibras.com\/site\/wp-content\/uploads\/2017\/01\/1481326035159.jpg","articleSection":["Opina a\u00ed"],"inLanguage":"pt-BR","potentialAction":[{"@type":"CommentAction","name":"Comment","target":["https:\/\/www.notibras.com\/site\/bienal-assume-lado-do-lugar-comum-e-vira-decepcao\/#respond"]}]},{"@type":"WebPage","@id":"https:\/\/www.notibras.com\/site\/bienal-assume-lado-do-lugar-comum-e-vira-decepcao\/","url":"https:\/\/www.notibras.com\/site\/bienal-assume-lado-do-lugar-comum-e-vira-decepcao\/","name":"Bienal assume lado do lugar comum e vira decep\u00e7\u00e3o - Notibras","isPartOf":{"@id":"https:\/\/www.notibras.com\/site\/#website"},"primaryImageOfPage":{"@id":"https:\/\/www.notibras.com\/site\/bienal-assume-lado-do-lugar-comum-e-vira-decepcao\/#primaryimage"},"image":{"@id":"https:\/\/www.notibras.com\/site\/bienal-assume-lado-do-lugar-comum-e-vira-decepcao\/#primaryimage"},"thumbnailUrl":"https:\/\/www.notibras.com\/site\/wp-content\/uploads\/2017\/01\/1481326035159.jpg","datePublished":"2017-01-02T08:16:33+00:00","breadcrumb":{"@id":"https:\/\/www.notibras.com\/site\/bienal-assume-lado-do-lugar-comum-e-vira-decepcao\/#breadcrumb"},"inLanguage":"pt-BR","potentialAction":[{"@type":"ReadAction","target":["https:\/\/www.notibras.com\/site\/bienal-assume-lado-do-lugar-comum-e-vira-decepcao\/"]}]},{"@type":"ImageObject","inLanguage":"pt-BR","@id":"https:\/\/www.notibras.com\/site\/bienal-assume-lado-do-lugar-comum-e-vira-decepcao\/#primaryimage","url":"https:\/\/www.notibras.com\/site\/wp-content\/uploads\/2017\/01\/1481326035159.jpg","contentUrl":"https:\/\/www.notibras.com\/site\/wp-content\/uploads\/2017\/01\/1481326035159.jpg","width":610,"height":407},{"@type":"BreadcrumbList","@id":"https:\/\/www.notibras.com\/site\/bienal-assume-lado-do-lugar-comum-e-vira-decepcao\/#breadcrumb","itemListElement":[{"@type":"ListItem","position":1,"name":"In\u00edcio","item":"https:\/\/www.notibras.com\/site\/"},{"@type":"ListItem","position":2,"name":"Bienal assume lado do lugar comum e vira decep\u00e7\u00e3o"}]},{"@type":"WebSite","@id":"https:\/\/www.notibras.com\/site\/#website","url":"https:\/\/www.notibras.com\/site\/","name":"Notibras","description":"Not\u00edcias de Bras\u00edlia, do Brasil e do Mundo","publisher":{"@id":"https:\/\/www.notibras.com\/site\/#organization"},"potentialAction":[{"@type":"SearchAction","target":{"@type":"EntryPoint","urlTemplate":"https:\/\/www.notibras.com\/site\/?s={search_term_string}"},"query-input":{"@type":"PropertyValueSpecification","valueRequired":true,"valueName":"search_term_string"}}],"inLanguage":"pt-BR"},{"@type":"Organization","@id":"https:\/\/www.notibras.com\/site\/#organization","name":"Grupo Notibras de Comunica\u00e7\u00e3o","url":"https:\/\/www.notibras.com\/site\/","logo":{"@type":"ImageObject","inLanguage":"pt-BR","@id":"https:\/\/www.notibras.com\/site\/#\/schema\/logo\/image\/","url":"https:\/\/www.notibras.com\/site\/wp-content\/uploads\/2023\/01\/notibras23.png","contentUrl":"https:\/\/www.notibras.com\/site\/wp-content\/uploads\/2023\/01\/notibras23.png","width":350,"height":87,"caption":"Grupo Notibras de Comunica\u00e7\u00e3o"},"image":{"@id":"https:\/\/www.notibras.com\/site\/#\/schema\/logo\/image\/"},"sameAs":["https:\/\/www.facebook.com\/notibras\/","https:\/\/x.com\/Notibras","https:\/\/www.instagram.com\/notibras\/"]},{"@type":"Person","@id":"https:\/\/www.notibras.com\/site\/#\/schema\/person\/36ab0979449956132d3e5b517ea76ac8","name":"Reda\u00e7\u00e3o","image":{"@type":"ImageObject","inLanguage":"pt-BR","@id":"https:\/\/secure.gravatar.com\/avatar\/e0a867bdedb85fd243eadf09663511f96fc81e0720a4a42581f334ad4303aa6b?s=96&d=mm&r=g","url":"https:\/\/secure.gravatar.com\/avatar\/e0a867bdedb85fd243eadf09663511f96fc81e0720a4a42581f334ad4303aa6b?s=96&d=mm&r=g","contentUrl":"https:\/\/secure.gravatar.com\/avatar\/e0a867bdedb85fd243eadf09663511f96fc81e0720a4a42581f334ad4303aa6b?s=96&d=mm&r=g","caption":"Reda\u00e7\u00e3o"}}]}},"amp_enabled":true,"_links":{"self":[{"href":"https:\/\/www.notibras.com\/site\/wp-json\/wp\/v2\/posts\/125054","targetHints":{"allow":["GET"]}}],"collection":[{"href":"https:\/\/www.notibras.com\/site\/wp-json\/wp\/v2\/posts"}],"about":[{"href":"https:\/\/www.notibras.com\/site\/wp-json\/wp\/v2\/types\/post"}],"author":[{"embeddable":true,"href":"https:\/\/www.notibras.com\/site\/wp-json\/wp\/v2\/users\/2"}],"replies":[{"embeddable":true,"href":"https:\/\/www.notibras.com\/site\/wp-json\/wp\/v2\/comments?post=125054"}],"version-history":[{"count":1,"href":"https:\/\/www.notibras.com\/site\/wp-json\/wp\/v2\/posts\/125054\/revisions"}],"predecessor-version":[{"id":125056,"href":"https:\/\/www.notibras.com\/site\/wp-json\/wp\/v2\/posts\/125054\/revisions\/125056"}],"wp:featuredmedia":[{"embeddable":true,"href":"https:\/\/www.notibras.com\/site\/wp-json\/wp\/v2\/media\/125055"}],"wp:attachment":[{"href":"https:\/\/www.notibras.com\/site\/wp-json\/wp\/v2\/media?parent=125054"}],"wp:term":[{"taxonomy":"category","embeddable":true,"href":"https:\/\/www.notibras.com\/site\/wp-json\/wp\/v2\/categories?post=125054"},{"taxonomy":"post_tag","embeddable":true,"href":"https:\/\/www.notibras.com\/site\/wp-json\/wp\/v2\/tags?post=125054"}],"curies":[{"name":"wp","href":"https:\/\/api.w.org\/{rel}","templated":true}]}}