{"id":125144,"date":"2017-01-03T08:35:46","date_gmt":"2017-01-03T10:35:46","guid":{"rendered":"http:\/\/www.notibras.com\/site\/?p=125144"},"modified":"2017-01-03T08:35:46","modified_gmt":"2017-01-03T10:35:46","slug":"burrice-e-maldade-andam-juntas-lula-que-o-diga","status":"publish","type":"post","link":"https:\/\/www.notibras.com\/site\/burrice-e-maldade-andam-juntas-lula-que-o-diga\/","title":{"rendered":"Burrice e maldade andam juntas; Lula que o diga"},"content":{"rendered":"<p><strong>Jo\u00e3o Antonio Pagliosa<\/strong><\/p>\n<p>Quando Lula come\u00e7ou seu governo, o populismo se instalou no pa\u00eds. Este jeito de governar foi ampliado com Dilma e, vivemos os horrores da bestialidade pol\u00edtico-ideol\u00f3gica. De 01 de janeiro de 2013 at\u00e9 o impeachment de Dilma o PT foi respons\u00e1vel pelo sumi\u00e7o de mais de UM TRILH\u00c3O DE REAIS, e que fizeram quebrar milhares de empres\u00e1rios de todos os rinc\u00f5es do pa\u00eds. E atordoar milh\u00f5es de brasileiros&#8230;<\/p>\n<p>Nunca vista uma T\u00fanica que n\u00e3o lhe perten\u00e7a&#8230; Nunca exer\u00e7a uma fun\u00e7\u00e3o para a qual voc\u00ea n\u00e3o est\u00e1 preparado!<\/p>\n<p>O &#8220;Poste&#8221; foi impinchado e seu vice Temer assumiu, e tenta se segurar do jeito que d\u00e1&#8230; As FFAA informam que permanecer\u00e3o quietas em seus quart\u00e9is&#8230; Parece que veem tudo sob controle&#8230; Leitor, por favor, n\u00e3o se descontrole&#8230; Ainda acho melhor Temer na presid\u00eancia, e irmos empurrando at\u00e9 as elei\u00e7\u00f5es de 2018.<\/p>\n<p>Ap\u00f3s Fidel tomar o poder em Cuba e, a partir dos anos sessenta, muitos pa\u00edses da Am\u00e9rica Latina viveram constantes revolu\u00e7\u00f5es, e o objetivo destes levantes era derrubar governos e instalar o regime comunista. Lula, Dilma e um monte de gente insana estava l\u00e1 no funeral do assassino Fidel&#8230; Abanando e dando tchauzinho&#8230; Uma vez hip\u00f3crita, sempre hip\u00f3crita!<\/p>\n<p>L\u00e1 pelas d\u00e9cadas de 60 e 70, os treinamentos de revolucion\u00e1rios latino-americanos eram realizados em Cuba e na R\u00fassia, e estes esquerdistas de carteirinha criaram tamanha confus\u00e3o em seus pa\u00edses de origem (Brasil, Argentina, Chile, etc.) que for\u00e7ou os militares a tomar o poder. Surgiram ent\u00e3o as ditaduras militares e os revolucion\u00e1rios foram derrotados e ficaram ao l\u00e9u. No v\u00e1cuo!<\/p>\n<p>Com o final das ditaduras militares, houve espa\u00e7o pol\u00edtico e o populismo se instalou. Onde tem brecha, malandro entra&#8230;<\/p>\n<p>Luiz In\u00e1cio, com sua l\u00e1bia palanqueira, encantava sindicalistas na grande S\u00e3o Paulo, e abra\u00e7ou com venera\u00e7\u00e3o o populismo. O garanh\u00e3o de nove dedos falava s\u00f3 o que a classe trabalhadora queria ouvir.<\/p>\n<p>\u00c9 t\u00e3o agrad\u00e1vel aos oper\u00e1rios ouvir sobre muitos direitos. \u00c9 t\u00e3o pr\u00f3prio do homem, ouvir sobre poucos deveres.<\/p>\n<p>E para agradar as massas, o populismo seguiu por caminhos diametralmente opostos aos dos regimes militares, que por defini\u00e7\u00e3o, eram regimes anticomunistas.<\/p>\n<p>Entretanto, a queda das ditaduras militares, coincidiu com a queda dos regimes comunistas no mundo. Glasnost, Perestroika, o esfacelamento da URSS e a queda do muro de Berlim, foram acontecimentos que tornaram a doutrina de Karl Marx, Engels, Lenin, Stalin, e outros, algo completamente fora da realidade que o mundo vivia. Comunismo era ent\u00e3o, anacr\u00f4nico e era preciso outra denomina\u00e7\u00e3o. Surgiu assim o socialismo bolivariano. Gramsci veio a calhar!<\/p>\n<p>O guru passou a ser Antonio Gramsci, e seus seguidores n\u00e3o pregam ditadura de proletariado, eles pregam prote\u00e7\u00e3o aos pobres, as minorias, aos indefesos, aos diferentes (homossexuais, l\u00e9sbicas, prostitutas, drogados, etc.), atrav\u00e9s de muitos programas assistenciais. Tudo conforme prega o caderno escrito por Gramsci, no c\u00e1rcere.<\/p>\n<p>Este socialismo bolivariano, este populismo exacerbado que vivenciamos cada ano mais forte, &#8220;finge&#8221; ajudar as pessoas e est\u00e1 colocando pa\u00edses de joelhos, e a Venezuela \u00e9 a prova da imbecilidade dessa doutrina.<\/p>\n<p>Eles, (o governo), n\u00e3o falam mais em revolu\u00e7\u00e3o, ou em afrontamento, eles falam em alian\u00e7as com o empresariado, com estes empres\u00e1rios que sempre lucraram com o assistencialismo proporcionado pelo estado. Esta \u00e9 a verdadeira origem de tantas licita\u00e7\u00f5es indecentes, de tantas outorgas criminosas, de tantos contratos de gaveta, de tanta propina bilion\u00e1ria.<\/p>\n<p>Propina que colocou o Brasil a um passo do precip\u00edcio e do caos financeiro&#8230;<\/p>\n<p>E estes governos populistas usam a m\u00e1quina do estado e as empresas estatais, como se fossem propriedade sua, roubam na cara dura, e garantem apoio aos fragilizados de nossa sociedade. E usam o poder pol\u00edtico para permanecer no governo &#8220;ad eternum&#8221;. E tornam-se pol\u00edticos profissionais, tipo familia Sarney&#8230;<\/p>\n<p>Lulla, que h\u00e1 muito defino como a pior desgra\u00e7a que aconteceu ao pa\u00eds, arquitetou com Jos\u00e9 Dirceu um plano para manter o PT no poder, para sempre&#8230; A gan\u00e2ncia de ambos frustou seus planos mirabolantes. Jos\u00e9 Dirceu est\u00e1 vendo o sol nascer quadrado faz tempo&#8230; Lulla na minha opini\u00e3o j\u00e1 deveria estar tamb\u00e9m&#8230; Ali\u00e1s, de h\u00e1 muito! Aguardemos&#8230;<\/p>\n<p>E toda esta confus\u00e3o iniciou com a revolu\u00e7\u00e3o cubana, entretanto, nos dias atuais, vemos o governo de Cuba estendendo a m\u00e3o aos USA, estendendo a m\u00e3o ao capitalismo, e tanto Obama quanto o papa Francisco, exerceram papel preponderante nesta a\u00e7\u00e3o que visa aliviar o sofrimento de muitos inocentes.<\/p>\n<p>Mas, a partir de hoje, Donald Trump assume a posi\u00e7\u00e3o do homem mais importante e influente da face da Terra. Ele \u00e9 o presidente do pa\u00eds mais rico do mundo&#8230; Quem tem dinheiro e poder manda. E \u00e9 assim desde Ad\u00e3o e Eva.<\/p>\n<p>O que vai acontecer? Ningu\u00e9m sabe&#8230; Mas eu particularmente, sou muito mais Trump do que Hillary&#8230; Chega de mesmices&#8230;<\/p>\n<p>\u00c9 preciso parar o comunismo, o socialismo bolivariano, e suas outras mil defini\u00e7\u00f5es e acelerar urgentemente a democracia e o capitalismo em todo o planeta, porque a revolu\u00e7\u00e3o russa que iniciou em 1917, foi respons\u00e1vel pela morte de mais de 120 milh\u00f5es de pessoas em todo o mundo.<\/p>\n<p>Cento e vinte milh\u00f5es de pessoas, gente&#8230;E esta idiotice socialista parece estar nos seus derradeiros estertores porque \u00e9 ut\u00f3pico acreditar que o homem possa dividir tudo de forma equ\u00e2nime. Logo o homem&#8230; Pois sim&#8230; Nem a pau, Juvenal&#8230;.<\/p>\n<p>Sergio Moro, Deltan Dallagnol, e outros valorosos procuradores da opera\u00e7\u00e3o Lava Jato, comprovaram que a Construtora Andrade Gutierrez doou R$100 milh\u00f5es \u00e0 campanha de Dilma s\u00f3 em 2014&#8230; Os delatores da Odebrecht ainda v\u00e3o auxiliar para encanar muitos vil\u00f5es tipo Renan&#8230; As maracutaias na Petrobr\u00e1s fizeram sumir 80% do valor cont\u00e1bil daquela Empresa, e a transformaram na Organiza\u00e7\u00e3o Estatal com a maior d\u00edvida do planeta&#8230; Tem dela\u00e7\u00e3o saindo pelo ladr\u00e3o&#8230; E, por um triz o STF n\u00e3o embanana tudo&#8230;<\/p>\n<p>O povo est\u00e1 atento, senhores ju\u00edzes&#8230; A gente sabe onde o sapato aperta&#8230;<\/p>\n<p>Mas, ainda vejo muitos intelectuais e professores louvando Fidel e o regime comunista&#8230; E vejo gente defendendo Lula&#8230; E vejo gente espernear para n\u00e3o privatizar nada&#8230; E vejo gente querendo mais benesses do Estado&#8230; Estado que est\u00e1 de chap\u00e9u na m\u00e3o&#8230; Que n\u00e3o consegue honrar o sal\u00e1rio de seus servidores&#8230;<\/p>\n<p>E vejo professores querendo ensinar o que \u00e9 errado&#8230; E vejo nossa m\u00eddia enganando a massa&#8230;<\/p>\n<p>Sabem de nada, inocentes&#8230;<\/p>\n<p>Vou finalizar parodiando Olavo de Carvalho: &#8216;Burrice e Maldade n\u00e3o s\u00e3o termos antag\u00f4nicos. Elas andam juntas.&#8221;<\/p>\n","protected":false},"excerpt":{"rendered":"<p>Jo\u00e3o Antonio Pagliosa Quando Lula come\u00e7ou seu governo, o populismo se instalou no pa\u00eds. Este jeito de governar foi ampliado com Dilma e, vivemos os horrores da bestialidade pol\u00edtico-ideol\u00f3gica. De 01 de janeiro de 2013 at\u00e9 o impeachment de Dilma o PT foi respons\u00e1vel pelo sumi\u00e7o de mais de UM TRILH\u00c3O DE REAIS, e que [&hellip;]<\/p>\n","protected":false},"author":2,"featured_media":125145,"comment_status":"open","ping_status":"closed","sticky":false,"template":"","format":"standard","meta":{"_acf_changed":false,"footnotes":""},"categories":[25],"tags":[],"class_list":["post-125144","post","type-post","status-publish","format-standard","has-post-thumbnail","hentry","category-opina-ai"],"acf":[],"yoast_head":"<!-- This site is optimized with the Yoast SEO plugin v27.5 - https:\/\/yoast.com\/product\/yoast-seo-wordpress\/ -->\n<title>Burrice e maldade andam juntas; Lula que o diga - Notibras<\/title>\n<meta name=\"robots\" content=\"index, follow, max-snippet:-1, max-image-preview:large, max-video-preview:-1\" \/>\n<link rel=\"canonical\" href=\"https:\/\/www.notibras.com\/site\/burrice-e-maldade-andam-juntas-lula-que-o-diga\/\" \/>\n<meta property=\"og:locale\" content=\"pt_BR\" \/>\n<meta property=\"og:type\" content=\"article\" \/>\n<meta property=\"og:title\" content=\"Burrice e maldade andam juntas; Lula que o diga - Notibras\" \/>\n<meta property=\"og:description\" content=\"Jo\u00e3o Antonio Pagliosa Quando Lula come\u00e7ou seu governo, o populismo se instalou no pa\u00eds. Este jeito de governar foi ampliado com Dilma e, vivemos os horrores da bestialidade pol\u00edtico-ideol\u00f3gica. De 01 de janeiro de 2013 at\u00e9 o impeachment de Dilma o PT foi respons\u00e1vel pelo sumi\u00e7o de mais de UM TRILH\u00c3O DE REAIS, e que [&hellip;]\" \/>\n<meta property=\"og:url\" content=\"https:\/\/www.notibras.com\/site\/burrice-e-maldade-andam-juntas-lula-que-o-diga\/\" \/>\n<meta property=\"og:site_name\" content=\"Notibras\" \/>\n<meta property=\"article:publisher\" content=\"https:\/\/www.facebook.com\/notibras\/\" \/>\n<meta property=\"article:published_time\" content=\"2017-01-03T10:35:46+00:00\" \/>\n<meta property=\"og:image\" content=\"https:\/\/www.notibras.com\/site\/wp-content\/uploads\/2017\/01\/lula-veneno-cobra-vista-direita.jpg\" \/>\n\t<meta property=\"og:image:width\" content=\"1160\" \/>\n\t<meta property=\"og:image:height\" content=\"791\" \/>\n\t<meta property=\"og:image:type\" content=\"image\/jpeg\" \/>\n<meta name=\"author\" content=\"Reda\u00e7\u00e3o\" \/>\n<meta name=\"twitter:card\" content=\"summary_large_image\" \/>\n<meta name=\"twitter:creator\" content=\"@Notibras\" \/>\n<meta name=\"twitter:site\" content=\"@Notibras\" \/>\n<meta name=\"twitter:label1\" content=\"Escrito por\" \/>\n\t<meta name=\"twitter:data1\" content=\"Reda\u00e7\u00e3o\" \/>\n\t<meta name=\"twitter:label2\" content=\"Est. tempo de leitura\" \/>\n\t<meta name=\"twitter:data2\" content=\"6 minutos\" \/>\n<script type=\"application\/ld+json\" class=\"yoast-schema-graph\">{\"@context\":\"https:\\\/\\\/schema.org\",\"@graph\":[{\"@type\":\"Article\",\"@id\":\"https:\\\/\\\/www.notibras.com\\\/site\\\/burrice-e-maldade-andam-juntas-lula-que-o-diga\\\/#article\",\"isPartOf\":{\"@id\":\"https:\\\/\\\/www.notibras.com\\\/site\\\/burrice-e-maldade-andam-juntas-lula-que-o-diga\\\/\"},\"author\":{\"name\":\"Reda\u00e7\u00e3o\",\"@id\":\"https:\\\/\\\/www.notibras.com\\\/site\\\/#\\\/schema\\\/person\\\/36ab0979449956132d3e5b517ea76ac8\"},\"headline\":\"Burrice e maldade andam juntas; Lula que o diga\",\"datePublished\":\"2017-01-03T10:35:46+00:00\",\"mainEntityOfPage\":{\"@id\":\"https:\\\/\\\/www.notibras.com\\\/site\\\/burrice-e-maldade-andam-juntas-lula-que-o-diga\\\/\"},\"wordCount\":1150,\"commentCount\":0,\"publisher\":{\"@id\":\"https:\\\/\\\/www.notibras.com\\\/site\\\/#organization\"},\"image\":{\"@id\":\"https:\\\/\\\/www.notibras.com\\\/site\\\/burrice-e-maldade-andam-juntas-lula-que-o-diga\\\/#primaryimage\"},\"thumbnailUrl\":\"https:\\\/\\\/www.notibras.com\\\/site\\\/wp-content\\\/uploads\\\/2017\\\/01\\\/lula-veneno-cobra-vista-direita.jpg\",\"articleSection\":[\"Opina a\u00ed\"],\"inLanguage\":\"pt-BR\",\"potentialAction\":[{\"@type\":\"CommentAction\",\"name\":\"Comment\",\"target\":[\"https:\\\/\\\/www.notibras.com\\\/site\\\/burrice-e-maldade-andam-juntas-lula-que-o-diga\\\/#respond\"]}]},{\"@type\":\"WebPage\",\"@id\":\"https:\\\/\\\/www.notibras.com\\\/site\\\/burrice-e-maldade-andam-juntas-lula-que-o-diga\\\/\",\"url\":\"https:\\\/\\\/www.notibras.com\\\/site\\\/burrice-e-maldade-andam-juntas-lula-que-o-diga\\\/\",\"name\":\"Burrice e maldade andam juntas; Lula que o diga - Notibras\",\"isPartOf\":{\"@id\":\"https:\\\/\\\/www.notibras.com\\\/site\\\/#website\"},\"primaryImageOfPage\":{\"@id\":\"https:\\\/\\\/www.notibras.com\\\/site\\\/burrice-e-maldade-andam-juntas-lula-que-o-diga\\\/#primaryimage\"},\"image\":{\"@id\":\"https:\\\/\\\/www.notibras.com\\\/site\\\/burrice-e-maldade-andam-juntas-lula-que-o-diga\\\/#primaryimage\"},\"thumbnailUrl\":\"https:\\\/\\\/www.notibras.com\\\/site\\\/wp-content\\\/uploads\\\/2017\\\/01\\\/lula-veneno-cobra-vista-direita.jpg\",\"datePublished\":\"2017-01-03T10:35:46+00:00\",\"breadcrumb\":{\"@id\":\"https:\\\/\\\/www.notibras.com\\\/site\\\/burrice-e-maldade-andam-juntas-lula-que-o-diga\\\/#breadcrumb\"},\"inLanguage\":\"pt-BR\",\"potentialAction\":[{\"@type\":\"ReadAction\",\"target\":[\"https:\\\/\\\/www.notibras.com\\\/site\\\/burrice-e-maldade-andam-juntas-lula-que-o-diga\\\/\"]}]},{\"@type\":\"ImageObject\",\"inLanguage\":\"pt-BR\",\"@id\":\"https:\\\/\\\/www.notibras.com\\\/site\\\/burrice-e-maldade-andam-juntas-lula-que-o-diga\\\/#primaryimage\",\"url\":\"https:\\\/\\\/www.notibras.com\\\/site\\\/wp-content\\\/uploads\\\/2017\\\/01\\\/lula-veneno-cobra-vista-direita.jpg\",\"contentUrl\":\"https:\\\/\\\/www.notibras.com\\\/site\\\/wp-content\\\/uploads\\\/2017\\\/01\\\/lula-veneno-cobra-vista-direita.jpg\",\"width\":1160,\"height\":791},{\"@type\":\"BreadcrumbList\",\"@id\":\"https:\\\/\\\/www.notibras.com\\\/site\\\/burrice-e-maldade-andam-juntas-lula-que-o-diga\\\/#breadcrumb\",\"itemListElement\":[{\"@type\":\"ListItem\",\"position\":1,\"name\":\"In\u00edcio\",\"item\":\"https:\\\/\\\/www.notibras.com\\\/site\\\/\"},{\"@type\":\"ListItem\",\"position\":2,\"name\":\"Burrice e maldade andam juntas; Lula que o diga\"}]},{\"@type\":\"WebSite\",\"@id\":\"https:\\\/\\\/www.notibras.com\\\/site\\\/#website\",\"url\":\"https:\\\/\\\/www.notibras.com\\\/site\\\/\",\"name\":\"Notibras\",\"description\":\"Not\u00edcias de Bras\u00edlia, do Brasil e do Mundo\",\"publisher\":{\"@id\":\"https:\\\/\\\/www.notibras.com\\\/site\\\/#organization\"},\"potentialAction\":[{\"@type\":\"SearchAction\",\"target\":{\"@type\":\"EntryPoint\",\"urlTemplate\":\"https:\\\/\\\/www.notibras.com\\\/site\\\/?s={search_term_string}\"},\"query-input\":{\"@type\":\"PropertyValueSpecification\",\"valueRequired\":true,\"valueName\":\"search_term_string\"}}],\"inLanguage\":\"pt-BR\"},{\"@type\":\"Organization\",\"@id\":\"https:\\\/\\\/www.notibras.com\\\/site\\\/#organization\",\"name\":\"Grupo Notibras de Comunica\u00e7\u00e3o\",\"url\":\"https:\\\/\\\/www.notibras.com\\\/site\\\/\",\"logo\":{\"@type\":\"ImageObject\",\"inLanguage\":\"pt-BR\",\"@id\":\"https:\\\/\\\/www.notibras.com\\\/site\\\/#\\\/schema\\\/logo\\\/image\\\/\",\"url\":\"https:\\\/\\\/www.notibras.com\\\/site\\\/wp-content\\\/uploads\\\/2023\\\/01\\\/notibras23.png\",\"contentUrl\":\"https:\\\/\\\/www.notibras.com\\\/site\\\/wp-content\\\/uploads\\\/2023\\\/01\\\/notibras23.png\",\"width\":350,\"height\":87,\"caption\":\"Grupo Notibras de Comunica\u00e7\u00e3o\"},\"image\":{\"@id\":\"https:\\\/\\\/www.notibras.com\\\/site\\\/#\\\/schema\\\/logo\\\/image\\\/\"},\"sameAs\":[\"https:\\\/\\\/www.facebook.com\\\/notibras\\\/\",\"https:\\\/\\\/x.com\\\/Notibras\",\"https:\\\/\\\/www.instagram.com\\\/notibras\\\/\"]},{\"@type\":\"Person\",\"@id\":\"https:\\\/\\\/www.notibras.com\\\/site\\\/#\\\/schema\\\/person\\\/36ab0979449956132d3e5b517ea76ac8\",\"name\":\"Reda\u00e7\u00e3o\",\"image\":{\"@type\":\"ImageObject\",\"inLanguage\":\"pt-BR\",\"@id\":\"https:\\\/\\\/secure.gravatar.com\\\/avatar\\\/e0a867bdedb85fd243eadf09663511f96fc81e0720a4a42581f334ad4303aa6b?s=96&d=mm&r=g\",\"url\":\"https:\\\/\\\/secure.gravatar.com\\\/avatar\\\/e0a867bdedb85fd243eadf09663511f96fc81e0720a4a42581f334ad4303aa6b?s=96&d=mm&r=g\",\"contentUrl\":\"https:\\\/\\\/secure.gravatar.com\\\/avatar\\\/e0a867bdedb85fd243eadf09663511f96fc81e0720a4a42581f334ad4303aa6b?s=96&d=mm&r=g\",\"caption\":\"Reda\u00e7\u00e3o\"}}]}<\/script>\n<!-- \/ Yoast SEO plugin. -->","yoast_head_json":{"title":"Burrice e maldade andam juntas; Lula que o diga - Notibras","robots":{"index":"index","follow":"follow","max-snippet":"max-snippet:-1","max-image-preview":"max-image-preview:large","max-video-preview":"max-video-preview:-1"},"canonical":"https:\/\/www.notibras.com\/site\/burrice-e-maldade-andam-juntas-lula-que-o-diga\/","og_locale":"pt_BR","og_type":"article","og_title":"Burrice e maldade andam juntas; Lula que o diga - Notibras","og_description":"Jo\u00e3o Antonio Pagliosa Quando Lula come\u00e7ou seu governo, o populismo se instalou no pa\u00eds. Este jeito de governar foi ampliado com Dilma e, vivemos os horrores da bestialidade pol\u00edtico-ideol\u00f3gica. De 01 de janeiro de 2013 at\u00e9 o impeachment de Dilma o PT foi respons\u00e1vel pelo sumi\u00e7o de mais de UM TRILH\u00c3O DE REAIS, e que [&hellip;]","og_url":"https:\/\/www.notibras.com\/site\/burrice-e-maldade-andam-juntas-lula-que-o-diga\/","og_site_name":"Notibras","article_publisher":"https:\/\/www.facebook.com\/notibras\/","article_published_time":"2017-01-03T10:35:46+00:00","og_image":[{"width":1160,"height":791,"url":"https:\/\/www.notibras.com\/site\/wp-content\/uploads\/2017\/01\/lula-veneno-cobra-vista-direita.jpg","type":"image\/jpeg"}],"author":"Reda\u00e7\u00e3o","twitter_card":"summary_large_image","twitter_creator":"@Notibras","twitter_site":"@Notibras","twitter_misc":{"Escrito por":"Reda\u00e7\u00e3o","Est. tempo de leitura":"6 minutos"},"schema":{"@context":"https:\/\/schema.org","@graph":[{"@type":"Article","@id":"https:\/\/www.notibras.com\/site\/burrice-e-maldade-andam-juntas-lula-que-o-diga\/#article","isPartOf":{"@id":"https:\/\/www.notibras.com\/site\/burrice-e-maldade-andam-juntas-lula-que-o-diga\/"},"author":{"name":"Reda\u00e7\u00e3o","@id":"https:\/\/www.notibras.com\/site\/#\/schema\/person\/36ab0979449956132d3e5b517ea76ac8"},"headline":"Burrice e maldade andam juntas; Lula que o diga","datePublished":"2017-01-03T10:35:46+00:00","mainEntityOfPage":{"@id":"https:\/\/www.notibras.com\/site\/burrice-e-maldade-andam-juntas-lula-que-o-diga\/"},"wordCount":1150,"commentCount":0,"publisher":{"@id":"https:\/\/www.notibras.com\/site\/#organization"},"image":{"@id":"https:\/\/www.notibras.com\/site\/burrice-e-maldade-andam-juntas-lula-que-o-diga\/#primaryimage"},"thumbnailUrl":"https:\/\/www.notibras.com\/site\/wp-content\/uploads\/2017\/01\/lula-veneno-cobra-vista-direita.jpg","articleSection":["Opina a\u00ed"],"inLanguage":"pt-BR","potentialAction":[{"@type":"CommentAction","name":"Comment","target":["https:\/\/www.notibras.com\/site\/burrice-e-maldade-andam-juntas-lula-que-o-diga\/#respond"]}]},{"@type":"WebPage","@id":"https:\/\/www.notibras.com\/site\/burrice-e-maldade-andam-juntas-lula-que-o-diga\/","url":"https:\/\/www.notibras.com\/site\/burrice-e-maldade-andam-juntas-lula-que-o-diga\/","name":"Burrice e maldade andam juntas; Lula que o diga - Notibras","isPartOf":{"@id":"https:\/\/www.notibras.com\/site\/#website"},"primaryImageOfPage":{"@id":"https:\/\/www.notibras.com\/site\/burrice-e-maldade-andam-juntas-lula-que-o-diga\/#primaryimage"},"image":{"@id":"https:\/\/www.notibras.com\/site\/burrice-e-maldade-andam-juntas-lula-que-o-diga\/#primaryimage"},"thumbnailUrl":"https:\/\/www.notibras.com\/site\/wp-content\/uploads\/2017\/01\/lula-veneno-cobra-vista-direita.jpg","datePublished":"2017-01-03T10:35:46+00:00","breadcrumb":{"@id":"https:\/\/www.notibras.com\/site\/burrice-e-maldade-andam-juntas-lula-que-o-diga\/#breadcrumb"},"inLanguage":"pt-BR","potentialAction":[{"@type":"ReadAction","target":["https:\/\/www.notibras.com\/site\/burrice-e-maldade-andam-juntas-lula-que-o-diga\/"]}]},{"@type":"ImageObject","inLanguage":"pt-BR","@id":"https:\/\/www.notibras.com\/site\/burrice-e-maldade-andam-juntas-lula-que-o-diga\/#primaryimage","url":"https:\/\/www.notibras.com\/site\/wp-content\/uploads\/2017\/01\/lula-veneno-cobra-vista-direita.jpg","contentUrl":"https:\/\/www.notibras.com\/site\/wp-content\/uploads\/2017\/01\/lula-veneno-cobra-vista-direita.jpg","width":1160,"height":791},{"@type":"BreadcrumbList","@id":"https:\/\/www.notibras.com\/site\/burrice-e-maldade-andam-juntas-lula-que-o-diga\/#breadcrumb","itemListElement":[{"@type":"ListItem","position":1,"name":"In\u00edcio","item":"https:\/\/www.notibras.com\/site\/"},{"@type":"ListItem","position":2,"name":"Burrice e maldade andam juntas; Lula que o diga"}]},{"@type":"WebSite","@id":"https:\/\/www.notibras.com\/site\/#website","url":"https:\/\/www.notibras.com\/site\/","name":"Notibras","description":"Not\u00edcias de Bras\u00edlia, do Brasil e do Mundo","publisher":{"@id":"https:\/\/www.notibras.com\/site\/#organization"},"potentialAction":[{"@type":"SearchAction","target":{"@type":"EntryPoint","urlTemplate":"https:\/\/www.notibras.com\/site\/?s={search_term_string}"},"query-input":{"@type":"PropertyValueSpecification","valueRequired":true,"valueName":"search_term_string"}}],"inLanguage":"pt-BR"},{"@type":"Organization","@id":"https:\/\/www.notibras.com\/site\/#organization","name":"Grupo Notibras de Comunica\u00e7\u00e3o","url":"https:\/\/www.notibras.com\/site\/","logo":{"@type":"ImageObject","inLanguage":"pt-BR","@id":"https:\/\/www.notibras.com\/site\/#\/schema\/logo\/image\/","url":"https:\/\/www.notibras.com\/site\/wp-content\/uploads\/2023\/01\/notibras23.png","contentUrl":"https:\/\/www.notibras.com\/site\/wp-content\/uploads\/2023\/01\/notibras23.png","width":350,"height":87,"caption":"Grupo Notibras de Comunica\u00e7\u00e3o"},"image":{"@id":"https:\/\/www.notibras.com\/site\/#\/schema\/logo\/image\/"},"sameAs":["https:\/\/www.facebook.com\/notibras\/","https:\/\/x.com\/Notibras","https:\/\/www.instagram.com\/notibras\/"]},{"@type":"Person","@id":"https:\/\/www.notibras.com\/site\/#\/schema\/person\/36ab0979449956132d3e5b517ea76ac8","name":"Reda\u00e7\u00e3o","image":{"@type":"ImageObject","inLanguage":"pt-BR","@id":"https:\/\/secure.gravatar.com\/avatar\/e0a867bdedb85fd243eadf09663511f96fc81e0720a4a42581f334ad4303aa6b?s=96&d=mm&r=g","url":"https:\/\/secure.gravatar.com\/avatar\/e0a867bdedb85fd243eadf09663511f96fc81e0720a4a42581f334ad4303aa6b?s=96&d=mm&r=g","contentUrl":"https:\/\/secure.gravatar.com\/avatar\/e0a867bdedb85fd243eadf09663511f96fc81e0720a4a42581f334ad4303aa6b?s=96&d=mm&r=g","caption":"Reda\u00e7\u00e3o"}}]}},"amp_enabled":true,"_links":{"self":[{"href":"https:\/\/www.notibras.com\/site\/wp-json\/wp\/v2\/posts\/125144","targetHints":{"allow":["GET"]}}],"collection":[{"href":"https:\/\/www.notibras.com\/site\/wp-json\/wp\/v2\/posts"}],"about":[{"href":"https:\/\/www.notibras.com\/site\/wp-json\/wp\/v2\/types\/post"}],"author":[{"embeddable":true,"href":"https:\/\/www.notibras.com\/site\/wp-json\/wp\/v2\/users\/2"}],"replies":[{"embeddable":true,"href":"https:\/\/www.notibras.com\/site\/wp-json\/wp\/v2\/comments?post=125144"}],"version-history":[{"count":1,"href":"https:\/\/www.notibras.com\/site\/wp-json\/wp\/v2\/posts\/125144\/revisions"}],"predecessor-version":[{"id":125146,"href":"https:\/\/www.notibras.com\/site\/wp-json\/wp\/v2\/posts\/125144\/revisions\/125146"}],"wp:featuredmedia":[{"embeddable":true,"href":"https:\/\/www.notibras.com\/site\/wp-json\/wp\/v2\/media\/125145"}],"wp:attachment":[{"href":"https:\/\/www.notibras.com\/site\/wp-json\/wp\/v2\/media?parent=125144"}],"wp:term":[{"taxonomy":"category","embeddable":true,"href":"https:\/\/www.notibras.com\/site\/wp-json\/wp\/v2\/categories?post=125144"},{"taxonomy":"post_tag","embeddable":true,"href":"https:\/\/www.notibras.com\/site\/wp-json\/wp\/v2\/tags?post=125144"}],"curies":[{"name":"wp","href":"https:\/\/api.w.org\/{rel}","templated":true}]}}