{"id":125200,"date":"2017-01-04T06:00:23","date_gmt":"2017-01-04T08:00:23","guid":{"rendered":"http:\/\/www.notibras.com\/site\/?p=125200"},"modified":"2017-01-03T23:45:52","modified_gmt":"2017-01-04T01:45:52","slug":"ou-congresso-resgata-credibilidade-ou-vaca-vai-para-o-brejo","status":"publish","type":"post","link":"https:\/\/www.notibras.com\/site\/ou-congresso-resgata-credibilidade-ou-vaca-vai-para-o-brejo\/","title":{"rendered":"Congresso resgata credibilidade ou vaca vai pro brejo"},"content":{"rendered":"<p><strong>Ronaldo Caiado<\/strong><\/p>\n<p>O ano de 2016 foi, sem d\u00favida, um dos mais significativos de toda a hist\u00f3ria republicana brasileira. Marca o advento de uma opini\u00e3o p\u00fablica genu\u00edna, \u00e0 margem da opini\u00e3o publicada.<\/p>\n<p>As multid\u00f5es, aos milh\u00f5es, ocuparam as ruas de todo o pa\u00eds \u00e0 revelia da m\u00eddia, das lideran\u00e7as pol\u00edticas e das corpora\u00e7\u00f5es trabalhistas. Todas, sem exce\u00e7\u00e3o, perderam interlocu\u00e7\u00e3o e credibilidade com a sociedade, que hoje dispensa intermedi\u00e1rios.<\/p>\n<p>A popula\u00e7\u00e3o articulou-se pelas redes sociais e uniu-se em torno de bandeiras comuns, sem cunho ideol\u00f3gico. Pedia \u00e9tica na pol\u00edtica, transpar\u00eancia nas contas p\u00fablicas e, numa palavra, justi\u00e7a aos maus agentes p\u00fablicos. N\u00e3o \u00e9 mais poss\u00edvel governar o pa\u00eds como antes, nem mais se admite um Estado isolado em torres de marfim.<\/p>\n<p>A sociedade mostrou-se ciente n\u00e3o apenas dos danos decorrentes da corrup\u00e7\u00e3o, mas tamb\u00e9m do mau uso dos impostos, que configuram uma das mais altas cargas tribut\u00e1rias do planeta, sem a contrapartida dos mais elementares servi\u00e7os p\u00fablicos.<\/p>\n<p>Se o pa\u00eds exibe p\u00e9ssimos \u00edndices na educa\u00e7\u00e3o e oferece sa\u00fade e seguran\u00e7a p\u00fablicas desqualificadas, n\u00e3o \u00e9 por falta de recursos, mas pelo desvio e mau uso deles. De toda essa mobiliza\u00e7\u00e3o popular, resultaram o impeachment da presidente da Rep\u00fablica e o desmascaramento de seu partido, o PT, cuja a\u00e7\u00e3o predadora conjugou corrup\u00e7\u00e3o e m\u00e1 gest\u00e3o, em n\u00edveis sem precedentes.<\/p>\n<p>O efeito colateral desse processo \u00e9 o descr\u00e9dito generalizado da classe pol\u00edtica. Os justos (e os h\u00e1) pagam pelos pecadores. O povo sente-se tra\u00eddo.<\/p>\n<p>Por essa raz\u00e3o, propus a antecipa\u00e7\u00e3o para 2017 das elei\u00e7\u00f5es no \u00e2mbito federal, abrangendo Congresso Nacional e Presid\u00eancia da Rep\u00fablica. Nada de pessoal contra o presidente Michel Temer, mas \u00e9 ineg\u00e1vel que seu governo, com seis ministros j\u00e1 afastados no rastro de den\u00fancias, e ele pr\u00f3prio j\u00e1 citado nas dela\u00e7\u00f5es da Odebrecht, fragilizou-se e perdeu sintonia com as ruas.<\/p>\n<p>Objetivamente, governo e Congresso n\u00e3o t\u00eam autoridade moral para efetuar as reformas indispens\u00e1veis: previdenci\u00e1ria, trabalhista e tribut\u00e1ria, entre outras. Pelo alcance e profundidade, e pelo sacrif\u00edcio que imp\u00f5em \u00e0 popula\u00e7\u00e3o, exigem credibilidade por parte de quem as encaminha. As dela\u00e7\u00f5es em curso, que obviamente precisam ainda ser depuradas, comprovadas e hierarquizadas, lan\u00e7am suspeitas sobre toda a classe pol\u00edtica e as institui\u00e7\u00f5es do Estado.<\/p>\n<p>Nem os pol\u00edticos, nem os ditos movimentos sociais e as corpora\u00e7\u00f5es falam mais pela popula\u00e7\u00e3o. E esse \u00e9 um fen\u00f4meno que s\u00f3 a renova\u00e7\u00e3o de todo o ambiente pol\u00edtico-institucional, via elei\u00e7\u00f5es diretas, pode curar. Incluo o mandato ocupado por mim no que proponho.<\/p>\n<p>Quem n\u00e3o deve, n\u00e3o teme as urnas, e o povo saber\u00e1 separar o joio do trigo \u2013 ali\u00e1s, s\u00f3 ele poder\u00e1 faz\u00ea-lo. N\u00e3o significa que o novo presidente estar\u00e1 investido de dons miraculosos. Mas, com certeza, ter\u00e1 autoridade moral, delegada pela maioria, para encaminhar as mudan\u00e7as necess\u00e1rias. E s\u00e3o mudan\u00e7as urgentes, a serem debatidas e explicitadas no curso da campanha.<\/p>\n<p>As contas do pa\u00eds est\u00e3o exauridas. A aprova\u00e7\u00e3o da PEC do teto dos gastos p\u00fablicos foi fundamental, mas insuficiente.<\/p>\n<p>Credibilidade \u00e9 a palavra-chave. Precisamos readquiri-la. Sem ela, o abismo entre sociedade e Estado ir\u00e1 se aprofundar e o pa\u00eds ingressar\u00e1 de uma vez num quadro de anomia, cujo desfecho \u00e9 imprevis\u00edvel. H\u00e1 chances para uma sa\u00edda pac\u00edfica e construtiva, desde que a classe pol\u00edtica se submeta ao batismo purificador das urnas.<\/p>\n<p>Nesses termos, 2017 pode ser um ano ainda mais marcante na consecu\u00e7\u00e3o de uma meta a que todo o pa\u00eds aspira: a refunda\u00e7\u00e3o da Rep\u00fablica. Uma Rep\u00fablica que fa\u00e7a jus a seu nome. Feliz ano novo!<\/p>\n","protected":false},"excerpt":{"rendered":"<p>Ronaldo Caiado O ano de 2016 foi, sem d\u00favida, um dos mais significativos de toda a hist\u00f3ria republicana brasileira. Marca o advento de uma opini\u00e3o p\u00fablica genu\u00edna, \u00e0 margem da opini\u00e3o publicada. As multid\u00f5es, aos milh\u00f5es, ocuparam as ruas de todo o pa\u00eds \u00e0 revelia da m\u00eddia, das lideran\u00e7as pol\u00edticas e das corpora\u00e7\u00f5es trabalhistas. Todas, [&hellip;]<\/p>\n","protected":false},"author":2,"featured_media":125201,"comment_status":"open","ping_status":"closed","sticky":false,"template":"","format":"standard","meta":{"_acf_changed":false,"footnotes":""},"categories":[25],"tags":[],"class_list":["post-125200","post","type-post","status-publish","format-standard","has-post-thumbnail","hentry","category-opina-ai"],"acf":[],"yoast_head":"<!-- This site is optimized with the Yoast SEO plugin v27.5 - https:\/\/yoast.com\/product\/yoast-seo-wordpress\/ -->\n<title>Congresso resgata credibilidade ou vaca vai pro brejo - Notibras<\/title>\n<meta name=\"robots\" content=\"index, follow, max-snippet:-1, max-image-preview:large, max-video-preview:-1\" \/>\n<link rel=\"canonical\" href=\"https:\/\/www.notibras.com\/site\/ou-congresso-resgata-credibilidade-ou-vaca-vai-para-o-brejo\/\" \/>\n<meta property=\"og:locale\" content=\"pt_BR\" \/>\n<meta property=\"og:type\" content=\"article\" \/>\n<meta property=\"og:title\" content=\"Congresso resgata credibilidade ou vaca vai pro brejo - Notibras\" \/>\n<meta property=\"og:description\" content=\"Ronaldo Caiado O ano de 2016 foi, sem d\u00favida, um dos mais significativos de toda a hist\u00f3ria republicana brasileira. Marca o advento de uma opini\u00e3o p\u00fablica genu\u00edna, \u00e0 margem da opini\u00e3o publicada. As multid\u00f5es, aos milh\u00f5es, ocuparam as ruas de todo o pa\u00eds \u00e0 revelia da m\u00eddia, das lideran\u00e7as pol\u00edticas e das corpora\u00e7\u00f5es trabalhistas. Todas, [&hellip;]\" \/>\n<meta property=\"og:url\" content=\"https:\/\/www.notibras.com\/site\/ou-congresso-resgata-credibilidade-ou-vaca-vai-para-o-brejo\/\" \/>\n<meta property=\"og:site_name\" content=\"Notibras\" \/>\n<meta property=\"article:publisher\" content=\"https:\/\/www.facebook.com\/notibras\/\" \/>\n<meta property=\"article:published_time\" content=\"2017-01-04T08:00:23+00:00\" \/>\n<meta property=\"og:image\" content=\"https:\/\/www.notibras.com\/site\/wp-content\/uploads\/2017\/01\/G5G.jpg\" \/>\n\t<meta property=\"og:image:width\" content=\"960\" \/>\n\t<meta property=\"og:image:height\" content=\"620\" \/>\n\t<meta property=\"og:image:type\" content=\"image\/jpeg\" \/>\n<meta name=\"author\" content=\"Reda\u00e7\u00e3o\" \/>\n<meta name=\"twitter:card\" content=\"summary_large_image\" \/>\n<meta name=\"twitter:creator\" content=\"@Notibras\" \/>\n<meta name=\"twitter:site\" content=\"@Notibras\" \/>\n<meta name=\"twitter:label1\" content=\"Escrito por\" \/>\n\t<meta name=\"twitter:data1\" content=\"Reda\u00e7\u00e3o\" \/>\n\t<meta name=\"twitter:label2\" content=\"Est. tempo de leitura\" \/>\n\t<meta name=\"twitter:data2\" content=\"3 minutos\" \/>\n<script type=\"application\/ld+json\" class=\"yoast-schema-graph\">{\"@context\":\"https:\\\/\\\/schema.org\",\"@graph\":[{\"@type\":\"Article\",\"@id\":\"https:\\\/\\\/www.notibras.com\\\/site\\\/ou-congresso-resgata-credibilidade-ou-vaca-vai-para-o-brejo\\\/#article\",\"isPartOf\":{\"@id\":\"https:\\\/\\\/www.notibras.com\\\/site\\\/ou-congresso-resgata-credibilidade-ou-vaca-vai-para-o-brejo\\\/\"},\"author\":{\"name\":\"Reda\u00e7\u00e3o\",\"@id\":\"https:\\\/\\\/www.notibras.com\\\/site\\\/#\\\/schema\\\/person\\\/36ab0979449956132d3e5b517ea76ac8\"},\"headline\":\"Congresso resgata credibilidade ou vaca vai pro brejo\",\"datePublished\":\"2017-01-04T08:00:23+00:00\",\"mainEntityOfPage\":{\"@id\":\"https:\\\/\\\/www.notibras.com\\\/site\\\/ou-congresso-resgata-credibilidade-ou-vaca-vai-para-o-brejo\\\/\"},\"wordCount\":666,\"commentCount\":0,\"publisher\":{\"@id\":\"https:\\\/\\\/www.notibras.com\\\/site\\\/#organization\"},\"image\":{\"@id\":\"https:\\\/\\\/www.notibras.com\\\/site\\\/ou-congresso-resgata-credibilidade-ou-vaca-vai-para-o-brejo\\\/#primaryimage\"},\"thumbnailUrl\":\"https:\\\/\\\/www.notibras.com\\\/site\\\/wp-content\\\/uploads\\\/2017\\\/01\\\/G5G.jpg\",\"articleSection\":[\"Opina a\u00ed\"],\"inLanguage\":\"pt-BR\",\"potentialAction\":[{\"@type\":\"CommentAction\",\"name\":\"Comment\",\"target\":[\"https:\\\/\\\/www.notibras.com\\\/site\\\/ou-congresso-resgata-credibilidade-ou-vaca-vai-para-o-brejo\\\/#respond\"]}]},{\"@type\":\"WebPage\",\"@id\":\"https:\\\/\\\/www.notibras.com\\\/site\\\/ou-congresso-resgata-credibilidade-ou-vaca-vai-para-o-brejo\\\/\",\"url\":\"https:\\\/\\\/www.notibras.com\\\/site\\\/ou-congresso-resgata-credibilidade-ou-vaca-vai-para-o-brejo\\\/\",\"name\":\"Congresso resgata credibilidade ou vaca vai pro brejo - Notibras\",\"isPartOf\":{\"@id\":\"https:\\\/\\\/www.notibras.com\\\/site\\\/#website\"},\"primaryImageOfPage\":{\"@id\":\"https:\\\/\\\/www.notibras.com\\\/site\\\/ou-congresso-resgata-credibilidade-ou-vaca-vai-para-o-brejo\\\/#primaryimage\"},\"image\":{\"@id\":\"https:\\\/\\\/www.notibras.com\\\/site\\\/ou-congresso-resgata-credibilidade-ou-vaca-vai-para-o-brejo\\\/#primaryimage\"},\"thumbnailUrl\":\"https:\\\/\\\/www.notibras.com\\\/site\\\/wp-content\\\/uploads\\\/2017\\\/01\\\/G5G.jpg\",\"datePublished\":\"2017-01-04T08:00:23+00:00\",\"breadcrumb\":{\"@id\":\"https:\\\/\\\/www.notibras.com\\\/site\\\/ou-congresso-resgata-credibilidade-ou-vaca-vai-para-o-brejo\\\/#breadcrumb\"},\"inLanguage\":\"pt-BR\",\"potentialAction\":[{\"@type\":\"ReadAction\",\"target\":[\"https:\\\/\\\/www.notibras.com\\\/site\\\/ou-congresso-resgata-credibilidade-ou-vaca-vai-para-o-brejo\\\/\"]}]},{\"@type\":\"ImageObject\",\"inLanguage\":\"pt-BR\",\"@id\":\"https:\\\/\\\/www.notibras.com\\\/site\\\/ou-congresso-resgata-credibilidade-ou-vaca-vai-para-o-brejo\\\/#primaryimage\",\"url\":\"https:\\\/\\\/www.notibras.com\\\/site\\\/wp-content\\\/uploads\\\/2017\\\/01\\\/G5G.jpg\",\"contentUrl\":\"https:\\\/\\\/www.notibras.com\\\/site\\\/wp-content\\\/uploads\\\/2017\\\/01\\\/G5G.jpg\",\"width\":960,\"height\":620},{\"@type\":\"BreadcrumbList\",\"@id\":\"https:\\\/\\\/www.notibras.com\\\/site\\\/ou-congresso-resgata-credibilidade-ou-vaca-vai-para-o-brejo\\\/#breadcrumb\",\"itemListElement\":[{\"@type\":\"ListItem\",\"position\":1,\"name\":\"In\u00edcio\",\"item\":\"https:\\\/\\\/www.notibras.com\\\/site\\\/\"},{\"@type\":\"ListItem\",\"position\":2,\"name\":\"Congresso resgata credibilidade ou vaca vai pro brejo\"}]},{\"@type\":\"WebSite\",\"@id\":\"https:\\\/\\\/www.notibras.com\\\/site\\\/#website\",\"url\":\"https:\\\/\\\/www.notibras.com\\\/site\\\/\",\"name\":\"Notibras\",\"description\":\"Not\u00edcias de Bras\u00edlia, do Brasil e do Mundo\",\"publisher\":{\"@id\":\"https:\\\/\\\/www.notibras.com\\\/site\\\/#organization\"},\"potentialAction\":[{\"@type\":\"SearchAction\",\"target\":{\"@type\":\"EntryPoint\",\"urlTemplate\":\"https:\\\/\\\/www.notibras.com\\\/site\\\/?s={search_term_string}\"},\"query-input\":{\"@type\":\"PropertyValueSpecification\",\"valueRequired\":true,\"valueName\":\"search_term_string\"}}],\"inLanguage\":\"pt-BR\"},{\"@type\":\"Organization\",\"@id\":\"https:\\\/\\\/www.notibras.com\\\/site\\\/#organization\",\"name\":\"Grupo Notibras de Comunica\u00e7\u00e3o\",\"url\":\"https:\\\/\\\/www.notibras.com\\\/site\\\/\",\"logo\":{\"@type\":\"ImageObject\",\"inLanguage\":\"pt-BR\",\"@id\":\"https:\\\/\\\/www.notibras.com\\\/site\\\/#\\\/schema\\\/logo\\\/image\\\/\",\"url\":\"https:\\\/\\\/www.notibras.com\\\/site\\\/wp-content\\\/uploads\\\/2023\\\/01\\\/notibras23.png\",\"contentUrl\":\"https:\\\/\\\/www.notibras.com\\\/site\\\/wp-content\\\/uploads\\\/2023\\\/01\\\/notibras23.png\",\"width\":350,\"height\":87,\"caption\":\"Grupo Notibras de Comunica\u00e7\u00e3o\"},\"image\":{\"@id\":\"https:\\\/\\\/www.notibras.com\\\/site\\\/#\\\/schema\\\/logo\\\/image\\\/\"},\"sameAs\":[\"https:\\\/\\\/www.facebook.com\\\/notibras\\\/\",\"https:\\\/\\\/x.com\\\/Notibras\",\"https:\\\/\\\/www.instagram.com\\\/notibras\\\/\"]},{\"@type\":\"Person\",\"@id\":\"https:\\\/\\\/www.notibras.com\\\/site\\\/#\\\/schema\\\/person\\\/36ab0979449956132d3e5b517ea76ac8\",\"name\":\"Reda\u00e7\u00e3o\",\"image\":{\"@type\":\"ImageObject\",\"inLanguage\":\"pt-BR\",\"@id\":\"https:\\\/\\\/secure.gravatar.com\\\/avatar\\\/e0a867bdedb85fd243eadf09663511f96fc81e0720a4a42581f334ad4303aa6b?s=96&d=mm&r=g\",\"url\":\"https:\\\/\\\/secure.gravatar.com\\\/avatar\\\/e0a867bdedb85fd243eadf09663511f96fc81e0720a4a42581f334ad4303aa6b?s=96&d=mm&r=g\",\"contentUrl\":\"https:\\\/\\\/secure.gravatar.com\\\/avatar\\\/e0a867bdedb85fd243eadf09663511f96fc81e0720a4a42581f334ad4303aa6b?s=96&d=mm&r=g\",\"caption\":\"Reda\u00e7\u00e3o\"}}]}<\/script>\n<!-- \/ Yoast SEO plugin. -->","yoast_head_json":{"title":"Congresso resgata credibilidade ou vaca vai pro brejo - Notibras","robots":{"index":"index","follow":"follow","max-snippet":"max-snippet:-1","max-image-preview":"max-image-preview:large","max-video-preview":"max-video-preview:-1"},"canonical":"https:\/\/www.notibras.com\/site\/ou-congresso-resgata-credibilidade-ou-vaca-vai-para-o-brejo\/","og_locale":"pt_BR","og_type":"article","og_title":"Congresso resgata credibilidade ou vaca vai pro brejo - Notibras","og_description":"Ronaldo Caiado O ano de 2016 foi, sem d\u00favida, um dos mais significativos de toda a hist\u00f3ria republicana brasileira. Marca o advento de uma opini\u00e3o p\u00fablica genu\u00edna, \u00e0 margem da opini\u00e3o publicada. As multid\u00f5es, aos milh\u00f5es, ocuparam as ruas de todo o pa\u00eds \u00e0 revelia da m\u00eddia, das lideran\u00e7as pol\u00edticas e das corpora\u00e7\u00f5es trabalhistas. Todas, [&hellip;]","og_url":"https:\/\/www.notibras.com\/site\/ou-congresso-resgata-credibilidade-ou-vaca-vai-para-o-brejo\/","og_site_name":"Notibras","article_publisher":"https:\/\/www.facebook.com\/notibras\/","article_published_time":"2017-01-04T08:00:23+00:00","og_image":[{"width":960,"height":620,"url":"https:\/\/www.notibras.com\/site\/wp-content\/uploads\/2017\/01\/G5G.jpg","type":"image\/jpeg"}],"author":"Reda\u00e7\u00e3o","twitter_card":"summary_large_image","twitter_creator":"@Notibras","twitter_site":"@Notibras","twitter_misc":{"Escrito por":"Reda\u00e7\u00e3o","Est. tempo de leitura":"3 minutos"},"schema":{"@context":"https:\/\/schema.org","@graph":[{"@type":"Article","@id":"https:\/\/www.notibras.com\/site\/ou-congresso-resgata-credibilidade-ou-vaca-vai-para-o-brejo\/#article","isPartOf":{"@id":"https:\/\/www.notibras.com\/site\/ou-congresso-resgata-credibilidade-ou-vaca-vai-para-o-brejo\/"},"author":{"name":"Reda\u00e7\u00e3o","@id":"https:\/\/www.notibras.com\/site\/#\/schema\/person\/36ab0979449956132d3e5b517ea76ac8"},"headline":"Congresso resgata credibilidade ou vaca vai pro brejo","datePublished":"2017-01-04T08:00:23+00:00","mainEntityOfPage":{"@id":"https:\/\/www.notibras.com\/site\/ou-congresso-resgata-credibilidade-ou-vaca-vai-para-o-brejo\/"},"wordCount":666,"commentCount":0,"publisher":{"@id":"https:\/\/www.notibras.com\/site\/#organization"},"image":{"@id":"https:\/\/www.notibras.com\/site\/ou-congresso-resgata-credibilidade-ou-vaca-vai-para-o-brejo\/#primaryimage"},"thumbnailUrl":"https:\/\/www.notibras.com\/site\/wp-content\/uploads\/2017\/01\/G5G.jpg","articleSection":["Opina a\u00ed"],"inLanguage":"pt-BR","potentialAction":[{"@type":"CommentAction","name":"Comment","target":["https:\/\/www.notibras.com\/site\/ou-congresso-resgata-credibilidade-ou-vaca-vai-para-o-brejo\/#respond"]}]},{"@type":"WebPage","@id":"https:\/\/www.notibras.com\/site\/ou-congresso-resgata-credibilidade-ou-vaca-vai-para-o-brejo\/","url":"https:\/\/www.notibras.com\/site\/ou-congresso-resgata-credibilidade-ou-vaca-vai-para-o-brejo\/","name":"Congresso resgata credibilidade ou vaca vai pro brejo - Notibras","isPartOf":{"@id":"https:\/\/www.notibras.com\/site\/#website"},"primaryImageOfPage":{"@id":"https:\/\/www.notibras.com\/site\/ou-congresso-resgata-credibilidade-ou-vaca-vai-para-o-brejo\/#primaryimage"},"image":{"@id":"https:\/\/www.notibras.com\/site\/ou-congresso-resgata-credibilidade-ou-vaca-vai-para-o-brejo\/#primaryimage"},"thumbnailUrl":"https:\/\/www.notibras.com\/site\/wp-content\/uploads\/2017\/01\/G5G.jpg","datePublished":"2017-01-04T08:00:23+00:00","breadcrumb":{"@id":"https:\/\/www.notibras.com\/site\/ou-congresso-resgata-credibilidade-ou-vaca-vai-para-o-brejo\/#breadcrumb"},"inLanguage":"pt-BR","potentialAction":[{"@type":"ReadAction","target":["https:\/\/www.notibras.com\/site\/ou-congresso-resgata-credibilidade-ou-vaca-vai-para-o-brejo\/"]}]},{"@type":"ImageObject","inLanguage":"pt-BR","@id":"https:\/\/www.notibras.com\/site\/ou-congresso-resgata-credibilidade-ou-vaca-vai-para-o-brejo\/#primaryimage","url":"https:\/\/www.notibras.com\/site\/wp-content\/uploads\/2017\/01\/G5G.jpg","contentUrl":"https:\/\/www.notibras.com\/site\/wp-content\/uploads\/2017\/01\/G5G.jpg","width":960,"height":620},{"@type":"BreadcrumbList","@id":"https:\/\/www.notibras.com\/site\/ou-congresso-resgata-credibilidade-ou-vaca-vai-para-o-brejo\/#breadcrumb","itemListElement":[{"@type":"ListItem","position":1,"name":"In\u00edcio","item":"https:\/\/www.notibras.com\/site\/"},{"@type":"ListItem","position":2,"name":"Congresso resgata credibilidade ou vaca vai pro brejo"}]},{"@type":"WebSite","@id":"https:\/\/www.notibras.com\/site\/#website","url":"https:\/\/www.notibras.com\/site\/","name":"Notibras","description":"Not\u00edcias de Bras\u00edlia, do Brasil e do Mundo","publisher":{"@id":"https:\/\/www.notibras.com\/site\/#organization"},"potentialAction":[{"@type":"SearchAction","target":{"@type":"EntryPoint","urlTemplate":"https:\/\/www.notibras.com\/site\/?s={search_term_string}"},"query-input":{"@type":"PropertyValueSpecification","valueRequired":true,"valueName":"search_term_string"}}],"inLanguage":"pt-BR"},{"@type":"Organization","@id":"https:\/\/www.notibras.com\/site\/#organization","name":"Grupo Notibras de Comunica\u00e7\u00e3o","url":"https:\/\/www.notibras.com\/site\/","logo":{"@type":"ImageObject","inLanguage":"pt-BR","@id":"https:\/\/www.notibras.com\/site\/#\/schema\/logo\/image\/","url":"https:\/\/www.notibras.com\/site\/wp-content\/uploads\/2023\/01\/notibras23.png","contentUrl":"https:\/\/www.notibras.com\/site\/wp-content\/uploads\/2023\/01\/notibras23.png","width":350,"height":87,"caption":"Grupo Notibras de Comunica\u00e7\u00e3o"},"image":{"@id":"https:\/\/www.notibras.com\/site\/#\/schema\/logo\/image\/"},"sameAs":["https:\/\/www.facebook.com\/notibras\/","https:\/\/x.com\/Notibras","https:\/\/www.instagram.com\/notibras\/"]},{"@type":"Person","@id":"https:\/\/www.notibras.com\/site\/#\/schema\/person\/36ab0979449956132d3e5b517ea76ac8","name":"Reda\u00e7\u00e3o","image":{"@type":"ImageObject","inLanguage":"pt-BR","@id":"https:\/\/secure.gravatar.com\/avatar\/e0a867bdedb85fd243eadf09663511f96fc81e0720a4a42581f334ad4303aa6b?s=96&d=mm&r=g","url":"https:\/\/secure.gravatar.com\/avatar\/e0a867bdedb85fd243eadf09663511f96fc81e0720a4a42581f334ad4303aa6b?s=96&d=mm&r=g","contentUrl":"https:\/\/secure.gravatar.com\/avatar\/e0a867bdedb85fd243eadf09663511f96fc81e0720a4a42581f334ad4303aa6b?s=96&d=mm&r=g","caption":"Reda\u00e7\u00e3o"}}]}},"amp_enabled":true,"_links":{"self":[{"href":"https:\/\/www.notibras.com\/site\/wp-json\/wp\/v2\/posts\/125200","targetHints":{"allow":["GET"]}}],"collection":[{"href":"https:\/\/www.notibras.com\/site\/wp-json\/wp\/v2\/posts"}],"about":[{"href":"https:\/\/www.notibras.com\/site\/wp-json\/wp\/v2\/types\/post"}],"author":[{"embeddable":true,"href":"https:\/\/www.notibras.com\/site\/wp-json\/wp\/v2\/users\/2"}],"replies":[{"embeddable":true,"href":"https:\/\/www.notibras.com\/site\/wp-json\/wp\/v2\/comments?post=125200"}],"version-history":[{"count":2,"href":"https:\/\/www.notibras.com\/site\/wp-json\/wp\/v2\/posts\/125200\/revisions"}],"predecessor-version":[{"id":125203,"href":"https:\/\/www.notibras.com\/site\/wp-json\/wp\/v2\/posts\/125200\/revisions\/125203"}],"wp:featuredmedia":[{"embeddable":true,"href":"https:\/\/www.notibras.com\/site\/wp-json\/wp\/v2\/media\/125201"}],"wp:attachment":[{"href":"https:\/\/www.notibras.com\/site\/wp-json\/wp\/v2\/media?parent=125200"}],"wp:term":[{"taxonomy":"category","embeddable":true,"href":"https:\/\/www.notibras.com\/site\/wp-json\/wp\/v2\/categories?post=125200"},{"taxonomy":"post_tag","embeddable":true,"href":"https:\/\/www.notibras.com\/site\/wp-json\/wp\/v2\/tags?post=125200"}],"curies":[{"name":"wp","href":"https:\/\/api.w.org\/{rel}","templated":true}]}}