{"id":125303,"date":"2017-01-05T07:40:13","date_gmt":"2017-01-05T09:40:13","guid":{"rendered":"http:\/\/www.notibras.com\/site\/?p=125303"},"modified":"2017-01-05T07:40:13","modified_gmt":"2017-01-05T09:40:13","slug":"2016-o-ano-em-que-quebraram-e-afundaram-o-brasil","status":"publish","type":"post","link":"https:\/\/www.notibras.com\/site\/2016-o-ano-em-que-quebraram-e-afundaram-o-brasil\/","title":{"rendered":"2016, o ano em que quebraram e afundaram o Brasil"},"content":{"rendered":"<p><strong>Guilhermina Coimbra<\/strong><\/p>\n<p>A popula\u00e7\u00e3o brasileira viveu o ano de 2016, em uma expectativa de constantes den\u00fancias, na qual, at\u00e9 a simples amea\u00e7a da den\u00fancia era suficiente.<\/p>\n<p>Os brasileiros est\u00e3o conscientes de que a situa\u00e7\u00e3o atualmente vivida pelo pa\u00eds, n\u00e3o \u00e9 exce\u00e7\u00e3o, porque, qualquer pa\u00eds que tenha suas entranhas expostas, como acontece no Brasil, viveria uma crise id\u00eantica \u00e0 crise brasileira.<\/p>\n<p>Inexiste no mundo pa\u00eds que tenha sofrido tantas press\u00f5es para entregar o subsolo f\u00e9rtil de min\u00e9rios geradores de energia, quanto \u00e0s press\u00f5es sofridas pelo Brasil &#8211; sem que os brasileiros tenham se fechado, dado um basta, um \u201cchega para l\u00e1\u201d, como fizeram canadenses e australianos, na \u00e9poca na qual se encontravam em situa\u00e7\u00f5es id\u00eanticas as do Brasil. Canad\u00e1 e Austr\u00e1lia Membros da mesma Comunidade n\u00e3o tergiversaram e fizeram-se respeitar.<\/p>\n<p>O Canad\u00e1 e a Austr\u00e1lia s\u00e3o os melhores exemplos de como agir, porque ambos sofreram os mesmos tipos de press\u00f5es.<\/p>\n<p>A popula\u00e7\u00e3o brasileira, nos \u00faltimos dez anos, tem presenciado situa\u00e7\u00f5es disfuncionais, com movimentos cujo objetivo principal \u00e9 a desestabiliza\u00e7\u00e3o do Brasil, financiada por interesses de fora, no Brasil.<\/p>\n<p>Nas manifesta\u00e7\u00f5es populares, em 2013, o ent\u00e3o Primeiro Ministro da Turquia (e agora Presidente) Recep Tayyip Erdogan, advertiu o Governo brasileiro, porque, j\u00e1 tinha experimentado demonstra\u00e7\u00f5es parecidas em seu pr\u00f3prio pa\u00eds naquele ano. Importante observar o fato de que \u00e0 exce\u00e7\u00e3o da Tun\u00edsia, nenhum destes movimentos populares resultaram em mais seguran\u00e7a e bem-estar para as popula\u00e7\u00f5es onde se realizaram. Muito pelo contr\u00e1rio, transformaram-se em exemplos de como-n\u00e3o-fazer, n\u00e3o se recomendam.<\/p>\n<p>Em not\u00f3ria interfer\u00eancia na queda do Presidente da Ucr\u00e2nia, por exemplo, a m\u00eddia participou estimulando a popula\u00e7\u00e3o a protestar nas ruas. As t\u00e1ticas e as estrat\u00e9gias de indispor as popula\u00e7\u00f5es contra os respectivos governos \u2013 atrav\u00e9s da m\u00eddia &#8211; s\u00e3o repetitivas.<\/p>\n<p>Recha\u00e7\u00e1-las fortemente \u00e9 o que os brasileiros observadores perspicazes costumam fazer ao ridiculariz\u00e1-las.<\/p>\n<p>Os brasileiros se recusam a viver sob o \u2018terrorismo do boato\u2019 promovido pela m\u00eddia contra empresas nacionais brasileiras. Os objetivos s\u00e3o ris\u00edveis, tamanha \u00e9 a obviedade: levar \u00e0 desestabiliza\u00e7\u00e3o maci\u00e7a do empresariado brasileiro.<\/p>\n<p>A percep\u00e7\u00e3o dos brasileiros tem verificado que \u00e9 em Curitiba, Paran\u00e1, a cidade na qual, s\u00e3o aplicados primeiramente, tudo o que os art\u00edfices, os mentores das \u201ccrises\u201d, tramadas fora do Brasil, tencionam aplicar dentro do Brasil. De Curitiba partiram as \u201cden\u00fancias\u201d, as pris\u00f5es novelescas, teatralizadas e etc..<\/p>\n<p>A popula\u00e7\u00e3o brasileira percebe que o agrupamento de pessoas alienadas cuidadosamente escolhidas em Curitiba &#8211; e movidas por interesses de fora do Brasil &#8211; n\u00e3o t\u00eam a menor no\u00e7\u00e3o de quanto a Opera\u00e7\u00e3o Lava Jato, praticada pelo referido agrupamento &#8211; causou de preju\u00edzo \u00e0 economia e ao desemprego no pa\u00eds.<\/p>\n<p>Por dever de of\u00edcio deveriam ter o conhecimento m\u00ednimo necess\u00e1rio para absterem-se de se prestarem a t\u00e3o abjeto papel de pau-mandado (\u201cyes man\u201d, em Ingl\u00eas) para convulsionar o Brasil. Deveriam e devem ler mais, pesquisar mais, para conhecer como foram tratados os mais recentes paus-mandados do Afeganist\u00e3o, depois de alcan\u00e7ados os objetivos.<\/p>\n<p>Se a ordem era a de impedir o desenvolvimento do Brasil, imputa-se \u2013 sem margem de erro &#8211; \u00e0 Opera\u00e7\u00e3o Lava Jato o dem\u00e9rito de haver tentado paralisar o Brasil durante o ano de 2016. Essa opera\u00e7\u00e3o quase parou o Brasil.<\/p>\n<p>Os Imp\u00e9rios costumam eleger um feitor nas Col\u00f4nias para receber e fazer cumprir, as ordena\u00e7\u00f5es das Metr\u00f3poles.<\/p>\n<p>De se observar, que o feitor curitibano fez direitinho o famoso \u201cdever de casa\u201d. Haja vista e coincidentemente, miss\u00e3o cumprida, fam\u00edlia e feitor decidiram morar nos EUA. A motiva\u00e7\u00e3o para a mudan\u00e7a \u00e9 \u201cseguran\u00e7a\u201d. Estranho, n\u00e3o? Isto porque, se trabalhou consciente objetivando o bem do pa\u00eds, de onde \u00e9 nacional brasileiro, nada a temer. Seguran\u00e7a contra quem &#8211; \u00e9 a pergunta que n\u00e3o quer calar. At\u00e9 e porque a seguran\u00e7a de l\u00e1 n\u00e3o tem recomendado muito n\u00e3o, nem no presente nem no passado (lembrar o caso do chileno Letelier \u00e9 preciso).<\/p>\n<p>A verdade \u00e9 que fortes interesses em atravancar o desenvolvimento do Brasil t\u00eam muitas e diversificadas raz\u00f5es pelas quais se tornam raivosos, \u00e0 simples constata\u00e7\u00e3o de que o Brasil se basta. Em termos comerciais, o Brasil \u00e9 superavit\u00e1rio com todos os pa\u00edses da Am\u00e9rica do Sul, exceto a Bol\u00edvia, pela quest\u00e3o do g\u00e1s.<\/p>\n<p>Enquanto que somente 4 ou 5 produtos formam a matriz de exporta\u00e7\u00e3o da maioria dos outros pa\u00edses, a pauta brasileira de exporta\u00e7\u00e3o \u00e9 muito ampla. Os produtos exportados pelo Brasil s\u00e3o essenciais para os pa\u00edses importadores.<\/p>\n<p>Mas, a exporta\u00e7\u00e3o brasileira corresponde somente a aproximadamente 12% a 13% do nosso PIB. (Pesquisar sempre para confirmar ou refutar \u00e9 preciso).<\/p>\n<p>Mas tem ficado at\u00f4nitos e os estrangeiros se espantam com o tamanho das ladroagens de dinheiro e bens p\u00fablicos que ocorrem no Brasil.<\/p>\n<p>Segundo os estrangeiros, quando ladroagens ocorrem nos respectivos pa\u00edses de onde s\u00e3o nacionais, a rapinagem quase nunca ultrapassa a casa dos milhares de d\u00f3lares. Ao contr\u00e1rio do Brasil, onde a ladroagem \u00e9 sempre de bilhares de d\u00f3lares para cima.<\/p>\n<p>Os estrangeiros mais se espantam ainda com o modo de agir esdr\u00faxulo do Poder Judici\u00e1rio brasileiro. A raz\u00e3o do espanto dos estrangeiros \u00e9 porque, inacreditavelmente, o Judici\u00e1rio brasileiro tem atuado de uma forma impens\u00e1vel nos demais Judici\u00e1rios ao redor do mundo. O Judici\u00e1rio brasileiro est\u00e1 se atribuindo fun\u00e7\u00f5es que s\u00e3o essencialmente pol\u00edticas.<\/p>\n<p>Mudam os votos, flexibilizam a Constitui\u00e7\u00e3o, as disposi\u00e7\u00f5es das Leis, expressam opini\u00f5es \u00e0 imprensa sobre casos sub judice, ou seja, casos ainda em julgamento. Inexiste imparcialidade. A parcialidade tem saltado aos olhos.<\/p>\n<p>Os estrangeiros comentam e a popula\u00e7\u00e3o assistiu \u2013 pasma &#8211; o Judici\u00e1rio se mobilizar at\u00e9 para dar sua opini\u00e3o sobre Propostas de Emendas Constitucionais (PEC 55).<\/p>\n<p>O Judici\u00e1rio foi criado e \u00e9 suposto para funcionar atrav\u00e9s da meritocracia. O Judici\u00e1rio existe e \u00e9 muito bem mantido e suprido \u2013 a duras penas pela popula\u00e7\u00e3o brasileira &#8211; para fazer cumprir as leis. O Legislativo pode ser cassado, o Presidente pode ser deposto.<\/p>\n<p>E o consenso \u00e9 o de que o Judici\u00e1rio brasileiro tem que \u2013 no m\u00ednimo &#8211; fazer um mea culpa, atentando para o fato de que a popula\u00e7\u00e3o brasileira \u00e9 bem humorada, mas, n\u00e3o deixa passar nada que seja verdadeiramente de seu peculiar interesse.<\/p>\n<p>O Judici\u00e1rio n\u00e3o pode continuar se atribuindo fun\u00e7\u00f5es que s\u00e3o essencialmente pol\u00edticas.<\/p>\n<p>O Judici\u00e1rio brasileiro n\u00e3o pode continuar fazendo tarefas impens\u00e1veis nos demais Judici\u00e1rios ao redor do mundo. A flexibiliza\u00e7\u00e3o, da Constitui\u00e7\u00e3o, das leis, a mudan\u00e7a de voto, as opini\u00f5es fornecidas \u00e0 imprensa sobre casos em julgamento e a aus\u00eancia de imparcialidade do atual Judici\u00e1rio brasileiro s\u00e3o not\u00f3rias.<\/p>\n<p>A pol\u00edtica externa do Brasil sempre foi admir\u00e1vel, reconhecida pelos demais pa\u00edses ao redor do mundo &#8211; independente de pol\u00edticas e politicagens internacionais.<\/p>\n<p>E os \u00eaxitos recentes da pol\u00edtica exterior dos Governos brasileiros foram movimentos em dire\u00e7\u00e3o a um mundo mais multilateral, multipolar, a cria\u00e7\u00e3o de novos foros como a UNASUL (Uni\u00e3o da Am\u00e9rica do Sul) os BRICS (Brasil-India-China-\u00c1frica do Sul) e o Conselho Sul-Americano de Defesa (CSD), entre outros. Com estas pol\u00edticas, o Brasil conseguiu reverter algumas das amea\u00e7as pol\u00edticas na Regi\u00e3o.<\/p>\n<p>A integra\u00e7\u00e3o comercial do Brasil com a Am\u00e9rica do Sul n\u00e3o tem sido um processo r\u00e1pido, mas, desde o in\u00edcio trouxe enormes benef\u00edcios.<\/p>\n<p>Neste ponto, verdadeiramente, a ex-presidente do Brasil teve um papel positivo extremamente importante no processo. Os foros neoliberais, tipo ALCA, perderam espa\u00e7o. Os mentores em Washington inteligentemente refletiram e perceberam que o ide\u00e1rio do consenso n\u00e3o \u00e9 mais consenso.<\/p>\n<p>Os brasileiros acompanhando pari pasu tudo o que ocorre no pa\u00eds, em termos de importa\u00e7\u00e3o-exporta\u00e7\u00e3o, pensam que o Brasil poderia ter tido uma pol\u00edtica de substitui\u00e7\u00e3o das importa\u00e7\u00f5es chinesas com os pa\u00edses da Regi\u00e3o Sul-Americana. Em vez dos pa\u00edses latino-americanos importarem produtos chineses, eles poderiam estar importando produtos brasileiros. Mas para tal, o Brasil precisaria importar produtos deles. Por exemplo, importar bananas do Equador. Se o Brasil importar bananas do Equador, abriria espa\u00e7o para a exporta\u00e7\u00e3o de produtos brasileiros para aquele pa\u00eds.<\/p>\n<p>Essas s\u00e3o medidas simples de f\u00e1cil execu\u00e7\u00e3o, muit\u00edssimo bem explicadas por Embaixador brasileiro. De se espantar como n\u00e3o s\u00e3o colocadas em pr\u00e1tica. O Brasil teve algum \u00eaxito nesta \u00e1rea em rela\u00e7\u00e3o ao Uruguai, porque abriu as fronteiras brasileiras e tamb\u00e9m, porque, a integra\u00e7\u00e3o energ\u00e9tica com este pa\u00eds foi espetacular.<\/p>\n<p>O esperado protecionismo Norte Americano com o Presidente Trump no poder ser\u00e1 uma oportunidade para o Brasil aprofundar o di\u00e1logo com a Am\u00e9rica Latina, com a China e com outros grupos e blocos de pa\u00edses.<\/p>\n<p>Apesar da pol\u00edtica externa brasileira atual n\u00e3o estar sendo considerada exatamente como costumava ser \u2013 admirada por todos ao redor do mundo \u2013 ainda h\u00e1 tempo e condi\u00e7\u00f5es para voltar a ser o que sempre foi: \u201cindependentista\u201d sim e sempre, com muita honra!<\/p>\n<p>\u00c9 o que nos ocorre lembrar sobre 2016 \u2013 o ano no qual tentaram desesperadamente \u2013 por diversificadas e transversas maneiras &#8211; paralisar o desenvolvimento do Brasil.<\/p>\n<p>Estimando que durante 2017, eventuais equ\u00edvocos possam ser corrigidos, lembramos que \u00e9 quest\u00e3o de intelig\u00eancia trabalhar com o Brasil z\u00e3o cada vez mais desenvolvido, ao inv\u00e9s de \u2013 mesquinha e covardemente &#8211; tentar embarg\u00e1-lo, impedindo o seu irrevers\u00edvel desenvolvimento.<\/p>\n<p>A popula\u00e7\u00e3o brasileira \u00e9 amiga.<\/p>\n<p>O Brasil merece respeito!<\/p>\n","protected":false},"excerpt":{"rendered":"<p>Guilhermina Coimbra A popula\u00e7\u00e3o brasileira viveu o ano de 2016, em uma expectativa de constantes den\u00fancias, na qual, at\u00e9 a simples amea\u00e7a da den\u00fancia era suficiente. Os brasileiros est\u00e3o conscientes de que a situa\u00e7\u00e3o atualmente vivida pelo pa\u00eds, n\u00e3o \u00e9 exce\u00e7\u00e3o, porque, qualquer pa\u00eds que tenha suas entranhas expostas, como acontece no Brasil, viveria uma [&hellip;]<\/p>\n","protected":false},"author":2,"featured_media":125304,"comment_status":"open","ping_status":"closed","sticky":false,"template":"","format":"standard","meta":{"_acf_changed":false,"footnotes":""},"categories":[25],"tags":[],"class_list":["post-125303","post","type-post","status-publish","format-standard","has-post-thumbnail","hentry","category-opina-ai"],"acf":[],"yoast_head":"<!-- This site is optimized with the Yoast SEO plugin v27.5 - https:\/\/yoast.com\/product\/yoast-seo-wordpress\/ -->\n<title>2016, o ano em que quebraram e afundaram o Brasil - Notibras<\/title>\n<meta name=\"robots\" content=\"index, follow, max-snippet:-1, max-image-preview:large, max-video-preview:-1\" \/>\n<link rel=\"canonical\" href=\"https:\/\/www.notibras.com\/site\/2016-o-ano-em-que-quebraram-e-afundaram-o-brasil\/\" \/>\n<meta property=\"og:locale\" content=\"pt_BR\" \/>\n<meta property=\"og:type\" content=\"article\" \/>\n<meta property=\"og:title\" content=\"2016, o ano em que quebraram e afundaram o Brasil - Notibras\" \/>\n<meta property=\"og:description\" content=\"Guilhermina Coimbra A popula\u00e7\u00e3o brasileira viveu o ano de 2016, em uma expectativa de constantes den\u00fancias, na qual, at\u00e9 a simples amea\u00e7a da den\u00fancia era suficiente. Os brasileiros est\u00e3o conscientes de que a situa\u00e7\u00e3o atualmente vivida pelo pa\u00eds, n\u00e3o \u00e9 exce\u00e7\u00e3o, porque, qualquer pa\u00eds que tenha suas entranhas expostas, como acontece no Brasil, viveria uma [&hellip;]\" \/>\n<meta property=\"og:url\" content=\"https:\/\/www.notibras.com\/site\/2016-o-ano-em-que-quebraram-e-afundaram-o-brasil\/\" \/>\n<meta property=\"og:site_name\" content=\"Notibras\" \/>\n<meta property=\"article:publisher\" content=\"https:\/\/www.facebook.com\/notibras\/\" \/>\n<meta property=\"article:published_time\" content=\"2017-01-05T09:40:13+00:00\" \/>\n<meta property=\"og:image\" content=\"https:\/\/www.notibras.com\/site\/wp-content\/uploads\/2017\/01\/Imagem-Brasil-quebrado.jpg\" \/>\n\t<meta property=\"og:image:width\" content=\"1000\" \/>\n\t<meta property=\"og:image:height\" content=\"670\" \/>\n\t<meta property=\"og:image:type\" content=\"image\/jpeg\" \/>\n<meta name=\"author\" content=\"Reda\u00e7\u00e3o\" \/>\n<meta name=\"twitter:card\" content=\"summary_large_image\" \/>\n<meta name=\"twitter:creator\" content=\"@Notibras\" \/>\n<meta name=\"twitter:site\" content=\"@Notibras\" \/>\n<meta name=\"twitter:label1\" content=\"Escrito por\" \/>\n\t<meta name=\"twitter:data1\" content=\"Reda\u00e7\u00e3o\" \/>\n\t<meta name=\"twitter:label2\" content=\"Est. tempo de leitura\" \/>\n\t<meta name=\"twitter:data2\" content=\"8 minutos\" \/>\n<script type=\"application\/ld+json\" class=\"yoast-schema-graph\">{\"@context\":\"https:\\\/\\\/schema.org\",\"@graph\":[{\"@type\":\"Article\",\"@id\":\"https:\\\/\\\/www.notibras.com\\\/site\\\/2016-o-ano-em-que-quebraram-e-afundaram-o-brasil\\\/#article\",\"isPartOf\":{\"@id\":\"https:\\\/\\\/www.notibras.com\\\/site\\\/2016-o-ano-em-que-quebraram-e-afundaram-o-brasil\\\/\"},\"author\":{\"name\":\"Reda\u00e7\u00e3o\",\"@id\":\"https:\\\/\\\/www.notibras.com\\\/site\\\/#\\\/schema\\\/person\\\/36ab0979449956132d3e5b517ea76ac8\"},\"headline\":\"2016, o ano em que quebraram e afundaram o Brasil\",\"datePublished\":\"2017-01-05T09:40:13+00:00\",\"mainEntityOfPage\":{\"@id\":\"https:\\\/\\\/www.notibras.com\\\/site\\\/2016-o-ano-em-que-quebraram-e-afundaram-o-brasil\\\/\"},\"wordCount\":1667,\"commentCount\":0,\"publisher\":{\"@id\":\"https:\\\/\\\/www.notibras.com\\\/site\\\/#organization\"},\"image\":{\"@id\":\"https:\\\/\\\/www.notibras.com\\\/site\\\/2016-o-ano-em-que-quebraram-e-afundaram-o-brasil\\\/#primaryimage\"},\"thumbnailUrl\":\"https:\\\/\\\/www.notibras.com\\\/site\\\/wp-content\\\/uploads\\\/2017\\\/01\\\/Imagem-Brasil-quebrado.jpg\",\"articleSection\":[\"Opina a\u00ed\"],\"inLanguage\":\"pt-BR\",\"potentialAction\":[{\"@type\":\"CommentAction\",\"name\":\"Comment\",\"target\":[\"https:\\\/\\\/www.notibras.com\\\/site\\\/2016-o-ano-em-que-quebraram-e-afundaram-o-brasil\\\/#respond\"]}]},{\"@type\":\"WebPage\",\"@id\":\"https:\\\/\\\/www.notibras.com\\\/site\\\/2016-o-ano-em-que-quebraram-e-afundaram-o-brasil\\\/\",\"url\":\"https:\\\/\\\/www.notibras.com\\\/site\\\/2016-o-ano-em-que-quebraram-e-afundaram-o-brasil\\\/\",\"name\":\"2016, o ano em que quebraram e afundaram o Brasil - Notibras\",\"isPartOf\":{\"@id\":\"https:\\\/\\\/www.notibras.com\\\/site\\\/#website\"},\"primaryImageOfPage\":{\"@id\":\"https:\\\/\\\/www.notibras.com\\\/site\\\/2016-o-ano-em-que-quebraram-e-afundaram-o-brasil\\\/#primaryimage\"},\"image\":{\"@id\":\"https:\\\/\\\/www.notibras.com\\\/site\\\/2016-o-ano-em-que-quebraram-e-afundaram-o-brasil\\\/#primaryimage\"},\"thumbnailUrl\":\"https:\\\/\\\/www.notibras.com\\\/site\\\/wp-content\\\/uploads\\\/2017\\\/01\\\/Imagem-Brasil-quebrado.jpg\",\"datePublished\":\"2017-01-05T09:40:13+00:00\",\"breadcrumb\":{\"@id\":\"https:\\\/\\\/www.notibras.com\\\/site\\\/2016-o-ano-em-que-quebraram-e-afundaram-o-brasil\\\/#breadcrumb\"},\"inLanguage\":\"pt-BR\",\"potentialAction\":[{\"@type\":\"ReadAction\",\"target\":[\"https:\\\/\\\/www.notibras.com\\\/site\\\/2016-o-ano-em-que-quebraram-e-afundaram-o-brasil\\\/\"]}]},{\"@type\":\"ImageObject\",\"inLanguage\":\"pt-BR\",\"@id\":\"https:\\\/\\\/www.notibras.com\\\/site\\\/2016-o-ano-em-que-quebraram-e-afundaram-o-brasil\\\/#primaryimage\",\"url\":\"https:\\\/\\\/www.notibras.com\\\/site\\\/wp-content\\\/uploads\\\/2017\\\/01\\\/Imagem-Brasil-quebrado.jpg\",\"contentUrl\":\"https:\\\/\\\/www.notibras.com\\\/site\\\/wp-content\\\/uploads\\\/2017\\\/01\\\/Imagem-Brasil-quebrado.jpg\",\"width\":1000,\"height\":670},{\"@type\":\"BreadcrumbList\",\"@id\":\"https:\\\/\\\/www.notibras.com\\\/site\\\/2016-o-ano-em-que-quebraram-e-afundaram-o-brasil\\\/#breadcrumb\",\"itemListElement\":[{\"@type\":\"ListItem\",\"position\":1,\"name\":\"In\u00edcio\",\"item\":\"https:\\\/\\\/www.notibras.com\\\/site\\\/\"},{\"@type\":\"ListItem\",\"position\":2,\"name\":\"2016, o ano em que quebraram e afundaram o Brasil\"}]},{\"@type\":\"WebSite\",\"@id\":\"https:\\\/\\\/www.notibras.com\\\/site\\\/#website\",\"url\":\"https:\\\/\\\/www.notibras.com\\\/site\\\/\",\"name\":\"Notibras\",\"description\":\"Not\u00edcias de Bras\u00edlia, do Brasil e do Mundo\",\"publisher\":{\"@id\":\"https:\\\/\\\/www.notibras.com\\\/site\\\/#organization\"},\"potentialAction\":[{\"@type\":\"SearchAction\",\"target\":{\"@type\":\"EntryPoint\",\"urlTemplate\":\"https:\\\/\\\/www.notibras.com\\\/site\\\/?s={search_term_string}\"},\"query-input\":{\"@type\":\"PropertyValueSpecification\",\"valueRequired\":true,\"valueName\":\"search_term_string\"}}],\"inLanguage\":\"pt-BR\"},{\"@type\":\"Organization\",\"@id\":\"https:\\\/\\\/www.notibras.com\\\/site\\\/#organization\",\"name\":\"Grupo Notibras de Comunica\u00e7\u00e3o\",\"url\":\"https:\\\/\\\/www.notibras.com\\\/site\\\/\",\"logo\":{\"@type\":\"ImageObject\",\"inLanguage\":\"pt-BR\",\"@id\":\"https:\\\/\\\/www.notibras.com\\\/site\\\/#\\\/schema\\\/logo\\\/image\\\/\",\"url\":\"https:\\\/\\\/www.notibras.com\\\/site\\\/wp-content\\\/uploads\\\/2023\\\/01\\\/notibras23.png\",\"contentUrl\":\"https:\\\/\\\/www.notibras.com\\\/site\\\/wp-content\\\/uploads\\\/2023\\\/01\\\/notibras23.png\",\"width\":350,\"height\":87,\"caption\":\"Grupo Notibras de Comunica\u00e7\u00e3o\"},\"image\":{\"@id\":\"https:\\\/\\\/www.notibras.com\\\/site\\\/#\\\/schema\\\/logo\\\/image\\\/\"},\"sameAs\":[\"https:\\\/\\\/www.facebook.com\\\/notibras\\\/\",\"https:\\\/\\\/x.com\\\/Notibras\",\"https:\\\/\\\/www.instagram.com\\\/notibras\\\/\"]},{\"@type\":\"Person\",\"@id\":\"https:\\\/\\\/www.notibras.com\\\/site\\\/#\\\/schema\\\/person\\\/36ab0979449956132d3e5b517ea76ac8\",\"name\":\"Reda\u00e7\u00e3o\",\"image\":{\"@type\":\"ImageObject\",\"inLanguage\":\"pt-BR\",\"@id\":\"https:\\\/\\\/secure.gravatar.com\\\/avatar\\\/e0a867bdedb85fd243eadf09663511f96fc81e0720a4a42581f334ad4303aa6b?s=96&d=mm&r=g\",\"url\":\"https:\\\/\\\/secure.gravatar.com\\\/avatar\\\/e0a867bdedb85fd243eadf09663511f96fc81e0720a4a42581f334ad4303aa6b?s=96&d=mm&r=g\",\"contentUrl\":\"https:\\\/\\\/secure.gravatar.com\\\/avatar\\\/e0a867bdedb85fd243eadf09663511f96fc81e0720a4a42581f334ad4303aa6b?s=96&d=mm&r=g\",\"caption\":\"Reda\u00e7\u00e3o\"}}]}<\/script>\n<!-- \/ Yoast SEO plugin. -->","yoast_head_json":{"title":"2016, o ano em que quebraram e afundaram o Brasil - Notibras","robots":{"index":"index","follow":"follow","max-snippet":"max-snippet:-1","max-image-preview":"max-image-preview:large","max-video-preview":"max-video-preview:-1"},"canonical":"https:\/\/www.notibras.com\/site\/2016-o-ano-em-que-quebraram-e-afundaram-o-brasil\/","og_locale":"pt_BR","og_type":"article","og_title":"2016, o ano em que quebraram e afundaram o Brasil - Notibras","og_description":"Guilhermina Coimbra A popula\u00e7\u00e3o brasileira viveu o ano de 2016, em uma expectativa de constantes den\u00fancias, na qual, at\u00e9 a simples amea\u00e7a da den\u00fancia era suficiente. Os brasileiros est\u00e3o conscientes de que a situa\u00e7\u00e3o atualmente vivida pelo pa\u00eds, n\u00e3o \u00e9 exce\u00e7\u00e3o, porque, qualquer pa\u00eds que tenha suas entranhas expostas, como acontece no Brasil, viveria uma [&hellip;]","og_url":"https:\/\/www.notibras.com\/site\/2016-o-ano-em-que-quebraram-e-afundaram-o-brasil\/","og_site_name":"Notibras","article_publisher":"https:\/\/www.facebook.com\/notibras\/","article_published_time":"2017-01-05T09:40:13+00:00","og_image":[{"width":1000,"height":670,"url":"https:\/\/www.notibras.com\/site\/wp-content\/uploads\/2017\/01\/Imagem-Brasil-quebrado.jpg","type":"image\/jpeg"}],"author":"Reda\u00e7\u00e3o","twitter_card":"summary_large_image","twitter_creator":"@Notibras","twitter_site":"@Notibras","twitter_misc":{"Escrito por":"Reda\u00e7\u00e3o","Est. tempo de leitura":"8 minutos"},"schema":{"@context":"https:\/\/schema.org","@graph":[{"@type":"Article","@id":"https:\/\/www.notibras.com\/site\/2016-o-ano-em-que-quebraram-e-afundaram-o-brasil\/#article","isPartOf":{"@id":"https:\/\/www.notibras.com\/site\/2016-o-ano-em-que-quebraram-e-afundaram-o-brasil\/"},"author":{"name":"Reda\u00e7\u00e3o","@id":"https:\/\/www.notibras.com\/site\/#\/schema\/person\/36ab0979449956132d3e5b517ea76ac8"},"headline":"2016, o ano em que quebraram e afundaram o Brasil","datePublished":"2017-01-05T09:40:13+00:00","mainEntityOfPage":{"@id":"https:\/\/www.notibras.com\/site\/2016-o-ano-em-que-quebraram-e-afundaram-o-brasil\/"},"wordCount":1667,"commentCount":0,"publisher":{"@id":"https:\/\/www.notibras.com\/site\/#organization"},"image":{"@id":"https:\/\/www.notibras.com\/site\/2016-o-ano-em-que-quebraram-e-afundaram-o-brasil\/#primaryimage"},"thumbnailUrl":"https:\/\/www.notibras.com\/site\/wp-content\/uploads\/2017\/01\/Imagem-Brasil-quebrado.jpg","articleSection":["Opina a\u00ed"],"inLanguage":"pt-BR","potentialAction":[{"@type":"CommentAction","name":"Comment","target":["https:\/\/www.notibras.com\/site\/2016-o-ano-em-que-quebraram-e-afundaram-o-brasil\/#respond"]}]},{"@type":"WebPage","@id":"https:\/\/www.notibras.com\/site\/2016-o-ano-em-que-quebraram-e-afundaram-o-brasil\/","url":"https:\/\/www.notibras.com\/site\/2016-o-ano-em-que-quebraram-e-afundaram-o-brasil\/","name":"2016, o ano em que quebraram e afundaram o Brasil - Notibras","isPartOf":{"@id":"https:\/\/www.notibras.com\/site\/#website"},"primaryImageOfPage":{"@id":"https:\/\/www.notibras.com\/site\/2016-o-ano-em-que-quebraram-e-afundaram-o-brasil\/#primaryimage"},"image":{"@id":"https:\/\/www.notibras.com\/site\/2016-o-ano-em-que-quebraram-e-afundaram-o-brasil\/#primaryimage"},"thumbnailUrl":"https:\/\/www.notibras.com\/site\/wp-content\/uploads\/2017\/01\/Imagem-Brasil-quebrado.jpg","datePublished":"2017-01-05T09:40:13+00:00","breadcrumb":{"@id":"https:\/\/www.notibras.com\/site\/2016-o-ano-em-que-quebraram-e-afundaram-o-brasil\/#breadcrumb"},"inLanguage":"pt-BR","potentialAction":[{"@type":"ReadAction","target":["https:\/\/www.notibras.com\/site\/2016-o-ano-em-que-quebraram-e-afundaram-o-brasil\/"]}]},{"@type":"ImageObject","inLanguage":"pt-BR","@id":"https:\/\/www.notibras.com\/site\/2016-o-ano-em-que-quebraram-e-afundaram-o-brasil\/#primaryimage","url":"https:\/\/www.notibras.com\/site\/wp-content\/uploads\/2017\/01\/Imagem-Brasil-quebrado.jpg","contentUrl":"https:\/\/www.notibras.com\/site\/wp-content\/uploads\/2017\/01\/Imagem-Brasil-quebrado.jpg","width":1000,"height":670},{"@type":"BreadcrumbList","@id":"https:\/\/www.notibras.com\/site\/2016-o-ano-em-que-quebraram-e-afundaram-o-brasil\/#breadcrumb","itemListElement":[{"@type":"ListItem","position":1,"name":"In\u00edcio","item":"https:\/\/www.notibras.com\/site\/"},{"@type":"ListItem","position":2,"name":"2016, o ano em que quebraram e afundaram o Brasil"}]},{"@type":"WebSite","@id":"https:\/\/www.notibras.com\/site\/#website","url":"https:\/\/www.notibras.com\/site\/","name":"Notibras","description":"Not\u00edcias de Bras\u00edlia, do Brasil e do Mundo","publisher":{"@id":"https:\/\/www.notibras.com\/site\/#organization"},"potentialAction":[{"@type":"SearchAction","target":{"@type":"EntryPoint","urlTemplate":"https:\/\/www.notibras.com\/site\/?s={search_term_string}"},"query-input":{"@type":"PropertyValueSpecification","valueRequired":true,"valueName":"search_term_string"}}],"inLanguage":"pt-BR"},{"@type":"Organization","@id":"https:\/\/www.notibras.com\/site\/#organization","name":"Grupo Notibras de Comunica\u00e7\u00e3o","url":"https:\/\/www.notibras.com\/site\/","logo":{"@type":"ImageObject","inLanguage":"pt-BR","@id":"https:\/\/www.notibras.com\/site\/#\/schema\/logo\/image\/","url":"https:\/\/www.notibras.com\/site\/wp-content\/uploads\/2023\/01\/notibras23.png","contentUrl":"https:\/\/www.notibras.com\/site\/wp-content\/uploads\/2023\/01\/notibras23.png","width":350,"height":87,"caption":"Grupo Notibras de Comunica\u00e7\u00e3o"},"image":{"@id":"https:\/\/www.notibras.com\/site\/#\/schema\/logo\/image\/"},"sameAs":["https:\/\/www.facebook.com\/notibras\/","https:\/\/x.com\/Notibras","https:\/\/www.instagram.com\/notibras\/"]},{"@type":"Person","@id":"https:\/\/www.notibras.com\/site\/#\/schema\/person\/36ab0979449956132d3e5b517ea76ac8","name":"Reda\u00e7\u00e3o","image":{"@type":"ImageObject","inLanguage":"pt-BR","@id":"https:\/\/secure.gravatar.com\/avatar\/e0a867bdedb85fd243eadf09663511f96fc81e0720a4a42581f334ad4303aa6b?s=96&d=mm&r=g","url":"https:\/\/secure.gravatar.com\/avatar\/e0a867bdedb85fd243eadf09663511f96fc81e0720a4a42581f334ad4303aa6b?s=96&d=mm&r=g","contentUrl":"https:\/\/secure.gravatar.com\/avatar\/e0a867bdedb85fd243eadf09663511f96fc81e0720a4a42581f334ad4303aa6b?s=96&d=mm&r=g","caption":"Reda\u00e7\u00e3o"}}]}},"amp_enabled":true,"_links":{"self":[{"href":"https:\/\/www.notibras.com\/site\/wp-json\/wp\/v2\/posts\/125303","targetHints":{"allow":["GET"]}}],"collection":[{"href":"https:\/\/www.notibras.com\/site\/wp-json\/wp\/v2\/posts"}],"about":[{"href":"https:\/\/www.notibras.com\/site\/wp-json\/wp\/v2\/types\/post"}],"author":[{"embeddable":true,"href":"https:\/\/www.notibras.com\/site\/wp-json\/wp\/v2\/users\/2"}],"replies":[{"embeddable":true,"href":"https:\/\/www.notibras.com\/site\/wp-json\/wp\/v2\/comments?post=125303"}],"version-history":[{"count":1,"href":"https:\/\/www.notibras.com\/site\/wp-json\/wp\/v2\/posts\/125303\/revisions"}],"predecessor-version":[{"id":125305,"href":"https:\/\/www.notibras.com\/site\/wp-json\/wp\/v2\/posts\/125303\/revisions\/125305"}],"wp:featuredmedia":[{"embeddable":true,"href":"https:\/\/www.notibras.com\/site\/wp-json\/wp\/v2\/media\/125304"}],"wp:attachment":[{"href":"https:\/\/www.notibras.com\/site\/wp-json\/wp\/v2\/media?parent=125303"}],"wp:term":[{"taxonomy":"category","embeddable":true,"href":"https:\/\/www.notibras.com\/site\/wp-json\/wp\/v2\/categories?post=125303"},{"taxonomy":"post_tag","embeddable":true,"href":"https:\/\/www.notibras.com\/site\/wp-json\/wp\/v2\/tags?post=125303"}],"curies":[{"name":"wp","href":"https:\/\/api.w.org\/{rel}","templated":true}]}}