{"id":125888,"date":"2017-01-13T10:53:52","date_gmt":"2017-01-13T12:53:52","guid":{"rendered":"http:\/\/www.notibras.com\/site\/?p=125888"},"modified":"2017-01-13T10:53:52","modified_gmt":"2017-01-13T12:53:52","slug":"ingenuidade-faz-renascer-teoria-conspiratoria","status":"publish","type":"post","link":"https:\/\/www.notibras.com\/site\/ingenuidade-faz-renascer-teoria-conspiratoria\/","title":{"rendered":"Ingenuidade faz renascer a teoria conspirat\u00f3ria"},"content":{"rendered":"<p><strong>Pedro Augusto Pinho<\/strong><\/p>\n<p>O sentimento de na\u00e7\u00e3o, de p\u00e1tria \u00e9 muito forte e n\u00e3o h\u00e1 porque n\u00e3o o ser. Do mesmo modo que a m\u00e3e \u00e9 a primeira refer\u00eancia do beb\u00ea, a fam\u00edlia da crian\u00e7a, a p\u00e1tria, a na\u00e7\u00e3o \u00e9 do jovem e bem antes de prestar qualquer servi\u00e7o civil ou militar \u00e0 comunidade ou ao Pa\u00eds. Vem das disputas esportivas, do conhecimento da hist\u00f3ria, do saber de outras culturas e comportamentos.<\/p>\n<p>A globaliza\u00e7\u00e3o, a ideia de qualquer universaliza\u00e7\u00e3o s\u00f3 aparece como uma ideologia, seja pol\u00edtica, religiosa ou qualquer tipo de pensamento que se apresente universal.<\/p>\n<p>Os usos podem ser v\u00e1rios: a ideologia racial, colonial que pretendia colocar todos os humanos a servi\u00e7o de uma ra\u00e7a, uma pot\u00eancia. A ideologia socialista sob uma classe; a religiosa sob um deus, a um ritual; hoje, a ideologia financeira quer nos colocar, a todos, sob o dom\u00ednio ainda mais restrito de algumas dezenas de fam\u00edlias, que controlam as finan\u00e7as \u201cde um mundo sem fronteiras\u201d.<\/p>\n<p>\u00c9 curioso, n\u00e3o fosse tr\u00e1gico, que o apelo \u00e0 paz, \u00e0 fraternidade, \u00e0 uni\u00e3o dos povos, propagada pela banca, n\u00e3o escondesse a escravid\u00e3o, a sujei\u00e7\u00e3o de todos ao imp\u00e9rio destas fam\u00edlias.<\/p>\n<p>Os instrumentos deste sistema financeiro internacional, que denomino a banca, s\u00e3o diversos e em constante aperfei\u00e7oamento. Alguns ing\u00eanuos repetir\u00e3o tratar-se de teorias conspirat\u00f3rias, que os bons planejadores difundem para evitar maiores an\u00e1lises, aprofundar conhecimentos que trouxessem \u00e0 luz seus verdadeiros objetivos.<\/p>\n<p>A banca, nesta atual conforma\u00e7\u00e3o, atua desde meados do s\u00e9culo XX e como a vitoriosa no mundo capitalista desde 1990. As bases deste poder foram lan\u00e7adas durante a d\u00e9cada de 1980, sob o manto do neoliberalismo e do estado m\u00ednimo. Foi competente para dominar, em primeiro lugar, as tecnologias da informa\u00e7\u00e3o (tratamento\/manipula\u00e7\u00e3o de dados; controle de fontes, inser\u00e7\u00e3o de ru\u00eddos nas transmiss\u00f5es, mudan\u00e7as de c\u00f3digos etc) e os ve\u00edculos de comunica\u00e7\u00e3o de massa, depois corromper institui\u00e7\u00f5es internacionais e nacionais e, por fim, se apoderar de governos de pa\u00edses, os mais ricos e poderosos, mas todos, como um verdadeiro v\u00edrus mal\u00e9fico.<\/p>\n<p>Hoje at\u00e9 fi\u00e9is servidores da banca, como o ex vice-diretor-geral do Fundo Monet\u00e1rio Internacional (FMI) e ex-presidente executivo do maior fundo de investimentos financeiros, a PIMCO, o novaiorquino Mohamed El-Erian, em seu livro \u201cA \u00danica Solu\u00e7\u00e3o\u201d, descrevem suas a\u00e7\u00f5es e suas formas de conquista. Para quem n\u00e3o \u00e9 do ramo, a Pacific Investment Management Company LLC (PIMCO) \u00e9 empresa com sede nos Estados Unidos da Am\u00e9rica (EUA), atuando em 12 pa\u00edses, movimentando perto de 2 trilh\u00f5es de d\u00f3lares, cerca de 25% do que estas fam\u00edlias colocam ao redor do mundo em seu plano de domina\u00e7\u00e3o.<\/p>\n<p>O maior inc\u00f4modo e desafio da banca \u00e9 o nacionalismo. A ideia de que um Pa\u00eds deve ter seu governo em favor dos seus nacionais, dos que l\u00e1 nasceram ou se estabeleceram em car\u00e1ter permanente. E \u00e9 esta a raz\u00e3o de tantas agress\u00f5es \u00e0 R\u00fassia, \u00e0 Federa\u00e7\u00e3o Russa, cujo dirigente coloca os interesses da Federa\u00e7\u00e3o acima de qualquer outro. Devem estar lembrados da triste e vergonhosa figura do presidente Boris I\u00e9ltsin, l\u00e1 colocado pela banca.<\/p>\n<p>Aqui no Brasil, malgrado a a\u00e7\u00e3o n\u00e3o agressiva \u00e0 banca dos governos petistas, esta resolveu pelo golpe de maio de 2016, pois alguns programas governamentais a favor da constru\u00e7\u00e3o da cidadania poderiam ensejar uma forte e consistente repulsa popular ao dom\u00ednio. Vamos a mais um projeto da banca.<\/p>\n<p>Procurando entender a moeda virtual denominada bitcoin, encontro algumas p\u00e9rolas de agress\u00e3o \u00e0 cidadania e \u00e0 pr\u00f3pria a\u00e7\u00e3o \u00e9tica. Sen\u00e3o vejamos.<\/p>\n<p>No que \u00e9 dito sob os t\u00edtulos de transpar\u00eancia, descentraliza\u00e7\u00e3o, diferen\u00e7a positiva em rela\u00e7\u00e3o a outras moedas, se infere que:<\/p>\n<p>primeiro, voc\u00ea ser\u00e1 um sonegador de impostos, pois as transa\u00e7\u00f5es s\u00e3o de pessoa a pessoa, como a compra de coca\u00edna a um traficante que s\u00f3 aceita em esp\u00e9cie, como ele entrega sua mercadoria;<\/p>\n<p>segundo, al\u00e9m de colocar-se fora das autoridades fiscais do pa\u00eds, voc\u00ea, de modo inexplic\u00e1vel, fica sem o controle banc\u00e1rio. De duas, uma: algu\u00e9m (a banca, que \u00e9 mestra em informa\u00e7\u00e3o) garantiria a troca ou haveria sempre, de um lado, um trouxa, ou, no simbolismo da FIESP, um pato amarelo;<\/p>\n<p>terceiro, ter\u00e1 o anonimato. Mais um refor\u00e7o \u00e0 fuga de impostos. Pagar imposto a governo constitu\u00eddo democraticamente \u00e9 um dever cidad\u00e3o. Mas \u00e9 claro que cidadania e banca s\u00e3o opostos. E mais, quem vai garantir este anonimato contra chantagem;<\/p>\n<p>quarto, e paro aqui pois ainda terei muito a expor sobre esta moeda, o bitcoin se prop\u00f5e uma moeda global. Agora me diga, caro e arguto leitor, quem \u00e9, hoje, mais global do que o sistema financeiro que n\u00e3o precisa de passaporte, n\u00e3o enfrenta alf\u00e2ndegas e entra, pela porta dos fundos ou at\u00e9 pela frente, em toda a parte, em todos os pa\u00edses? Quem pois ser\u00e1 o controlador das transa\u00e7\u00f5es em bitcoins? Quem controlar\u00e1 e amea\u00e7ar\u00e1 com os Moros da vida, com as espionagens \u00e0s claras as movimenta\u00e7\u00f5es \u201cirregulares\u201d? Uber e bitcoin, \u00e9 esta a modernidade: trabalho sem direitos, moeda invis\u00edvel?<\/p>\n<p>Ah! Esta teoria conspirat\u00f3ria que ignora os planejamentos de diferentes prazos, os dom\u00ednios das pessoas pela comunica\u00e7\u00e3o de massa e o controle das institui\u00e7\u00f5es pelo suborno e pela chantagem!<\/p>\n","protected":false},"excerpt":{"rendered":"<p>Pedro Augusto Pinho O sentimento de na\u00e7\u00e3o, de p\u00e1tria \u00e9 muito forte e n\u00e3o h\u00e1 porque n\u00e3o o ser. Do mesmo modo que a m\u00e3e \u00e9 a primeira refer\u00eancia do beb\u00ea, a fam\u00edlia da crian\u00e7a, a p\u00e1tria, a na\u00e7\u00e3o \u00e9 do jovem e bem antes de prestar qualquer servi\u00e7o civil ou militar \u00e0 comunidade ou [&hellip;]<\/p>\n","protected":false},"author":2,"featured_media":125889,"comment_status":"open","ping_status":"closed","sticky":false,"template":"","format":"standard","meta":{"_acf_changed":false,"footnotes":""},"categories":[25],"tags":[],"class_list":["post-125888","post","type-post","status-publish","format-standard","has-post-thumbnail","hentry","category-opina-ai"],"acf":[],"yoast_head":"<!-- This site is optimized with the Yoast SEO plugin v27.5 - https:\/\/yoast.com\/product\/yoast-seo-wordpress\/ -->\n<title>Ingenuidade faz renascer a teoria conspirat\u00f3ria - Notibras<\/title>\n<meta name=\"robots\" content=\"index, follow, max-snippet:-1, max-image-preview:large, max-video-preview:-1\" \/>\n<link rel=\"canonical\" href=\"https:\/\/www.notibras.com\/site\/ingenuidade-faz-renascer-teoria-conspiratoria\/\" \/>\n<meta property=\"og:locale\" content=\"pt_BR\" \/>\n<meta property=\"og:type\" content=\"article\" \/>\n<meta property=\"og:title\" content=\"Ingenuidade faz renascer a teoria conspirat\u00f3ria - Notibras\" \/>\n<meta property=\"og:description\" content=\"Pedro Augusto Pinho O sentimento de na\u00e7\u00e3o, de p\u00e1tria \u00e9 muito forte e n\u00e3o h\u00e1 porque n\u00e3o o ser. Do mesmo modo que a m\u00e3e \u00e9 a primeira refer\u00eancia do beb\u00ea, a fam\u00edlia da crian\u00e7a, a p\u00e1tria, a na\u00e7\u00e3o \u00e9 do jovem e bem antes de prestar qualquer servi\u00e7o civil ou militar \u00e0 comunidade ou [&hellip;]\" \/>\n<meta property=\"og:url\" content=\"https:\/\/www.notibras.com\/site\/ingenuidade-faz-renascer-teoria-conspiratoria\/\" \/>\n<meta property=\"og:site_name\" content=\"Notibras\" \/>\n<meta property=\"article:publisher\" content=\"https:\/\/www.facebook.com\/notibras\/\" \/>\n<meta property=\"article:published_time\" content=\"2017-01-13T12:53:52+00:00\" \/>\n<meta property=\"og:image\" content=\"https:\/\/www.notibras.com\/site\/wp-content\/uploads\/2017\/01\/ma\u00e7om.jpg\" \/>\n\t<meta property=\"og:image:width\" content=\"1464\" \/>\n\t<meta property=\"og:image:height\" content=\"914\" \/>\n\t<meta property=\"og:image:type\" content=\"image\/jpeg\" \/>\n<meta name=\"author\" content=\"Reda\u00e7\u00e3o\" \/>\n<meta name=\"twitter:card\" content=\"summary_large_image\" \/>\n<meta name=\"twitter:creator\" content=\"@Notibras\" \/>\n<meta name=\"twitter:site\" content=\"@Notibras\" \/>\n<meta name=\"twitter:label1\" content=\"Escrito por\" \/>\n\t<meta name=\"twitter:data1\" content=\"Reda\u00e7\u00e3o\" \/>\n\t<meta name=\"twitter:label2\" content=\"Est. tempo de leitura\" \/>\n\t<meta name=\"twitter:data2\" content=\"5 minutos\" \/>\n<script type=\"application\/ld+json\" class=\"yoast-schema-graph\">{\"@context\":\"https:\\\/\\\/schema.org\",\"@graph\":[{\"@type\":\"Article\",\"@id\":\"https:\\\/\\\/www.notibras.com\\\/site\\\/ingenuidade-faz-renascer-teoria-conspiratoria\\\/#article\",\"isPartOf\":{\"@id\":\"https:\\\/\\\/www.notibras.com\\\/site\\\/ingenuidade-faz-renascer-teoria-conspiratoria\\\/\"},\"author\":{\"name\":\"Reda\u00e7\u00e3o\",\"@id\":\"https:\\\/\\\/www.notibras.com\\\/site\\\/#\\\/schema\\\/person\\\/36ab0979449956132d3e5b517ea76ac8\"},\"headline\":\"Ingenuidade faz renascer a teoria conspirat\u00f3ria\",\"datePublished\":\"2017-01-13T12:53:52+00:00\",\"mainEntityOfPage\":{\"@id\":\"https:\\\/\\\/www.notibras.com\\\/site\\\/ingenuidade-faz-renascer-teoria-conspiratoria\\\/\"},\"wordCount\":936,\"commentCount\":0,\"publisher\":{\"@id\":\"https:\\\/\\\/www.notibras.com\\\/site\\\/#organization\"},\"image\":{\"@id\":\"https:\\\/\\\/www.notibras.com\\\/site\\\/ingenuidade-faz-renascer-teoria-conspiratoria\\\/#primaryimage\"},\"thumbnailUrl\":\"https:\\\/\\\/www.notibras.com\\\/site\\\/wp-content\\\/uploads\\\/2017\\\/01\\\/ma\u00e7om.jpg\",\"articleSection\":[\"Opina a\u00ed\"],\"inLanguage\":\"pt-BR\",\"potentialAction\":[{\"@type\":\"CommentAction\",\"name\":\"Comment\",\"target\":[\"https:\\\/\\\/www.notibras.com\\\/site\\\/ingenuidade-faz-renascer-teoria-conspiratoria\\\/#respond\"]}]},{\"@type\":\"WebPage\",\"@id\":\"https:\\\/\\\/www.notibras.com\\\/site\\\/ingenuidade-faz-renascer-teoria-conspiratoria\\\/\",\"url\":\"https:\\\/\\\/www.notibras.com\\\/site\\\/ingenuidade-faz-renascer-teoria-conspiratoria\\\/\",\"name\":\"Ingenuidade faz renascer a teoria conspirat\u00f3ria - Notibras\",\"isPartOf\":{\"@id\":\"https:\\\/\\\/www.notibras.com\\\/site\\\/#website\"},\"primaryImageOfPage\":{\"@id\":\"https:\\\/\\\/www.notibras.com\\\/site\\\/ingenuidade-faz-renascer-teoria-conspiratoria\\\/#primaryimage\"},\"image\":{\"@id\":\"https:\\\/\\\/www.notibras.com\\\/site\\\/ingenuidade-faz-renascer-teoria-conspiratoria\\\/#primaryimage\"},\"thumbnailUrl\":\"https:\\\/\\\/www.notibras.com\\\/site\\\/wp-content\\\/uploads\\\/2017\\\/01\\\/ma\u00e7om.jpg\",\"datePublished\":\"2017-01-13T12:53:52+00:00\",\"breadcrumb\":{\"@id\":\"https:\\\/\\\/www.notibras.com\\\/site\\\/ingenuidade-faz-renascer-teoria-conspiratoria\\\/#breadcrumb\"},\"inLanguage\":\"pt-BR\",\"potentialAction\":[{\"@type\":\"ReadAction\",\"target\":[\"https:\\\/\\\/www.notibras.com\\\/site\\\/ingenuidade-faz-renascer-teoria-conspiratoria\\\/\"]}]},{\"@type\":\"ImageObject\",\"inLanguage\":\"pt-BR\",\"@id\":\"https:\\\/\\\/www.notibras.com\\\/site\\\/ingenuidade-faz-renascer-teoria-conspiratoria\\\/#primaryimage\",\"url\":\"https:\\\/\\\/www.notibras.com\\\/site\\\/wp-content\\\/uploads\\\/2017\\\/01\\\/ma\u00e7om.jpg\",\"contentUrl\":\"https:\\\/\\\/www.notibras.com\\\/site\\\/wp-content\\\/uploads\\\/2017\\\/01\\\/ma\u00e7om.jpg\",\"width\":1464,\"height\":914},{\"@type\":\"BreadcrumbList\",\"@id\":\"https:\\\/\\\/www.notibras.com\\\/site\\\/ingenuidade-faz-renascer-teoria-conspiratoria\\\/#breadcrumb\",\"itemListElement\":[{\"@type\":\"ListItem\",\"position\":1,\"name\":\"In\u00edcio\",\"item\":\"https:\\\/\\\/www.notibras.com\\\/site\\\/\"},{\"@type\":\"ListItem\",\"position\":2,\"name\":\"Ingenuidade faz renascer a teoria conspirat\u00f3ria\"}]},{\"@type\":\"WebSite\",\"@id\":\"https:\\\/\\\/www.notibras.com\\\/site\\\/#website\",\"url\":\"https:\\\/\\\/www.notibras.com\\\/site\\\/\",\"name\":\"Notibras\",\"description\":\"Not\u00edcias de Bras\u00edlia, do Brasil e do Mundo\",\"publisher\":{\"@id\":\"https:\\\/\\\/www.notibras.com\\\/site\\\/#organization\"},\"potentialAction\":[{\"@type\":\"SearchAction\",\"target\":{\"@type\":\"EntryPoint\",\"urlTemplate\":\"https:\\\/\\\/www.notibras.com\\\/site\\\/?s={search_term_string}\"},\"query-input\":{\"@type\":\"PropertyValueSpecification\",\"valueRequired\":true,\"valueName\":\"search_term_string\"}}],\"inLanguage\":\"pt-BR\"},{\"@type\":\"Organization\",\"@id\":\"https:\\\/\\\/www.notibras.com\\\/site\\\/#organization\",\"name\":\"Grupo Notibras de Comunica\u00e7\u00e3o\",\"url\":\"https:\\\/\\\/www.notibras.com\\\/site\\\/\",\"logo\":{\"@type\":\"ImageObject\",\"inLanguage\":\"pt-BR\",\"@id\":\"https:\\\/\\\/www.notibras.com\\\/site\\\/#\\\/schema\\\/logo\\\/image\\\/\",\"url\":\"https:\\\/\\\/www.notibras.com\\\/site\\\/wp-content\\\/uploads\\\/2023\\\/01\\\/notibras23.png\",\"contentUrl\":\"https:\\\/\\\/www.notibras.com\\\/site\\\/wp-content\\\/uploads\\\/2023\\\/01\\\/notibras23.png\",\"width\":350,\"height\":87,\"caption\":\"Grupo Notibras de Comunica\u00e7\u00e3o\"},\"image\":{\"@id\":\"https:\\\/\\\/www.notibras.com\\\/site\\\/#\\\/schema\\\/logo\\\/image\\\/\"},\"sameAs\":[\"https:\\\/\\\/www.facebook.com\\\/notibras\\\/\",\"https:\\\/\\\/x.com\\\/Notibras\",\"https:\\\/\\\/www.instagram.com\\\/notibras\\\/\"]},{\"@type\":\"Person\",\"@id\":\"https:\\\/\\\/www.notibras.com\\\/site\\\/#\\\/schema\\\/person\\\/36ab0979449956132d3e5b517ea76ac8\",\"name\":\"Reda\u00e7\u00e3o\",\"image\":{\"@type\":\"ImageObject\",\"inLanguage\":\"pt-BR\",\"@id\":\"https:\\\/\\\/secure.gravatar.com\\\/avatar\\\/e0a867bdedb85fd243eadf09663511f96fc81e0720a4a42581f334ad4303aa6b?s=96&d=mm&r=g\",\"url\":\"https:\\\/\\\/secure.gravatar.com\\\/avatar\\\/e0a867bdedb85fd243eadf09663511f96fc81e0720a4a42581f334ad4303aa6b?s=96&d=mm&r=g\",\"contentUrl\":\"https:\\\/\\\/secure.gravatar.com\\\/avatar\\\/e0a867bdedb85fd243eadf09663511f96fc81e0720a4a42581f334ad4303aa6b?s=96&d=mm&r=g\",\"caption\":\"Reda\u00e7\u00e3o\"}}]}<\/script>\n<!-- \/ Yoast SEO plugin. -->","yoast_head_json":{"title":"Ingenuidade faz renascer a teoria conspirat\u00f3ria - Notibras","robots":{"index":"index","follow":"follow","max-snippet":"max-snippet:-1","max-image-preview":"max-image-preview:large","max-video-preview":"max-video-preview:-1"},"canonical":"https:\/\/www.notibras.com\/site\/ingenuidade-faz-renascer-teoria-conspiratoria\/","og_locale":"pt_BR","og_type":"article","og_title":"Ingenuidade faz renascer a teoria conspirat\u00f3ria - Notibras","og_description":"Pedro Augusto Pinho O sentimento de na\u00e7\u00e3o, de p\u00e1tria \u00e9 muito forte e n\u00e3o h\u00e1 porque n\u00e3o o ser. Do mesmo modo que a m\u00e3e \u00e9 a primeira refer\u00eancia do beb\u00ea, a fam\u00edlia da crian\u00e7a, a p\u00e1tria, a na\u00e7\u00e3o \u00e9 do jovem e bem antes de prestar qualquer servi\u00e7o civil ou militar \u00e0 comunidade ou [&hellip;]","og_url":"https:\/\/www.notibras.com\/site\/ingenuidade-faz-renascer-teoria-conspiratoria\/","og_site_name":"Notibras","article_publisher":"https:\/\/www.facebook.com\/notibras\/","article_published_time":"2017-01-13T12:53:52+00:00","og_image":[{"width":1464,"height":914,"url":"https:\/\/www.notibras.com\/site\/wp-content\/uploads\/2017\/01\/ma\u00e7om.jpg","type":"image\/jpeg"}],"author":"Reda\u00e7\u00e3o","twitter_card":"summary_large_image","twitter_creator":"@Notibras","twitter_site":"@Notibras","twitter_misc":{"Escrito por":"Reda\u00e7\u00e3o","Est. tempo de leitura":"5 minutos"},"schema":{"@context":"https:\/\/schema.org","@graph":[{"@type":"Article","@id":"https:\/\/www.notibras.com\/site\/ingenuidade-faz-renascer-teoria-conspiratoria\/#article","isPartOf":{"@id":"https:\/\/www.notibras.com\/site\/ingenuidade-faz-renascer-teoria-conspiratoria\/"},"author":{"name":"Reda\u00e7\u00e3o","@id":"https:\/\/www.notibras.com\/site\/#\/schema\/person\/36ab0979449956132d3e5b517ea76ac8"},"headline":"Ingenuidade faz renascer a teoria conspirat\u00f3ria","datePublished":"2017-01-13T12:53:52+00:00","mainEntityOfPage":{"@id":"https:\/\/www.notibras.com\/site\/ingenuidade-faz-renascer-teoria-conspiratoria\/"},"wordCount":936,"commentCount":0,"publisher":{"@id":"https:\/\/www.notibras.com\/site\/#organization"},"image":{"@id":"https:\/\/www.notibras.com\/site\/ingenuidade-faz-renascer-teoria-conspiratoria\/#primaryimage"},"thumbnailUrl":"https:\/\/www.notibras.com\/site\/wp-content\/uploads\/2017\/01\/ma\u00e7om.jpg","articleSection":["Opina a\u00ed"],"inLanguage":"pt-BR","potentialAction":[{"@type":"CommentAction","name":"Comment","target":["https:\/\/www.notibras.com\/site\/ingenuidade-faz-renascer-teoria-conspiratoria\/#respond"]}]},{"@type":"WebPage","@id":"https:\/\/www.notibras.com\/site\/ingenuidade-faz-renascer-teoria-conspiratoria\/","url":"https:\/\/www.notibras.com\/site\/ingenuidade-faz-renascer-teoria-conspiratoria\/","name":"Ingenuidade faz renascer a teoria conspirat\u00f3ria - Notibras","isPartOf":{"@id":"https:\/\/www.notibras.com\/site\/#website"},"primaryImageOfPage":{"@id":"https:\/\/www.notibras.com\/site\/ingenuidade-faz-renascer-teoria-conspiratoria\/#primaryimage"},"image":{"@id":"https:\/\/www.notibras.com\/site\/ingenuidade-faz-renascer-teoria-conspiratoria\/#primaryimage"},"thumbnailUrl":"https:\/\/www.notibras.com\/site\/wp-content\/uploads\/2017\/01\/ma\u00e7om.jpg","datePublished":"2017-01-13T12:53:52+00:00","breadcrumb":{"@id":"https:\/\/www.notibras.com\/site\/ingenuidade-faz-renascer-teoria-conspiratoria\/#breadcrumb"},"inLanguage":"pt-BR","potentialAction":[{"@type":"ReadAction","target":["https:\/\/www.notibras.com\/site\/ingenuidade-faz-renascer-teoria-conspiratoria\/"]}]},{"@type":"ImageObject","inLanguage":"pt-BR","@id":"https:\/\/www.notibras.com\/site\/ingenuidade-faz-renascer-teoria-conspiratoria\/#primaryimage","url":"https:\/\/www.notibras.com\/site\/wp-content\/uploads\/2017\/01\/ma\u00e7om.jpg","contentUrl":"https:\/\/www.notibras.com\/site\/wp-content\/uploads\/2017\/01\/ma\u00e7om.jpg","width":1464,"height":914},{"@type":"BreadcrumbList","@id":"https:\/\/www.notibras.com\/site\/ingenuidade-faz-renascer-teoria-conspiratoria\/#breadcrumb","itemListElement":[{"@type":"ListItem","position":1,"name":"In\u00edcio","item":"https:\/\/www.notibras.com\/site\/"},{"@type":"ListItem","position":2,"name":"Ingenuidade faz renascer a teoria conspirat\u00f3ria"}]},{"@type":"WebSite","@id":"https:\/\/www.notibras.com\/site\/#website","url":"https:\/\/www.notibras.com\/site\/","name":"Notibras","description":"Not\u00edcias de Bras\u00edlia, do Brasil e do Mundo","publisher":{"@id":"https:\/\/www.notibras.com\/site\/#organization"},"potentialAction":[{"@type":"SearchAction","target":{"@type":"EntryPoint","urlTemplate":"https:\/\/www.notibras.com\/site\/?s={search_term_string}"},"query-input":{"@type":"PropertyValueSpecification","valueRequired":true,"valueName":"search_term_string"}}],"inLanguage":"pt-BR"},{"@type":"Organization","@id":"https:\/\/www.notibras.com\/site\/#organization","name":"Grupo Notibras de Comunica\u00e7\u00e3o","url":"https:\/\/www.notibras.com\/site\/","logo":{"@type":"ImageObject","inLanguage":"pt-BR","@id":"https:\/\/www.notibras.com\/site\/#\/schema\/logo\/image\/","url":"https:\/\/www.notibras.com\/site\/wp-content\/uploads\/2023\/01\/notibras23.png","contentUrl":"https:\/\/www.notibras.com\/site\/wp-content\/uploads\/2023\/01\/notibras23.png","width":350,"height":87,"caption":"Grupo Notibras de Comunica\u00e7\u00e3o"},"image":{"@id":"https:\/\/www.notibras.com\/site\/#\/schema\/logo\/image\/"},"sameAs":["https:\/\/www.facebook.com\/notibras\/","https:\/\/x.com\/Notibras","https:\/\/www.instagram.com\/notibras\/"]},{"@type":"Person","@id":"https:\/\/www.notibras.com\/site\/#\/schema\/person\/36ab0979449956132d3e5b517ea76ac8","name":"Reda\u00e7\u00e3o","image":{"@type":"ImageObject","inLanguage":"pt-BR","@id":"https:\/\/secure.gravatar.com\/avatar\/e0a867bdedb85fd243eadf09663511f96fc81e0720a4a42581f334ad4303aa6b?s=96&d=mm&r=g","url":"https:\/\/secure.gravatar.com\/avatar\/e0a867bdedb85fd243eadf09663511f96fc81e0720a4a42581f334ad4303aa6b?s=96&d=mm&r=g","contentUrl":"https:\/\/secure.gravatar.com\/avatar\/e0a867bdedb85fd243eadf09663511f96fc81e0720a4a42581f334ad4303aa6b?s=96&d=mm&r=g","caption":"Reda\u00e7\u00e3o"}}]}},"amp_enabled":true,"_links":{"self":[{"href":"https:\/\/www.notibras.com\/site\/wp-json\/wp\/v2\/posts\/125888","targetHints":{"allow":["GET"]}}],"collection":[{"href":"https:\/\/www.notibras.com\/site\/wp-json\/wp\/v2\/posts"}],"about":[{"href":"https:\/\/www.notibras.com\/site\/wp-json\/wp\/v2\/types\/post"}],"author":[{"embeddable":true,"href":"https:\/\/www.notibras.com\/site\/wp-json\/wp\/v2\/users\/2"}],"replies":[{"embeddable":true,"href":"https:\/\/www.notibras.com\/site\/wp-json\/wp\/v2\/comments?post=125888"}],"version-history":[{"count":1,"href":"https:\/\/www.notibras.com\/site\/wp-json\/wp\/v2\/posts\/125888\/revisions"}],"predecessor-version":[{"id":125890,"href":"https:\/\/www.notibras.com\/site\/wp-json\/wp\/v2\/posts\/125888\/revisions\/125890"}],"wp:featuredmedia":[{"embeddable":true,"href":"https:\/\/www.notibras.com\/site\/wp-json\/wp\/v2\/media\/125889"}],"wp:attachment":[{"href":"https:\/\/www.notibras.com\/site\/wp-json\/wp\/v2\/media?parent=125888"}],"wp:term":[{"taxonomy":"category","embeddable":true,"href":"https:\/\/www.notibras.com\/site\/wp-json\/wp\/v2\/categories?post=125888"},{"taxonomy":"post_tag","embeddable":true,"href":"https:\/\/www.notibras.com\/site\/wp-json\/wp\/v2\/tags?post=125888"}],"curies":[{"name":"wp","href":"https:\/\/api.w.org\/{rel}","templated":true}]}}