{"id":126045,"date":"2017-01-15T12:25:13","date_gmt":"2017-01-15T14:25:13","guid":{"rendered":"http:\/\/www.notibras.com\/site\/?p=126045"},"modified":"2017-01-15T12:25:13","modified_gmt":"2017-01-15T14:25:13","slug":"o-modo-de-ser-do-capitalismo-esta-engolindo-as-nacoes","status":"publish","type":"post","link":"https:\/\/www.notibras.com\/site\/o-modo-de-ser-do-capitalismo-esta-engolindo-as-nacoes\/","title":{"rendered":"O modo de ser do capitalismo est\u00e1 engolindo as na\u00e7\u00f5es"},"content":{"rendered":"<p><strong>Prabhat Patnaik<\/strong><\/p>\n<p>O capitalismo \u00e9 um sistema \u201cespont\u00e2neo\u201d no sentido de que a sua din\u00e2mica se caracteriza pelo desdobramento de certas tend\u00eancias imanentes, tais como a mercantiliza\u00e7\u00e3o de tudo, a destrui\u00e7\u00e3o da produ\u00e7\u00e3o pr\u00e9 capitalista e o processo de centraliza\u00e7\u00e3o do capital. Levanta-se a quest\u00e3o: qual \u00e9 o papel do Estado nesta din\u00e2mica espont\u00e2nea do capitalismo?<\/p>\n<p>Em geral o Estado numa sociedade capitalista ajuda esta din\u00e2mica, removendo entraves e acelerando a opera\u00e7\u00e3o das suas tend\u00eancias imanentes. Entretanto pode haver certas conjunturas hist\u00f3ricas em que a correla\u00e7\u00e3o de for\u00e7as de classe \u00e9 tal que o Estado pode ter de actuar para restringir a espontaneidade do capitalismo.<\/p>\n<p>A conjuntura do p\u00f3s guerra foi uma dessas, quando o enorme crescimento do campo socialista, o surto de confian\u00e7a da classe trabalhadora nas metr\u00f3poles e a ascens\u00e3o das lutas anti-coloniais de liberta\u00e7\u00e3o no terceiro mundo, conjugaram-se para colocar uma s\u00e9ria amea\u00e7a \u00e0 pr\u00f3pria exist\u00eancia do sistema.<\/p>\n<p>A descoloniza\u00e7\u00e3o e a institui\u00e7\u00e3o da interven\u00e7\u00e3o do Estado na \u201cadministra\u00e7\u00e3o da procura\u201d para assegurar altos n\u00edveis de emprego nas metr\u00f3poles (a qual assumiu mesmo a forma de medidas de Estado Previd\u00eancia nos pa\u00edses da Europa onde a amea\u00e7a socialista era mais s\u00e9ria), foram caminhos pelos quais o sistema enfrentou esta amea\u00e7a existencial, com o Estado capitalista a actuar em certa medida para restringir a espontaneidade do sistema, embora de modo algum para elimin\u00e1-lo (pois isso \u00e9 imposs\u00edvel enquanto o sistema existe).<\/p>\n<p>Al\u00e9m disso, nas economias descolonizadas, os Estados que se constitu\u00edram fora da [comunidade] de pa\u00edses socialistas, embora de car\u00e1cter burgu\u00eas no sentido de promover o desenvolvimento capitalista, devido \u00e0 heran\u00e7a da luta anti-colonial tamb\u00e9m atuaram para restringir a espontaneidade do sistema.<\/p>\n<p>Mas a pr\u00f3pria centraliza\u00e7\u00e3o do capital verificada durante este per\u00edodo criou acumula\u00e7\u00f5es financeiras maci\u00e7as cujo impulso para abolir fronteiras nacionais que restringiam sua liberdade de movimento inaugurou o atual regime de globaliza\u00e7\u00e3o que se caracteriza pela globaliza\u00e7\u00e3o do capital e, acima de tudo, da finan\u00e7a.<\/p>\n<p>O Estado-na\u00e7\u00e3o sob este regime perde sua autonomia face \u00e0 globaliza\u00e7\u00e3o da finan\u00e7a, uma vez que qualquer movimento da sua parte para atuar de uma maneira oposta \u00e0s exig\u00eancias da finan\u00e7a provoca uma fuga financeira e portanto uma crise interna.<\/p>\n<p>Portanto, os Estados-na\u00e7\u00e3o de fato mais uma vez promoveram, ao inv\u00e9s de restringir, as tend\u00eancias imanentes do capital. As pol\u00edticas atrav\u00e9s das quais eles assim o fazem s\u00e3o aquilo a que chamamos as pol\u00edticas neoliberais. O neoliberalismo, em suma, restaura a \u201cespontaneidade\u201d do capitalismo\u201d.<\/p>\n<p>Encarar o Estado neoliberal como a \u201cretroceder\u201d em favor do \u201cmercado\u201d \u00e9 enganoso \u2013 o Estado atua de acordo com as exig\u00eancias do capital financeiro internacional e da oligarquia corporativa-financeira interna integrada com ele e, com isso, ajuda a \u201cespontaneidade\u201d do sistema.<\/p>\n","protected":false},"excerpt":{"rendered":"<p>Prabhat Patnaik O capitalismo \u00e9 um sistema \u201cespont\u00e2neo\u201d no sentido de que a sua din\u00e2mica se caracteriza pelo desdobramento de certas tend\u00eancias imanentes, tais como a mercantiliza\u00e7\u00e3o de tudo, a destrui\u00e7\u00e3o da produ\u00e7\u00e3o pr\u00e9 capitalista e o processo de centraliza\u00e7\u00e3o do capital. Levanta-se a quest\u00e3o: qual \u00e9 o papel do Estado nesta din\u00e2mica espont\u00e2nea do [&hellip;]<\/p>\n","protected":false},"author":2,"featured_media":126046,"comment_status":"open","ping_status":"closed","sticky":false,"template":"","format":"standard","meta":{"_acf_changed":false,"footnotes":""},"categories":[25],"tags":[],"class_list":["post-126045","post","type-post","status-publish","format-standard","has-post-thumbnail","hentry","category-opina-ai"],"acf":[],"yoast_head":"<!-- This site is optimized with the Yoast SEO plugin v27.5 - https:\/\/yoast.com\/product\/yoast-seo-wordpress\/ -->\n<title>O modo de ser do capitalismo est\u00e1 engolindo as na\u00e7\u00f5es - Notibras<\/title>\n<meta name=\"robots\" content=\"index, follow, max-snippet:-1, max-image-preview:large, max-video-preview:-1\" \/>\n<link rel=\"canonical\" href=\"https:\/\/www.notibras.com\/site\/o-modo-de-ser-do-capitalismo-esta-engolindo-as-nacoes\/\" \/>\n<meta property=\"og:locale\" content=\"pt_BR\" \/>\n<meta property=\"og:type\" content=\"article\" \/>\n<meta property=\"og:title\" content=\"O modo de ser do capitalismo est\u00e1 engolindo as na\u00e7\u00f5es - Notibras\" \/>\n<meta property=\"og:description\" content=\"Prabhat Patnaik O capitalismo \u00e9 um sistema \u201cespont\u00e2neo\u201d no sentido de que a sua din\u00e2mica se caracteriza pelo desdobramento de certas tend\u00eancias imanentes, tais como a mercantiliza\u00e7\u00e3o de tudo, a destrui\u00e7\u00e3o da produ\u00e7\u00e3o pr\u00e9 capitalista e o processo de centraliza\u00e7\u00e3o do capital. Levanta-se a quest\u00e3o: qual \u00e9 o papel do Estado nesta din\u00e2mica espont\u00e2nea do [&hellip;]\" \/>\n<meta property=\"og:url\" content=\"https:\/\/www.notibras.com\/site\/o-modo-de-ser-do-capitalismo-esta-engolindo-as-nacoes\/\" \/>\n<meta property=\"og:site_name\" content=\"Notibras\" \/>\n<meta property=\"article:publisher\" content=\"https:\/\/www.facebook.com\/notibras\/\" \/>\n<meta property=\"article:published_time\" content=\"2017-01-15T14:25:13+00:00\" \/>\n<meta property=\"og:image\" content=\"https:\/\/www.notibras.com\/site\/wp-content\/uploads\/2017\/01\/capitalismo-1024x683.jpg\" \/>\n\t<meta property=\"og:image:width\" content=\"1024\" \/>\n\t<meta property=\"og:image:height\" content=\"683\" \/>\n\t<meta property=\"og:image:type\" content=\"image\/jpeg\" \/>\n<meta name=\"author\" content=\"Reda\u00e7\u00e3o\" \/>\n<meta name=\"twitter:card\" content=\"summary_large_image\" \/>\n<meta name=\"twitter:creator\" content=\"@Notibras\" \/>\n<meta name=\"twitter:site\" content=\"@Notibras\" \/>\n<meta name=\"twitter:label1\" content=\"Escrito por\" \/>\n\t<meta name=\"twitter:data1\" content=\"Reda\u00e7\u00e3o\" \/>\n\t<meta name=\"twitter:label2\" content=\"Est. tempo de leitura\" \/>\n\t<meta name=\"twitter:data2\" content=\"3 minutos\" \/>\n<script type=\"application\/ld+json\" class=\"yoast-schema-graph\">{\"@context\":\"https:\\\/\\\/schema.org\",\"@graph\":[{\"@type\":\"Article\",\"@id\":\"https:\\\/\\\/www.notibras.com\\\/site\\\/o-modo-de-ser-do-capitalismo-esta-engolindo-as-nacoes\\\/#article\",\"isPartOf\":{\"@id\":\"https:\\\/\\\/www.notibras.com\\\/site\\\/o-modo-de-ser-do-capitalismo-esta-engolindo-as-nacoes\\\/\"},\"author\":{\"name\":\"Reda\u00e7\u00e3o\",\"@id\":\"https:\\\/\\\/www.notibras.com\\\/site\\\/#\\\/schema\\\/person\\\/36ab0979449956132d3e5b517ea76ac8\"},\"headline\":\"O modo de ser do capitalismo est\u00e1 engolindo as na\u00e7\u00f5es\",\"datePublished\":\"2017-01-15T14:25:13+00:00\",\"mainEntityOfPage\":{\"@id\":\"https:\\\/\\\/www.notibras.com\\\/site\\\/o-modo-de-ser-do-capitalismo-esta-engolindo-as-nacoes\\\/\"},\"wordCount\":513,\"commentCount\":0,\"publisher\":{\"@id\":\"https:\\\/\\\/www.notibras.com\\\/site\\\/#organization\"},\"image\":{\"@id\":\"https:\\\/\\\/www.notibras.com\\\/site\\\/o-modo-de-ser-do-capitalismo-esta-engolindo-as-nacoes\\\/#primaryimage\"},\"thumbnailUrl\":\"https:\\\/\\\/www.notibras.com\\\/site\\\/wp-content\\\/uploads\\\/2017\\\/01\\\/capitalismo-1024x683.jpg\",\"articleSection\":[\"Opina a\u00ed\"],\"inLanguage\":\"pt-BR\",\"potentialAction\":[{\"@type\":\"CommentAction\",\"name\":\"Comment\",\"target\":[\"https:\\\/\\\/www.notibras.com\\\/site\\\/o-modo-de-ser-do-capitalismo-esta-engolindo-as-nacoes\\\/#respond\"]}]},{\"@type\":\"WebPage\",\"@id\":\"https:\\\/\\\/www.notibras.com\\\/site\\\/o-modo-de-ser-do-capitalismo-esta-engolindo-as-nacoes\\\/\",\"url\":\"https:\\\/\\\/www.notibras.com\\\/site\\\/o-modo-de-ser-do-capitalismo-esta-engolindo-as-nacoes\\\/\",\"name\":\"O modo de ser do capitalismo est\u00e1 engolindo as na\u00e7\u00f5es - Notibras\",\"isPartOf\":{\"@id\":\"https:\\\/\\\/www.notibras.com\\\/site\\\/#website\"},\"primaryImageOfPage\":{\"@id\":\"https:\\\/\\\/www.notibras.com\\\/site\\\/o-modo-de-ser-do-capitalismo-esta-engolindo-as-nacoes\\\/#primaryimage\"},\"image\":{\"@id\":\"https:\\\/\\\/www.notibras.com\\\/site\\\/o-modo-de-ser-do-capitalismo-esta-engolindo-as-nacoes\\\/#primaryimage\"},\"thumbnailUrl\":\"https:\\\/\\\/www.notibras.com\\\/site\\\/wp-content\\\/uploads\\\/2017\\\/01\\\/capitalismo-1024x683.jpg\",\"datePublished\":\"2017-01-15T14:25:13+00:00\",\"breadcrumb\":{\"@id\":\"https:\\\/\\\/www.notibras.com\\\/site\\\/o-modo-de-ser-do-capitalismo-esta-engolindo-as-nacoes\\\/#breadcrumb\"},\"inLanguage\":\"pt-BR\",\"potentialAction\":[{\"@type\":\"ReadAction\",\"target\":[\"https:\\\/\\\/www.notibras.com\\\/site\\\/o-modo-de-ser-do-capitalismo-esta-engolindo-as-nacoes\\\/\"]}]},{\"@type\":\"ImageObject\",\"inLanguage\":\"pt-BR\",\"@id\":\"https:\\\/\\\/www.notibras.com\\\/site\\\/o-modo-de-ser-do-capitalismo-esta-engolindo-as-nacoes\\\/#primaryimage\",\"url\":\"https:\\\/\\\/www.notibras.com\\\/site\\\/wp-content\\\/uploads\\\/2017\\\/01\\\/capitalismo-1024x683.jpg\",\"contentUrl\":\"https:\\\/\\\/www.notibras.com\\\/site\\\/wp-content\\\/uploads\\\/2017\\\/01\\\/capitalismo-1024x683.jpg\",\"width\":1024,\"height\":683},{\"@type\":\"BreadcrumbList\",\"@id\":\"https:\\\/\\\/www.notibras.com\\\/site\\\/o-modo-de-ser-do-capitalismo-esta-engolindo-as-nacoes\\\/#breadcrumb\",\"itemListElement\":[{\"@type\":\"ListItem\",\"position\":1,\"name\":\"In\u00edcio\",\"item\":\"https:\\\/\\\/www.notibras.com\\\/site\\\/\"},{\"@type\":\"ListItem\",\"position\":2,\"name\":\"O modo de ser do capitalismo est\u00e1 engolindo as na\u00e7\u00f5es\"}]},{\"@type\":\"WebSite\",\"@id\":\"https:\\\/\\\/www.notibras.com\\\/site\\\/#website\",\"url\":\"https:\\\/\\\/www.notibras.com\\\/site\\\/\",\"name\":\"Notibras\",\"description\":\"Not\u00edcias de Bras\u00edlia, do Brasil e do Mundo\",\"publisher\":{\"@id\":\"https:\\\/\\\/www.notibras.com\\\/site\\\/#organization\"},\"potentialAction\":[{\"@type\":\"SearchAction\",\"target\":{\"@type\":\"EntryPoint\",\"urlTemplate\":\"https:\\\/\\\/www.notibras.com\\\/site\\\/?s={search_term_string}\"},\"query-input\":{\"@type\":\"PropertyValueSpecification\",\"valueRequired\":true,\"valueName\":\"search_term_string\"}}],\"inLanguage\":\"pt-BR\"},{\"@type\":\"Organization\",\"@id\":\"https:\\\/\\\/www.notibras.com\\\/site\\\/#organization\",\"name\":\"Grupo Notibras de Comunica\u00e7\u00e3o\",\"url\":\"https:\\\/\\\/www.notibras.com\\\/site\\\/\",\"logo\":{\"@type\":\"ImageObject\",\"inLanguage\":\"pt-BR\",\"@id\":\"https:\\\/\\\/www.notibras.com\\\/site\\\/#\\\/schema\\\/logo\\\/image\\\/\",\"url\":\"https:\\\/\\\/www.notibras.com\\\/site\\\/wp-content\\\/uploads\\\/2023\\\/01\\\/notibras23.png\",\"contentUrl\":\"https:\\\/\\\/www.notibras.com\\\/site\\\/wp-content\\\/uploads\\\/2023\\\/01\\\/notibras23.png\",\"width\":350,\"height\":87,\"caption\":\"Grupo Notibras de Comunica\u00e7\u00e3o\"},\"image\":{\"@id\":\"https:\\\/\\\/www.notibras.com\\\/site\\\/#\\\/schema\\\/logo\\\/image\\\/\"},\"sameAs\":[\"https:\\\/\\\/www.facebook.com\\\/notibras\\\/\",\"https:\\\/\\\/x.com\\\/Notibras\",\"https:\\\/\\\/www.instagram.com\\\/notibras\\\/\"]},{\"@type\":\"Person\",\"@id\":\"https:\\\/\\\/www.notibras.com\\\/site\\\/#\\\/schema\\\/person\\\/36ab0979449956132d3e5b517ea76ac8\",\"name\":\"Reda\u00e7\u00e3o\",\"image\":{\"@type\":\"ImageObject\",\"inLanguage\":\"pt-BR\",\"@id\":\"https:\\\/\\\/secure.gravatar.com\\\/avatar\\\/e0a867bdedb85fd243eadf09663511f96fc81e0720a4a42581f334ad4303aa6b?s=96&d=mm&r=g\",\"url\":\"https:\\\/\\\/secure.gravatar.com\\\/avatar\\\/e0a867bdedb85fd243eadf09663511f96fc81e0720a4a42581f334ad4303aa6b?s=96&d=mm&r=g\",\"contentUrl\":\"https:\\\/\\\/secure.gravatar.com\\\/avatar\\\/e0a867bdedb85fd243eadf09663511f96fc81e0720a4a42581f334ad4303aa6b?s=96&d=mm&r=g\",\"caption\":\"Reda\u00e7\u00e3o\"}}]}<\/script>\n<!-- \/ Yoast SEO plugin. -->","yoast_head_json":{"title":"O modo de ser do capitalismo est\u00e1 engolindo as na\u00e7\u00f5es - Notibras","robots":{"index":"index","follow":"follow","max-snippet":"max-snippet:-1","max-image-preview":"max-image-preview:large","max-video-preview":"max-video-preview:-1"},"canonical":"https:\/\/www.notibras.com\/site\/o-modo-de-ser-do-capitalismo-esta-engolindo-as-nacoes\/","og_locale":"pt_BR","og_type":"article","og_title":"O modo de ser do capitalismo est\u00e1 engolindo as na\u00e7\u00f5es - Notibras","og_description":"Prabhat Patnaik O capitalismo \u00e9 um sistema \u201cespont\u00e2neo\u201d no sentido de que a sua din\u00e2mica se caracteriza pelo desdobramento de certas tend\u00eancias imanentes, tais como a mercantiliza\u00e7\u00e3o de tudo, a destrui\u00e7\u00e3o da produ\u00e7\u00e3o pr\u00e9 capitalista e o processo de centraliza\u00e7\u00e3o do capital. Levanta-se a quest\u00e3o: qual \u00e9 o papel do Estado nesta din\u00e2mica espont\u00e2nea do [&hellip;]","og_url":"https:\/\/www.notibras.com\/site\/o-modo-de-ser-do-capitalismo-esta-engolindo-as-nacoes\/","og_site_name":"Notibras","article_publisher":"https:\/\/www.facebook.com\/notibras\/","article_published_time":"2017-01-15T14:25:13+00:00","og_image":[{"width":1024,"height":683,"url":"https:\/\/www.notibras.com\/site\/wp-content\/uploads\/2017\/01\/capitalismo-1024x683.jpg","type":"image\/jpeg"}],"author":"Reda\u00e7\u00e3o","twitter_card":"summary_large_image","twitter_creator":"@Notibras","twitter_site":"@Notibras","twitter_misc":{"Escrito por":"Reda\u00e7\u00e3o","Est. tempo de leitura":"3 minutos"},"schema":{"@context":"https:\/\/schema.org","@graph":[{"@type":"Article","@id":"https:\/\/www.notibras.com\/site\/o-modo-de-ser-do-capitalismo-esta-engolindo-as-nacoes\/#article","isPartOf":{"@id":"https:\/\/www.notibras.com\/site\/o-modo-de-ser-do-capitalismo-esta-engolindo-as-nacoes\/"},"author":{"name":"Reda\u00e7\u00e3o","@id":"https:\/\/www.notibras.com\/site\/#\/schema\/person\/36ab0979449956132d3e5b517ea76ac8"},"headline":"O modo de ser do capitalismo est\u00e1 engolindo as na\u00e7\u00f5es","datePublished":"2017-01-15T14:25:13+00:00","mainEntityOfPage":{"@id":"https:\/\/www.notibras.com\/site\/o-modo-de-ser-do-capitalismo-esta-engolindo-as-nacoes\/"},"wordCount":513,"commentCount":0,"publisher":{"@id":"https:\/\/www.notibras.com\/site\/#organization"},"image":{"@id":"https:\/\/www.notibras.com\/site\/o-modo-de-ser-do-capitalismo-esta-engolindo-as-nacoes\/#primaryimage"},"thumbnailUrl":"https:\/\/www.notibras.com\/site\/wp-content\/uploads\/2017\/01\/capitalismo-1024x683.jpg","articleSection":["Opina a\u00ed"],"inLanguage":"pt-BR","potentialAction":[{"@type":"CommentAction","name":"Comment","target":["https:\/\/www.notibras.com\/site\/o-modo-de-ser-do-capitalismo-esta-engolindo-as-nacoes\/#respond"]}]},{"@type":"WebPage","@id":"https:\/\/www.notibras.com\/site\/o-modo-de-ser-do-capitalismo-esta-engolindo-as-nacoes\/","url":"https:\/\/www.notibras.com\/site\/o-modo-de-ser-do-capitalismo-esta-engolindo-as-nacoes\/","name":"O modo de ser do capitalismo est\u00e1 engolindo as na\u00e7\u00f5es - Notibras","isPartOf":{"@id":"https:\/\/www.notibras.com\/site\/#website"},"primaryImageOfPage":{"@id":"https:\/\/www.notibras.com\/site\/o-modo-de-ser-do-capitalismo-esta-engolindo-as-nacoes\/#primaryimage"},"image":{"@id":"https:\/\/www.notibras.com\/site\/o-modo-de-ser-do-capitalismo-esta-engolindo-as-nacoes\/#primaryimage"},"thumbnailUrl":"https:\/\/www.notibras.com\/site\/wp-content\/uploads\/2017\/01\/capitalismo-1024x683.jpg","datePublished":"2017-01-15T14:25:13+00:00","breadcrumb":{"@id":"https:\/\/www.notibras.com\/site\/o-modo-de-ser-do-capitalismo-esta-engolindo-as-nacoes\/#breadcrumb"},"inLanguage":"pt-BR","potentialAction":[{"@type":"ReadAction","target":["https:\/\/www.notibras.com\/site\/o-modo-de-ser-do-capitalismo-esta-engolindo-as-nacoes\/"]}]},{"@type":"ImageObject","inLanguage":"pt-BR","@id":"https:\/\/www.notibras.com\/site\/o-modo-de-ser-do-capitalismo-esta-engolindo-as-nacoes\/#primaryimage","url":"https:\/\/www.notibras.com\/site\/wp-content\/uploads\/2017\/01\/capitalismo-1024x683.jpg","contentUrl":"https:\/\/www.notibras.com\/site\/wp-content\/uploads\/2017\/01\/capitalismo-1024x683.jpg","width":1024,"height":683},{"@type":"BreadcrumbList","@id":"https:\/\/www.notibras.com\/site\/o-modo-de-ser-do-capitalismo-esta-engolindo-as-nacoes\/#breadcrumb","itemListElement":[{"@type":"ListItem","position":1,"name":"In\u00edcio","item":"https:\/\/www.notibras.com\/site\/"},{"@type":"ListItem","position":2,"name":"O modo de ser do capitalismo est\u00e1 engolindo as na\u00e7\u00f5es"}]},{"@type":"WebSite","@id":"https:\/\/www.notibras.com\/site\/#website","url":"https:\/\/www.notibras.com\/site\/","name":"Notibras","description":"Not\u00edcias de Bras\u00edlia, do Brasil e do Mundo","publisher":{"@id":"https:\/\/www.notibras.com\/site\/#organization"},"potentialAction":[{"@type":"SearchAction","target":{"@type":"EntryPoint","urlTemplate":"https:\/\/www.notibras.com\/site\/?s={search_term_string}"},"query-input":{"@type":"PropertyValueSpecification","valueRequired":true,"valueName":"search_term_string"}}],"inLanguage":"pt-BR"},{"@type":"Organization","@id":"https:\/\/www.notibras.com\/site\/#organization","name":"Grupo Notibras de Comunica\u00e7\u00e3o","url":"https:\/\/www.notibras.com\/site\/","logo":{"@type":"ImageObject","inLanguage":"pt-BR","@id":"https:\/\/www.notibras.com\/site\/#\/schema\/logo\/image\/","url":"https:\/\/www.notibras.com\/site\/wp-content\/uploads\/2023\/01\/notibras23.png","contentUrl":"https:\/\/www.notibras.com\/site\/wp-content\/uploads\/2023\/01\/notibras23.png","width":350,"height":87,"caption":"Grupo Notibras de Comunica\u00e7\u00e3o"},"image":{"@id":"https:\/\/www.notibras.com\/site\/#\/schema\/logo\/image\/"},"sameAs":["https:\/\/www.facebook.com\/notibras\/","https:\/\/x.com\/Notibras","https:\/\/www.instagram.com\/notibras\/"]},{"@type":"Person","@id":"https:\/\/www.notibras.com\/site\/#\/schema\/person\/36ab0979449956132d3e5b517ea76ac8","name":"Reda\u00e7\u00e3o","image":{"@type":"ImageObject","inLanguage":"pt-BR","@id":"https:\/\/secure.gravatar.com\/avatar\/e0a867bdedb85fd243eadf09663511f96fc81e0720a4a42581f334ad4303aa6b?s=96&d=mm&r=g","url":"https:\/\/secure.gravatar.com\/avatar\/e0a867bdedb85fd243eadf09663511f96fc81e0720a4a42581f334ad4303aa6b?s=96&d=mm&r=g","contentUrl":"https:\/\/secure.gravatar.com\/avatar\/e0a867bdedb85fd243eadf09663511f96fc81e0720a4a42581f334ad4303aa6b?s=96&d=mm&r=g","caption":"Reda\u00e7\u00e3o"}}]}},"amp_enabled":true,"_links":{"self":[{"href":"https:\/\/www.notibras.com\/site\/wp-json\/wp\/v2\/posts\/126045","targetHints":{"allow":["GET"]}}],"collection":[{"href":"https:\/\/www.notibras.com\/site\/wp-json\/wp\/v2\/posts"}],"about":[{"href":"https:\/\/www.notibras.com\/site\/wp-json\/wp\/v2\/types\/post"}],"author":[{"embeddable":true,"href":"https:\/\/www.notibras.com\/site\/wp-json\/wp\/v2\/users\/2"}],"replies":[{"embeddable":true,"href":"https:\/\/www.notibras.com\/site\/wp-json\/wp\/v2\/comments?post=126045"}],"version-history":[{"count":1,"href":"https:\/\/www.notibras.com\/site\/wp-json\/wp\/v2\/posts\/126045\/revisions"}],"predecessor-version":[{"id":126047,"href":"https:\/\/www.notibras.com\/site\/wp-json\/wp\/v2\/posts\/126045\/revisions\/126047"}],"wp:featuredmedia":[{"embeddable":true,"href":"https:\/\/www.notibras.com\/site\/wp-json\/wp\/v2\/media\/126046"}],"wp:attachment":[{"href":"https:\/\/www.notibras.com\/site\/wp-json\/wp\/v2\/media?parent=126045"}],"wp:term":[{"taxonomy":"category","embeddable":true,"href":"https:\/\/www.notibras.com\/site\/wp-json\/wp\/v2\/categories?post=126045"},{"taxonomy":"post_tag","embeddable":true,"href":"https:\/\/www.notibras.com\/site\/wp-json\/wp\/v2\/tags?post=126045"}],"curies":[{"name":"wp","href":"https:\/\/api.w.org\/{rel}","templated":true}]}}