{"id":126065,"date":"2017-01-16T05:08:50","date_gmt":"2017-01-16T07:08:50","guid":{"rendered":"http:\/\/www.notibras.com\/site\/?p=126065"},"modified":"2017-01-16T05:48:35","modified_gmt":"2017-01-16T07:48:35","slug":"esperar-o-bolo-crescer-acaba-com-estados-municipios","status":"publish","type":"post","link":"https:\/\/www.notibras.com\/site\/esperar-o-bolo-crescer-acaba-com-estados-municipios\/","title":{"rendered":"Esperar o bolo crescer acaba com estados munic\u00edpios"},"content":{"rendered":"<p><strong>Luis Fucs<\/strong><\/p>\n<p>No atual cen\u00e1rio de crise no setor p\u00fablico, poucas cenas revelam tanto do Brasil atual quanto a romaria di\u00e1ria de governadores e prefeitos a Bras\u00edlia. Sem recursos para pagar suas contas ou prestes a entrar na UTI, eles buscam apoio do governo federal para tentar evitar um desastre de propor\u00e7\u00f5es incontrol\u00e1veis.<\/p>\n<p>Embora tamb\u00e9m esteja no vermelho, em decorr\u00eancia da heran\u00e7a recebida da presidente cassada Dilma Rousseff, a Uni\u00e3o controla a Casa da Moeda e pode lan\u00e7ar t\u00edtulos p\u00fablicos na pra\u00e7a para refor\u00e7ar o caixa \u2013 um privil\u00e9gio hoje vetado aos Estados e munic\u00edpios. Est\u00e1, portanto, numa posi\u00e7\u00e3o privilegiada na mesa de negocia\u00e7\u00f5es, para submeter os demais entes da Federa\u00e7\u00e3o ao jugo do Poder Central.<\/p>\n<p>Para tentar repartir o \u00f4nus da derrocada com o governo federal, muitos governadores e prefeitos procuraram atribuir seus problemas \u00e0 concentra\u00e7\u00e3o dos recursos dos pagadores de impostos nas m\u00e3os da Uni\u00e3o.<\/p>\n<p>De repente, eles passaram a usar a crise fiscal como justificativa para impulsionar a ideia de um novo pacto federativo, cujo objetivo seria alterar as fatias da arrecada\u00e7\u00e3o destinadas \u00e0 Uni\u00e3o, aos Estados e aos munic\u00edpios, al\u00e9m de reavaliar as tarefas que cabem a cada esfera de governo, de acordo com a Constitui\u00e7\u00e3o.<\/p>\n<p>A rigor, por\u00e9m, tudo isso n\u00e3o passa de uma encena\u00e7\u00e3o, pr\u00f3pria da pol\u00edtica pedestre praticada no Brasil. A insolv\u00eancia de Estados e munic\u00edpios tem mais a ver com a gest\u00e3o inepta e a gastan\u00e7a irrespons\u00e1vel realizada nos \u00faltimos anos do que com a centraliza\u00e7\u00e3o dos recursos na \u00e1rea federal.<\/p>\n<p>Ainda assim, a peregrina\u00e7\u00e3o de prefeitos e governadores em Bras\u00edlia tem o m\u00e9rito de jogar os holofotes sobre os escombros da Federa\u00e7\u00e3o brasileira e estimular o debate sobre a necessidade urgente de se adotar medidas para reform\u00e1-la e refor\u00e7\u00e1-la.<\/p>\n<p>Hoje, a Federa\u00e7\u00e3o praticamente s\u00f3 existe nas p\u00e1ginas da Constitui\u00e7\u00e3o.<\/p>\n<p>Quase tudo que se queira fazer no Pa\u00eds depende da chancela dos pol\u00edticos e burocratas de Bras\u00edlia. Apesar de Estados e munic\u00edpios terem de custear a maior parte dos servi\u00e7os b\u00e1sicos oferecidos \u00e0 popula\u00e7\u00e3o, como educa\u00e7\u00e3o, sa\u00fade, seguran\u00e7a e transportes, o grosso do dinheiro dos pagadores de impostos fica mesmo com a Uni\u00e3o. Segundo dados da Frente Nacional de Prefeitos (FNP), a Uni\u00e3o abocanhou 55,6% do bolo tribut\u00e1rio nacional em 2015, enquanto os Estados e os munic\u00edpios ficaram com 25,1% e 19,3%, respectivamente. Ao mesmo tempo, os governos locais t\u00eam pouca autonomia para mexer na \u00e1rea tribut\u00e1ria.<\/p>\n<p>A capacidade de legislar tamb\u00e9m est\u00e1 quase totalmente concentrada em Bras\u00edlia. S\u00f3 que a demanda pela melhoria da qualidade dos servi\u00e7os p\u00fablicos n\u00e3o para de crescer, pressionando prefeitos e governadores a ampliar os investimentos. \u201cNo Brasil, n\u00f3s temos um federalismo centr\u00edfugo\u201d, diz o jurista C\u00e9lio Borja, ex-ministro da Justi\u00e7a e ex-ministro do Supremo Tribunal Federal (STF). \u201cN\u00e3o \u00e9 s\u00f3 a renda que se deve redistribuir, mas sobretudo a compet\u00eancia legislativa e administrativa, porque n\u00e3o \u00e9 poss\u00edvel que os Estados e os munic\u00edpios n\u00e3o posam legislar em mat\u00e9rias que lhes concerne.\u201d<\/p>\n<p>A atual situa\u00e7\u00e3o \u00e9 parecida com a que o Pa\u00eds vivia nos tempos do regime militar, quando a pol\u00edtica do \u201cpires na m\u00e3o\u201d prevalecia e o governo federal arbitrava quem deveria receber os recursos a seu bel prazer. Na Constitui\u00e7\u00e3o de 1988, procurou-se corrigir o problema, ao menos em parte, com a distribui\u00e7\u00e3o de uma fatia maior do bolo para os Estados e munic\u00edpios.<\/p>\n<p>Mas a Uni\u00e3o manteve muitas de suas atribui\u00e7\u00f5es anteriores e ainda recebeu outras, como a de viabilizar o Estado de bem-estar social previsto na nova Carta. Resultado: para cobrir suas despesas, a Uni\u00e3o criou diversos tributos n\u00e3o partilhados, cujas al\u00edquotas subiram de forma significativa ao longo dos anos.<\/p>\n<p>Mais recentemente, nos governos Lula e Dilma, o problema se agravou, n\u00e3o s\u00f3 com o aumento da fatia da Uni\u00e3o na arrecada\u00e7\u00e3o, mas tamb\u00e9m com as desonera\u00e7\u00f5es fiscais e a concess\u00e3o seletiva de incentivos e subs\u00eddios para certos setores da economia. Realizadas com impostos partilhados com os demais entes da Federa\u00e7\u00e3o, sem a aprova\u00e7\u00e3o de governadores e prefeitos, elas drenaram recursos preciosos dos or\u00e7amentos e deixaram muitos Estados e munic\u00edpios \u00e0 beira do abismo. Estima-se que, com as desonera\u00e7\u00f5es, os Estados e os munic\u00edpios tenham deixado de receber R$ 190,1 bilh\u00f5es em impostos entre 2008 e 2012. \u201cA Uni\u00e3o dava benef\u00edcio fiscal com o dinheiro dos outros\u201d, afirma o jurista Nelson Jobim, ex-ministro da Justi\u00e7a e ex-presidente do Supremo Tribunal Federal (STF).<\/p>\n<p>Deve-se colocar na conta tamb\u00e9m, de acordo com o governador de Goi\u00e1s, Marconi Perillo (PSDB), os R$ 345 bilh\u00f5es que os Estados deixaram de receber da Uni\u00e3o como compensa\u00e7\u00e3o pelas desonera\u00e7\u00f5es de produtos para exporta\u00e7\u00e3o, desde a entrada em vigor da Lei Kandir, em 1996. No campo da sa\u00fade, as perdas s\u00e3o incalcul\u00e1veis. A defasagem acumulada pela tabela do Sistema \u00danico de Sa\u00fade (SUS), que serve de base para o reembolso de despesas de hospitais p\u00fablicos e privados, atinge a maioria dos procedimentos. A conta mais pesada sobra para os Estados e munic\u00edpios, encarregados de administrar a quase totalidade das unidades de sa\u00fade.<\/p>\n<p>Por fim, a Uni\u00e3o come\u00e7ou a criar pisos salariais nacionais por categoria profissional, como o dos professores, sem apontar de onde viriam recursos necess\u00e1rios para custear as benesses. \u201cO Brasil tem de decidir se realmente \u00e9 uma Federa\u00e7\u00e3o ou se apenas exerce de forma descentralizada as pol\u00edticas p\u00fablicas decididas no Congresso\u201d, diz o economista Paulo Guedes, presidente do conselho de administra\u00e7\u00e3o da Bozano Investimentos.<\/p>\n<p>Diante desse quadro, n\u00e3o \u00e9 de estranhar que a ideia de transferir mais recursos para os governos locais, em especial para os munic\u00edpios, onde os cidad\u00e3os moram e a vida acontece, tenha se tornado quase uma unanimidade nacional. At\u00e9 o presidente Michel Temer j\u00e1 se mostrou favor\u00e1vel ao encaminhamento da quest\u00e3o no Congresso. Mas, devido \u00e0s profundas implica\u00e7\u00f5es da medida, a negocia\u00e7\u00e3o de um novo pacto federativo acaba travando apesar de receber o apoio verbal dos parlamentares. Nenhum pol\u00edtico quer dar o seu aval a uma proposta que possa reduzir o volume de recursos dispon\u00edvel para a sua regi\u00e3o de origem. Ainda mais no atual momento, de crise fiscal generalizada.<\/p>\n<p>Em 2015, ainda no governo Dilma, o Congresso at\u00e9 tentou levar o assunto adiante, mas, em meio ao processo de impeachment e \u00e0 troca de governo, ele acabou ficando para tr\u00e1s. Agora, a discuss\u00e3o est\u00e1 centrada na opera\u00e7\u00e3o-hospital que Temer montou para socorrer os Estados em situa\u00e7\u00e3o terminal e evitar que outros sigam a mesma trajet\u00f3ria. N\u00e3o h\u00e1 nada realmente ambicioso relacionado \u00e0 Federa\u00e7\u00e3o em pauta no momento. \u201cIsso \u00e9 muito dif\u00edcil. O Jos\u00e9 Serra, ministro de Rela\u00e7\u00f5es Exteriores e senador licenciado, que foi o relator do cap\u00edtulo tribut\u00e1rio na Constituinte, me contou que foi a coisa mais dif\u00edcil que ele j\u00e1 fez na vida\u201d, afirma o diplomata Rubens Ricupero, ex-ministro da Fazenda e do Meio Ambiente. \u201cAs tens\u00f5es s\u00e3o muito grandes, a possibilidade de avan\u00e7ar \u00e9 pequena.\u201d<\/p>\n<p>Talvez, por isso, faltem propostas concretas para viabilizar o pacto. \u201cEu ainda n\u00e3o vi ningu\u00e9m dizendo qual \u00e9 o pacto federativo que se quer\u201d, diz o ex-ministro Nelson Jobim. \u201cO pacto federativo que, ao fim, est\u00e1 posto \u00e9 o aumento de receita para Estados e munic\u00edpios\u201d. O problema \u00e9 que, no momento, com a crise fiscal, n\u00e3o h\u00e1 perspectiva de a Uni\u00e3o abrir m\u00e3o de receitas. \u201cA Uni\u00e3o est\u00e1 quebrada e n\u00e3o tem condi\u00e7\u00e3o de transferir mais recursos para Estados e munic\u00edpios sem aumentar a carga tribut\u00e1ria\u201d, diz o economista Bernard Appy, ex-secret\u00e1rio de Pol\u00edtica Econ\u00f4mica do Minist\u00e9rio da Fazenda e diretor do Centro de Cidadania Fiscal (CCiF).<\/p>\n<p>O economista Jos\u00e9 Roberto Afonso, pesquisador do Ibre, ligado \u00e0 Funda\u00e7\u00e3o Get\u00falio Vargas do Rio de Janeiro, afirma que, hoje, \u00e9 mais dif\u00edcil aumentar a fatia dos Estados no bolo tribut\u00e1rio do que a dos munic\u00edpios. Os Estados, segundo Afonso, est\u00e3o politicamente fracos e desunidos e economicamente fragilizados. O Imposto sobre Circula\u00e7\u00e3o de Mercadorias e Servi\u00e7os (ICMS), que representa a maior parte das receitas estaduais, est\u00e1 se tornando um tributo obsoleto, com a desindustrializa\u00e7\u00e3o e a \u201cguerra fiscal\u201d, centrada na redu\u00e7\u00e3o tribut\u00e1ria para atra\u00e7\u00e3o de novos investimentos. Os munic\u00edpios, ao contr\u00e1rio, est\u00e3o organizados e mais fortes politicamente e com um enorme potencial para aumentar a cobran\u00e7a de tributos pr\u00f3prios (servi\u00e7os, im\u00f3veis, coleta de lixo, ilumina\u00e7\u00e3o p\u00fablica, espa\u00e7o para constru\u00e7\u00e3o). A Uni\u00e3o passou a fazer uma liga\u00e7\u00e3o direta com as cidades, criando uma realidade institucional que dificilmente ser\u00e1 revertida.<\/p>\n<p>Apesar de enfraquecidos, os Estados devem ser beneficiados com uma maior divis\u00e3o das responsabilidades com a Uni\u00e3o e os munic\u00edpios no campo de seguran\u00e7a p\u00fablica. Hoje, os Estados contribuem com nada menos que 82,4% das despesas na \u00e1rea. \u201cA concentra\u00e7\u00e3o da seguran\u00e7a p\u00fablica nos Estados n\u00e3o funcionou. Tanto n\u00e3o funcionou que se est\u00e1 usando perigosamente as For\u00e7as Armadas para suprir as car\u00eancias existentes, o que n\u00e3o \u00e9 bom, e criou-se essa For\u00e7a Nacional, que \u00e9 um neg\u00f3cio meio torto\u201d, afirma Jobim. \u201cComo faz, ent\u00e3o? Deixa a seguran\u00e7a s\u00f3 com os Estados ou amplia-se a participa\u00e7\u00e3o da Uni\u00e3o e dos munic\u00edpios em termos de recursos? \u00c9 uma quest\u00e3o que temos de analisar.\u201d Para que a Uni\u00e3o, os Estados e os munic\u00edpios n\u00e3o fiquem batendo cabe\u00e7a, como na \u00e1rea de educa\u00e7\u00e3o, talvez seja conveniente acertar desde logo quem vai fazer o qu\u00ea.<\/p>\n","protected":false},"excerpt":{"rendered":"<p>Luis Fucs No atual cen\u00e1rio de crise no setor p\u00fablico, poucas cenas revelam tanto do Brasil atual quanto a romaria di\u00e1ria de governadores e prefeitos a Bras\u00edlia. Sem recursos para pagar suas contas ou prestes a entrar na UTI, eles buscam apoio do governo federal para tentar evitar um desastre de propor\u00e7\u00f5es incontrol\u00e1veis. Embora tamb\u00e9m [&hellip;]<\/p>\n","protected":false},"author":2,"featured_media":126070,"comment_status":"open","ping_status":"closed","sticky":false,"template":"","format":"standard","meta":{"_acf_changed":false,"footnotes":""},"categories":[25],"tags":[],"class_list":["post-126065","post","type-post","status-publish","format-standard","has-post-thumbnail","hentry","category-opina-ai"],"acf":[],"yoast_head":"<!-- This site is optimized with the Yoast SEO plugin v27.5 - https:\/\/yoast.com\/product\/yoast-seo-wordpress\/ -->\n<title>Esperar o bolo crescer acaba com estados munic\u00edpios - Notibras<\/title>\n<meta name=\"robots\" content=\"index, follow, max-snippet:-1, max-image-preview:large, max-video-preview:-1\" \/>\n<link rel=\"canonical\" href=\"https:\/\/www.notibras.com\/site\/esperar-o-bolo-crescer-acaba-com-estados-municipios\/\" \/>\n<meta property=\"og:locale\" content=\"pt_BR\" \/>\n<meta property=\"og:type\" content=\"article\" \/>\n<meta property=\"og:title\" content=\"Esperar o bolo crescer acaba com estados munic\u00edpios - Notibras\" \/>\n<meta property=\"og:description\" content=\"Luis Fucs No atual cen\u00e1rio de crise no setor p\u00fablico, poucas cenas revelam tanto do Brasil atual quanto a romaria di\u00e1ria de governadores e prefeitos a Bras\u00edlia. Sem recursos para pagar suas contas ou prestes a entrar na UTI, eles buscam apoio do governo federal para tentar evitar um desastre de propor\u00e7\u00f5es incontrol\u00e1veis. Embora tamb\u00e9m [&hellip;]\" \/>\n<meta property=\"og:url\" content=\"https:\/\/www.notibras.com\/site\/esperar-o-bolo-crescer-acaba-com-estados-municipios\/\" \/>\n<meta property=\"og:site_name\" content=\"Notibras\" \/>\n<meta property=\"article:publisher\" content=\"https:\/\/www.facebook.com\/notibras\/\" \/>\n<meta property=\"article:published_time\" content=\"2017-01-16T07:08:50+00:00\" \/>\n<meta property=\"article:modified_time\" content=\"2017-01-16T07:48:35+00:00\" \/>\n<meta property=\"og:image\" content=\"https:\/\/www.notibras.com\/site\/wp-content\/uploads\/2017\/01\/bolo2.jpg\" \/>\n\t<meta property=\"og:image:width\" content=\"2592\" \/>\n\t<meta property=\"og:image:height\" content=\"1728\" \/>\n\t<meta property=\"og:image:type\" content=\"image\/jpeg\" \/>\n<meta name=\"author\" content=\"Reda\u00e7\u00e3o\" \/>\n<meta name=\"twitter:card\" content=\"summary_large_image\" \/>\n<meta name=\"twitter:creator\" content=\"@Notibras\" \/>\n<meta name=\"twitter:site\" content=\"@Notibras\" \/>\n<meta name=\"twitter:label1\" content=\"Escrito por\" \/>\n\t<meta name=\"twitter:data1\" content=\"Reda\u00e7\u00e3o\" \/>\n\t<meta name=\"twitter:label2\" content=\"Est. tempo de leitura\" \/>\n\t<meta name=\"twitter:data2\" content=\"8 minutos\" \/>\n<script type=\"application\/ld+json\" class=\"yoast-schema-graph\">{\"@context\":\"https:\\\/\\\/schema.org\",\"@graph\":[{\"@type\":\"Article\",\"@id\":\"https:\\\/\\\/www.notibras.com\\\/site\\\/esperar-o-bolo-crescer-acaba-com-estados-municipios\\\/#article\",\"isPartOf\":{\"@id\":\"https:\\\/\\\/www.notibras.com\\\/site\\\/esperar-o-bolo-crescer-acaba-com-estados-municipios\\\/\"},\"author\":{\"name\":\"Reda\u00e7\u00e3o\",\"@id\":\"https:\\\/\\\/www.notibras.com\\\/site\\\/#\\\/schema\\\/person\\\/36ab0979449956132d3e5b517ea76ac8\"},\"headline\":\"Esperar o bolo crescer acaba com estados munic\u00edpios\",\"datePublished\":\"2017-01-16T07:08:50+00:00\",\"dateModified\":\"2017-01-16T07:48:35+00:00\",\"mainEntityOfPage\":{\"@id\":\"https:\\\/\\\/www.notibras.com\\\/site\\\/esperar-o-bolo-crescer-acaba-com-estados-municipios\\\/\"},\"wordCount\":1706,\"commentCount\":0,\"publisher\":{\"@id\":\"https:\\\/\\\/www.notibras.com\\\/site\\\/#organization\"},\"image\":{\"@id\":\"https:\\\/\\\/www.notibras.com\\\/site\\\/esperar-o-bolo-crescer-acaba-com-estados-municipios\\\/#primaryimage\"},\"thumbnailUrl\":\"https:\\\/\\\/www.notibras.com\\\/site\\\/wp-content\\\/uploads\\\/2017\\\/01\\\/bolo2.jpg\",\"articleSection\":[\"Opina a\u00ed\"],\"inLanguage\":\"pt-BR\",\"potentialAction\":[{\"@type\":\"CommentAction\",\"name\":\"Comment\",\"target\":[\"https:\\\/\\\/www.notibras.com\\\/site\\\/esperar-o-bolo-crescer-acaba-com-estados-municipios\\\/#respond\"]}]},{\"@type\":\"WebPage\",\"@id\":\"https:\\\/\\\/www.notibras.com\\\/site\\\/esperar-o-bolo-crescer-acaba-com-estados-municipios\\\/\",\"url\":\"https:\\\/\\\/www.notibras.com\\\/site\\\/esperar-o-bolo-crescer-acaba-com-estados-municipios\\\/\",\"name\":\"Esperar o bolo crescer acaba com estados munic\u00edpios - Notibras\",\"isPartOf\":{\"@id\":\"https:\\\/\\\/www.notibras.com\\\/site\\\/#website\"},\"primaryImageOfPage\":{\"@id\":\"https:\\\/\\\/www.notibras.com\\\/site\\\/esperar-o-bolo-crescer-acaba-com-estados-municipios\\\/#primaryimage\"},\"image\":{\"@id\":\"https:\\\/\\\/www.notibras.com\\\/site\\\/esperar-o-bolo-crescer-acaba-com-estados-municipios\\\/#primaryimage\"},\"thumbnailUrl\":\"https:\\\/\\\/www.notibras.com\\\/site\\\/wp-content\\\/uploads\\\/2017\\\/01\\\/bolo2.jpg\",\"datePublished\":\"2017-01-16T07:08:50+00:00\",\"dateModified\":\"2017-01-16T07:48:35+00:00\",\"breadcrumb\":{\"@id\":\"https:\\\/\\\/www.notibras.com\\\/site\\\/esperar-o-bolo-crescer-acaba-com-estados-municipios\\\/#breadcrumb\"},\"inLanguage\":\"pt-BR\",\"potentialAction\":[{\"@type\":\"ReadAction\",\"target\":[\"https:\\\/\\\/www.notibras.com\\\/site\\\/esperar-o-bolo-crescer-acaba-com-estados-municipios\\\/\"]}]},{\"@type\":\"ImageObject\",\"inLanguage\":\"pt-BR\",\"@id\":\"https:\\\/\\\/www.notibras.com\\\/site\\\/esperar-o-bolo-crescer-acaba-com-estados-municipios\\\/#primaryimage\",\"url\":\"https:\\\/\\\/www.notibras.com\\\/site\\\/wp-content\\\/uploads\\\/2017\\\/01\\\/bolo2.jpg\",\"contentUrl\":\"https:\\\/\\\/www.notibras.com\\\/site\\\/wp-content\\\/uploads\\\/2017\\\/01\\\/bolo2.jpg\",\"width\":2592,\"height\":1728},{\"@type\":\"BreadcrumbList\",\"@id\":\"https:\\\/\\\/www.notibras.com\\\/site\\\/esperar-o-bolo-crescer-acaba-com-estados-municipios\\\/#breadcrumb\",\"itemListElement\":[{\"@type\":\"ListItem\",\"position\":1,\"name\":\"In\u00edcio\",\"item\":\"https:\\\/\\\/www.notibras.com\\\/site\\\/\"},{\"@type\":\"ListItem\",\"position\":2,\"name\":\"Esperar o bolo crescer acaba com estados munic\u00edpios\"}]},{\"@type\":\"WebSite\",\"@id\":\"https:\\\/\\\/www.notibras.com\\\/site\\\/#website\",\"url\":\"https:\\\/\\\/www.notibras.com\\\/site\\\/\",\"name\":\"Notibras\",\"description\":\"Not\u00edcias de Bras\u00edlia, do Brasil e do Mundo\",\"publisher\":{\"@id\":\"https:\\\/\\\/www.notibras.com\\\/site\\\/#organization\"},\"potentialAction\":[{\"@type\":\"SearchAction\",\"target\":{\"@type\":\"EntryPoint\",\"urlTemplate\":\"https:\\\/\\\/www.notibras.com\\\/site\\\/?s={search_term_string}\"},\"query-input\":{\"@type\":\"PropertyValueSpecification\",\"valueRequired\":true,\"valueName\":\"search_term_string\"}}],\"inLanguage\":\"pt-BR\"},{\"@type\":\"Organization\",\"@id\":\"https:\\\/\\\/www.notibras.com\\\/site\\\/#organization\",\"name\":\"Grupo Notibras de Comunica\u00e7\u00e3o\",\"url\":\"https:\\\/\\\/www.notibras.com\\\/site\\\/\",\"logo\":{\"@type\":\"ImageObject\",\"inLanguage\":\"pt-BR\",\"@id\":\"https:\\\/\\\/www.notibras.com\\\/site\\\/#\\\/schema\\\/logo\\\/image\\\/\",\"url\":\"https:\\\/\\\/www.notibras.com\\\/site\\\/wp-content\\\/uploads\\\/2023\\\/01\\\/notibras23.png\",\"contentUrl\":\"https:\\\/\\\/www.notibras.com\\\/site\\\/wp-content\\\/uploads\\\/2023\\\/01\\\/notibras23.png\",\"width\":350,\"height\":87,\"caption\":\"Grupo Notibras de Comunica\u00e7\u00e3o\"},\"image\":{\"@id\":\"https:\\\/\\\/www.notibras.com\\\/site\\\/#\\\/schema\\\/logo\\\/image\\\/\"},\"sameAs\":[\"https:\\\/\\\/www.facebook.com\\\/notibras\\\/\",\"https:\\\/\\\/x.com\\\/Notibras\",\"https:\\\/\\\/www.instagram.com\\\/notibras\\\/\"]},{\"@type\":\"Person\",\"@id\":\"https:\\\/\\\/www.notibras.com\\\/site\\\/#\\\/schema\\\/person\\\/36ab0979449956132d3e5b517ea76ac8\",\"name\":\"Reda\u00e7\u00e3o\",\"image\":{\"@type\":\"ImageObject\",\"inLanguage\":\"pt-BR\",\"@id\":\"https:\\\/\\\/secure.gravatar.com\\\/avatar\\\/e0a867bdedb85fd243eadf09663511f96fc81e0720a4a42581f334ad4303aa6b?s=96&d=mm&r=g\",\"url\":\"https:\\\/\\\/secure.gravatar.com\\\/avatar\\\/e0a867bdedb85fd243eadf09663511f96fc81e0720a4a42581f334ad4303aa6b?s=96&d=mm&r=g\",\"contentUrl\":\"https:\\\/\\\/secure.gravatar.com\\\/avatar\\\/e0a867bdedb85fd243eadf09663511f96fc81e0720a4a42581f334ad4303aa6b?s=96&d=mm&r=g\",\"caption\":\"Reda\u00e7\u00e3o\"}}]}<\/script>\n<!-- \/ Yoast SEO plugin. -->","yoast_head_json":{"title":"Esperar o bolo crescer acaba com estados munic\u00edpios - Notibras","robots":{"index":"index","follow":"follow","max-snippet":"max-snippet:-1","max-image-preview":"max-image-preview:large","max-video-preview":"max-video-preview:-1"},"canonical":"https:\/\/www.notibras.com\/site\/esperar-o-bolo-crescer-acaba-com-estados-municipios\/","og_locale":"pt_BR","og_type":"article","og_title":"Esperar o bolo crescer acaba com estados munic\u00edpios - Notibras","og_description":"Luis Fucs No atual cen\u00e1rio de crise no setor p\u00fablico, poucas cenas revelam tanto do Brasil atual quanto a romaria di\u00e1ria de governadores e prefeitos a Bras\u00edlia. Sem recursos para pagar suas contas ou prestes a entrar na UTI, eles buscam apoio do governo federal para tentar evitar um desastre de propor\u00e7\u00f5es incontrol\u00e1veis. Embora tamb\u00e9m [&hellip;]","og_url":"https:\/\/www.notibras.com\/site\/esperar-o-bolo-crescer-acaba-com-estados-municipios\/","og_site_name":"Notibras","article_publisher":"https:\/\/www.facebook.com\/notibras\/","article_published_time":"2017-01-16T07:08:50+00:00","article_modified_time":"2017-01-16T07:48:35+00:00","og_image":[{"width":2592,"height":1728,"url":"https:\/\/www.notibras.com\/site\/wp-content\/uploads\/2017\/01\/bolo2.jpg","type":"image\/jpeg"}],"author":"Reda\u00e7\u00e3o","twitter_card":"summary_large_image","twitter_creator":"@Notibras","twitter_site":"@Notibras","twitter_misc":{"Escrito por":"Reda\u00e7\u00e3o","Est. tempo de leitura":"8 minutos"},"schema":{"@context":"https:\/\/schema.org","@graph":[{"@type":"Article","@id":"https:\/\/www.notibras.com\/site\/esperar-o-bolo-crescer-acaba-com-estados-municipios\/#article","isPartOf":{"@id":"https:\/\/www.notibras.com\/site\/esperar-o-bolo-crescer-acaba-com-estados-municipios\/"},"author":{"name":"Reda\u00e7\u00e3o","@id":"https:\/\/www.notibras.com\/site\/#\/schema\/person\/36ab0979449956132d3e5b517ea76ac8"},"headline":"Esperar o bolo crescer acaba com estados munic\u00edpios","datePublished":"2017-01-16T07:08:50+00:00","dateModified":"2017-01-16T07:48:35+00:00","mainEntityOfPage":{"@id":"https:\/\/www.notibras.com\/site\/esperar-o-bolo-crescer-acaba-com-estados-municipios\/"},"wordCount":1706,"commentCount":0,"publisher":{"@id":"https:\/\/www.notibras.com\/site\/#organization"},"image":{"@id":"https:\/\/www.notibras.com\/site\/esperar-o-bolo-crescer-acaba-com-estados-municipios\/#primaryimage"},"thumbnailUrl":"https:\/\/www.notibras.com\/site\/wp-content\/uploads\/2017\/01\/bolo2.jpg","articleSection":["Opina a\u00ed"],"inLanguage":"pt-BR","potentialAction":[{"@type":"CommentAction","name":"Comment","target":["https:\/\/www.notibras.com\/site\/esperar-o-bolo-crescer-acaba-com-estados-municipios\/#respond"]}]},{"@type":"WebPage","@id":"https:\/\/www.notibras.com\/site\/esperar-o-bolo-crescer-acaba-com-estados-municipios\/","url":"https:\/\/www.notibras.com\/site\/esperar-o-bolo-crescer-acaba-com-estados-municipios\/","name":"Esperar o bolo crescer acaba com estados munic\u00edpios - Notibras","isPartOf":{"@id":"https:\/\/www.notibras.com\/site\/#website"},"primaryImageOfPage":{"@id":"https:\/\/www.notibras.com\/site\/esperar-o-bolo-crescer-acaba-com-estados-municipios\/#primaryimage"},"image":{"@id":"https:\/\/www.notibras.com\/site\/esperar-o-bolo-crescer-acaba-com-estados-municipios\/#primaryimage"},"thumbnailUrl":"https:\/\/www.notibras.com\/site\/wp-content\/uploads\/2017\/01\/bolo2.jpg","datePublished":"2017-01-16T07:08:50+00:00","dateModified":"2017-01-16T07:48:35+00:00","breadcrumb":{"@id":"https:\/\/www.notibras.com\/site\/esperar-o-bolo-crescer-acaba-com-estados-municipios\/#breadcrumb"},"inLanguage":"pt-BR","potentialAction":[{"@type":"ReadAction","target":["https:\/\/www.notibras.com\/site\/esperar-o-bolo-crescer-acaba-com-estados-municipios\/"]}]},{"@type":"ImageObject","inLanguage":"pt-BR","@id":"https:\/\/www.notibras.com\/site\/esperar-o-bolo-crescer-acaba-com-estados-municipios\/#primaryimage","url":"https:\/\/www.notibras.com\/site\/wp-content\/uploads\/2017\/01\/bolo2.jpg","contentUrl":"https:\/\/www.notibras.com\/site\/wp-content\/uploads\/2017\/01\/bolo2.jpg","width":2592,"height":1728},{"@type":"BreadcrumbList","@id":"https:\/\/www.notibras.com\/site\/esperar-o-bolo-crescer-acaba-com-estados-municipios\/#breadcrumb","itemListElement":[{"@type":"ListItem","position":1,"name":"In\u00edcio","item":"https:\/\/www.notibras.com\/site\/"},{"@type":"ListItem","position":2,"name":"Esperar o bolo crescer acaba com estados munic\u00edpios"}]},{"@type":"WebSite","@id":"https:\/\/www.notibras.com\/site\/#website","url":"https:\/\/www.notibras.com\/site\/","name":"Notibras","description":"Not\u00edcias de Bras\u00edlia, do Brasil e do Mundo","publisher":{"@id":"https:\/\/www.notibras.com\/site\/#organization"},"potentialAction":[{"@type":"SearchAction","target":{"@type":"EntryPoint","urlTemplate":"https:\/\/www.notibras.com\/site\/?s={search_term_string}"},"query-input":{"@type":"PropertyValueSpecification","valueRequired":true,"valueName":"search_term_string"}}],"inLanguage":"pt-BR"},{"@type":"Organization","@id":"https:\/\/www.notibras.com\/site\/#organization","name":"Grupo Notibras de Comunica\u00e7\u00e3o","url":"https:\/\/www.notibras.com\/site\/","logo":{"@type":"ImageObject","inLanguage":"pt-BR","@id":"https:\/\/www.notibras.com\/site\/#\/schema\/logo\/image\/","url":"https:\/\/www.notibras.com\/site\/wp-content\/uploads\/2023\/01\/notibras23.png","contentUrl":"https:\/\/www.notibras.com\/site\/wp-content\/uploads\/2023\/01\/notibras23.png","width":350,"height":87,"caption":"Grupo Notibras de Comunica\u00e7\u00e3o"},"image":{"@id":"https:\/\/www.notibras.com\/site\/#\/schema\/logo\/image\/"},"sameAs":["https:\/\/www.facebook.com\/notibras\/","https:\/\/x.com\/Notibras","https:\/\/www.instagram.com\/notibras\/"]},{"@type":"Person","@id":"https:\/\/www.notibras.com\/site\/#\/schema\/person\/36ab0979449956132d3e5b517ea76ac8","name":"Reda\u00e7\u00e3o","image":{"@type":"ImageObject","inLanguage":"pt-BR","@id":"https:\/\/secure.gravatar.com\/avatar\/e0a867bdedb85fd243eadf09663511f96fc81e0720a4a42581f334ad4303aa6b?s=96&d=mm&r=g","url":"https:\/\/secure.gravatar.com\/avatar\/e0a867bdedb85fd243eadf09663511f96fc81e0720a4a42581f334ad4303aa6b?s=96&d=mm&r=g","contentUrl":"https:\/\/secure.gravatar.com\/avatar\/e0a867bdedb85fd243eadf09663511f96fc81e0720a4a42581f334ad4303aa6b?s=96&d=mm&r=g","caption":"Reda\u00e7\u00e3o"}}]}},"amp_enabled":true,"_links":{"self":[{"href":"https:\/\/www.notibras.com\/site\/wp-json\/wp\/v2\/posts\/126065","targetHints":{"allow":["GET"]}}],"collection":[{"href":"https:\/\/www.notibras.com\/site\/wp-json\/wp\/v2\/posts"}],"about":[{"href":"https:\/\/www.notibras.com\/site\/wp-json\/wp\/v2\/types\/post"}],"author":[{"embeddable":true,"href":"https:\/\/www.notibras.com\/site\/wp-json\/wp\/v2\/users\/2"}],"replies":[{"embeddable":true,"href":"https:\/\/www.notibras.com\/site\/wp-json\/wp\/v2\/comments?post=126065"}],"version-history":[{"count":1,"href":"https:\/\/www.notibras.com\/site\/wp-json\/wp\/v2\/posts\/126065\/revisions"}],"predecessor-version":[{"id":126066,"href":"https:\/\/www.notibras.com\/site\/wp-json\/wp\/v2\/posts\/126065\/revisions\/126066"}],"wp:featuredmedia":[{"embeddable":true,"href":"https:\/\/www.notibras.com\/site\/wp-json\/wp\/v2\/media\/126070"}],"wp:attachment":[{"href":"https:\/\/www.notibras.com\/site\/wp-json\/wp\/v2\/media?parent=126065"}],"wp:term":[{"taxonomy":"category","embeddable":true,"href":"https:\/\/www.notibras.com\/site\/wp-json\/wp\/v2\/categories?post=126065"},{"taxonomy":"post_tag","embeddable":true,"href":"https:\/\/www.notibras.com\/site\/wp-json\/wp\/v2\/tags?post=126065"}],"curies":[{"name":"wp","href":"https:\/\/api.w.org\/{rel}","templated":true}]}}