{"id":126355,"date":"2017-01-20T07:48:36","date_gmt":"2017-01-20T09:48:36","guid":{"rendered":"http:\/\/www.notibras.com\/site\/?p=126355"},"modified":"2017-01-20T09:52:03","modified_gmt":"2017-01-20T11:52:03","slug":"oito-meses-com-temer-mostram-que-o-brasil-piorou","status":"publish","type":"post","link":"https:\/\/www.notibras.com\/site\/oito-meses-com-temer-mostram-que-o-brasil-piorou\/","title":{"rendered":"Oito meses com Temer mostram que o Brasil piorou"},"content":{"rendered":"<p><strong>Roberto Amaral<\/strong><\/p>\n<p>A deposi\u00e7\u00e3o da presidente Dilma Rousseff foi a panaceia receitada em prosa e verso para todas as nossas mazelas. Consumado o golpe parlamentar, empossados o presidente e seus \u00e1ulicos (Juc\u00e1, Geddel, Padilha, Moreira et caterva), ao inv\u00e9s do c\u00e9u na terra, a realidade dos primeiros oito meses do mandarinato de Michel Temer aponta para um rotundo fracasso, representado pelo agravamento da crise brasileira sob todos os \u00e2ngulos segundo os quais a examinemos.<\/p>\n<p>A come\u00e7ar pelo ponto de vista \u00e9tico (o presidente \u00e9 acusado na Opera\u00e7\u00e3o Lava Jato como receptador de propina) e do ponto de vista pol\u00edtico, em face de sua irrecuper\u00e1vel ilegitimidade, legal, pol\u00edtica e popular. Dominante \u00e9 o agravamento da depress\u00e3o econ\u00f4mica, para a qual tanto tem contribu\u00eddo o monetarismo arcaico de Meirelles e sua trupe, ainda festejado pela imprensa brasileira, jornal\u00f5es e revistonas \u00e0 frente.<\/p>\n<p>O desemprego \u00e9 apenas um de seus muitos e nocivos frutos. Trata-se de uma trag\u00e9dia social levada a cabo pela retra\u00e7\u00e3o promovida conscientemente pelo governo, e que se abate mais fortemente sobre a ind\u00fastria. Trata-se, pois, de uma politica tecnicamente errada, e moralmente inaceit\u00e1vel.<\/p>\n<p>Nos \u00faltimos 12 meses o Pa\u00eds perdeu 2 milh\u00f5es de vagas (pouco mais de um milh\u00e3o na ind\u00fastria) e tem hoje uma multid\u00e3o de 13 milh\u00f5es de pessoas sem trabalho, sem esperan\u00e7a de retorno ao mercado, ex\u00e9rcito de reserva que s\u00f3 tende a crescer.<\/p>\n<p>Depois dos -8,3% de 2015, conclu\u00edmos 2016 (novembro) com uma retra\u00e7\u00e3o do setor industrial em torno de -7,1% quando o Boletim Focus (leia-se Banco Central) estimava uma retra\u00e7\u00e3o de apenas -3,5%, justamente a metade. Esses -7,1% somados aos -8,3% da retra\u00e7\u00e3o de 2015 somam uma retra\u00e7\u00e3o da ordem de -15% em dois anos! Por que prosseguir com essa pol\u00edtica, inepta e desumana?<\/p>\n<p>A crise fiscal caminha pari passu com a demoli\u00e7\u00e3o das economias estaduais, abalando os alicerces sempre fr\u00e1geis de nossa federa\u00e7\u00e3o de fancaria. O que a Uni\u00e3o anuncia como condi\u00e7\u00e3o para socorrer os tesouros estaduais falidos? Redu\u00e7\u00e3o da folha salarial do funcionalismo, maiores contribui\u00e7\u00f5es para as previd\u00eancias estaduais, per\u00edodos mais longos de contribui\u00e7\u00e3o, venda dos ativos, ou seja, mais depress\u00e3o, mais desemprego, mais instabilidade social, mais crise pol\u00edtica.<\/p>\n<p>No Rio de Janeiro a joia da coroa a ser vendida na bacia das almas \u00e9 sua companhia de saneamento, e o ministro Barroso, do STF, j\u00e1 pleiteia a privatiza\u00e7\u00e3o das universidades estaduais fluminenses. (Foi-se o tempo em que os ministros, que ali\u00e1s se faziam respeitar, s\u00f3 falavam nos autos; agora s\u00e3o eles quase todos boquirrotos, falando sempre quando deviam estar calados e silenciando quando deviam estar despachando os processos que dormem em seus gabinetes).<\/p>\n<p>E por \u00f3bvio, nos estados e no plano federal, nada de investimentos, isto \u00e9, nada de cria\u00e7\u00e3o de novas oportunidades de produ\u00e7\u00e3o econ\u00f4mica e gera\u00e7\u00e3o de empregos. Ao contr\u00e1rio, o congelamento dos investimentos nos setores b\u00e1sicos da vida nacional \u2013 saneamento, sa\u00fade, educa\u00e7\u00e3o, ci\u00eancia e tecnologia \u2014 por 20 anos!, com o que o governo ileg\u00edtimo de hoje se projeta sobre os governos futuros.<\/p>\n<p>No plano internacional n\u00e3o h\u00e1 luz no fim do t\u00fanel, a cada dia mais comprido. N\u00e3o s\u00e3o bons os ventos que sopram da Uni\u00e3o Europeia, e muitos menos dos EUA. A xenofobia e o nacionalismo isolacionista presidem as pol\u00edticas econ\u00f4micas das principais pot\u00eancias.<\/p>\n<p>Na Alemanha, a direita protofascista assusta a socialdemocracia de Merkel, e Marine Le Pen pode ser a pr\u00f3xima presidente da Fran\u00e7a. A Inglaterra, depois do \u2018Brexit\u2019 (tiro no f\u00edgado da Uni\u00e3o Europeia), parece ainda sem rumo e muitos analistas j\u00e1 anteveem a desestrutura\u00e7\u00e3o do Reino Unido. A independ\u00eancia da Esc\u00f3cia, por exemplo, \u00e9 apenas uma quest\u00e3o de tempo.<\/p>\n<p>As grandes pot\u00eancias e o complexo militar-industrial, sempre faminto, continuar\u00e3o a promover guerras no Oriente M\u00e9dio e a produzir refugiados rejeitados, alimentando o terrorismo de que s\u00e3o causa e alvo.<\/p>\n<p>A expectativa de mais protecionismo que caminha por toda a Europa \u00e9 a promessa do governo Trump, que ningu\u00e9m sabe direito o que ser\u00e1, mas sabe-se que ser\u00e1 um governo protecionista, isolacionista e uma de suas primeiras medidas, das muitas j\u00e1 anunciadas, \u00e9 o aumento da tributa\u00e7\u00e3o dos produtos importados, o que muito nos afetar\u00e1, como j\u00e1 est\u00e1 afetando a nova pol\u00edtica de juros do FED (Banco Central dos EUA), que deve afastar de nossas fronteiras os d\u00f3lares com os quais os Meireles da vida contavam para reanimar a economia brasileira.<\/p>\n<p>Seja qual for a nova pol\u00edtica chinesa, em face dos EUA e em face do mundo, jamais voltar\u00e3o suas importa\u00e7\u00f5es aos volumes de cinco anos passados, e em nossos calcanhares a Argentina de Macri enfrenta crise similar \u00e0 brasileira, tanto do ponto de vista pol\u00edtico, quanto do ponto de vista econ\u00f4mico.<\/p>\n<p>Nesse cen\u00e1rio de incerteza e desassossego certo, o governo investe na desnacionaliza\u00e7\u00e3o da economia e na venda de ativos indispens\u00e1veis a qualquer pol\u00edtica comprometida com a retomada do desenvolvimento, desenvolvimento que causa urtic\u00e1ria nos operadores do Banco Central. S\u00f3 a Petrobras j\u00e1 se desfez, at\u00e9 aqui, na administra\u00e7\u00e3o Pedro Parente, de ativos essenciais no montante de algo como dez bilh\u00f5es de d\u00f3lares, jogando fora n\u00e3o s\u00f3 recursos e instrumentos de interven\u00e7\u00e3o positiva na economia, mas a tecnologia constru\u00edda ao longo de d\u00e9cadas de trabalho e investimento.<\/p>\n<p>Com a destrui\u00e7\u00e3o paralela das grandes empresas nacionais de engenharia, abre-se o sempre desejado espa\u00e7o para as empresas estrangeiras. A grande e \u00fanica alternativa brasileira, que \u00e9 seu desenvolvimento econ\u00f4mico a partir do desenvolvimento interno com a cria\u00e7\u00e3o de um grande mercado consumidor, para o que \u00e9 fundamental a recupera\u00e7\u00e3o e fortalecimento da ind\u00fastria nacional, continua sendo rejeitada por um neoliberalismo anacr\u00f4nico, incompetente, perverso e antinacional, preso ideologicamente \u00e0 op\u00e7\u00e3o agr\u00e1rio-exportadora que jamais far\u00e1 deste pa\u00eds uma na\u00e7\u00e3o rica, solid\u00e1ria e soberana.<\/p>\n<p>O que esperar de 2017?<\/p>\n<p>As estimativas para o crescimento da economia variam entre 0,3% e 0,7%, numa hip\u00f3tese e em outra muito abaixo dos 2,5% de 2013, \u00faltimo ano antes da recess\u00e3o, cujo corol\u00e1rio, o desemprego, tamb\u00e9m ser\u00e1 em 2017 maior que o de 2016, superando 12%. A ociosidade da ind\u00fastria \u00e9 a maior desde 2001. Nada sugere a recupera\u00e7\u00e3o das vendas de varejo, deprimidas pelo desemprego, pelo cr\u00e9dito restrito e pela redu\u00e7\u00e3o dos investimentos governamentais. Menos vendas no varejo, maior ociosidade industrial; menos neg\u00f3cios, mais im\u00f3veis encalhados (as vendas de im\u00f3veis novos ca\u00edram 8,8% em 2016 em compara\u00e7\u00e3o com 2015) quer dizer constru\u00e7\u00e3o civil no ponto morto, donde menos encomendas \u00e0 ind\u00fastria e menos absor\u00e7\u00e3o de m\u00e3o de obra.<\/p>\n<p>Onde apoiar qualquer expectativa de recupera\u00e7\u00e3o econ\u00f4mica? Os resultados dos contingenciamentos or\u00e7ament\u00e1rios, em todos os n\u00edveis, ser\u00e3o atrozes e o descontrole ser\u00e1 ainda maior com a incapacidade dos governos estaduais e municipais de manter os servi\u00e7os p\u00fablicos. Diante da crise econ\u00f4mica, que gera a crise politica, um presidente sem audi\u00eancia nacional, um Congresso sem legitimidade e um Poder Judici\u00e1rio que a cada dia mais se apequena diante da opini\u00e3o p\u00fablica.<\/p>\n<p>A possibilidade de convuls\u00e3o social n\u00e3o \u00e9 alarmismo catastrofista.<\/p>\n<p>As crises econ\u00f4micas e pol\u00edticas n\u00e3o s\u00e3o aut\u00f4nomas. Vasos comunicantes se auto alimentam e quase sempre constroem os impasses institucionais. A perspectiva brasileira \u00e9 de aprofundamento da crise das institui\u00e7\u00f5es, com graves riscos para o processo democr\u00e1tico que n\u00e3o se compadece com governos ileg\u00edtimos.<\/p>\n<p>A expectativa \u00e9 que o STF homologue at\u00e9 mar\u00e7o as dela\u00e7\u00f5es dos donos e dos executivos da Odebrecht e novas dela\u00e7\u00f5es de outras empreiteiras devem ser anunciadas prometendo uma hecatombe pol\u00edtica de graves propor\u00e7\u00f5es. O ainda presidente Temer, j\u00e1 alvo de dela\u00e7\u00f5es, ter\u00e1 ainda no primeiro semestre de 2017 seu mandato (com as contas de Dilma Rousseff) julgado pelo TSE. A perda de seu mandato n\u00e3o \u00e9 uma hip\u00f3tese descart\u00e1vel.<\/p>\n<p>N\u00e3o h\u00e1 perspectiva de supera\u00e7\u00e3o da crise com o atual Congresso, o que reclama por elei\u00e7\u00f5es diretas, o \u00fanico instrumento de legitima\u00e7\u00e3o do poder conhecido pela democracia representativa. As esquerdas, lanhadas, s\u00e3o chamadas a operar ativamente, e seu primeiro dever \u00e9 a releitura do papel desempenhado at\u00e9 aqui, revisando m\u00e9todos e reescrevendo paradigmas, revendo teses e reconstruindo projetos.<\/p>\n","protected":false},"excerpt":{"rendered":"<p>Roberto Amaral A deposi\u00e7\u00e3o da presidente Dilma Rousseff foi a panaceia receitada em prosa e verso para todas as nossas mazelas. Consumado o golpe parlamentar, empossados o presidente e seus \u00e1ulicos (Juc\u00e1, Geddel, Padilha, Moreira et caterva), ao inv\u00e9s do c\u00e9u na terra, a realidade dos primeiros oito meses do mandarinato de Michel Temer aponta [&hellip;]<\/p>\n","protected":false},"author":2,"featured_media":126356,"comment_status":"open","ping_status":"closed","sticky":false,"template":"","format":"standard","meta":{"_acf_changed":false,"footnotes":""},"categories":[25],"tags":[],"class_list":["post-126355","post","type-post","status-publish","format-standard","has-post-thumbnail","hentry","category-opina-ai"],"acf":[],"yoast_head":"<!-- This site is optimized with the Yoast SEO plugin v27.5 - https:\/\/yoast.com\/product\/yoast-seo-wordpress\/ -->\n<title>Oito meses com Temer mostram que o Brasil piorou - Notibras<\/title>\n<meta name=\"robots\" content=\"index, follow, max-snippet:-1, max-image-preview:large, max-video-preview:-1\" \/>\n<link rel=\"canonical\" href=\"https:\/\/www.notibras.com\/site\/oito-meses-com-temer-mostram-que-o-brasil-piorou\/\" \/>\n<meta property=\"og:locale\" content=\"pt_BR\" \/>\n<meta property=\"og:type\" content=\"article\" \/>\n<meta property=\"og:title\" content=\"Oito meses com Temer mostram que o Brasil piorou - Notibras\" \/>\n<meta property=\"og:description\" content=\"Roberto Amaral A deposi\u00e7\u00e3o da presidente Dilma Rousseff foi a panaceia receitada em prosa e verso para todas as nossas mazelas. Consumado o golpe parlamentar, empossados o presidente e seus \u00e1ulicos (Juc\u00e1, Geddel, Padilha, Moreira et caterva), ao inv\u00e9s do c\u00e9u na terra, a realidade dos primeiros oito meses do mandarinato de Michel Temer aponta [&hellip;]\" \/>\n<meta property=\"og:url\" content=\"https:\/\/www.notibras.com\/site\/oito-meses-com-temer-mostram-que-o-brasil-piorou\/\" \/>\n<meta property=\"og:site_name\" content=\"Notibras\" \/>\n<meta property=\"article:publisher\" content=\"https:\/\/www.facebook.com\/notibras\/\" \/>\n<meta property=\"article:published_time\" content=\"2017-01-20T09:48:36+00:00\" \/>\n<meta property=\"article:modified_time\" content=\"2017-01-20T11:52:03+00:00\" \/>\n<meta property=\"og:image\" content=\"https:\/\/www.notibras.com\/site\/wp-content\/uploads\/2017\/01\/1473260994_023470_1473266503_noticia_normal-1.jpg\" \/>\n\t<meta property=\"og:image:width\" content=\"980\" \/>\n\t<meta property=\"og:image:height\" content=\"575\" \/>\n\t<meta property=\"og:image:type\" content=\"image\/jpeg\" \/>\n<meta name=\"author\" content=\"Reda\u00e7\u00e3o\" \/>\n<meta name=\"twitter:card\" content=\"summary_large_image\" \/>\n<meta name=\"twitter:creator\" content=\"@Notibras\" \/>\n<meta name=\"twitter:site\" content=\"@Notibras\" \/>\n<meta name=\"twitter:label1\" content=\"Escrito por\" \/>\n\t<meta name=\"twitter:data1\" content=\"Reda\u00e7\u00e3o\" \/>\n\t<meta name=\"twitter:label2\" content=\"Est. tempo de leitura\" \/>\n\t<meta name=\"twitter:data2\" content=\"7 minutos\" \/>\n<script type=\"application\/ld+json\" class=\"yoast-schema-graph\">{\"@context\":\"https:\\\/\\\/schema.org\",\"@graph\":[{\"@type\":\"Article\",\"@id\":\"https:\\\/\\\/www.notibras.com\\\/site\\\/oito-meses-com-temer-mostram-que-o-brasil-piorou\\\/#article\",\"isPartOf\":{\"@id\":\"https:\\\/\\\/www.notibras.com\\\/site\\\/oito-meses-com-temer-mostram-que-o-brasil-piorou\\\/\"},\"author\":{\"name\":\"Reda\u00e7\u00e3o\",\"@id\":\"https:\\\/\\\/www.notibras.com\\\/site\\\/#\\\/schema\\\/person\\\/36ab0979449956132d3e5b517ea76ac8\"},\"headline\":\"Oito meses com Temer mostram que o Brasil piorou\",\"datePublished\":\"2017-01-20T09:48:36+00:00\",\"dateModified\":\"2017-01-20T11:52:03+00:00\",\"mainEntityOfPage\":{\"@id\":\"https:\\\/\\\/www.notibras.com\\\/site\\\/oito-meses-com-temer-mostram-que-o-brasil-piorou\\\/\"},\"wordCount\":1440,\"commentCount\":0,\"publisher\":{\"@id\":\"https:\\\/\\\/www.notibras.com\\\/site\\\/#organization\"},\"image\":{\"@id\":\"https:\\\/\\\/www.notibras.com\\\/site\\\/oito-meses-com-temer-mostram-que-o-brasil-piorou\\\/#primaryimage\"},\"thumbnailUrl\":\"https:\\\/\\\/www.notibras.com\\\/site\\\/wp-content\\\/uploads\\\/2017\\\/01\\\/1473260994_023470_1473266503_noticia_normal-1.jpg\",\"articleSection\":[\"Opina a\u00ed\"],\"inLanguage\":\"pt-BR\",\"potentialAction\":[{\"@type\":\"CommentAction\",\"name\":\"Comment\",\"target\":[\"https:\\\/\\\/www.notibras.com\\\/site\\\/oito-meses-com-temer-mostram-que-o-brasil-piorou\\\/#respond\"]}]},{\"@type\":\"WebPage\",\"@id\":\"https:\\\/\\\/www.notibras.com\\\/site\\\/oito-meses-com-temer-mostram-que-o-brasil-piorou\\\/\",\"url\":\"https:\\\/\\\/www.notibras.com\\\/site\\\/oito-meses-com-temer-mostram-que-o-brasil-piorou\\\/\",\"name\":\"Oito meses com Temer mostram que o Brasil piorou - Notibras\",\"isPartOf\":{\"@id\":\"https:\\\/\\\/www.notibras.com\\\/site\\\/#website\"},\"primaryImageOfPage\":{\"@id\":\"https:\\\/\\\/www.notibras.com\\\/site\\\/oito-meses-com-temer-mostram-que-o-brasil-piorou\\\/#primaryimage\"},\"image\":{\"@id\":\"https:\\\/\\\/www.notibras.com\\\/site\\\/oito-meses-com-temer-mostram-que-o-brasil-piorou\\\/#primaryimage\"},\"thumbnailUrl\":\"https:\\\/\\\/www.notibras.com\\\/site\\\/wp-content\\\/uploads\\\/2017\\\/01\\\/1473260994_023470_1473266503_noticia_normal-1.jpg\",\"datePublished\":\"2017-01-20T09:48:36+00:00\",\"dateModified\":\"2017-01-20T11:52:03+00:00\",\"breadcrumb\":{\"@id\":\"https:\\\/\\\/www.notibras.com\\\/site\\\/oito-meses-com-temer-mostram-que-o-brasil-piorou\\\/#breadcrumb\"},\"inLanguage\":\"pt-BR\",\"potentialAction\":[{\"@type\":\"ReadAction\",\"target\":[\"https:\\\/\\\/www.notibras.com\\\/site\\\/oito-meses-com-temer-mostram-que-o-brasil-piorou\\\/\"]}]},{\"@type\":\"ImageObject\",\"inLanguage\":\"pt-BR\",\"@id\":\"https:\\\/\\\/www.notibras.com\\\/site\\\/oito-meses-com-temer-mostram-que-o-brasil-piorou\\\/#primaryimage\",\"url\":\"https:\\\/\\\/www.notibras.com\\\/site\\\/wp-content\\\/uploads\\\/2017\\\/01\\\/1473260994_023470_1473266503_noticia_normal-1.jpg\",\"contentUrl\":\"https:\\\/\\\/www.notibras.com\\\/site\\\/wp-content\\\/uploads\\\/2017\\\/01\\\/1473260994_023470_1473266503_noticia_normal-1.jpg\",\"width\":980,\"height\":575},{\"@type\":\"BreadcrumbList\",\"@id\":\"https:\\\/\\\/www.notibras.com\\\/site\\\/oito-meses-com-temer-mostram-que-o-brasil-piorou\\\/#breadcrumb\",\"itemListElement\":[{\"@type\":\"ListItem\",\"position\":1,\"name\":\"In\u00edcio\",\"item\":\"https:\\\/\\\/www.notibras.com\\\/site\\\/\"},{\"@type\":\"ListItem\",\"position\":2,\"name\":\"Oito meses com Temer mostram que o Brasil piorou\"}]},{\"@type\":\"WebSite\",\"@id\":\"https:\\\/\\\/www.notibras.com\\\/site\\\/#website\",\"url\":\"https:\\\/\\\/www.notibras.com\\\/site\\\/\",\"name\":\"Notibras\",\"description\":\"Not\u00edcias de Bras\u00edlia, do Brasil e do Mundo\",\"publisher\":{\"@id\":\"https:\\\/\\\/www.notibras.com\\\/site\\\/#organization\"},\"potentialAction\":[{\"@type\":\"SearchAction\",\"target\":{\"@type\":\"EntryPoint\",\"urlTemplate\":\"https:\\\/\\\/www.notibras.com\\\/site\\\/?s={search_term_string}\"},\"query-input\":{\"@type\":\"PropertyValueSpecification\",\"valueRequired\":true,\"valueName\":\"search_term_string\"}}],\"inLanguage\":\"pt-BR\"},{\"@type\":\"Organization\",\"@id\":\"https:\\\/\\\/www.notibras.com\\\/site\\\/#organization\",\"name\":\"Grupo Notibras de Comunica\u00e7\u00e3o\",\"url\":\"https:\\\/\\\/www.notibras.com\\\/site\\\/\",\"logo\":{\"@type\":\"ImageObject\",\"inLanguage\":\"pt-BR\",\"@id\":\"https:\\\/\\\/www.notibras.com\\\/site\\\/#\\\/schema\\\/logo\\\/image\\\/\",\"url\":\"https:\\\/\\\/www.notibras.com\\\/site\\\/wp-content\\\/uploads\\\/2023\\\/01\\\/notibras23.png\",\"contentUrl\":\"https:\\\/\\\/www.notibras.com\\\/site\\\/wp-content\\\/uploads\\\/2023\\\/01\\\/notibras23.png\",\"width\":350,\"height\":87,\"caption\":\"Grupo Notibras de Comunica\u00e7\u00e3o\"},\"image\":{\"@id\":\"https:\\\/\\\/www.notibras.com\\\/site\\\/#\\\/schema\\\/logo\\\/image\\\/\"},\"sameAs\":[\"https:\\\/\\\/www.facebook.com\\\/notibras\\\/\",\"https:\\\/\\\/x.com\\\/Notibras\",\"https:\\\/\\\/www.instagram.com\\\/notibras\\\/\"]},{\"@type\":\"Person\",\"@id\":\"https:\\\/\\\/www.notibras.com\\\/site\\\/#\\\/schema\\\/person\\\/36ab0979449956132d3e5b517ea76ac8\",\"name\":\"Reda\u00e7\u00e3o\",\"image\":{\"@type\":\"ImageObject\",\"inLanguage\":\"pt-BR\",\"@id\":\"https:\\\/\\\/secure.gravatar.com\\\/avatar\\\/e0a867bdedb85fd243eadf09663511f96fc81e0720a4a42581f334ad4303aa6b?s=96&d=mm&r=g\",\"url\":\"https:\\\/\\\/secure.gravatar.com\\\/avatar\\\/e0a867bdedb85fd243eadf09663511f96fc81e0720a4a42581f334ad4303aa6b?s=96&d=mm&r=g\",\"contentUrl\":\"https:\\\/\\\/secure.gravatar.com\\\/avatar\\\/e0a867bdedb85fd243eadf09663511f96fc81e0720a4a42581f334ad4303aa6b?s=96&d=mm&r=g\",\"caption\":\"Reda\u00e7\u00e3o\"}}]}<\/script>\n<!-- \/ Yoast SEO plugin. -->","yoast_head_json":{"title":"Oito meses com Temer mostram que o Brasil piorou - Notibras","robots":{"index":"index","follow":"follow","max-snippet":"max-snippet:-1","max-image-preview":"max-image-preview:large","max-video-preview":"max-video-preview:-1"},"canonical":"https:\/\/www.notibras.com\/site\/oito-meses-com-temer-mostram-que-o-brasil-piorou\/","og_locale":"pt_BR","og_type":"article","og_title":"Oito meses com Temer mostram que o Brasil piorou - Notibras","og_description":"Roberto Amaral A deposi\u00e7\u00e3o da presidente Dilma Rousseff foi a panaceia receitada em prosa e verso para todas as nossas mazelas. Consumado o golpe parlamentar, empossados o presidente e seus \u00e1ulicos (Juc\u00e1, Geddel, Padilha, Moreira et caterva), ao inv\u00e9s do c\u00e9u na terra, a realidade dos primeiros oito meses do mandarinato de Michel Temer aponta [&hellip;]","og_url":"https:\/\/www.notibras.com\/site\/oito-meses-com-temer-mostram-que-o-brasil-piorou\/","og_site_name":"Notibras","article_publisher":"https:\/\/www.facebook.com\/notibras\/","article_published_time":"2017-01-20T09:48:36+00:00","article_modified_time":"2017-01-20T11:52:03+00:00","og_image":[{"width":980,"height":575,"url":"https:\/\/www.notibras.com\/site\/wp-content\/uploads\/2017\/01\/1473260994_023470_1473266503_noticia_normal-1.jpg","type":"image\/jpeg"}],"author":"Reda\u00e7\u00e3o","twitter_card":"summary_large_image","twitter_creator":"@Notibras","twitter_site":"@Notibras","twitter_misc":{"Escrito por":"Reda\u00e7\u00e3o","Est. tempo de leitura":"7 minutos"},"schema":{"@context":"https:\/\/schema.org","@graph":[{"@type":"Article","@id":"https:\/\/www.notibras.com\/site\/oito-meses-com-temer-mostram-que-o-brasil-piorou\/#article","isPartOf":{"@id":"https:\/\/www.notibras.com\/site\/oito-meses-com-temer-mostram-que-o-brasil-piorou\/"},"author":{"name":"Reda\u00e7\u00e3o","@id":"https:\/\/www.notibras.com\/site\/#\/schema\/person\/36ab0979449956132d3e5b517ea76ac8"},"headline":"Oito meses com Temer mostram que o Brasil piorou","datePublished":"2017-01-20T09:48:36+00:00","dateModified":"2017-01-20T11:52:03+00:00","mainEntityOfPage":{"@id":"https:\/\/www.notibras.com\/site\/oito-meses-com-temer-mostram-que-o-brasil-piorou\/"},"wordCount":1440,"commentCount":0,"publisher":{"@id":"https:\/\/www.notibras.com\/site\/#organization"},"image":{"@id":"https:\/\/www.notibras.com\/site\/oito-meses-com-temer-mostram-que-o-brasil-piorou\/#primaryimage"},"thumbnailUrl":"https:\/\/www.notibras.com\/site\/wp-content\/uploads\/2017\/01\/1473260994_023470_1473266503_noticia_normal-1.jpg","articleSection":["Opina a\u00ed"],"inLanguage":"pt-BR","potentialAction":[{"@type":"CommentAction","name":"Comment","target":["https:\/\/www.notibras.com\/site\/oito-meses-com-temer-mostram-que-o-brasil-piorou\/#respond"]}]},{"@type":"WebPage","@id":"https:\/\/www.notibras.com\/site\/oito-meses-com-temer-mostram-que-o-brasil-piorou\/","url":"https:\/\/www.notibras.com\/site\/oito-meses-com-temer-mostram-que-o-brasil-piorou\/","name":"Oito meses com Temer mostram que o Brasil piorou - Notibras","isPartOf":{"@id":"https:\/\/www.notibras.com\/site\/#website"},"primaryImageOfPage":{"@id":"https:\/\/www.notibras.com\/site\/oito-meses-com-temer-mostram-que-o-brasil-piorou\/#primaryimage"},"image":{"@id":"https:\/\/www.notibras.com\/site\/oito-meses-com-temer-mostram-que-o-brasil-piorou\/#primaryimage"},"thumbnailUrl":"https:\/\/www.notibras.com\/site\/wp-content\/uploads\/2017\/01\/1473260994_023470_1473266503_noticia_normal-1.jpg","datePublished":"2017-01-20T09:48:36+00:00","dateModified":"2017-01-20T11:52:03+00:00","breadcrumb":{"@id":"https:\/\/www.notibras.com\/site\/oito-meses-com-temer-mostram-que-o-brasil-piorou\/#breadcrumb"},"inLanguage":"pt-BR","potentialAction":[{"@type":"ReadAction","target":["https:\/\/www.notibras.com\/site\/oito-meses-com-temer-mostram-que-o-brasil-piorou\/"]}]},{"@type":"ImageObject","inLanguage":"pt-BR","@id":"https:\/\/www.notibras.com\/site\/oito-meses-com-temer-mostram-que-o-brasil-piorou\/#primaryimage","url":"https:\/\/www.notibras.com\/site\/wp-content\/uploads\/2017\/01\/1473260994_023470_1473266503_noticia_normal-1.jpg","contentUrl":"https:\/\/www.notibras.com\/site\/wp-content\/uploads\/2017\/01\/1473260994_023470_1473266503_noticia_normal-1.jpg","width":980,"height":575},{"@type":"BreadcrumbList","@id":"https:\/\/www.notibras.com\/site\/oito-meses-com-temer-mostram-que-o-brasil-piorou\/#breadcrumb","itemListElement":[{"@type":"ListItem","position":1,"name":"In\u00edcio","item":"https:\/\/www.notibras.com\/site\/"},{"@type":"ListItem","position":2,"name":"Oito meses com Temer mostram que o Brasil piorou"}]},{"@type":"WebSite","@id":"https:\/\/www.notibras.com\/site\/#website","url":"https:\/\/www.notibras.com\/site\/","name":"Notibras","description":"Not\u00edcias de Bras\u00edlia, do Brasil e do Mundo","publisher":{"@id":"https:\/\/www.notibras.com\/site\/#organization"},"potentialAction":[{"@type":"SearchAction","target":{"@type":"EntryPoint","urlTemplate":"https:\/\/www.notibras.com\/site\/?s={search_term_string}"},"query-input":{"@type":"PropertyValueSpecification","valueRequired":true,"valueName":"search_term_string"}}],"inLanguage":"pt-BR"},{"@type":"Organization","@id":"https:\/\/www.notibras.com\/site\/#organization","name":"Grupo Notibras de Comunica\u00e7\u00e3o","url":"https:\/\/www.notibras.com\/site\/","logo":{"@type":"ImageObject","inLanguage":"pt-BR","@id":"https:\/\/www.notibras.com\/site\/#\/schema\/logo\/image\/","url":"https:\/\/www.notibras.com\/site\/wp-content\/uploads\/2023\/01\/notibras23.png","contentUrl":"https:\/\/www.notibras.com\/site\/wp-content\/uploads\/2023\/01\/notibras23.png","width":350,"height":87,"caption":"Grupo Notibras de Comunica\u00e7\u00e3o"},"image":{"@id":"https:\/\/www.notibras.com\/site\/#\/schema\/logo\/image\/"},"sameAs":["https:\/\/www.facebook.com\/notibras\/","https:\/\/x.com\/Notibras","https:\/\/www.instagram.com\/notibras\/"]},{"@type":"Person","@id":"https:\/\/www.notibras.com\/site\/#\/schema\/person\/36ab0979449956132d3e5b517ea76ac8","name":"Reda\u00e7\u00e3o","image":{"@type":"ImageObject","inLanguage":"pt-BR","@id":"https:\/\/secure.gravatar.com\/avatar\/e0a867bdedb85fd243eadf09663511f96fc81e0720a4a42581f334ad4303aa6b?s=96&d=mm&r=g","url":"https:\/\/secure.gravatar.com\/avatar\/e0a867bdedb85fd243eadf09663511f96fc81e0720a4a42581f334ad4303aa6b?s=96&d=mm&r=g","contentUrl":"https:\/\/secure.gravatar.com\/avatar\/e0a867bdedb85fd243eadf09663511f96fc81e0720a4a42581f334ad4303aa6b?s=96&d=mm&r=g","caption":"Reda\u00e7\u00e3o"}}]}},"amp_enabled":true,"_links":{"self":[{"href":"https:\/\/www.notibras.com\/site\/wp-json\/wp\/v2\/posts\/126355","targetHints":{"allow":["GET"]}}],"collection":[{"href":"https:\/\/www.notibras.com\/site\/wp-json\/wp\/v2\/posts"}],"about":[{"href":"https:\/\/www.notibras.com\/site\/wp-json\/wp\/v2\/types\/post"}],"author":[{"embeddable":true,"href":"https:\/\/www.notibras.com\/site\/wp-json\/wp\/v2\/users\/2"}],"replies":[{"embeddable":true,"href":"https:\/\/www.notibras.com\/site\/wp-json\/wp\/v2\/comments?post=126355"}],"version-history":[{"count":1,"href":"https:\/\/www.notibras.com\/site\/wp-json\/wp\/v2\/posts\/126355\/revisions"}],"predecessor-version":[{"id":126357,"href":"https:\/\/www.notibras.com\/site\/wp-json\/wp\/v2\/posts\/126355\/revisions\/126357"}],"wp:featuredmedia":[{"embeddable":true,"href":"https:\/\/www.notibras.com\/site\/wp-json\/wp\/v2\/media\/126356"}],"wp:attachment":[{"href":"https:\/\/www.notibras.com\/site\/wp-json\/wp\/v2\/media?parent=126355"}],"wp:term":[{"taxonomy":"category","embeddable":true,"href":"https:\/\/www.notibras.com\/site\/wp-json\/wp\/v2\/categories?post=126355"},{"taxonomy":"post_tag","embeddable":true,"href":"https:\/\/www.notibras.com\/site\/wp-json\/wp\/v2\/tags?post=126355"}],"curies":[{"name":"wp","href":"https:\/\/api.w.org\/{rel}","templated":true}]}}