{"id":126445,"date":"2017-01-22T04:45:19","date_gmt":"2017-01-22T06:45:19","guid":{"rendered":"http:\/\/www.notibras.com\/site\/?p=126445"},"modified":"2017-01-22T04:45:19","modified_gmt":"2017-01-22T06:45:19","slug":"procura-se-um-nome-que-de-dignidade-camara","status":"publish","type":"post","link":"https:\/\/www.notibras.com\/site\/procura-se-um-nome-que-de-dignidade-camara\/","title":{"rendered":"Procura-se um nome que d\u00ea dignidade \u00e0 C\u00e2mara"},"content":{"rendered":"<p><strong>Percival Puggina<\/strong><\/p>\n<p>Em artigo anterior, com o t\u00edtulo Cria Cuervos, mostrei como o Brasil foi se tornando um criat\u00f3rio de maus cidad\u00e3os, de patifes, mentirosos, velhacos, corruptos, trai\u00e7oeiros e dirigentes de igual perfil.<\/p>\n<p>Os cuervos, afirmei, s\u00e3o criados por quantos chamam bandido de her\u00f3i e her\u00f3i de bandido, combatem a pol\u00edcia, riem da lei, proclamam a morte da institui\u00e7\u00e3o familiar, ridicularizam a virtude, aplaudem o v\u00edcio, enxotam a religi\u00e3o, desautorizam quem educa ou usam a Educa\u00e7\u00e3o para fazer pol\u00edtica, e relativizam o bem e a verdade.<\/p>\n<p>Observe as movimenta\u00e7\u00f5es para elei\u00e7\u00e3o da presid\u00eancia da C\u00e2mara dos Deputados. Quem for escolhido pela maioria de seus pares, al\u00e9m de comandar a Casa e exercer v\u00e1rias outras atribui\u00e7\u00f5es importantes, ser\u00e1 o substituto eventual do presidente da Rep\u00fablica. A disputa se trava entre Rodrigo Maia e Jovair Arantes.<\/p>\n<p>O primeiro dirigiu aquela sinistra sess\u00e3o em que &#8211; for\u00e7ando um poquito pero no mucho a express\u00e3o &#8211; as dez medidas contra a corrup\u00e7\u00e3o se transformaram em regras desmedidas a favor dos corruptos. E fez o poss\u00edvel, Rodrigo Maia, para que tudo acontecesse conforme articulado nos bastidores, inclusive o tardio hor\u00e1rio em que se desenrolou a escabrosa parte deliberativa da sess\u00e3o.<\/p>\n<p>Do segundo, \u00e9 dito que representa o centr\u00e3o, grupo de deputados do baixo clero, cuja principal atividade parlamentar seria usar os votos e o poder do bloco para intercambiar favores que, na maior parte dos casos, n\u00e3o se distinguem de meros neg\u00f3cios. Tudo indica que estamos lidando com t\u00edtulos de estampado valor de face.<\/p>\n<p>A essas alturas, imp\u00f5e-se perguntar se n\u00e3o h\u00e1 naquele plen\u00e1rio algu\u00e9m com estatura para o cargo. \u00c9 claro que h\u00e1. E n\u00e3o s\u00e3o poucos, embora n\u00e3o sejam muitos nem em n\u00famero suficiente, os homens e mulheres que honram seus mandatos e os exercem com integridade, voltados ao bem do pa\u00eds.<\/p>\n<p>No entanto, eventuais disposi\u00e7\u00f5es para concorrer \u00e0 lideran\u00e7a maior da casa, que entre eles surjam, trope\u00e7am num grande obst\u00e1culo. Nesse parlamento dominado por indiv\u00edduos de p\u00e9ssimo car\u00e1ter \u00e9 muito dif\u00edcil a uma pessoa de bem articular, ao seu redor, um grupo que viabilize suplantar, em votos, os atuais disputantes. Sei que h\u00e1 iniciativas. Tomara que funcionem. Mas o cen\u00e1rio que desenho \u00e9 real.<\/p>\n<p>A sociedade que cria corvos \u00e9 a mesma que os elege. E a experi\u00eancia j\u00e1 mostrou que, no atual quadro institucional e moral do pa\u00eds, se o Poder Judici\u00e1rio n\u00e3o afastar do poder os criminosos, n\u00e3o h\u00e1 lei de &#8220;fidelidade partid\u00e1ria&#8221;, nem da &#8220;ficha limpa&#8221;, nem projeto das &#8220;dez medidas&#8221;, nem o que mais ocorra \u00e0 criatividade nacional, que consiga aprimorar o tipo de representa\u00e7\u00e3o pol\u00edtica da nossa sociedade.<\/p>\n<p>Chega a ser rid\u00edculo. O Brasil foi levado para essa perdi\u00e7\u00e3o como um adolescente conduzido por m\u00e1s companhias.<\/p>\n","protected":false},"excerpt":{"rendered":"<p>Percival Puggina Em artigo anterior, com o t\u00edtulo Cria Cuervos, mostrei como o Brasil foi se tornando um criat\u00f3rio de maus cidad\u00e3os, de patifes, mentirosos, velhacos, corruptos, trai\u00e7oeiros e dirigentes de igual perfil. Os cuervos, afirmei, s\u00e3o criados por quantos chamam bandido de her\u00f3i e her\u00f3i de bandido, combatem a pol\u00edcia, riem da lei, proclamam [&hellip;]<\/p>\n","protected":false},"author":2,"featured_media":126446,"comment_status":"open","ping_status":"closed","sticky":false,"template":"","format":"standard","meta":{"_acf_changed":false,"footnotes":""},"categories":[25],"tags":[],"class_list":["post-126445","post","type-post","status-publish","format-standard","has-post-thumbnail","hentry","category-opina-ai"],"acf":[],"yoast_head":"<!-- This site is optimized with the Yoast SEO plugin v27.5 - https:\/\/yoast.com\/product\/yoast-seo-wordpress\/ -->\n<title>Procura-se um nome que d\u00ea dignidade \u00e0 C\u00e2mara - Notibras<\/title>\n<meta name=\"robots\" content=\"index, follow, max-snippet:-1, max-image-preview:large, max-video-preview:-1\" \/>\n<link rel=\"canonical\" href=\"https:\/\/www.notibras.com\/site\/procura-se-um-nome-que-de-dignidade-camara\/\" \/>\n<meta property=\"og:locale\" content=\"pt_BR\" \/>\n<meta property=\"og:type\" content=\"article\" \/>\n<meta property=\"og:title\" content=\"Procura-se um nome que d\u00ea dignidade \u00e0 C\u00e2mara - Notibras\" \/>\n<meta property=\"og:description\" content=\"Percival Puggina Em artigo anterior, com o t\u00edtulo Cria Cuervos, mostrei como o Brasil foi se tornando um criat\u00f3rio de maus cidad\u00e3os, de patifes, mentirosos, velhacos, corruptos, trai\u00e7oeiros e dirigentes de igual perfil. Os cuervos, afirmei, s\u00e3o criados por quantos chamam bandido de her\u00f3i e her\u00f3i de bandido, combatem a pol\u00edcia, riem da lei, proclamam [&hellip;]\" \/>\n<meta property=\"og:url\" content=\"https:\/\/www.notibras.com\/site\/procura-se-um-nome-que-de-dignidade-camara\/\" \/>\n<meta property=\"og:site_name\" content=\"Notibras\" \/>\n<meta property=\"article:publisher\" content=\"https:\/\/www.facebook.com\/notibras\/\" \/>\n<meta property=\"article:published_time\" content=\"2017-01-22T06:45:19+00:00\" \/>\n<meta property=\"og:image\" content=\"https:\/\/www.notibras.com\/site\/wp-content\/uploads\/2017\/01\/camara.jpg\" \/>\n\t<meta property=\"og:image:width\" content=\"720\" \/>\n\t<meta property=\"og:image:height\" content=\"468\" \/>\n\t<meta property=\"og:image:type\" content=\"image\/jpeg\" \/>\n<meta name=\"author\" content=\"Reda\u00e7\u00e3o\" \/>\n<meta name=\"twitter:card\" content=\"summary_large_image\" \/>\n<meta name=\"twitter:creator\" content=\"@Notibras\" \/>\n<meta name=\"twitter:site\" content=\"@Notibras\" \/>\n<meta name=\"twitter:label1\" content=\"Escrito por\" \/>\n\t<meta name=\"twitter:data1\" content=\"Reda\u00e7\u00e3o\" \/>\n\t<meta name=\"twitter:label2\" content=\"Est. tempo de leitura\" \/>\n\t<meta name=\"twitter:data2\" content=\"3 minutos\" \/>\n<script type=\"application\/ld+json\" class=\"yoast-schema-graph\">{\"@context\":\"https:\\\/\\\/schema.org\",\"@graph\":[{\"@type\":\"Article\",\"@id\":\"https:\\\/\\\/www.notibras.com\\\/site\\\/procura-se-um-nome-que-de-dignidade-camara\\\/#article\",\"isPartOf\":{\"@id\":\"https:\\\/\\\/www.notibras.com\\\/site\\\/procura-se-um-nome-que-de-dignidade-camara\\\/\"},\"author\":{\"name\":\"Reda\u00e7\u00e3o\",\"@id\":\"https:\\\/\\\/www.notibras.com\\\/site\\\/#\\\/schema\\\/person\\\/36ab0979449956132d3e5b517ea76ac8\"},\"headline\":\"Procura-se um nome que d\u00ea dignidade \u00e0 C\u00e2mara\",\"datePublished\":\"2017-01-22T06:45:19+00:00\",\"mainEntityOfPage\":{\"@id\":\"https:\\\/\\\/www.notibras.com\\\/site\\\/procura-se-um-nome-que-de-dignidade-camara\\\/\"},\"wordCount\":511,\"commentCount\":0,\"publisher\":{\"@id\":\"https:\\\/\\\/www.notibras.com\\\/site\\\/#organization\"},\"image\":{\"@id\":\"https:\\\/\\\/www.notibras.com\\\/site\\\/procura-se-um-nome-que-de-dignidade-camara\\\/#primaryimage\"},\"thumbnailUrl\":\"https:\\\/\\\/www.notibras.com\\\/site\\\/wp-content\\\/uploads\\\/2017\\\/01\\\/camara.jpg\",\"articleSection\":[\"Opina a\u00ed\"],\"inLanguage\":\"pt-BR\",\"potentialAction\":[{\"@type\":\"CommentAction\",\"name\":\"Comment\",\"target\":[\"https:\\\/\\\/www.notibras.com\\\/site\\\/procura-se-um-nome-que-de-dignidade-camara\\\/#respond\"]}]},{\"@type\":\"WebPage\",\"@id\":\"https:\\\/\\\/www.notibras.com\\\/site\\\/procura-se-um-nome-que-de-dignidade-camara\\\/\",\"url\":\"https:\\\/\\\/www.notibras.com\\\/site\\\/procura-se-um-nome-que-de-dignidade-camara\\\/\",\"name\":\"Procura-se um nome que d\u00ea dignidade \u00e0 C\u00e2mara - Notibras\",\"isPartOf\":{\"@id\":\"https:\\\/\\\/www.notibras.com\\\/site\\\/#website\"},\"primaryImageOfPage\":{\"@id\":\"https:\\\/\\\/www.notibras.com\\\/site\\\/procura-se-um-nome-que-de-dignidade-camara\\\/#primaryimage\"},\"image\":{\"@id\":\"https:\\\/\\\/www.notibras.com\\\/site\\\/procura-se-um-nome-que-de-dignidade-camara\\\/#primaryimage\"},\"thumbnailUrl\":\"https:\\\/\\\/www.notibras.com\\\/site\\\/wp-content\\\/uploads\\\/2017\\\/01\\\/camara.jpg\",\"datePublished\":\"2017-01-22T06:45:19+00:00\",\"breadcrumb\":{\"@id\":\"https:\\\/\\\/www.notibras.com\\\/site\\\/procura-se-um-nome-que-de-dignidade-camara\\\/#breadcrumb\"},\"inLanguage\":\"pt-BR\",\"potentialAction\":[{\"@type\":\"ReadAction\",\"target\":[\"https:\\\/\\\/www.notibras.com\\\/site\\\/procura-se-um-nome-que-de-dignidade-camara\\\/\"]}]},{\"@type\":\"ImageObject\",\"inLanguage\":\"pt-BR\",\"@id\":\"https:\\\/\\\/www.notibras.com\\\/site\\\/procura-se-um-nome-que-de-dignidade-camara\\\/#primaryimage\",\"url\":\"https:\\\/\\\/www.notibras.com\\\/site\\\/wp-content\\\/uploads\\\/2017\\\/01\\\/camara.jpg\",\"contentUrl\":\"https:\\\/\\\/www.notibras.com\\\/site\\\/wp-content\\\/uploads\\\/2017\\\/01\\\/camara.jpg\",\"width\":720,\"height\":468},{\"@type\":\"BreadcrumbList\",\"@id\":\"https:\\\/\\\/www.notibras.com\\\/site\\\/procura-se-um-nome-que-de-dignidade-camara\\\/#breadcrumb\",\"itemListElement\":[{\"@type\":\"ListItem\",\"position\":1,\"name\":\"In\u00edcio\",\"item\":\"https:\\\/\\\/www.notibras.com\\\/site\\\/\"},{\"@type\":\"ListItem\",\"position\":2,\"name\":\"Procura-se um nome que d\u00ea dignidade \u00e0 C\u00e2mara\"}]},{\"@type\":\"WebSite\",\"@id\":\"https:\\\/\\\/www.notibras.com\\\/site\\\/#website\",\"url\":\"https:\\\/\\\/www.notibras.com\\\/site\\\/\",\"name\":\"Notibras\",\"description\":\"Not\u00edcias de Bras\u00edlia, do Brasil e do Mundo\",\"publisher\":{\"@id\":\"https:\\\/\\\/www.notibras.com\\\/site\\\/#organization\"},\"potentialAction\":[{\"@type\":\"SearchAction\",\"target\":{\"@type\":\"EntryPoint\",\"urlTemplate\":\"https:\\\/\\\/www.notibras.com\\\/site\\\/?s={search_term_string}\"},\"query-input\":{\"@type\":\"PropertyValueSpecification\",\"valueRequired\":true,\"valueName\":\"search_term_string\"}}],\"inLanguage\":\"pt-BR\"},{\"@type\":\"Organization\",\"@id\":\"https:\\\/\\\/www.notibras.com\\\/site\\\/#organization\",\"name\":\"Grupo Notibras de Comunica\u00e7\u00e3o\",\"url\":\"https:\\\/\\\/www.notibras.com\\\/site\\\/\",\"logo\":{\"@type\":\"ImageObject\",\"inLanguage\":\"pt-BR\",\"@id\":\"https:\\\/\\\/www.notibras.com\\\/site\\\/#\\\/schema\\\/logo\\\/image\\\/\",\"url\":\"https:\\\/\\\/www.notibras.com\\\/site\\\/wp-content\\\/uploads\\\/2023\\\/01\\\/notibras23.png\",\"contentUrl\":\"https:\\\/\\\/www.notibras.com\\\/site\\\/wp-content\\\/uploads\\\/2023\\\/01\\\/notibras23.png\",\"width\":350,\"height\":87,\"caption\":\"Grupo Notibras de Comunica\u00e7\u00e3o\"},\"image\":{\"@id\":\"https:\\\/\\\/www.notibras.com\\\/site\\\/#\\\/schema\\\/logo\\\/image\\\/\"},\"sameAs\":[\"https:\\\/\\\/www.facebook.com\\\/notibras\\\/\",\"https:\\\/\\\/x.com\\\/Notibras\",\"https:\\\/\\\/www.instagram.com\\\/notibras\\\/\"]},{\"@type\":\"Person\",\"@id\":\"https:\\\/\\\/www.notibras.com\\\/site\\\/#\\\/schema\\\/person\\\/36ab0979449956132d3e5b517ea76ac8\",\"name\":\"Reda\u00e7\u00e3o\",\"image\":{\"@type\":\"ImageObject\",\"inLanguage\":\"pt-BR\",\"@id\":\"https:\\\/\\\/secure.gravatar.com\\\/avatar\\\/e0a867bdedb85fd243eadf09663511f96fc81e0720a4a42581f334ad4303aa6b?s=96&d=mm&r=g\",\"url\":\"https:\\\/\\\/secure.gravatar.com\\\/avatar\\\/e0a867bdedb85fd243eadf09663511f96fc81e0720a4a42581f334ad4303aa6b?s=96&d=mm&r=g\",\"contentUrl\":\"https:\\\/\\\/secure.gravatar.com\\\/avatar\\\/e0a867bdedb85fd243eadf09663511f96fc81e0720a4a42581f334ad4303aa6b?s=96&d=mm&r=g\",\"caption\":\"Reda\u00e7\u00e3o\"}}]}<\/script>\n<!-- \/ Yoast SEO plugin. -->","yoast_head_json":{"title":"Procura-se um nome que d\u00ea dignidade \u00e0 C\u00e2mara - Notibras","robots":{"index":"index","follow":"follow","max-snippet":"max-snippet:-1","max-image-preview":"max-image-preview:large","max-video-preview":"max-video-preview:-1"},"canonical":"https:\/\/www.notibras.com\/site\/procura-se-um-nome-que-de-dignidade-camara\/","og_locale":"pt_BR","og_type":"article","og_title":"Procura-se um nome que d\u00ea dignidade \u00e0 C\u00e2mara - Notibras","og_description":"Percival Puggina Em artigo anterior, com o t\u00edtulo Cria Cuervos, mostrei como o Brasil foi se tornando um criat\u00f3rio de maus cidad\u00e3os, de patifes, mentirosos, velhacos, corruptos, trai\u00e7oeiros e dirigentes de igual perfil. Os cuervos, afirmei, s\u00e3o criados por quantos chamam bandido de her\u00f3i e her\u00f3i de bandido, combatem a pol\u00edcia, riem da lei, proclamam [&hellip;]","og_url":"https:\/\/www.notibras.com\/site\/procura-se-um-nome-que-de-dignidade-camara\/","og_site_name":"Notibras","article_publisher":"https:\/\/www.facebook.com\/notibras\/","article_published_time":"2017-01-22T06:45:19+00:00","og_image":[{"width":720,"height":468,"url":"https:\/\/www.notibras.com\/site\/wp-content\/uploads\/2017\/01\/camara.jpg","type":"image\/jpeg"}],"author":"Reda\u00e7\u00e3o","twitter_card":"summary_large_image","twitter_creator":"@Notibras","twitter_site":"@Notibras","twitter_misc":{"Escrito por":"Reda\u00e7\u00e3o","Est. tempo de leitura":"3 minutos"},"schema":{"@context":"https:\/\/schema.org","@graph":[{"@type":"Article","@id":"https:\/\/www.notibras.com\/site\/procura-se-um-nome-que-de-dignidade-camara\/#article","isPartOf":{"@id":"https:\/\/www.notibras.com\/site\/procura-se-um-nome-que-de-dignidade-camara\/"},"author":{"name":"Reda\u00e7\u00e3o","@id":"https:\/\/www.notibras.com\/site\/#\/schema\/person\/36ab0979449956132d3e5b517ea76ac8"},"headline":"Procura-se um nome que d\u00ea dignidade \u00e0 C\u00e2mara","datePublished":"2017-01-22T06:45:19+00:00","mainEntityOfPage":{"@id":"https:\/\/www.notibras.com\/site\/procura-se-um-nome-que-de-dignidade-camara\/"},"wordCount":511,"commentCount":0,"publisher":{"@id":"https:\/\/www.notibras.com\/site\/#organization"},"image":{"@id":"https:\/\/www.notibras.com\/site\/procura-se-um-nome-que-de-dignidade-camara\/#primaryimage"},"thumbnailUrl":"https:\/\/www.notibras.com\/site\/wp-content\/uploads\/2017\/01\/camara.jpg","articleSection":["Opina a\u00ed"],"inLanguage":"pt-BR","potentialAction":[{"@type":"CommentAction","name":"Comment","target":["https:\/\/www.notibras.com\/site\/procura-se-um-nome-que-de-dignidade-camara\/#respond"]}]},{"@type":"WebPage","@id":"https:\/\/www.notibras.com\/site\/procura-se-um-nome-que-de-dignidade-camara\/","url":"https:\/\/www.notibras.com\/site\/procura-se-um-nome-que-de-dignidade-camara\/","name":"Procura-se um nome que d\u00ea dignidade \u00e0 C\u00e2mara - Notibras","isPartOf":{"@id":"https:\/\/www.notibras.com\/site\/#website"},"primaryImageOfPage":{"@id":"https:\/\/www.notibras.com\/site\/procura-se-um-nome-que-de-dignidade-camara\/#primaryimage"},"image":{"@id":"https:\/\/www.notibras.com\/site\/procura-se-um-nome-que-de-dignidade-camara\/#primaryimage"},"thumbnailUrl":"https:\/\/www.notibras.com\/site\/wp-content\/uploads\/2017\/01\/camara.jpg","datePublished":"2017-01-22T06:45:19+00:00","breadcrumb":{"@id":"https:\/\/www.notibras.com\/site\/procura-se-um-nome-que-de-dignidade-camara\/#breadcrumb"},"inLanguage":"pt-BR","potentialAction":[{"@type":"ReadAction","target":["https:\/\/www.notibras.com\/site\/procura-se-um-nome-que-de-dignidade-camara\/"]}]},{"@type":"ImageObject","inLanguage":"pt-BR","@id":"https:\/\/www.notibras.com\/site\/procura-se-um-nome-que-de-dignidade-camara\/#primaryimage","url":"https:\/\/www.notibras.com\/site\/wp-content\/uploads\/2017\/01\/camara.jpg","contentUrl":"https:\/\/www.notibras.com\/site\/wp-content\/uploads\/2017\/01\/camara.jpg","width":720,"height":468},{"@type":"BreadcrumbList","@id":"https:\/\/www.notibras.com\/site\/procura-se-um-nome-que-de-dignidade-camara\/#breadcrumb","itemListElement":[{"@type":"ListItem","position":1,"name":"In\u00edcio","item":"https:\/\/www.notibras.com\/site\/"},{"@type":"ListItem","position":2,"name":"Procura-se um nome que d\u00ea dignidade \u00e0 C\u00e2mara"}]},{"@type":"WebSite","@id":"https:\/\/www.notibras.com\/site\/#website","url":"https:\/\/www.notibras.com\/site\/","name":"Notibras","description":"Not\u00edcias de Bras\u00edlia, do Brasil e do Mundo","publisher":{"@id":"https:\/\/www.notibras.com\/site\/#organization"},"potentialAction":[{"@type":"SearchAction","target":{"@type":"EntryPoint","urlTemplate":"https:\/\/www.notibras.com\/site\/?s={search_term_string}"},"query-input":{"@type":"PropertyValueSpecification","valueRequired":true,"valueName":"search_term_string"}}],"inLanguage":"pt-BR"},{"@type":"Organization","@id":"https:\/\/www.notibras.com\/site\/#organization","name":"Grupo Notibras de Comunica\u00e7\u00e3o","url":"https:\/\/www.notibras.com\/site\/","logo":{"@type":"ImageObject","inLanguage":"pt-BR","@id":"https:\/\/www.notibras.com\/site\/#\/schema\/logo\/image\/","url":"https:\/\/www.notibras.com\/site\/wp-content\/uploads\/2023\/01\/notibras23.png","contentUrl":"https:\/\/www.notibras.com\/site\/wp-content\/uploads\/2023\/01\/notibras23.png","width":350,"height":87,"caption":"Grupo Notibras de Comunica\u00e7\u00e3o"},"image":{"@id":"https:\/\/www.notibras.com\/site\/#\/schema\/logo\/image\/"},"sameAs":["https:\/\/www.facebook.com\/notibras\/","https:\/\/x.com\/Notibras","https:\/\/www.instagram.com\/notibras\/"]},{"@type":"Person","@id":"https:\/\/www.notibras.com\/site\/#\/schema\/person\/36ab0979449956132d3e5b517ea76ac8","name":"Reda\u00e7\u00e3o","image":{"@type":"ImageObject","inLanguage":"pt-BR","@id":"https:\/\/secure.gravatar.com\/avatar\/e0a867bdedb85fd243eadf09663511f96fc81e0720a4a42581f334ad4303aa6b?s=96&d=mm&r=g","url":"https:\/\/secure.gravatar.com\/avatar\/e0a867bdedb85fd243eadf09663511f96fc81e0720a4a42581f334ad4303aa6b?s=96&d=mm&r=g","contentUrl":"https:\/\/secure.gravatar.com\/avatar\/e0a867bdedb85fd243eadf09663511f96fc81e0720a4a42581f334ad4303aa6b?s=96&d=mm&r=g","caption":"Reda\u00e7\u00e3o"}}]}},"amp_enabled":true,"_links":{"self":[{"href":"https:\/\/www.notibras.com\/site\/wp-json\/wp\/v2\/posts\/126445","targetHints":{"allow":["GET"]}}],"collection":[{"href":"https:\/\/www.notibras.com\/site\/wp-json\/wp\/v2\/posts"}],"about":[{"href":"https:\/\/www.notibras.com\/site\/wp-json\/wp\/v2\/types\/post"}],"author":[{"embeddable":true,"href":"https:\/\/www.notibras.com\/site\/wp-json\/wp\/v2\/users\/2"}],"replies":[{"embeddable":true,"href":"https:\/\/www.notibras.com\/site\/wp-json\/wp\/v2\/comments?post=126445"}],"version-history":[{"count":1,"href":"https:\/\/www.notibras.com\/site\/wp-json\/wp\/v2\/posts\/126445\/revisions"}],"predecessor-version":[{"id":126447,"href":"https:\/\/www.notibras.com\/site\/wp-json\/wp\/v2\/posts\/126445\/revisions\/126447"}],"wp:featuredmedia":[{"embeddable":true,"href":"https:\/\/www.notibras.com\/site\/wp-json\/wp\/v2\/media\/126446"}],"wp:attachment":[{"href":"https:\/\/www.notibras.com\/site\/wp-json\/wp\/v2\/media?parent=126445"}],"wp:term":[{"taxonomy":"category","embeddable":true,"href":"https:\/\/www.notibras.com\/site\/wp-json\/wp\/v2\/categories?post=126445"},{"taxonomy":"post_tag","embeddable":true,"href":"https:\/\/www.notibras.com\/site\/wp-json\/wp\/v2\/tags?post=126445"}],"curies":[{"name":"wp","href":"https:\/\/api.w.org\/{rel}","templated":true}]}}