{"id":12676,"date":"2014-06-07T22:41:00","date_gmt":"2014-06-08T01:41:00","guid":{"rendered":"http:\/\/www.notibras.com\/site\/?p=12676"},"modified":"2014-06-07T22:41:00","modified_gmt":"2014-06-08T01:41:00","slug":"o-brasil-o-governo-americano-e-a-omissao-da-grande-midia","status":"publish","type":"post","link":"https:\/\/www.notibras.com\/site\/o-brasil-o-governo-americano-e-a-omissao-da-grande-midia\/","title":{"rendered":"O Brasil, o governo americano e a omiss\u00e3o da grande m\u00eddia"},"content":{"rendered":"<p>Estamos no sexto ano da maior crise do capitalismo mundial, s\u00f3 compar\u00e1vel \u00e0 de 1929.<\/p>\n<p>Nesse per\u00edodo, o mundo perdeu &#8211; e ainda n\u00e3o recuperou! &#8211; 65 milh\u00f5es de postos de trabalho, segundo dados da Organiza\u00e7\u00e3o Internacional do Trabalho (OIT), at\u00e9 o final de 2013.<\/p>\n<p>Enquanto isso o Brasil conseguiu criar mais de 11 milh\u00f5es de empregos na economia formal.<\/p>\n<blockquote><p>Aqui, vale relembrar que a economia informal \u00e9 quase do mesmo tamanho que a formal. Esse indicador pode ajudar a explicar por que, mesmo com crescimento menor do que a m\u00e9dia dos \u00faltimos anos, ainda h\u00e1 um sentimento de razo\u00e1vel conforto econ\u00f4mico por parte da popula\u00e7\u00e3o.<\/p><\/blockquote>\n<p>No final de abril, o jornal Estado de S. Paulo publicou uma longa mat\u00e9ria sobre a crise nos Estados Unidos, apontando que, p\u00f3s-crise, em m\u00e9dia, eles cresceram 1,8%, por ano e ainda n\u00e3o conseguiram voltar o n\u00edvel de emprego anterior a 2008.<\/p>\n<p>J\u00e1 o Brasil, desde a crise, cresceu 3,1%, em m\u00e9dia, ao ano.<\/p>\n<p>Essa mat\u00e9ria do Estad\u00e3o, diga-se de passagem, \u00e9 raridade na grande imprensa brasileira.<\/p>\n<p>Explico. No Brasil, a crise mundial quase sumiu do notici\u00e1rio, que, atualmente, s\u00f3 se dedica a divulgar os problemas internos, aquilo que foi definido como guerra de expectativas ou terrorismo econ\u00f4mico.<\/p>\n<p>Lembro um dado conjuntural: a economia americana neste trimestre se retraiu em 1% e a brasileira cresceu 0,2%.<\/p>\n<p>Em meados de abril, na apresenta\u00e7\u00e3o da Lei de Diretrizes Or\u00e7ament\u00e1rias- LDO de 2015, do governo federal, a ministra do planejamento, Miriam Belchior, apontou que o Brasil teve boa recupera\u00e7\u00e3o econ\u00f4mica comparada a outros pa\u00edses. Ficamos mais de 10% \u00e0 frente dos Estados Unidos e a Europa ainda n\u00e3o se recuperou da crise de 2008.<\/p>\n<blockquote><p>Detalhe: a revis\u00e3o do PIB de 2013 mostrou que crescimento foi maior ao anunciado anteriormente; foi de 2,3% para 2,5%.<\/p><\/blockquote>\n<p>Um dos fatores que alimentaram a crise de 2008 \u00e9 que mais de um trilh\u00e3o de d\u00f3lares de dinheiro fict\u00edcio, operado pelo mercado financeiro, \u201cevaporaram\u201d. E isso tem impactado o crescimento da economia mundial e brasileira.<\/p>\n<p>Para enfrentar a crise de 2008, o governo federal optou por aumentar recursos para o BNDES e outros bancos p\u00fablicos com o objetivo de o cr\u00e9dito ajudar a produ\u00e7\u00e3o, o consumo e segurar os postos de trabalho.<\/p>\n<p>Este talvez seja o grande n\u00f3 do embate hoje.<\/p>\n<p>O grupo de economistas neoliberais, que estava no governo FHC e agora comanda as propostas de campanha de A\u00e9cio Neves, defende a implanta\u00e7\u00e3o da pol\u00edtica de \u201causteridade\u201d no Brasil.<\/p>\n<p>O objetivo \u00e9 provocar uma recess\u00e3o, como ocorre na Europa, que gera desemprego e reduz sal\u00e1rio dos trabalhadores. Em consequ\u00eancia, poder\u00e1 reduzir ao m\u00e1ximo pol\u00edticas como o PAC, Minha Casa, Minha Vida.<\/p>\n<p>Ou seja, risco de retorno das pol\u00edticas de redu\u00e7\u00e3o do tamanho do Estado que costumam proteger os ricos e jogar nas costas do trabalhador os custos da crise econ\u00f4mica.<\/p>\n<p>Essa pol\u00edtica provoca graves efeitos colaterais, j\u00e1 que promove a corros\u00e3o das bases da democracia e gera o crescimento de movimentos de cunho fascista ou neonazista, como os que assistimos na Europa.<\/p>\n<blockquote><p>Recentemente, o ex-presidente Fernando Henrique Cardoso, num debate a respeito da propaganda pol\u00edtica do PT sobre o perigo de uma voltada ao passado, afirmou que o PT tamb\u00e9m \u00e9 o passado.<\/p>\n<p>O debate n\u00e3o \u00e9 sobre o passado, pois todos sabem que a crise de 2008 representou um grande questionamento do pensamento \u00fanico neoliberal.<\/p><\/blockquote>\n<p>Fernando Henrique deveria lembrar que olhar para tr\u00e1s e entender o passado \u00e9 fundamental para pensar o presente e projetar o futuro.<\/p>\n<p>Nesse sentido, o debate pol\u00edtico come\u00e7a com as declara\u00e7\u00f5es do presidencial A\u00e9cio Neves (PSDB), que deseja implantar \u201cmedidas impopulares\u201d em seu hipot\u00e9tico governo.<\/p>\n<p>Desse modo, o que estar\u00e1 em jogo nas elei\u00e7\u00f5es de 2014 \u00e9 quem deve pagar as contas da crise mundial.<\/p>\n<p>Faremos como dirigentes europeus, que preferiram a recess\u00e3o e o alto desemprego e agora colhem o crescimento da extrema direita, do racismo e da xenofobia?<\/p>\n<p>A resposta a esta quest\u00e3o vir\u00e1 em outubro, quando o povo escolher o(a) novo(a) presidente(a).<\/p>\n<p><strong><span style=\"font-family: 'Times New Roman', serif; font-size: 12pt;\">Em\u00edlio Carlos Rodriguez Lopez<\/span><\/strong><\/p>\n","protected":false},"excerpt":{"rendered":"<p>Estamos no sexto ano da maior crise do capitalismo mundial, s\u00f3 compar\u00e1vel \u00e0 de 1929. Nesse per\u00edodo, o mundo perdeu &#8211; e ainda n\u00e3o recuperou! &#8211; 65 milh\u00f5es de postos de trabalho, segundo dados da Organiza\u00e7\u00e3o Internacional do Trabalho (OIT), at\u00e9 o final de 2013. Enquanto isso o Brasil conseguiu criar mais de 11 milh\u00f5es [&hellip;]<\/p>\n","protected":false},"author":2,"featured_media":12677,"comment_status":"open","ping_status":"closed","sticky":false,"template":"","format":"standard","meta":{"_acf_changed":false,"footnotes":""},"categories":[25],"tags":[],"class_list":["post-12676","post","type-post","status-publish","format-standard","has-post-thumbnail","hentry","category-opina-ai"],"acf":[],"yoast_head":"<!-- This site is optimized with the Yoast SEO plugin v27.5 - https:\/\/yoast.com\/product\/yoast-seo-wordpress\/ -->\n<title>O Brasil, o governo americano e a omiss\u00e3o da grande m\u00eddia - Notibras<\/title>\n<meta name=\"robots\" content=\"index, follow, max-snippet:-1, max-image-preview:large, max-video-preview:-1\" \/>\n<link rel=\"canonical\" href=\"https:\/\/www.notibras.com\/site\/o-brasil-o-governo-americano-e-a-omissao-da-grande-midia\/\" \/>\n<meta property=\"og:locale\" content=\"pt_BR\" \/>\n<meta property=\"og:type\" content=\"article\" \/>\n<meta property=\"og:title\" content=\"O Brasil, o governo americano e a omiss\u00e3o da grande m\u00eddia - Notibras\" \/>\n<meta property=\"og:description\" content=\"Estamos no sexto ano da maior crise do capitalismo mundial, s\u00f3 compar\u00e1vel \u00e0 de 1929. Nesse per\u00edodo, o mundo perdeu &#8211; e ainda n\u00e3o recuperou! &#8211; 65 milh\u00f5es de postos de trabalho, segundo dados da Organiza\u00e7\u00e3o Internacional do Trabalho (OIT), at\u00e9 o final de 2013. Enquanto isso o Brasil conseguiu criar mais de 11 milh\u00f5es [&hellip;]\" \/>\n<meta property=\"og:url\" content=\"https:\/\/www.notibras.com\/site\/o-brasil-o-governo-americano-e-a-omissao-da-grande-midia\/\" \/>\n<meta property=\"og:site_name\" content=\"Notibras\" \/>\n<meta property=\"article:publisher\" content=\"https:\/\/www.facebook.com\/notibras\/\" \/>\n<meta property=\"article:published_time\" content=\"2014-06-08T01:41:00+00:00\" \/>\n<meta property=\"og:image\" content=\"https:\/\/www.notibras.com\/site\/wp-content\/uploads\/2014\/06\/op.jpg\" \/>\n\t<meta property=\"og:image:width\" content=\"480\" \/>\n\t<meta property=\"og:image:height\" content=\"356\" \/>\n\t<meta property=\"og:image:type\" content=\"image\/jpeg\" \/>\n<meta name=\"author\" content=\"Reda\u00e7\u00e3o\" \/>\n<meta name=\"twitter:card\" content=\"summary_large_image\" \/>\n<meta name=\"twitter:creator\" content=\"@Notibras\" \/>\n<meta name=\"twitter:site\" content=\"@Notibras\" \/>\n<meta name=\"twitter:label1\" content=\"Escrito por\" \/>\n\t<meta name=\"twitter:data1\" content=\"Reda\u00e7\u00e3o\" \/>\n\t<meta name=\"twitter:label2\" content=\"Est. tempo de leitura\" \/>\n\t<meta name=\"twitter:data2\" content=\"3 minutos\" \/>\n<script type=\"application\/ld+json\" class=\"yoast-schema-graph\">{\"@context\":\"https:\\\/\\\/schema.org\",\"@graph\":[{\"@type\":\"Article\",\"@id\":\"https:\\\/\\\/www.notibras.com\\\/site\\\/o-brasil-o-governo-americano-e-a-omissao-da-grande-midia\\\/#article\",\"isPartOf\":{\"@id\":\"https:\\\/\\\/www.notibras.com\\\/site\\\/o-brasil-o-governo-americano-e-a-omissao-da-grande-midia\\\/\"},\"author\":{\"name\":\"Reda\u00e7\u00e3o\",\"@id\":\"https:\\\/\\\/www.notibras.com\\\/site\\\/#\\\/schema\\\/person\\\/36ab0979449956132d3e5b517ea76ac8\"},\"headline\":\"O Brasil, o governo americano e a omiss\u00e3o da grande m\u00eddia\",\"datePublished\":\"2014-06-08T01:41:00+00:00\",\"mainEntityOfPage\":{\"@id\":\"https:\\\/\\\/www.notibras.com\\\/site\\\/o-brasil-o-governo-americano-e-a-omissao-da-grande-midia\\\/\"},\"wordCount\":711,\"commentCount\":0,\"publisher\":{\"@id\":\"https:\\\/\\\/www.notibras.com\\\/site\\\/#organization\"},\"image\":{\"@id\":\"https:\\\/\\\/www.notibras.com\\\/site\\\/o-brasil-o-governo-americano-e-a-omissao-da-grande-midia\\\/#primaryimage\"},\"thumbnailUrl\":\"https:\\\/\\\/www.notibras.com\\\/site\\\/wp-content\\\/uploads\\\/2014\\\/06\\\/op.jpg\",\"articleSection\":[\"Opina a\u00ed\"],\"inLanguage\":\"pt-BR\",\"potentialAction\":[{\"@type\":\"CommentAction\",\"name\":\"Comment\",\"target\":[\"https:\\\/\\\/www.notibras.com\\\/site\\\/o-brasil-o-governo-americano-e-a-omissao-da-grande-midia\\\/#respond\"]}]},{\"@type\":\"WebPage\",\"@id\":\"https:\\\/\\\/www.notibras.com\\\/site\\\/o-brasil-o-governo-americano-e-a-omissao-da-grande-midia\\\/\",\"url\":\"https:\\\/\\\/www.notibras.com\\\/site\\\/o-brasil-o-governo-americano-e-a-omissao-da-grande-midia\\\/\",\"name\":\"O Brasil, o governo americano e a omiss\u00e3o da grande m\u00eddia - Notibras\",\"isPartOf\":{\"@id\":\"https:\\\/\\\/www.notibras.com\\\/site\\\/#website\"},\"primaryImageOfPage\":{\"@id\":\"https:\\\/\\\/www.notibras.com\\\/site\\\/o-brasil-o-governo-americano-e-a-omissao-da-grande-midia\\\/#primaryimage\"},\"image\":{\"@id\":\"https:\\\/\\\/www.notibras.com\\\/site\\\/o-brasil-o-governo-americano-e-a-omissao-da-grande-midia\\\/#primaryimage\"},\"thumbnailUrl\":\"https:\\\/\\\/www.notibras.com\\\/site\\\/wp-content\\\/uploads\\\/2014\\\/06\\\/op.jpg\",\"datePublished\":\"2014-06-08T01:41:00+00:00\",\"breadcrumb\":{\"@id\":\"https:\\\/\\\/www.notibras.com\\\/site\\\/o-brasil-o-governo-americano-e-a-omissao-da-grande-midia\\\/#breadcrumb\"},\"inLanguage\":\"pt-BR\",\"potentialAction\":[{\"@type\":\"ReadAction\",\"target\":[\"https:\\\/\\\/www.notibras.com\\\/site\\\/o-brasil-o-governo-americano-e-a-omissao-da-grande-midia\\\/\"]}]},{\"@type\":\"ImageObject\",\"inLanguage\":\"pt-BR\",\"@id\":\"https:\\\/\\\/www.notibras.com\\\/site\\\/o-brasil-o-governo-americano-e-a-omissao-da-grande-midia\\\/#primaryimage\",\"url\":\"https:\\\/\\\/www.notibras.com\\\/site\\\/wp-content\\\/uploads\\\/2014\\\/06\\\/op.jpg\",\"contentUrl\":\"https:\\\/\\\/www.notibras.com\\\/site\\\/wp-content\\\/uploads\\\/2014\\\/06\\\/op.jpg\",\"width\":480,\"height\":356},{\"@type\":\"BreadcrumbList\",\"@id\":\"https:\\\/\\\/www.notibras.com\\\/site\\\/o-brasil-o-governo-americano-e-a-omissao-da-grande-midia\\\/#breadcrumb\",\"itemListElement\":[{\"@type\":\"ListItem\",\"position\":1,\"name\":\"In\u00edcio\",\"item\":\"https:\\\/\\\/www.notibras.com\\\/site\\\/\"},{\"@type\":\"ListItem\",\"position\":2,\"name\":\"O Brasil, o governo americano e a omiss\u00e3o da grande m\u00eddia\"}]},{\"@type\":\"WebSite\",\"@id\":\"https:\\\/\\\/www.notibras.com\\\/site\\\/#website\",\"url\":\"https:\\\/\\\/www.notibras.com\\\/site\\\/\",\"name\":\"Notibras\",\"description\":\"Not\u00edcias de Bras\u00edlia, do Brasil e do Mundo\",\"publisher\":{\"@id\":\"https:\\\/\\\/www.notibras.com\\\/site\\\/#organization\"},\"potentialAction\":[{\"@type\":\"SearchAction\",\"target\":{\"@type\":\"EntryPoint\",\"urlTemplate\":\"https:\\\/\\\/www.notibras.com\\\/site\\\/?s={search_term_string}\"},\"query-input\":{\"@type\":\"PropertyValueSpecification\",\"valueRequired\":true,\"valueName\":\"search_term_string\"}}],\"inLanguage\":\"pt-BR\"},{\"@type\":\"Organization\",\"@id\":\"https:\\\/\\\/www.notibras.com\\\/site\\\/#organization\",\"name\":\"Grupo Notibras de Comunica\u00e7\u00e3o\",\"url\":\"https:\\\/\\\/www.notibras.com\\\/site\\\/\",\"logo\":{\"@type\":\"ImageObject\",\"inLanguage\":\"pt-BR\",\"@id\":\"https:\\\/\\\/www.notibras.com\\\/site\\\/#\\\/schema\\\/logo\\\/image\\\/\",\"url\":\"https:\\\/\\\/www.notibras.com\\\/site\\\/wp-content\\\/uploads\\\/2023\\\/01\\\/notibras23.png\",\"contentUrl\":\"https:\\\/\\\/www.notibras.com\\\/site\\\/wp-content\\\/uploads\\\/2023\\\/01\\\/notibras23.png\",\"width\":350,\"height\":87,\"caption\":\"Grupo Notibras de Comunica\u00e7\u00e3o\"},\"image\":{\"@id\":\"https:\\\/\\\/www.notibras.com\\\/site\\\/#\\\/schema\\\/logo\\\/image\\\/\"},\"sameAs\":[\"https:\\\/\\\/www.facebook.com\\\/notibras\\\/\",\"https:\\\/\\\/x.com\\\/Notibras\",\"https:\\\/\\\/www.instagram.com\\\/notibras\\\/\"]},{\"@type\":\"Person\",\"@id\":\"https:\\\/\\\/www.notibras.com\\\/site\\\/#\\\/schema\\\/person\\\/36ab0979449956132d3e5b517ea76ac8\",\"name\":\"Reda\u00e7\u00e3o\",\"image\":{\"@type\":\"ImageObject\",\"inLanguage\":\"pt-BR\",\"@id\":\"https:\\\/\\\/secure.gravatar.com\\\/avatar\\\/e0a867bdedb85fd243eadf09663511f96fc81e0720a4a42581f334ad4303aa6b?s=96&d=mm&r=g\",\"url\":\"https:\\\/\\\/secure.gravatar.com\\\/avatar\\\/e0a867bdedb85fd243eadf09663511f96fc81e0720a4a42581f334ad4303aa6b?s=96&d=mm&r=g\",\"contentUrl\":\"https:\\\/\\\/secure.gravatar.com\\\/avatar\\\/e0a867bdedb85fd243eadf09663511f96fc81e0720a4a42581f334ad4303aa6b?s=96&d=mm&r=g\",\"caption\":\"Reda\u00e7\u00e3o\"}}]}<\/script>\n<!-- \/ Yoast SEO plugin. -->","yoast_head_json":{"title":"O Brasil, o governo americano e a omiss\u00e3o da grande m\u00eddia - Notibras","robots":{"index":"index","follow":"follow","max-snippet":"max-snippet:-1","max-image-preview":"max-image-preview:large","max-video-preview":"max-video-preview:-1"},"canonical":"https:\/\/www.notibras.com\/site\/o-brasil-o-governo-americano-e-a-omissao-da-grande-midia\/","og_locale":"pt_BR","og_type":"article","og_title":"O Brasil, o governo americano e a omiss\u00e3o da grande m\u00eddia - Notibras","og_description":"Estamos no sexto ano da maior crise do capitalismo mundial, s\u00f3 compar\u00e1vel \u00e0 de 1929. Nesse per\u00edodo, o mundo perdeu &#8211; e ainda n\u00e3o recuperou! &#8211; 65 milh\u00f5es de postos de trabalho, segundo dados da Organiza\u00e7\u00e3o Internacional do Trabalho (OIT), at\u00e9 o final de 2013. Enquanto isso o Brasil conseguiu criar mais de 11 milh\u00f5es [&hellip;]","og_url":"https:\/\/www.notibras.com\/site\/o-brasil-o-governo-americano-e-a-omissao-da-grande-midia\/","og_site_name":"Notibras","article_publisher":"https:\/\/www.facebook.com\/notibras\/","article_published_time":"2014-06-08T01:41:00+00:00","og_image":[{"width":480,"height":356,"url":"https:\/\/www.notibras.com\/site\/wp-content\/uploads\/2014\/06\/op.jpg","type":"image\/jpeg"}],"author":"Reda\u00e7\u00e3o","twitter_card":"summary_large_image","twitter_creator":"@Notibras","twitter_site":"@Notibras","twitter_misc":{"Escrito por":"Reda\u00e7\u00e3o","Est. tempo de leitura":"3 minutos"},"schema":{"@context":"https:\/\/schema.org","@graph":[{"@type":"Article","@id":"https:\/\/www.notibras.com\/site\/o-brasil-o-governo-americano-e-a-omissao-da-grande-midia\/#article","isPartOf":{"@id":"https:\/\/www.notibras.com\/site\/o-brasil-o-governo-americano-e-a-omissao-da-grande-midia\/"},"author":{"name":"Reda\u00e7\u00e3o","@id":"https:\/\/www.notibras.com\/site\/#\/schema\/person\/36ab0979449956132d3e5b517ea76ac8"},"headline":"O Brasil, o governo americano e a omiss\u00e3o da grande m\u00eddia","datePublished":"2014-06-08T01:41:00+00:00","mainEntityOfPage":{"@id":"https:\/\/www.notibras.com\/site\/o-brasil-o-governo-americano-e-a-omissao-da-grande-midia\/"},"wordCount":711,"commentCount":0,"publisher":{"@id":"https:\/\/www.notibras.com\/site\/#organization"},"image":{"@id":"https:\/\/www.notibras.com\/site\/o-brasil-o-governo-americano-e-a-omissao-da-grande-midia\/#primaryimage"},"thumbnailUrl":"https:\/\/www.notibras.com\/site\/wp-content\/uploads\/2014\/06\/op.jpg","articleSection":["Opina a\u00ed"],"inLanguage":"pt-BR","potentialAction":[{"@type":"CommentAction","name":"Comment","target":["https:\/\/www.notibras.com\/site\/o-brasil-o-governo-americano-e-a-omissao-da-grande-midia\/#respond"]}]},{"@type":"WebPage","@id":"https:\/\/www.notibras.com\/site\/o-brasil-o-governo-americano-e-a-omissao-da-grande-midia\/","url":"https:\/\/www.notibras.com\/site\/o-brasil-o-governo-americano-e-a-omissao-da-grande-midia\/","name":"O Brasil, o governo americano e a omiss\u00e3o da grande m\u00eddia - Notibras","isPartOf":{"@id":"https:\/\/www.notibras.com\/site\/#website"},"primaryImageOfPage":{"@id":"https:\/\/www.notibras.com\/site\/o-brasil-o-governo-americano-e-a-omissao-da-grande-midia\/#primaryimage"},"image":{"@id":"https:\/\/www.notibras.com\/site\/o-brasil-o-governo-americano-e-a-omissao-da-grande-midia\/#primaryimage"},"thumbnailUrl":"https:\/\/www.notibras.com\/site\/wp-content\/uploads\/2014\/06\/op.jpg","datePublished":"2014-06-08T01:41:00+00:00","breadcrumb":{"@id":"https:\/\/www.notibras.com\/site\/o-brasil-o-governo-americano-e-a-omissao-da-grande-midia\/#breadcrumb"},"inLanguage":"pt-BR","potentialAction":[{"@type":"ReadAction","target":["https:\/\/www.notibras.com\/site\/o-brasil-o-governo-americano-e-a-omissao-da-grande-midia\/"]}]},{"@type":"ImageObject","inLanguage":"pt-BR","@id":"https:\/\/www.notibras.com\/site\/o-brasil-o-governo-americano-e-a-omissao-da-grande-midia\/#primaryimage","url":"https:\/\/www.notibras.com\/site\/wp-content\/uploads\/2014\/06\/op.jpg","contentUrl":"https:\/\/www.notibras.com\/site\/wp-content\/uploads\/2014\/06\/op.jpg","width":480,"height":356},{"@type":"BreadcrumbList","@id":"https:\/\/www.notibras.com\/site\/o-brasil-o-governo-americano-e-a-omissao-da-grande-midia\/#breadcrumb","itemListElement":[{"@type":"ListItem","position":1,"name":"In\u00edcio","item":"https:\/\/www.notibras.com\/site\/"},{"@type":"ListItem","position":2,"name":"O Brasil, o governo americano e a omiss\u00e3o da grande m\u00eddia"}]},{"@type":"WebSite","@id":"https:\/\/www.notibras.com\/site\/#website","url":"https:\/\/www.notibras.com\/site\/","name":"Notibras","description":"Not\u00edcias de Bras\u00edlia, do Brasil e do Mundo","publisher":{"@id":"https:\/\/www.notibras.com\/site\/#organization"},"potentialAction":[{"@type":"SearchAction","target":{"@type":"EntryPoint","urlTemplate":"https:\/\/www.notibras.com\/site\/?s={search_term_string}"},"query-input":{"@type":"PropertyValueSpecification","valueRequired":true,"valueName":"search_term_string"}}],"inLanguage":"pt-BR"},{"@type":"Organization","@id":"https:\/\/www.notibras.com\/site\/#organization","name":"Grupo Notibras de Comunica\u00e7\u00e3o","url":"https:\/\/www.notibras.com\/site\/","logo":{"@type":"ImageObject","inLanguage":"pt-BR","@id":"https:\/\/www.notibras.com\/site\/#\/schema\/logo\/image\/","url":"https:\/\/www.notibras.com\/site\/wp-content\/uploads\/2023\/01\/notibras23.png","contentUrl":"https:\/\/www.notibras.com\/site\/wp-content\/uploads\/2023\/01\/notibras23.png","width":350,"height":87,"caption":"Grupo Notibras de Comunica\u00e7\u00e3o"},"image":{"@id":"https:\/\/www.notibras.com\/site\/#\/schema\/logo\/image\/"},"sameAs":["https:\/\/www.facebook.com\/notibras\/","https:\/\/x.com\/Notibras","https:\/\/www.instagram.com\/notibras\/"]},{"@type":"Person","@id":"https:\/\/www.notibras.com\/site\/#\/schema\/person\/36ab0979449956132d3e5b517ea76ac8","name":"Reda\u00e7\u00e3o","image":{"@type":"ImageObject","inLanguage":"pt-BR","@id":"https:\/\/secure.gravatar.com\/avatar\/e0a867bdedb85fd243eadf09663511f96fc81e0720a4a42581f334ad4303aa6b?s=96&d=mm&r=g","url":"https:\/\/secure.gravatar.com\/avatar\/e0a867bdedb85fd243eadf09663511f96fc81e0720a4a42581f334ad4303aa6b?s=96&d=mm&r=g","contentUrl":"https:\/\/secure.gravatar.com\/avatar\/e0a867bdedb85fd243eadf09663511f96fc81e0720a4a42581f334ad4303aa6b?s=96&d=mm&r=g","caption":"Reda\u00e7\u00e3o"}}]}},"amp_enabled":true,"_links":{"self":[{"href":"https:\/\/www.notibras.com\/site\/wp-json\/wp\/v2\/posts\/12676","targetHints":{"allow":["GET"]}}],"collection":[{"href":"https:\/\/www.notibras.com\/site\/wp-json\/wp\/v2\/posts"}],"about":[{"href":"https:\/\/www.notibras.com\/site\/wp-json\/wp\/v2\/types\/post"}],"author":[{"embeddable":true,"href":"https:\/\/www.notibras.com\/site\/wp-json\/wp\/v2\/users\/2"}],"replies":[{"embeddable":true,"href":"https:\/\/www.notibras.com\/site\/wp-json\/wp\/v2\/comments?post=12676"}],"version-history":[{"count":0,"href":"https:\/\/www.notibras.com\/site\/wp-json\/wp\/v2\/posts\/12676\/revisions"}],"wp:featuredmedia":[{"embeddable":true,"href":"https:\/\/www.notibras.com\/site\/wp-json\/wp\/v2\/media\/12677"}],"wp:attachment":[{"href":"https:\/\/www.notibras.com\/site\/wp-json\/wp\/v2\/media?parent=12676"}],"wp:term":[{"taxonomy":"category","embeddable":true,"href":"https:\/\/www.notibras.com\/site\/wp-json\/wp\/v2\/categories?post=12676"},{"taxonomy":"post_tag","embeddable":true,"href":"https:\/\/www.notibras.com\/site\/wp-json\/wp\/v2\/tags?post=12676"}],"curies":[{"name":"wp","href":"https:\/\/api.w.org\/{rel}","templated":true}]}}