{"id":126939,"date":"2017-01-28T08:44:24","date_gmt":"2017-01-28T10:44:24","guid":{"rendered":"http:\/\/www.notibras.com\/site\/?p=126939"},"modified":"2017-01-28T08:44:24","modified_gmt":"2017-01-28T10:44:24","slug":"temer-vai-chegar-2018-mas-ja-com-cara-sonolenta","status":"publish","type":"post","link":"https:\/\/www.notibras.com\/site\/temer-vai-chegar-2018-mas-ja-com-cara-sonolenta\/","title":{"rendered":"Temer vai chegar a 2018, mas j\u00e1 com cara sonolenta"},"content":{"rendered":"<p><strong>Leonardo Mota Neto<\/strong><\/p>\n<p>A travessia do presidente Temer at\u00e9 2018 est\u00e1 assegurada no que depender do processo corrente no TSE.<\/p>\n<p>Se houver julgamento desfavor\u00e1vel, haver\u00e1 margem para recurso que demoraria tr\u00eas anos no m\u00ednimo para ser apreciado.<\/p>\n<p>Temer n\u00e3o dever\u00e1 focar suas preocupa\u00e7\u00f5es no TSE, mas na qualidade de seu governo, que erra por compuls\u00e3o.<\/p>\n<p>A gest\u00e3o do sistema penitenci\u00e1rio \u00e9 uma l\u00e1stima a c\u00e9u aberto e o combate \u00e0 febre amarela perde a batalha para mosquito da esquina.<\/p>\n<p>At\u00e9 mesmo uma simples escolha de uma foto oficial \u00e9 tema de controv\u00e9rsia.<\/p>\n<p>Assim, chegar\u00e1 a 2018, sim, mas chegar\u00e1 no soro.<\/p>\n","protected":false},"excerpt":{"rendered":"<p>Leonardo Mota Neto A travessia do presidente Temer at\u00e9 2018 est\u00e1 assegurada no que depender do processo corrente no TSE. Se houver julgamento desfavor\u00e1vel, haver\u00e1 margem para recurso que demoraria tr\u00eas anos no m\u00ednimo para ser apreciado. Temer n\u00e3o dever\u00e1 focar suas preocupa\u00e7\u00f5es no TSE, mas na qualidade de seu governo, que erra por compuls\u00e3o. [&hellip;]<\/p>\n","protected":false},"author":2,"featured_media":126940,"comment_status":"open","ping_status":"closed","sticky":false,"template":"","format":"standard","meta":{"_acf_changed":false,"footnotes":""},"categories":[25],"tags":[],"class_list":["post-126939","post","type-post","status-publish","format-standard","has-post-thumbnail","hentry","category-opina-ai"],"acf":[],"yoast_head":"<!-- This site is optimized with the Yoast SEO plugin v27.5 - https:\/\/yoast.com\/product\/yoast-seo-wordpress\/ -->\n<title>Temer vai chegar a 2018, mas j\u00e1 com cara sonolenta - Notibras<\/title>\n<meta name=\"robots\" content=\"index, follow, max-snippet:-1, max-image-preview:large, max-video-preview:-1\" \/>\n<link rel=\"canonical\" href=\"https:\/\/www.notibras.com\/site\/temer-vai-chegar-2018-mas-ja-com-cara-sonolenta\/\" \/>\n<meta property=\"og:locale\" content=\"pt_BR\" \/>\n<meta property=\"og:type\" content=\"article\" \/>\n<meta property=\"og:title\" content=\"Temer vai chegar a 2018, mas j\u00e1 com cara sonolenta - Notibras\" \/>\n<meta property=\"og:description\" content=\"Leonardo Mota Neto A travessia do presidente Temer at\u00e9 2018 est\u00e1 assegurada no que depender do processo corrente no TSE. Se houver julgamento desfavor\u00e1vel, haver\u00e1 margem para recurso que demoraria tr\u00eas anos no m\u00ednimo para ser apreciado. Temer n\u00e3o dever\u00e1 focar suas preocupa\u00e7\u00f5es no TSE, mas na qualidade de seu governo, que erra por compuls\u00e3o. [&hellip;]\" \/>\n<meta property=\"og:url\" content=\"https:\/\/www.notibras.com\/site\/temer-vai-chegar-2018-mas-ja-com-cara-sonolenta\/\" \/>\n<meta property=\"og:site_name\" content=\"Notibras\" \/>\n<meta property=\"article:publisher\" content=\"https:\/\/www.facebook.com\/notibras\/\" \/>\n<meta property=\"article:published_time\" content=\"2017-01-28T10:44:24+00:00\" \/>\n<meta property=\"og:image\" content=\"https:\/\/www.notibras.com\/site\/wp-content\/uploads\/2017\/01\/temer-oficial.jpeg\" \/>\n\t<meta property=\"og:image:width\" content=\"620\" \/>\n\t<meta property=\"og:image:height\" content=\"579\" \/>\n\t<meta property=\"og:image:type\" content=\"image\/jpeg\" \/>\n<meta name=\"author\" content=\"Reda\u00e7\u00e3o\" \/>\n<meta name=\"twitter:card\" content=\"summary_large_image\" \/>\n<meta name=\"twitter:creator\" content=\"@Notibras\" \/>\n<meta name=\"twitter:site\" content=\"@Notibras\" \/>\n<meta name=\"twitter:label1\" content=\"Escrito por\" \/>\n\t<meta name=\"twitter:data1\" content=\"Reda\u00e7\u00e3o\" \/>\n\t<meta name=\"twitter:label2\" content=\"Est. tempo de leitura\" \/>\n\t<meta name=\"twitter:data2\" content=\"1 minuto\" \/>\n<script type=\"application\/ld+json\" class=\"yoast-schema-graph\">{\"@context\":\"https:\\\/\\\/schema.org\",\"@graph\":[{\"@type\":\"Article\",\"@id\":\"https:\\\/\\\/www.notibras.com\\\/site\\\/temer-vai-chegar-2018-mas-ja-com-cara-sonolenta\\\/#article\",\"isPartOf\":{\"@id\":\"https:\\\/\\\/www.notibras.com\\\/site\\\/temer-vai-chegar-2018-mas-ja-com-cara-sonolenta\\\/\"},\"author\":{\"name\":\"Reda\u00e7\u00e3o\",\"@id\":\"https:\\\/\\\/www.notibras.com\\\/site\\\/#\\\/schema\\\/person\\\/36ab0979449956132d3e5b517ea76ac8\"},\"headline\":\"Temer vai chegar a 2018, mas j\u00e1 com cara sonolenta\",\"datePublished\":\"2017-01-28T10:44:24+00:00\",\"mainEntityOfPage\":{\"@id\":\"https:\\\/\\\/www.notibras.com\\\/site\\\/temer-vai-chegar-2018-mas-ja-com-cara-sonolenta\\\/\"},\"wordCount\":116,\"commentCount\":0,\"publisher\":{\"@id\":\"https:\\\/\\\/www.notibras.com\\\/site\\\/#organization\"},\"image\":{\"@id\":\"https:\\\/\\\/www.notibras.com\\\/site\\\/temer-vai-chegar-2018-mas-ja-com-cara-sonolenta\\\/#primaryimage\"},\"thumbnailUrl\":\"https:\\\/\\\/www.notibras.com\\\/site\\\/wp-content\\\/uploads\\\/2017\\\/01\\\/temer-oficial.jpeg\",\"articleSection\":[\"Opina a\u00ed\"],\"inLanguage\":\"pt-BR\",\"potentialAction\":[{\"@type\":\"CommentAction\",\"name\":\"Comment\",\"target\":[\"https:\\\/\\\/www.notibras.com\\\/site\\\/temer-vai-chegar-2018-mas-ja-com-cara-sonolenta\\\/#respond\"]}]},{\"@type\":\"WebPage\",\"@id\":\"https:\\\/\\\/www.notibras.com\\\/site\\\/temer-vai-chegar-2018-mas-ja-com-cara-sonolenta\\\/\",\"url\":\"https:\\\/\\\/www.notibras.com\\\/site\\\/temer-vai-chegar-2018-mas-ja-com-cara-sonolenta\\\/\",\"name\":\"Temer vai chegar a 2018, mas j\u00e1 com cara sonolenta - Notibras\",\"isPartOf\":{\"@id\":\"https:\\\/\\\/www.notibras.com\\\/site\\\/#website\"},\"primaryImageOfPage\":{\"@id\":\"https:\\\/\\\/www.notibras.com\\\/site\\\/temer-vai-chegar-2018-mas-ja-com-cara-sonolenta\\\/#primaryimage\"},\"image\":{\"@id\":\"https:\\\/\\\/www.notibras.com\\\/site\\\/temer-vai-chegar-2018-mas-ja-com-cara-sonolenta\\\/#primaryimage\"},\"thumbnailUrl\":\"https:\\\/\\\/www.notibras.com\\\/site\\\/wp-content\\\/uploads\\\/2017\\\/01\\\/temer-oficial.jpeg\",\"datePublished\":\"2017-01-28T10:44:24+00:00\",\"breadcrumb\":{\"@id\":\"https:\\\/\\\/www.notibras.com\\\/site\\\/temer-vai-chegar-2018-mas-ja-com-cara-sonolenta\\\/#breadcrumb\"},\"inLanguage\":\"pt-BR\",\"potentialAction\":[{\"@type\":\"ReadAction\",\"target\":[\"https:\\\/\\\/www.notibras.com\\\/site\\\/temer-vai-chegar-2018-mas-ja-com-cara-sonolenta\\\/\"]}]},{\"@type\":\"ImageObject\",\"inLanguage\":\"pt-BR\",\"@id\":\"https:\\\/\\\/www.notibras.com\\\/site\\\/temer-vai-chegar-2018-mas-ja-com-cara-sonolenta\\\/#primaryimage\",\"url\":\"https:\\\/\\\/www.notibras.com\\\/site\\\/wp-content\\\/uploads\\\/2017\\\/01\\\/temer-oficial.jpeg\",\"contentUrl\":\"https:\\\/\\\/www.notibras.com\\\/site\\\/wp-content\\\/uploads\\\/2017\\\/01\\\/temer-oficial.jpeg\",\"width\":620,\"height\":579},{\"@type\":\"BreadcrumbList\",\"@id\":\"https:\\\/\\\/www.notibras.com\\\/site\\\/temer-vai-chegar-2018-mas-ja-com-cara-sonolenta\\\/#breadcrumb\",\"itemListElement\":[{\"@type\":\"ListItem\",\"position\":1,\"name\":\"In\u00edcio\",\"item\":\"https:\\\/\\\/www.notibras.com\\\/site\\\/\"},{\"@type\":\"ListItem\",\"position\":2,\"name\":\"Temer vai chegar a 2018, mas j\u00e1 com cara sonolenta\"}]},{\"@type\":\"WebSite\",\"@id\":\"https:\\\/\\\/www.notibras.com\\\/site\\\/#website\",\"url\":\"https:\\\/\\\/www.notibras.com\\\/site\\\/\",\"name\":\"Notibras\",\"description\":\"Not\u00edcias de Bras\u00edlia, do Brasil e do Mundo\",\"publisher\":{\"@id\":\"https:\\\/\\\/www.notibras.com\\\/site\\\/#organization\"},\"potentialAction\":[{\"@type\":\"SearchAction\",\"target\":{\"@type\":\"EntryPoint\",\"urlTemplate\":\"https:\\\/\\\/www.notibras.com\\\/site\\\/?s={search_term_string}\"},\"query-input\":{\"@type\":\"PropertyValueSpecification\",\"valueRequired\":true,\"valueName\":\"search_term_string\"}}],\"inLanguage\":\"pt-BR\"},{\"@type\":\"Organization\",\"@id\":\"https:\\\/\\\/www.notibras.com\\\/site\\\/#organization\",\"name\":\"Grupo Notibras de Comunica\u00e7\u00e3o\",\"url\":\"https:\\\/\\\/www.notibras.com\\\/site\\\/\",\"logo\":{\"@type\":\"ImageObject\",\"inLanguage\":\"pt-BR\",\"@id\":\"https:\\\/\\\/www.notibras.com\\\/site\\\/#\\\/schema\\\/logo\\\/image\\\/\",\"url\":\"https:\\\/\\\/www.notibras.com\\\/site\\\/wp-content\\\/uploads\\\/2023\\\/01\\\/notibras23.png\",\"contentUrl\":\"https:\\\/\\\/www.notibras.com\\\/site\\\/wp-content\\\/uploads\\\/2023\\\/01\\\/notibras23.png\",\"width\":350,\"height\":87,\"caption\":\"Grupo Notibras de Comunica\u00e7\u00e3o\"},\"image\":{\"@id\":\"https:\\\/\\\/www.notibras.com\\\/site\\\/#\\\/schema\\\/logo\\\/image\\\/\"},\"sameAs\":[\"https:\\\/\\\/www.facebook.com\\\/notibras\\\/\",\"https:\\\/\\\/x.com\\\/Notibras\",\"https:\\\/\\\/www.instagram.com\\\/notibras\\\/\"]},{\"@type\":\"Person\",\"@id\":\"https:\\\/\\\/www.notibras.com\\\/site\\\/#\\\/schema\\\/person\\\/36ab0979449956132d3e5b517ea76ac8\",\"name\":\"Reda\u00e7\u00e3o\",\"image\":{\"@type\":\"ImageObject\",\"inLanguage\":\"pt-BR\",\"@id\":\"https:\\\/\\\/secure.gravatar.com\\\/avatar\\\/e0a867bdedb85fd243eadf09663511f96fc81e0720a4a42581f334ad4303aa6b?s=96&d=mm&r=g\",\"url\":\"https:\\\/\\\/secure.gravatar.com\\\/avatar\\\/e0a867bdedb85fd243eadf09663511f96fc81e0720a4a42581f334ad4303aa6b?s=96&d=mm&r=g\",\"contentUrl\":\"https:\\\/\\\/secure.gravatar.com\\\/avatar\\\/e0a867bdedb85fd243eadf09663511f96fc81e0720a4a42581f334ad4303aa6b?s=96&d=mm&r=g\",\"caption\":\"Reda\u00e7\u00e3o\"}}]}<\/script>\n<!-- \/ Yoast SEO plugin. -->","yoast_head_json":{"title":"Temer vai chegar a 2018, mas j\u00e1 com cara sonolenta - Notibras","robots":{"index":"index","follow":"follow","max-snippet":"max-snippet:-1","max-image-preview":"max-image-preview:large","max-video-preview":"max-video-preview:-1"},"canonical":"https:\/\/www.notibras.com\/site\/temer-vai-chegar-2018-mas-ja-com-cara-sonolenta\/","og_locale":"pt_BR","og_type":"article","og_title":"Temer vai chegar a 2018, mas j\u00e1 com cara sonolenta - Notibras","og_description":"Leonardo Mota Neto A travessia do presidente Temer at\u00e9 2018 est\u00e1 assegurada no que depender do processo corrente no TSE. Se houver julgamento desfavor\u00e1vel, haver\u00e1 margem para recurso que demoraria tr\u00eas anos no m\u00ednimo para ser apreciado. Temer n\u00e3o dever\u00e1 focar suas preocupa\u00e7\u00f5es no TSE, mas na qualidade de seu governo, que erra por compuls\u00e3o. [&hellip;]","og_url":"https:\/\/www.notibras.com\/site\/temer-vai-chegar-2018-mas-ja-com-cara-sonolenta\/","og_site_name":"Notibras","article_publisher":"https:\/\/www.facebook.com\/notibras\/","article_published_time":"2017-01-28T10:44:24+00:00","og_image":[{"width":620,"height":579,"url":"https:\/\/www.notibras.com\/site\/wp-content\/uploads\/2017\/01\/temer-oficial.jpeg","type":"image\/jpeg"}],"author":"Reda\u00e7\u00e3o","twitter_card":"summary_large_image","twitter_creator":"@Notibras","twitter_site":"@Notibras","twitter_misc":{"Escrito por":"Reda\u00e7\u00e3o","Est. tempo de leitura":"1 minuto"},"schema":{"@context":"https:\/\/schema.org","@graph":[{"@type":"Article","@id":"https:\/\/www.notibras.com\/site\/temer-vai-chegar-2018-mas-ja-com-cara-sonolenta\/#article","isPartOf":{"@id":"https:\/\/www.notibras.com\/site\/temer-vai-chegar-2018-mas-ja-com-cara-sonolenta\/"},"author":{"name":"Reda\u00e7\u00e3o","@id":"https:\/\/www.notibras.com\/site\/#\/schema\/person\/36ab0979449956132d3e5b517ea76ac8"},"headline":"Temer vai chegar a 2018, mas j\u00e1 com cara sonolenta","datePublished":"2017-01-28T10:44:24+00:00","mainEntityOfPage":{"@id":"https:\/\/www.notibras.com\/site\/temer-vai-chegar-2018-mas-ja-com-cara-sonolenta\/"},"wordCount":116,"commentCount":0,"publisher":{"@id":"https:\/\/www.notibras.com\/site\/#organization"},"image":{"@id":"https:\/\/www.notibras.com\/site\/temer-vai-chegar-2018-mas-ja-com-cara-sonolenta\/#primaryimage"},"thumbnailUrl":"https:\/\/www.notibras.com\/site\/wp-content\/uploads\/2017\/01\/temer-oficial.jpeg","articleSection":["Opina a\u00ed"],"inLanguage":"pt-BR","potentialAction":[{"@type":"CommentAction","name":"Comment","target":["https:\/\/www.notibras.com\/site\/temer-vai-chegar-2018-mas-ja-com-cara-sonolenta\/#respond"]}]},{"@type":"WebPage","@id":"https:\/\/www.notibras.com\/site\/temer-vai-chegar-2018-mas-ja-com-cara-sonolenta\/","url":"https:\/\/www.notibras.com\/site\/temer-vai-chegar-2018-mas-ja-com-cara-sonolenta\/","name":"Temer vai chegar a 2018, mas j\u00e1 com cara sonolenta - Notibras","isPartOf":{"@id":"https:\/\/www.notibras.com\/site\/#website"},"primaryImageOfPage":{"@id":"https:\/\/www.notibras.com\/site\/temer-vai-chegar-2018-mas-ja-com-cara-sonolenta\/#primaryimage"},"image":{"@id":"https:\/\/www.notibras.com\/site\/temer-vai-chegar-2018-mas-ja-com-cara-sonolenta\/#primaryimage"},"thumbnailUrl":"https:\/\/www.notibras.com\/site\/wp-content\/uploads\/2017\/01\/temer-oficial.jpeg","datePublished":"2017-01-28T10:44:24+00:00","breadcrumb":{"@id":"https:\/\/www.notibras.com\/site\/temer-vai-chegar-2018-mas-ja-com-cara-sonolenta\/#breadcrumb"},"inLanguage":"pt-BR","potentialAction":[{"@type":"ReadAction","target":["https:\/\/www.notibras.com\/site\/temer-vai-chegar-2018-mas-ja-com-cara-sonolenta\/"]}]},{"@type":"ImageObject","inLanguage":"pt-BR","@id":"https:\/\/www.notibras.com\/site\/temer-vai-chegar-2018-mas-ja-com-cara-sonolenta\/#primaryimage","url":"https:\/\/www.notibras.com\/site\/wp-content\/uploads\/2017\/01\/temer-oficial.jpeg","contentUrl":"https:\/\/www.notibras.com\/site\/wp-content\/uploads\/2017\/01\/temer-oficial.jpeg","width":620,"height":579},{"@type":"BreadcrumbList","@id":"https:\/\/www.notibras.com\/site\/temer-vai-chegar-2018-mas-ja-com-cara-sonolenta\/#breadcrumb","itemListElement":[{"@type":"ListItem","position":1,"name":"In\u00edcio","item":"https:\/\/www.notibras.com\/site\/"},{"@type":"ListItem","position":2,"name":"Temer vai chegar a 2018, mas j\u00e1 com cara sonolenta"}]},{"@type":"WebSite","@id":"https:\/\/www.notibras.com\/site\/#website","url":"https:\/\/www.notibras.com\/site\/","name":"Notibras","description":"Not\u00edcias de Bras\u00edlia, do Brasil e do Mundo","publisher":{"@id":"https:\/\/www.notibras.com\/site\/#organization"},"potentialAction":[{"@type":"SearchAction","target":{"@type":"EntryPoint","urlTemplate":"https:\/\/www.notibras.com\/site\/?s={search_term_string}"},"query-input":{"@type":"PropertyValueSpecification","valueRequired":true,"valueName":"search_term_string"}}],"inLanguage":"pt-BR"},{"@type":"Organization","@id":"https:\/\/www.notibras.com\/site\/#organization","name":"Grupo Notibras de Comunica\u00e7\u00e3o","url":"https:\/\/www.notibras.com\/site\/","logo":{"@type":"ImageObject","inLanguage":"pt-BR","@id":"https:\/\/www.notibras.com\/site\/#\/schema\/logo\/image\/","url":"https:\/\/www.notibras.com\/site\/wp-content\/uploads\/2023\/01\/notibras23.png","contentUrl":"https:\/\/www.notibras.com\/site\/wp-content\/uploads\/2023\/01\/notibras23.png","width":350,"height":87,"caption":"Grupo Notibras de Comunica\u00e7\u00e3o"},"image":{"@id":"https:\/\/www.notibras.com\/site\/#\/schema\/logo\/image\/"},"sameAs":["https:\/\/www.facebook.com\/notibras\/","https:\/\/x.com\/Notibras","https:\/\/www.instagram.com\/notibras\/"]},{"@type":"Person","@id":"https:\/\/www.notibras.com\/site\/#\/schema\/person\/36ab0979449956132d3e5b517ea76ac8","name":"Reda\u00e7\u00e3o","image":{"@type":"ImageObject","inLanguage":"pt-BR","@id":"https:\/\/secure.gravatar.com\/avatar\/e0a867bdedb85fd243eadf09663511f96fc81e0720a4a42581f334ad4303aa6b?s=96&d=mm&r=g","url":"https:\/\/secure.gravatar.com\/avatar\/e0a867bdedb85fd243eadf09663511f96fc81e0720a4a42581f334ad4303aa6b?s=96&d=mm&r=g","contentUrl":"https:\/\/secure.gravatar.com\/avatar\/e0a867bdedb85fd243eadf09663511f96fc81e0720a4a42581f334ad4303aa6b?s=96&d=mm&r=g","caption":"Reda\u00e7\u00e3o"}}]}},"amp_enabled":true,"_links":{"self":[{"href":"https:\/\/www.notibras.com\/site\/wp-json\/wp\/v2\/posts\/126939","targetHints":{"allow":["GET"]}}],"collection":[{"href":"https:\/\/www.notibras.com\/site\/wp-json\/wp\/v2\/posts"}],"about":[{"href":"https:\/\/www.notibras.com\/site\/wp-json\/wp\/v2\/types\/post"}],"author":[{"embeddable":true,"href":"https:\/\/www.notibras.com\/site\/wp-json\/wp\/v2\/users\/2"}],"replies":[{"embeddable":true,"href":"https:\/\/www.notibras.com\/site\/wp-json\/wp\/v2\/comments?post=126939"}],"version-history":[{"count":1,"href":"https:\/\/www.notibras.com\/site\/wp-json\/wp\/v2\/posts\/126939\/revisions"}],"predecessor-version":[{"id":126941,"href":"https:\/\/www.notibras.com\/site\/wp-json\/wp\/v2\/posts\/126939\/revisions\/126941"}],"wp:featuredmedia":[{"embeddable":true,"href":"https:\/\/www.notibras.com\/site\/wp-json\/wp\/v2\/media\/126940"}],"wp:attachment":[{"href":"https:\/\/www.notibras.com\/site\/wp-json\/wp\/v2\/media?parent=126939"}],"wp:term":[{"taxonomy":"category","embeddable":true,"href":"https:\/\/www.notibras.com\/site\/wp-json\/wp\/v2\/categories?post=126939"},{"taxonomy":"post_tag","embeddable":true,"href":"https:\/\/www.notibras.com\/site\/wp-json\/wp\/v2\/tags?post=126939"}],"curies":[{"name":"wp","href":"https:\/\/api.w.org\/{rel}","templated":true}]}}