{"id":127147,"date":"2017-01-30T21:36:30","date_gmt":"2017-01-30T23:36:30","guid":{"rendered":"http:\/\/www.notibras.com\/site\/?p=127147"},"modified":"2017-01-30T21:39:10","modified_gmt":"2017-01-30T23:39:10","slug":"desemprego-e-tumor-que-precisa-ser-extirpado-logo","status":"publish","type":"post","link":"https:\/\/www.notibras.com\/site\/desemprego-e-tumor-que-precisa-ser-extirpado-logo\/","title":{"rendered":"Desemprego \u00e9 um tumor que precisa ser extirpado logo"},"content":{"rendered":"<p>Em medicina, a diferen\u00e7a entre o veneno e o rem\u00e9dio \u00e9 a dosagem. Medica\u00e7\u00e3o em excesso, em vez de curar, mata. \u00c9 o que, por analogia, ocorre no Brasil, no campo das rela\u00e7\u00f5es do trabalho, em que a mais que septuagen\u00e1ria CLT (de 1943) tornou-se, em vez de garantia, obst\u00e1culo \u00e0 expans\u00e3o do emprego.<\/p>\n<p>Contratar um empregado, em meio ao cipoal de regula\u00e7\u00f5es e leis protecionistas \u2013e que protegem apenas um dos lados\u2013, intimida o empregador, pelo custo adicional que lhe imp\u00f5em impostos e benef\u00edcios legais. Um empregado, em regra, custa \u00e0 empresa mais que o dobro do que efetivamente receber\u00e1. E n\u00e3o \u00e9 s\u00f3.<\/p>\n<p>A CLT chega ao requinte de, no par\u00e1grafo 1\u00ba, do artigo 477, invalidar a homologa\u00e7\u00e3o de um pedido de demiss\u00e3o, ainda que as partes estejam de pleno acordo, se n\u00e3o houver a anu\u00eancia do sindicato, investido sempre de autoridade arbitral absoluta.<\/p>\n<p>Como se n\u00e3o bastasse, a jurisprud\u00eancia j\u00e1 admite o \u201crecurso de revista\u201d, em que, mesmo depois de homologado, o acordo pode ser anulado.<\/p>\n<p>Numa crise com 14 milh\u00f5es de desempregados, a legisla\u00e7\u00e3o a agrava, ao dificultar \u2013ou mesmo impedir\u2013 a busca de solu\u00e7\u00f5es, anomalia que tem a chancela sindical.<\/p>\n<p>E foi essa cultura esquerdista\/sindicalista que consagrou entre n\u00f3s um paradoxo: ama-se o emprego, mas odeia-se \u2013e criminaliza-se\u2013 quem os cria, o empres\u00e1rio.<\/p>\n<p>H\u00e1 no Brasil, segundo o Minist\u00e9rio do Trabalho, nada menos que 11.257 sindicatos de trabalhadores, al\u00e9m de federa\u00e7\u00f5es, confedera\u00e7\u00f5es e centrais, todos sustentados pelo imposto sindical, pago inclusive pelos n\u00e3o sindicalizados.<\/p>\n<p>O PT estimulou essa expans\u00e3o, o que resultou em bizarrices tais como o Sindicato dos Empregados em Entidades Sindicais (SP) \u2013o sindicato dos sindicalistas\u2013, sem falar em outro das Ind\u00fastrias de Camisas para Homens e Roupas Brancas de Confec\u00e7\u00e3o e Chap\u00e9us de Senhoras (RJ).<\/p>\n<p>Em 2016, os sindicatos receberam R$ 3,6 bilh\u00f5es; s\u00f3 as centrais sindicais, de 2008 a 2015, R$ 1 bilh\u00e3o. E com um detalhe: as centrais, em face da lei 11.648, sancionada por Lula, n\u00e3o precisam prestar contas ao TCU do que fazem com esse dinheiro. Lula vetou exatamente o artigo da presta\u00e7\u00e3o de contas.<\/p>\n<p>Sindicatos se expandiram, e os empregos se contra\u00edram. Para agravar, houve uma in\u00e9dita migra\u00e7\u00e3o de empresas brasileiras para pa\u00edses vizinhos, sobretudo o Paraguai, onde a burocracia e o anacronismo da legisla\u00e7\u00e3o n\u00e3o imperam.<\/p>\n<p>Hoje, as empresas brasileiras respondem por dois ter\u00e7os da economia paraguaia, que, em tr\u00eas anos, ganhou 78 ind\u00fastrias e 11 mil empregos diretos. Ou seja, estamos exportando empregos.<\/p>\n<p>De acordo com a Associa\u00e7\u00e3o Brasileira de Ind\u00fastria T\u00eaxtil, as pe\u00e7as feitas no Paraguai, em 2015, j\u00e1 representavam mais de 2% das vendas no Brasil.<\/p>\n<p>Por a\u00ed, se v\u00ea o que resulta do excesso de protecionismo estatal, sindical e legal. \u00c9 o chamado tiro pela culatra. E aqui cito Roberto Campos: \u201cQuanto mais regulamentos para os regulados, mais emolumentos para os reguladores\u2026\u201d.<\/p>\n<p>Esses dados evidenciam que, al\u00e9m da reforma trabalhista, imp\u00f5e-se a do pr\u00f3prio Estado.<\/p>\n<p>A aprova\u00e7\u00e3o da PEC dos gastos p\u00fablicos foi um p\u00e1lido come\u00e7o. Demandas essenciais \u2013sa\u00fade, educa\u00e7\u00e3o e seguran\u00e7a\u2013 ter\u00e3o de ser atendidas a partir de cortes em despesas desnecess\u00e1rias. Como a derrama sindical. Ou a ren\u00fancia fiscal \u2013R$ 11,3 bilh\u00f5es, em dez anos \u2013 decorrente da Lei Rouanet, beneficiando popstars e negligenciando museus e patrim\u00f4nio hist\u00f3rico.<\/p>\n<p>Gastou-se muito \u2013 e mal. A \u00fanica vantagem da crise \u00e9 que exp\u00f4s o tumor, que precisa ser extirpado.<\/p>\n<p>Esse \u00e9 o legado do PT, acrescido da roubalheira desenfreada, que constitui o maior caso de corrup\u00e7\u00e3o da hist\u00f3ria da humanidade.<\/p>\n","protected":false},"excerpt":{"rendered":"<p>Em medicina, a diferen\u00e7a entre o veneno e o rem\u00e9dio \u00e9 a dosagem. Medica\u00e7\u00e3o em excesso, em vez de curar, mata. \u00c9 o que, por analogia, ocorre no Brasil, no campo das rela\u00e7\u00f5es do trabalho, em que a mais que septuagen\u00e1ria CLT (de 1943) tornou-se, em vez de garantia, obst\u00e1culo \u00e0 expans\u00e3o do emprego. Contratar [&hellip;]<\/p>\n","protected":false},"author":2,"featured_media":127148,"comment_status":"open","ping_status":"closed","sticky":false,"template":"","format":"standard","meta":{"_acf_changed":false,"footnotes":""},"categories":[25],"tags":[],"class_list":["post-127147","post","type-post","status-publish","format-standard","has-post-thumbnail","hentry","category-opina-ai"],"acf":[],"yoast_head":"<!-- This site is optimized with the Yoast SEO plugin v27.5 - https:\/\/yoast.com\/product\/yoast-seo-wordpress\/ -->\n<title>Desemprego \u00e9 um tumor que precisa ser extirpado logo - Notibras<\/title>\n<meta name=\"robots\" content=\"index, follow, max-snippet:-1, max-image-preview:large, max-video-preview:-1\" \/>\n<link rel=\"canonical\" href=\"https:\/\/www.notibras.com\/site\/desemprego-e-tumor-que-precisa-ser-extirpado-logo\/\" \/>\n<meta property=\"og:locale\" content=\"pt_BR\" \/>\n<meta property=\"og:type\" content=\"article\" \/>\n<meta property=\"og:title\" content=\"Desemprego \u00e9 um tumor que precisa ser extirpado logo - Notibras\" \/>\n<meta property=\"og:description\" content=\"Em medicina, a diferen\u00e7a entre o veneno e o rem\u00e9dio \u00e9 a dosagem. Medica\u00e7\u00e3o em excesso, em vez de curar, mata. \u00c9 o que, por analogia, ocorre no Brasil, no campo das rela\u00e7\u00f5es do trabalho, em que a mais que septuagen\u00e1ria CLT (de 1943) tornou-se, em vez de garantia, obst\u00e1culo \u00e0 expans\u00e3o do emprego. Contratar [&hellip;]\" \/>\n<meta property=\"og:url\" content=\"https:\/\/www.notibras.com\/site\/desemprego-e-tumor-que-precisa-ser-extirpado-logo\/\" \/>\n<meta property=\"og:site_name\" content=\"Notibras\" \/>\n<meta property=\"article:publisher\" content=\"https:\/\/www.facebook.com\/notibras\/\" \/>\n<meta property=\"article:published_time\" content=\"2017-01-30T23:36:30+00:00\" \/>\n<meta property=\"article:modified_time\" content=\"2017-01-30T23:39:10+00:00\" \/>\n<meta property=\"og:image\" content=\"https:\/\/www.notibras.com\/site\/wp-content\/uploads\/2017\/01\/portal245desemprego.jpg\" \/>\n\t<meta property=\"og:image:width\" content=\"1280\" \/>\n\t<meta property=\"og:image:height\" content=\"853\" \/>\n\t<meta property=\"og:image:type\" content=\"image\/jpeg\" \/>\n<meta name=\"author\" content=\"Reda\u00e7\u00e3o\" \/>\n<meta name=\"twitter:card\" content=\"summary_large_image\" \/>\n<meta name=\"twitter:creator\" content=\"@Notibras\" \/>\n<meta name=\"twitter:site\" content=\"@Notibras\" \/>\n<meta name=\"twitter:label1\" content=\"Escrito por\" \/>\n\t<meta name=\"twitter:data1\" content=\"Reda\u00e7\u00e3o\" \/>\n\t<meta name=\"twitter:label2\" content=\"Est. tempo de leitura\" \/>\n\t<meta name=\"twitter:data2\" content=\"3 minutos\" \/>\n<script type=\"application\/ld+json\" class=\"yoast-schema-graph\">{\"@context\":\"https:\\\/\\\/schema.org\",\"@graph\":[{\"@type\":\"Article\",\"@id\":\"https:\\\/\\\/www.notibras.com\\\/site\\\/desemprego-e-tumor-que-precisa-ser-extirpado-logo\\\/#article\",\"isPartOf\":{\"@id\":\"https:\\\/\\\/www.notibras.com\\\/site\\\/desemprego-e-tumor-que-precisa-ser-extirpado-logo\\\/\"},\"author\":{\"name\":\"Reda\u00e7\u00e3o\",\"@id\":\"https:\\\/\\\/www.notibras.com\\\/site\\\/#\\\/schema\\\/person\\\/36ab0979449956132d3e5b517ea76ac8\"},\"headline\":\"Desemprego \u00e9 um tumor que precisa ser extirpado logo\",\"datePublished\":\"2017-01-30T23:36:30+00:00\",\"dateModified\":\"2017-01-30T23:39:10+00:00\",\"mainEntityOfPage\":{\"@id\":\"https:\\\/\\\/www.notibras.com\\\/site\\\/desemprego-e-tumor-que-precisa-ser-extirpado-logo\\\/\"},\"wordCount\":629,\"commentCount\":0,\"publisher\":{\"@id\":\"https:\\\/\\\/www.notibras.com\\\/site\\\/#organization\"},\"image\":{\"@id\":\"https:\\\/\\\/www.notibras.com\\\/site\\\/desemprego-e-tumor-que-precisa-ser-extirpado-logo\\\/#primaryimage\"},\"thumbnailUrl\":\"https:\\\/\\\/www.notibras.com\\\/site\\\/wp-content\\\/uploads\\\/2017\\\/01\\\/portal245desemprego.jpg\",\"articleSection\":[\"Opina a\u00ed\"],\"inLanguage\":\"pt-BR\",\"potentialAction\":[{\"@type\":\"CommentAction\",\"name\":\"Comment\",\"target\":[\"https:\\\/\\\/www.notibras.com\\\/site\\\/desemprego-e-tumor-que-precisa-ser-extirpado-logo\\\/#respond\"]}]},{\"@type\":\"WebPage\",\"@id\":\"https:\\\/\\\/www.notibras.com\\\/site\\\/desemprego-e-tumor-que-precisa-ser-extirpado-logo\\\/\",\"url\":\"https:\\\/\\\/www.notibras.com\\\/site\\\/desemprego-e-tumor-que-precisa-ser-extirpado-logo\\\/\",\"name\":\"Desemprego \u00e9 um tumor que precisa ser extirpado logo - Notibras\",\"isPartOf\":{\"@id\":\"https:\\\/\\\/www.notibras.com\\\/site\\\/#website\"},\"primaryImageOfPage\":{\"@id\":\"https:\\\/\\\/www.notibras.com\\\/site\\\/desemprego-e-tumor-que-precisa-ser-extirpado-logo\\\/#primaryimage\"},\"image\":{\"@id\":\"https:\\\/\\\/www.notibras.com\\\/site\\\/desemprego-e-tumor-que-precisa-ser-extirpado-logo\\\/#primaryimage\"},\"thumbnailUrl\":\"https:\\\/\\\/www.notibras.com\\\/site\\\/wp-content\\\/uploads\\\/2017\\\/01\\\/portal245desemprego.jpg\",\"datePublished\":\"2017-01-30T23:36:30+00:00\",\"dateModified\":\"2017-01-30T23:39:10+00:00\",\"breadcrumb\":{\"@id\":\"https:\\\/\\\/www.notibras.com\\\/site\\\/desemprego-e-tumor-que-precisa-ser-extirpado-logo\\\/#breadcrumb\"},\"inLanguage\":\"pt-BR\",\"potentialAction\":[{\"@type\":\"ReadAction\",\"target\":[\"https:\\\/\\\/www.notibras.com\\\/site\\\/desemprego-e-tumor-que-precisa-ser-extirpado-logo\\\/\"]}]},{\"@type\":\"ImageObject\",\"inLanguage\":\"pt-BR\",\"@id\":\"https:\\\/\\\/www.notibras.com\\\/site\\\/desemprego-e-tumor-que-precisa-ser-extirpado-logo\\\/#primaryimage\",\"url\":\"https:\\\/\\\/www.notibras.com\\\/site\\\/wp-content\\\/uploads\\\/2017\\\/01\\\/portal245desemprego.jpg\",\"contentUrl\":\"https:\\\/\\\/www.notibras.com\\\/site\\\/wp-content\\\/uploads\\\/2017\\\/01\\\/portal245desemprego.jpg\",\"width\":1280,\"height\":853,\"caption\":\"Foto\\\/Arquivo Notibras\"},{\"@type\":\"BreadcrumbList\",\"@id\":\"https:\\\/\\\/www.notibras.com\\\/site\\\/desemprego-e-tumor-que-precisa-ser-extirpado-logo\\\/#breadcrumb\",\"itemListElement\":[{\"@type\":\"ListItem\",\"position\":1,\"name\":\"In\u00edcio\",\"item\":\"https:\\\/\\\/www.notibras.com\\\/site\\\/\"},{\"@type\":\"ListItem\",\"position\":2,\"name\":\"Desemprego \u00e9 um tumor que precisa ser extirpado logo\"}]},{\"@type\":\"WebSite\",\"@id\":\"https:\\\/\\\/www.notibras.com\\\/site\\\/#website\",\"url\":\"https:\\\/\\\/www.notibras.com\\\/site\\\/\",\"name\":\"Notibras\",\"description\":\"Not\u00edcias de Bras\u00edlia, do Brasil e do Mundo\",\"publisher\":{\"@id\":\"https:\\\/\\\/www.notibras.com\\\/site\\\/#organization\"},\"potentialAction\":[{\"@type\":\"SearchAction\",\"target\":{\"@type\":\"EntryPoint\",\"urlTemplate\":\"https:\\\/\\\/www.notibras.com\\\/site\\\/?s={search_term_string}\"},\"query-input\":{\"@type\":\"PropertyValueSpecification\",\"valueRequired\":true,\"valueName\":\"search_term_string\"}}],\"inLanguage\":\"pt-BR\"},{\"@type\":\"Organization\",\"@id\":\"https:\\\/\\\/www.notibras.com\\\/site\\\/#organization\",\"name\":\"Grupo Notibras de Comunica\u00e7\u00e3o\",\"url\":\"https:\\\/\\\/www.notibras.com\\\/site\\\/\",\"logo\":{\"@type\":\"ImageObject\",\"inLanguage\":\"pt-BR\",\"@id\":\"https:\\\/\\\/www.notibras.com\\\/site\\\/#\\\/schema\\\/logo\\\/image\\\/\",\"url\":\"https:\\\/\\\/www.notibras.com\\\/site\\\/wp-content\\\/uploads\\\/2023\\\/01\\\/notibras23.png\",\"contentUrl\":\"https:\\\/\\\/www.notibras.com\\\/site\\\/wp-content\\\/uploads\\\/2023\\\/01\\\/notibras23.png\",\"width\":350,\"height\":87,\"caption\":\"Grupo Notibras de Comunica\u00e7\u00e3o\"},\"image\":{\"@id\":\"https:\\\/\\\/www.notibras.com\\\/site\\\/#\\\/schema\\\/logo\\\/image\\\/\"},\"sameAs\":[\"https:\\\/\\\/www.facebook.com\\\/notibras\\\/\",\"https:\\\/\\\/x.com\\\/Notibras\",\"https:\\\/\\\/www.instagram.com\\\/notibras\\\/\"]},{\"@type\":\"Person\",\"@id\":\"https:\\\/\\\/www.notibras.com\\\/site\\\/#\\\/schema\\\/person\\\/36ab0979449956132d3e5b517ea76ac8\",\"name\":\"Reda\u00e7\u00e3o\",\"image\":{\"@type\":\"ImageObject\",\"inLanguage\":\"pt-BR\",\"@id\":\"https:\\\/\\\/secure.gravatar.com\\\/avatar\\\/e0a867bdedb85fd243eadf09663511f96fc81e0720a4a42581f334ad4303aa6b?s=96&d=mm&r=g\",\"url\":\"https:\\\/\\\/secure.gravatar.com\\\/avatar\\\/e0a867bdedb85fd243eadf09663511f96fc81e0720a4a42581f334ad4303aa6b?s=96&d=mm&r=g\",\"contentUrl\":\"https:\\\/\\\/secure.gravatar.com\\\/avatar\\\/e0a867bdedb85fd243eadf09663511f96fc81e0720a4a42581f334ad4303aa6b?s=96&d=mm&r=g\",\"caption\":\"Reda\u00e7\u00e3o\"}}]}<\/script>\n<!-- \/ Yoast SEO plugin. -->","yoast_head_json":{"title":"Desemprego \u00e9 um tumor que precisa ser extirpado logo - Notibras","robots":{"index":"index","follow":"follow","max-snippet":"max-snippet:-1","max-image-preview":"max-image-preview:large","max-video-preview":"max-video-preview:-1"},"canonical":"https:\/\/www.notibras.com\/site\/desemprego-e-tumor-que-precisa-ser-extirpado-logo\/","og_locale":"pt_BR","og_type":"article","og_title":"Desemprego \u00e9 um tumor que precisa ser extirpado logo - Notibras","og_description":"Em medicina, a diferen\u00e7a entre o veneno e o rem\u00e9dio \u00e9 a dosagem. Medica\u00e7\u00e3o em excesso, em vez de curar, mata. \u00c9 o que, por analogia, ocorre no Brasil, no campo das rela\u00e7\u00f5es do trabalho, em que a mais que septuagen\u00e1ria CLT (de 1943) tornou-se, em vez de garantia, obst\u00e1culo \u00e0 expans\u00e3o do emprego. Contratar [&hellip;]","og_url":"https:\/\/www.notibras.com\/site\/desemprego-e-tumor-que-precisa-ser-extirpado-logo\/","og_site_name":"Notibras","article_publisher":"https:\/\/www.facebook.com\/notibras\/","article_published_time":"2017-01-30T23:36:30+00:00","article_modified_time":"2017-01-30T23:39:10+00:00","og_image":[{"width":1280,"height":853,"url":"https:\/\/www.notibras.com\/site\/wp-content\/uploads\/2017\/01\/portal245desemprego.jpg","type":"image\/jpeg"}],"author":"Reda\u00e7\u00e3o","twitter_card":"summary_large_image","twitter_creator":"@Notibras","twitter_site":"@Notibras","twitter_misc":{"Escrito por":"Reda\u00e7\u00e3o","Est. tempo de leitura":"3 minutos"},"schema":{"@context":"https:\/\/schema.org","@graph":[{"@type":"Article","@id":"https:\/\/www.notibras.com\/site\/desemprego-e-tumor-que-precisa-ser-extirpado-logo\/#article","isPartOf":{"@id":"https:\/\/www.notibras.com\/site\/desemprego-e-tumor-que-precisa-ser-extirpado-logo\/"},"author":{"name":"Reda\u00e7\u00e3o","@id":"https:\/\/www.notibras.com\/site\/#\/schema\/person\/36ab0979449956132d3e5b517ea76ac8"},"headline":"Desemprego \u00e9 um tumor que precisa ser extirpado logo","datePublished":"2017-01-30T23:36:30+00:00","dateModified":"2017-01-30T23:39:10+00:00","mainEntityOfPage":{"@id":"https:\/\/www.notibras.com\/site\/desemprego-e-tumor-que-precisa-ser-extirpado-logo\/"},"wordCount":629,"commentCount":0,"publisher":{"@id":"https:\/\/www.notibras.com\/site\/#organization"},"image":{"@id":"https:\/\/www.notibras.com\/site\/desemprego-e-tumor-que-precisa-ser-extirpado-logo\/#primaryimage"},"thumbnailUrl":"https:\/\/www.notibras.com\/site\/wp-content\/uploads\/2017\/01\/portal245desemprego.jpg","articleSection":["Opina a\u00ed"],"inLanguage":"pt-BR","potentialAction":[{"@type":"CommentAction","name":"Comment","target":["https:\/\/www.notibras.com\/site\/desemprego-e-tumor-que-precisa-ser-extirpado-logo\/#respond"]}]},{"@type":"WebPage","@id":"https:\/\/www.notibras.com\/site\/desemprego-e-tumor-que-precisa-ser-extirpado-logo\/","url":"https:\/\/www.notibras.com\/site\/desemprego-e-tumor-que-precisa-ser-extirpado-logo\/","name":"Desemprego \u00e9 um tumor que precisa ser extirpado logo - Notibras","isPartOf":{"@id":"https:\/\/www.notibras.com\/site\/#website"},"primaryImageOfPage":{"@id":"https:\/\/www.notibras.com\/site\/desemprego-e-tumor-que-precisa-ser-extirpado-logo\/#primaryimage"},"image":{"@id":"https:\/\/www.notibras.com\/site\/desemprego-e-tumor-que-precisa-ser-extirpado-logo\/#primaryimage"},"thumbnailUrl":"https:\/\/www.notibras.com\/site\/wp-content\/uploads\/2017\/01\/portal245desemprego.jpg","datePublished":"2017-01-30T23:36:30+00:00","dateModified":"2017-01-30T23:39:10+00:00","breadcrumb":{"@id":"https:\/\/www.notibras.com\/site\/desemprego-e-tumor-que-precisa-ser-extirpado-logo\/#breadcrumb"},"inLanguage":"pt-BR","potentialAction":[{"@type":"ReadAction","target":["https:\/\/www.notibras.com\/site\/desemprego-e-tumor-que-precisa-ser-extirpado-logo\/"]}]},{"@type":"ImageObject","inLanguage":"pt-BR","@id":"https:\/\/www.notibras.com\/site\/desemprego-e-tumor-que-precisa-ser-extirpado-logo\/#primaryimage","url":"https:\/\/www.notibras.com\/site\/wp-content\/uploads\/2017\/01\/portal245desemprego.jpg","contentUrl":"https:\/\/www.notibras.com\/site\/wp-content\/uploads\/2017\/01\/portal245desemprego.jpg","width":1280,"height":853,"caption":"Foto\/Arquivo Notibras"},{"@type":"BreadcrumbList","@id":"https:\/\/www.notibras.com\/site\/desemprego-e-tumor-que-precisa-ser-extirpado-logo\/#breadcrumb","itemListElement":[{"@type":"ListItem","position":1,"name":"In\u00edcio","item":"https:\/\/www.notibras.com\/site\/"},{"@type":"ListItem","position":2,"name":"Desemprego \u00e9 um tumor que precisa ser extirpado logo"}]},{"@type":"WebSite","@id":"https:\/\/www.notibras.com\/site\/#website","url":"https:\/\/www.notibras.com\/site\/","name":"Notibras","description":"Not\u00edcias de Bras\u00edlia, do Brasil e do Mundo","publisher":{"@id":"https:\/\/www.notibras.com\/site\/#organization"},"potentialAction":[{"@type":"SearchAction","target":{"@type":"EntryPoint","urlTemplate":"https:\/\/www.notibras.com\/site\/?s={search_term_string}"},"query-input":{"@type":"PropertyValueSpecification","valueRequired":true,"valueName":"search_term_string"}}],"inLanguage":"pt-BR"},{"@type":"Organization","@id":"https:\/\/www.notibras.com\/site\/#organization","name":"Grupo Notibras de Comunica\u00e7\u00e3o","url":"https:\/\/www.notibras.com\/site\/","logo":{"@type":"ImageObject","inLanguage":"pt-BR","@id":"https:\/\/www.notibras.com\/site\/#\/schema\/logo\/image\/","url":"https:\/\/www.notibras.com\/site\/wp-content\/uploads\/2023\/01\/notibras23.png","contentUrl":"https:\/\/www.notibras.com\/site\/wp-content\/uploads\/2023\/01\/notibras23.png","width":350,"height":87,"caption":"Grupo Notibras de Comunica\u00e7\u00e3o"},"image":{"@id":"https:\/\/www.notibras.com\/site\/#\/schema\/logo\/image\/"},"sameAs":["https:\/\/www.facebook.com\/notibras\/","https:\/\/x.com\/Notibras","https:\/\/www.instagram.com\/notibras\/"]},{"@type":"Person","@id":"https:\/\/www.notibras.com\/site\/#\/schema\/person\/36ab0979449956132d3e5b517ea76ac8","name":"Reda\u00e7\u00e3o","image":{"@type":"ImageObject","inLanguage":"pt-BR","@id":"https:\/\/secure.gravatar.com\/avatar\/e0a867bdedb85fd243eadf09663511f96fc81e0720a4a42581f334ad4303aa6b?s=96&d=mm&r=g","url":"https:\/\/secure.gravatar.com\/avatar\/e0a867bdedb85fd243eadf09663511f96fc81e0720a4a42581f334ad4303aa6b?s=96&d=mm&r=g","contentUrl":"https:\/\/secure.gravatar.com\/avatar\/e0a867bdedb85fd243eadf09663511f96fc81e0720a4a42581f334ad4303aa6b?s=96&d=mm&r=g","caption":"Reda\u00e7\u00e3o"}}]}},"amp_enabled":true,"_links":{"self":[{"href":"https:\/\/www.notibras.com\/site\/wp-json\/wp\/v2\/posts\/127147","targetHints":{"allow":["GET"]}}],"collection":[{"href":"https:\/\/www.notibras.com\/site\/wp-json\/wp\/v2\/posts"}],"about":[{"href":"https:\/\/www.notibras.com\/site\/wp-json\/wp\/v2\/types\/post"}],"author":[{"embeddable":true,"href":"https:\/\/www.notibras.com\/site\/wp-json\/wp\/v2\/users\/2"}],"replies":[{"embeddable":true,"href":"https:\/\/www.notibras.com\/site\/wp-json\/wp\/v2\/comments?post=127147"}],"version-history":[{"count":2,"href":"https:\/\/www.notibras.com\/site\/wp-json\/wp\/v2\/posts\/127147\/revisions"}],"predecessor-version":[{"id":127150,"href":"https:\/\/www.notibras.com\/site\/wp-json\/wp\/v2\/posts\/127147\/revisions\/127150"}],"wp:featuredmedia":[{"embeddable":true,"href":"https:\/\/www.notibras.com\/site\/wp-json\/wp\/v2\/media\/127148"}],"wp:attachment":[{"href":"https:\/\/www.notibras.com\/site\/wp-json\/wp\/v2\/media?parent=127147"}],"wp:term":[{"taxonomy":"category","embeddable":true,"href":"https:\/\/www.notibras.com\/site\/wp-json\/wp\/v2\/categories?post=127147"},{"taxonomy":"post_tag","embeddable":true,"href":"https:\/\/www.notibras.com\/site\/wp-json\/wp\/v2\/tags?post=127147"}],"curies":[{"name":"wp","href":"https:\/\/api.w.org\/{rel}","templated":true}]}}